{"id":39629,"date":"2021-07-30T05:12:57","date_gmt":"2021-07-30T04:12:57","guid":{"rendered":"https:\/\/speyer24news.com\/?p=39629"},"modified":"2021-07-30T05:56:06","modified_gmt":"2021-07-30T04:56:06","slug":"kultur-speyer-11","status":"publish","type":"post","link":"https:\/\/speyer24news.com\/?p=39629","title":{"rendered":"Kultur \/ Speyer"},"content":{"rendered":"<style type=\"text\/css\">\r\n\t.ads_top_disp{}\r\n\t.ads_top_corner_disp{ float:left; margin:0px 10px 10px 0px; }\r\n\t.ads_first_p_disp{}\r\n\t.ads_bottom_disp{}\r\n\t<\/style>\n<h2 class=\"wp-block-heading\">Ernennung der SchUM-St\u00e4tten zum Weltkulturerbe: Kostenfreier Eintritt und F\u00fchrungen im Judenhof am kommenden Wochenende \u2013 Schenkung des Talmuds ans Stadtarchiv<\/h2>\n\n\n\n<div class=\"wp-block-image\"><figure class=\"aligncenter size-large\"><img decoding=\"async\" loading=\"lazy\" width=\"800\" height=\"533\" src=\"https:\/\/speyer24news.com\/wp-content\/uploads\/2021\/07\/Talmud.jpg\" alt=\"\" class=\"wp-image-39630\" srcset=\"https:\/\/speyer24news.com\/wp-content\/uploads\/2021\/07\/Talmud.jpg 800w, https:\/\/speyer24news.com\/wp-content\/uploads\/2021\/07\/Talmud-300x200.jpg 300w, https:\/\/speyer24news.com\/wp-content\/uploads\/2021\/07\/Talmud-768x512.jpg 768w\" sizes=\"(max-width: 800px) 100vw, 800px\" \/><figcaption>Der Theologe Herr Dr. Klaus B\u00fcmlein, Oberkirchenrat in Ruhe,  \u00fcbergab dem Stadtarchiv Speyer eine deutsche Ausgabe des Talmuds. <br><em>Foto: \u00a9 Stadt Speyer<\/em><\/figcaption><\/figure><\/div>\n\n\n\n<p>Die SchUM-St\u00e4tten Speyer, Worms und Mainz sind gestern zum UNESCO-Weltkulturerbe ernannt worden. &nbsp;&nbsp;&nbsp;&nbsp;&nbsp;&nbsp;&nbsp;<br>Die Stadt Speyer und der Verkehrsverein werden aus diesem Grund am kommenden Wochenende den Judenhof f\u00fcr Speyerer B\u00fcrger*innen sowie f\u00fcr Besucher*innen ohne Eintritt \u00f6ffnen.<\/p>\n\n\n\n<p>Dar\u00fcber hinaus werden am Samstag, 31. Juli, und Sonntag, 1. August, jeweils 11.00 Uhr und 16.00 Uhr kostenlose F\u00fchrungen durch das j\u00fcdische Speyer angeboten. F\u00fcr diese Sonderf\u00fchrungen ist eine Anmeldung \u00fcber die Internetseite\u00a0<a href=\"https:\/\/deref-web.de\/mail\/client\/gECIPUSYxvw\/dereferrer\/?redirectUrl=http%3A%2F%2Fwww.speyer.de%2Fveranstaltungen\" target=\"_blank\" rel=\"noreferrer noopener\">www.speyer.de\/veranstaltungen<\/a>\u00a0oder bei der Tourist-Info (06232 14-2392) erforderlich. (<strong>Die kostenlosen Sonderf\u00fchrungen \u201eJ\u00fcdisches Leben in Speyer\u201c am 31. Juli und 1. August sind aufgrund des sehr gro\u00dfen Andrangs bereits ausgebucht. Der kostenfreie Eintritt f\u00fcr den Judenhof am kommenden Wochenende bleibt jedoch weiter bestehen.<\/strong><\/p>\n\n\n\n<p><strong>Die Stadtverwaltung verweist auf die M\u00f6glichkeit, an einer der montags bis freitags jeweils um 11.00 Uhr stattfindenden Welterbest\u00e4tten-F\u00fchrungen teilzunehmen. Die kostenpflichtigen F\u00fchrungen beinhalten beide Welterbest\u00e4tten Speyers: SchUM und Kaiserdom.<\/strong>)<\/p>\n\n\n\n<p>Alle Informationen hierzu finden sich unter\u00a0<a href=\"https:\/\/deref-web.de\/mail\/client\/Y9SD3hwVmAk\/dereferrer\/?redirectUrl=http%3A%2F%2Fwww.pfalz.de%2Fde%2Fveranstaltung%2Fwelterbestaetten-fuehrung\" target=\"_blank\" rel=\"noreferrer noopener\">www.pfalz.de\/de\/veranstaltung\/welterbestaetten-fuehrung<\/a>.<\/p>\n\n\n\n<div class=\"wp-block-image\"><figure class=\"aligncenter size-large\"><img decoding=\"async\" loading=\"lazy\" width=\"800\" height=\"600\" src=\"https:\/\/speyer24news.com\/wp-content\/uploads\/2021\/07\/Judenhof-Nacht.jpg\" alt=\"\" class=\"wp-image-39631\" srcset=\"https:\/\/speyer24news.com\/wp-content\/uploads\/2021\/07\/Judenhof-Nacht.jpg 800w, https:\/\/speyer24news.com\/wp-content\/uploads\/2021\/07\/Judenhof-Nacht-300x225.jpg 300w, https:\/\/speyer24news.com\/wp-content\/uploads\/2021\/07\/Judenhof-Nacht-768x576.jpg 768w, https:\/\/speyer24news.com\/wp-content\/uploads\/2021\/07\/Judenhof-Nacht-678x509.jpg 678w, https:\/\/speyer24news.com\/wp-content\/uploads\/2021\/07\/Judenhof-Nacht-326x245.jpg 326w, https:\/\/speyer24news.com\/wp-content\/uploads\/2021\/07\/Judenhof-Nacht-80x60.jpg 80w\" sizes=\"(max-width: 800px) 100vw, 800px\" \/><\/figure><\/div>\n\n\n\n<p>Au\u00dferdem hat das Kulturb\u00fcro der Stadt Speyer eine kleine Serie von SchUM-Botschaften im Postkartenformat aufgelegt, in denen die \u201eWeisen von SchUM\u201c zu Wort kommen. Die Postkarten werden kostenlos in der Tourist-Info abgegeben.<\/p>\n\n\n\n<p>Vor dem Hintergrund der Bewerbung der SchUM-St\u00e4dte Speyer, Worms und Mainz als Weltkulturerbe \u00fcbergab der Theologe Herr Dr. Klaus B\u00fcmlein, Oberkirchenrat in Ruhe, dem Stadtarchiv Speyer eine deutsche Ausgabe des Talmuds. Diese Schenkung ist eine wertvolle Bereicherung der Judaica-Abteilung der Archivbibliothek, f\u00fcr die das Kulturelle Erbe \u2013 Stadtarchiv Speyer sehr dankbar ist.<\/p>\n\n\n\n<p>Der Talmud ist neben der Tora das wichtigste Buch der j\u00fcdischen Religion. Die Schrift erkl\u00e4rt die 613 Gebote und Verbote des Judentums&nbsp;und gibt Juden&nbsp;damit Antworten auf alle wichtigen Fragen des Lebens. Er enth\u00e4lt z.B. Speisevorschriften.<\/p>\n\n\n\n<h3 class=\"wp-block-heading\">Lesen Sie hierzu auch den Artikel: <a href=\"https:\/\/speyer24news.com\/?p=39523\">Unesco-Welterbe SchUM-St\u00e4tten &#8211; Speyer 24\/7 News (speyer24news.com)<\/a><\/h3>\n\n\n\n<p><em>Stadtverwaltung Speyer<br>30.07.2021<\/em><\/p>\n","protected":false},"excerpt":{"rendered":"<div class=\"mh-excerpt\"><p>Ernennung der SchUM-St\u00e4tten zum Weltkulturerbe: Kostenfreier Eintritt und F\u00fchrungen im Judenhof am kommenden Wochenende \u2013 Schenkung des Talmuds ans Stadtarchiv Die SchUM-St\u00e4tten Speyer, Worms und Mainz sind gestern zum UNESCO-Weltkulturerbe ernannt worden. &nbsp;&nbsp;&nbsp;&nbsp;&nbsp;&nbsp;&nbsp;Die Stadt Speyer <a class=\"mh-excerpt-more\" href=\"https:\/\/speyer24news.com\/?p=39629\" title=\"Kultur \/ Speyer\">[&#8230;]<\/a><\/p>\n<\/div>","protected":false},"author":3,"featured_media":0,"comment_status":"open","ping_status":"open","sticky":false,"template":"","format":"standard","meta":{"_monsterinsights_skip_tracking":false,"_monsterinsights_sitenote_active":false,"_monsterinsights_sitenote_note":"","_monsterinsights_sitenote_category":0,"footnotes":""},"categories":[14,9],"tags":[3370,8384,10939,577,3369,5332,12637,3015,6],"aioseo_notices":[],"amp_enabled":true,"_links":{"self":[{"href":"https:\/\/speyer24news.com\/index.php?rest_route=\/wp\/v2\/posts\/39629"}],"collection":[{"href":"https:\/\/speyer24news.com\/index.php?rest_route=\/wp\/v2\/posts"}],"about":[{"href":"https:\/\/speyer24news.com\/index.php?rest_route=\/wp\/v2\/types\/post"}],"author":[{"embeddable":true,"href":"https:\/\/speyer24news.com\/index.php?rest_route=\/wp\/v2\/users\/3"}],"replies":[{"embeddable":true,"href":"https:\/\/speyer24news.com\/index.php?rest_route=%2Fwp%2Fv2%2Fcomments&post=39629"}],"version-history":[{"count":2,"href":"https:\/\/speyer24news.com\/index.php?rest_route=\/wp\/v2\/posts\/39629\/revisions"}],"predecessor-version":[{"id":39654,"href":"https:\/\/speyer24news.com\/index.php?rest_route=\/wp\/v2\/posts\/39629\/revisions\/39654"}],"wp:attachment":[{"href":"https:\/\/speyer24news.com\/index.php?rest_route=%2Fwp%2Fv2%2Fmedia&parent=39629"}],"wp:term":[{"taxonomy":"category","embeddable":true,"href":"https:\/\/speyer24news.com\/index.php?rest_route=%2Fwp%2Fv2%2Fcategories&post=39629"},{"taxonomy":"post_tag","embeddable":true,"href":"https:\/\/speyer24news.com\/index.php?rest_route=%2Fwp%2Fv2%2Ftags&post=39629"}],"curies":[{"name":"wp","href":"https:\/\/api.w.org\/{rel}","templated":true}]}}