{"id":39652,"date":"2021-07-30T06:06:42","date_gmt":"2021-07-30T05:06:42","guid":{"rendered":"https:\/\/speyer24news.com\/?p=39652"},"modified":"2021-07-30T06:06:42","modified_gmt":"2021-07-30T05:06:42","slug":"speyer-100","status":"publish","type":"post","link":"https:\/\/speyer24news.com\/?p=39652","title":{"rendered":"Speyer"},"content":{"rendered":"<style type=\"text\/css\">\r\n\t.ads_top_disp{}\r\n\t.ads_top_corner_disp{ float:left; margin:0px 10px 10px 0px; }\r\n\t.ads_first_p_disp{}\r\n\t.ads_bottom_disp{}\r\n\t<\/style>\n<h2 class=\"wp-block-heading\">Digital-Treff \u201eF@irNet\u201c beteiligt sich an Aktion zur M\u00fcllbeseitigung \u2013 Treffen finden wieder in Pr\u00e4senz statt<\/h2>\n\n\n\n<div class=\"wp-block-image\"><figure class=\"aligncenter size-large\"><img decoding=\"async\" loading=\"lazy\" width=\"800\" height=\"600\" src=\"https:\/\/speyer24news.com\/wp-content\/uploads\/2021\/07\/Muell-Dreck-Muellsamelung-Dreck-Weg-Tag.jpg\" alt=\"\" class=\"wp-image-39655\" srcset=\"https:\/\/speyer24news.com\/wp-content\/uploads\/2021\/07\/Muell-Dreck-Muellsamelung-Dreck-Weg-Tag.jpg 800w, https:\/\/speyer24news.com\/wp-content\/uploads\/2021\/07\/Muell-Dreck-Muellsamelung-Dreck-Weg-Tag-300x225.jpg 300w, https:\/\/speyer24news.com\/wp-content\/uploads\/2021\/07\/Muell-Dreck-Muellsamelung-Dreck-Weg-Tag-768x576.jpg 768w, https:\/\/speyer24news.com\/wp-content\/uploads\/2021\/07\/Muell-Dreck-Muellsamelung-Dreck-Weg-Tag-678x509.jpg 678w, https:\/\/speyer24news.com\/wp-content\/uploads\/2021\/07\/Muell-Dreck-Muellsamelung-Dreck-Weg-Tag-326x245.jpg 326w, https:\/\/speyer24news.com\/wp-content\/uploads\/2021\/07\/Muell-Dreck-Muellsamelung-Dreck-Weg-Tag-80x60.jpg 80w\" sizes=\"(max-width: 800px) 100vw, 800px\" \/><\/figure><\/div>\n\n\n\n<p>Auf dem Wochenmarkt am <strong>Samstag, 31. Juli 2021 (Festplatz)<\/strong> werden auch Mitglieder des Internet-Treffs F@irNet des st\u00e4dtischen Seniorenb\u00fcros von 9.00 bis 11.00 Uhr vor Ort sein. \u00a0\u00a0\u00a0\u00a0\u00a0<br>An diesem Tag findet eine gemeinsame Aktion des Umweltamts mit den Entsorgungsbetrieben statt. An den St\u00e4nden, an denen von 8.00 bis 12.00 Uhr \u00fcber Mehrwegalternativen \u2013 unter anderem \u00fcber den Mehrwegbecher der Kampagne \u201eBleib deinem Becher treu\u201c \u2013 und Abfallvermeidung informiert wird, stehen au\u00dferdem engagierte Senior*innen des Digital-Treffs als Ansprechpartner*innen f\u00fcr den digitalen M\u00fcll-\/Schadensmelder zur Verf\u00fcgung.<\/p>\n\n\n\n<p>Durch den Schadensmelder\u00a0kann die Stadtverwaltung schnell und einfach \u00fcber Sch\u00e4den oder illegalen M\u00fcll in Kenntnis gesetzt werden.\u00a0\u00a0\u00a0\u00a0\u00a0\u00a0\u00a0\u00a0<br>Der Digitaltreff F@irnet der Stadt Speyer unterst\u00fctzt \u00e4ltere Personen bei einem unbefangeneren Zugang zu den neuen Medien, wie in diesem Fall den digitalen M\u00fcll- oder Schadensmeldungen. So sollen alle an den Vorteilen digitaler M\u00f6glichkeiten teilhaben und Aktionen, wie sich gemeinsam f\u00fcr eine saubere Stadt einzusetzen, unkompliziert und effektiv umsetzen k\u00f6nnen.<\/p>\n\n\n\n<div class=\"wp-block-image\"><figure class=\"aligncenter size-large\"><img decoding=\"async\" loading=\"lazy\" width=\"800\" height=\"533\" src=\"https:\/\/speyer24news.com\/wp-content\/uploads\/2021\/01\/Digitalisierung.jpg\" alt=\"\" class=\"wp-image-32513\" srcset=\"https:\/\/speyer24news.com\/wp-content\/uploads\/2021\/01\/Digitalisierung.jpg 800w, https:\/\/speyer24news.com\/wp-content\/uploads\/2021\/01\/Digitalisierung-300x200.jpg 300w, https:\/\/speyer24news.com\/wp-content\/uploads\/2021\/01\/Digitalisierung-768x512.jpg 768w\" sizes=\"(max-width: 800px) 100vw, 800px\" \/><\/figure><\/div>\n\n\n\n<p>Dar\u00fcber hinaus geben die Ehrenamtlichen des <strong>F@irNet-Treffs<\/strong> in dieser Woche bekannt, dass sich der <strong>Stammtisch ab Donnerstag, 5. August 2021<\/strong> wieder in Pr\u00e4senz treffen kann. Der Stammtisch findet donnerstags zwischen 10 und 12 Uhr in der Ludwigstra\u00dfe 15b statt. \u00a0\u00a0\u00a0\u00a0\u00a0\u00a0\u00a0\u00a0<br>Zudem wird die \u201e<strong>Digital-Hilfe<\/strong>\u201c (Multimedia Sprechstunde) <strong>ab Dienstag, 3. August 2021<\/strong> in der Ludwigstra\u00dfe 15b angeboten. Hier wird Hilfe geboten, wenn es Probleme mit dem PC bzw. Notebook, Smartphone oder Tablet gibt oder etwas Neues ausprobiert werden soll. Die Ger\u00e4te k\u00f6nnen vor Ort mitgebracht werden, eine vorherige Anmeldung zu den Terminen ist nicht notwendig. \u00a0<\/p>\n\n\n\n<p>\u201eIch bin froh, dass der Stammtisch seine regelm\u00e4\u00dfigen Treffen auch in Pr\u00e4senz wieder aufnimmt. Die Hochzeiten der Pandemie waren f\u00fcr viele nicht einfach, denn viele litten auch unter der Einsamkeit, die die zeitweise sehr belastenden Kontaktbeschr\u00e4nkungen mit sich brachten. Der Stammtisch bietet eine M\u00f6glichkeit, seine Kontakte zu pflegen und nat\u00fcrlich, sich \u00fcber Computerwissen auszutauschen und zu diskutieren\u201c, erl\u00e4utert B\u00fcrgermeisterin und Sozialdezernentin Monika Kabs.<\/p>\n\n\n\n<p>\u201eAls Beigeordnete f\u00fcr Digitalisierung ist es f\u00fcr mich immer eine besondere Freude, mich mit den Senioren von Fairnet auszutauschen. Sie sind der&nbsp;Beweis, dass digitale&nbsp;Teilhabe keine&nbsp;Altersbeschr\u00e4nkung kennen muss.&nbsp;Wir haben in unserer Stadt Gl\u00fcck, dass sich die engagierten Senioren so einbringen.&nbsp;M\u00fcllvermeidung&nbsp;und Entsorgung mit Hilfe von&nbsp;digitalen&nbsp;Tools &#8211;&nbsp;von Senioren auf dem Markt&nbsp;erkl\u00e4rt. Das ist cool\u201c, so Sandra Selg. \u201eZudem werden die Tutorinnen und Tutoren der digitalen Hilfe&nbsp;in n\u00e4chster Zeit einen Tablet-Kurs anbieten und somit erm\u00f6glichen, dass Interessierte den jeweiligen Nutzen eines solchen Ger\u00e4ts bed\u00fcrfnisorientiert erkunden k\u00f6nnen.\u201c<\/p>\n\n\n\n<p>Wer Lust und Interesse\u00a0hat, sich bei F@irNet einzubringen, kann sich direkt \u00fcber das Seniorenb\u00fcro der Stadt Speyer unter der Nummer 06232 14-2661\u00a0melden.<\/p>\n\n\n\n<p><em>Stadtverwaltung Speyer<br>30.07.2021<\/em><\/p>\n","protected":false},"excerpt":{"rendered":"<div class=\"mh-excerpt\"><p>Digital-Treff \u201eF@irNet\u201c beteiligt sich an Aktion zur M\u00fcllbeseitigung \u2013 Treffen finden wieder in Pr\u00e4senz statt Auf dem Wochenmarkt am Samstag, 31. Juli 2021 (Festplatz) werden auch Mitglieder des Internet-Treffs F@irNet des st\u00e4dtischen Seniorenb\u00fcros von 9.00 <a class=\"mh-excerpt-more\" href=\"https:\/\/speyer24news.com\/?p=39652\" title=\"Speyer\">[&#8230;]<\/a><\/p>\n<\/div>","protected":false},"author":3,"featured_media":23902,"comment_status":"open","ping_status":"open","sticky":false,"template":"","format":"standard","meta":{"_monsterinsights_skip_tracking":false,"_monsterinsights_sitenote_active":false,"_monsterinsights_sitenote_note":"","_monsterinsights_sitenote_category":0,"footnotes":""},"categories":[9],"tags":[12643,934,8520,12645,12644,6],"aioseo_notices":[],"amp_enabled":true,"_links":{"self":[{"href":"https:\/\/speyer24news.com\/index.php?rest_route=\/wp\/v2\/posts\/39652"}],"collection":[{"href":"https:\/\/speyer24news.com\/index.php?rest_route=\/wp\/v2\/posts"}],"about":[{"href":"https:\/\/speyer24news.com\/index.php?rest_route=\/wp\/v2\/types\/post"}],"author":[{"embeddable":true,"href":"https:\/\/speyer24news.com\/index.php?rest_route=\/wp\/v2\/users\/3"}],"replies":[{"embeddable":true,"href":"https:\/\/speyer24news.com\/index.php?rest_route=%2Fwp%2Fv2%2Fcomments&post=39652"}],"version-history":[{"count":1,"href":"https:\/\/speyer24news.com\/index.php?rest_route=\/wp\/v2\/posts\/39652\/revisions"}],"predecessor-version":[{"id":39657,"href":"https:\/\/speyer24news.com\/index.php?rest_route=\/wp\/v2\/posts\/39652\/revisions\/39657"}],"wp:featuredmedia":[{"embeddable":true,"href":"https:\/\/speyer24news.com\/index.php?rest_route=\/wp\/v2\/media\/23902"}],"wp:attachment":[{"href":"https:\/\/speyer24news.com\/index.php?rest_route=%2Fwp%2Fv2%2Fmedia&parent=39652"}],"wp:term":[{"taxonomy":"category","embeddable":true,"href":"https:\/\/speyer24news.com\/index.php?rest_route=%2Fwp%2Fv2%2Fcategories&post=39652"},{"taxonomy":"post_tag","embeddable":true,"href":"https:\/\/speyer24news.com\/index.php?rest_route=%2Fwp%2Fv2%2Ftags&post=39652"}],"curies":[{"name":"wp","href":"https:\/\/api.w.org\/{rel}","templated":true}]}}