{"id":39658,"date":"2021-07-30T06:14:00","date_gmt":"2021-07-30T05:14:00","guid":{"rendered":"https:\/\/speyer24news.com\/?p=39658"},"modified":"2021-07-30T06:14:02","modified_gmt":"2021-07-30T05:14:02","slug":"stadtnotizen-verkehrsnotizen-aus-speyer-43","status":"publish","type":"post","link":"https:\/\/speyer24news.com\/?p=39658","title":{"rendered":"Stadtnotizen &#038; Verkehrsnotizen aus Speyer"},"content":{"rendered":"<style type=\"text\/css\">\r\n\t.ads_top_disp{}\r\n\t.ads_top_corner_disp{ float:left; margin:0px 10px 10px 0px; }\r\n\t.ads_first_p_disp{}\r\n\t.ads_bottom_disp{}\r\n\t<\/style>\n<h1 class=\"has-text-align-center wp-block-heading\">Stadtnotiz<\/h1>\n\n\n\n<div class=\"wp-block-image\"><figure class=\"aligncenter size-large\"><img decoding=\"async\" loading=\"lazy\" width=\"800\" height=\"600\" src=\"https:\/\/speyer24news.com\/wp-content\/uploads\/2020\/01\/Speyer-Stadtnachrichten-2.jpg\" alt=\"\" class=\"wp-image-23901\" srcset=\"https:\/\/speyer24news.com\/wp-content\/uploads\/2020\/01\/Speyer-Stadtnachrichten-2.jpg 800w, https:\/\/speyer24news.com\/wp-content\/uploads\/2020\/01\/Speyer-Stadtnachrichten-2-300x225.jpg 300w, https:\/\/speyer24news.com\/wp-content\/uploads\/2020\/01\/Speyer-Stadtnachrichten-2-768x576.jpg 768w, https:\/\/speyer24news.com\/wp-content\/uploads\/2020\/01\/Speyer-Stadtnachrichten-2-678x509.jpg 678w, https:\/\/speyer24news.com\/wp-content\/uploads\/2020\/01\/Speyer-Stadtnachrichten-2-326x245.jpg 326w, https:\/\/speyer24news.com\/wp-content\/uploads\/2020\/01\/Speyer-Stadtnachrichten-2-80x60.jpg 80w\" sizes=\"(max-width: 800px) 100vw, 800px\" \/><\/figure><\/div>\n\n\n\n<h2 class=\"wp-block-heading\">Beide B\u00fcrgerb\u00fcros ab 10. August wieder tageweise f\u00fcr den Kundenverkehr ge\u00f6ffnet<\/h2>\n\n\n\n<h3 class=\"wp-block-heading\">Online-Terminvergabe im B\u00fcrgerb\u00fcro II (Industriestra\u00dfe)<\/h3>\n\n\n\n<div class=\"wp-block-image\"><figure class=\"aligncenter size-large\"><img decoding=\"async\" loading=\"lazy\" width=\"800\" height=\"600\" src=\"https:\/\/speyer24news.com\/wp-content\/uploads\/2021\/03\/B\u00fcrgerb\u00fcro-Maximilian-Speyer.jpg\" alt=\"\" class=\"wp-image-34500\" srcset=\"https:\/\/speyer24news.com\/wp-content\/uploads\/2021\/03\/B\u00fcrgerb\u00fcro-Maximilian-Speyer.jpg 800w, https:\/\/speyer24news.com\/wp-content\/uploads\/2021\/03\/B\u00fcrgerb\u00fcro-Maximilian-Speyer-300x225.jpg 300w, https:\/\/speyer24news.com\/wp-content\/uploads\/2021\/03\/B\u00fcrgerb\u00fcro-Maximilian-Speyer-768x576.jpg 768w, https:\/\/speyer24news.com\/wp-content\/uploads\/2021\/03\/B\u00fcrgerb\u00fcro-Maximilian-Speyer-678x509.jpg 678w, https:\/\/speyer24news.com\/wp-content\/uploads\/2021\/03\/B\u00fcrgerb\u00fcro-Maximilian-Speyer-326x245.jpg 326w, https:\/\/speyer24news.com\/wp-content\/uploads\/2021\/03\/B\u00fcrgerb\u00fcro-Maximilian-Speyer-80x60.jpg 80w\" sizes=\"(max-width: 800px) 100vw, 800px\" \/><\/figure><\/div>\n\n\n\n<p>An ausgew\u00e4hlten Wochentagen und Zeiten k\u00f6nnen B\u00fcrger*innen in den beiden B\u00fcrgerb\u00fcros der Stadtverwaltung Speyer zu folgenden Zeiten wieder ohne vorherige Terminabsprache vorsprechen:<\/p>\n\n\n\n<ul><li><strong>dienstags von 7.30 bis 15.00 Uhr<\/strong><\/li><li><strong>mittwochs von 7.30 bis 12.00 Uhr<\/strong><\/li><\/ul>\n\n\n\n<p>Die Stadtverwaltung empfiehlt f\u00fcr diese Tage eine fr\u00fchzeitige Vorsprache, da es je nach Andrang und Personalanwesenheit es zu einem Annahmestopp bzw. l\u00e4ngeren Wartezeiten kommen kann. &nbsp;<\/p>\n\n\n\n<p>F\u00fcr die restlichen Wochentage Montag, Donnerstag und Freitag ist eine Vorsprache weiterhin nur mit vorab vereinbarten Terminen vorgesehen.<br>Um den B\u00fcrger*innen das Vereinbaren von Terminen zu erleichtern, wurde im Fr\u00fchjahr 2021 die Online-Terminvergabe im B\u00fcrgerb\u00fcro I (Maximilianstra\u00dfe) eingef\u00fchrt. Nun ist es auch im B\u00fcrgerb\u00fcro Industriestra\u00dfe m\u00f6glich, Termine f\u00fcr den Zeitraum ab Montag, 2. August 2021 unter&nbsp;<a href=\"https:\/\/deref-web.de\/mail\/client\/IcCFx51CTEk\/dereferrer\/?redirectUrl=http%3A%2F%2Fwww.speyer.de%2Ftermine\" target=\"_blank\" rel=\"noreferrer noopener\">www.speyer.de\/termine<\/a>&nbsp;zu buchen. &nbsp;&nbsp;&nbsp;&nbsp;&nbsp;&nbsp;<br>Alternativ ist eine telefonische Terminvereinbarung unter 06232 14-1333 (B\u00fcrgerb\u00fcro Maximilianstra\u00dfe 94) bzw. 06232 14-1334 (B\u00fcrgerb\u00fcro Industriestra\u00dfe&nbsp;23) oder eine Kontaktaufnahme per E-Mail an&nbsp;<a href=\"mailto:buergerbuero@stadt-speyer.de\" target=\"_blank\" rel=\"noreferrer noopener\">buergerbuero@stadt-speyer.de<\/a>&nbsp;m\u00f6glich.<\/p>\n\n\n\n<p>Gerade im Hinblick auf ablaufende Ausweisdokumente oder auch ablaufende Bewohnerparkausweise bittet die Stadtverwaltung um m\u00f6glichst fr\u00fchzeitige Terminvereinbarung.<\/p>\n\n\n\n<p>B\u00fcrger*innen, die einen Termin vereinbart haben, diesen aber nicht mehr wahrnehmen m\u00f6chten, werden gebeten, ihre Termine rechtzeitig abzusagen, damit diese wieder f\u00fcr anderen B\u00fcrger*innen freigegeben werden k\u00f6nnen.<\/p>\n\n\n\n<p><em>Text: Stadtverwaltung Speyer Foto: Speyer 24\/7 News<br>30.07.2021<\/em><\/p>\n\n\n\n<h1 class=\"has-text-align-center wp-block-heading\">Verkehrsnotiz<\/h1>\n\n\n\n<div class=\"wp-block-image\"><figure class=\"aligncenter size-large\"><img decoding=\"async\" loading=\"lazy\" width=\"800\" height=\"565\" src=\"https:\/\/speyer24news.com\/wp-content\/uploads\/2020\/01\/Baustelle-2.jpg\" alt=\"\" class=\"wp-image-23900\" srcset=\"https:\/\/speyer24news.com\/wp-content\/uploads\/2020\/01\/Baustelle-2.jpg 800w, https:\/\/speyer24news.com\/wp-content\/uploads\/2020\/01\/Baustelle-2-300x212.jpg 300w, https:\/\/speyer24news.com\/wp-content\/uploads\/2020\/01\/Baustelle-2-768x542.jpg 768w\" sizes=\"(max-width: 800px) 100vw, 800px\" \/><\/figure><\/div>\n\n\n\n<h2 class=\"wp-block-heading\">Ludwigstra\u00dfe gesperrt<\/h2>\n\n\n\n<p>Aufgrund von privaten Kranarbeiten wird die Ludwigstra\u00dfe auf H\u00f6he der Hausnummer 55, zwischen der Hilgardstra\u00dfe und der Slevogtstra\u00dfe, am <strong>2. August 2021 von 13.00 bis 15.00 Uhr<\/strong> f\u00fcr den Durchgangsverkehr gesperrt. F\u00fcr die Dauer der Ma\u00dfnahme wird die Ludwigstra\u00dfe beidseitig als Sackgasse ausgewiesen.<\/p>\n\n\n\n<p>F\u00fcr R\u00fcckfragen steht die Stra\u00dfenverkehrsbeh\u00f6rde unter der Rufnummer 14-2938 zur Verf\u00fcgung.<\/p>\n\n\n\n<p><em>Stadtverwaltung Speyer<br>30.07.2021<\/em><\/p>\n","protected":false},"excerpt":{"rendered":"<div class=\"mh-excerpt\"><p>Stadtnotiz Beide B\u00fcrgerb\u00fcros ab 10. August wieder tageweise f\u00fcr den Kundenverkehr ge\u00f6ffnet Online-Terminvergabe im B\u00fcrgerb\u00fcro II (Industriestra\u00dfe) An ausgew\u00e4hlten Wochentagen und Zeiten k\u00f6nnen B\u00fcrger*innen in den beiden B\u00fcrgerb\u00fcros der Stadtverwaltung Speyer zu folgenden Zeiten wieder <a class=\"mh-excerpt-more\" href=\"https:\/\/speyer24news.com\/?p=39658\" title=\"Stadtnotizen &#038; Verkehrsnotizen aus Speyer\">[&#8230;]<\/a><\/p>\n<\/div>","protected":false},"author":3,"featured_media":23902,"comment_status":"open","ping_status":"open","sticky":false,"template":"","format":"standard","meta":{"_monsterinsights_skip_tracking":false,"_monsterinsights_sitenote_active":false,"_monsterinsights_sitenote_note":"","_monsterinsights_sitenote_category":0,"footnotes":""},"categories":[47],"tags":[639,12646,6,657,1296,658,1114],"aioseo_notices":[],"amp_enabled":true,"_links":{"self":[{"href":"https:\/\/speyer24news.com\/index.php?rest_route=\/wp\/v2\/posts\/39658"}],"collection":[{"href":"https:\/\/speyer24news.com\/index.php?rest_route=\/wp\/v2\/posts"}],"about":[{"href":"https:\/\/speyer24news.com\/index.php?rest_route=\/wp\/v2\/types\/post"}],"author":[{"embeddable":true,"href":"https:\/\/speyer24news.com\/index.php?rest_route=\/wp\/v2\/users\/3"}],"replies":[{"embeddable":true,"href":"https:\/\/speyer24news.com\/index.php?rest_route=%2Fwp%2Fv2%2Fcomments&post=39658"}],"version-history":[{"count":1,"href":"https:\/\/speyer24news.com\/index.php?rest_route=\/wp\/v2\/posts\/39658\/revisions"}],"predecessor-version":[{"id":39659,"href":"https:\/\/speyer24news.com\/index.php?rest_route=\/wp\/v2\/posts\/39658\/revisions\/39659"}],"wp:featuredmedia":[{"embeddable":true,"href":"https:\/\/speyer24news.com\/index.php?rest_route=\/wp\/v2\/media\/23902"}],"wp:attachment":[{"href":"https:\/\/speyer24news.com\/index.php?rest_route=%2Fwp%2Fv2%2Fmedia&parent=39658"}],"wp:term":[{"taxonomy":"category","embeddable":true,"href":"https:\/\/speyer24news.com\/index.php?rest_route=%2Fwp%2Fv2%2Fcategories&post=39658"},{"taxonomy":"post_tag","embeddable":true,"href":"https:\/\/speyer24news.com\/index.php?rest_route=%2Fwp%2Fv2%2Ftags&post=39658"}],"curies":[{"name":"wp","href":"https:\/\/api.w.org\/{rel}","templated":true}]}}