{"id":39663,"date":"2021-07-30T06:29:18","date_gmt":"2021-07-30T05:29:18","guid":{"rendered":"https:\/\/speyer24news.com\/?p=39663"},"modified":"2021-07-30T06:29:20","modified_gmt":"2021-07-30T05:29:20","slug":"corona-speyer-71","status":"publish","type":"post","link":"https:\/\/speyer24news.com\/?p=39663","title":{"rendered":"Corona Speyer"},"content":{"rendered":"<style type=\"text\/css\">\r\n\t.ads_top_disp{}\r\n\t.ads_top_corner_disp{ float:left; margin:0px 10px 10px 0px; }\r\n\t.ads_first_p_disp{}\r\n\t.ads_bottom_disp{}\r\n\t<\/style>\n<h2 class=\"wp-block-heading\">Tagesaktuelle Fallzahlen f\u00fcr die Stadt Speyer vom Donnerstag (29.07.2021)<\/h2>\n\n\n\n<div class=\"wp-block-image\"><figure class=\"aligncenter\"><img decoding=\"async\" loading=\"lazy\" width=\"800\" height=\"400\" src=\"https:\/\/speyer24news.com\/wp-content\/uploads\/2020\/05\/virus-1812092_1920.jpg\" alt=\"\" class=\"wp-image-26778\" srcset=\"https:\/\/speyer24news.com\/wp-content\/uploads\/2020\/05\/virus-1812092_1920.jpg 800w, https:\/\/speyer24news.com\/wp-content\/uploads\/2020\/05\/virus-1812092_1920-300x150.jpg 300w, https:\/\/speyer24news.com\/wp-content\/uploads\/2020\/05\/virus-1812092_1920-768x384.jpg 768w\" sizes=\"(max-width: 800px) 100vw, 800px\" \/><\/figure><\/div>\n\n\n\n<p>Anzahl best\u00e4tigter F\u00e4lle von Coronavirus (SARS-CoV-2)-Infektionen in der Stadt Speyer:\u00a02886 ( unver\u00e4ndert )<br>Davon bereits genesen:\u00a02777<br>Todesf\u00e4lle: 84 ( unver\u00e4ndert )<br>Gemeldete F\u00e4lle der letzten sieben Tage pro 100.000 Einwohner*innen (Inzidenz gem\u00e4\u00df LUA): 5,9 ( &#8211; 4 )<\/p>\n\n\n\n<p><em>Landesuntersuchungsamt (LUA) Rheinland-Pfalz<br>30.07.2021<\/em><\/p>\n\n\n\n<h2 class=\"wp-block-heading\"><strong>Entwicklung des Inzidenzwerts in den letzten sieben Tagen in Speyer<\/strong><\/h2>\n\n\n\n<div class=\"wp-block-image\"><figure class=\"aligncenter\"><img decoding=\"async\" loading=\"lazy\" width=\"800\" height=\"533\" src=\"https:\/\/speyer24news.com\/wp-content\/uploads\/2020\/02\/coronavirus-4810201_1920.jpg\" alt=\"\" class=\"wp-image-25125\" srcset=\"https:\/\/speyer24news.com\/wp-content\/uploads\/2020\/02\/coronavirus-4810201_1920.jpg 800w, https:\/\/speyer24news.com\/wp-content\/uploads\/2020\/02\/coronavirus-4810201_1920-300x200.jpg 300w, https:\/\/speyer24news.com\/wp-content\/uploads\/2020\/02\/coronavirus-4810201_1920-768x512.jpg 768w\" sizes=\"(max-width: 800px) 100vw, 800px\" \/><\/figure><\/div>\n\n\n\n<figure class=\"wp-block-table\"><table><tbody><tr><td>Donnerstag, 29. Juli 2021<\/td><td>5,9<\/td><\/tr><tr><td>Mittwoch, 28. Juli 2021<\/td><td>9,9<\/td><\/tr><tr><td>Dienstag, 27. Juli 2021<\/td><td>11,9<\/td><\/tr><tr><td>Montag, 26. Juli 2021<\/td><td>15,8<\/td><\/tr><tr><td>Sonntag, 25. Juli 2021<\/td><td>11,9<\/td><\/tr><tr><td>Samstag, 24. Juli 2021<\/td><td>15,8<\/td><\/tr><tr><td>Freitag, 23. Juli 2021<\/td><td>23,7<\/td><\/tr><\/tbody><\/table><\/figure>\n\n\n\n<p><em>Robert-Koch-Institut (RKI)<br>30.07.2021<\/em><\/p>\n\n\n\n<h2 class=\"wp-block-heading\">Impfzentrum: Impfen ohne Terminvereinbarung im August \u2013 Oberb\u00fcrgermeisterin erfreut \u00fcber hohe Impfquote<\/h2>\n\n\n\n<div class=\"wp-block-image\"><figure class=\"aligncenter size-large\"><img decoding=\"async\" loading=\"lazy\" width=\"375\" height=\"375\" src=\"https:\/\/speyer24news.com\/wp-content\/uploads\/2019\/12\/Stefanie-Seiler-SPD.jpg\" alt=\"\" class=\"wp-image-22888\" srcset=\"https:\/\/speyer24news.com\/wp-content\/uploads\/2019\/12\/Stefanie-Seiler-SPD.jpg 375w, https:\/\/speyer24news.com\/wp-content\/uploads\/2019\/12\/Stefanie-Seiler-SPD-150x150.jpg 150w, https:\/\/speyer24news.com\/wp-content\/uploads\/2019\/12\/Stefanie-Seiler-SPD-300x300.jpg 300w\" sizes=\"(max-width: 375px) 100vw, 375px\" \/><\/figure><\/div>\n\n\n\n<p>Von der Gesamtbev\u00f6lkerung haben in Speyer mittlerweile 62,65 Prozent den vollen Impfschutz erhalten. Mit einer Impfquote von 74,6 Prozent der vollst\u00e4ndig geimpften B\u00fcrger*innen \u00fcber 18 Jahren ist Speyer Spitzenreiter im Land Rheinland-Pfalz. Das zeigt das Impfquotenmonitoring des Landes vom 26. Juli 2021.&nbsp;<\/p>\n\n\n\n<p>\u201eDass Speyer derzeit Vorreiter bei den Corona-Schutzimpfungen ist, freut mich besonders\u201c, so Oberb\u00fcrgermeisterin Stefanie Seiler. \u201eDenn das zeigt, dass wir in unserer Stadt eine sehr hohe Impfbereitschaft und Solidarit\u00e4t haben, nicht nur sich selbst, sondern auch andere vor einer Infektion bestm\u00f6glich zu sch\u00fctzen.\u201c<\/p>\n\n\n\n<p>\u201eInsbesondere die hohe Impfquote bei den \u00fcber 80-J\u00e4hrigen ist immens wichtig, da die vulnerable Gruppe ein erh\u00f6htes Risiko eines schweren Krankheitsverlaufs tr\u00e4gt und daher auch einen erh\u00f6hten Schutz bedarf\u201c, erl\u00e4utert B\u00fcrgermeisterin und Sozialdezernentin Monika Kabs. So haben 83,57 Prozent der Menschen zwischen 80 und 84 Jahren sowie 77,54 Prozent der 85- bis 89-J\u00e4hrigen den vollen Impfschutz erhalten.<\/p>\n\n\n\n<div class=\"wp-block-image\"><figure class=\"aligncenter size-large\"><img decoding=\"async\" loading=\"lazy\" width=\"800\" height=\"533\" src=\"https:\/\/speyer24news.com\/wp-content\/uploads\/2020\/11\/vaccination-2722937_1920.jpg\" alt=\"\" class=\"wp-image-31275\" srcset=\"https:\/\/speyer24news.com\/wp-content\/uploads\/2020\/11\/vaccination-2722937_1920.jpg 800w, https:\/\/speyer24news.com\/wp-content\/uploads\/2020\/11\/vaccination-2722937_1920-300x200.jpg 300w, https:\/\/speyer24news.com\/wp-content\/uploads\/2020\/11\/vaccination-2722937_1920-768x512.jpg 768w\" sizes=\"(max-width: 800px) 100vw, 800px\" \/><\/figure><\/div>\n\n\n\n<p>Das Monitoring l\u00e4sst seit diesem Monat statistisch gest\u00fctzte R\u00fcckschl\u00fcsse \u00fcber die tats\u00e4chliche H\u00f6he der Impfquote in Speyer sowie eine Klassifizierung nach Altersklassen zu, da auch B\u00fcrger*innen erfasst werden, die zwar in Speyer wohnhaft, aber au\u00dferhalb geimpft wurden. F\u00fcr eine weiterhin bestehende statistische Unsch\u00e4rfe sorgen allerdings die Daten der Kassen\u00e4rztlichen Vereinigung.<\/p>\n\n\n\n<p>\u201eMit der hohen Impfquote haben wir zwar eine positive Ausgangslage, allerdings reicht diese, wie Wissenschaft und Medizin immer wieder betonen, bei weitem nicht aus, um sicher durch die zweite Jahresh\u00e4lfte zu kommen\u201c, gibt die Stadtchefin zu bedenken. \u201eDaher appelliere ich nochmals an alle, die bisher noch nicht \u00fcber einen Impfschutz verf\u00fcgen: Lassen Sie sich impfen und tragen Sie so dazu bei, dass wir im Herbst nicht die gleichen Einschr\u00e4nkungen erfahren m\u00fcssen wie im letzten Jahr. Wir alle haben den weiteren Verlauf der Pandemie ma\u00dfgeblich selbst in der Hand und das beste Gegenmittel ist die Schutzimpfung.\u201c<\/p>\n\n\n\n<h3 class=\"wp-block-heading\">(Pop-up-)Impfzentrum vom 2. bis 22. August ohne Terminvergabe<\/h3>\n\n\n\n<div class=\"wp-block-image\"><figure class=\"aligncenter size-large\"><img decoding=\"async\" loading=\"lazy\" width=\"800\" height=\"492\" src=\"https:\/\/speyer24news.com\/wp-content\/uploads\/2020\/11\/vaccine-4948463_1920.jpg\" alt=\"\" class=\"wp-image-31277\" srcset=\"https:\/\/speyer24news.com\/wp-content\/uploads\/2020\/11\/vaccine-4948463_1920.jpg 800w, https:\/\/speyer24news.com\/wp-content\/uploads\/2020\/11\/vaccine-4948463_1920-300x185.jpg 300w, https:\/\/speyer24news.com\/wp-content\/uploads\/2020\/11\/vaccine-4948463_1920-768x472.jpg 768w\" sizes=\"(max-width: 800px) 100vw, 800px\" \/><\/figure><\/div>\n\n\n\n<p>Neben der generellen Impfbereitschaft haben auch die fr\u00fchzeitige Einbeziehung von Haus- und Betriebs\u00e4rzten in die Impfkampagne der Stadt sowie zahlreiche Sonderimpfaktionen zur hohen Impfquote der Stadt beigetragen.<br>Daher sind auch k\u00fcnftig weitere, niedrigschwellige Angebote geplant:<\/p>\n\n\n\n<p>So etabliert die Stadt in Zusammenarbeit mit dem DRK Kreisverband Speyer am Freitag, 6. August 2021 und Samstag, 7. August 2021 auf dem Festplatz und Berliner Platz ein Pop-up-Impfzentrum. Zum \u201eOffenen Impfen\u201c sind alle deutschen Staatsangeh\u00f6rigen, unabh\u00e4ngig von ihrem Wohnsitz, eingeladen und k\u00f6nnen sich an diesen beiden Tagen zwischen 9 und 12 Uhr ohne vorherige Terminvereinbarung impfen lassen.<\/p>\n\n\n\n<p>Des Weiteren wird es ab dem 2. August 2021 zun\u00e4chst bis zum 22. August f\u00fcr alle Bundesb\u00fcrger*innen m\u00f6glich sein, ohne Terminvereinbarung f\u00fcr eine Impfung direkt zum Impfzentrum zu kommen. Das Impfzentrum ist ab kommender Woche von Montag bis Freitag von 9.00 bis 17.00 Uhr ge\u00f6ffnet; je nach Nachfrage werden die \u00d6ffnungszeiten entsprechend angepasst. Geimpft wird das Vakzin von Biontech\/Pfizer; der Zweittermin findet vier Wochen sp\u00e4ter statt.<br>Impfwillige werden gebeten, ihren Personalausweis oder Reisepass und wenn m\u00f6glich, auch den Impfpass und die Krankenkassenkarte mitzubringen.<\/p>\n\n\n\n<h4 class=\"wp-block-heading\">Lesen sie auch hier die Impfdokumentation, des Landes Rheinland-Pfalz, als pdf: <\/h4>\n\n\n\n<div class=\"wp-block-file\"><a href=\"https:\/\/speyer24news.com\/wp-content\/uploads\/2021\/07\/2021-07-26_IQM_IZ_Speyer.pdf\">2021-07-26_IQM_IZ_Speyer<\/a><a href=\"https:\/\/speyer24news.com\/wp-content\/uploads\/2021\/07\/2021-07-26_IQM_IZ_Speyer.pdf\" class=\"wp-block-file__button\" download>Herunterladen<\/a><\/div>\n\n\n\n<p><em>Text &amp; Foto: Stadtverwaltung Speyer PDF: Impfdokumentation Rheinland-Pfalz<br>30.07.2021<\/em><\/p>\n","protected":false},"excerpt":{"rendered":"<div class=\"mh-excerpt\"><p>Tagesaktuelle Fallzahlen f\u00fcr die Stadt Speyer vom Donnerstag (29.07.2021) Anzahl best\u00e4tigter F\u00e4lle von Coronavirus (SARS-CoV-2)-Infektionen in der Stadt Speyer:\u00a02886 ( unver\u00e4ndert )Davon bereits genesen:\u00a02777Todesf\u00e4lle: 84 ( unver\u00e4ndert )Gemeldete F\u00e4lle der letzten sieben Tage pro 100.000 <a class=\"mh-excerpt-more\" href=\"https:\/\/speyer24news.com\/?p=39663\" title=\"Corona Speyer\">[&#8230;]<\/a><\/p>\n<\/div>","protected":false},"author":3,"featured_media":25126,"comment_status":"open","ping_status":"open","sticky":false,"template":"","format":"standard","meta":{"_monsterinsights_skip_tracking":false,"_monsterinsights_sitenote_active":false,"_monsterinsights_sitenote_note":"","_monsterinsights_sitenote_category":0,"footnotes":""},"categories":[11613],"tags":[6401,8404,8844,9169,6367,9176,9247,6940,6359,6370,5904,6358,7003,5801,6342,9144,11269,11270,12647,6],"aioseo_notices":[],"amp_enabled":true,"_links":{"self":[{"href":"https:\/\/speyer24news.com\/index.php?rest_route=\/wp\/v2\/posts\/39663"}],"collection":[{"href":"https:\/\/speyer24news.com\/index.php?rest_route=\/wp\/v2\/posts"}],"about":[{"href":"https:\/\/speyer24news.com\/index.php?rest_route=\/wp\/v2\/types\/post"}],"author":[{"embeddable":true,"href":"https:\/\/speyer24news.com\/index.php?rest_route=\/wp\/v2\/users\/3"}],"replies":[{"embeddable":true,"href":"https:\/\/speyer24news.com\/index.php?rest_route=%2Fwp%2Fv2%2Fcomments&post=39663"}],"version-history":[{"count":1,"href":"https:\/\/speyer24news.com\/index.php?rest_route=\/wp\/v2\/posts\/39663\/revisions"}],"predecessor-version":[{"id":39666,"href":"https:\/\/speyer24news.com\/index.php?rest_route=\/wp\/v2\/posts\/39663\/revisions\/39666"}],"wp:featuredmedia":[{"embeddable":true,"href":"https:\/\/speyer24news.com\/index.php?rest_route=\/wp\/v2\/media\/25126"}],"wp:attachment":[{"href":"https:\/\/speyer24news.com\/index.php?rest_route=%2Fwp%2Fv2%2Fmedia&parent=39663"}],"wp:term":[{"taxonomy":"category","embeddable":true,"href":"https:\/\/speyer24news.com\/index.php?rest_route=%2Fwp%2Fv2%2Fcategories&post=39663"},{"taxonomy":"post_tag","embeddable":true,"href":"https:\/\/speyer24news.com\/index.php?rest_route=%2Fwp%2Fv2%2Ftags&post=39663"}],"curies":[{"name":"wp","href":"https:\/\/api.w.org\/{rel}","templated":true}]}}