{"id":39699,"date":"2021-07-31T10:40:21","date_gmt":"2021-07-31T09:40:21","guid":{"rendered":"https:\/\/speyer24news.com\/?p=39699"},"modified":"2021-07-31T10:40:23","modified_gmt":"2021-07-31T09:40:23","slug":"historischen-museum-der-pfalz-speyer","status":"publish","type":"post","link":"https:\/\/speyer24news.com\/?p=39699","title":{"rendered":"Historischen Museum der Pfalz Speyer"},"content":{"rendered":"<style type=\"text\/css\">\r\n\t.ads_top_disp{}\r\n\t.ads_top_corner_disp{ float:left; margin:0px 10px 10px 0px; }\r\n\t.ads_first_p_disp{}\r\n\t.ads_bottom_disp{}\r\n\t<\/style>\n<div class=\"wp-block-image\"><figure class=\"aligncenter size-large\"><img decoding=\"async\" loading=\"lazy\" width=\"678\" height=\"213\" src=\"https:\/\/speyer24news.com\/wp-content\/uploads\/2020\/12\/Historisches-Museum-Speyer-Logo-678x213.png\" alt=\"\" class=\"wp-image-31878\" srcset=\"https:\/\/speyer24news.com\/wp-content\/uploads\/2020\/12\/Historisches-Museum-Speyer-Logo-678x213.png 678w, https:\/\/speyer24news.com\/wp-content\/uploads\/2020\/12\/Historisches-Museum-Speyer-Logo-678x213-300x94.png 300w\" sizes=\"(max-width: 678px) 100vw, 678px\" \/><\/figure><\/div>\n\n\n\n<h2 class=\"wp-block-heading\">Zuwachs im Historischen Museum der Pfalz<\/h2>\n\n\n\n<div class=\"wp-block-image\"><figure class=\"aligncenter size-large\"><img decoding=\"async\" loading=\"lazy\" width=\"800\" height=\"533\" src=\"https:\/\/speyer24news.com\/wp-content\/uploads\/2021\/07\/TKronsfoth_AJochim-1.jpg\" alt=\"\" class=\"wp-image-39703\" srcset=\"https:\/\/speyer24news.com\/wp-content\/uploads\/2021\/07\/TKronsfoth_AJochim-1.jpg 800w, https:\/\/speyer24news.com\/wp-content\/uploads\/2021\/07\/TKronsfoth_AJochim-1-300x200.jpg 300w, https:\/\/speyer24news.com\/wp-content\/uploads\/2021\/07\/TKronsfoth_AJochim-1-768x512.jpg 768w\" sizes=\"(max-width: 800px) 100vw, 800px\" \/><figcaption>Die neuen Volont\u00e4re Till Kronsfoth (l.) und Aaron Jochim (r.).<br><em>Foto: Historisches Museum der Pfalz Speyer \/ Christine Lincke<\/em><\/figcaption><\/figure><\/div>\n\n\n\n<p>K\u00fcrzlich erhielt das Historische Museum der Pfalz in Speyer Zuwachs durch zwei neue Volont\u00e4re: Till Kronsfoth trat Mitte Juni dieses Jahres seine Stelle in der Abteilung f\u00fcr Medien- und \u00d6ffentlichkeitsarbeit an. \u201eDie Stelle ist f\u00fcr mich ideal, da ich hier sowohl meine Expertise als Journalist als auch mein Fachwissen als Historiker einbringen kann\u201c, sagt Kronsfoth, der zuvor als freier Journalist f\u00fcr die S\u00fcddeutsche Zeitung und den Hessischen Rundfunk gearbeitet hat. Am meisten gespannt war der 33-J\u00e4hrige auf die Ausstellung \u201eRendezvous. Frankreichs Milit\u00e4r in der Pfalz \u2013 1945-1995\u201c, die sich mit der franz\u00f6sischen Besatzung und den Anf\u00e4ngen der Deutsch-Franz\u00f6sischen Freundschaft nach dem Zweiten Weltkrieg befasst. \u201eDie Auss\u00f6hnung Deutschlands und Frankreichs war Thema meiner Masterarbeit\u201c, erz\u00e4hlt Kronsfoth, der kurz vor dem Abschluss seiner Promotion steht.<\/p>\n\n\n\n<div class=\"wp-block-image\"><figure class=\"aligncenter size-large\"><img decoding=\"async\" loading=\"lazy\" width=\"800\" height=\"588\" src=\"https:\/\/speyer24news.com\/wp-content\/uploads\/2021\/07\/Till_Kronsfoth-1.jpg\" alt=\"\" class=\"wp-image-39704\" srcset=\"https:\/\/speyer24news.com\/wp-content\/uploads\/2021\/07\/Till_Kronsfoth-1.jpg 800w, https:\/\/speyer24news.com\/wp-content\/uploads\/2021\/07\/Till_Kronsfoth-1-300x221.jpg 300w, https:\/\/speyer24news.com\/wp-content\/uploads\/2021\/07\/Till_Kronsfoth-1-768x564.jpg 768w, https:\/\/speyer24news.com\/wp-content\/uploads\/2021\/07\/Till_Kronsfoth-1-80x60.jpg 80w\" sizes=\"(max-width: 800px) 100vw, 800px\" \/><figcaption>Till Kronsfoth<br><em>Foto: Historisches Museum der Pfalz Speyer \/ Christine Lincke<\/em><\/figcaption><\/figure><\/div>\n\n\n\n<p>Seine hochgradige Sehbehinderung, die Till Kronsfoth seit seiner Kindheit begleitet, schr\u00e4nkt ihn bei seiner Arbeit im Museum kaum ein. Daf\u00fcr sorgen Hilfsmittel wie seine Vergr\u00f6\u00dferungssoftware mit Screenreader. Langes Arbeiten am PC ist Till Kronsfoth ohnehin gew\u00f6hnt. In seiner Freizeit schreibt er Romane. \u201eVon meinen beiden Kolleginnen in der Abteilung f\u00fcr Medien- und \u00d6ffentlichkeitsarbeit kann ich einiges lernen\u201c, sagt Kronsfoth.<\/p>\n\n\n\n<p>Aaron Jochim arbeitet bereits seit Mai 2021 im Wissenschaftsbereich des Historischen Museums der Pfalz. Der 31-j\u00e4hrige Mittelalterhistoriker studierte in Heidelberg, Paris und London Geschichte und Philosophie. In seiner Dissertation befasst er sich mit sp\u00e4tmittelalterlichen Wappen aus einer wissenshistorischen Perspektive. Im Historischen Museum der Pfalz arbeitet er vor allem an der Ausstellung \u201eDie Habsburger im Mittelalter: Aufstieg einer Dynastie\u201c mit. \u201eDie Ausstellung von Beginn an begleiten zu k\u00f6nnen ist eine tolle Erfahrung\u201c, so Jochim. \u201eIch freue mich darauf, dabei zu helfen, die Habsburger nach Speyer zu holen, wo mit dem Dom ein zentraler Erinnerungsort dieser Dynastie vorhanden ist.<\/p>\n\n\n\n<div class=\"wp-block-image\"><figure class=\"aligncenter size-large\"><img decoding=\"async\" loading=\"lazy\" width=\"800\" height=\"594\" src=\"https:\/\/speyer24news.com\/wp-content\/uploads\/2021\/07\/Aaron_Jochim-1.jpg\" alt=\"\" class=\"wp-image-39705\" srcset=\"https:\/\/speyer24news.com\/wp-content\/uploads\/2021\/07\/Aaron_Jochim-1.jpg 800w, https:\/\/speyer24news.com\/wp-content\/uploads\/2021\/07\/Aaron_Jochim-1-300x223.jpg 300w, https:\/\/speyer24news.com\/wp-content\/uploads\/2021\/07\/Aaron_Jochim-1-768x570.jpg 768w, https:\/\/speyer24news.com\/wp-content\/uploads\/2021\/07\/Aaron_Jochim-1-80x60.jpg 80w\" sizes=\"(max-width: 800px) 100vw, 800px\" \/><figcaption>Aaron Jochim<br><em>Foto: Historisches Museum der Pfalz Speyer \/ Christine Lincke<\/em><\/figcaption><\/figure><\/div>\n\n\n\n<p>Als besondere Herausforderung empfindet Aaron Jochim das Volontariat in Zeiten von Corona: \u201eWie ver\u00e4ndert die Krise die Museumsarbeit? Wie muss man sich als Volont\u00e4r auf st\u00e4ndig wechselnde Situationen im Publikumsverkehr einstellen? Das ist ein v\u00f6llig anderer Museumsbetrieb als Volont\u00e4re ihn vor zwei, drei Jahren kennengelernt haben.\u201c<\/p>\n\n\n\n<p>Dem geb\u00fcrtigen Schwaben, der mehrere Jahre in Frankreich gelebt hat, gef\u00e4llt es in Speyer. \u201eDie Pfalz mit ihrem Weinanbau und der N\u00e4he zum Elsass ist eine herrliche Kulturgegend\u201c, sagt er.<\/p>\n\n\n\n<p>Das wissenschaftliche Volontariat ist eine zweij\u00e4hrige, qualifizierende Weiterbildung und dient der Einarbeitung in f\u00fcr den Museumsbetrieb relevante T\u00e4tigkeiten.<\/p>\n\n\n\n<p>Informationen zum Museum und seinen Ausstellungen finden Sie unter <a href=\"http:\/\/www.museum.speyer.de\">www.museum.speyer.de<\/a><\/p>\n\n\n\n<p><em>Text: Historisches Museum der Pfalz Speyer <em>Foto: Historisches Museum der Pfalz Speyer \/ Christine Lincke<\/em><br>31.07.2021<\/em><\/p>\n","protected":false},"excerpt":{"rendered":"<div class=\"mh-excerpt\"><p>Zuwachs im Historischen Museum der Pfalz K\u00fcrzlich erhielt das Historische Museum der Pfalz in Speyer Zuwachs durch zwei neue Volont\u00e4re: Till Kronsfoth trat Mitte Juni dieses Jahres seine Stelle in der Abteilung f\u00fcr Medien- und <a class=\"mh-excerpt-more\" href=\"https:\/\/speyer24news.com\/?p=39699\" title=\"Historischen Museum der Pfalz Speyer\">[&#8230;]<\/a><\/p>\n<\/div>","protected":false},"author":3,"featured_media":0,"comment_status":"open","ping_status":"open","sticky":false,"template":"","format":"standard","meta":{"_monsterinsights_skip_tracking":false,"_monsterinsights_sitenote_active":false,"_monsterinsights_sitenote_note":"","_monsterinsights_sitenote_category":0,"footnotes":""},"categories":[14],"tags":[12658,12657,861,1191,540,6,12659],"aioseo_notices":[],"amp_enabled":true,"_links":{"self":[{"href":"https:\/\/speyer24news.com\/index.php?rest_route=\/wp\/v2\/posts\/39699"}],"collection":[{"href":"https:\/\/speyer24news.com\/index.php?rest_route=\/wp\/v2\/posts"}],"about":[{"href":"https:\/\/speyer24news.com\/index.php?rest_route=\/wp\/v2\/types\/post"}],"author":[{"embeddable":true,"href":"https:\/\/speyer24news.com\/index.php?rest_route=\/wp\/v2\/users\/3"}],"replies":[{"embeddable":true,"href":"https:\/\/speyer24news.com\/index.php?rest_route=%2Fwp%2Fv2%2Fcomments&post=39699"}],"version-history":[{"count":1,"href":"https:\/\/speyer24news.com\/index.php?rest_route=\/wp\/v2\/posts\/39699\/revisions"}],"predecessor-version":[{"id":39706,"href":"https:\/\/speyer24news.com\/index.php?rest_route=\/wp\/v2\/posts\/39699\/revisions\/39706"}],"wp:attachment":[{"href":"https:\/\/speyer24news.com\/index.php?rest_route=%2Fwp%2Fv2%2Fmedia&parent=39699"}],"wp:term":[{"taxonomy":"category","embeddable":true,"href":"https:\/\/speyer24news.com\/index.php?rest_route=%2Fwp%2Fv2%2Fcategories&post=39699"},{"taxonomy":"post_tag","embeddable":true,"href":"https:\/\/speyer24news.com\/index.php?rest_route=%2Fwp%2Fv2%2Ftags&post=39699"}],"curies":[{"name":"wp","href":"https:\/\/api.w.org\/{rel}","templated":true}]}}