{"id":39827,"date":"2021-08-10T06:39:23","date_gmt":"2021-08-10T05:39:23","guid":{"rendered":"https:\/\/speyer24news.com\/?p=39827"},"modified":"2021-08-10T06:39:25","modified_gmt":"2021-08-10T05:39:25","slug":"speyer-kultur-goes-paradiese","status":"publish","type":"post","link":"https:\/\/speyer24news.com\/?p=39827","title":{"rendered":"Speyer.Kultur goes Paradiese"},"content":{"rendered":"<style type=\"text\/css\">\r\n\t.ads_top_disp{}\r\n\t.ads_top_corner_disp{ float:left; margin:0px 10px 10px 0px; }\r\n\t.ads_first_p_disp{}\r\n\t.ads_bottom_disp{}\r\n\t<\/style>\n<h2 class=\"wp-block-heading\">Taiga Tunes, Blues, Venedig und Wien in Speyer<\/h2>\n\n\n\n<h3 class=\"wp-block-heading\">Ein weiteres traumhaftes Kultur-Wochenende im Paradiesgarten in Speyer steht bevor.<\/h3>\n\n\n\n<div class=\"wp-block-image\"><figure class=\"aligncenter size-large\"><img decoding=\"async\" loading=\"lazy\" width=\"500\" height=\"625\" src=\"https:\/\/speyer24news.com\/wp-content\/uploads\/2020\/08\/Speyer.Kultur-goes-Paradise.png\" alt=\"\" class=\"wp-image-29998\" srcset=\"https:\/\/speyer24news.com\/wp-content\/uploads\/2020\/08\/Speyer.Kultur-goes-Paradise.png 500w, https:\/\/speyer24news.com\/wp-content\/uploads\/2020\/08\/Speyer.Kultur-goes-Paradise-240x300.png 240w\" sizes=\"(max-width: 500px) 100vw, 500px\" \/><\/figure><\/div>\n\n\n\n<p>Er\u00f6ffnet wird es am&nbsp;<strong>Freitag, 13. August 2021, 19 Uhr<\/strong>&nbsp;von den&nbsp;<strong>Apparatschicks,<\/strong>&nbsp;die in der Gegend nur diesen einen Stopp einlegen. Matrosov an Gesang und Balalajka, Mischa am Akkordeon, Pasha an der Kontrabass-Balalaika und Schurik an Schlagzeug und Percussion singen und spielen was das Zeug h\u00e4lt und begeistern das Publikum mit ihren mitreisenden Melodien und Anekdoten aus der sowjetischen Vergangenheit. Von Polka bis Ska, Reggae, Rock\u2019n\u2019Roll, Disco und sogar Techno \u2013 den elektrifizierten Folklore-Instrumenten kann diese Band alles entlocken.<\/p>\n\n\n\n<p>Weiter geht es am&nbsp;<strong>Samstag, 14. August 2021, 19 Uhr<\/strong>&nbsp;mit dem Duo&nbsp;<strong>Red &amp; Grey<\/strong>, hinter dem sich die bekannten Musiker Erwin Ditzner (Schlagzeug) und J\u00f6rg Teichert (Elektrogitarre &amp; Gesang) \u201everbergen\u201c, die in diesem Projekt erdigen und rotzigen Blues mit Ausfl\u00fcgen in Artverwandtes verbinden. Mit gro\u00dfem Respekt vor den Urv\u00e4tern des Blues genie\u00dfen die beiden die Freiheiten der Zweisamkeit, brechen starre Formen auf und geben ihrer Musik ein eigenes Gesicht. In Ditzners dichtem und akzentuierten Spiel ist immer auch der urige Puls stampfender F\u00fc\u00dfe zu sp\u00fcren, w\u00e4hrend Teichert auf seinen Slidegitarren traditionelle Spielweisen mit rockiger Attitude verbindet. Das spricht auf direktem Wege Seele und K\u00f6rper der Zuh\u00f6rer*innen an, die gelegentlich durch den Einsatz von ungew\u00f6hnlichem Instrumentarium \u00fcberrascht werden.<\/p>\n\n\n\n<p>Wie \u00fcblich wird das Wochenende durch eine Matinee beschlossen:&nbsp;<strong>Venedig trifft Wien<\/strong>&nbsp;hei\u00dft es am&nbsp;<strong>Sonntag, 15. August 2021, 11:30 Uhr<\/strong>. Das PalatinaKlassik Barockensemble spielt unter der Leitung von Prof. Leo Kr\u00e4mer zauberhafte Musik aus den beiden Metropolen. Zu h\u00f6ren sein werden unter anderem Ausz\u00fcge aus den \u201eVier Jahreszeiten\u201c von Antonio Vivaldi, \u201eAn der sch\u00f6nen blauen Donau\u201c von Johann Strauss, \u201eLiebesleid &amp; Liebesfreud\u201c von Fritz Kreisler oder \u201eIm Prater bl\u00fchn wieder die B\u00e4ume\u201c von Robert Stolz. Ein Programm wie geschaffen f\u00fcr einen Morgen im Paradiesgarten.<\/p>\n\n\n\n<p>Vom 19. bis 22. August 2021 gibt es zum Finale ein verl\u00e4ngertes Wochenende, wenn es hei\u00dft \u201eJazz im Rathaushof goes Paradise\u201c. Ausf\u00fchrliche Infos hierzu gibt es auf\u00a0<a href=\"https:\/\/deref-web.de\/mail\/client\/rupo5K8ag7o\/dereferrer\/?redirectUrl=http%3A%2F%2Fwww.speyer.de%2Fparadiesgarten\" target=\"_blank\" rel=\"noreferrer noopener\">www.speyer.de\/paradiesgarten<\/a>.<\/p>\n\n\n\n<p><em>Stadtverwaltung Speyer<br>10.08.2021<\/em><\/p>\n","protected":false},"excerpt":{"rendered":"<div class=\"mh-excerpt\"><p>Taiga Tunes, Blues, Venedig und Wien in Speyer Ein weiteres traumhaftes Kultur-Wochenende im Paradiesgarten in Speyer steht bevor. Er\u00f6ffnet wird es am&nbsp;Freitag, 13. August 2021, 19 Uhr&nbsp;von den&nbsp;Apparatschicks,&nbsp;die in der Gegend nur diesen einen Stopp <a class=\"mh-excerpt-more\" href=\"https:\/\/speyer24news.com\/?p=39827\" title=\"Speyer.Kultur goes Paradiese\">[&#8230;]<\/a><\/p>\n<\/div>","protected":false},"author":3,"featured_media":29997,"comment_status":"open","ping_status":"open","sticky":false,"template":"","format":"standard","meta":{"_monsterinsights_skip_tracking":false,"_monsterinsights_sitenote_active":false,"_monsterinsights_sitenote_note":"","_monsterinsights_sitenote_category":0,"footnotes":""},"categories":[14],"tags":[12669,12670,12671,12672,577,2200,7830,5376,12673,7831,12545,6,7829],"aioseo_notices":[],"amp_enabled":true,"_links":{"self":[{"href":"https:\/\/speyer24news.com\/index.php?rest_route=\/wp\/v2\/posts\/39827"}],"collection":[{"href":"https:\/\/speyer24news.com\/index.php?rest_route=\/wp\/v2\/posts"}],"about":[{"href":"https:\/\/speyer24news.com\/index.php?rest_route=\/wp\/v2\/types\/post"}],"author":[{"embeddable":true,"href":"https:\/\/speyer24news.com\/index.php?rest_route=\/wp\/v2\/users\/3"}],"replies":[{"embeddable":true,"href":"https:\/\/speyer24news.com\/index.php?rest_route=%2Fwp%2Fv2%2Fcomments&post=39827"}],"version-history":[{"count":1,"href":"https:\/\/speyer24news.com\/index.php?rest_route=\/wp\/v2\/posts\/39827\/revisions"}],"predecessor-version":[{"id":39828,"href":"https:\/\/speyer24news.com\/index.php?rest_route=\/wp\/v2\/posts\/39827\/revisions\/39828"}],"wp:featuredmedia":[{"embeddable":true,"href":"https:\/\/speyer24news.com\/index.php?rest_route=\/wp\/v2\/media\/29997"}],"wp:attachment":[{"href":"https:\/\/speyer24news.com\/index.php?rest_route=%2Fwp%2Fv2%2Fmedia&parent=39827"}],"wp:term":[{"taxonomy":"category","embeddable":true,"href":"https:\/\/speyer24news.com\/index.php?rest_route=%2Fwp%2Fv2%2Fcategories&post=39827"},{"taxonomy":"post_tag","embeddable":true,"href":"https:\/\/speyer24news.com\/index.php?rest_route=%2Fwp%2Fv2%2Ftags&post=39827"}],"curies":[{"name":"wp","href":"https:\/\/api.w.org\/{rel}","templated":true}]}}