{"id":39945,"date":"2021-08-26T05:59:32","date_gmt":"2021-08-26T04:59:32","guid":{"rendered":"https:\/\/speyer24news.com\/?p=39945"},"modified":"2021-08-26T05:59:34","modified_gmt":"2021-08-26T04:59:34","slug":"stadtnotizen-verkehrsnotizen-aus-speyer-46","status":"publish","type":"post","link":"https:\/\/speyer24news.com\/?p=39945","title":{"rendered":"Stadtnotizen &#038; Verkehrsnotizen aus Speyer"},"content":{"rendered":"<style type=\"text\/css\">\r\n\t.ads_top_disp{}\r\n\t.ads_top_corner_disp{ float:left; margin:0px 10px 10px 0px; }\r\n\t.ads_first_p_disp{}\r\n\t.ads_bottom_disp{}\r\n\t<\/style>\n<h1 class=\"has-text-align-center wp-block-heading\">Stadtnotizen<\/h1>\n\n\n\n<div class=\"wp-block-image\"><figure class=\"aligncenter size-large\"><img decoding=\"async\" loading=\"lazy\" width=\"800\" height=\"600\" src=\"https:\/\/speyer24news.com\/wp-content\/uploads\/2020\/01\/Speyer-Stadtnachrichten-2.jpg\" alt=\"\" class=\"wp-image-23901\" srcset=\"https:\/\/speyer24news.com\/wp-content\/uploads\/2020\/01\/Speyer-Stadtnachrichten-2.jpg 800w, https:\/\/speyer24news.com\/wp-content\/uploads\/2020\/01\/Speyer-Stadtnachrichten-2-300x225.jpg 300w, https:\/\/speyer24news.com\/wp-content\/uploads\/2020\/01\/Speyer-Stadtnachrichten-2-768x576.jpg 768w, https:\/\/speyer24news.com\/wp-content\/uploads\/2020\/01\/Speyer-Stadtnachrichten-2-678x509.jpg 678w, https:\/\/speyer24news.com\/wp-content\/uploads\/2020\/01\/Speyer-Stadtnachrichten-2-326x245.jpg 326w, https:\/\/speyer24news.com\/wp-content\/uploads\/2020\/01\/Speyer-Stadtnachrichten-2-80x60.jpg 80w\" sizes=\"(max-width: 800px) 100vw, 800px\" \/><\/figure><\/div>\n\n\n\n<h2 class=\"wp-block-heading\">Letzte Chance: Anmeldefrist f\u00fcr Fr\u00fcherziehung an der Musikschule l\u00e4uft ab<\/h2>\n\n\n\n<div class=\"wp-block-image\"><figure class=\"aligncenter size-large\"><img decoding=\"async\" loading=\"lazy\" width=\"800\" height=\"800\" src=\"https:\/\/speyer24news.com\/wp-content\/uploads\/2021\/06\/Musikschule-Stadt-Speyer-Logo.jpg\" alt=\"\" class=\"wp-image-38249\" srcset=\"https:\/\/speyer24news.com\/wp-content\/uploads\/2021\/06\/Musikschule-Stadt-Speyer-Logo.jpg 800w, https:\/\/speyer24news.com\/wp-content\/uploads\/2021\/06\/Musikschule-Stadt-Speyer-Logo-300x300.jpg 300w, https:\/\/speyer24news.com\/wp-content\/uploads\/2021\/06\/Musikschule-Stadt-Speyer-Logo-150x150.jpg 150w, https:\/\/speyer24news.com\/wp-content\/uploads\/2021\/06\/Musikschule-Stadt-Speyer-Logo-768x768.jpg 768w\" sizes=\"(max-width: 800px) 100vw, 800px\" \/><\/figure><\/div>\n\n\n\n<p>Noch bis kommenden Freitag, 27. August 2021 haben interessierte Eltern die M\u00f6glichkeit, unter den t\u00e4glich stattfindenden Fr\u00fcherziehungskursen der Musikschule der Stadt Speyer den passenden auszuw\u00e4hlen und ihre Kinder anzumelden.<\/p>\n\n\n\n<p>Die Kurse beginnen im Oktober, die genauen Kurszeiten werden mit den Teilnehmenden abgestimmt. Das Angebot richtet sich an Kinder zwischen sechs Monaten und sechs Jahren. Der erste Monat ist kostenfrei.<\/p>\n\n\n\n<p>Mehr Informationen gibt es im Sekretariat der Musikschule unter:\u00a0<a href=\"mailto:musikschule@stadt-speyer.de\" target=\"_blank\" rel=\"noreferrer noopener\">musikschule@stadt-speyer.de<\/a>\u00a0oder 06232-141340 oder 06232-141342.<\/p>\n\n\n\n<p><em>Stadt Speyer \/ Musikschule<br>26.08.2021<\/em><\/p>\n\n\n\n<h2 class=\"wp-block-heading\">\u201eThe Story Club\u201c \u2013 Fotoprojekt f\u00fcr junge Frauen mit Migrationshintergrund<\/h2>\n\n\n\n<div class=\"wp-block-image\"><figure class=\"aligncenter size-large\"><img decoding=\"async\" loading=\"lazy\" width=\"1024\" height=\"683\" src=\"https:\/\/speyer24news.com\/wp-content\/uploads\/2021\/08\/Kamera-Frau-Hintern-Foto-1024x683.jpg\" alt=\"\" class=\"wp-image-39946\" srcset=\"https:\/\/speyer24news.com\/wp-content\/uploads\/2021\/08\/Kamera-Frau-Hintern-Foto-1024x683.jpg 1024w, https:\/\/speyer24news.com\/wp-content\/uploads\/2021\/08\/Kamera-Frau-Hintern-Foto-300x200.jpg 300w, https:\/\/speyer24news.com\/wp-content\/uploads\/2021\/08\/Kamera-Frau-Hintern-Foto-768x512.jpg 768w, https:\/\/speyer24news.com\/wp-content\/uploads\/2021\/08\/Kamera-Frau-Hintern-Foto-1536x1024.jpg 1536w, https:\/\/speyer24news.com\/wp-content\/uploads\/2021\/08\/Kamera-Frau-Hintern-Foto.jpg 1920w\" sizes=\"(max-width: 1024px) 100vw, 1024px\" \/><\/figure><\/div>\n\n\n\n<p>Im Rahmen des Projekts \u201eThe Story Club\u201c k\u00f6nnen M\u00e4dchen und junge Frauen zwischen 14 und 18 Jahren mit Migrationshintergrund vier Wochen lang ihr Leben und Umfeld mittels Fotografie dokumentieren und dadurch ihre ganz eigene Geschichte erz\u00e4hlen. Das Projekt ist eine Kooperation der st\u00e4dtischen Gleichstellungsstelle mit der Speyerer Freiwilligenagentur.<\/p>\n\n\n\n<p>Begleitet werden die jungen Frauen durch Fotografin Anne Ackermann, die in einem zweit\u00e4gigen Workshop zu Beginn die Grundlagen der Fotografie und des Storytellings vermittelt. In den darauffolgenden vier Wochen finden einmal pro Woche Treffen statt, um gemeinsam an den Fotos zu arbeiten und sich auszutauschen. Eine Auswahl der sch\u00f6nsten Fotos wird zum Abschluss in einer Ausstellung gezeigt.<\/p>\n\n\n\n<p>Der Auftaktworkshop findet am Samstag, 11. September 2021 und Sonntag, 12. September 2021 ab 10:00 Uhr in den R\u00e4umen der VHS Speyer statt.<\/p>\n\n\n\n<p>Die w\u00f6chentlichen Treffen finden jeweils donnerstags am 16., 23. und 30. September sowie am 7. Oktober nachmittags statt (Uhrzeit nach Absprache ab 16:00 Uhr).<\/p>\n\n\n\n<p>Das Angebot ist kostenfrei, die Ausr\u00fcstung sowie die Materialien werden gestellt. Es gelten die Corona-Schutzma\u00dfnahmen.<\/p>\n\n\n\n<p>Interessierte werden zur besseren Planbarkeit um m\u00f6glichst zeitnahe Anmeldung per E-Mail an\u00a0<a href=\"mailto:gleichstellungsstelle@stadt-speyer.de\" target=\"_blank\" rel=\"noreferrer noopener\">gleichstellungsstelle@stadt-speyer.de<\/a>\u00a0oder per Telefon unter 06232\/14-2267 gebeten.<\/p>\n\n\n\n<p><em>Stadt Speyer<br>26.08.2021<\/em><\/p>\n\n\n\n<h2 class=\"wp-block-heading\">Spendenaktion der Beschicker*innen auf dem Wochenmarkt<\/h2>\n\n\n\n<div class=\"wp-block-image\"><figure class=\"aligncenter size-large\"><img decoding=\"async\" loading=\"lazy\" width=\"375\" height=\"500\" src=\"https:\/\/speyer24news.com\/wp-content\/uploads\/2021\/03\/Wochenmarkt.jpg\" alt=\"\" class=\"wp-image-34433\" srcset=\"https:\/\/speyer24news.com\/wp-content\/uploads\/2021\/03\/Wochenmarkt.jpg 375w, https:\/\/speyer24news.com\/wp-content\/uploads\/2021\/03\/Wochenmarkt-225x300.jpg 225w\" sizes=\"(max-width: 375px) 100vw, 375px\" \/><\/figure><\/div>\n\n\n\n<p>Eine weitere Spendenaktion f\u00fcr die von der Hochwasserkatastrophe betroffene Ahr-Gemeinde Mayscho\u00df hat in Speyer stattgefunden. &nbsp;&nbsp;&nbsp;&nbsp;&nbsp;&nbsp;&nbsp;&nbsp;&nbsp;&nbsp;&nbsp;<br>So haben die Beschicker*innen des Wochenmarkts auf dem Festplatz bis zum vergangenen Wochenende insgesamt 643,00 Euro gesammelt, um diesen Betrag an die Gemeinde Mayscho\u00df zu spenden.<\/p>\n\n\n\n<p>Die Stadtverwaltung dankt f\u00fcr das Engagement und die Hilfsbereitschaft, womit sich die Beschicker*innen des Wochenmarkts und viele weitere Speyererinnen und Speyerer f\u00fcr die Menschen im Katastrophengebiet bereits eingesetzt haben.<\/p>\n\n\n\n<p>Wer k\u00fcnftig ebenfalls mit einer Spende Unterst\u00fctzung leisten m\u00f6chte, kann hierf\u00fcr u.a. das Spendenkonto nutzen, das die nordrhein-westf\u00e4lische Partnerstadt Herzogenrath eingerichtet hat. Alle Informationen hierzu gibt es auf der Speyerer Homepage unter\u00a0<a href=\"https:\/\/deref-web.de\/mail\/client\/jJsa2stSNRk\/dereferrer\/?redirectUrl=http%3A%2F%2Fwww.speyer.de%2Fmayschoss\" target=\"_blank\" rel=\"noreferrer noopener\">www.speyer.de\/mayschoss<\/a>.\u00a0<\/p>\n\n\n\n<p><em>Stadt Speyer<br>26.08.2021<\/em><\/p>\n\n\n\n<h1 class=\"has-text-align-center wp-block-heading\">Verkehrsnotizen<\/h1>\n\n\n\n<div class=\"wp-block-image\"><figure class=\"aligncenter size-large\"><img decoding=\"async\" loading=\"lazy\" width=\"800\" height=\"565\" src=\"https:\/\/speyer24news.com\/wp-content\/uploads\/2020\/01\/Baustelle-2.jpg\" alt=\"\" class=\"wp-image-23900\" srcset=\"https:\/\/speyer24news.com\/wp-content\/uploads\/2020\/01\/Baustelle-2.jpg 800w, https:\/\/speyer24news.com\/wp-content\/uploads\/2020\/01\/Baustelle-2-300x212.jpg 300w, https:\/\/speyer24news.com\/wp-content\/uploads\/2020\/01\/Baustelle-2-768x542.jpg 768w\" sizes=\"(max-width: 800px) 100vw, 800px\" \/><\/figure><\/div>\n\n\n\n<h2 class=\"wp-block-heading\">Industriestra\u00dfe auf H\u00f6he Joachim-Becher-Stra\u00dfe und H\u00f6he Deichmeisterei ab Freitag, 27.08.21, wieder freigegeben<\/h2>\n\n\n\n<p>Die Stadtverwaltung Speyer informiert, dass die am 20. Juli 2021 aufgrund der \u00dcbersp\u00fclung der Fahrbahn durch Hochwasser veranlassten Sperrungen in der Industriestra\u00dfe, H\u00f6he Joachim-Becher Stra\u00dfe und Deichmeisterei, ab Freitag, 27.08.21, wieder freigegeben werden kann. <\/p>\n\n\n\n<p><em>Stadt Speyer<br>26.08.2021<\/em><\/p>\n\n\n\n<h2 class=\"wp-block-heading\">Gro\u00dfe Himmelsgasse gesperrt<\/h2>\n\n\n\n<p>Aufgrund eines Kranaufbaus wird die Gro\u00dfe Himmelsgasse <strong>am Freitag, 27. August 2021<\/strong> zwischen Domplatz und Dreifaltigkeitskirche von 7 bis voraussichtlich 16 Uhr f\u00fcr den Individualverkehr gesperrt. Eine Umleitung wird eingerichtet. Die Einbahnstra\u00dfenregelung in der Johannesstra\u00dfe wird aufgehoben, sodass die dortigen Geb\u00e4ude aus Richtung Gro\u00dfe Greifengasse\/Pfaugasse erreichbar sind.<\/p>\n\n\n\n<p><em>Stadt Speyer<br>26.08.2021<\/em><\/p>\n","protected":false},"excerpt":{"rendered":"<div class=\"mh-excerpt\"><p>Stadtnotizen Letzte Chance: Anmeldefrist f\u00fcr Fr\u00fcherziehung an der Musikschule l\u00e4uft ab Noch bis kommenden Freitag, 27. August 2021 haben interessierte Eltern die M\u00f6glichkeit, unter den t\u00e4glich stattfindenden Fr\u00fcherziehungskursen der Musikschule der Stadt Speyer den passenden <a class=\"mh-excerpt-more\" href=\"https:\/\/speyer24news.com\/?p=39945\" title=\"Stadtnotizen &#038; Verkehrsnotizen aus Speyer\">[&#8230;]<\/a><\/p>\n<\/div>","protected":false},"author":3,"featured_media":23902,"comment_status":"open","ping_status":"open","sticky":false,"template":"","format":"standard","meta":{"_monsterinsights_skip_tracking":false,"_monsterinsights_sitenote_active":false,"_monsterinsights_sitenote_note":"","_monsterinsights_sitenote_category":0,"footnotes":""},"categories":[47],"tags":[12706,12707,12705,6849,292,6,657,1296,658,1114,46],"aioseo_notices":[],"amp_enabled":true,"_links":{"self":[{"href":"https:\/\/speyer24news.com\/index.php?rest_route=\/wp\/v2\/posts\/39945"}],"collection":[{"href":"https:\/\/speyer24news.com\/index.php?rest_route=\/wp\/v2\/posts"}],"about":[{"href":"https:\/\/speyer24news.com\/index.php?rest_route=\/wp\/v2\/types\/post"}],"author":[{"embeddable":true,"href":"https:\/\/speyer24news.com\/index.php?rest_route=\/wp\/v2\/users\/3"}],"replies":[{"embeddable":true,"href":"https:\/\/speyer24news.com\/index.php?rest_route=%2Fwp%2Fv2%2Fcomments&post=39945"}],"version-history":[{"count":1,"href":"https:\/\/speyer24news.com\/index.php?rest_route=\/wp\/v2\/posts\/39945\/revisions"}],"predecessor-version":[{"id":39947,"href":"https:\/\/speyer24news.com\/index.php?rest_route=\/wp\/v2\/posts\/39945\/revisions\/39947"}],"wp:featuredmedia":[{"embeddable":true,"href":"https:\/\/speyer24news.com\/index.php?rest_route=\/wp\/v2\/media\/23902"}],"wp:attachment":[{"href":"https:\/\/speyer24news.com\/index.php?rest_route=%2Fwp%2Fv2%2Fmedia&parent=39945"}],"wp:term":[{"taxonomy":"category","embeddable":true,"href":"https:\/\/speyer24news.com\/index.php?rest_route=%2Fwp%2Fv2%2Fcategories&post=39945"},{"taxonomy":"post_tag","embeddable":true,"href":"https:\/\/speyer24news.com\/index.php?rest_route=%2Fwp%2Fv2%2Ftags&post=39945"}],"curies":[{"name":"wp","href":"https:\/\/api.w.org\/{rel}","templated":true}]}}