{"id":39971,"date":"2021-08-28T06:47:05","date_gmt":"2021-08-28T05:47:05","guid":{"rendered":"https:\/\/speyer24news.com\/?p=39971"},"modified":"2021-08-28T06:47:06","modified_gmt":"2021-08-28T05:47:06","slug":"stadtnotizen-verkehrsnotizen-aus-speyer-47","status":"publish","type":"post","link":"https:\/\/speyer24news.com\/?p=39971","title":{"rendered":"Stadtnotizen &#038; Verkehrsnotizen aus Speyer"},"content":{"rendered":"<style type=\"text\/css\">\r\n\t.ads_top_disp{}\r\n\t.ads_top_corner_disp{ float:left; margin:0px 10px 10px 0px; }\r\n\t.ads_first_p_disp{}\r\n\t.ads_bottom_disp{}\r\n\t<\/style>\n<h1 class=\"has-text-align-center wp-block-heading\">Stadtnotizen<\/h1>\n\n\n\n<div class=\"wp-block-image\"><figure class=\"aligncenter size-large\"><img decoding=\"async\" loading=\"lazy\" width=\"800\" height=\"600\" src=\"https:\/\/speyer24news.com\/wp-content\/uploads\/2020\/01\/Speyer-Stadtnachrichten-2.jpg\" alt=\"\" class=\"wp-image-23901\" srcset=\"https:\/\/speyer24news.com\/wp-content\/uploads\/2020\/01\/Speyer-Stadtnachrichten-2.jpg 800w, https:\/\/speyer24news.com\/wp-content\/uploads\/2020\/01\/Speyer-Stadtnachrichten-2-300x225.jpg 300w, https:\/\/speyer24news.com\/wp-content\/uploads\/2020\/01\/Speyer-Stadtnachrichten-2-768x576.jpg 768w, https:\/\/speyer24news.com\/wp-content\/uploads\/2020\/01\/Speyer-Stadtnachrichten-2-678x509.jpg 678w, https:\/\/speyer24news.com\/wp-content\/uploads\/2020\/01\/Speyer-Stadtnachrichten-2-326x245.jpg 326w, https:\/\/speyer24news.com\/wp-content\/uploads\/2020\/01\/Speyer-Stadtnachrichten-2-80x60.jpg 80w\" sizes=\"(max-width: 800px) 100vw, 800px\" \/><\/figure><\/div>\n\n\n\n<h2 class=\"wp-block-heading\">Aktionswoche \u201eDas Ehrenamt braucht Dich!\u201c vom 30. August bis 5. September 2021<\/h2>\n\n\n\n<div class=\"wp-block-image\"><figure class=\"aligncenter size-large\"><img decoding=\"async\" loading=\"lazy\" width=\"600\" height=\"273\" src=\"https:\/\/speyer24news.com\/wp-content\/uploads\/2019\/06\/Wir-tun-was.jpg\" alt=\"\" class=\"wp-image-14811\" srcset=\"https:\/\/speyer24news.com\/wp-content\/uploads\/2019\/06\/Wir-tun-was.jpg 600w, https:\/\/speyer24news.com\/wp-content\/uploads\/2019\/06\/Wir-tun-was-300x137.jpg 300w\" sizes=\"(max-width: 600px) 100vw, 600px\" \/><\/figure><\/div>\n\n\n\n<p>Anl\u00e4sslich des 18. Landesweiten Ehrenamtstag f\u00fcr Rheinland-Pfalz am 29. August 2021 ruft die Stadt Speyer eine Aktionswoche unter dem Motto \u201eDas Ehrenamt braucht Dich!\u201c vom 30. August bis 5. September 2021 ins Leben.<\/p>\n\n\n\n<p>\u201eDie Pandemie und die k\u00fcrzlich eingetretene Hochwasserkatastrophe im Norden unseres Landes haben deutlich gemacht, wie wertvoll ehrenamtliches Engagement f\u00fcr unsere Gesellschaft ist. \u201eDas Land der helfenden H\u00e4nde\u201c, wie Ministerpr\u00e4sidentin Malu Dreyer unser Land auch nennt, ist durch die vielen Menschen im Ehrenamt gepr\u00e4gt, die solche Kraftanstrengungen und die Unterst\u00fctzung der staatlichen Stellen erm\u00f6glichen. Wir sind dem Ehrenamt zu gro\u00dfem Dank verpflichtet. Nicht nur in Krisen, sondern das ganze Jahr \u00fcber\u201c, so Oberb\u00fcrgermeisterin Stefanie Seiler.<\/p>\n\n\n\n<p>So ist die Mitarbeit in Organisationen, die mehrheitlich durch ehrenamtliche Mitarbeitende einen gro\u00dfen Dienst in unserer Stadt leisten, sowie die dauerhafte W\u00fcrdigung dessen von gro\u00dfer Bedeutung. Um darauf aufmerksam zu machen, findet ab dem 30. August eine digitale Aktionswoche \u00fcber die Facebook-Seite der Stadt Speyer statt (<a href=\"https:\/\/deref-web.de\/mail\/client\/60hU5ASpG3k\/dereferrer\/?redirectUrl=http%3A%2F%2Fwww.facebook.com%2Fspeyer.stadt\" target=\"_blank\" rel=\"noreferrer noopener\">www.facebook.com\/speyer.stadt<\/a>): T\u00e4glich wird je eine Hilfsorganisation in Speyer (Freiwillige Feuerwehr, THW, Johanniter, DLRG, Malteser Hilfsdienst, ASB) vorgestellt und f\u00fcr dortige Mitgliedschaften geworben.<\/p>\n\n\n\n<p>\u201eWir sind sehr dankbar, dass viele Speyererinnen und Speyerer das Engagement der Hilfsorganisationen in unserer Stadt zu sch\u00e4tzen wissen und gro\u00dfen Respekt vor der Arbeit der Ehrenamtlichen haben. Dennoch ist f\u00fcr den Erhalt der Organisationen finanzielle und ehrenamtliche Unterst\u00fctzung notwendig, die insbesondere durch Mitgliedschaften und aktive Mitarbeit geleistet werden kann. Von \u201eIch sch\u00e4tze die ehrenamtliche Arbeit\u201c zu \u201eIch helfe aktiv bei der ehrenamtlichen Arbeit\u201c \u2013 das ist es, was wir mit der Aktionswoche erreichen m\u00f6chten\u201c, so Monika Kabs, B\u00fcrgermeisterin.<\/p>\n\n\n\n<p><em>Stadt Speyer<br>26.08.2021<\/em><\/p>\n\n\n\n<h2 class=\"wp-block-heading\">\u201eZur\u00fcck ins Mittelalter\u201c &#8211; Herbstferienprogramm der JuF\u00f6<\/h2>\n\n\n\n<div class=\"wp-block-image\"><figure class=\"aligncenter size-large\"><img decoding=\"async\" loading=\"lazy\" width=\"330\" height=\"246\" src=\"https:\/\/speyer24news.com\/wp-content\/uploads\/2020\/09\/JuF\u00f6-Speyer.png\" alt=\"\" class=\"wp-image-30457\" srcset=\"https:\/\/speyer24news.com\/wp-content\/uploads\/2020\/09\/JuF\u00f6-Speyer.png 330w, https:\/\/speyer24news.com\/wp-content\/uploads\/2020\/09\/JuF\u00f6-Speyer-300x224.png 300w, https:\/\/speyer24news.com\/wp-content\/uploads\/2020\/09\/JuF\u00f6-Speyer-80x60.png 80w\" sizes=\"(max-width: 330px) 100vw, 330px\" \/><\/figure><\/div>\n\n\n\n<p>Gerade neigen sich die Sommerferien dem Ende zu, da kommt die Jugendf\u00f6rderung der Stadt Speyer schon mit ihrem spannenden Herbstferienprogramm um die Ecke, bei dem sich dieses Jahr alles um das Motto \u201eZur\u00fcck ins Mittelalter\u201c dreht. Von einer Schmuckwerkstatt \u00fcber Holzverarbeitung bis hin zur Herstellung einer Ritterr\u00fcstung oder eines Burgfr\u00e4uleinkranzes ist alles dabei. Es werden Br\u00f6tchen gebacken, Perlen hergestellt, Topflappen gewebt und Specksteine bearbeiten.<\/p>\n\n\n\n<div class=\"wp-block-image\"><figure class=\"aligncenter size-large\"><img decoding=\"async\" loading=\"lazy\" width=\"800\" height=\"600\" src=\"https:\/\/speyer24news.com\/wp-content\/uploads\/2021\/08\/DSC09713.jpg\" alt=\"\" class=\"wp-image-39973\" srcset=\"https:\/\/speyer24news.com\/wp-content\/uploads\/2021\/08\/DSC09713.jpg 800w, https:\/\/speyer24news.com\/wp-content\/uploads\/2021\/08\/DSC09713-300x225.jpg 300w, https:\/\/speyer24news.com\/wp-content\/uploads\/2021\/08\/DSC09713-768x576.jpg 768w, https:\/\/speyer24news.com\/wp-content\/uploads\/2021\/08\/DSC09713-678x509.jpg 678w, https:\/\/speyer24news.com\/wp-content\/uploads\/2021\/08\/DSC09713-326x245.jpg 326w, https:\/\/speyer24news.com\/wp-content\/uploads\/2021\/08\/DSC09713-80x60.jpg 80w\" sizes=\"(max-width: 800px) 100vw, 800px\" \/><\/figure><\/div>\n\n\n\n<p>Angeboten wird das <strong>Herbstferienprogramm von Montag, 11. Oktober bis einschlie\u00dflich Freitag, 22. Oktober 2021<\/strong>. Es handelt sich um eine Ganztagsbetreuung von 7:30 bis 16:30 Uhr f\u00fcr Kinder im Alter von sechs bis elf Jahren. Corona-konform findet die Betreuung in Kleingruppen in der Walderholung und im Fifty\u2018s statt. Einer Gruppe von zehn Kindern steht ein zweik\u00f6pfiges Betreuerteam zur Seite. F\u00fcr Fr\u00fchst\u00fcck und Mittagessen ist gesorgt.<\/p>\n\n\n\n<p>Anmeldungen sind ab Mittwoch, 1. September 2021, ab 12:00 Uhr online \u00fcber\u00a0<a href=\"https:\/\/deref-web.de\/mail\/client\/TDaI6i91rbM\/dereferrer\/?redirectUrl=http%3A%2F%2Fwww.juf%C3%B6.de\" target=\"_blank\" rel=\"noreferrer noopener\">www.juf\u00f6.de<\/a>\u00a0m\u00f6glich. Die Kosten f\u00fcr eine Woche Ferienbetreuung belaufen sich auf 55 Euro pro Kind.<\/p>\n\n\n\n<p><em>Stadt Speyer<br>26.08.2021<\/em><\/p>\n\n\n\n<h2 class=\"wp-block-heading\">Dank f\u00fcr ehrenamtliches Engagement in der Speyerer Feuerwehr und im Katastrophenschutz zum Landesweiten Ehrenamtstag<\/h2>\n\n\n\n<div class=\"wp-block-image\"><figure class=\"aligncenter size-large\"><img decoding=\"async\" loading=\"lazy\" width=\"800\" height=\"400\" src=\"https:\/\/speyer24news.com\/wp-content\/uploads\/2019\/06\/24.06.19-FT-Wir-sagen-Danke.jpg\" alt=\"\" class=\"wp-image-15296\" srcset=\"https:\/\/speyer24news.com\/wp-content\/uploads\/2019\/06\/24.06.19-FT-Wir-sagen-Danke.jpg 800w, https:\/\/speyer24news.com\/wp-content\/uploads\/2019\/06\/24.06.19-FT-Wir-sagen-Danke-300x150.jpg 300w, https:\/\/speyer24news.com\/wp-content\/uploads\/2019\/06\/24.06.19-FT-Wir-sagen-Danke-768x384.jpg 768w\" sizes=\"(max-width: 800px) 100vw, 800px\" \/><\/figure><\/div>\n\n\n\n<p>Mit gro\u00dfem Engagement gestalten zahlreiche Ehrenamtliche ein aktives gesellschaftliches Miteinander und setzen sich f\u00fcr das Wohl anderer ein. Um den Blick bewusst auf die vielen Facetten ehrenamtlichen Engagements zu lenken und dieses entsprechend zu w\u00fcrdigen, richtet das Land Rheinland-Pfalz allj\u00e4hrlich den Landesweiten Ehrenamtstag aus. Die inzwischen 18. Auflage des Festes findet am Sonntag, 29. August 2021 in Bad Kreuznach statt. Diesen Tag nimmt auch die Stadt Speyer zum Anlass f\u00fcr ein besonderes Dankesch\u00f6n.<\/p>\n\n\n\n<p>\u201eDie Freiwillige Feuerwehr ist wohl eines der klassischsten Beispiele f\u00fcr gelebtes Ehrenamt. Auch in der Feuerwehr Speyer, in der rund 100 ehrenamtliche Feuerwehrm\u00e4nner und -frauen t\u00e4tig sind, ist es von gro\u00dfer Bedeutung. Am Ehrenamtstag am kommenden Sonntag m\u00f6chten wir daher unseren Ehrenamtlichen f\u00fcr ihren Einsatz und ihren Dienst an der Gesellschaft danken und die pandemiebedingt ausgefallenen Ehrungen, Bef\u00f6rderungen, Ernennungen und Verabschiedungen nachholen\u201c, erkl\u00e4rt Oberb\u00fcrgermeisterin Stefanie Seiler.<\/p>\n\n\n\n<p>\u201eDar\u00fcber hinaus werden wir den Tag nutzen, um den beispiellosen Einsatz der Helferinnen und Helfern der Feuerwehr und des Katastrophenschutzes der Stadt Speyer zu w\u00fcrdigen, die bei der Flutkatastrophe in Mayscho\u00df und dar\u00fcber hinaus im Ahrtal eingesetzt waren\u201c, erg\u00e4nzt Brand- und Katastrophenschutzinspekteur Peter Eymann.<\/p>\n\n\n\n<p>Es handelt sich um eine Veranstaltung ausschlie\u00dflich f\u00fcr geladene G\u00e4ste.<\/p>\n\n\n\n<p><em>Stadt Speyer<br>26.08.2021<\/em><\/p>\n\n\n\n<h2 class=\"wp-block-heading\">\u201ePfl\u00fcck dir ein Buch\u201c: St\u00e4dtische Aktion anl\u00e4sslich des Weltalphabetisierungstages 2021<\/h2>\n\n\n\n<div class=\"wp-block-image\"><figure class=\"aligncenter size-large\"><img decoding=\"async\" src=\"https:\/\/speyer24news.com\/wp-content\/uploads\/2019\/09\/Villa-Ecarius.jpg\" alt=\"\" class=\"wp-image-19808\"\/><\/figure><\/div>\n\n\n\n<p>Die Volkshochschule und die Stadtbibliothek Speyer machen seit 2012 und somit auch in diesem Jahr mit der Aktion \u201ePfl\u00fcck Dir ein Buch \u2013 Gratis-Lesefutter gegen den Analphabetismus\u201c auf den Weltalphabetisierungstag am 8. September 2021 aufmerksam.<\/p>\n\n\n\n<p>So h\u00e4ngen <strong>von Montag, 6. September 2020 bis Mittwoch 8. September 2021<\/strong> im Vorgarten der Villa Ecarius an drei Bauz\u00e4unen B\u00fccher \u201ezum Pfl\u00fccken\u201c, also zur kostenlosen Mitnahme.\u00a0<\/p>\n\n\n\n<p>Zur Kategorie der funktionalen Analphabeten werden all jene gez\u00e4hlt, die zwar einzelne S\u00e4tze lesen oder schreiben k\u00f6nnen, aber keine zusammenh\u00e4ngenden Texte verstehen.<\/p>\n\n\n\n<div class=\"wp-block-image\"><figure class=\"aligncenter size-large\"><img decoding=\"async\" loading=\"lazy\" width=\"1024\" height=\"683\" src=\"https:\/\/speyer24news.com\/wp-content\/uploads\/2021\/08\/Buch-Lesen-Frau-1024x683.jpg\" alt=\"\" class=\"wp-image-39972\" srcset=\"https:\/\/speyer24news.com\/wp-content\/uploads\/2021\/08\/Buch-Lesen-Frau-1024x683.jpg 1024w, https:\/\/speyer24news.com\/wp-content\/uploads\/2021\/08\/Buch-Lesen-Frau-300x200.jpg 300w, https:\/\/speyer24news.com\/wp-content\/uploads\/2021\/08\/Buch-Lesen-Frau-768x512.jpg 768w, https:\/\/speyer24news.com\/wp-content\/uploads\/2021\/08\/Buch-Lesen-Frau-1536x1024.jpg 1536w, https:\/\/speyer24news.com\/wp-content\/uploads\/2021\/08\/Buch-Lesen-Frau.jpg 1920w\" sizes=\"(max-width: 1024px) 100vw, 1024px\" \/><\/figure><\/div>\n\n\n\n<p>\u201eAuch wenn es kaum vorstellbar ist: Allein in Deutschland k\u00f6nnen gut 6 Millionen Erwachsene nicht richtig lesen und schreiben. F\u00fcr die Betroffenen ist dieses Defizit h\u00e4ufig mit Hilflosigkeit und auch Scham verbunden. Der von der UNESCO ins Leben gerufene Weltalphabetisierungstag soll auf die Thematik aufmerksam machen und der damit verbundene st\u00e4dtische Aktionstag den Zugang zum Lesen erleichtern und f\u00f6rdern\u201c, erl\u00e4utert B\u00fcrgermeisterin und Bildungsdezernentin Monika Kabs.<\/p>\n\n\n\n<p>Sowohl die VHS als auch die Stadtbibliothek bieten seit vielen Jahren f\u00fcr Menschen mit Lese-\/Schreibschwierigkeiten, aber auch f\u00fcr zugewanderte Menschen vielf\u00e4ltige, unterst\u00fctzende Kurse an. \u00a0\u00a0\u00a0\u00a0<br>Informationen zum aktuellen Kursangebot sind unter <a href=\"https:\/\/deref-web.de\/mail\/client\/OZQli-6lJ98\/dereferrer\/?redirectUrl=http%3A%2F%2Fwww.vhs-speyer.de\" target=\"_blank\" rel=\"noreferrer noopener\">www.vhs-speyer.de<\/a>\u00a0und\u00a0 <a href=\"https:\/\/deref-web.de\/mail\/client\/Lxhx9Yxpx1s\/dereferrer\/?redirectUrl=http%3A%2F%2Fwww.speyer.de%2Fde%2Fbildung%2Fstadtbibliothek%2F\" target=\"_blank\" rel=\"noreferrer noopener\">www.speyer.de\/de\/bildung\/stadtbibliothek\/<\/a>\u00a0abrufbar.<\/p>\n\n\n\n<p><em>Stadt Speyer<br>26.08.2021<\/em><\/p>\n\n\n\n<h2 class=\"wp-block-heading\">Coronabedingte Verst\u00e4rkerfahrten im Sch\u00fclerverkehr auch nach den Sommerferien<\/h2>\n\n\n\n<div class=\"wp-block-image\"><figure class=\"aligncenter\"><img decoding=\"async\" src=\"https:\/\/speyer24news.com\/wp-content\/uploads\/2020\/05\/Info-05-05-2020_%C3%96PNV.jpg\" alt=\"\" class=\"wp-image-26896\"\/><\/figure><\/div>\n\n\n\n<p>Die Stadtverwaltung Speyer informiert, dass auch nach den Sommerferien \u2013 beginnend am ersten Schultag&nbsp;<strong>am Montag, 30. August 2021<\/strong>&nbsp;\u2013 w\u00e4hrend der Hauptverkehrszeit zus\u00e4tzliche Busse f\u00fcr die Sch\u00fclerbef\u00f6rderung eingesetzt werden.<\/p>\n\n\n\n<p>\u201eDie Verst\u00e4rkerfahrten haben sich in den vergangenen Monaten bew\u00e4hrt. Insbesondere mit Blick auf das neue Schuljahr, das f\u00fcr die Sch\u00fclerinnen und Sch\u00fcler hoffentlich weitestgehend in Pr\u00e4senz stattfinden kann, ist es sinnvoll, das Angebot beizubehalten, um \u00fcberf\u00fcllte Busse zuverl\u00e4ssig zu vermeiden. Das schafft f\u00fcr alle mehr Sicherheit\u201c, unterstreicht Schuldezernentin Monika Kabs.<\/p>\n\n\n\n<p>Die Linien 507, 568, 572 und 573, die abschnittsweise einer starken Belastung ausgesetzt sind, werden weiterhin wie folgt unterst\u00fctzt:<\/p>\n\n\n\n<h4 class=\"wp-block-heading\">Linie 507 (Harthausen \u2013 Hanhofen \u2013 Dudenhofen \u2013 Speyer):<\/h4>\n\n\n\n<ul><li><em>von<\/em>&nbsp;Harthausen, Autohaus Engel: 07:08 Uhr<\/li><li><em>nach<\/em>&nbsp;Speyer, Karl-Leiling-Allee: 07:45 Uhr<\/li><\/ul>\n\n\n\n<h4 class=\"wp-block-heading\">Linie 573 (Iggelheim \u2013 Speyer)<\/h4>\n\n\n\n<ul><li><em>von<\/em>&nbsp;Iggelheim, Eisenbahnstra\u00dfe Hin: 06:56 Uhr<\/li><li><em>nach<\/em>&nbsp;Speyer, Stadthalle R\u00fcck: 07:18 Uhr<\/li><li><em>Leerfahrt nach Dudenhofen, Kirche<\/em><\/li><\/ul>\n\n\n\n<h4 class=\"wp-block-heading\">Linie 507 (Dudenhofen \u2013 Speyer)<\/h4>\n\n\n\n<ul><li><em>von<\/em>&nbsp;Dudenhofen, Kirche: 07:31 Uhr<\/li><li><em>nach<\/em>&nbsp;Speyer, Karl-Leiling-Allee: 07:53 Uhr<\/li><\/ul>\n\n\n\n<h4 class=\"wp-block-heading\">Linie 568 (R\u00f6merberg \u2013 Speyer)<\/h4>\n\n\n\n<ul><li><em>von<\/em>&nbsp;Mechtersheim (R\u00f6merberg), Trifelsstra\u00dfe: 07:00 Uhr<\/li><li><em>nach<\/em>&nbsp;Speyer, Kolb Schulzentrum: 07:45 Uhr<\/li><\/ul>\n\n\n\n<h4 class=\"wp-block-heading\">Linie 572 (Waldsee \u2013 Otterstadt \u2013 Speyer)<\/h4>\n\n\n\n<ul><li><em>von<\/em>&nbsp;Waldsee, Friedhof: 07:01 Uhr<\/li><li><em>nach<\/em>&nbsp;Speyer, Karl-Leiling-Allee: 07:34 Uhr<\/li><\/ul>\n\n\n\n<p><em>Stadt Speyer<br>26.08.2021<\/em><\/p>\n\n\n\n<h1 class=\"has-text-align-center wp-block-heading\">Verkehrsnotizen<\/h1>\n\n\n\n<div class=\"wp-block-image\"><figure class=\"aligncenter size-large\"><img decoding=\"async\" loading=\"lazy\" width=\"800\" height=\"565\" src=\"https:\/\/speyer24news.com\/wp-content\/uploads\/2020\/01\/Baustelle-2.jpg\" alt=\"\" class=\"wp-image-23900\" srcset=\"https:\/\/speyer24news.com\/wp-content\/uploads\/2020\/01\/Baustelle-2.jpg 800w, https:\/\/speyer24news.com\/wp-content\/uploads\/2020\/01\/Baustelle-2-300x212.jpg 300w, https:\/\/speyer24news.com\/wp-content\/uploads\/2020\/01\/Baustelle-2-768x542.jpg 768w\" sizes=\"(max-width: 800px) 100vw, 800px\" \/><\/figure><\/div>\n\n\n\n<h2 class=\"wp-block-heading\">Hagedornsgasse gesperrt<\/h2>\n\n\n\n<p><strong>Ab Mittwoch, den 01.09.2021 bis voraussichtlich 1. November 2021<\/strong> wird aufgrund einer Kranstellung die Hagedornsgasse auf H\u00f6he der Hausnummer 5 f\u00fcr den Individualverkehr komplett gesperrt.<\/p>\n\n\n\n<p>Die Einbahnregelung wird aufgehoben. Eine Umleitung wird eingerichtet.<\/p>\n\n\n\n<p>F\u00fcr R\u00fcckfragen steht die Stra\u00dfenverkehrsbeh\u00f6rde unter der Rufnummer 14-2938 zur Verf\u00fcgung.<\/p>\n\n\n\n<p><em>Stadt Speyer<br>26.08.2021<\/em><\/p>\n","protected":false},"excerpt":{"rendered":"<div class=\"mh-excerpt\"><p>Stadtnotizen Aktionswoche \u201eDas Ehrenamt braucht Dich!\u201c vom 30. August bis 5. September 2021 Anl\u00e4sslich des 18. Landesweiten Ehrenamtstag f\u00fcr Rheinland-Pfalz am 29. August 2021 ruft die Stadt Speyer eine Aktionswoche unter dem Motto \u201eDas Ehrenamt <a class=\"mh-excerpt-more\" href=\"https:\/\/speyer24news.com\/?p=39971\" title=\"Stadtnotizen &#038; Verkehrsnotizen aus Speyer\">[&#8230;]<\/a><\/p>\n<\/div>","protected":false},"author":3,"featured_media":23902,"comment_status":"open","ping_status":"open","sticky":false,"template":"","format":"standard","meta":{"_monsterinsights_skip_tracking":false,"_monsterinsights_sitenote_active":false,"_monsterinsights_sitenote_note":"","_monsterinsights_sitenote_category":0,"footnotes":""},"categories":[47],"tags":[12710,216,5113,12712,12711,12715,2742,3185,8659,7491,42,2593,6579,8733,6,1434,657,1296,658,1114,8268,12714,12713],"aioseo_notices":[],"amp_enabled":true,"_links":{"self":[{"href":"https:\/\/speyer24news.com\/index.php?rest_route=\/wp\/v2\/posts\/39971"}],"collection":[{"href":"https:\/\/speyer24news.com\/index.php?rest_route=\/wp\/v2\/posts"}],"about":[{"href":"https:\/\/speyer24news.com\/index.php?rest_route=\/wp\/v2\/types\/post"}],"author":[{"embeddable":true,"href":"https:\/\/speyer24news.com\/index.php?rest_route=\/wp\/v2\/users\/3"}],"replies":[{"embeddable":true,"href":"https:\/\/speyer24news.com\/index.php?rest_route=%2Fwp%2Fv2%2Fcomments&post=39971"}],"version-history":[{"count":1,"href":"https:\/\/speyer24news.com\/index.php?rest_route=\/wp\/v2\/posts\/39971\/revisions"}],"predecessor-version":[{"id":39974,"href":"https:\/\/speyer24news.com\/index.php?rest_route=\/wp\/v2\/posts\/39971\/revisions\/39974"}],"wp:featuredmedia":[{"embeddable":true,"href":"https:\/\/speyer24news.com\/index.php?rest_route=\/wp\/v2\/media\/23902"}],"wp:attachment":[{"href":"https:\/\/speyer24news.com\/index.php?rest_route=%2Fwp%2Fv2%2Fmedia&parent=39971"}],"wp:term":[{"taxonomy":"category","embeddable":true,"href":"https:\/\/speyer24news.com\/index.php?rest_route=%2Fwp%2Fv2%2Fcategories&post=39971"},{"taxonomy":"post_tag","embeddable":true,"href":"https:\/\/speyer24news.com\/index.php?rest_route=%2Fwp%2Fv2%2Ftags&post=39971"}],"curies":[{"name":"wp","href":"https:\/\/api.w.org\/{rel}","templated":true}]}}