{"id":40047,"date":"2021-08-31T04:06:02","date_gmt":"2021-08-31T03:06:02","guid":{"rendered":"https:\/\/speyer24news.com\/?p=40047"},"modified":"2021-08-31T04:09:20","modified_gmt":"2021-08-31T03:09:20","slug":"corona-speyer-79","status":"publish","type":"post","link":"https:\/\/speyer24news.com\/?p=40047","title":{"rendered":"Corona Speyer"},"content":{"rendered":"<style type=\"text\/css\">\r\n\t.ads_top_disp{}\r\n\t.ads_top_corner_disp{ float:left; margin:0px 10px 10px 0px; }\r\n\t.ads_first_p_disp{}\r\n\t.ads_bottom_disp{}\r\n\t<\/style>\n<h2 class=\"wp-block-heading\">Tagesaktuelle Fallzahlen f\u00fcr die Stadt Speyer vom Montag (30.08.2021)<\/h2>\n\n\n\n<h3 class=\"wp-block-heading\">Landes Sieben-Tage-Inzidenz steigt auf 72,1 &#8211; h\u00f6chster Wert seit dem 17. Mai.<\/h3>\n\n\n\n<div class=\"wp-block-image\"><figure class=\"aligncenter\"><img decoding=\"async\" loading=\"lazy\" width=\"800\" height=\"400\" src=\"https:\/\/speyer24news.com\/wp-content\/uploads\/2020\/05\/virus-1812092_1920.jpg\" alt=\"\" class=\"wp-image-26778\" srcset=\"https:\/\/speyer24news.com\/wp-content\/uploads\/2020\/05\/virus-1812092_1920.jpg 800w, https:\/\/speyer24news.com\/wp-content\/uploads\/2020\/05\/virus-1812092_1920-300x150.jpg 300w, https:\/\/speyer24news.com\/wp-content\/uploads\/2020\/05\/virus-1812092_1920-768x384.jpg 768w\" sizes=\"(max-width: 800px) 100vw, 800px\" \/><\/figure><\/div>\n\n\n\n<h2 class=\"wp-block-heading\">Montag (30.08.2021)<\/h2>\n\n\n\n<p>Anzahl best\u00e4tigter F\u00e4lle von Coronavirus (SARS-CoV-2)-Infektionen in der Stadt Speyer: 3.003 ( + 6 gegen\u00fcber Freitag )<br>Davon bereits genesen:&nbsp;2.818<br>Todesf\u00e4lle: 87 ( unver\u00e4ndert )<br>Gemeldete F\u00e4lle der letzten sieben Tage pro 100.000 Einwohner*innen (Inzidenz gem\u00e4\u00df LUA): 77,1 <strong>( + 19,7 gegen\u00fcber Freitag<\/strong> <strong>)<\/strong><\/p>\n\n\n\n<p><em>Landesuntersuchungsamt (LUA) Rheinland-Pfalz<br>31.08.2021<\/em><\/p>\n\n\n\n<h2 class=\"wp-block-heading\">Entwicklung des Inzidenzwerts in den letzten sieben Tagen in Speyer<\/h2>\n\n\n\n<div class=\"wp-block-image\"><figure class=\"aligncenter\"><img decoding=\"async\" loading=\"lazy\" width=\"800\" height=\"533\" src=\"https:\/\/speyer24news.com\/wp-content\/uploads\/2020\/02\/coronavirus-4810201_1920.jpg\" alt=\"\" class=\"wp-image-25125\" srcset=\"https:\/\/speyer24news.com\/wp-content\/uploads\/2020\/02\/coronavirus-4810201_1920.jpg 800w, https:\/\/speyer24news.com\/wp-content\/uploads\/2020\/02\/coronavirus-4810201_1920-300x200.jpg 300w, https:\/\/speyer24news.com\/wp-content\/uploads\/2020\/02\/coronavirus-4810201_1920-768x512.jpg 768w\" sizes=\"(max-width: 800px) 100vw, 800px\" \/><\/figure><\/div>\n\n\n\n<figure class=\"wp-block-table\"><table><tbody><tr><td>Montag, 30. August 2021<\/td><td>74,9<\/td><\/tr><tr><td>Sonntag, 29. August 2021<\/td><td>78,8<\/td><\/tr><tr><td>Samstag, 28. August 2021<\/td><td>57,2<\/td><\/tr><tr><td>Freitag, 27. August 2021<\/td><td>37,6<\/td><\/tr><tr><td>Donnerstag, 26. August 2021<\/td><td>61,1<\/td><\/tr><tr><td>Mittwoch, 25. August 2021<\/td><td>61,3<\/td><\/tr><tr><td>Dienstag, 24. August 2021<\/td><td>69,2<\/td><\/tr><\/tbody><\/table><\/figure>\n\n\n\n<p><em>Robert-Koch-Institut (RKI)<br>31.08.2021<\/em><\/p>\n","protected":false},"excerpt":{"rendered":"<div class=\"mh-excerpt\"><p>Tagesaktuelle Fallzahlen f\u00fcr die Stadt Speyer vom Montag (30.08.2021) Landes Sieben-Tage-Inzidenz steigt auf 72,1 &#8211; h\u00f6chster Wert seit dem 17. Mai. Montag (30.08.2021) Anzahl best\u00e4tigter F\u00e4lle von Coronavirus (SARS-CoV-2)-Infektionen in der Stadt Speyer: 3.003 ( <a class=\"mh-excerpt-more\" href=\"https:\/\/speyer24news.com\/?p=40047\" title=\"Corona Speyer\">[&#8230;]<\/a><\/p>\n<\/div>","protected":false},"author":3,"featured_media":25126,"comment_status":"open","ping_status":"open","sticky":false,"template":"","format":"standard","meta":{"_monsterinsights_skip_tracking":false,"_monsterinsights_sitenote_active":false,"_monsterinsights_sitenote_note":"","_monsterinsights_sitenote_category":0,"footnotes":""},"categories":[11613],"tags":[6401,8404,6367,6940,8725,6359,6370,5904,6358,7003,5801,6342,11269,11270,6],"aioseo_notices":[],"amp_enabled":true,"_links":{"self":[{"href":"https:\/\/speyer24news.com\/index.php?rest_route=\/wp\/v2\/posts\/40047"}],"collection":[{"href":"https:\/\/speyer24news.com\/index.php?rest_route=\/wp\/v2\/posts"}],"about":[{"href":"https:\/\/speyer24news.com\/index.php?rest_route=\/wp\/v2\/types\/post"}],"author":[{"embeddable":true,"href":"https:\/\/speyer24news.com\/index.php?rest_route=\/wp\/v2\/users\/3"}],"replies":[{"embeddable":true,"href":"https:\/\/speyer24news.com\/index.php?rest_route=%2Fwp%2Fv2%2Fcomments&post=40047"}],"version-history":[{"count":2,"href":"https:\/\/speyer24news.com\/index.php?rest_route=\/wp\/v2\/posts\/40047\/revisions"}],"predecessor-version":[{"id":40050,"href":"https:\/\/speyer24news.com\/index.php?rest_route=\/wp\/v2\/posts\/40047\/revisions\/40050"}],"wp:featuredmedia":[{"embeddable":true,"href":"https:\/\/speyer24news.com\/index.php?rest_route=\/wp\/v2\/media\/25126"}],"wp:attachment":[{"href":"https:\/\/speyer24news.com\/index.php?rest_route=%2Fwp%2Fv2%2Fmedia&parent=40047"}],"wp:term":[{"taxonomy":"category","embeddable":true,"href":"https:\/\/speyer24news.com\/index.php?rest_route=%2Fwp%2Fv2%2Fcategories&post=40047"},{"taxonomy":"post_tag","embeddable":true,"href":"https:\/\/speyer24news.com\/index.php?rest_route=%2Fwp%2Fv2%2Ftags&post=40047"}],"curies":[{"name":"wp","href":"https:\/\/api.w.org\/{rel}","templated":true}]}}