{"id":40112,"date":"2021-09-01T09:33:42","date_gmt":"2021-09-01T08:33:42","guid":{"rendered":"https:\/\/speyer24news.com\/?p=40112"},"modified":"2021-09-01T09:34:29","modified_gmt":"2021-09-01T08:34:29","slug":"wirtschaft-finanzen-rente-16","status":"publish","type":"post","link":"https:\/\/speyer24news.com\/?p=40112","title":{"rendered":"Wirtschaft \/ Finanzen \/ Rente"},"content":{"rendered":"<style type=\"text\/css\">\r\n\t.ads_top_disp{}\r\n\t.ads_top_corner_disp{ float:left; margin:0px 10px 10px 0px; }\r\n\t.ads_first_p_disp{}\r\n\t.ads_bottom_disp{}\r\n\t<\/style>\n<h1 class=\"has-text-align-center wp-block-heading\">Stadtwerke Speyer<\/h1>\n\n\n\n<div class=\"wp-block-image\"><figure class=\"aligncenter size-large\"><img decoding=\"async\" loading=\"lazy\" width=\"600\" height=\"209\" src=\"https:\/\/speyer24news.com\/wp-content\/uploads\/2020\/10\/SWS-Logo-1024x356.jpg\" alt=\"\" class=\"wp-image-30557\" srcset=\"https:\/\/speyer24news.com\/wp-content\/uploads\/2020\/10\/SWS-Logo-1024x356.jpg 600w, https:\/\/speyer24news.com\/wp-content\/uploads\/2020\/10\/SWS-Logo-1024x356-300x105.jpg 300w\" sizes=\"(max-width: 600px) 100vw, 600px\" \/><\/figure><\/div>\n\n\n\n<h2 class=\"wp-block-heading\">Stadtwerke warnen vor vermeintlichen SWS-Anrufen<\/h2>\n\n\n\n<h3 class=\"wp-block-heading\">Keine Vertr\u00e4ge abschlie\u00dfen und Bankdaten weitergeben!<\/h3>\n\n\n\n<div class=\"wp-block-image\"><figure class=\"aligncenter size-large\"><img decoding=\"async\" loading=\"lazy\" width=\"594\" height=\"400\" src=\"https:\/\/speyer24news.com\/wp-content\/uploads\/2021\/01\/Achtung-Wichtig.png\" alt=\"\" class=\"wp-image-32274\" srcset=\"https:\/\/speyer24news.com\/wp-content\/uploads\/2021\/01\/Achtung-Wichtig.png 594w, https:\/\/speyer24news.com\/wp-content\/uploads\/2021\/01\/Achtung-Wichtig-300x202.png 300w\" sizes=\"(max-width: 594px) 100vw, 594px\" \/><\/figure><\/div>\n\n\n\n<p>In den letzten Tagen riefen zahlreiche Kundinnen und Kunden bei den Stadtwerken Speyer (SWS) an. Diese informierten dar\u00fcber, dass sie mit der Nummer 030\/255583519 angeblich von den SWS angerufen wurden und neue Vertr\u00e4ge abschlie\u00dfen und Bankdaten nennen sollten. W\u00fcrden die Bankdaten nicht herausgegeben, m\u00fcssten die Stromz\u00e4hler gesperrt werden, so die telefonischen Einsch\u00fcchterungen. Die SWS distanzieren sich von den Anrufen. Die Mitarbeitenden wenden sich nur bei R\u00fcckfragen an die Kundinnen und Kunden, dann wird eine Speyerer Nummer im Display angezeigt.<\/p>\n\n\n\n<div class=\"wp-block-image\"><figure class=\"aligncenter size-large\"><img decoding=\"async\" loading=\"lazy\" width=\"800\" height=\"588\" src=\"https:\/\/speyer24news.com\/wp-content\/uploads\/2021\/01\/Telefonbetrug.jpg\" alt=\"\" class=\"wp-image-32080\" srcset=\"https:\/\/speyer24news.com\/wp-content\/uploads\/2021\/01\/Telefonbetrug.jpg 800w, https:\/\/speyer24news.com\/wp-content\/uploads\/2021\/01\/Telefonbetrug-300x221.jpg 300w, https:\/\/speyer24news.com\/wp-content\/uploads\/2021\/01\/Telefonbetrug-768x564.jpg 768w, https:\/\/speyer24news.com\/wp-content\/uploads\/2021\/01\/Telefonbetrug-80x60.jpg 80w\" sizes=\"(max-width: 800px) 100vw, 800px\" \/><\/figure><\/div>\n\n\n\n<p>Die Stadtwerke stellen klar, dass sie weder Kooperationen mit anderen Energieh\u00e4ndlern haben noch Vertr\u00e4ge\/Tarifwechsel am Telefon anbieten bzw. Z\u00e4hlerdaten und Bankdaten abfragen. Die SWS raten, generell keine pers\u00f6nlichen Daten, Z\u00e4hlerst\u00e4nde, Energieverbr\u00e4uche, Bankverbindungen usw. weiterzugeben. Wird man unerw\u00fcnscht kontaktiert, sollten Name, Firma und Telefonnummer des Anrufenden notiert werden. Sofern genaue Angaben zu den Anrufenden gemacht werden k\u00f6nnen, ist es m\u00f6glich, gemeinsam juristische Schritte einzuleiten. Gegen einige Wettbewerber konnten die SWS mit Unterst\u00fctzung engagierter Kundinnen und Kunden bereits erfolgreich gerichtlich vorgehen, worauf die unseri\u00f6sen Aktivit\u00e4ten per Gerichtsbeschluss untersagt wurden. Dennoch kommt es immer wieder zu entsprechenden Vorf\u00e4llen.<\/p>\n\n\n\n<p>Wer R\u00fcckfragen hat bzw. Unterst\u00fctzung ben\u00f6tigt, wendet sich unter Tel. 06232\/625-1110 oder E-Mail:&nbsp;<a href=\"mailto:vertrieb@stadtwerke-speyer.de\" target=\"_blank\" rel=\"noreferrer noopener\">vertrieb@stadtwerke-speyer.de<\/a>&nbsp;an die SWS.<\/p>\n\n\n\n<p><em>Stadtwerke Speyer GmbH<br>01.09.2021<\/em><\/p>\n\n\n\n<h1 class=\"has-text-align-center wp-block-heading\">Bundesagentur f\u00fcr Arbeit<\/h1>\n\n\n\n<div class=\"wp-block-image\"><figure class=\"aligncenter size-large\"><img decoding=\"async\" src=\"https:\/\/speyer24news.com\/wp-content\/uploads\/2020\/01\/Bundesagentur-f\u00fcr-Arbeit-BA.png\" alt=\"\" class=\"wp-image-24472\"\/><\/figure><\/div>\n\n\n\n<h2 class=\"wp-block-heading\">Der Arbeitsmarkt im August 2021<\/h2>\n\n\n\n<h3 class=\"wp-block-heading\">Erneute deutliche Besserung trotz Sommerpause<\/h3>\n\n\n\n<p><strong>\u201eDer Arbeitsmarkt hat sich weiter erholt. Arbeitslosigkeit und Unterbesch\u00e4ftigung sind weiter kr\u00e4ftig gesunken, obwohl noch Sommerpause ist. Das Besch\u00e4ftigungswachstum gewinnt an Schwung.\u201c, sagte der Vorstandsvorsitzende der Bundesagentur f\u00fcr Arbeit (BA), Detlef Scheele, heute anl\u00e4sslich der monatlichen Pressekonferenz in N\u00fcrnberg.<\/strong><\/p>\n\n\n\n<ul><li><strong>Arbeitslosenzahl im August: -12.000 auf 2.578.000<\/strong><\/li><li><strong>Arbeitslosenzahl im Vorjahresvergleich: -377.000<\/strong><\/li><li><strong>Arbeitslosenquote gegen\u00fcber Vormonat: unver\u00e4ndert bei 5,6 Prozent<\/strong><\/li><\/ul>\n\n\n\n<h2 class=\"wp-block-heading\">Arbeitslosigkeit, Unterbesch\u00e4ftigung und Erwerbslosigkeit<\/h2>\n\n\n\n<p>Nach den weitgehenden \u00d6ffnungsschritten der letzten Monate hat sich die Zahl der Arbeitslosen auch im August 2021 \u2013 wie schon im Juli und anders als sonst in diesen Monaten \u00fcblich \u2013 gegen\u00fcber dem Vormonat verringert, und zwar um 12.000 auf 2.578.000. Saisonbereinigt hat sie um 53.000 stark abgenommen. Gegen\u00fcber dem August des vorigen Jahres ist sie um 377.000 gesunken. Die Arbeitslosenquote liegt wie im Juli bei 5,6 Prozent, 0,8 Prozentpunkte niedriger als im August 2020. Mit den Folgen der Corona-Krise in Zusammenhang stehen d\u00fcrfte noch ein Plus von 261.000 Arbeitslosen bzw. 0,6 Prozentpunkten bei der Arbeitslosenquote. Die nach dem ILO-Erwerbskonzept vom Statistischen Bundesamt ermittelte Erwerbslosenquote lag im Juli bei 3,7 Prozent.<\/p>\n\n\n\n<p>Die Unterbesch\u00e4ftigung, die auch Ver\u00e4nderungen in der Arbeitsmarktpolitik und kurzfristiger Arbeitsunf\u00e4higkeit ber\u00fccksichtigt, lag im August bei 3.345.000 Personen. Das waren 355.000 weniger als vor einem Jahr.<\/p>\n\n\n\n<h3 class=\"wp-block-heading\">Kurzarbeit<\/h3>\n\n\n\n<p>Vor Beginn von Kurzarbeit m\u00fcssen Betriebe eine Anzeige \u00fcber den voraussichtlichen Arbeitsausfall erstatten. Nach aktuellen Daten zu gepr\u00fcften Anzeigen wurde vom 1. bis einschlie\u00dflich 25. August f\u00fcr 68.000 Personen konjunkturelle Kurzarbeit angezeigt.<\/p>\n\n\n\n<p>Aktuelle Daten zur tats\u00e4chlichen Inanspruchnahme stehen bis Juni 2021 zur Verf\u00fcgung. So wurde nach vorl\u00e4ufigen hochgerechneten Daten der Bundesagentur f\u00fcr Arbeit in diesem Monat f\u00fcr 1,59 Millionen Arbeitnehmer konjunkturelles Kurzarbeitergeld gezahlt. Die Inanspruchnahme geht damit weiter zur\u00fcck. Im April 2020 hatte sie mit knapp 6 Millionen den H\u00f6hepunkt erreicht.<\/p>\n\n\n\n<h3 class=\"wp-block-heading\">Erwerbst\u00e4tigkeit und Besch\u00e4ftigung<\/h3>\n\n\n\n<p>Erwerbst\u00e4tigkeit und sozialversicherungspflichtige Besch\u00e4ftigung lassen aktuell eine beachtliche Aufw\u00e4rtsbewegung erkennen. Nach Angaben des Statistischen Bundesamtes ist die Zahl der Erwerbst\u00e4tigen (nach dem Inlandskonzept) im Juli 2021 saisonbereinigt gegen\u00fcber dem Vormonat um 100.000 gestiegen. Mit 44,97 Millionen Personen fiel sie im Vergleich zum Vorjahr um 280.000 h\u00f6her aus. Die sozialversicherungspflichtige Besch\u00e4ftigung nahm saisonbereinigt von Mai auf Juni um 79.000 zu. Im Vergleich zum Vorjahr ist die sozialversicherungspflichtige Besch\u00e4ftigung im Juni nach Hochrechnungen der BA um 463.000 auf 33,79 Millionen Besch\u00e4ftigte gestiegen. Die geringf\u00fcgig entlohnte Besch\u00e4ftigung erholt sich ebenfalls von den Ma\u00dfnahmen zur Eind\u00e4mmung der Corona-Pandemie. Im Juni betrug ihre Zahl 7,14 Millionen. Saisonbereinigt bedeutet das einen sp\u00fcrbaren Anstieg von 100.000 gegen\u00fcber dem Vormonat.<\/p>\n\n\n\n<h3 class=\"wp-block-heading\">Arbeitskr\u00e4ftenachfrage<\/h3>\n\n\n\n<p>Die Nachfrage nach neuen Personal hat sich im August kr\u00e4ftig belebt. So waren 779.000 Arbeitsstellen bei der BA gemeldet, 195.000 mehr als vor einem Jahr. Saisonbereinigt hat sich der Bestand der bei der BA gemeldeten Arbeitsstellen um 22.000 erh\u00f6ht. Der BA-Stellenindex (BA X) \u2013 ein Indikator f\u00fcr die Nachfrage nach Personal in Deutschland \u2013 stieg im August 2021 um 1 Punkt auf 123 Punkte. Er liegt damit 30 Punkte \u00fcber dem Wert von August 2020. Der BA-X \u00fcbertrifft auch den Wert vom M\u00e4rz 2020, also dem letzten Berichtsmonat, bevor die Auswirkungen der Pandemiema\u00dfnahmen auf dem Arbeitsmarkt sichtbar wurden.<\/p>\n\n\n\n<h3 class=\"wp-block-heading\">Geldleistungen<\/h3>\n\n\n\n<p>794.000 Personen erhielten im August 2021 Arbeitslosengeld, 348.000 weniger als vor einem Jahr. Die Zahl der erwerbsf\u00e4higen Leistungsberechtigten in der Grundsicherung f\u00fcr Arbeitsuchende (SGB II) lag im August bei 3.802.000. Gegen\u00fcber August 2020 war dies ein R\u00fcckgang von 166.000 Personen. 7,0 Prozent der in Deutschland lebenden Personen im erwerbsf\u00e4higen Alter waren damit hilfebed\u00fcrftig.<\/p>\n\n\n\n<h3 class=\"wp-block-heading\">Ausbildungsmarkt<\/h3>\n\n\n\n<p>Von Oktober 2020 bis August 2021 meldeten sich bei den Agenturen f\u00fcr Arbeit und den Jobcentern 420.000 Bewerberinnen und Bewerber f\u00fcr eine Ausbildungsstelle. Das waren 37.000 weniger als im Vorjahreszeitraum. Der R\u00fcckgang ist dabei nicht mit einem r\u00fcckl\u00e4ufigen Interesse von jungen Menschen an der Berufsausbildung gleichzusetzen. Vielmehr unterblieben viele Meldungen, weil die gewohnten Zugangswege beeintr\u00e4chtigt waren und durch digitale Alternativen nicht vollst\u00e4ndig ersetzt werden konnten. 84.000 Bewerberinnen und Bewerber waren im August noch unversorgt. Seit Oktober 2020 wurden 500.000 Ausbildungsstellen gemeldet, 14.000 weniger als vor einem Jahr. Von den gemeldeten Ausbildungsstellen waren 151.000 im August noch unbesetzt. Insgesamt ist eine Aufhellung am Ausbildungsmarkt sichtbar geworden. In den n\u00e4chsten Wochen werden erfahrungsgem\u00e4\u00df noch viele bislang unversorgte Bewerber eine Ausbildung oder eine Alternative finden und Ausbildungsstellen noch besetzt werden.<\/p>\n\n\n\n<h4 class=\"wp-block-heading\">Den ausf\u00fchrlichen Monatsbericht finden Sie im Internet unter <a href=\"https:\/\/deref-web.de\/mail\/client\/cCyeWcf-PFg\/dereferrer\/?redirectUrl=https%3A%2F%2Fstatistik.arbeitsagentur.de\" target=\"_blank\" rel=\"noreferrer noopener\">https:\/\/statistik.arbeitsagentur.de<\/a>.<\/h4>\n\n\n\n<p><em>Bundesagentur f\u00fcr Arbeit<br>01.09.2021<\/em><\/p>\n","protected":false},"excerpt":{"rendered":"<div class=\"mh-excerpt\"><p>Stadtwerke Speyer Stadtwerke warnen vor vermeintlichen SWS-Anrufen Keine Vertr\u00e4ge abschlie\u00dfen und Bankdaten weitergeben! In den letzten Tagen riefen zahlreiche Kundinnen und Kunden bei den Stadtwerken Speyer (SWS) an. Diese informierten dar\u00fcber, dass sie mit der <a class=\"mh-excerpt-more\" href=\"https:\/\/speyer24news.com\/?p=40112\" title=\"Wirtschaft \/ Finanzen \/ Rente\">[&#8230;]<\/a><\/p>\n<\/div>","protected":false},"author":3,"featured_media":30614,"comment_status":"open","ping_status":"open","sticky":false,"template":"","format":"standard","meta":{"_monsterinsights_skip_tracking":false,"_monsterinsights_sitenote_active":false,"_monsterinsights_sitenote_note":"","_monsterinsights_sitenote_category":0,"footnotes":""},"categories":[29],"tags":[553,3097,551,6612,31,1442,1087,4698,6539],"aioseo_notices":[],"amp_enabled":true,"_links":{"self":[{"href":"https:\/\/speyer24news.com\/index.php?rest_route=\/wp\/v2\/posts\/40112"}],"collection":[{"href":"https:\/\/speyer24news.com\/index.php?rest_route=\/wp\/v2\/posts"}],"about":[{"href":"https:\/\/speyer24news.com\/index.php?rest_route=\/wp\/v2\/types\/post"}],"author":[{"embeddable":true,"href":"https:\/\/speyer24news.com\/index.php?rest_route=\/wp\/v2\/users\/3"}],"replies":[{"embeddable":true,"href":"https:\/\/speyer24news.com\/index.php?rest_route=%2Fwp%2Fv2%2Fcomments&post=40112"}],"version-history":[{"count":2,"href":"https:\/\/speyer24news.com\/index.php?rest_route=\/wp\/v2\/posts\/40112\/revisions"}],"predecessor-version":[{"id":40114,"href":"https:\/\/speyer24news.com\/index.php?rest_route=\/wp\/v2\/posts\/40112\/revisions\/40114"}],"wp:featuredmedia":[{"embeddable":true,"href":"https:\/\/speyer24news.com\/index.php?rest_route=\/wp\/v2\/media\/30614"}],"wp:attachment":[{"href":"https:\/\/speyer24news.com\/index.php?rest_route=%2Fwp%2Fv2%2Fmedia&parent=40112"}],"wp:term":[{"taxonomy":"category","embeddable":true,"href":"https:\/\/speyer24news.com\/index.php?rest_route=%2Fwp%2Fv2%2Fcategories&post=40112"},{"taxonomy":"post_tag","embeddable":true,"href":"https:\/\/speyer24news.com\/index.php?rest_route=%2Fwp%2Fv2%2Ftags&post=40112"}],"curies":[{"name":"wp","href":"https:\/\/api.w.org\/{rel}","templated":true}]}}