{"id":40124,"date":"2021-09-02T06:04:38","date_gmt":"2021-09-02T05:04:38","guid":{"rendered":"https:\/\/speyer24news.com\/?p=40124"},"modified":"2021-09-02T06:04:40","modified_gmt":"2021-09-02T05:04:40","slug":"freiwillige-feuerwehr-speyer","status":"publish","type":"post","link":"https:\/\/speyer24news.com\/?p=40124","title":{"rendered":"Freiwillige Feuerwehr Speyer"},"content":{"rendered":"<style type=\"text\/css\">\r\n\t.ads_top_disp{}\r\n\t.ads_top_corner_disp{ float:left; margin:0px 10px 10px 0px; }\r\n\t.ads_first_p_disp{}\r\n\t.ads_bottom_disp{}\r\n\t<\/style>\n<h2 class=\"wp-block-heading\">Ehrungen zum Ehrentag am 29.08.2021<\/h2>\n\n\n\n<div class=\"wp-block-image\"><figure class=\"aligncenter size-large\"><img decoding=\"async\" loading=\"lazy\" width=\"800\" height=\"532\" src=\"https:\/\/speyer24news.com\/wp-content\/uploads\/2021\/09\/DSC_0069.jpg\" alt=\"\" class=\"wp-image-40125\" srcset=\"https:\/\/speyer24news.com\/wp-content\/uploads\/2021\/09\/DSC_0069.jpg 800w, https:\/\/speyer24news.com\/wp-content\/uploads\/2021\/09\/DSC_0069-300x200.jpg 300w, https:\/\/speyer24news.com\/wp-content\/uploads\/2021\/09\/DSC_0069-768x511.jpg 768w\" sizes=\"(max-width: 800px) 100vw, 800px\" \/><figcaption>Peter Eymann (Brand- und Katastrophenschutzinspekteur) ist Stolz auf seine Truppe.<\/figcaption><\/figure><\/div>\n\n\n\n<p>Zum Ehrenamtstag am Sonntag, den 29. August 2021 wurde nicht nur das Ehrenamt gew\u00fcrdigt. Oberb\u00fcrgermeisterin Stefanie Seiler und Peter Eymann (Brand- und Katastrophenschutzinspekteur) nutzten den Tag um bei und mit der Speyerer Feuerwehr Ehrungen, Bef\u00f6rderungen, Ernennungen und Verabschiedungen nachzuholen, die bislang pandemiebedingt nicht stattfinden konnten.<\/p>\n\n\n\n<div class=\"wp-block-image\"><figure class=\"aligncenter size-large\"><img decoding=\"async\" loading=\"lazy\" width=\"800\" height=\"532\" src=\"https:\/\/speyer24news.com\/wp-content\/uploads\/2021\/09\/DSC_0071.jpg\" alt=\"\" class=\"wp-image-40126\" srcset=\"https:\/\/speyer24news.com\/wp-content\/uploads\/2021\/09\/DSC_0071.jpg 800w, https:\/\/speyer24news.com\/wp-content\/uploads\/2021\/09\/DSC_0071-300x200.jpg 300w, https:\/\/speyer24news.com\/wp-content\/uploads\/2021\/09\/DSC_0071-768x511.jpg 768w\" sizes=\"(max-width: 800px) 100vw, 800px\" \/><figcaption>Oberb\u00fcrgermeisterin Stefanie Seiler gratuliert allen geehrten Feuerwehrkameraden<\/figcaption><\/figure><\/div>\n\n\n\n<h3 class=\"wp-block-heading\">Geehrt wurden,<\/h3>\n\n\n\n<h4 class=\"wp-block-heading\">f\u00fcr ein 40-j\u00e4hriges Dienstjubil\u00e4um:<\/h4>\n\n\n\n<ul><li><strong>Herr Peter Collet<\/strong><\/li><li><strong>Herr Hans-J\u00fcrgen Zimmermann<\/strong><\/li><\/ul>\n\n\n\n<div class=\"wp-block-image\"><figure class=\"aligncenter size-large\"><img decoding=\"async\" loading=\"lazy\" width=\"500\" height=\"698\" src=\"https:\/\/speyer24news.com\/wp-content\/uploads\/2021\/09\/DSC_0200.jpg\" alt=\"\" class=\"wp-image-40127\" srcset=\"https:\/\/speyer24news.com\/wp-content\/uploads\/2021\/09\/DSC_0200.jpg 500w, https:\/\/speyer24news.com\/wp-content\/uploads\/2021\/09\/DSC_0200-215x300.jpg 215w\" sizes=\"(max-width: 500px) 100vw, 500px\" \/><\/figure><\/div>\n\n\n\n<h4 class=\"wp-block-heading\">f\u00fcr ein 25-j\u00e4hriges Dienstjubil\u00e4um:<\/h4>\n\n\n\n<ul><li><strong>Herr Marc Oliver Vidmayer<\/strong><\/li><li><strong>Herr Sigurd Mack<\/strong><\/li><li><strong>Herr Richard Bummel<\/strong><\/li><li><strong>Herr Werner Junek<\/strong><\/li><li><strong>Herr Patrick M\u00fcller<\/strong><\/li><\/ul>\n\n\n\n<div class=\"wp-block-image\"><figure class=\"aligncenter size-large\"><img decoding=\"async\" loading=\"lazy\" width=\"800\" height=\"532\" src=\"https:\/\/speyer24news.com\/wp-content\/uploads\/2021\/09\/DSC_0174.jpg\" alt=\"\" class=\"wp-image-40128\" srcset=\"https:\/\/speyer24news.com\/wp-content\/uploads\/2021\/09\/DSC_0174.jpg 800w, https:\/\/speyer24news.com\/wp-content\/uploads\/2021\/09\/DSC_0174-300x200.jpg 300w, https:\/\/speyer24news.com\/wp-content\/uploads\/2021\/09\/DSC_0174-768x511.jpg 768w\" sizes=\"(max-width: 800px) 100vw, 800px\" \/><\/figure><\/div>\n\n\n\n<h4 class=\"wp-block-heading\">F\u00fcr ein 15-j\u00e4hriges Dienstjubil\u00e4um:<\/h4>\n\n\n\n<ul><li><strong>Chris Manser<\/strong><\/li><li><strong>Christoph Fl\u00f6rchinger<\/strong><\/li><li><strong>Thomas Kartach<\/strong><\/li><li><strong>Florian Lindner<\/strong><\/li><li><strong>Stefan Beller<\/strong><\/li><li><strong>Peter Eymann<\/strong><\/li><li><strong>Markus Detzner<\/strong><\/li><li><strong>Kevin Dexheimer<\/strong><\/li><li><strong>Andr\u00e9 Kosian<\/strong><\/li><li><strong>Christian Kraus<\/strong><\/li><li><strong>Martin M\u00fchleisen<\/strong><\/li><li><strong>Sven Osch\u00e9<\/strong><\/li><li><strong>Frank Pierro<\/strong><\/li><li><strong>Ulf Schanne<\/strong><\/li><li><strong>Stefan Sommerfeld<\/strong><\/li><li><strong>Sascha Stroh<\/strong><\/li><li><strong>Florian Weber<\/strong><\/li><li><strong>Lukas Weber<\/strong><\/li><li><strong>Frank Winter<\/strong><\/li><li><strong>Julia Wei\u00df<\/strong><\/li><li><strong>Kai Dindorf<\/strong><\/li><li><strong>Moritz Zacher<\/strong><\/li><li><strong>Christian Collet<\/strong><\/li><li><strong>Christian Witz<\/strong><\/li><li><strong>Florian Krick<\/strong><\/li><li><strong>Daniel Haselbach<\/strong><\/li><li><strong>Pascal Zech<\/strong><\/li><li><strong>Daniel Hemmerich<\/strong><\/li><li><strong>Martin Bracke<\/strong><\/li><li><strong>Timon Weber<\/strong><\/li><li><strong>Vera Detzner<\/strong><\/li><li><strong>Daniel Kelleter<\/strong><\/li><li><strong>Tobias Becker<\/strong><\/li><\/ul>\n\n\n\n<div class=\"wp-block-image\"><figure class=\"aligncenter size-large\"><img decoding=\"async\" loading=\"lazy\" width=\"1024\" height=\"273\" src=\"https:\/\/speyer24news.com\/wp-content\/uploads\/2021\/09\/Feuerwehr-Speyer-Ehrung-15-jaehriges-1024x273.png\" alt=\"\" class=\"wp-image-40129\" srcset=\"https:\/\/speyer24news.com\/wp-content\/uploads\/2021\/09\/Feuerwehr-Speyer-Ehrung-15-jaehriges-1024x273.png 1024w, https:\/\/speyer24news.com\/wp-content\/uploads\/2021\/09\/Feuerwehr-Speyer-Ehrung-15-jaehriges-300x80.png 300w, https:\/\/speyer24news.com\/wp-content\/uploads\/2021\/09\/Feuerwehr-Speyer-Ehrung-15-jaehriges-768x205.png 768w, https:\/\/speyer24news.com\/wp-content\/uploads\/2021\/09\/Feuerwehr-Speyer-Ehrung-15-jaehriges-1536x409.png 1536w, https:\/\/speyer24news.com\/wp-content\/uploads\/2021\/09\/Feuerwehr-Speyer-Ehrung-15-jaehriges.png 1648w\" sizes=\"(max-width: 1024px) 100vw, 1024px\" \/><\/figure><\/div>\n\n\n\n<h4 class=\"wp-block-heading\">Folgende Feuerwehrangeh\u00f6rige wurden nach Abschluss ihrer Grundausbildung \u201eper Handschlag\u201c verpflichtet:<\/h4>\n\n\n\n<ul><li><strong>Saskia Arnold<\/strong><\/li><li><strong>Paul Fl\u00f6rchinger<\/strong><\/li><li><strong>Nils Frank<\/strong><\/li><li><strong>Nigel Halling<\/strong><\/li><li><strong>Lukas Haustein<\/strong><\/li><li><strong>Ilaria Lannelli<\/strong><\/li><li><strong>Thomas Jetzsch<\/strong><\/li><li><strong>Tobias Kabir<\/strong><\/li><li><strong>Joachim Werner<\/strong><\/li><\/ul>\n\n\n\n<h4 class=\"wp-block-heading\">Zur Feuerwehrfrau bzw. zum Feuerwehrmann wurden bef\u00f6rdert:<\/h4>\n\n\n\n<ul><li><strong>Jasmin Junek<\/strong><\/li><li><strong>Patricia Stadler<\/strong><\/li><li><strong>Fabio Bali<\/strong><\/li><li><strong>Ioannis Tervas<\/strong><\/li><li><strong>Christian Kranz<\/strong><\/li><li><strong>Kujtim Arifi<\/strong><\/li><\/ul>\n\n\n\n<h4 class=\"wp-block-heading\">Zur Oberfeuerwehrfrau bzw. zum Oberfeuerwehrmann wurden bef\u00f6rdert:<\/h4>\n\n\n\n<ul><li><strong>Antonia Clerget<\/strong><\/li><li><strong>Luca Heinz<\/strong><\/li><li><strong>Amon Alvermann<\/strong><\/li><li><strong>Marvin B\u00f6hl<\/strong><\/li><li><strong>Marius Hartz<\/strong><\/li><li><strong>Markus Hoffmann<\/strong><\/li><\/ul>\n\n\n\n<h4 class=\"wp-block-heading\">Zur Hauptfeuerwehrfrau bzw. zum Hauptfeuerwehrmann wurden bef\u00f6rdert:<\/h4>\n\n\n\n<ul><li><strong>Jessica Zientek<\/strong><\/li><li><strong>Vanessa Dexheimer<\/strong><\/li><li><strong>Evi Fl\u00f6rchinger<\/strong><\/li><li><strong>Tim Strasser<\/strong><\/li><li><strong>Klaus-Dieter Mohr<\/strong><\/li><li><strong>Marc-Andr\u00e9 Burkhard<\/strong><\/li><li><strong>Dustin Handermann<\/strong><\/li><li><strong>Florian Hirsch<\/strong><\/li><li><strong>Marc-Pierre Sold<\/strong><\/li><li><strong>Nicola Vacca<\/strong><\/li><li><strong>Linda Kruck<\/strong><\/li><li><strong>Roy Tobis<\/strong><\/li><li><strong>Robin Lause<\/strong><\/li><\/ul>\n\n\n\n<h4 class=\"wp-block-heading\">Zum L\u00f6schmeister wurden bef\u00f6rdert:<\/h4>\n\n\n\n<ul><li><strong>Lars David M\u00fclberger<\/strong><\/li><li><strong>Paul Sester<\/strong><\/li><li><strong>Timon Weber<\/strong><\/li><\/ul>\n\n\n\n<h4 class=\"wp-block-heading\">Zum Oberl\u00f6schmeister wurde bef\u00f6rdert:<\/h4>\n\n\n\n<ul><li><strong>Norman Peters<\/strong><\/li><\/ul>\n\n\n\n<h4 class=\"wp-block-heading\">Zum Oberbrandmeister wurde bef\u00f6rdert:<\/h4>\n\n\n\n<ul><li><strong>Martin Bracke<\/strong><\/li><\/ul>\n\n\n\n<h4 class=\"wp-block-heading\">Zum Hauptbrandmeister bef\u00f6rdert und zum Zugf\u00fchrer des Zuges 4 wurde bestellt:<\/h4>\n\n\n\n<ul><li><strong>Christian Stadler<\/strong><\/li><\/ul>\n\n\n\n<h4 class=\"wp-block-heading\">Zum Gruppenf\u00fchrer Gefahrenabwehr der Facheinheit Gefahrstoffe wurde bestellt:<\/h4>\n\n\n\n<ul><li><strong>Moritz Zacher<\/strong><\/li><\/ul>\n\n\n\n<h4 class=\"wp-block-heading\">Zum stellvertretenden Zugf\u00fchrer des Zuges 4 wurde bestellt:<\/h4>\n\n\n\n<ul><li><strong>Kai Dindorf<\/strong><\/li><\/ul>\n\n\n\n<h4 class=\"wp-block-heading\">Zum stellvertretenden Jugendfeuerwehrwart wurde bestellt:<\/h4>\n\n\n\n<ul><li><strong>Tobias Becker<\/strong><\/li><\/ul>\n\n\n\n<h4 class=\"wp-block-heading\">Zum Fachberater f\u00fcr Chemie im Gefahrstoffzug wurde bestellt:<\/h4>\n\n\n\n<ul><li><strong>Michael Bolz<\/strong><\/li><\/ul>\n\n\n\n<h4 class=\"wp-block-heading\">Aus dem aktiven Dienst wurde verabschiedet:<\/h4>\n\n\n\n<ul><li><strong>Richard Bummel<\/strong><\/li><\/ul>\n\n\n\n<div class=\"wp-block-image\"><figure class=\"aligncenter size-large\"><img decoding=\"async\" loading=\"lazy\" width=\"800\" height=\"532\" src=\"https:\/\/speyer24news.com\/wp-content\/uploads\/2021\/09\/DSC_0213.jpg\" alt=\"\" class=\"wp-image-40130\" srcset=\"https:\/\/speyer24news.com\/wp-content\/uploads\/2021\/09\/DSC_0213.jpg 800w, https:\/\/speyer24news.com\/wp-content\/uploads\/2021\/09\/DSC_0213-300x200.jpg 300w, https:\/\/speyer24news.com\/wp-content\/uploads\/2021\/09\/DSC_0213-768x511.jpg 768w\" sizes=\"(max-width: 800px) 100vw, 800px\" \/><\/figure><\/div>\n\n\n\n<p><em>Freiwillige Feuerwehr Speyer<br>02.09.2021<\/em><\/p>\n","protected":false},"excerpt":{"rendered":"<div class=\"mh-excerpt\"><p>Ehrungen zum Ehrentag am 29.08.2021 Zum Ehrenamtstag am Sonntag, den 29. August 2021 wurde nicht nur das Ehrenamt gew\u00fcrdigt. Oberb\u00fcrgermeisterin Stefanie Seiler und Peter Eymann (Brand- und Katastrophenschutzinspekteur) nutzten den Tag um bei und mit <a class=\"mh-excerpt-more\" href=\"https:\/\/speyer24news.com\/?p=40124\" title=\"Freiwillige Feuerwehr Speyer\">[&#8230;]<\/a><\/p>\n<\/div>","protected":false},"author":3,"featured_media":31256,"comment_status":"open","ping_status":"open","sticky":false,"template":"","format":"standard","meta":{"_monsterinsights_skip_tracking":false,"_monsterinsights_sitenote_active":false,"_monsterinsights_sitenote_note":"","_monsterinsights_sitenote_category":0,"footnotes":""},"categories":[12],"tags":[12781,12783,12780,12782,54,507,506,7957,699,5344,6],"aioseo_notices":[],"amp_enabled":true,"_links":{"self":[{"href":"https:\/\/speyer24news.com\/index.php?rest_route=\/wp\/v2\/posts\/40124"}],"collection":[{"href":"https:\/\/speyer24news.com\/index.php?rest_route=\/wp\/v2\/posts"}],"about":[{"href":"https:\/\/speyer24news.com\/index.php?rest_route=\/wp\/v2\/types\/post"}],"author":[{"embeddable":true,"href":"https:\/\/speyer24news.com\/index.php?rest_route=\/wp\/v2\/users\/3"}],"replies":[{"embeddable":true,"href":"https:\/\/speyer24news.com\/index.php?rest_route=%2Fwp%2Fv2%2Fcomments&post=40124"}],"version-history":[{"count":1,"href":"https:\/\/speyer24news.com\/index.php?rest_route=\/wp\/v2\/posts\/40124\/revisions"}],"predecessor-version":[{"id":40131,"href":"https:\/\/speyer24news.com\/index.php?rest_route=\/wp\/v2\/posts\/40124\/revisions\/40131"}],"wp:featuredmedia":[{"embeddable":true,"href":"https:\/\/speyer24news.com\/index.php?rest_route=\/wp\/v2\/media\/31256"}],"wp:attachment":[{"href":"https:\/\/speyer24news.com\/index.php?rest_route=%2Fwp%2Fv2%2Fmedia&parent=40124"}],"wp:term":[{"taxonomy":"category","embeddable":true,"href":"https:\/\/speyer24news.com\/index.php?rest_route=%2Fwp%2Fv2%2Fcategories&post=40124"},{"taxonomy":"post_tag","embeddable":true,"href":"https:\/\/speyer24news.com\/index.php?rest_route=%2Fwp%2Fv2%2Ftags&post=40124"}],"curies":[{"name":"wp","href":"https:\/\/api.w.org\/{rel}","templated":true}]}}