{"id":40138,"date":"2021-09-02T06:26:16","date_gmt":"2021-09-02T05:26:16","guid":{"rendered":"https:\/\/speyer24news.com\/?p=40138"},"modified":"2021-09-02T06:26:18","modified_gmt":"2021-09-02T05:26:18","slug":"kultur-38","status":"publish","type":"post","link":"https:\/\/speyer24news.com\/?p=40138","title":{"rendered":"Kultur"},"content":{"rendered":"<style type=\"text\/css\">\r\n\t.ads_top_disp{}\r\n\t.ads_top_corner_disp{ float:left; margin:0px 10px 10px 0px; }\r\n\t.ads_first_p_disp{}\r\n\t.ads_bottom_disp{}\r\n\t<\/style>\n<h2 class=\"wp-block-heading\">Vorhang auf f\u00fcr das 26. Kulturbeutel Festival<\/h2>\n\n\n\n<p>Zum 26. Mal findet das beliebte Kleinkunstfestival Kulturbeutel <strong>vom 24. September bis 10. Oktober<\/strong> statt. Nach zweij\u00e4hriger Sanierungs- und eineinhalbj\u00e4hriger Pandemiepause geht im Alten Stadtsaal endlich wieder der Vorhang auf.<\/p>\n\n\n\n<p>In 17 Tagen pr\u00e4sentiert das Festival mit 40 Veranstaltungen einen Querschnitt aus allen Sparten der Kleinkunst: Von vielf\u00e4ltiger Musik \u00fcber Schauspiel, Kabarett und Comedy bis hin zu Film und Figurentheater ist f\u00fcr alle etwas dabei.<\/p>\n\n\n\n<p>Lebensfreude pur verk\u00f6rpert die Berliner Band \u201eFrollein Smilla\u201c, die das diesj\u00e4hrige Festival mit einer Mischung aus magischen Disco-Vibes, Funk, Soul, Jazz und Pop er\u00f6ffnen. F\u00fcr einen unverwechselbaren Sound sorgen \u201eThe Razzones\u201c. Nur mit Mund und Mikrofon \u00fcberraschen die vier Beatboxer mit stimmlicher Variationsf\u00fclle. Mit dabei sind auch die Speyerer Jazzs\u00e4ngerin Miriam Ast und Uli Zehfu\u00df, der seine neue CD \u201eErntezeit\u201c endlich live pr\u00e4sentieren wird.<\/p>\n\n\n\n<p>Theaterfans d\u00fcrfen sich auf den \u201eBesuch der alten Dame\u201c freuen, der vom Hohenloher Figurentheater wirkungsvoll in Szene gesetzt wird.<\/p>\n\n\n\n<p>Auch jungen Kulturfreunden wird einiges geboten: das Kinder- und Jugendtheater Speyer pr\u00e4sentiert seine j\u00fcngsten Eigenproduktionen, darunter \u201enorway.today\u201c, \u201eName: Sophie Scholl\u201c sowie \u201eHimmel und H\u00e4nde\u201c und ausgew\u00e4hlte Gastspiele. Kinderg\u00e4rten und Schulen k\u00f6nnen sich f\u00fcr spezielle Vormittagsvorstellungen ab sofort im Theaterb\u00fcro (Telefon 06232\/2890-750 oder E-Mail:&nbsp;<a href=\"mailto:info@theater-speyer.de\" target=\"_blank\" rel=\"noreferrer noopener\">info@theater-speyer.de<\/a>) anmelden.<\/p>\n\n\n\n<p>Details zu den Veranstaltungen im Kulturbeutel Festival sind auf den Internetseiten der Stadt (<a href=\"https:\/\/deref-web.de\/mail\/client\/Y3KXfeFi714\/dereferrer\/?redirectUrl=http%3A%2F%2Fwww.speyer.de%2Fkulturbeutel\" target=\"_blank\" rel=\"noreferrer noopener\">www.speyer.de\/kulturbeutel<\/a>) sowie dem Kinder- und Jugendtheater (<a href=\"https:\/\/deref-web.de\/mail\/client\/x_Dj-OB2D9g\/dereferrer\/?redirectUrl=http%3A%2F%2Fwww.theater-speyer.de\" target=\"_blank\" rel=\"noreferrer noopener\">www.theater-speyer.de<\/a>) zu finden. &nbsp;&nbsp;&nbsp;&nbsp;&nbsp;&nbsp;&nbsp;<\/p>\n\n\n\n<p>Karten f\u00fcr alle 15 Uhr und 20 Uhr Vorstellungen sind seit Ende August bei der Tourist-Information der Stadt Speyer, \u00fcber das Online-Ticket-Portal Reservix und an allen Reservix-Vorverkaufsstellen erh\u00e4ltlich.<\/p>\n\n\n\n<p>Alle Veranstaltungen finden unter Einhaltung der bekannten Hygiene- und Sicherheitsma\u00dfnahmen statt und werden gegebenenfalls an die jeweils g\u00fcltige Corona-Bek\u00e4mpfungsverordnung des Landes Rheinland-Pfalz angepasst. Damit die Kultur weiterhin \u00fcberleben kann, werden alle gebeten, sich an die geltenden Bestimmungen zu halten.<\/p>\n\n\n\n<p>Das Kulturbeutel Festival ist eine Veranstaltung der Stadt Speyer und wird vom Ministerium f\u00fcr Familie, Frauen, Kultur und Integration Rheinland-Pfalz gef\u00f6rdert. Die Projektleitung hat das Kinder- und Jugendtheater Speyer inne.<\/p>\n\n\n\n<p><em>Stadt Speyer<br>02.09.2021<\/em><\/p>\n","protected":false},"excerpt":{"rendered":"<div class=\"mh-excerpt\"><p>Vorhang auf f\u00fcr das 26. Kulturbeutel Festival Zum 26. Mal findet das beliebte Kleinkunstfestival Kulturbeutel vom 24. September bis 10. Oktober statt. Nach zweij\u00e4hriger Sanierungs- und eineinhalbj\u00e4hriger Pandemiepause geht im Alten Stadtsaal endlich wieder der <a class=\"mh-excerpt-more\" href=\"https:\/\/speyer24news.com\/?p=40138\" title=\"Kultur\">[&#8230;]<\/a><\/p>\n<\/div>","protected":false},"author":3,"featured_media":0,"comment_status":"open","ping_status":"open","sticky":false,"template":"","format":"standard","meta":{"_monsterinsights_skip_tracking":false,"_monsterinsights_sitenote_active":false,"_monsterinsights_sitenote_note":"","_monsterinsights_sitenote_category":0,"footnotes":""},"categories":[14],"tags":[12786,4018,577,2200,12787,12785,6],"aioseo_notices":[],"amp_enabled":true,"_links":{"self":[{"href":"https:\/\/speyer24news.com\/index.php?rest_route=\/wp\/v2\/posts\/40138"}],"collection":[{"href":"https:\/\/speyer24news.com\/index.php?rest_route=\/wp\/v2\/posts"}],"about":[{"href":"https:\/\/speyer24news.com\/index.php?rest_route=\/wp\/v2\/types\/post"}],"author":[{"embeddable":true,"href":"https:\/\/speyer24news.com\/index.php?rest_route=\/wp\/v2\/users\/3"}],"replies":[{"embeddable":true,"href":"https:\/\/speyer24news.com\/index.php?rest_route=%2Fwp%2Fv2%2Fcomments&post=40138"}],"version-history":[{"count":1,"href":"https:\/\/speyer24news.com\/index.php?rest_route=\/wp\/v2\/posts\/40138\/revisions"}],"predecessor-version":[{"id":40139,"href":"https:\/\/speyer24news.com\/index.php?rest_route=\/wp\/v2\/posts\/40138\/revisions\/40139"}],"wp:attachment":[{"href":"https:\/\/speyer24news.com\/index.php?rest_route=%2Fwp%2Fv2%2Fmedia&parent=40138"}],"wp:term":[{"taxonomy":"category","embeddable":true,"href":"https:\/\/speyer24news.com\/index.php?rest_route=%2Fwp%2Fv2%2Fcategories&post=40138"},{"taxonomy":"post_tag","embeddable":true,"href":"https:\/\/speyer24news.com\/index.php?rest_route=%2Fwp%2Fv2%2Ftags&post=40138"}],"curies":[{"name":"wp","href":"https:\/\/api.w.org\/{rel}","templated":true}]}}