{"id":40176,"date":"2021-09-04T07:05:00","date_gmt":"2021-09-04T06:05:00","guid":{"rendered":"https:\/\/speyer24news.com\/?p=40176"},"modified":"2021-09-04T07:05:03","modified_gmt":"2021-09-04T06:05:03","slug":"polizei-664","status":"publish","type":"post","link":"https:\/\/speyer24news.com\/?p=40176","title":{"rendered":"Polizei"},"content":{"rendered":"<style type=\"text\/css\">\r\n\t.ads_top_disp{}\r\n\t.ads_top_corner_disp{ float:left; margin:0px 10px 10px 0px; }\r\n\t.ads_first_p_disp{}\r\n\t.ads_bottom_disp{}\r\n\t<\/style>\n<h2 class=\"wp-block-heading\">Polizeimeldungen vom Freitag (03.09.2021)<\/h2>\n\n\n\n<div class=\"wp-block-image\"><figure class=\"aligncenter size-large\"><img decoding=\"async\" src=\"https:\/\/speyer24news.com\/wp-content\/uploads\/2019\/11\/Aktuelles-Polizeilogo.jpg\" alt=\"\" class=\"wp-image-21845\"\/><\/figure><\/div>\n\n\n\n<p><\/p>\n\n\n\n<h2 class=\"wp-block-heading\">(Speyer) &#8211; Unbeleuchtet und ohne Fahrerlaubnis unterwegs<\/h2>\n\n\n\n<p>Am 03.09.2021 um 01:45 Uhr fiel das Augenmerk einer Polizeistreife in der Wormser Landstra\u00dfe auf einen Opel, welcher unbeleuchtet stadtausw\u00e4rts fuhr. Am Steuer sa\u00df ein 42-j\u00e4hriger Mann aus dem Rhein-Pfalz-Kreis, welcher bei der anschlie\u00dfenden Verkehrskontrolle lediglich die Fahrerlaubnis eines Drittstaats au\u00dferhalb der EU sowie eine beglaubigte \u00dcbersetzung vorweisen konnte. Da der Fahrer grunds\u00e4tzlich nur sechs Monate nach der Begr\u00fcndung eines Wohnsitzes in Deutschland von seiner ausl\u00e4ndischen Fahrerlaubnis Gebrauch machen durfte und da er diesen Zeitraum bereits \u00fcberschritten hatte, wird die Fahrerlaubnis nicht mehr anerkannt und den Fahrer erwartet ein Strafverfahren wegen Fahrens ohne Fahrerlaubnis.<\/p>\n\n\n\n<h2 class=\"wp-block-heading\">(Speyer) &#8211; Fu\u00dfg\u00e4nger durch anfahrenden PKW leicht verletzt<\/h2>\n\n\n\n<p>Am 02.09.2021 um 17 Uhr \u00fcberquerte ein 65-j\u00e4hriger Speyerer zu Fu\u00df die St.German-Stra\u00dfe, ohne dass an dieser Stelle ein Fu\u00dfg\u00e4nger\u00fcberweg vorhanden gewesen w\u00e4re. Dabei ging er im Moment des Anfahrens vor einem verkehrsbedingt wartenden PKW Skoda einer 50-j\u00e4hrigen Speyererin vorbei, welcher ihn mit geringer Geschwindigkeit erfasste. Dabei fiel der 65-J\u00e4hrige auf die Motorhaube und zog sich leichte Sch\u00fcrfwunden an einem Knie und einer Hand sowie leichte Kopfschmerzen zu. Der 65-J\u00e4hrige lehnte eine Verbringung ins Krankenhaus ab. Ein Sachschaden entstand nicht.<\/p>\n\n\n\n<h2 class=\"wp-block-heading\">(Neuhofen) &#8211; Brand einer Sauna<\/h2>\n\n\n\n<p>Aus bislang ungekl\u00e4rten Gr\u00fcnden kam es am 02.09.2021, gegen 21:00 Uhr, in der Ludwigshafener Stra\u00dfe zum Brand einer Sauna in einem Einfamilienhaus. Beim Eintreffen der Polizei stand die Saune bereits im Vollbrand und musste durch die Feuerwehr gel\u00f6scht werden. Durch das Feuer sowie die L\u00f6scharbeiten d\u00fcrfte ein Sachschaden von etwa 170.000 Euro entstanden sein. Es wurde niemand verletzt. Die Ermittlungen zur Brandursache dauern an.<\/p>\n\n\n\n<h2 class=\"wp-block-heading\">(B\u00f6hl-Iggelheim \/ Schifferstadt \/ Mutterstadt) &#8211; Geschwindigkeitskontrollen<\/h2>\n\n\n\n<p>Am Donnerstag, den 02.09. f\u00fchrte die Polizei Schifferstadt mehrere Geschwindigkeitskontrollen im Dienstgebiet durch, wobei der Schwerpunkt auf Geschwindigkeitsbeschr\u00e4nkungen auf 30km\/h lag. In der Schifferstadter Stra\u00dfe in Mutterstadt wurden zwischen 08:30 und 10:00 Uhr 24 Verwarnungen ausgesprochen. In zwei F\u00e4llen mussten Ordnungswidrigkeitenanzeigen gefertigt werden, der Verkehrsteilnehmer mit der gr\u00f6\u00dften \u00dcberschreitung fuhr 55 km\/h. Er muss mit einer Geldbu\u00dfe von 80 Euro und einem Punkt im Verkehrszentralregister rechnen. In der Eisenbahnstra\u00dfe in B\u00f6hl-Iggelheim wurden von 10:30 bis 11:30 Uhr 11 Verkehrsteilnehmer verwarnt; die gr\u00f6\u00dfte \u00dcberschreitung betrug hier 45 km\/h. Das Verwarnungsgeld betrug in diesem Fall 25 Euro. Letztlich wurden in der Portheide in Schifferstadt von 12:45 bis 13:45 Uhr 20 Fahrzeugf\u00fchrer verwarnt. Zwei mussten wegen zu hoher \u00dcberschreitung beanzeigt werden, der &#8222;Spitzenreiter&#8220; fuhr hier 58 km\/h und erwartet nun ebenfalls eine Geldbu\u00dfe von 80 Euro und einem Punkt im Verkehrszentralregister. W\u00e4hrend der Kontrollen wurden zus\u00e4tzlich 5 M\u00e4ngelberichte wegen technischer M\u00e4ngel an Fahrzeugen erforderlich. Hier m\u00fcssen die Fahrzeughalter innerhalb einer angemessenen Frist die Beseitigung der M\u00e4ngel nachweisen, um eine Information der Zulassungsstelle zu vermeiden.<\/p>\n\n\n\n<h2 class=\"wp-block-heading\">(Mutterstadt) &#8211; Verkehrsgef\u00e4hrdung<\/h2>\n\n\n\n<p>Eine 18j\u00e4hrige Pkw-Fahrerin befuhr gegen 11:45 Uhr die Speyerer Stra\u00dfe nach Ansicht eines 70j\u00e4hrigen Fu\u00dfg\u00e4ngers zu schnell, als dieser an einer Fu\u00dfg\u00e4ngerfurt die Stra\u00dfe \u00fcberqueren wollte. Er habe deshalb vor Schreck die Walkingst\u00f6cke nach vorne gef\u00fchrt, wodurch das vorbeifahrende Fahrzeug besch\u00e4digt wurde. Zum genauen Ablauf dauern die Ermittlungen an.<\/p>\n\n\n\n<h2 class=\"wp-block-heading\">(Hochdorf-Assenheim) &#8211; Unfallflucht mit erheblichem Schaden<\/h2>\n\n\n\n<p>Ein 46j\u00e4hriger stellte am 02.09. um 18 Uhr seinen Pkw Mazda am Sportplatz Assenheim ab. Als er gegen 20 Uhr wieder zu seinem Fahrzeug zur\u00fcckkehrte, musste er an der linken Fahrzeugfront einen erheblichen Schaden feststellen. Der unbekannte Unfallverursacher hatte sich von der Unfallstelle entfernt. Die Polizei Schifferstadt bittet Zeugen, die relevante Wahrnehmungen gemacht haben, werden gebeten sich mit der Polizeiinspektion Schifferstadt unter 06235 \/ 495-0 oder per E-Mail\u00a0<a href=\"mailto:pischifferstadt@polizei.rlp.de\">pischifferstadt@polizei.rlp.de<\/a>\u00a0in Verbindung zu setzen.<\/p>\n\n\n\n<h2 class=\"wp-block-heading\">(R\u00f6merberg) &#8211; Gef\u00e4hrdung durch unsachgem\u00e4\u00dfe KFZ-Umbauten<\/h2>\n\n\n\n<p>Am 02.09.2021 gegen 15:40 Uhr wurde ein augenscheinlich ver\u00e4nderter Audi in der Philippsburger Stra\u00dfe in R\u00f6merberg-Mechtersheim einer Verkehrskontrolle unterzogen. Dabei stellte sich heraus, dass nicht serienm\u00e4\u00dfige Felgen und Distanzringe verbaut waren, die in Kombination eine Abnahme bei einer Pr\u00fcfstelle erfordert h\u00e4tten. Eine solche Abnahme war ausweislich der Fahrzeugdokumente nicht erfolgt. Die Ver\u00e4nderungen stellten letztlich eine Gef\u00e4hrdung dar und die Betriebserlaubnis war erloschen. Daher wurde ein Ordnungswidrigkeitsverfahren gegen den 46-j\u00e4hrigen, in Ostdeutschland wohnhaften, Fahrer eingeleitet und die Weiterfahrt au\u00dfer zum Zweck der Vorf\u00fchrung bei einer Pr\u00fcfstelle untersagt.<\/p>\n\n\n\n<h2 class=\"wp-block-heading\">(Schwegenheim) &#8211; Laserkontrolle in der Hauptstra\u00dfe<\/h2>\n\n\n\n<p>Donnerstagmorgen f\u00fchrten Germersheimer Polizisten in der Hauptstra\u00dfe in Schwegenheim eine Geschwindigkeitsmessung durch. Dabei waren insgesamt f\u00fcnf Autofahrer zu schnell unterwegs. Der &#8222;Spitzenreiter&#8220; wurde mit 48 km\/h gemessen. Im Rahmen der Kontrollen konnten zudem vier Autofahrer ohne angelegten Sicherheitsgurt festgestellt und verwarnt werden.<\/p>\n\n\n\n<h2 class=\"wp-block-heading\">(Germersheim) &#8211; Teurer als gedacht<\/h2>\n\n\n\n<p>Am Donnerstag nutzte ein Germersheimer P\u00e4rchen die Leichtgl\u00e4ubigkeit eines Taxifahrers unverfroren aus. Um schnellstm\u00f6glich von Koblenz nach Germersheim zu kommen, riefen sie sich in Koblenz ein Taxi und \u00fcberzeugten den Taxifahrer davon, den f\u00e4lligen Betrag f\u00fcr die lange Reise in Germersheim bezahlen zu k\u00f6nnen. Dort angekommen konnte das P\u00e4rchen die f\u00e4lligen 300 Euro jedoch nicht bezahlen. Jetzt haben sie nicht nur die offene Rechnung zu begleichen, sondern m\u00fcssen sich auch in einem Strafverfahren daf\u00fcr verantworten.<\/p>\n\n\n\n<h2 class=\"wp-block-heading\">(Steinfeld) &#8211; Nach Unfall einfach weg<\/h2>\n\n\n\n<p>Am 2.9.21, gg. 16:10 Uhr, wurde auf dem Parkplatz des EDEKA ein dort abgestellter PKW, Ford Focus, Farbe Schwarz, mit S\u00dcW-Kennzeichen besch\u00e4digt. Das Fzg. war im Bereich des Getr\u00e4nkemarktes abgestellt. Vermutlich beim Ausparken oder r\u00fcckw\u00e4rts fahren stie\u00df ein anderes Fzg. gg. die rechte hinter Ecke des Fahrzeuges und besch\u00e4digte dieses. Der Schaden betr\u00e4gt ca. 700.- EUR. Der Unfallverursacher entfernte sich anschlie\u00dfend.<\/p>\n\n\n\n<h2 class=\"wp-block-heading\">(Albersweiler) &#8211; Langholztransporter besch\u00e4digt Br\u00fccke<\/h2>\n\n\n\n<p>Am Fr. 03.09.2021 gegen 14.10 Uhr befuhr ein Langholztransporter aus der Westpfalz die B10 in Richtung Landau. Da der Fahrer den Ladekran des Transporters nicht ordnungsgem\u00e4\u00df eingefahren hatte, rammte der Transporter eine Br\u00fccke \u00fcber die B10. An der Br\u00fccke sowie am Transporter entstand erheblicher Sachschaden. Die genaue Schadensh\u00f6he muss noch durch Fachkr\u00e4fte ermittelt werden. Der 70-j\u00e4hrige Fahrer des Transporters wurde schwer verletzt. Er wurde durch die Feuerwehr aus dem F\u00fchrerhaus geborgen und anschlie\u00dfend mit dem Rettungshubschrauber in ein Krankenhaus geflogen. Die B10 war bis gegen 16.00 Uhr in beide Fahrtrichtungen voll gesperrt. Der Verkehr wurde \u00fcber die umliegenden Ortschaften umgeleitet. Dabei kam es zu erheblichen Verkehrsbehinderungen.<\/p>\n\n\n\n<h2 class=\"wp-block-heading\">(Landau) &#8211; Wahlplakat angez\u00fcndet<\/h2>\n\n\n\n<p>Im Rahmen der Streifenfahrt konnten Polizeibeamte am Freitagmorgen gegen 3 Uhr ein brennendes Wahlplakat in der Ostbahnstra\u00dfe feststellen. Das Feuer konnte durch die Polizisten rasch gel\u00f6scht werden. Ein Ermittlungsverfahren wegen Sachbesch\u00e4digung wurde eingeleitet. Eine Absuche der n\u00e4heren Umgebung erbrachte keine Hinweise auf den bzw. die T\u00e4ter.<\/p>\n\n\n\n<p>Zeugen, welche den Vorfall beobachtet haben, werden gebeten sich telefonisch bei der Polizei Landau unter 06341\/2870 oder per Mail an\u00a0<a href=\"mailto:pilandau@polizei.rlp.de\">pilandau@polizei.rlp.de<\/a>.<\/p>\n\n\n\n<h2 class=\"wp-block-heading\">(Landau) &#8211; Hungriger Radfahrer verursacht Verkehrsunfall und haut ab<\/h2>\n\n\n\n<p>Ein Verfahren wegen Gef\u00e4hrdung des Stra\u00dfenverkehrs und Unerlaubtes Entfernen vom Unfallort erh\u00e4lt ein 43 &#8211; j\u00e4hriger Landauer nach einem Verkehrsunfall am Donnerstagabend gegen 18 Uhr an der Einm\u00fcndung Vogesenstra\u00dfe\/Bismarckstra\u00dfe. Der Radfahrer hatte dem Autofahrer die Vorfahrt genommen, so dass es zu einem Zusammensto\u00df der Fahrzeuge kam. Hierbei entstanden Kratzer am Auto. Der Schaden wird auf zirka 500 EUR beziffert. Der Radfahrer verabschiedete sich noch vor dem Eintreffen der hinzugerufenen Polizisten von dem Autofahrer, er gab gegen\u00fcber diesem an, dass er noch schnell etwas zu Essen kaufen m\u00fcsse. Eine zweite Streifenbesatzung fuhr daraufhin zu einem nahegelegenen Markt und konnte den Radfahrer dort antreffen. Da sich der Verdacht ergab, dass der 43 &#8211; J\u00e4hrige unter dem Einfluss von Drogen stand, wurde ihm eine Blutprobe bei der Dienststelle genommen. Ein Vortest reagierte positiv auf die Einnahme von Cannabis und Amfetamin. Verletzt wurde bei dem Verkehrsunfall niemand.<\/p>\n\n\n\n<h2 class=\"wp-block-heading\">(Offenbach) &#8211; Mitarbeiter der Verbandsgemeinde beleidigt und bedroht<\/h2>\n\n\n\n<p>Auf Grund des Schulbeginns und mehrerer B\u00fcrgerbeschwerden bez\u00fcglich des Parkverhaltens zu den Abholzeiten im Bereich der Grundschule in Offenbach \u00fcberwachten am Donnerstag gegen 13 Uhr zwei Mitarbeiter der Verbandsgemeinde die Parksituation vor Ort, hierbei wurden sie beleidigt und bedroht. Ein 33 &#8211; J\u00e4hriger stand mit seinem Auto im absoluten Halteverbot, als ein Vollzugsbeamter den Fahrer auf das Fehlverhalten aufmerksam machte, beleidigte dieser ihn. Im Anschluss setzte der 33 &#8211; J\u00e4hrige sich ins Fahrzeug, wendete und hielt nochmals in H\u00f6he der Beamten an. Zuvor hatte die Beifahrerin ebenfalls die Vollzugsbeamten beleidigt. Der 33 &#8211; J\u00e4hrige stieg erneut aus und drohte den Beamten. Nach einem kurzen Wortgefecht, stieg er letztlich ein und fuhr endg\u00fcltig davon. Ein Ermittlungsverfahren unter anderem wegen Beleidigung wurden gegen den Fahrer und seine Begleiterin eingeleitet. Zeugen, welche den Vorfall beobachtet haben, werden gebeten sich telefonisch bei der Polizei Landau unter 06341\/2870 zu melden.<\/p>\n\n\n\n<h2 class=\"wp-block-heading\">(Annweiler) &#8211; Motorradunfall im Wellbachtal<\/h2>\n\n\n\n<p>Ein 28-j\u00e4hriger Motorradfahrer kam am 02.09.21 gegen 11:30 Uhr infolge unangepasster Geschwindigkeit im Wellbachtal auf der Bundesstra\u00dfe 48 zu Fall. In Richtung Annweiler fahrend st\u00fcrzte er in einer Linkskurve mit seiner Kawasaki Z 1000, riss zwei Absperrpoller um und kam nach mehreren Metern zum Liegen. Der am Fu\u00df verletzte Kradfahrer wurde in ein Krankenhaus verbracht, am Motorrad entstand ein Sachschaden in niedrigem, vierstelligen Bereich.<\/p>\n\n\n\n<h2 class=\"wp-block-heading\">(Frankeneck) &#8211; Berauscht und ohne F\u00fchrerschein in den Feierabend<\/h2>\n\n\n\n<p>Am Freitag, den 03.09.2021 um 22:55 Uhr, wurde der Fahrzeugf\u00fchrer eines Kleinkraftrades, welcher sich gerade auf dem Heimweg von seiner Arbeitsstelle befand, auf der B39 in H\u00f6he der Gemeinde Frankeneck durch Beamte der Polizei Neustadt\/W. einer Verkehrskontrolle unterzogen. Im Rahmen der Kontrolle konnte der 50-J\u00e4hrige aus der VG Enkenbach-Alsenborn die erforderliche Fahrerlaubnis f\u00fcr sein Fahrzeug nicht vorzeigen. Des Weiteren ergaben sich Hinweise auf eine aktuelle Bet\u00e4ubungsmittelbeeinflussung bei dem Mann. Ein Drogenvortest erh\u00e4rtete den Verdacht der Trunkenheitsfahrt mit Bet\u00e4ubungsmittel. Daher wurde dem 50-J\u00e4hrigen in der Dienststelle eine Blutprobe entnommen. Sein Kleinkraftrad musste dieser zuvor vor Ort stehen lassen. Der dazugeh\u00f6rige Fahrzeugschl\u00fcssel wurde sichergestellt. Der Fahrzeugf\u00fchrer muss sich nun in mehreren Straf- und Ordnungswidrigkeitenverfahren verantworten. Ferner wird die zust\u00e4ndige F\u00fchrerscheinstelle \u00fcber den Vorfall in Kenntnis gesetzt.<\/p>\n\n\n\n<h2 class=\"wp-block-heading\">(Ha\u00dfloch) &#8211; Verkehrsunfall mit schwerverletztem Fu\u00dfg\u00e4nger<\/h2>\n\n\n\n<p>Am 03.09.2021 gegen 11:30 Uhr ereignete sich auf dem Parkplatz eines Discounters in der Moltkestra\u00dfe ein Verkehrsunfall zwischen einem Pkw und einem Fu\u00dfg\u00e4nger. Im Verlauf des Zusammensto\u00dfes kam der 84j\u00e4hrige Fu\u00dfg\u00e4nger zu Fall und verletzte sich im Kopfbereich, so dass er zu weiteren Untersuchung in ein Krankenhaus eingeliefert werden musste. Der 88j\u00e4hrige Pkw-Fahrer blieb unverletzt, nur der Pkw wurde leicht besch\u00e4digt. Da die Aussagen vor Ort widerspr\u00fcchlich waren und das Unfallgeschehen nicht genau gekl\u00e4rt werden konnte, werden Zeugen des Verkehrsunfalls gebeten, sich mit der Polizeiinspektion Ha\u00dfloch in Verbindung zu setzen.<\/p>\n\n\n\n<h2 class=\"wp-block-heading\">(Wachenheim) &#8211; Unfallflucht im Begegnungsverkehr<\/h2>\n\n\n\n<p>Am 02.09.2021 gegen 16:40 Uhr kam es auf der K16, etwa 500m vor dem Wanderparkplatz &#8222;Oppauer Haus&#8220;, zu einem Verkehrsunfall im Begegnungsverkehr. Demnach befuhr ein Bad D\u00fcrkheimer mit seinem PKW die K16 in Richtung Lindenberg, als ihm an genannter \u00d6rtlichkeit ein Fahrzeug entgegenkam, das offenbar das Rechtsfahrgebot missachtete. Es kam dadurch zur Ber\u00fchrung der beiden Au\u00dfenspiegel, wobei am Fahrzeug des Bad D\u00fcrkheimers ein Schaden in H\u00f6he von ca. 250EUR entstand.<\/p>\n\n\n\n<h2 class=\"wp-block-heading\">(Kallstadt) &#8211; Trunkenheitsfahrt<\/h2>\n\n\n\n<p>Am fr\u00fchen Morgen des 03.09.2021, gegen 04:25 Uhr, fiel einer Funkstreifenwagenbesatzung ein PKW in der Weinstra\u00dfe in Kallstadt aufgrund seiner z\u00fcgigen Fahrweise auf. Im Rahmen der sich anschlie\u00dfenden Kontrolle konnte bei dem Fahrzeugf\u00fchrer, einem 35-J\u00e4hrigen aus dem Raum Gr\u00fcnstadt, Atemalkoholgeruch festgestellt werden. Ein durchgef\u00fchrter Alkoholtest ergab letztlich einen Wert von \u00fcber 0,5 Promille, sodass gegen den Fahrzeugf\u00fchrer ein Ordnungswidrigkeitenverfahren eingeleitet wurde. Den Heimweg trat der Betroffene zu Fu\u00df an.<\/p>\n\n\n\n<h2 class=\"wp-block-heading\">(Frankenthal) &#8211; Radfahrerin bei Verkehrsunfall leicht verletzt<\/h2>\n\n\n\n<p>Am Donnerstagmittag, gegen 11:50 Uhr, befuhr eine 46-j\u00e4hrige Frau aus Schwetzingen mit ihrem Fahrrad die Westliche Ringstra\u00dfe in Frankenthal. Eine 53-j\u00e4hrige Frau aus Offstein wollte mit ihrem Pkw vorw\u00e4rts aus einer Grundst\u00fcckausfahrt in der Westlichen Ringstra\u00dfe ausfahren. Auf H\u00f6he der Ausfahrt kommt es zum Zusammensto\u00df der Radfahrerin mit der Fahrzeugfront. Die 46-J\u00e4hrige kommt zu Sturz. An beiden Fahrzeugen entsteht Sachschaden. Die Schadensh\u00f6he betr\u00e4gt insgesamt 1800EUR. Die Radfahrerin wird leicht verletzt.<\/p>\n\n\n\n<p>Zeugen werden gebeten sich an die Polizeiinspektion Frankenthal unter der Tel.-Nr.: 06233\/313-0 oder an die Polizeiwache Maxdorf unter der Tel.-Nr.: 06237\/934-1100 zu wenden. Gerne nehmen wir Ihre Hinweise auch per E-Mail unter&nbsp;<a href=\"mailto:pifrankenthal@polizei.rlp.de\">pifrankenthal@polizei.rlp.de<\/a>&nbsp;entgegen.<\/p>\n\n\n\n<h2 class=\"wp-block-heading\">(Frankenthal) &#8211; Zwei Verkehrsunfallfluchten vor Einkaufsm\u00e4rkten in der Wormser Stra\u00dfe<\/h2>\n\n\n\n<p>Am Donnerstagmittag, gegen 11:30 Uhr, kam es auf dem Parkplatz eines Drogeriemarkts in der Wormser Stra\u00dfe in Frankenthal zu einer Verkehrsunfallflucht. Der Pkw eines 31-j\u00e4hrigen Frankenthalers wurde auf dem Parkplatz, vermutlich bei einem Parkvorgang, im Heckbereich besch\u00e4digt. Es entstand Sachschaden i.H.v. ca. 1000EUR.<\/p>\n\n\n\n<p>Am Donnerstagnachmittag, zwischen 16:00 und 16:30 Uhr, kam es zu einer weiteren Verkehrsunfallflucht in diesem Bereich. Eine 48-j\u00e4hrige Frankenthalerin stellte ihren Pkw zun\u00e4chst vor einem gro\u00dfen Lebensmittelmarkt und sp\u00e4ter vor einem Drogeriemarkt ab. In diesem Zeitraum wurde der Pkw, ebenfalls vermutlich bei einem Parkvorgang, im Bereich der Fahrzeugfront besch\u00e4digt. Es entstand Sachschaden i.H.v. ca. 500EUR.<\/p>\n\n\n\n<p>In beiden F\u00e4llen entfernte sich der Unfallverursacher von dem Parkplatz ohne seinen Pflichten nachzukommen.<\/p>\n\n\n\n<p>Zeugen werden gebeten sich an die Polizeiinspektion Frankenthal unter der Tel.-Nr.: 06233\/313-0 oder an die Polizeiwache Maxdorf unter der Tel.-Nr.: 06237\/934-1100 zu wenden. Gerne nehmen wir Ihre Hinweise auch per E-Mail unter&nbsp;<a href=\"mailto:pifrankenthal@polizei.rlp.de\">pifrankenthal@polizei.rlp.de<\/a>&nbsp;entgegen.<\/p>\n\n\n\n<h2 class=\"wp-block-heading\">(Frankenthal) &#8211; Verkehrsunfallflucht mit verletztem Kind<\/h2>\n\n\n\n<p>Am Donnerstagmorgen, gegen 07:30 Uhr, befuhr ein 13-j\u00e4hriger Junge aus Lambsheim mit seinem Fahrrad den Radweg an der Flomersheimer Stra\u00dfe in Frankenthal in Fahrtrichtung Mahlastra\u00dfe.<\/p>\n\n\n\n<p>Eine Radfahrerin bef\u00e4hrt den Radweg in entgegengesetzte Fahrtrichtung und streift hierbei den Jungen. Der 13-J\u00e4hrige kommt zu Sturz und verletzt sich hierbei leicht. An seinem Fahrrad entsteht Sachschaden i.H.v. ca. 200EUR. Die Radfahrerin fl\u00fcchtete mit ihrem Fahrrad von der Unfallstelle.<\/p>\n\n\n\n<p>Zeugen werden gebeten sich an die Polizeiinspektion Frankenthal unter der Tel.-Nr.: 06233\/313-0 oder an die Polizeiwache Maxdorf unter der Tel.-Nr.: 06237\/934-1100 zu wenden. Gerne nehmen wir Ihre Hinweise auch per E-Mail unter\u00a0<a href=\"mailto:pifrankenthal@polizei.rlp.de\">pifrankenthal@polizei.rlp.de<\/a>\u00a0entgegen.<\/p>\n\n\n\n<h2 class=\"wp-block-heading\">(Pr\u00e4sidiumsbereich Rheinpfalz) &#8211; Radarkontrollen des Polizeipr\u00e4sidiums Rheinpfalz f\u00fcr September 2021<\/h2>\n\n\n\n<div class=\"wp-block-image\"><figure class=\"aligncenter size-large\"><img decoding=\"async\" loading=\"lazy\" width=\"800\" height=\"600\" src=\"https:\/\/speyer24news.com\/wp-content\/uploads\/2021\/02\/Blitzer3.jpg\" alt=\"\" class=\"wp-image-33649\" srcset=\"https:\/\/speyer24news.com\/wp-content\/uploads\/2021\/02\/Blitzer3.jpg 800w, https:\/\/speyer24news.com\/wp-content\/uploads\/2021\/02\/Blitzer3-300x225.jpg 300w, https:\/\/speyer24news.com\/wp-content\/uploads\/2021\/02\/Blitzer3-768x576.jpg 768w, https:\/\/speyer24news.com\/wp-content\/uploads\/2021\/02\/Blitzer3-678x509.jpg 678w, https:\/\/speyer24news.com\/wp-content\/uploads\/2021\/02\/Blitzer3-326x245.jpg 326w, https:\/\/speyer24news.com\/wp-content\/uploads\/2021\/02\/Blitzer3-80x60.jpg 80w\" sizes=\"(max-width: 800px) 100vw, 800px\" \/><\/figure><\/div>\n\n\n\n<p>Im Bereich der <strong>Polizeidirektion Ludwigshafen<\/strong> finden wie folgt Kontrollen statt: <\/p>\n\n\n\n<ul><li><strong>Montag 06.09.2021 im Bereich Frankenthal<\/strong><\/li><li><strong>Freitag 17.09.2021 im Bereich R\u00f6merberg<\/strong><\/li><li><strong>Donnerstag 23.09.2021 im Bereich Maxdorf<\/strong><\/li><\/ul>\n\n\n\n<p>Im Bereich der <strong>Polizeidirektion Landau<\/strong> finden wie folgt Kontrollen statt: <\/p>\n\n\n\n<ul><li><strong>Donnerstag 09.09.2021 im Bereich Hochstadt<\/strong><\/li><li><strong>Mittwoch 15.09.2021 im Bereich Albersweiler<\/strong><\/li><li><strong>Montag 20.09.2021 im Bereich Germersheim<\/strong><\/li><li><strong>Donnerstag 30.09.2021 im Bereich Edenkoben<\/strong><\/li><\/ul>\n\n\n\n<p>Im Bereich der <strong>Polizeidirektion Neustadt <\/strong>finden wie folgt Kontrollen statt: <\/p>\n\n\n\n<ul><li><strong>Mittwoch 08.09.2021 im Bereich Neustadt<\/strong><\/li><li><strong>Dienstag 14.09.2021 im Bereich Ha\u00dfloch<\/strong><\/li><li><strong>Dienstag 21.09.2021 im Bereich Bad-D\u00fcrkheim<\/strong><\/li><li><strong>Montag 27.09.2021 im Bereich Ruppertsberg<\/strong><\/li><\/ul>\n\n\n\n<p>Die Polizei weist ausdr\u00fccklich darauf hin, dass Kontrollen auch au\u00dferhalb der genannten Zeiten und \u00d6rtlichkeiten stattfinden.<\/p>\n\n\n\n<h2 class=\"wp-block-heading\">(Ludwigshafen) &#8211; BMW-Fahrer unter Drogeneinfluss unterwegs<\/h2>\n\n\n\n<p>Am 03.09.2021, um 02.45 Uhr, kontrollierten Beamte der Polizeiautobahnstation Ruchheim einen BMW-Fahrer in der Maxdorfer Stra\u00dfe in Ludwigshafen. Bei der Kontrolle erkannten die Polizisten bei dem 21-j\u00e4hrigen Fahrer drogentypische Auff\u00e4lligkeiten. Bei n\u00e4herer Betrachtung stellten sie auch wei\u00dfe Pulveranhaftungen an der Nase des Mannes fest. Der durchgef\u00fchrte Drogentest best\u00e4tigte den Verdacht, der Mann stand unter dem Einfluss von Kokain. Gegen den 21-J\u00e4hrigen wurde ein Ermittlungsverfahren wegen Versto\u00df gegen das Bet\u00e4ubungsmittelgesetz und Trunkenheit im Stra\u00dfenverkehr eingeleitet.<\/p>\n\n\n\n<h2 class=\"wp-block-heading\">(Ludwigshafen) &#8211; Rettungspersonal angegriffen<\/h2>\n\n\n\n<p>Am Donnerstagabend (02.09.2021), gegen 19 Uhr, schlug ein 68-J\u00e4hriger einem Mitarbeiter eines Rettungsdienstes in einem Krankenhaus in Ludwigshafen ins Gesicht und verletzte diesen leicht. Der stark alkoholisierte Angreifer wurde zuvor aufgrund einer Verletzung vom Rettungsdienst in das Krankenhaus gebracht.<\/p>\n\n\n\n<p>Immer wieder werden Kr\u00e4fte von Rettungsdienst, Feuerwehr, Vollzudienst und Polizei Opfer von Gewalt. Die Taten reichen von Beleidigungen, \u00fcber Drohungen, anspucken bis hin zu k\u00f6rperlichen Angriffen. Die Polizei duldet keine Gewalt. Nicht gegen B\u00fcrgerinnen und B\u00fcrger und nicht gegen Hilfskr\u00e4fte. Jedwede Gewaltanwendung wird strafrechtlich verfolgt!<\/p>\n\n\n\n<h2 class=\"wp-block-heading\">(Ludwigshafen) &#8211; Pedelec-Fahrer bei Unfall verletzt<\/h2>\n\n\n\n<p>Am Donnerstagnachmittag (02.09.21), gegen 17:30 Uhr, st\u00fcrzte ein 52-j\u00e4hriger Pedelec-Fahrer in der Mannheimer Stra\u00dfe und verletzte sich hierbei leicht. Der 52-J\u00e4hrige soll an einer Ausfahrt bef\u00fcrchtet haben, dass ein ausfahrendes Auto ihn \u00fcbersehen k\u00f6nnte. Beim Abbremsen habe das Vorderrad blockiert und er st\u00fcrzte. Der Pedelec-Fahrer musste durch den Rettungsdienst in ein Krankenhaus gebracht werden.<\/p>\n\n\n\n<h2 class=\"wp-block-heading\">(Ludwigshafen) &#8211; Einbruch in Gastst\u00e4tte<\/h2>\n\n\n\n<p>In der Zeit vom 01.09.2021, 23:00 Uhr bis zum 02.09.2021, 17:15 Uhr, brachen Unbekannte in eine Gastst\u00e4tte in der Brandenburger Stra\u00dfe ein. In der Gastst\u00e4tte wurden mehrere Spielautomaten aufgebrochen. Der\/die T\u00e4ter entwendeten Bargeld, Tabakwaren und Alkoholika. Die genaue Schadenssumme ist derzeit noch nicht bekannt.<\/p>\n\n\n\n<p>Wer hat verd\u00e4chtige Wahrnehmungen in der Brandenburger Stra\u00dfe gemacht oder kann Hinweise zur Tat geben?<\/p>\n\n\n\n<p>Sachdienliche Hinweise nimmt die Kriminalpolizei Ludwigshafen unter der Telefonnummer 0621\/963-2773 oder per E-Mail\u00a0<a href=\"mailto:kiludwigshafen.k1.kdd@polizei.rlp.de\">kiludwigshafen.k1.kdd@polizei.rlp.de<\/a>\u00a0entgegen.<\/p>\n\n\n\n<h2 class=\"wp-block-heading\">(Ludwigshafen) &#8211; Verletzte Seniorin \/ Wer kann Hinweise geben?<\/h2>\n\n\n\n<p>Am Donnerstagnachmittag (02.09.2021), gegen 15:45 Uhr, wurde die Polizei zu einem unklaren Sachverhalt in der Riedsaumstra\u00dfe gerufen. Ein 30-j\u00e4hriger Autofahrer wurde beim r\u00fcckw\u00e4rts einparken auf eine hinter seinem Auto (wei\u00dfer Kastenwagen mit Aufschrift eines Supermarktes) liegende Frau aufmerksam gemacht. Die 94-j\u00e4hrige Frau konnte sich an nichts erinnern und wurde verletzt in ein Krankenhaus gebracht. Ob es einen Zusammensto\u00df mit dem einparkenden Auto gegeben hatte oder die Frau zuvor gest\u00fcrzt war, konnte bislang nicht gekl\u00e4rt werden.<\/p>\n\n\n\n<p>Wer hat den Vorfall beobachtet?<\/p>\n\n\n\n<p>Sachdienliche Hinweise bitte an die Polizeiinspektion Ludwigshafen 2, Telefonnummer 0621 963-2222 oder per E-Mail&nbsp;<a href=\"mailto:piludwigshafen2@polizei.rlp.de\">piludwigshafen2@polizei.rlp.de<\/a>&nbsp;.<\/p>\n\n\n\n<h2 class=\"wp-block-heading\">(Ludwigshafen) &#8211; Verdacht des versuchten sexuellen Missbrauchs von Kindern<\/h2>\n\n\n\n<h3 class=\"wp-block-heading\">Gemeinsame Pressemeldung der Staatsanwaltschaft Frankenthal\/Pfalz und des Polizeipr\u00e4sidiums Rheinpfalz<\/h3>\n\n\n\n<h4 class=\"wp-block-heading\">Nachtrag zur Pressemeldung vom 02.09.2021:\u00a0<a target=\"_blank\" href=\"https:\/\/s.rlp.de\/zOxYC\" rel=\"noreferrer noopener\">https:\/\/s.rlp.de\/zOxYC<\/a><\/h4>\n\n\n\n<div class=\"wp-block-image\"><figure class=\"aligncenter size-large\"><img decoding=\"async\" loading=\"lazy\" width=\"600\" height=\"665\" src=\"https:\/\/speyer24news.com\/wp-content\/uploads\/2021\/09\/Missbrauch-verhindern.png\" alt=\"\" class=\"wp-image-40178\" srcset=\"https:\/\/speyer24news.com\/wp-content\/uploads\/2021\/09\/Missbrauch-verhindern.png 600w, https:\/\/speyer24news.com\/wp-content\/uploads\/2021\/09\/Missbrauch-verhindern-271x300.png 271w\" sizes=\"(max-width: 600px) 100vw, 600px\" \/><\/figure><\/div>\n\n\n\n<p>Am Donnerstagmittag (02.09.2021), gegen 13:15 Uhr, sollen ein 6-j\u00e4hriges M\u00e4dchen und ein 8-j\u00e4hriger Junge in der N\u00e4he des Spielplatzes zwischen der Eugen-Roth-Stra\u00dfe und Am Weidenschlag in Ludwigshafen-Oggersheim von einem Unbekannten angesprochen und zu sexuellen Handlungen aufgefordert worden sein. <\/p>\n\n\n\n<h4 class=\"wp-block-heading\">Der T\u00e4ter wird wie folgt beschrieben: <\/h4>\n\n\n\n<ul><li><strong>m\u00e4nnlich<\/strong><\/li><li><strong>ca. 35 &#8211; 40 Jahre alt<\/strong><\/li><li><strong>sehr schlank\/d\u00fcnn<\/strong><\/li><li><strong>hatte kurzes braunes Haar<\/strong><\/li><li><strong>war unrasiert<\/strong><\/li><li><strong>trug dunkle Jeans <\/strong><\/li><li><strong>sprach mit akzentfreiem Deutsch<\/strong><\/li><\/ul>\n\n\n\n<ul><li><strong>Wer hat den Vorfall beobachtet oder kann Hinweise zu der gesuchten Person geben?<\/strong><\/li><\/ul>\n\n\n\n<p>Sachdienliche Hinweise nimmt die Kriminalpolizei Ludwigshafen unter der Telefonnummer 0621\/963-2773 oder per E-Mail&nbsp;<a href=\"mailto:kiludwigshafen.k1.kdd@polizei.rlp.de\">kiludwigshafen.k1.kdd@polizei.rlp.de<\/a>&nbsp;entgegen.<\/p>\n\n\n\n<h4 class=\"wp-block-heading\">Folgende Ratschl\u00e4ge sollten Sie beachten, wenn Kinder davon erz\u00e4hlen, dass sie von Fremden angesprochen wurden:<\/h4>\n\n\n\n<ul><li><strong>Loben Sie Ihr Kind daf\u00fcr, dass es sich Ihnen anvertraut hat.<\/strong><\/li><li><strong>Vermeiden Sie Ger\u00fcchte und beugen Sie somit einer Hysterie in Ihrer Nachbarschaft vor.<\/strong><\/li><li><strong>Teilen Sie keine spekulativen Informationen \u00fcber soziale Netzwerke.<\/strong><\/li><li><strong>Melden Sie den Vorfall der Polizei. \u00dcber den Polizeinotruf 110 erreichen Sie diese zu jeder Tages- und Nachtzeit.<\/strong><\/li><li><strong>Bereiten Sie Ihre Kinder auf solche Situationen vor.<\/strong><\/li><li><strong>Eltern sollten Verhaltensregeln f\u00fcr den Schulweg und die Freizeit festlegen.<\/strong><\/li><li><strong>Schicken Sie Ihr Kind m\u00f6glichst nicht allein, sondern in kleinen Gruppen zusammen mit anderen Kindern zur Schule oder zum Spielplatz.<\/strong><\/li><li><strong>Halten Sie es zur P\u00fcnktlichkeit an.<\/strong><\/li><\/ul>\n\n\n\n<p>Wir nehmen Ihre \u00c4ngste ernst und sind stets f\u00fcr Sie ansprechbar. Melden Sie bitte jeden verd\u00e4chtigen Sachverhalt sofort bei Ihrer Polizeidienststelle oder \u00fcber Notruf.<\/p>\n\n\n\n<p>In der Brosch\u00fcre &#8222;Missbrauch verhindern&#8220; unter\u00a0<a target=\"_blank\" href=\"https:\/\/s.rlp.de\/H99vT\" rel=\"noreferrer noopener\">https:\/\/s.rlp.de\/H99vT<\/a>\u00a0bzw. auf der Internetseite der polizeilichen Kriminalpr\u00e4vention\u00a0<a target=\"_blank\" href=\"http:\/\/www.polizei-beratung.de\/\" rel=\"noreferrer noopener\">www.polizei-beratung.de<\/a>\u00a0finden Sie weitere umfangreiche Informationen zu diesem Thema.<\/p>\n\n\n\n<h2 class=\"wp-block-heading\">(Ludwigshafen) &#8211; Anrufe durch falsche Bankmitarbeiter<\/h2>\n\n\n\n<p>Eine Seniorin aus Ludwigshafen-Oggersheim erhielt am Donnerstagmorgen (02.09.2021) mehrere verd\u00e4chtige Anrufe. Angebliche Bankmitarbeiter schilderten ihr, dass eine Kontopf\u00e4ndung bei ihr anstehen w\u00fcrde und wollten die Kontodaten der Seniorin erfragen. Die Angerufene reagierte vorbildlich und erkundigte sich bei ihrer Bank, welche eine anstehende Pf\u00e4ndung nicht best\u00e4tigte. Ihre Daten hatte Sie den angeblichen Bankmitarbeitern nicht preisgegeben.<\/p>\n\n\n\n<p>Sind Sie Opfer Betrugs geworden, zeigen Sie die Tat unbedingt bei der Polizei an. Ihre zust\u00e4ndige Polizeidienststelle finden Sie \u00fcber unsere Dienststellensuche&nbsp;<a target=\"_blank\" href=\"https:\/\/www.polizei.rlp.de\/de\/dienststellensuche\/\" rel=\"noreferrer noopener\">https:\/\/www.polizei.rlp.de\/de\/dienststellensuche\/<\/a>. Oder erstatten Sie direkt online eine Anzeige bei der Onlinewache&nbsp;<a target=\"_blank\" href=\"https:\/\/www.polizei.rlp.de\/de\/onlinewache\/\" rel=\"noreferrer noopener\">https:\/\/www.polizei.rlp.de\/de\/onlinewache\/<\/a><\/p>\n\n\n\n<h2 class=\"wp-block-heading\">(Ludwigshafen) &#8211; Unfall in der Mundenheimer Stra\u00dfe<\/h2>\n\n\n\n<p>Als ein 18-J\u00e4hriger am 02.09.2021, gegen 07:30 Uhr, von der Wittelsbachstra\u00dfe in die Mundenheimer Stra\u00dfe fahren wollte, missachtete er die Vorfahrt eines ihm entgegenkommenden 46-j\u00e4hrigen Autofahrers. Es kam zur Kollision durch die das Auto des 18-J\u00e4hrigen auf eine Verkehrsinsel geschoben wurde und dort mit einem Verkehrsschild zusammenstie\u00df. Insgesamt entstand ein Sachschaden von etwa 30.000 Euro. Beide Fahrzeuge mussten abgeschleppt werden. Verletzt wurde niemand. W\u00e4hrend der Unfallaufnahme kam es zu einer Teilsperrung der Mundenheimer Stra\u00dfe.<\/p>\n\n\n\n<h2 class=\"wp-block-heading\">(Ludwigshafen) &#8211; In Auto eingebrochen<\/h2>\n\n\n\n<p>Die Handtasche einer 54-J\u00e4hrigen wurde zwischen dem 01.09.2021, 23 Uhr, und dem 02.09.2021, 06:30 Uhr, aus deren Mercedes gestohlen. Unbekannte hatten die Fensterscheibe des in der Benckiserstra\u00dfe parkenden Autos eingeworfen und die Tasche daraus gestohlen. Die genaue H\u00f6he des entstandenen Sachschadens wird derzeit ermittelt.<\/p>\n\n\n\n<p>Sachdienliche Hinweise bitte an die Polizeiinspektion Ludwigshafen 1, Telefonnummer 0621 963-2122 oder per E-Mail\u00a0<a href=\"mailto:piludwigshafen1@polizei.rlp.de\">piludwigshafen1@polizei.rlp.de<\/a>\u00a0.<\/p>\n\n\n\n<h2 class=\"wp-block-heading\">(Ludwigshafen) &#8211; Motorrad gestohlen \/ Wer kann Hinweise geben?<\/h2>\n\n\n\n<p>Am 01.09.2021, zwischen 00:00 Uhr und 05:00 Uhr, wurde in der Pfarrer-Krebs-Stra\u00dfe ein blaues Motorrad (Leichtkraftrad) Yamaha Xt Air 125 gestohlen. Das Motorrad stand zur Tatzeit abgeschlossen vor der Hausnummer 2. Evtl. wurde es mit einem gr\u00f6\u00dferen Fahrzeug (Transporter o.\u00e4.) abtransportiert. Der entstandene Schaden wird auf ca. 2000 Euro gesch\u00e4tzt.<\/p>\n\n\n\n<p>Wer hat in der Pfarrer-Krebs-Stra\u00dfe verd\u00e4chtige Fahrzeuge oder Personen beobachtet oder kann Hinweise zur Tat geben?<\/p>\n\n\n\n<p>Sachdienliche Hinweise nimmt die Kriminalpolizei Ludwigshafen unter der Telefonnummer 0621\/963-2773 oder per E-Mail\u00a0<a href=\"mailto:kiludwigshafen.k5@polizei.rlp.de\">kiludwigshafen.k5@polizei.rlp.de<\/a>\u00a0entgegen.<\/p>\n\n\n\n<h2 class=\"wp-block-heading\">(Mannheim) &#8211; Unbekannter bespr\u00fcht Autos mit Farbe; Zeugen gesucht<\/h2>\n\n\n\n<p>Ein bislang unbekannter T\u00e4ter bespr\u00fchte in der Nacht von Mittwoch auf Donnerstag mehrere Autos, die im Wernigeroder Weg, in der Rudolf-Maus-Stra\u00dfe und in der Braunschweiger Allee geparkt waren.<\/p>\n\n\n\n<p>Der dabei entstandene Schaden l\u00e4sst sich noch nicht n\u00e4her beziffern, d\u00fcrfte jedoch betr\u00e4chtlich sein.<\/p>\n\n\n\n<p>Betroffen sind bislang acht Fahrzeuge. Ob dar\u00fcber hinaus noch weitere Autos bespr\u00fcht wurden, ist Gegenstand der Ermittlungen.<\/p>\n\n\n\n<p>Wie weiter festgestellt wurde, l\u00e4sst sich die Farbe mit einem L\u00f6sungsmittel beseitigen, ob dabei dennoch Sch\u00e4den an den Lacken zur\u00fcckbleiben, ist noch nicht bekannt.<\/p>\n\n\n\n<p>Zeugen, die Hinweise zu der Tat, bzw. zu dem noch unbekannten T\u00e4ter geben k\u00f6nnen, aber auch Fahrzeughalter, deren Autos ebenfalls bespr\u00fcht wurden und die sich noch nicht bei der Polizei gemeldet haben, werden gebeten, sich mit dem Polizeirevier MA-Sandhofen, tel.: 0621\/77769-0 in Verbindung zu setzen.<\/p>\n\n\n\n<h2 class=\"wp-block-heading\">(Mannheim-Innenstadt) &#8211; Verdacht des illegalen Welpenhandels \/ Zwei Hunde in Obhut genommen<\/h2>\n\n\n\n<p>Eine Zeugin meldete dem Revier Mannheim-Innenstadt zwei Personen, die der Dame am Donnerstagmittag gegen 13 Uhr am Paradeplatz zwei kr\u00e4nklich wirkende Zwergspitzwelpen zum Kauf angeboten h\u00e4tten. Die besagten Personen wurden kurze Zeit sp\u00e4ter von zwei Polizeibeamten im genannten Bereich der Innenstadt angetroffen und zur weiteren Abkl\u00e4rung mitsamt der Hunde zum Revier gebracht.<\/p>\n\n\n\n<h4 class=\"wp-block-heading\">Bei der Begutachtung der Welpen ergab sich folgendes Bild:<\/h4>\n\n\n\n<ul><li><strong>Die Hunde sind maximal acht bis neun Wochen alt und machen einen ungepflegten Eindruck.<\/strong><\/li><li><strong>Bei beiden Hunden besteht Verdacht auf Parvovirose.<\/strong><\/li><li><strong>Beide Hunde wurden anscheinend nur wenige Tage zuvor von Bulgarien aus nach Deutschland gebracht. Zudem lagen lediglich gef\u00e4lschte EU-Heimtierausweise vor, nur bei einem Hund konnte ein Chip ausgelesen werden.<\/strong><\/li><\/ul>\n\n\n\n<p>In R\u00fccksprache mit dem zust\u00e4ndigen Veterin\u00e4ramt wurden die Hunde in beh\u00f6rdliche Absonderung genommen und wurden folglich in einem Tierheim untergebracht. Die Welpenverk\u00e4ufer m\u00fcssen sich nun wegen Verst\u00f6\u00dfen gegen das Tiergesundheitsgesetz, die Seuchenschutzverordnung und wegen Urkundenf\u00e4lschung verantworten. Zus\u00e4tzlich zu der erhobenen Sicherheitsleistung von 250 Euro ist der Eigent\u00fcmer f\u00fcr die nun anfallenden Quarant\u00e4nekosten der Hunde verantwortlich.<\/p>\n\n\n\n<h2 class=\"wp-block-heading\">(Mannheim-Innenstadt) &#8211; Einbruch in Kiosk und dar\u00fcber liegende Wohnung \/ Polizei sucht Zeugen!<\/h2>\n\n\n\n<p>Eingebrochen wurde zwischen Dienstag, 00:00 Uhr, und Donnerstag, 11:45 Uhr, im Quadrat U2. Bislang unbekannte T\u00e4ter verschafften sich durch das Aufbrechen der Schl\u00f6sser sowohl Zugang zum Kiosk, als auch zu der dar\u00fcber liegenden Wohnung und durchsuchten beide R\u00e4umlichkeiten komplett. Aus dem Kiosk wurde Bargeld, sowie Tabakwaren von bislang unbekanntem Wert entwendet, aus den Wohnr\u00e4umen Schmuck im Wert von mehreren tausend Euro. Anschlie\u00dfend fl\u00fcchteten die T\u00e4ter in unbekannte Richtung.<\/p>\n\n\n\n<p>Zeugen, die verd\u00e4chtige Wahrnehmungen gemacht haben, werden gebeten sich beim Polizeirevier Mannheim-Innenstadt, unter der Telefonnummer 0621-12580, zu melden.<\/p>\n\n\n\n<h2 class=\"wp-block-heading\">(Mannheim-Wohlgelegen) &#8211; Verkehrsunfall mit Unfallflucht \/ Polizei sucht Zeugen<\/h2>\n\n\n\n<p>Zu einem Verkehrsunfall kam es am Mittwoch gegen 13 Uhr auf dem Parkplatz des Marktkaufs in der Friedrich-Ebert-Stra\u00dfe, bei dem der Verursacher anschlie\u00dfend das Weite suchte. Ein bislang unbekannter Autofahrer besch\u00e4digte, vermutlich beim Ein- oder Ausparken, einen auf dem Parkplatz abgestellten BMW und entfernte sich danach vom Unfallort, ohne seiner Feststellungspflicht nachzukommen. Am BMW entstand ein Sachschaden von rund 4.000 EUR. Gegen den unbekannten Fahrzeugf\u00fchrer wird nun wegen Unfallflucht ermittelt.<\/p>\n\n\n\n<p>Zeugen, die sachdienliche Hinweise auf den Unfallverursacher geben k\u00f6nnen, werden gebeten sich beim Polizeirevier Mannheim-Neckarstadt, unter der Telefonnummer 0621-33010, zu melden.<\/p>\n\n\n\n<h2 class=\"wp-block-heading\">(Mannheim-Waldhof) &#8211; Sattelzug f\u00e4hrt gegen Oberleitungsmast der RNV<\/h2>\n\n\n\n<p>Am 03.09.2021, gegen 19.25 Uhr fuhr der Fahrer eines Sattelzuges, ohne Auflieger, die B44 in Richtung Sandhofen, als er auf H\u00f6he Weizenstra\u00dfe aus ungekl\u00e4rter Ursache von der Fahrbahn abkam und gegen einen Oberleitungsmast der RNV und einen Baum fuhr. Der Fahrer ist \u00e4u\u00dferlich unverletzt, aufgrund der Schwere des Aufpralls k\u00f6nnen innere Verletzungen nicht ausgeschlossen werden. Das F\u00fchrerhaus des Sattelzugs wurde zerlegt, eine Achse komplett besch\u00e4digt sowie der Tank abgegerissen. Eine Beeinflussung durch Alkohol bzw. BtM konnte beim Fahrer ausgeschlossen werden. Der Schaden wird auf mindestens 40.000 Euro gesch\u00e4tzt.<\/p>\n\n\n\n<h2 class=\"wp-block-heading\">(Mannheim-Feudenheim) &#8211; Beim Wenden mit Stra\u00dfenbahn kollidiert<\/h2>\n\n\n\n<h3 class=\"has-text-align-center wp-block-heading\">Pressemitteilung Nr. 1<\/h3>\n\n\n\n<p>Am Freitagnachmittag, gegen 16.50 Uhr, ereignete sich auf der Feudenheimer Stra\u00dfe ein Verkehrsunfall, bei welchem ein in H\u00f6he Neckarplatt wendender Pkw mit einer Stra\u00dfenbahn kollidierte. Nach derzeitigem Stand der Dinge wurde Niemand verletzt. W\u00e4hrend der Fahrzeugverkehr auf der Feudenheimer Stra\u00dfe nicht beeintr\u00e4chtig ist und flie\u00dft, ist der Stra\u00dfenbahnverkehr f\u00fcr beide Richtung gesperrt. Die Polizei und Rettungskr\u00e4fte befinden sich vor Ort. Zur genauen Unfallursache k\u00f6nnen bislang noch keine Angaben gemacht werden.<\/p>\n\n\n\n<h2 class=\"wp-block-heading\">(Mannheim-Feudenheim) &#8211; Beim Wenden mit Stra\u00dfenbahn kollidiert \/ Keine Verletzten<\/h2>\n\n\n\n<h3 class=\"has-text-align-center wp-block-heading\">Pressemitteilung Nr. 2<\/h3>\n\n\n\n<p>Ein 32-j\u00e4hriger Mann aus Krefeld befuhr am 03.09.2021, um 16.52 Uhr, mit seinem Audi die Feudenheimer Stra\u00dfe in Richtung Neckarstadt. An der Haltestelle Neckarplatt wollte er verbotswidrig wenden, wodurch es zum Zusammensto\u00df mit einer Stra\u00dfenbahn kam. Weder im Pkw noch in der Stra\u00dfenbahn wurden Personen verletzt. Insgesamt entstand ein Sachschaden in H\u00f6he von 12.000 Euro. Der Audi musste abgeschleppt werden. Der Stra\u00dfenbahnverkehr wurde bis 17.39 Uhr gesperrt.<\/p>\n\n\n\n<h2 class=\"wp-block-heading\">(Heidelberg-Schlierbach) &#8211; Drei Schwerverletzte bei Verkehrsunfall; 40.000.- Euro Sachschaden; wer hatte Gr\u00fcn?  Zeugen gesucht<\/h2>\n\n\n\n<p>Drei Schwerverletzte sowie ein Sachschaden von rund 40.000.- Euro ist die Bilanz eines Verkehrsunfalls, der sich am fr\u00fchen Freitagnachmittag an der Ausfahrtsstra\u00dfe von der Orthop\u00e4dischen Klinik auf die B 37 ereignete.<\/p>\n\n\n\n<p>Kurz vor 13 Uhr bog ein 70-j\u00e4hriger Mercedes-Fahrer von der Orthop\u00e4die kommend nach links auf die B 37 in Richtung Heidelberg ein und kollidierte dabei mit einem 19-j\u00e4hrigen Audi-Fahrer, der in Richtung Neckargem\u00fcnd unterwegs war.<\/p>\n\n\n\n<p>Die beiden Autofahrer sowie die 65-j\u00e4hrige Beifahrerin im Mercedes wurden durch die Kollision schwer verletzt und mit Rettungswagen in verschiedene Kliniken gebracht. Beide Fahrzeuge mussten abgeschleppt werden. Der Gesamtschaden betr\u00e4gt rund 40.000.- Euro.<\/p>\n\n\n\n<p>Bei einer ersten Befragung behaupteten beide Autofahrer, an der ampelgeregelten Einm\u00fcndung &#8222;Gr\u00fcn&#8220; gehabt zu haben.<\/p>\n\n\n\n<p>Zeugen -sowohl Fu\u00dfg\u00e4nger als auch Autofahrer- die den Unfallhergang beobachteten und Aussagen \u00fcber die Ampelschaltung treffen k\u00f6nnen, werden gebeten, sich mit den Unfallermittlern der Verkehrspolizei Heidelberg, Tel.: 0621\/174-41111 in Verbindung zu setzen.<\/p>\n\n\n\n<h2 class=\"wp-block-heading\">(Leimen \/ Rhein-Neckar-Kreis) &#8211; Unfall beim Anfahren aus Grundst\u00fccksausfahrt \/ Kind verletzt<\/h2>\n\n\n\n<p>Am Donnerstagmorgen gegen 09:30 Uhr fuhr eine 38-J\u00e4hrige mit ihrem Kia aus einer Hofeinfahrt in der St.Ilgener Stra\u00dfe und tastete sich hierzu \u00fcber den Gehweg auf die Stra\u00dfe vor. Dabei \u00fcbersah sie ein 4 Jahre altes Kind, das mit seinem Tretroller auf dem B\u00fcrgersteig unterwegs war. Das Kind st\u00fcrzte zu Boden, verletzte sich aber gl\u00fccklicherweise nur leicht. Vorsorglich wurde ein Rettungswagen verst\u00e4ndigt, der den Jungen in eine naheliegende Klinik brachte. Er konnte kurze Zeit sp\u00e4ter wieder entlassen werden. An dem Fahrzeug der 38-J\u00e4hrigen entstand lediglich geringf\u00fcgig Sachschaden.<\/p>\n\n\n\n<p>Der Verkehrsdienst Heidelberg hat die Ermittlungen wegen des Verdachts der fahrl\u00e4ssigen K\u00f6rperverletzung aufgenommen.<\/p>\n\n\n\n<h2 class=\"wp-block-heading\">(Ketsch \/ Rhein-Neckar-Kreis) &#8211; Pedelec-Fahrer mit rund 2,5 Promille unterwegs \/ Polizei ermittelt<\/h2>\n\n\n\n<p>Die Beamten des Polizeireviers Schwetzingen stellten am Donnerstag gegen 16:20 Uhr einen Pedelec-Fahrer fest, der die Karlsruher Stra\u00dfe stadteinw\u00e4rts befuhr und den Polizisten durch seine unsichere Fahrweise auffiel. Daraufhin wurde der Mann kontrolliert. Bereits zu Beginn der Ma\u00dfnahmen schlug den Beamten ein deutlicher Alkoholgeruch entgegen. Eine anschlie\u00dfend durchgef\u00fchrte Atemalkoholmessung bei dem 50-J\u00e4hrigen ergab schlie\u00dflich rund 2,5 Promille. Daraufhin wurde der Fahrer mit auf das Polizeirevier genommen, wo ihm eine Blutprobe genommen wurde. Gegen ihn wird nun wegen Trunkenheit im Verkehr ermittelt. Des Weiteren werden m\u00f6gliche f\u00fchrerscheinrechtliche Konsequenzen gepr\u00fcft.<\/p>\n\n\n\n<h2 class=\"wp-block-heading\">(Neulu\u00dfheim \/ Rhein-Neckar-Kreis) &#8211; Radfahrer greift Autofahrer an \/ Polizei sucht Zeugen<\/h2>\n\n\n\n<p>Am Freitag gegen 10:40 Uhr befuhr ein 50-J\u00e4hriger mit seinem VW die Wagh\u00e4useler Stra\u00dfe in Richtung Hockenheim, als er auf H\u00f6he einer dortigen Baustelle verkehrsbedingt halten musste. In diesem Moment zog ein Fahrradfahrer rechts an ihm vorbei und gestikulierte wild in Richtung des 50-J\u00e4hrigen. Dieser konnte sich das Verhalten des Zweiradfahrers wiederum nicht weiter erkl\u00e4ren. Nach dem Kreisverkehr \u00fcberholte der 50-J\u00e4hrige schlie\u00dflich den Radfahrer. Da er ihn auf sein vorheriges Verhalten ansprechen wollte, entschloss sich der 50-J\u00e4hrige zum Anhalten. Hierzu fuhr er vor den Fahrradfahrer, stellte sein Fahrzeug auf dem Radweg ab und stieg aus seinem VW. Daraufhin entwickelte sich zwischen beiden Verkehrsteilnehmern eine lautstarke Auseinandersetzung, in deren Verlauf der Fahrradfahrer den 50-J\u00e4hrigen k\u00f6rperlich anging. Kurz darauf fl\u00fcchtete der Unbekannte mit seinem Fahrrad in Richtung Hockenheim. Der PKW-Fahrer wurde leicht verletzt.<\/p>\n\n\n\n<p>Der Polizeiposten Neulu\u00dfheim hat die weiteren Ermittlungen wegen des Verdachts der K\u00f6rperverletzung aufgenommen und sucht nun nach Zeugen, die sachdienliche Angaben zu dem Vorfall sowie zu dem unbekannten Fahrradfahrer machen k\u00f6nnen. Diese werden gebeten, sich unter der Tel.: 06205 33129 zu melden.<\/p>\n\n\n\n<h4 class=\"wp-block-heading\">Beschreibung des Radfahrers:<\/h4>\n\n\n\n<ul><li><strong>m\u00e4nnlich<\/strong><\/li><li><strong>ca. 60 Jahre alt<\/strong><\/li><li><strong>ca. 170 cm gro\u00df <\/strong><\/li><li><strong>wei\u00dfe\/kurze Haare<\/strong><\/li><li><strong>Auff\u00e4llig sei ein medizinischer Verband am Kopf des Mannes gewesen sowie sein blauer Trainingsanzug. <\/strong><\/li><li><strong>Zu dem Fahrrad ist lediglich bekannt, dass es sich offenbar um ein \u00e4lteres Modell gehandelt haben d\u00fcrfte.<\/strong><\/li><\/ul>\n\n\n\n<h2 class=\"wp-block-heading\">(Walldorf \/ Rhein-Neckar-Kreis) &#8211; Auffahrunfall an Ampel \/ Eine leicht verletzte Person &#8211; 5.000 EUR Sachschaden<\/h2>\n\n\n\n<p>Am Donnerstag kam es gegen 16:30 Uhr zu einem Verkehrsunfall auf der L723. Ein 30-J\u00e4hriger Audi-Fahrer und eine 26-J\u00e4hrige Citroen-Fahrerin waren auf der L723 in Fahrtrichtung B3 unterwegs, als sie an der Kreuzung zum Gutenbergring verkehrsbedingt an einer Ampel halten mussten. Nachdem die Ampel auf Gr\u00fcnlicht geschaltet war fuhr der Audi-Fahrer nicht sofort los, was die hinterherfahrende Citroen-Fahrerin zu sp\u00e4t erkannte und auf den Audi hinten auffuhr. Der 30-J\u00e4hrige Mann wurde bei dem Unfall leicht verletzt und mit einem Rettungswagen in eine Klinik gefahren, der Gesamtsachschaden betr\u00e4gt rund 6.000 EUR.<\/p>\n\n\n\n<h2 class=\"wp-block-heading\">(Walldorf \/ Rhein-Neckar-Kreis) &#8211; Nach Stra\u00dfenverkehrsgef\u00e4hrdung Zeuge gesucht<\/h2>\n\n\n\n<p>Am Mittwochnachmittag kam es zu einer gef\u00e4hrlichen Situation auf der Landstra\u00dfe 598, zwischen der Einm\u00fcndung Hochholzer See und dem Kreisverkehr Hasso-Plattner-Ring, als ein 47-J\u00e4hriger seinen \u00dcberholvorgang beenden wollte. Der Mann hatte gegen 16.20 Uhr zum \u00dcberholen angesetzt, als die vor ihm befindliche Fahrerin mit ihrem Toyota ebenfalls beschleunigte und so verhinderte, dass der Fahrer vor ihr einscheren konnte. Gl\u00fccklicherweise reagierte der nahende Gegenverkehr rechtzeitig mit einer Bremsung, sodass es dem 47-J\u00e4hrigen letztlich gelang wieder auf seine Fahrbahnseite zu wechseln.<\/p>\n\n\n\n<p>Die Beamten des Polizeiposten Walldorf haben die Ermittlungen wegen Stra\u00dfenverkehrsgef\u00e4hrdung gegen die 28-j\u00e4hrige Toyota-Fahrerin aufgenommen, die durch das abgelesene Kennzeichen ermittelt werden konnte. In diesem Zusammenhang werden weitere Zeugen gesucht, die das Geschehen beobachteten oder selbst von der Situation betroffen waren. Diese werden gebeten, sich unter 06227 8419990 an die Ermittler zu wenden.<\/p>\n\n\n\n<h2 class=\"wp-block-heading\">(St. Leon-Rot \/ A 5 \/ Rhein-Neckar-Kreis) &#8211; Auto verliert Vorderrad und trifft Motorradfahrer; leicht verletzt<\/h2>\n\n\n\n<p>Unheimliches Gl\u00fcck hatte ein 32-j\u00e4hriger Motorradfahrer, der am Donnerstagnachmittag auf der A 5 in Richtung Karlsruhe unterwegs war.<\/p>\n\n\n\n<p>Ein 48-j\u00e4hriger Skoda-Fahrer war seinerseits auf der A 5 in Richtung Frankfurt unterwegs, als sich kurz nach 16 Uhr, zwischen der Anschlussstelle Kronau und dem Walldorfer Kreuz das linke Vorderrad seines Fahrzeuges aus bislang unbekannten Gr\u00fcnden l\u00f6ste.<\/p>\n\n\n\n<p>Das Rad wurde \u00fcber die Mittelleitplanke auf die Gegenfahrbahn katapultiert und streifte den Biker. Dieser wurde zum Gl\u00fcck nur leicht verletzt und mit einem Rettungswagen zur Untersuchung in eine Klinik gebracht.<\/p>\n\n\n\n<p>Der 48-J\u00e4hrige blieb unverletzt und konnte sein Fahrzeug auf dem Standstreifen zum Stehen bringen.<\/p>\n\n\n\n<p>Beide Fahrzeuge wurden abgeschleppt. Der Gesamtschaden bel\u00e4uft sich auf rund 7.000.- Euro.<\/p>\n\n\n\n<p>W\u00e4hrend der Unfallaufnahme war die rechte Spur in Richtung Karlsruhe f\u00fcr rund 30 Minuten gesperrt.<\/p>\n\n\n\n<p>Die Ermittlungen des Verkehrskommissariats Walldorf, weshalb sich das Vorderrad des Fahrzeuges l\u00f6sen konnte, dauern noch an.<\/p>\n\n\n\n<h2 class=\"wp-block-heading\">(Neckargem\u00fcnd \/ Rhein-Neckar-Kreis) &#8211; Diebstahl aus Garage; hochwertiges E-Bike entwendet; Zeugen gesucht<\/h2>\n\n\n\n<p>Keine Skrupel hatte offenbar ein bislang unbekannter T\u00e4ter am Donnerstag, zwischen 16.45 -18.30 Uhr, in eine Garage in der Stra\u00dfe &#8222;Am M\u00fchlrain&#8220; einzudringen und ein hochwertiges E-Bike der Marke Giant, Typ Explore 0 Pro, Farbe braun, im Wert von nahezu 5.000.- Euro zu stehlen.<\/p>\n\n\n\n<p>Zeugen, denen verd\u00e4chtige Personen und\/oder Fahrzeuge w\u00e4hrend des Tatzeitraumes, aber auch davor, aufgefallen sind, werden gebeten, sich beim Polizeirevier Neckargem\u00fcnd, Tel.: 06223\/9254-0 zu melden.<\/p>\n\n\n\n<h2 class=\"wp-block-heading\">(Wiesenbach \/ Rhein-Neckar-Kreis) &#8211; Am helllichten Tag Alkohol und Drogen intus; Blutentnahme; F\u00fchrerschein weg; Ermittlungen wegen Drogenbesitzes<\/h2>\n\n\n\n<p>Am helllichten Donnerstagvormittag wurde ein 34-J\u00e4hriger von einer Streife des Polizeireviers Neckargem\u00fcnd dabei erwischt, wie er trotz Drogen- und Alkoholeinfluss mit seinem Skoda unterwegs war.<\/p>\n\n\n\n<p>Das Fahrzeug fiel den Beamten gegen 11.40 Uhr in der Hauptstra\u00dfe auf, worauf es zur Kontrolle auf das Gel\u00e4nde einer nahegelegenen Tankstelle geleitet wurde.<\/p>\n\n\n\n<p>Der Fahrer stand augenscheinlich unter Alkohol. Ein erster Test ergab \u00fcber 0,7 Promille ergeben. Dar\u00fcber hinaus ergaben sich Verdachtsmomente, dass der 34-J\u00e4hrige auch unter Drogeneinfluss stehen k\u00f6nnte. Dieser Verdacht best\u00e4tigte sich schnell. Ein Drogenschnelltest wies auf eine Beeinflussung von Cannabis und Amphetamin hin.<\/p>\n\n\n\n<p>Bei der Durchsuchung seines Fahrzeuges wurden zudem mehrere Ampullen mit Amphetaminresten sowie Marihuana aufgefunden.<\/p>\n\n\n\n<p>Dem 34-J\u00e4hrigen wurde eine Blutprobe entnommen, sein F\u00fchrerschein wurde sichergestellt.<\/p>\n\n\n\n<p>Ein Verfahren wegen des Verdachts, gegen das Bet\u00e4ubungsmittelgesetz versto\u00dfen zu haben, wurde ebenfalls eingeleitet. Nach seiner erkennungsdienstlichen Behandlung wurde der Mann wieder auf freien Fu\u00df gesetzt.<\/p>\n\n\n\n<p>Die Ermittlungen des Polizeireviers Neckargem\u00fcnd dauern an.<\/p>\n\n\n\n<h2 class=\"wp-block-heading\">(Sinsheim \/ Rhein-Neckar-Kreis) &#8211; Erneute Verkehrskontrollen im Rahmen der Konzeption &#8222;Sicher in Sinsheim&#8220;<\/h2>\n\n\n\n<p>Die Erh\u00f6hung der Sicherheit im Verkehrsraum ist ein wichtiger und essentieller Bestandteil der Konzeption &#8222;Sicher in Sinsheim&#8220;.<\/p>\n\n\n\n<p>Nach den Verkehrskontrollen Ende Juli f\u00fchrte das Polizeirevier Sinsheim am Donnerstag, den 02.09.2021, im Zeitraum von 13:30 Uhr bis 18:40 Uhr, erneut Stra\u00dfenverkehrskontrollen unter ganzheitlichen Gesichtspunkten durch.<\/p>\n\n\n\n<p>Auch dieses Mal kontrollierten die rund 25 eingesetzten Beamten des Polizeireviers Sinsheim und des Polizeipr\u00e4sidiums Einsatz an zwei \u00d6rtlichkeiten, unter anderem in der Neulandstra\u00dfe\/H\u00f6he Firma Gebhardt und auf der L550\/Wilhelmstra\u00dfe, H\u00f6he KBV Berufsschulzentrum. Die Kr\u00e4fte \u00fcberpr\u00fcften rund 108 Verkehrsteilnehmer und 80 Fahrzeuge, darunter auch acht Kraftr\u00e4der.<\/p>\n\n\n\n<p>Die Einhaltung der Verkehrsvorschriften stand ebenso im Fokus wie das Thema Kindersicherung und Gurt-sowie Handyverst\u00f6\u00dfe. Auch der Zustand der Fahrzeuge allgemein sowie die \u00dcberpr\u00fcfung der Fahrzeugpapiere wurden bei den Kontrollen miteinbezogen.<\/p>\n\n\n\n<p>So wurde beispielsweise der F\u00fchrerschein eines 34-j\u00e4hrigen Opel-Fahrers sichergestellt, nachdem der Verdacht bestand, dass es sich bei dem vorgezeigten Dokument um eine F\u00e4lschung handelte. Dem Mann wurde daraufhin die Weiterfahrt untersagt und der Fahrzeugschl\u00fcssel sichergestellt. Der 34-J\u00e4hrige musste die Beamten schlie\u00dflich mit auf das Polizeirevier begleiten. Gegen ihn wird nun wegen des Verdachts der Urkundenf\u00e4lschung und wegen Fahren ohne Fahrerlaubnis ermittelt.<\/p>\n\n\n\n<p>Besonders auff\u00e4llig waren auch die rund 11 Gurtverst\u00f6\u00dfe sowie der Umstand, dass neun Fahrzeugf\u00fchrer ihren F\u00fchrerschein erst gar nicht mitf\u00fchrten. In einem der neun F\u00e4lle best\u00e4tigte sich zudem der Verdacht, dass der Autofahrer aufgrund eines bestehenden Fahrverbots gar kein Fahrzeug f\u00fchren darf. Ihn erwartet nun ebenfalls eine Strafanzeige.<\/p>\n\n\n\n<p>Im Rahmen der \u00dcberpr\u00fcfung einer weiteren Person wurde festgestellt, dass diese polizeilich gesucht wird. In einem weiteren Fall wurde eine Sicherheitsleistung in H\u00f6he von 100 Euro erhoben, nachdem ein Autofahrer w\u00e4hrend der Fahrt ein Mobiltelefon benutzte.<\/p>\n\n\n\n<p>In vier F\u00e4llen beanstandeten die Beamten eine mangelhafte Kindersicherung, woraufhin mit den Eltern ein verkehrserzieherisches Gespr\u00e4ch gef\u00fchrt wurde. Auch sie m\u00fcssen mit einer Anzeige rechnen.<\/p>\n\n\n\n<p>Ein M\u00e4ngelbericht wurde in insgesamt f\u00fcnf F\u00e4llen ausgestellt. Die Autofahrer haben nun Zeit, innerhalb der vorgegebenen Fristen, die beanstandeten M\u00e4ngel beheben zu lassen und den Nachweis dar\u00fcber zu erbringen.<\/p>\n\n\n\n<p>Neben den oben genannten F\u00e4llen konnten auch folgende weitere Verst\u00f6\u00dfe festgestellt werden:<\/p>\n\n\n\n<p>1x fehlender Schutzhelm<\/p>\n\n\n\n<p>1x Versto\u00df Hauptuntersuchung<\/p>\n\n\n\n<p>1x abgefahrene Reifen<\/p>\n\n\n\n<h2 class=\"wp-block-heading\">(Mosbach \/ Eberbach \/ Rhein-Neckar-Kreis) &#8211; Rote Autos mit waghalsigen Fahrman\u00f6vern<\/h2>\n\n\n\n<p>Nachdem mehrere Fahrzeuge am Donnerstag mit waghalsigen Fahrman\u00f6vern von Mosbach kommend in Richtung Eberbach unterwegs waren, sucht die Polizei nach weiteren Zeugen und m\u00f6glichen Gesch\u00e4digten. Andere Verkehrsteilnehmer hatten gegen 16 Uhr \u00fcber Notruf gemeldet, dass vier rote Fahrzeuge auf der Bundesstra\u00dfe 37 von Mosbach kommend zwischen Neckarzimmern und Neckargerach ein illegales Rennen fahren w\u00fcrden. Kurz darauf konnten Polizeibeamte des Polizeipr\u00e4sidiums Mannheim vier geparkte rote Fahrzeuge der Marken Porsche, BMW, Opel und Honda in Eberbach feststellen. Nun sucht die Polizei nach Zeugen der Fahrt und bittet diese, sich bei dem Polizeirevier Mosbach, Telefonnummer 06261 8090, oder beim Polizeirevier Eberbach, Telefonnummer 06271 92100, zu melden.<\/p>\n\n\n\n<h2 class=\"wp-block-heading\">(Heiligkreuzsteinach \/ L 535 \/ Rhein-Neckar-Kreis) &#8211; Verkehrsunfall mit Personenschaden<\/h2>\n\n\n\n<h3 class=\"has-text-align-center wp-block-heading\">Pressemitteilung Nr. 1<\/h3>\n\n\n\n<p>Die L535 zwischen Hilsenhain und Lampenhain ist nach einem Verkehrsunfall mit Personenschaden aktuell (03.09.2021 \u2013 17:10) voll gesperrt. Polizei und Rettungskr\u00e4fte sind vor Ort.<\/p>\n\n\n\n<h2 class=\"wp-block-heading\">(Heiligkreuzsteinach \/ L 535 \/ Rhein-Neckar-Kreis) &#8211; Zweimal Totalschaden und ein verletzter Fahrradfahrer nach \u00dcberholversuch im Kurvenbereich<\/h2>\n\n\n\n<h3 class=\"has-text-align-center wp-block-heading\">Pressemitteilung Nr. 2<\/h3>\n\n\n\n<p>Am 03.09.2021, gegen 16.38 Uhr, befuhr ein 96-j\u00e4hriger Mann mit seinem Opel die L535 von Heiligkreuzsteinach in Richtung Abtsteinach. In einem Kurvenbereich wollte er einen Fahrradfahrer \u00fcberholen und kam hierbei auf die Gegenfahrbahn. Der Fahrer eines entgegenkommenden Dacia versuchte noch auszuweichen, wurde aber im Heckbereich durch den Opel getroffen. Der 96-J\u00e4hrige zog seinen Pkw nach dem Zusammensto\u00df wieder nach rechts und erfasste noch den 61-j\u00e4hrigen Fahrradfahrer, der zu Sturz kam. Der Fahrradfahrer wurde nach ersten Informationen leicht verletzt, vorsorglich aber zur genaueren Untersuchung in eine Klinik gebracht. Die Pkw-Fahrer blieben unverletzt. Beide Pkw mussten abgeschleppt werden. Der Schaden am Opel wurde auf 3.000 Euro, der Schaden am Dacia auf 8.000 Euro gesch\u00e4tzt. Die L 535 war bis 18.38 Uhr gesperrt.<\/p>\n\n\n\n<h2 class=\"wp-block-heading\">(Weinheim \/ Rhein-Neckar-Kreis) &#8211; Verkehrskontrollen zusammen mit der Ermittlungsgruppe Poser<\/h2>\n\n\n\n<p>Das Polizeirevier Weinheim f\u00fchrte am Donnerstag, den 02.09.2021 im Zeitraum von 17:00 Uhr bis 23:30 Uhr im Stadtgebiet Weinheim, mit Unterst\u00fctzung der Ermittlungsgruppe Poser, mobile Schwerpunktkontrollen zur Erh\u00f6hung der Sicherheit im Stra\u00dfenverkehr durch.<\/p>\n\n\n\n<p>Damit reagierte das Polizeirevier Weinheim, unter anderem, auf Meldungen aus der Weinheimer Bev\u00f6lkerung, wonach es vor allem in den Abendstunden immer wieder zu Ruhest\u00f6rungen, ausgehend von hochmotorisierten Fahrzeugen im Stadtgebiet, kommen soll.<\/p>\n\n\n\n<p>Bei sechs Fahrzeugen war die Betriebserlaubnis bereits erloschen. Eines der Fahrzeuge wurde in der Folge sichergestellt und wird nun technisch untersucht. Neben den genannten F\u00e4llen wurden auch ein Rotlichtversto\u00df sowie ein Versto\u00df gegen das Jugendschutzgesetz festgestellt.<\/p>\n\n\n\n<p>Einer weiteren Autofahrerin wurde die Weiterfahrt am Ende wegen mehreren am Fahrzeug festgestellten M\u00e4ngeln ganz untersagt. In zehn weiteren F\u00e4llen stellten die Beamten M\u00e4ngelberichte aus. Die Fahrzeugf\u00fchrer haben nun Zeit, innerhalb der vorgegeben Fristen, die beanstandeten M\u00e4ngel beheben zu lassen und den Nachweis dar\u00fcber zu erbringen. Andernfalls drohen weitere Sanktionen. Die beanstandeten Autofahrer m\u00fcssen nun allesamt mit entsprechenden Anzeigen rechnen.<\/p>\n\n\n\n<p>Auch in den kommenden Wochen wird die Erh\u00f6hung der Verkehrssicherheit in Weinheim verst\u00e4rkt im Fokus der Polizei stehen.<\/p>\n","protected":false},"excerpt":{"rendered":"<div class=\"mh-excerpt\"><p>Polizeimeldungen vom Freitag (03.09.2021) (Speyer) &#8211; Unbeleuchtet und ohne Fahrerlaubnis unterwegs Am 03.09.2021 um 01:45 Uhr fiel das Augenmerk einer Polizeistreife in der Wormser Landstra\u00dfe auf einen Opel, welcher unbeleuchtet stadtausw\u00e4rts fuhr. Am Steuer sa\u00df <a class=\"mh-excerpt-more\" href=\"https:\/\/speyer24news.com\/?p=40176\" title=\"Polizei\">[&#8230;]<\/a><\/p>\n<\/div>","protected":false},"author":3,"featured_media":26162,"comment_status":"open","ping_status":"open","sticky":false,"template":"","format":"standard","meta":{"_monsterinsights_skip_tracking":false,"_monsterinsights_sitenote_active":false,"_monsterinsights_sitenote_note":"","_monsterinsights_sitenote_category":0,"footnotes":""},"categories":[12],"tags":[3614,702,61,2555,6955,6986,6263,63,105,11150,6987,53,4854,4683,1548,102,213,55,5261,103,106,2803,2423,427,2625,380,62,104,979,1565],"aioseo_notices":[],"amp_enabled":true,"_links":{"self":[{"href":"https:\/\/speyer24news.com\/index.php?rest_route=\/wp\/v2\/posts\/40176"}],"collection":[{"href":"https:\/\/speyer24news.com\/index.php?rest_route=\/wp\/v2\/posts"}],"about":[{"href":"https:\/\/speyer24news.com\/index.php?rest_route=\/wp\/v2\/types\/post"}],"author":[{"embeddable":true,"href":"https:\/\/speyer24news.com\/index.php?rest_route=\/wp\/v2\/users\/3"}],"replies":[{"embeddable":true,"href":"https:\/\/speyer24news.com\/index.php?rest_route=%2Fwp%2Fv2%2Fcomments&post=40176"}],"version-history":[{"count":1,"href":"https:\/\/speyer24news.com\/index.php?rest_route=\/wp\/v2\/posts\/40176\/revisions"}],"predecessor-version":[{"id":40179,"href":"https:\/\/speyer24news.com\/index.php?rest_route=\/wp\/v2\/posts\/40176\/revisions\/40179"}],"wp:featuredmedia":[{"embeddable":true,"href":"https:\/\/speyer24news.com\/index.php?rest_route=\/wp\/v2\/media\/26162"}],"wp:attachment":[{"href":"https:\/\/speyer24news.com\/index.php?rest_route=%2Fwp%2Fv2%2Fmedia&parent=40176"}],"wp:term":[{"taxonomy":"category","embeddable":true,"href":"https:\/\/speyer24news.com\/index.php?rest_route=%2Fwp%2Fv2%2Fcategories&post=40176"},{"taxonomy":"post_tag","embeddable":true,"href":"https:\/\/speyer24news.com\/index.php?rest_route=%2Fwp%2Fv2%2Ftags&post=40176"}],"curies":[{"name":"wp","href":"https:\/\/api.w.org\/{rel}","templated":true}]}}