{"id":40182,"date":"2021-09-05T05:17:14","date_gmt":"2021-09-05T04:17:14","guid":{"rendered":"https:\/\/speyer24news.com\/?p=40182"},"modified":"2021-09-12T08:16:54","modified_gmt":"2021-09-12T07:16:54","slug":"geschwindigkeitsmessung-blitzer-fuer-september-kw-36-06-09-12-09-21","status":"publish","type":"post","link":"https:\/\/speyer24news.com\/?p=40182","title":{"rendered":"Geschwindigkeitsmessung \/ Blitzer f\u00fcr KW 36 (06.09. \u2013 12.09.21)"},"content":{"rendered":"<style type=\"text\/css\">\r\n\t.ads_top_disp{}\r\n\t.ads_top_corner_disp{ float:left; margin:0px 10px 10px 0px; }\r\n\t.ads_first_p_disp{}\r\n\t.ads_bottom_disp{}\r\n\t<\/style>\n<h2 class=\"wp-block-heading\">Radarkontrollen f\u00fcr die Woche vom 6. September bis 12. September 2021<\/h2>\n\n\n\n<div class=\"wp-block-image\"><figure class=\"aligncenter size-large\"><img decoding=\"async\" loading=\"lazy\" width=\"800\" height=\"600\" src=\"https:\/\/speyer24news.com\/wp-content\/uploads\/2020\/03\/Blitzer-1.jpg\" alt=\"\" class=\"wp-image-25724\" srcset=\"https:\/\/speyer24news.com\/wp-content\/uploads\/2020\/03\/Blitzer-1.jpg 800w, https:\/\/speyer24news.com\/wp-content\/uploads\/2020\/03\/Blitzer-1-300x225.jpg 300w, https:\/\/speyer24news.com\/wp-content\/uploads\/2020\/03\/Blitzer-1-768x576.jpg 768w, https:\/\/speyer24news.com\/wp-content\/uploads\/2020\/03\/Blitzer-1-678x509.jpg 678w, https:\/\/speyer24news.com\/wp-content\/uploads\/2020\/03\/Blitzer-1-326x245.jpg 326w, https:\/\/speyer24news.com\/wp-content\/uploads\/2020\/03\/Blitzer-1-80x60.jpg 80w\" sizes=\"(max-width: 800px) 100vw, 800px\" \/><\/figure><\/div>\n\n\n\n<p><strong>(Ludwigshafen) &#8211;<\/strong> Die Stadt Ludwigshafen nimmt in folgenden Stadtteilen Radarkontrollen vor.<\/p>\n\n\n\n<ul><li><strong>Montag, 6. September: Oppau, Pfingstweide und Rheing\u00f6nheim<\/strong><\/li><li><strong>Dienstag, 7. September: S\u00fcd, Ruchheim und West<\/strong><\/li><li><strong>Mittwoch, 8. September: Friesenheim, Gartenstadt und Edigheim<\/strong><\/li><li><strong>Donnerstag, 9. September: Maudach, Mundenheim und Mitte<\/strong><\/li><li><strong>Freitag, 10. September: Nord, Oggersheim und Oppau<\/strong><\/li><li><strong>Samstag, 11. September: Pfingstweide, Rheing\u00f6nheim und S\u00fcd<\/strong><\/li><\/ul>\n\n\n\n<p>Kurzfristige \u00c4nderungen beh\u00e4lt sich der Bereich Stra\u00dfenverkehr vor. Kontrollen k\u00f6nnen auch kurzfristig an anderen Stellen stattfinden.<\/p>\n\n\n\n<p><em>Stadt Ludwigshafen<br>05.09.2021<\/em><\/p>\n\n\n\n<h2 class=\"wp-block-heading\">Geschwindigkeitskontrollen f\u00fcr die Woche vom 6. bis 10. September<\/h2>\n\n\n\n<div class=\"wp-block-image\"><figure class=\"aligncenter size-large\"><img decoding=\"async\" loading=\"lazy\" width=\"640\" height=\"497\" src=\"https:\/\/speyer24news.com\/wp-content\/uploads\/2020\/12\/Blitzer-2.jpg\" alt=\"\" class=\"wp-image-31937\" srcset=\"https:\/\/speyer24news.com\/wp-content\/uploads\/2020\/12\/Blitzer-2.jpg 640w, https:\/\/speyer24news.com\/wp-content\/uploads\/2020\/12\/Blitzer-2-300x233.jpg 300w\" sizes=\"(max-width: 640px) 100vw, 640px\" \/><\/figure><\/div>\n\n\n\n<p><strong>(Mannheim) &#8211; <\/strong>Die Stadt Mannheim f\u00fchrt vom 6. bis 10. September in folgenden Stra\u00dfen mobile Geschwindigkeitskontrollen durch:<\/p>\n\n\n\n<ul><li><strong>Braunschweiger Allee<\/strong><\/li><li><strong>B\u00fcrstadter Stra\u00dfe<\/strong><\/li><li><strong>C-Quadrate<\/strong><\/li><li><strong>D-Quadrate<\/strong><\/li><li><strong>Frankenthaler Stra\u00dfe<\/strong><\/li><li><strong>G-Quadrate<\/strong><\/li><li><strong>Johann-Sch\u00fctte-Stra\u00dfe<\/strong><\/li><li><strong>K-Quadrate<\/strong><\/li><li><strong>Kattowitzer Zeile<\/strong><\/li><li><strong>Kriegerstra\u00dfe<\/strong><\/li><li><strong>Memeler Stra\u00dfe<\/strong><\/li><li><strong>M-Quadrate<\/strong><\/li><li><strong>R-Quadrate<\/strong><\/li><li><strong>Rottfeldstra\u00dfe<\/strong><\/li><li><strong>Sandhofer Stra\u00dfe<\/strong><\/li><li><strong>Sch\u00f6nauer Stra\u00dfe<\/strong><\/li><li><strong>Spinnereistra\u00dfe<\/strong><\/li><li><strong>U-Quadrate<\/strong><\/li><li><strong>Viernheimer Weg<\/strong><\/li><\/ul>\n\n\n\n<p>Kurzfristige \u00c4nderungen oder zus\u00e4tzliche Messstellen sind aus aktuellem Anlass m\u00f6glich.<\/p>\n\n\n\n<p><em>Stadt Mannheim<br>05.09.2021<\/em><\/p>\n\n\n\n<h2 class=\"wp-block-heading\">Radarkontrollen des Polizeipr\u00e4sidiums Rheinpfalz f\u00fcr September 2021<\/h2>\n\n\n\n<div class=\"wp-block-image\"><figure class=\"aligncenter size-large\"><img decoding=\"async\" loading=\"lazy\" width=\"800\" height=\"450\" src=\"https:\/\/speyer24news.com\/wp-content\/uploads\/2020\/12\/Blitzer-Logo.jpg\" alt=\"\" class=\"wp-image-31938\" srcset=\"https:\/\/speyer24news.com\/wp-content\/uploads\/2020\/12\/Blitzer-Logo.jpg 800w, https:\/\/speyer24news.com\/wp-content\/uploads\/2020\/12\/Blitzer-Logo-300x169.jpg 300w, https:\/\/speyer24news.com\/wp-content\/uploads\/2020\/12\/Blitzer-Logo-768x432.jpg 768w, https:\/\/speyer24news.com\/wp-content\/uploads\/2020\/12\/Blitzer-Logo-678x381.jpg 678w\" sizes=\"(max-width: 800px) 100vw, 800px\" \/><\/figure><\/div>\n\n\n\n<p>Im Bereich der&nbsp;<strong>Polizeidirektion Ludwigshafen<\/strong>&nbsp;finden wie folgt Kontrollen statt:<\/p>\n\n\n\n<ul><li><strong>Montag 06.09.2021 im Bereich Frankenthal<\/strong><\/li><li><strong>Freitag 17.09.2021 im Bereich R\u00f6merberg<\/strong><\/li><li><strong>Donnerstag 23.09.2021 im Bereich Maxdorf<\/strong><\/li><\/ul>\n\n\n\n<p>Im Bereich der&nbsp;<strong>Polizeidirektion Landau<\/strong>&nbsp;finden wie folgt Kontrollen statt:<\/p>\n\n\n\n<ul><li><strong>Donnerstag 09.09.2021 im Bereich Hochstadt<\/strong><\/li><li><strong>Mittwoch 15.09.2021 im Bereich Albersweiler<\/strong><\/li><li><strong>Montag 20.09.2021 im Bereich Germersheim<\/strong><\/li><li><strong>Donnerstag 30.09.2021 im Bereich Edenkoben<\/strong><\/li><\/ul>\n\n\n\n<p>Im Bereich der&nbsp;<strong>Polizeidirektion Neustadt&nbsp;<\/strong>finden wie folgt Kontrollen statt:<\/p>\n\n\n\n<ul><li><strong>Mittwoch 08.09.2021 im Bereich Neustadt<\/strong><\/li><li><strong>Dienstag 14.09.2021 im Bereich Ha\u00dfloch<\/strong><\/li><li><strong>Dienstag 21.09.2021 im Bereich Bad-D\u00fcrkheim<\/strong><\/li><li><strong>Montag 27.09.2021 im Bereich Ruppertsberg<\/strong><\/li><\/ul>\n\n\n\n<p>Die Polizei weist ausdr\u00fccklich darauf hin, dass Kontrollen auch au\u00dferhalb der genannten Zeiten und \u00d6rtlichkeiten stattfinden.<\/p>\n\n\n\n<p><em>Polizeipr\u00e4sidium Rheinpfalz<br>05.09.2021<\/em><\/p>\n","protected":false},"excerpt":{"rendered":"<div class=\"mh-excerpt\"><p>Radarkontrollen f\u00fcr die Woche vom 6. September bis 12. September 2021 (Ludwigshafen) &#8211; Die Stadt Ludwigshafen nimmt in folgenden Stadtteilen Radarkontrollen vor. Montag, 6. September: Oppau, Pfingstweide und Rheing\u00f6nheim Dienstag, 7. September: S\u00fcd, Ruchheim und <a class=\"mh-excerpt-more\" href=\"https:\/\/speyer24news.com\/?p=40182\" title=\"Geschwindigkeitsmessung \/ Blitzer f\u00fcr KW 36 (06.09. \u2013 12.09.21)\">[&#8230;]<\/a><\/p>\n<\/div>","protected":false},"author":3,"featured_media":33649,"comment_status":"open","ping_status":"open","sticky":false,"template":"","format":"standard","meta":{"_monsterinsights_skip_tracking":false,"_monsterinsights_sitenote_active":false,"_monsterinsights_sitenote_note":"","_monsterinsights_sitenote_category":0,"footnotes":""},"categories":[64],"tags":[18,7702,4819,4814,7703,19,5148,4822,4817,5149,4228,947,5146,4820,4815,5147,779,5152,4821,4816,5153,227,17,7699,7068,7004,7700,949,5150,4818,4813,5151,1310,948,10894,10893],"aioseo_notices":[],"amp_enabled":true,"_links":{"self":[{"href":"https:\/\/speyer24news.com\/index.php?rest_route=\/wp\/v2\/posts\/40182"}],"collection":[{"href":"https:\/\/speyer24news.com\/index.php?rest_route=\/wp\/v2\/posts"}],"about":[{"href":"https:\/\/speyer24news.com\/index.php?rest_route=\/wp\/v2\/types\/post"}],"author":[{"embeddable":true,"href":"https:\/\/speyer24news.com\/index.php?rest_route=\/wp\/v2\/users\/3"}],"replies":[{"embeddable":true,"href":"https:\/\/speyer24news.com\/index.php?rest_route=%2Fwp%2Fv2%2Fcomments&post=40182"}],"version-history":[{"count":3,"href":"https:\/\/speyer24news.com\/index.php?rest_route=\/wp\/v2\/posts\/40182\/revisions"}],"predecessor-version":[{"id":40383,"href":"https:\/\/speyer24news.com\/index.php?rest_route=\/wp\/v2\/posts\/40182\/revisions\/40383"}],"wp:featuredmedia":[{"embeddable":true,"href":"https:\/\/speyer24news.com\/index.php?rest_route=\/wp\/v2\/media\/33649"}],"wp:attachment":[{"href":"https:\/\/speyer24news.com\/index.php?rest_route=%2Fwp%2Fv2%2Fmedia&parent=40182"}],"wp:term":[{"taxonomy":"category","embeddable":true,"href":"https:\/\/speyer24news.com\/index.php?rest_route=%2Fwp%2Fv2%2Fcategories&post=40182"},{"taxonomy":"post_tag","embeddable":true,"href":"https:\/\/speyer24news.com\/index.php?rest_route=%2Fwp%2Fv2%2Ftags&post=40182"}],"curies":[{"name":"wp","href":"https:\/\/api.w.org\/{rel}","templated":true}]}}