{"id":40187,"date":"2021-09-05T05:55:51","date_gmt":"2021-09-05T04:55:51","guid":{"rendered":"https:\/\/speyer24news.com\/?p=40187"},"modified":"2021-09-05T05:55:53","modified_gmt":"2021-09-05T04:55:53","slug":"polizei-665","status":"publish","type":"post","link":"https:\/\/speyer24news.com\/?p=40187","title":{"rendered":"Polizei"},"content":{"rendered":"<style type=\"text\/css\">\r\n\t.ads_top_disp{}\r\n\t.ads_top_corner_disp{ float:left; margin:0px 10px 10px 0px; }\r\n\t.ads_first_p_disp{}\r\n\t.ads_bottom_disp{}\r\n\t<\/style>\n<h2 class=\"wp-block-heading\">Polizeimeldungen vom Samstag (04.09.2021)<\/h2>\n\n\n\n<div class=\"wp-block-image\"><figure class=\"aligncenter size-large\"><img decoding=\"async\" src=\"https:\/\/speyer24news.com\/wp-content\/uploads\/2019\/11\/Aktuelles-Polizeilogo.jpg\" alt=\"\" class=\"wp-image-21845\"\/><\/figure><\/div>\n\n\n\n<h2 class=\"wp-block-heading\">(Speyer) &#8211; Nach Verkehrskontrolle Betriebserlaubnis erloschen<\/h2>\n\n\n\n<p>Am 04.09.2021 gegen 0:15 Uhr wurde in der Bahnhofstra\u00dfe in Speyer ein PKW kontrolliert, der eine falsche Rad\/Reifen-Kombination aufgezogen hatte und zus\u00e4tzlich Felgen verbaut waren, die eine gutachterliche Abnahme bed\u00fcrfen, die jedoch nicht durchgef\u00fchrt wurde. Somit wurde die Weiterfahrt untersagt und eine Ordnungswidrigkeitenanzeige gefertigt.<\/p>\n\n\n\n<h2 class=\"wp-block-heading\">(Speyer) &#8211; Verkehrsunfallflucht zwischen Radfahrern in der Landwehrstra\u00dfe<\/h2>\n\n\n\n<p>Am 03.09.2021 gegen 7:20 Uhr kam es in der Landwehrstra\u00dfe in H\u00f6he des Bauzentrum Schulz zu einem Verkehrsunfall zwischen zwei Radfahrern. Hierbei fuhr ein m\u00e4nnlicher Radfahrer zwei M\u00e4dchen mit ihren Fahrr\u00e4dern entgegen und touchierte hierbei eines der M\u00e4dchen, sodass diese st\u00fcrzte. Der m\u00e4nnliche Fahrradfahrer fuhr anschlie\u00dfend ohne anzuhalten weiter.<\/p>\n\n\n\n<p>Zeugen des Vorfalls werden gebeten sich bei der Polizeiinspektion in Speyer zu melden (Tel.: 06232\/137-0,&nbsp;<a href=\"mailto:pispeyer@polizei.rlp.de\">pispeyer@polizei.rlp.de<\/a>).<\/p>\n\n\n\n<h2 class=\"wp-block-heading\">(Schwegenheim) &#8211; Schulwegkontrolle<\/h2>\n\n\n\n<p>Am vergangenen Freitag f\u00fchrten Beamte der Polizeiinspektion Germersheim in der Zeit von 7:30 Uhr bis 8:10 Uhr an der Grundschule in Schwegenheim eine Schulwegkontrolle durch. Hierbei zogen die eingesetzten Beamten eine insgesamt positive Bilanz. Alle kontrollierten Schulkinder waren ordnungsgem\u00e4\u00df gesichert. Lediglich ein Fahrzeugf\u00fchrer wurde aufgrund des nicht angelegten Sicherheitsgurtes verwarnt.<\/p>\n\n\n\n<h2 class=\"wp-block-heading\">(Schwegenheim) &#8211; Verkehrsunfallflucht<\/h2>\n\n\n\n<p>Am Freitag, gegen 8 Uhr besch\u00e4digte eine bislang unbekannte Fahrzeugf\u00fchrerin, Am Lindenplatz in Schwegenheim bei einem Wendeman\u00f6ver mit ihrem PKW mehrere Treppenstufen, sowie eine Stra\u00dfenlaterne. Bei der fl\u00fcchtenden Fahrerin soll es sich um eine etwa 60 Jahre alte Frau mit hellen Haaren gehandelt haben. Hinweise zu dem Unfall oder der Unfallverursacherin nimmt die Polizei Germersheim unter der Telefonnummer 07274-9580 oder per E-Mail:\u00a0<a href=\"mailto:pigermersheim@polizei.rlp.de\">pigermersheim@polizei.rlp.de<\/a>\u00a0entgegen.<\/p>\n\n\n\n<h2 class=\"wp-block-heading\">(Landau) &#8211; Zeugen nach Unfallflucht gesucht<\/h2>\n\n\n\n<p>Am 03.09.21 im Zeitraum von 09:20h bis 09:50h touchierte ein bislang unbekannter Fahrzeugf\u00fchrer einen geparkten grauen VW Golf in Landau in der Max-Planck-Stra\u00dfe am \u00c4rztehaus und entfernte sich danach unerlaubt von der Unfallstelle. Der Sachschaden am geparkten Fahrzeug bel\u00e4uft sich auf ca. 1000 Euro. Zeugenhinweise nimmt die Polizei Landau unter 06341 2870 oder\u00a0<a href=\"mailto:pilandau.presse@polizei.rlp.de\">pilandau.presse@polizei.rlp.de<\/a>\u00a0an.<\/p>\n\n\n\n<h2 class=\"wp-block-heading\">(Bornheim) &#8211; Rollerfahrer l\u00e4sst nichts aus<\/h2>\n\n\n\n<p>Am Freitagnachmittag gegen 15:30h kontrollierte eine Streife der Polizei Landau einen Rollerfahrer zwischen den Gewerbegebieten M\u00f6rlheim und Bornheim. Schnell stellte sich heraus, dass der 49-j\u00e4hrige Rollerfahrer ohne entsprechende Fahrerlaubnis fuhr. Zudem war am Roller ein Versicherungskennzeichen aus dem Jahre 2018 montiert, was ein Versto\u00df gegen das Pflichtversicherungsgesetz darstellte. Im weiteren Verlauf der Kontrolle konnte bei dem Fahrer eine Atemalkoholkonzentration in H\u00f6he von 1,55 Promille festgestellt werden. Als w\u00e4re dies nicht genug, kam noch heraus, dass er zuvor Cannabis konsumierte. Mehrere Strafverfahren wurden gegen den Rollerfahrer eingeleitet.<\/p>\n\n\n\n<h2 class=\"wp-block-heading\">(A 65 \/ Neustadt) &#8211; Zu schnell in die Kurve<\/h2>\n\n\n\n<div class=\"wp-block-image\"><figure class=\"aligncenter size-large\"><img decoding=\"async\" loading=\"lazy\" width=\"800\" height=\"626\" src=\"https:\/\/speyer24news.com\/wp-content\/uploads\/2021\/09\/IMG_5993.jpeg\" alt=\"\" class=\"wp-image-40188\" srcset=\"https:\/\/speyer24news.com\/wp-content\/uploads\/2021\/09\/IMG_5993.jpeg 800w, https:\/\/speyer24news.com\/wp-content\/uploads\/2021\/09\/IMG_5993-300x235.jpeg 300w, https:\/\/speyer24news.com\/wp-content\/uploads\/2021\/09\/IMG_5993-768x601.jpeg 768w\" sizes=\"(max-width: 800px) 100vw, 800px\" \/><figcaption>Das KFZ des Unfallverursachers<\/figcaption><\/figure><\/div>\n\n\n\n<p>Am Freitag, den 03.09.2021 befuhr der 19-j\u00e4hrige Skoda-Fahrer gegen 19:05 Uhr die Abfahrt Neustadt-S\u00fcd der A65 Fahrtrichtung Ludwigshafen. Der Skoda-Fahrer fuhr zu schnell in die Kurve, kam hierdurch ins Schlingern und geriet letztendlich auf die Gegenfahrbahn. Dort kollidierte der Skoda-Fahrer mit einer 61-j\u00e4hrigen Mercedes-Fahrerin. Im PKW Skoda befanden sich insgesamt vier Personen. Nach ersten Erkenntnissen erlitten zwei Mitfahrer (18 und 19 Jahre alt) leichte Verletzungen. Die verletzten Mitfahrer wurden zur weiteren Behandlung durch den Rettungsdienst in ein umliegendes Krankenhaus verbracht. Die Mercedes-Fahrerin wurde durch den Unfall ebenfalls leicht verletzt. Eine station\u00e4re Aufnahme in einem Krankenhaus war hier jedoch nicht erforderlich. <\/p>\n\n\n\n<div class=\"wp-block-image\"><figure class=\"aligncenter size-large\"><img decoding=\"async\" loading=\"lazy\" width=\"800\" height=\"600\" src=\"https:\/\/speyer24news.com\/wp-content\/uploads\/2021\/09\/IMG_5995.jpeg\" alt=\"\" class=\"wp-image-40189\" srcset=\"https:\/\/speyer24news.com\/wp-content\/uploads\/2021\/09\/IMG_5995.jpeg 800w, https:\/\/speyer24news.com\/wp-content\/uploads\/2021\/09\/IMG_5995-300x225.jpeg 300w, https:\/\/speyer24news.com\/wp-content\/uploads\/2021\/09\/IMG_5995-768x576.jpeg 768w, https:\/\/speyer24news.com\/wp-content\/uploads\/2021\/09\/IMG_5995-678x509.jpeg 678w, https:\/\/speyer24news.com\/wp-content\/uploads\/2021\/09\/IMG_5995-326x245.jpeg 326w, https:\/\/speyer24news.com\/wp-content\/uploads\/2021\/09\/IMG_5995-80x60.jpeg 80w\" sizes=\"(max-width: 800px) 100vw, 800px\" \/><figcaption>Verunfallter PKW Mercedes<\/figcaption><\/figure><\/div>\n\n\n\n<p>Der PKW Skoda sowie der PKW Mercedes waren nicht mehr fahrbereit und mussten abgeschleppt werden. Es entstand jeweils Totalschaden. Die Schadensh\u00f6he betr\u00e4gt circa 15.000 Euro. Die Abfahrt Neustadt-S\u00fcd musste f\u00fcr die Dauer der Unfallaufnahme voll gesperrt werden. Hierdurch kam es zu leichten Verkehrsbehinderungen. Der Skoda-Fahrer wird sich nun in einem Strafverfahren wegen fahrl\u00e4ssiger K\u00f6rperverletzung verantworten d\u00fcrfen. Da sich der Skoda-Fahrer noch in der Probezeit befindet, muss dieser ebenso mit fahrerlaubnisrechtlichen Konsequenzen rechnen.<\/p>\n\n\n\n<h2 class=\"wp-block-heading\">(Bad D\u00fcrkheim) &#8211; Verkehrsunfall mit verletzter Person, E-Scooter und Alkohol<\/h2>\n\n\n\n<p>Am Freitag, 03.09.2021, um 19:55 Uhr, befuhren ein 34-J\u00e4hriger aus Bad D\u00fcrkheim und eine 38-J\u00e4hrige aus Offenburg, jeweils mit einem E-Scooter den Triftweg in Bad D\u00fcrkheim in Richtung Kanalstra\u00dfe. Der Mann fuhr hierbei auf dem Rad-\/Gehweg, die Frau auf der Fahrbahn. Kurz vor der Einm\u00fcndung der Dresdener Stra\u00dfe st\u00fcrzte der Mann ohne Fremdeinwirkung, vermutlich alkoholbedingt. Hierbei verletzte er sich am Kopf, am Knie und an der Schulter und wurde mit dem Verdacht einer Schulterfraktur ins Krankenhaus verbracht. Hier wurde ihm auch eine Blutprobe entnommen, da er zuvor Alkohol getrunken haben soll. Da auch seine Begleiterin unter Alkoholeinfluss stand, machte sie in der Polizeiinspektion Bad D\u00fcrkheim einen Atemalkoholtest. Den Mann erwartet nun abh\u00e4ngig vom Ergebnis der Blutprobe ein Strafverfahren, gegen die Frau wurde ein Ordnungswidrigkeitenverfahren eingeleitet. In diesem Zusammenhang weist die Polizei auf folgendes hin: &#8211; Auch f\u00fcr Elektrokleinstfahrzeuge (z. B. sogenannte E-Scooter) gilt die 0,5-Promille-Grenze gem\u00e4\u00df \u00a7 24a des Stra\u00dfenverkehrsgesetzes. Allerdings macht man sich auch schon ab 0,3-Promille strafbar, wenn man unter Alkoholeinfluss nicht mehr in der Lage ist, sicher am Stra\u00dfenverkehr teilzunehmen. F\u00fcr unter 21-j\u00e4hrige und F\u00fchrerschein-Neulinge in der Probezeit gilt auch hier die Null-Promille-Grenze. Es gelten die einschl\u00e4gigen Straf- und Bu\u00dfgeldregelungen zum F\u00fchren von Kraftfahrzeugen im Stra\u00dfenverkehr. Zum Beispiel kann bei einer Blutalkoholkonzentration von 0,5-Promille bereits ein Bu\u00dfgeld von 500 EUR sowie ein Fahrverbot von 1 Monat verh\u00e4ngt werden. Dar\u00fcber hinaus werden 2 Punkte im Fahreignungsregister eingetragen. &#8211; Unter anderem sind die Mitnahme von Personen und Gegenst\u00e4nden auf dem Trittbrett, die Nutzung von Gehwegen und Fu\u00dfg\u00e4ngerzonen, das Anh\u00e4ngen an andere Fahrzeuge sowie Behinderungen und Gef\u00e4hrdungen untersagt. Es gelten dar\u00fcber hinaus auch die allgemeinen stra\u00dfenverkehrsrechtlichen Vorschriften, insbesondere das Gebot der st\u00e4ndigen Vorsicht und gegenseitigen R\u00fccksichtnahme.<\/p>\n\n\n\n<h2 class=\"wp-block-heading\">(Bad D\u00fcrkheim) &#8211; Verkehrsunfall mit verletzter Person<\/h2>\n\n\n\n<p>Am Freitag, 03.09.2021, um 12:08 Uhr, kam es in Bad D\u00fcrkheim, in der Gustav-Kirchhoff-Stra\u00dfe, zu einem Verkehrsunfall zwischen einem Ford Ranger und einer Fu\u00dfg\u00e4ngerin. Der 43-j\u00e4hrige Fahrer des Ford aus Ellerstadt setzte zum Abstellen seines Fahrzeugs zur\u00fcck. Hierbei kollidierte er mit der 40-J\u00e4hrigen aus Neustadt an der Weinstra\u00dfe, die hinter seinem Fahrzeug die Stra\u00dfe \u00fcberqueren wollte. Die Frau wurde zwischen der Hinterachse und dem Hecksto\u00dff\u00e4nger eingeklemmt, konnte aber vom Fahrer des Ford und weiteren Zeugen herausgezogen werden. Sie wurde anschlie\u00dfend durch einen Notarzt vor Ort versorgt und dann zur BGU nach Ludwigshafen verbracht. \u00dcber die Schwere der Verletzungen liegen derzeit noch keine weiteren Informationen vor, jedoch bestand offenbar keine Lebensgefahr.<\/p>\n\n\n\n<h2 class=\"wp-block-heading\">(Dackenheim &amp; Kallstadt) &#8211; 2 Wohnungseinbr\u00fcche<\/h2>\n\n\n\n<p>In der Zeit von Donnerstag, 02.09.2021, 22:30 Uhr, bis Freitag, 03.09.2021, 05:15 Uhr, drangen ein oder mehrere, bislang unbekannte T\u00e4ter in ein Wohnhaus in Dackenheim, in der Stra\u00dfe Am M\u00f6nchshof, ein. Hierbei benutzten sie einen versteckten Schl\u00fcssel, um durch den Hintereingang in das Haus zu gelangen. Der oder die T\u00e4ter erbeuteten Bargeld, das sie aus Geldb\u00f6rsen und Handtaschen entnahmen, sowie einen Ring. In Kallstadt, in der Stra\u00dfe Im Mosenborn, griff ein unbekannter T\u00e4ter durch ein gekipptes Terrassenfenster und \u00f6ffnete so die unverschlossene zweite Terrassent\u00fcr. Zuvor hatte der T\u00e4ter ein Fliegengitter eingeschnitten. Der T\u00e4ter gelangte auf diesem Weg ins Haus und entwendete hier Bargeld und ein Zigarettenetui. Der Tatzeitraum lag in diesem Fall zwischen Freitag, 03.09.2021, 23:30 Uhr, und Samstag, 04.09.2021, 03:30 Uhr. In beiden F\u00e4llen waren die Bewohner zu Hause, bemerkten jedoch nichts von dem Einbruch. M\u00f6gliche Zeugen, die den oder die T\u00e4ter gesehen haben, werden gebeten, sich bei der Polizei in Bad D\u00fcrkheim unter 06322 9630, per E-Mail an\u00a0<a href=\"mailto:pibadduerkheim@polizei.rlp.de\">pibadduerkheim@polizei.rlp.de<\/a>\u00a0oder bei der Kriminalpolizei in Neustadt an der Weinstra\u00dfe zu melden. <\/p>\n\n\n\n<p>Die Polizei weist im Zusammenhang mit diesen beiden Einbr\u00fcchen auf folgendes hin: &#8222;Gekippt ist nicht zu&#8220; &#8211; Im Erdgeschoss, ebenso wie im Dachgeschoss, geh\u00f6ren Fenster und Terrassent\u00fcren geschlossen. Damit erh\u00f6hen Sie nicht nur Ihre Sicherheit, sondern sind auch versicherungstechnisch besser gesch\u00fctzt. Gekippte Fenster k\u00f6nnen f\u00fcr die Versicherung als offen gelten und die Regulierung des Schadens im schlimmsten Fall sogar verweigert werden. &#8211; Sind die Fenster- und Terrassengriffe zus\u00e4tzlich durch Schl\u00f6sser gesichert, dann nutzen Sie diese. Wichtig hierbei ist, die Schl\u00fcssel abziehen und nicht offen sichtbar liegen oder stecken lassen. &#8211; Zudem bitte keine Schl\u00fcssel in Blumenk\u00e4sten, unter Fu\u00dfmatten oder woanders hinterlegen. Einbrecher kennen jedes noch so gute Versteck!<\/p>\n\n\n\n<h2 class=\"wp-block-heading\">(Freinsheim) &#8211; Verkehrsunfall mit verletztem Motorradfahrer<\/h2>\n\n\n\n<p>Am Freitag, 03.09.2021, um 19:20 Uhr, befuhr ein 59-j\u00e4hriger Motorradfahrer aus Altleinigen die Strecke zwischen der Lindemannsruhe und H\u00f6ningen. Vor einer Kurve verlor er aus noch ungekl\u00e4rter Ursache die Kontrolle \u00fcber sein Motorrad und st\u00fcrzte. Hierbei verletzte er sich an der Schulter (m\u00f6glicherweise Fraktur) und musste vom Rettungsdienst ins Krankenhaus verbracht werden. An seinem Motorrad entstand ein Sachschaden von ca. 500,- Euro.<\/p>\n\n\n\n<h2 class=\"wp-block-heading\">(Mutterstadt) &#8211; Nicht angemeldete Videoaufnahmen<\/h2>\n\n\n\n<p>Am Freitagabend, 03.09.2021 gg. 20.30h wurde nach einer Mitteilung eines Zeugen \u00fcber eine gr\u00f6\u00dfere Gruppe dunkel gekleideter, teils maskierter Personen der Bereich Oggersheimer Stra\u00dfe (H\u00f6he der Gemeindeverwaltung) durch starke Polizeikr\u00e4fte angefahren und \u00fcberpr\u00fcft. Vor Ort stellte sich schnell heraus, dass es sich um einen nicht angemeldeten Videodreh handelte, welcher durch die Polizei beendet wurde. Die Personalien der verantwortlichen Personen (allesamt Jugendliche) wurden erhoben. Weitere Ermittlungen werden seitens der Polizei get\u00e4tigt.<\/p>\n\n\n\n<h2 class=\"wp-block-heading\">(Ludwigshafen) &#8211; Betrunkener Autofahrer gef\u00e4hrdet Rettungswagen und Gegenverkehr<\/h2>\n\n\n\n<p>Am sp\u00e4ten Samstagnachmittag wurde der Polizeiautobahnstation Ruchheim durch eine Rettungswagenbesatzung ein vermeintlich betrunkener Autofahrer auf der A650 in Richtung Ludwigshafen mitgeteilt. Dieser habe zuvor auf der B37 am Ortausgang Bad D\u00fcrkheim dem Rettungswagen die Vorfahrt genommen und fuhr anschlie\u00dfend in der Fahrbahnmitte, sodass entgegenkommende Fahrzeuge in den Gr\u00fcnstreifen ausweichen mussten.<\/p>\n\n\n\n<p>Der gemeldete Pkw, Hyundai ix35, konnte schlie\u00dflich durch eine Streife der Polizeiautobahnstation Ruchheim angehalten und kontrolliert werden. Hierbei wurde bei dem Fahrer, einem 42j\u00e4hrigen Mann aus Ludwigshafen, Alkoholgeruch festgestellt. Ein freiwilliger Alkoholtest best\u00e4tigte, dass der Fahrer alkoholisiert war.<\/p>\n\n\n\n<p>Den 42j\u00e4hrigen erwartet nun ein Strafverfahren wegen Gef\u00e4hrdung des Stra\u00dfenverkehrs &#8211; infolge Alkohol. Der F\u00fchrerschein des Mannes wurde sichergestellt. Ab sofort darf er kein fahrerlaubnispflichtiges Kraftfahrzeug mehr f\u00fchren.<\/p>\n\n\n\n<h2 class=\"wp-block-heading\">(Ludwigshafen) &#8211; Kontrolle zweier m\u00f6glicher Fahrraddiebe<\/h2>\n\n\n\n<p>Am fr\u00fchen Samstagmorgen konnte ein aufmerksamer B\u00fcrger zwei m\u00e4nnliche Personen dabei beobachten, wie sich diese an einem Fahrrad zu schaffen machten. Einer der beiden M\u00e4nner habe anschlie\u00dfend ein orangefarbenes Fahrrad in die Luft geworfen und hierbei besch\u00e4digt. Im Rahmen der Kontrolle konnten ein 30 j\u00e4hriger Mann aus dem Rheinpfalzkreis und ein 24 j\u00e4hriger Mann aus Ludwigshafen angetroffen werden. Der 24 J\u00e4hrige f\u00fchrte ein Fahrrad mit sich, dessen Eigentumsverh\u00e4ltnisse vor Ort nicht nachvollziehbar gekl\u00e4rt werden konnten. Aus diesem Grund wurde das Fahrrad sichergestellt. Beide Personen erwartet nun ein strafrechtliches Ermittlungsverfahren aufgrund Sachbesch\u00e4digung und, sofern sich der Verdacht best\u00e4tigt, Fahrraddiebstahls.<\/p>\n\n\n\n<h2 class=\"wp-block-heading\">(Ludwigshafen) &#8211; Schl\u00e4gerei<\/h2>\n\n\n\n<p>Am fr\u00fchen Samstagmorgen kam es in der Innenstadt von Ludwigshafen zu verbalen Streitigkeiten zwischen zwei vierk\u00f6pfigen Personengruppen. Im Rahmen des Streits beleidigten sich die beiden Gruppen gegenseitig. Zwischen einem 33 j\u00e4hrigen Mann aus Ludwigshafen und einem 23 j\u00e4hrigen Mann aus Celle wurde es schlie\u00dflich handgreiflich. Der 23 J\u00e4hrige versetzte seinem 33 j\u00e4hrigen Kontrahenten einen Schlag ins Gesicht, wodurch dieser augenscheinlich jedoch nicht verletzt wurde. Alle Beteiligten waren offensichtlich alkoholisiert. Die eingesetzten Beamten erteilten Platzverweise. Den 23 J\u00e4hrigen erwartet ein Ermittlungsverfahren aufgrund K\u00f6rperverletzung.<\/p>\n\n\n\n<h2 class=\"wp-block-heading\">(Ludwigshafen) &#8211; Hinweis auf Bet\u00e4ubungsmittelkonsumenten<\/h2>\n\n\n\n<p>Eine 43 j\u00e4hrige Frau und ein 47 j\u00e4hriger Mann konnten am Freitagabend durch eine Streife aufgrund des Verdachts des Drogenkonsums einer Kontrolle unterzogen werden. Bei beiden Personen, die unter dem Einfluss von Drogen zu stehen schienen, konnten geringe Mengen Bet\u00e4ubungsmittel aufgefunden werden. Weiterhin f\u00fchrten beide Fahrr\u00e4der mit sich, deren Eigentumsverh\u00e4ltnisse vor Ort nicht nachvollziehbar gekl\u00e4rt werden konnten. Die Bet\u00e4ubungsmittel und die Fahrr\u00e4der wurden sichergestellt. Die Ermittlungen dauern an.<\/p>\n\n\n\n<h2 class=\"wp-block-heading\">(Ludwigshafen) &#8211; Verkehrsunfall zwischen Zweiradfahrern<\/h2>\n\n\n\n<p>Leichte Verletzungen erlitt ein 61 j\u00e4hriger Fahrradfahrer bei einem Verkehrsunfall vom Freitagmorgen in Ludwigshafen-Friesenheim. Der Fahrradfahrer befuhr die Sternstra\u00dfe in Richtung Brunckstra\u00dfe und kollidierte im Kreuzungsbereich Sternstra\u00dfe\/Ruthenstra\u00dfe mit einem 34 j\u00e4hrigen Motorradfahrer, der von der Sternstra\u00dfe kommend in die Ruthenstra\u00dfe abbiegen wollte. Wie es zu dem Konflikt zwischen den beiden Zweiradfahrern kam, wird derzeit ermittelt. Der Fahrradfahrer wurde in ein \u00f6rtliches Krankenhaus verbracht. An den Fahrzeugen entstand geringer Sachschaden.<\/p>\n\n\n\n<h2 class=\"wp-block-heading\">(Mannheim) &#8211; Junger Mann mit Messer verletzt \/ T\u00e4ter fl\u00fcchtig &#8211; Kripo ermittelt &#8211; Zeugen gesucht<\/h2>\n\n\n\n<div class=\"wp-block-image\"><figure class=\"aligncenter size-large\"><img decoding=\"async\" loading=\"lazy\" width=\"801\" height=\"600\" src=\"https:\/\/speyer24news.com\/wp-content\/uploads\/2020\/05\/Zeugen-gesucht-Neutral.jpg\" alt=\"\" class=\"wp-image-26598\" srcset=\"https:\/\/speyer24news.com\/wp-content\/uploads\/2020\/05\/Zeugen-gesucht-Neutral.jpg 801w, https:\/\/speyer24news.com\/wp-content\/uploads\/2020\/05\/Zeugen-gesucht-Neutral-300x225.jpg 300w, https:\/\/speyer24news.com\/wp-content\/uploads\/2020\/05\/Zeugen-gesucht-Neutral-768x575.jpg 768w, https:\/\/speyer24news.com\/wp-content\/uploads\/2020\/05\/Zeugen-gesucht-Neutral-678x509.jpg 678w, https:\/\/speyer24news.com\/wp-content\/uploads\/2020\/05\/Zeugen-gesucht-Neutral-326x245.jpg 326w, https:\/\/speyer24news.com\/wp-content\/uploads\/2020\/05\/Zeugen-gesucht-Neutral-80x60.jpg 80w\" sizes=\"(max-width: 801px) 100vw, 801px\" \/><\/figure><\/div>\n\n\n\n<p>Ein 22-j\u00e4hriger Mann wurde am fr\u00fchen Samstagmorgen im Bereich der Quadrate H7\/J7 von einem unbekannten T\u00e4ter mit einem Messer schwer verletzt. Der junge Mann war mit einem Freund auf dem Weg von der Innenstadt in den Jungbusch und traf gegen 3.20 Uhr am Luisenring auf den sp\u00e4teren T\u00e4ter, der in unmittelbarer N\u00e4he einer Bar auf dem Gehweg wartete. Aus bislang unbekannten Gr\u00fcnden kam es zun\u00e4chst zu einer verbalen Auseinandersetzung, worauf der Unbekannte den 22-J\u00e4hrigen mit einem Messer verletzte. Der T\u00e4ter fl\u00fcchtete anschlie\u00dfend mit einer weiteren Person vom Tatort. Nach seiner not\u00e4rztlichen Behandlung wurde der 22-J\u00e4hrige mit einem Rettungswagen in eine Klinik gebracht. Nach derzeitigen Kenntnisstand ist er au\u00dfer Lebensgefahr.<\/p>\n\n\n\n<p>Eine Fahndung nach dem T\u00e4ter mit zehn Streifenwagenbesatzungen verlief ohne Ergebnis.<\/p>\n\n\n\n<h4 class=\"wp-block-heading\">Er wird wie folgt beschrieben: <\/h4>\n\n\n\n<ul><li><strong>ca. 185 cm<\/strong><\/li><li><strong>d\u00fcnne Figur<\/strong><\/li><li><strong>schwarze, l\u00e4ngere Haare<\/strong><\/li><li><strong>schwarze Weste; helle Hose<\/strong><\/li><\/ul>\n\n\n\n<p>Das Kriminalkommissariat Mannheim hat die weiteren Ermittlungen \u00fcbernommen. Die Fahnder versprechen sich von den Personen, die sich zur Tatzeit im Bereich des Tatortes aufhielten, weitere Hinweise zur Kl\u00e4rung der Tat und zur Identifizierung des T\u00e4ters. Dabei k\u00f6nnen auch Videos und Fotos behilflich sein, die von der Tat und\/oder dem T\u00e4ter gefertigt wurden. Alle Zeugen, deren Aussagen die Ermittler bei der Aufkl\u00e4rung der Tat einen Schritt weiterbringen k\u00f6nnten, werden gebeten, sich mit dem Kriminaldauerdienst, Tel.: 0621\/174-4444 in Verbindung zu setzen.<\/p>\n\n\n\n<h2 class=\"wp-block-heading\">(Mannheim) &#8211; Fahrt auf G\u00fcterzug endet glimpflich<\/h2>\n\n\n\n<p>In Lebensgefahr begab sich Samstagnacht ein 38-J\u00e4hriger am Mannheimer Hauptbahnhof. Gegen 1:55 Uhr alarmierten Bahnmitarbeiter die Bundespolizei in Mannheim.<\/p>\n\n\n\n<p>Ein aus Nordrhein-Westfalen stammender Mann bestieg auf Bahnsteig 2 die Plattform eines dort stehenden G\u00fcterzuges und fuhr im Anschluss mit diesem Zug mit. Nachdem der Triebfahrzeugf\u00fchrer die Information \u00fcber den unerwarteten Fahrgast erhielt, leitete dieser umgehend eine Schnellbremsung ein. Der Zug hatte zu diesem Zeitpunkt schon eine ungef\u00e4hre Geschwindigkeit von 50 km\/h.<\/p>\n\n\n\n<p>Die eingesetzten Bundespolizisten konnten den Mann im Gleisbereich feststellen und zur Wache verbringen. Gl\u00fccklicherweise verletzte sich der 38-J\u00e4hrige bei seiner lebensgef\u00e4hrlichen Mitfahrt nicht.<\/p>\n\n\n\n<p>Neben einem Strafverfahren wegen des gef\u00e4hrlichen Eingriffs in den Bahnverkehr erwartet den deutschen Staatsangeh\u00f6rigen auch noch eine Anzeige wegen des unerlaubten Besitzes von Bet\u00e4ubungsmitteln, welche im Rahmen einer Durchsuchung aufgefunden wurden.<\/p>\n\n\n\n<p>In diesem Zusammenhang warnt die Bundespolizei vor den Gefahren des Bahnverkehrs. Solche Aktionen sind leichtsinnig und lebensgef\u00e4hrlich. T\u00f6dliche Gefahren gehen dabei nicht nur ausschlie\u00dflich vom Zugverkehr, sondern auch von Betriebsanlagen, wie z.B. stromf\u00fchrenden Teilen, Masten und anderer Infrastruktur aus.<\/p>\n\n\n\n<h2 class=\"wp-block-heading\">(Mannheim) &#8211; Wegen Benzinmangels liegen geblieben; Smart blockiert Fahrbahn ohne Absicherung; Ermittlungen wegen gef\u00e4hrlichen Eingriffs in Stra\u00dfenverkehr aufgenommen; gef\u00e4hrdete Autofahrer gesucht<\/h2>\n\n\n\n<p>Am fr\u00fchen Freitagabend, gegen 18.40 Uhr, meldeten mehrere Anrufer, dass ein Smart die rechte Spur der B 38, in H\u00f6he Gorxheimer Stra\u00dfe in Richtung Weinheim blockiere. Vom Fahrer sei weit und breit nichts zu sehen. Aufgrund der geringen Absicherung des Pannenfahrzeuges lediglich mit Warnblinkanlage (aufgrund der Sonneneinwirkung nicht erkennbar), sei es bereits zu mindestens zwei gef\u00e4hrlichen Verkehrssituationen\/Ausweichman\u00f6vern gekommen.<\/p>\n\n\n\n<p>W\u00e4hrend der ersten Ermittlungen vor Ort, kam der 19-J\u00e4hrige Fahrer des Smart wenige Minuten sp\u00e4ter mit einem Benzinkanister zur\u00fcck und gab an, wegen Benzinmangels liegen geblieben zu sein.<\/p>\n\n\n\n<p>Wegen des Verdachts des gef\u00e4hrlichen Eingriffs in den Stra\u00dfenverkehr muss sich der junge Mann nun verantworten.<\/p>\n\n\n\n<p>Verkehrsteilnehmer, die dem roten Smart in gef\u00e4hrlicher Art und Weise ausweichen mussten, werden als wichtige Zeugen gesucht.<\/p>\n\n\n\n<p>Zeugenhinweise bitte an das Autobahnpolizeirevier MA-Seckenheim, Tel.: 0621\/47093-0.<\/p>\n\n\n\n<h2 class=\"wp-block-heading\">(Mannheim) &#8211; Unfallflucht mit hohem Sachschaden; Zeugen gesucht<\/h2>\n\n\n\n<p>Ein bislang unbekannter Autofahrer besch\u00e4digte am Freitag einen Audi Q5, der zwischen 9 Uhr und 13.30 Uhr, in der Kollwitzer Zeile, H\u00f6he Anwesen Nr. 91, geparkt war.<\/p>\n\n\n\n<p>Dabei entstand ein Sachschaden von mindestens 5.000.- Euro.<\/p>\n\n\n\n<p>Aufgrund des Schadensbildes d\u00fcrfte das Fahrzeug des Verursachers auf der rechten Seite erheblich besch\u00e4digt.<\/p>\n\n\n\n<p>Zeugen, die Hinweise zum Unfall, dem Verursacher und\/oder dessen Fahrzeug eben k\u00f6nnen, werden gebeten, sich beim Polizeirevier MA-Sandhofen, Tel.: 0621\/77769-0 zu melden.<\/p>\n\n\n\n<h2 class=\"wp-block-heading\">(Mannheim-Wohlgelegen) &#8211; Unfall zwischen Motorroller- und Autofahrerin<\/h2>\n\n\n\n<p>Am Freitag gegen 08.30 Uhr fuhr ein 62-J\u00e4hriger die R\u00f6ntgenstra\u00dfe mit seinem Yamaha-Motorroller in Richtung Feudenheim entlang. Als eine vor ihm fahrende 68-j\u00e4hrige Autofahrerin mit ihrem VW Polo aufgrund einer Baustelle und damit zusammenh\u00e4ngenden Fahrbahnverengung abbremsen musste, fuhr der 62-J\u00e4hrige auf und st\u00fcrzte. Er kam schwerverletzt ins Krankenhaus, die Autofahrerin blieb unverletzt. Die H\u00f6he des Sachschadens an den Fahrzeugen ist noch unklar.<\/p>\n\n\n\n<h2 class=\"wp-block-heading\">(Mannheim-Almenhof) &#8211; Fahrradfahrer verbal angegangen und vom Fahrrad gesto\u00dfen<\/h2>\n\n\n\n<p>In der Nacht von Freitag auf Samstag zwischen halb drei und drei Uhr ereignete sich ein Vorfall zwischen einem Fahrradfahrer und zwei Fu\u00dfg\u00e4ngern. Ein 19-J\u00e4hriger berichtete, dass er in der Valentin-Streuber-Stra\u00dfe auf seinem Fahrrad fahrend zun\u00e4chst von zwei M\u00e4nnern verbal angegangen worden sei und dann vom Fahrrad gesto\u00dfen. Beim Sturz auf den Boden verletzte er sich am Knie und sein Fahrrad trug einen Schaden von ca. 150,- EUR davon. <\/p>\n\n\n\n<h4 class=\"wp-block-heading\">Die Angreifer beschrieb er folgenderma\u00dfen: <\/h4>\n\n\n\n<ul><li>E<strong>iner der M\u00e4nner soll ca. 1,80 m gro\u00df gewesen sein<\/strong><\/li><li><strong>der andere eher 1,70 m mit st\u00e4mmigen Figuren<\/strong><\/li><li><strong>Beide sch\u00e4tzt er auf 20 bis 30 Jahre alt und mindestens einer trug einen Vollbart. <\/strong><\/li><\/ul>\n\n\n\n<p>Wer den Vorfall beobachtet hat oder den beiden Personen vielleicht kurz vor oder nach der Tat dort im Umkreis begegnet ist und weitere Angaben machen kann, meldet sich bitte beim Polizeirevier Mannheim-Neckarau, Tel.: 0621\/83397-0.<\/p>\n\n\n\n<h2 class=\"wp-block-heading\">(Mannheim-Jungbusch) &#8211; Zusammensto\u00df zwischen zwei Fahrradfahrern<\/h2>\n\n\n\n<p>Am Freitagnachmittag gegen 14.30 Uhr kam es zu einem Zusammensto\u00df zwischen zwei Radfahrern an der Einm\u00fcndung zwischen Rheinstra\u00dfe\/Hafenstra\u00dfe. Ein Fahrradfahrer war auf der Hafenstra\u00dfe in Richtung Parkring unterwegs, als ein anderer Fahrradfahrer aus der Rheinstra\u00dfe in Richtung Hafenstra\u00dfe kam. An der Einm\u00fcndung der beiden Stra\u00dfen kam es zum Zusammensto\u00df der beiden. Der Radler aus der Hafenstra\u00dfe kommend musste mit Platzwunden im Gesicht, einer Nasenfraktur, mehreren Sch\u00fcrfwunden und des Verdachts einer Halswirbelfraktur ins Krankenhaus eingeliefert werden. Der Verkehr musste an der Unfallstelle zeitweise umgeleitet werden, zu gr\u00f6\u00dferen Beeintr\u00e4chtigungen kam es aber dadurch nicht. Die Verkehrspolizei sucht nun Zeugen, die mithelfen k\u00f6nnen, den Unfallhergang aufzukl\u00e4ren. Diese melden sich bitte unter der 0621\/174-4111.<\/p>\n\n\n\n<h2 class=\"wp-block-heading\">(Mannheim-Rheinau) &#8211; Mehrere Autos besch\u00e4digt \/ Eigenes Autos nicht mehr fahrbereit zur\u00fcckgelassen und gefl\u00fcchtet; Blutentnahme<\/h2>\n\n\n\n<p>Ein zun\u00e4chst unbekannter Autofahrer lie\u00df am Freitagnachmittag seinen stark unfallbesch\u00e4digten und nicht mehr fahrbereiten VW mitten auf der Karlsruher Stra\u00dfe stehen und fl\u00fcchtete. Wie die ersten Ermittlungen ergaben, war der Mann mit seinem Fahrzeug entlang des D\u00e4nischen Tischs unterwegs und hatte dabei insgesamt f\u00fcnf geparkte Autos besch\u00e4digt. Als er wegen eines Achsbruchs nicht mehr weiterfahren konnte, lie\u00df er sein Auto in der Karlsruher Stra\u00dfe einfach stehen. Das Fahrzeug wurde beschlagnahmt und abgeschleppt. Der Gesamtschaden l\u00e4sst sich noch nicht n\u00e4her beziffern. Die Fahndung nach dem fl\u00fcchtigen Mann, die sich aufgrund von Zeugenaussagen schlie\u00dflich auf einen 53-J\u00e4hrfigen konzentrierte, blieb zun\u00e4chst ohne Ergebnis. Gegen 18 Uhr wurde er schlie\u00dflich im Bereich Schifferstadter Stra\u00dfe\/Relaisstra\u00dfe stark alkoholisiert festgenommen. Beim Revier wurden Blutentnahmen durchgef\u00fchrt. Da eine Eigengef\u00e4hrdung des Mannes nicht ausgeschlossen werden konnte, wurde er in einer psychiatrischen Klinik vorgestellt. Die Ermittlungen dauern an.<\/p>\n\n\n\n<h2 class=\"wp-block-heading\">(Heidelberg \/ A 5) &#8211; Auffahrunfall mit LKW sorgt f\u00fcr Vollsperrung am AK Heidelberg<\/h2>\n\n\n\n<p>Gegen 13:42 kam es am Samstagmittag zu einem Auffahrunfall zwischen einem LKW und einem PKW. Verletzt wurde bei dem Unfall gl\u00fccklicherweise niemand. Da der LKW aber durch den Unfallschaden nicht selbst den einspurigen Baustellenbereich auf der A5 verlassen konnte, musste die A5 in Fahrtrichtung Nord ab dem Heidelberger Kreuz f\u00fcr die Bergung voll gesperrt werden. Durch die Sperrung, die zurzeit noch andauert, kommt es rund um den Bereich des Kreuzes zu Verkehrsbehinderungen. Ortskundige und der Fernverkehr werden gebeten die A5 im Bereich des Autobahnkreuzes Heidelberg weitr\u00e4umig zu umfahren.<\/p>\n\n\n\n<h2 class=\"wp-block-heading\">(Heideberg \/ A 5) &#8211; Auffahrunfall mit LKW sorgt f\u00fcr Vollsperrung am AK Heidelberg<\/h2>\n\n\n\n<h3 class=\"has-text-align-center wp-block-heading\">Pressemeldung Nr. 2<\/h3>\n\n\n\n<p>Um 15:55 Uhr konnte die Fahrbahn der A5 in Richtung Norden wieder freigegeben werden. Es gelang, den LKW durch einen Abschleppdienst zu bergen und aus dem Baustellenbereich zu entfernen. Durch die Sperrung, die ca. zwei Stunden andauerte kam es im Bereich des Autobahnkreuzes Heidelberg und der A 656 in Fahrtrichtung Mannheim zu gro\u00dfen Beeintr\u00e4chtigungen des Verkehrs sowie einem weiteren Auffahrunfall.<\/p>\n\n\n\n<h2 class=\"wp-block-heading\">(Heidelberg) &#8211; Unfall am Boxbergknoten mit drei Beteiligten<\/h2>\n\n\n\n<p>In der Nacht von Freitag auf Samstag um ca. 23.15 Uhr fuhr ein 62-j\u00e4hriger Taxifahrer aus Leimen kommend die Karlsruher Stra\u00dfe in Richtung Heidelberg entlang, w\u00e4hrend eine 29-J\u00e4hrige mit ihrem Kia Ceed auf der L 600 aus Lingenthal kommend unterwegs war. Ein 28-J\u00e4hriger wartete zudem mit seinem BMW auf der linken Abbiegespur aus Richtung Heidelberg kommend auf die Gr\u00fcnschaltung der Ampel. Nachdem die Schranken zwischen L 600 und Karlsruher Stra\u00dfe aufgrund einer durchfahrenden Stra\u00dfenbahn wieder \u00f6ffneten, fuhr die 29-J\u00e4hrige in die Kreuzung in Richtung Karlsruher Stra\u00dfe ein, der Taxifahrer ebenso aus seiner Richtung und die beiden stie\u00dfen zusammen, wobei das Taxi gegen den stehenden BMW geschleudert wurde. Alle drei Beteiligten wurden vor Ort von Rettungskr\u00e4ften versorgt und leichtverletzt in ein Krankenhaus gebracht, alle drei Fahrzeuge abgeschleppt. Die Feuerwehr war zur Fahrbahnreinigung von auslaufenden Betriebsstoffen vor Ort. Ob einer der Beteiligten das Rotlicht \u00fcbersehen hat oder was sonst Unfallursache sein k\u00f6nnte, das ermittelt nun das Polizeirevier Heidelberg-S\u00fcd.<\/p>\n\n\n\n<h2 class=\"wp-block-heading\">(Heidelberg-Weststadt \/ S\u00fcdstadt) &#8211; Verbaler Streit in der Stra\u00dfenbahn m\u00fcndet nach dem Aussteigen in K\u00f6rperverletzung \/ Zeugen gesucht<\/h2>\n\n\n\n<p>Am sp\u00e4ten Donnerstagabend, kurz nach 23.30 Uhr war eine 40-J\u00e4hrige in der Stra\u00dfenbahnlinie 24 vom R\u00f6merkreis Richtung Christuskirche unterwegs. Bereits beim Einstieg nahm sie eine junge Frau und ihren Begleiter wahr, die ihre beschuhten F\u00fc\u00dfe auf der Sitzbank hatten. Kurz danach auf dieses Verhalten angesprochen, wurde sie sofort von den beiden beleidigt. Um weiteren verbalen Auseinandersetzungen aus dem Weg zu gehen, entschied sich die 40-J\u00e4hrige an der n\u00e4chsten Haltestelle Weststadt\/S\u00fcdstadt auszusteigen. Jedoch folgte ihr die junge Frau und ohrfeigte sie pl\u00f6tzlich von hinten, wobei die Brille der Gesch\u00e4digten zu Boden fiel und sie einen Kratzer am Hals davontrug. Die Angreiferin begab sich dann wieder in die Bahn und fuhr davon.<\/p>\n\n\n\n<h4 class=\"wp-block-heading\">Die Beschuldigte wird wie folgt beschrieben:<\/h4>\n\n\n\n<ul><li><strong>ca. 20 Jahre alt<\/strong><\/li><li><strong>ca. 1,60 m gro\u00df<\/strong><\/li><li><strong>schlank<\/strong><\/li><li><strong>dunkle lange Haare<\/strong><\/li><li><strong>sprach akzentfreies Deutsch<\/strong><\/li><\/ul>\n\n\n\n<ul><li><strong>Ihr Begleiter soll auch ebenfalls ca. 20 Jahre alt gewesen sein, ca. 1,65 m gro\u00df mit normaler Statur und kurzen dunklen Haaren und sprach ebenfalls akzentfreies Deutsch.<\/strong><\/li><\/ul>\n\n\n\n<p>Wer den Vorfall beobachtet hat oder wem das P\u00e4rchen aus anderen Gr\u00fcnden aufgefallen ist, meldet sich bitte beim Polizeiposten Emmertsgrund unter der Rufnummer: 06221\/381518.<\/p>\n\n\n\n<h2 class=\"wp-block-heading\">(Heidelberg-Pfaffengrund) &#8211; Hilfsbereitschaft einer 70-J\u00e4hrigen ausgenutzt und EC-Karte entwendet<\/h2>\n\n\n\n<p>Als eine 70-J\u00e4hrige am Freitag kurz nach 13.30 Uhr auf dem Parkplatz eines Einkaufsmarktes in der Eppelheimer Stra\u00dfe von einer scheinbar Schwangeren und ihrem Begleiter angesprochen wurde, ahnte sie nichts B\u00f6ses. Die Frau mit dem sichtbaren Babybauch gab an, starke Schmerzen zu haben und fragte nach einem Arzt oder Krankenhaus in der N\u00e4he. Als die Seniorin ihnen eine Klinik in der N\u00e4he empfahl, gaben sich die beiden desorientiert und baten die Dame es zus\u00e4tzlich aufzuschreiben. Das aufgeschlagene Notizbuch hielten die beiden mutma\u00dflichen Trickdiebe dabei so geschickt \u00fcber die Handtasche der 70-J\u00e4hrigen, dass sie nicht bemerkte, wie diese offenbar dabei deren EC-Karte herauszogen. Nach dem Eintrag ins Notizbuch entfernten sich die beiden z\u00fcgig. Die Gesch\u00e4digte pr\u00fcfte zuf\u00e4llig nichtsahnend am selben Tag ihre Kontoausz\u00fcge und stellte zwei ihr unbekannte Auszahlungen von zusammen \u00fcber 2.000 EUR fest. Daraufhin informierte sie die Polizei, erstattete Anzeige und lie\u00df ihre Karte sperren.<\/p>\n\n\n\n<p>Hilfsbereitschaft ja, aber Vorsicht walten lassen! Was tun, wenn man angesprochen wird und um Hilfe gebeten wird, schlie\u00dflich k\u00f6nnte man in einer eigenen Notsituation ja auch mal auf andere angewiesen sein? <\/p>\n\n\n\n<h4 class=\"wp-block-heading\">Die Polizei r\u00e4t:<\/h4>\n\n\n\n<ul><li><strong>Nicht nur in Corona-Zeiten kann ein gewisser Abstand nicht schaden &#8211; weisen Sie Fragende ggf. darauf hin!<\/strong><\/li><li><strong>Insbesondere wenn es mehrere Personen sind, behalten sie diese w\u00e4hrend des Gespr\u00e4chs im Auge, insbesondere wenn Sie etwas aufschreiben oder in Ihrer Tasche kramen!<\/strong><\/li><li><strong>Wenn Ihnen die Personen verd\u00e4chtig oder zu aufdringlich erscheinen, lehnen Sie bestimmt ab oder rufen andere Personen in der N\u00e4he zu Hilfe!<\/strong><\/li><li><strong>Behalten Sie Ihre Wertsachen dicht am K\u00f6rper, am besten in verschlossenen Taschen!<\/strong><\/li><li><strong>Bewahren Sie die PIN von EC-Karten o.\u00e4. nie zusammen mit der Karte auf!<\/strong><\/li><li><strong>\u00dcberpr\u00fcfen Sie regelm\u00e4\u00dfig Ihre Kontoausz\u00fcge, informieren Sie bei Unstimmigkeiten umgehend Ihre Bank (Sperrnotruf: 116 116) und erstatten Anzeige bei der Polizei!<\/strong><\/li><\/ul>\n\n\n\n<h2 class=\"wp-block-heading\">(Schwetzingen \/ Rhein-Neckar-Kreis) &#8211; 80 Personen feiern Party in Waldh\u00fctte ohne Genehmigung und Hygienekonzept<\/h2>\n\n\n\n<div class=\"wp-block-image\"><figure class=\"aligncenter size-large\"><img decoding=\"async\" loading=\"lazy\" width=\"800\" height=\"452\" src=\"https:\/\/speyer24news.com\/wp-content\/uploads\/2021\/09\/trees-5971888_1920.jpg\" alt=\"\" class=\"wp-image-40190\" srcset=\"https:\/\/speyer24news.com\/wp-content\/uploads\/2021\/09\/trees-5971888_1920.jpg 800w, https:\/\/speyer24news.com\/wp-content\/uploads\/2021\/09\/trees-5971888_1920-300x170.jpg 300w, https:\/\/speyer24news.com\/wp-content\/uploads\/2021\/09\/trees-5971888_1920-768x434.jpg 768w\" sizes=\"(max-width: 800px) 100vw, 800px\" \/><\/figure><\/div>\n\n\n\n<p>Bei der Streifenfahrt trafen eine Streife des Polizeireviers Schwetzingen am Samstagmorgen, gegen 1.50 Uhr, am &#8222;Wasserwerk&#8220; auf eine Party in einer Waldh\u00fctte, an der rund 80 junge Menschen ohne Einhaltung von Mindestabst\u00e4nden oder Tragen von Masken teilnahmen. Bei Anblick der Streife fl\u00fcchtete die \u00fcberwiegende Mehrheit der Anwesenden in den angrenzenden Wald. Ca. 30 Personen blieben vor Ort, ihre Personalien wurden aufgenommen. Der Veranstalter, der auch f\u00fcr eine hochwertige Musikanlage mit DJ-Pult und Partybeleuchtung mit Nebelmaschine gesorgt hatte, konnte vor Ort weder eine Genehmigung noch ein Hygienekonzept vorweisen. Die \u00dcberpr\u00fcfungen beim zust\u00e4ndigen Ordnungsamt sind eingeleitet. Gegen einen 18-J\u00e4hrigen wird au\u00dferdem wegen des Verdachts ermittelt, gegen das Bet\u00e4ubungsmittelgesetz versto\u00dfen zu haben. Ein weiterer 18-J\u00e4hriger beleidigte einen Beamten, weshalb auch er angezeigt wird. Die Ermittlungen dauern an.<\/p>\n\n\n\n<h2 class=\"wp-block-heading\">(Walldorf \/ Sinsheim \/ Rhein-Neckar-Kreis) &#8211; Frau alkoholisiert mit Auto trotz Fahrverbot unterwegs<\/h2>\n\n\n\n<p>Am fr\u00fchen Samstagmorgen, kurz nach 5 Uhr, wurde das Polizeirevier Wiesloch dar\u00fcber informiert, dass es auf dem Parkplatz eines Einkaufsmarktes in der Jakob-Astor-Stra\u00dfe zun\u00e4chst zu einem Streit gekommen war, an dem eine Frau beteiligt gewesen sein soll, die anschlie\u00dfend im betrunkenen Zustand davongefahren sei. Das Polizeirevier Sinsheim setzte die eingeleitete Fahndung nach der Autofahrerin, &#8211; das Kennzeichen ihres Autos war bekannt &#8211; fort und traf die 35-J\u00e4hrige schlie\u00dflich gegen 6.45 Uhr zuhause an. Sie war stark alkoholisiert, weshalb sp\u00e4ter Blutproben entnommen wurden. Bei der \u00dcberpr\u00fcfung ihrer Daten wurde zudem festgestellt, dass gegen sie bereits ein Fahrverbot verh\u00e4ngt war, weshalb gegen sie dar\u00fcber hinaus wegen des Verdacht des Fahrens ohne Fahrerlaubnis ermittelt wird. Aufgrund des Vorfalls muss sich die 35-J\u00e4hrige auf eine Geldstrafe und eine deutliche Verl\u00e4ngerung ihres Fahrverbots einstellen. Die Ermittlungen dauern an.<\/p>\n\n\n\n<h2 class=\"wp-block-heading\">(Wiesloch \/ Rhein-Neckar-Kreis) &#8211; Auffahrunfall an der AS Rauenberg<\/h2>\n\n\n\n<p>Als am Freitagvormittag gegen 11.00 Uhr eine 25-J\u00e4hrige auf der B 39 an der Anschlussstelle Wiesloch\/Rauenberg bei Rotlicht anhalten musste, bemerkte dies eine hinter ihr fahrende 35-J\u00e4hrige zu sp\u00e4t und fuhr ihr auf. Der Hyundai der 25-J\u00e4hrigen wurde dabei so stark besch\u00e4digt, dass er abgeschleppt werden musste. Verletzt wurde aber gl\u00fccklicherweise niemand.<\/p>\n\n\n\n<h2 class=\"wp-block-heading\">(Rauenberg \/ Rhein-Neckar-Kreis) &#8211; Autofahrerin verursacht Unfall und fl\u00fcchtet; Blutentnahme, Sicherstellung F\u00fchrerschein<\/h2>\n\n\n\n<p>Am Freitagvormittag verursachte der zun\u00e4chst unbekannter Fahrer eines wei\u00dfen Fahrzeuges einen Verkehrsunfall im Bereich des Bauhofs im &#8222;Hohenaspen&#8220;. Ein Zeuge hatte kurz vor 8 Uhr einen lauten Knall geh\u00f6rt und gesehen, wie das wei\u00dfe Auto gegen einen geparkten Lkw geprallt war. Anschlie\u00dfend setzte der Fahrer\/-in die Fahrt fort. Eine Fahndung nach dem Fahrzeug wurde sofort eingeleitet. Gleichzeitig gingen im Polizeirevier Wiesloch mehrere Anrufe ein, die auf ein verlorenes Rad, bzw. Fahrzeugteile auf der B 39 hinweisen. Im Rahmen der Fahndung, wurde das Unfallfahrzeug, das massive Besch\u00e4digungen aufwies schlie\u00dflich ermittelt. Die verantwortliche Fahrerin wurde zuhause, in einer Gemeinde im Rhein-Neckar-Kreis angetroffen und zum Revier mitgenommen. Sie stand erheblich unter Alkoholeinwirkung, 2,3 Promille ergab ein erster Test. Eine Blutentnahme und die Sicherstellung ihres F\u00fchrerscheins folgten. Der Gesamtschaden l\u00e4sst sich noch nicht n\u00e4her beziffern, d\u00fcrfte jedoch bei weit \u00fcber 10.000.- Euro liegen. Die Ermittlungen dauern an.<\/p>\n\n\n\n<h2 class=\"wp-block-heading\">(Dielheim \/ K 4170 \/ Rhein-Neckar-Kreis) &#8211; Fahrer verliert Kontrolle \u00fcber sein Fahrzeug und \u00fcberschl\u00e4gt sich<\/h2>\n\n\n\n<h3 class=\"has-text-align-center wp-block-heading\">Pressemitteilung Nr. 1<\/h3>\n\n\n\n<p>Aus bislang nicht bekannter Ursache verlor ein Fahrzeugf\u00fchrer auf der K4170 zwischen Dielheim und Rauenberg die Kontrolle \u00fcber sein Fahrzeug und \u00fcberschlug sich. Nach bisherigem Erkenntnisstand wurde der Fahrer nicht schwerer verletzt. Polizei und Rettungskr\u00e4fte sind vor Ort.<\/p>\n\n\n\n<h2 class=\"wp-block-heading\">(Dielheim \/ K 4170 \/ Rhein-Neckar-Kreis) &#8211; Fahrer verliert Kontrolle \u00fcber sein Fahrzeug und \u00fcberschl\u00e4gt sich<\/h2>\n\n\n\n<h3 class=\"has-text-align-center wp-block-heading\">Pressemitteilung Nr. 2<\/h3>\n\n\n\n<p>Am fr\u00fchen Samstagmorgen, gegen 05.40 Uhr, verlor der 25-j\u00e4hriger Fahrer eines VW die Kontrolle \u00fcber sein Fahrzeug als er einem Wildtier ausweichen wollte. Hierbei kam er von der Fahrbahn ab und \u00fcberschlug sich einmal. Der Fahrer wurde bei dem Unfall leicht verletzt und wurde in ein nahegelegenes Krankenhaus verbracht. Am Fahrzeug entstand ein Totalschaden.<\/p>\n\n\n\n<h2 class=\"wp-block-heading\">(Wiesenbach \/ Rhein-Neckar-Kreis) &#8211; Unfallverursacht und unerlaubt entfernt \/ Zeugen gesucht!<\/h2>\n\n\n\n<p>Am Samstag den 04.09.2021, gegen 15.25 Uhr, kam ein Fahrer vermutlich aufgrund \u00fcberh\u00f6hter Geschwindigkeit, auf der L 532 zwischen Wiesenbach und Lobenfeld in den Gegenverkehr und dr\u00e4ngte hierbei ein entgegenkommendes Fahrzeug von der Fahrbahn ab. Anschlie\u00dfend entfernte sich der Unfallverursacher ohne sich weiter um den Unfall zu k\u00fcmmern. Bei dem Fahrzeug des Unfallverursachers handelt es sich um einen \u00e4lteren silbernen Kleinwagen, eventuell eines japanischen Herstellers, von der Gr\u00f6\u00dfe eines VW Polo. Der Fahrer wurde als junger Mann mit sehr kurzen dunklen Haaren beschrieben. Gl\u00fccklicherweise wurde bei dem Unfall niemand verletzt.<\/p>\n\n\n\n<p>Zeugen die den Unfall beobachtet haben oder Hinweise auf den Verursacher geben k\u00f6nnen werden gebeten sich unter der Tel.Nr. 06223 &#8211; 92540 beim Polizeirevier Neckargem\u00fcnd zu melden.<\/p>\n\n\n\n<h2 class=\"wp-block-heading\">(Schriesheim \/ Rhein-Neckar-Kreis) &#8211; Unfall am Kreisverkehr<\/h2>\n\n\n\n<p>Ein 81-j\u00e4hriger Autofahrer fuhr am Freitagmittag gegen 12.00 Uhr bei Schriesheim von der BAB 5 ab. Als er in den dortigen Kreisverkehr einfahren wollte, \u00fcbersah er einen 61-j\u00e4hrigen Motorroller-Fahrer, der sich bereits im Kreisel aus Richtung Schriesheim kommend befand. Beim Zusammensto\u00df der beiden st\u00fcrzte dieser. Mit leichten Verletzungen wurde er in ein Krankenhaus eingeliefert. Die H\u00f6he des Sachschadens steht nicht fest.<\/p>\n","protected":false},"excerpt":{"rendered":"<div class=\"mh-excerpt\"><p>Polizeimeldungen vom Samstag (04.09.2021) (Speyer) &#8211; Nach Verkehrskontrolle Betriebserlaubnis erloschen Am 04.09.2021 gegen 0:15 Uhr wurde in der Bahnhofstra\u00dfe in Speyer ein PKW kontrolliert, der eine falsche Rad\/Reifen-Kombination aufgezogen hatte und zus\u00e4tzlich Felgen verbaut waren, <a class=\"mh-excerpt-more\" href=\"https:\/\/speyer24news.com\/?p=40187\" title=\"Polizei\">[&#8230;]<\/a><\/p>\n<\/div>","protected":false},"author":3,"featured_media":26162,"comment_status":"open","ping_status":"open","sticky":false,"template":"","format":"standard","meta":{"_monsterinsights_skip_tracking":false,"_monsterinsights_sitenote_active":false,"_monsterinsights_sitenote_note":"","_monsterinsights_sitenote_category":0,"footnotes":""},"categories":[12],"tags":[3614,702,61,2555,6955,6986,6263,63,105,11150,6987,53,4854,4683,1548,102,213,55,5261,103,106,2803,2423,427,2625,380,62,104,979,1565],"aioseo_notices":[],"amp_enabled":true,"_links":{"self":[{"href":"https:\/\/speyer24news.com\/index.php?rest_route=\/wp\/v2\/posts\/40187"}],"collection":[{"href":"https:\/\/speyer24news.com\/index.php?rest_route=\/wp\/v2\/posts"}],"about":[{"href":"https:\/\/speyer24news.com\/index.php?rest_route=\/wp\/v2\/types\/post"}],"author":[{"embeddable":true,"href":"https:\/\/speyer24news.com\/index.php?rest_route=\/wp\/v2\/users\/3"}],"replies":[{"embeddable":true,"href":"https:\/\/speyer24news.com\/index.php?rest_route=%2Fwp%2Fv2%2Fcomments&post=40187"}],"version-history":[{"count":1,"href":"https:\/\/speyer24news.com\/index.php?rest_route=\/wp\/v2\/posts\/40187\/revisions"}],"predecessor-version":[{"id":40191,"href":"https:\/\/speyer24news.com\/index.php?rest_route=\/wp\/v2\/posts\/40187\/revisions\/40191"}],"wp:featuredmedia":[{"embeddable":true,"href":"https:\/\/speyer24news.com\/index.php?rest_route=\/wp\/v2\/media\/26162"}],"wp:attachment":[{"href":"https:\/\/speyer24news.com\/index.php?rest_route=%2Fwp%2Fv2%2Fmedia&parent=40187"}],"wp:term":[{"taxonomy":"category","embeddable":true,"href":"https:\/\/speyer24news.com\/index.php?rest_route=%2Fwp%2Fv2%2Fcategories&post=40187"},{"taxonomy":"post_tag","embeddable":true,"href":"https:\/\/speyer24news.com\/index.php?rest_route=%2Fwp%2Fv2%2Ftags&post=40187"}],"curies":[{"name":"wp","href":"https:\/\/api.w.org\/{rel}","templated":true}]}}