{"id":40219,"date":"2021-09-07T07:23:51","date_gmt":"2021-09-07T06:23:51","guid":{"rendered":"https:\/\/speyer24news.com\/?p=40219"},"modified":"2021-09-07T07:23:56","modified_gmt":"2021-09-07T06:23:56","slug":"polizei-666","status":"publish","type":"post","link":"https:\/\/speyer24news.com\/?p=40219","title":{"rendered":"Polizei"},"content":{"rendered":"<style type=\"text\/css\">\r\n\t.ads_top_disp{}\r\n\t.ads_top_corner_disp{ float:left; margin:0px 10px 10px 0px; }\r\n\t.ads_first_p_disp{}\r\n\t.ads_bottom_disp{}\r\n\t<\/style>\n<h2 class=\"wp-block-heading\">Polizeimeldungen vom Sonntag &amp; Montag (05.09. &amp; 06.09.2021)<\/h2>\n\n\n\n<div class=\"wp-block-image\"><figure class=\"aligncenter size-large\"><img decoding=\"async\" src=\"https:\/\/speyer24news.com\/wp-content\/uploads\/2019\/11\/Aktuelles-Polizeilogo.jpg\" alt=\"\" class=\"wp-image-21845\"\/><\/figure><\/div>\n\n\n\n<h2 class=\"wp-block-heading\">(Speyer) &#8211; Mehrere Trunkenheitsfahrten<\/h2>\n\n\n\n<p>Am 05.09.2021 gegen 17 Uhr wurde der 21-j\u00e4hrige Fahrer eines Citroen in der Franz-Kirrmeier-Stra\u00dfe in Speyer einer Verkehrskontrolle unterzogen. Dabei wurde Cannabisgeruch festgestellt und das Fahrzeug durchsucht. Bei einem gleichaltrigen Beifahrer wurde schlie\u00dflich eine T\u00fcte mit Cannabis versteckt in dessen Unterhose sichergestellt. Da beim Fahrer drogentypische Auff\u00e4lligkeiten festgestellt wurden, wurde ihm durch eine \u00c4rztin eine Blutprobe entnommen und ein Ordnungswidrigkeitsverfahren gegen ihn eingeleitet. Seinen Beifahrer erwartet ein Strafverfahren wegen Versto\u00dfes gegen das Bet\u00e4ubungsmittelgesetz.<\/p>\n\n\n\n<p>Am 05.09.2021 gegen 19:45 Uhr wurde ein 32-J\u00e4hriger im Vogelgesang von einer Anwohnerin darauf angesprochen, dass er ihren PKW zuparkt. Daraufhin reagierte der 32-J\u00e4hrige aggressiv, gab dem Ehemann der Dame einen Kopfsto\u00df und entfernte sich. Etwa 15 Minuten sp\u00e4ter wurde der 32-J\u00e4hrige mit seinem PKW in der Bernatzstra\u00dfe kontrolliert und wies dabei einen Atemalkoholwert von 2,95 Promille auf. Folglich wurde er zur Dienststelle verbracht, eine Blutprobe entnommen und der F\u00fchrerschein beschlagnahmt. Gegen ihn wird wegen K\u00f6rperverletzung und Trunkenheit im Verkehr ermittelt.<\/p>\n\n\n\n<p>Am 06.09.2021 gegen 03:30 Uhr wurde ein 36-J\u00e4hriger aus dem Landkreis Germersheim in der Theodor-Heuss-Stra\u00dfe einer Verkehrskontrolle unterzogen. Dabei wurde Alkoholgeruch festgestellt, weswegen ein Atemalkoholtest angeboten wurde. Der Fahrer erreichte dabei einen Wert von 1,6 Promille. Daher wurde ein Strafverfahren wegen Trunkenheit im Verkehr eingeleitet, die Weiterfahrt untersagt und eine Blutprobe entnommen. Au\u00dferdem sind Konsequenzen f\u00fcr seinen F\u00fchrerschein zu erwarten, welcher bei der Kontrolle beschlagnahmt wurde.<\/p>\n\n\n\n<h2 class=\"wp-block-heading\">(Speyer) &#8211; Einbruch in Kita<\/h2>\n\n\n\n<p>Am 06.09.2021 um 00:33 Uhr bemerkte ein Zeuge Licht und ein offenes Fenster in einer Kita in der Hilgardstra\u00dfe. Daraufhin fl\u00fcchtete ein Mann aus dem Objekt vor dem Zeugen und rannte in den Park. Er konnte nicht mehr eingeholt werden. Bei \u00dcberpr\u00fcfung der Kita wurde festgestellt, dass eine T\u00fcr auf der R\u00fcckseite aufgehebelt war. In der Kita selbst wurde gro\u00dfe Unordnung festgestellt. Die Schadensh\u00f6he und Fehlbest\u00e4nde sind Gegenstand laufender Ermittlungen. <\/p>\n\n\n\n<ul><li><strong>Der fl\u00fcchtige Tatverd\u00e4chtige wird als etwa 175 cm gro\u00df mit l\u00e4ngerem, ungepflegtem Haar beschrieben. <\/strong><\/li><\/ul>\n\n\n\n<p>Wer hat etwas beobachtet oder kann Hinweise zu dem oder den T\u00e4tern geben? Sachdienliche Hinweise nimmt die Polizei Speyer unter der Tel. 06232-1370 oder per E-Mail an\u00a0<a href=\"mailto:pispeyer@polizei.rlp.de\">pispeyer@polizei.rlp.de<\/a>\u00a0entgegen.<\/p>\n\n\n\n<h2 class=\"wp-block-heading\">(Speyer) &#8211; Tuning-Kontrolltag der PI Speyer am 05.09.2021<\/h2>\n\n\n\n<div class=\"wp-block-image\"><figure class=\"aligncenter size-large\"><img decoding=\"async\" loading=\"lazy\" width=\"800\" height=\"598\" src=\"https:\/\/speyer24news.com\/wp-content\/uploads\/2021\/09\/1-1.jpg\" alt=\"\" class=\"wp-image-40221\" srcset=\"https:\/\/speyer24news.com\/wp-content\/uploads\/2021\/09\/1-1.jpg 800w, https:\/\/speyer24news.com\/wp-content\/uploads\/2021\/09\/1-1-300x224.jpg 300w, https:\/\/speyer24news.com\/wp-content\/uploads\/2021\/09\/1-1-768x574.jpg 768w, https:\/\/speyer24news.com\/wp-content\/uploads\/2021\/09\/1-1-326x245.jpg 326w, https:\/\/speyer24news.com\/wp-content\/uploads\/2021\/09\/1-1-80x60.jpg 80w\" sizes=\"(max-width: 800px) 100vw, 800px\" \/><\/figure><\/div>\n\n\n\n<p>Am 05.09.2021 zwischen 15 und 22 Uhr f\u00fchrten Kr\u00e4fte der PI Speyer mit Unterst\u00fctzung der Zentralen Bu\u00dfgeldstelle des Polizeipr\u00e4sidiums Rheinpfalz einen stadtweiten Tuning-Kontrolltag durch. Im Einsatz waren Zivilfahrzeuge, Funkstreifenwagen, ein Polizeimotorrad und Schallpegelmessger\u00e4te. Ziel der Kontrollen waren die Eind\u00e4mmung illegaler und sicherheitsrelevanter Umbauten an Kraftfahrzeugen, der Schutz von Anwohnern und Passanten vor sch\u00e4dlichen Auspuffger\u00e4uschen und nicht zuletzt die Aufkl\u00e4rung von Fahrern getunter Fahrzeuge \u00fcber Voraussetzungen legalen Tunings.<\/p>\n\n\n\n<p>In der Bilanz wurden insgesamt 84 Verkehrskontrollen durchgef\u00fchrt. Bei der \u00fcberwiegenden Mehrzahl der kontrollierten Fahrzeuge waren legale Ver\u00e4nderungen an den Autos vorgenommen worden, die nicht beanstandet werden mussten. Um die Kontrollierten zu sensibilisieren, was erlaubt ist und was nicht, wurde eine Vielzahl an Tuning-Ratgeber-Brosch\u00fcren ausgeh\u00e4ndigt. Bei 18 Fahrzeugen wurden leider Ver\u00e4nderungen festgestellt, welche zur Einschr\u00e4nkung der Weiterfahrt und zum Erl\u00f6schen der Betriebserlaubnis gef\u00fchrt haben.<\/p>\n\n\n\n<p>Besonders auff\u00e4llig war der Pkw eines 25-J\u00e4hrigen, der gegen 21:30 Uhr auf einer Auffahrt zur B39 kontrolliert wurde. Bei diesem waren neben Ver\u00e4nderungen an der Auspuffanlage, an den Felgen und der Motor-Ansauganlage ein sogenanntes &#8222;Airride&#8220;-Fahrwerk verbaut, durch welches der Pkw bis auf den Boden abgelassen werden konnte. Da die \u00c4nderungen nicht in Kombination gepr\u00fcft und abgenommen waren und eine abstrakte Gefahr bestand, war die Betriebserlaubnis erloschen. Ihm wurde die Weiterfahrt untersagt.<\/p>\n\n\n\n<div class=\"wp-block-image\"><figure class=\"aligncenter size-large\"><img decoding=\"async\" loading=\"lazy\" width=\"800\" height=\"600\" src=\"https:\/\/speyer24news.com\/wp-content\/uploads\/2021\/09\/02.jpg\" alt=\"\" class=\"wp-image-40222\" srcset=\"https:\/\/speyer24news.com\/wp-content\/uploads\/2021\/09\/02.jpg 800w, https:\/\/speyer24news.com\/wp-content\/uploads\/2021\/09\/02-300x225.jpg 300w, https:\/\/speyer24news.com\/wp-content\/uploads\/2021\/09\/02-768x576.jpg 768w, https:\/\/speyer24news.com\/wp-content\/uploads\/2021\/09\/02-678x509.jpg 678w, https:\/\/speyer24news.com\/wp-content\/uploads\/2021\/09\/02-326x245.jpg 326w, https:\/\/speyer24news.com\/wp-content\/uploads\/2021\/09\/02-80x60.jpg 80w\" sizes=\"(max-width: 800px) 100vw, 800px\" \/><\/figure><\/div>\n\n\n\n<p>Weiterhin wurden in drei F\u00e4llen Motorradfahrer in der Stra\u00dfe Am Neuen Rheinhafen festgestellt, welche die zul\u00e4ssige H\u00f6chstgeschwindigkeit erheblich \u00fcberschritten:<\/p>\n\n\n\n<ul><li>Gegen 16 Uhr wurde ein 66-j\u00e4hriger Motorradfahrer mit einem Spitzenwert von 120 km\/h bei zul\u00e4ssigen 50 km\/h festgestellt und  einer Kontrolle unterzogen. Ihn erwartet ein Ordnungswidrigkeitsverfahren.<\/li><li>Gegen 17 Uhr wurde dort ein 48-j\u00e4hriger Motorradfahrer mit ebenfalls 120 km\/h Spitzgengeschwindigkeit festgestellt und  kontrolliert. Da er neben der deutlichen Geschwindigkeits\u00fcberschreitung auch mehrfach an un\u00fcbersichtlichen  Stellen \u00fcberholte und weitere Auff\u00e4lligkeiten im Fahrverhalten hinzukamen, wurde gegen ihn ein Strafverfahren wegen Durchf\u00fchrung  eines verbotenen KFZ-Rennens eingeleitet.<\/li><li>Gegen 17:30 Uhr wurde ein 21-j\u00e4hriger Motorradfahrer mit 110 km\/h festgestellt, gegen den ein Ordnungswidrigkeitsverfahren eingeleitet wird.<\/li><\/ul>\n\n\n\n<p>Bei anderen Verkehrsteilnehmern wurden unter anderem unzul\u00e4ssige Rad-\/Reifenkombinationen, ge\u00e4nderte Abgasanlagen mit \u00dcberschreitung der schalltechnischen H\u00f6chstwerte, stark blendende Scheinwerfer, Pedalauflagen, unzul\u00e4ssige T\u00f6nungsfolien am Fahrerfenster, sowie nachtr\u00e4glich angebaute Sto\u00dff\u00e4nger und Karosserieteile festgestellt. Insbesondere Ver\u00e4nderungen von Reifen, Felgen und Fahrwerk k\u00f6nnen sich bei unsachgem\u00e4\u00dfer Ausf\u00fchrung negativ auf das Fahr- und Bremsverhalten auswirken. Durch einen nicht genehmigten Einbau, kann das Fahrzeug unkontrollierbar werden und es im schlimmsten Fall zum Unfall kommen. Dadurch gef\u00e4hrdet man nicht nur sich, sondern auch andere. Anbauteile wie Spoiler k\u00f6nnen im Falle eines Unfalls vermeidbare Gefahren, insbesondere zu Lasten schw\u00e4cherer Verkehrsteilnehmer hervorrufen.<\/p>\n\n\n\n<p>Auch k\u00fcnftig wird die Polizei in Speyer im Interesse der Verkehrssicherheit ein verst\u00e4rktes Augenmerk auf unzul\u00e4ssige \u00dcberschreitungen der erlaubten H\u00f6chstgeschwindigkeit, unzul\u00e4ssige KFZ-Ver\u00e4nderungen und zu laute Auspuffanlagen legen.<\/p>\n\n\n\n<h2 class=\"wp-block-heading\">(Speyer) &#8211; Mehrere Vorf\u00e4lle mit Taxi-Bezug<\/h2>\n\n\n\n<div class=\"wp-block-image\"><figure class=\"aligncenter size-large\"><img decoding=\"async\" loading=\"lazy\" width=\"800\" height=\"533\" src=\"https:\/\/speyer24news.com\/wp-content\/uploads\/2020\/06\/taxi-3504010_1920.jpg\" alt=\"\" class=\"wp-image-27834\" srcset=\"https:\/\/speyer24news.com\/wp-content\/uploads\/2020\/06\/taxi-3504010_1920.jpg 800w, https:\/\/speyer24news.com\/wp-content\/uploads\/2020\/06\/taxi-3504010_1920-300x200.jpg 300w, https:\/\/speyer24news.com\/wp-content\/uploads\/2020\/06\/taxi-3504010_1920-768x512.jpg 768w\" sizes=\"(max-width: 800px) 100vw, 800px\" \/><\/figure><\/div>\n\n\n\n<p>Am 05.09.2021 gegen 00:40 Uhr wurde eine Taxifahrerin zu einer Adresse im Binsfeld in Speyer gerufen. Nach ihrer Ankunft befand sich an der genannte Adresse eine Gruppe von mehreren M\u00e4nnern, von welchen niemand das bestellte Taxi nutzen oder bezahlen wollte. Stattdessen wurde die Taxifahrerin durch einen 37-j\u00e4hrigen und einen 52-j\u00e4hrigen Mann weggesto\u00dfen, am Arm gepackt und an der Kleidung gezerrt, nachdem sie das genannte Grundst\u00fcck betreten hatte.<\/p>\n\n\n\n<p>Am 05.09.2021 um 06:30 Uhr bestellte eine 41-J\u00e4hrige ein Taxi in Mannheim, welches sie und ihre 43-j\u00e4hrige Freundin zu verschiedenen Fahrtzielen nach Hause bringen sollte. Daf\u00fcr vereinbarte sie laut eigenem Bekunden einen Pauschalpreis von 100 Euro mit dem Taxifahrer. Allerdings verlangte dieser entgegen der Vereinbarung weitere 35 Euro, welche die 41-J\u00e4hrigen nicht bereit war zu zahlen. Daher nutzte der Taxifahrer ein kurzes Aussteigen der beiden Damen, um ohne beide Damen davonzufahren. Gegen ihn wird daher wegen Betruges ermittelt. Er wird wie folgt beschrieben: Westasiatischer Ph\u00e4notyp, ca. 160cm gro\u00df, d\u00fcnn, kurze dunkle Haare, schwarze Hose und schwarzer Pullover. Wer kann sachdienliche Hinweise geben, die auf die Identit\u00e4t des Fahrers schlie\u00dfen lassen? Hinweise nimmt die Polizei Speyer unter der Tel. 06232-1370 oder per E-Mail an&nbsp;<a href=\"mailto:pispeyer@polizei.rlp.de\">pispeyer@polizei.rlp.de<\/a>&nbsp;entgegen.<\/p>\n\n\n\n<p>Am 05.09.2021 um 08:33 Uhr fuhren ein 49-j\u00e4hriger Mann und eine 48-j\u00e4hrige Frau mit dem Taxi nach Speyer. W\u00e4hrend der Fahrt erfuhr der Fahrer, dass seine Fahrg\u00e4ste kein Bargeld mitf\u00fchren. Deswegen schloss der Fahrer die G\u00e4ste in der Schifferstadter Stra\u00dfe auf H\u00f6he eines Autohauses von der Weiterfahrt aus. Dies nahm der m\u00e4nnliche Passagier zum Anlass, den Taxifahrer mit der Faust ins Gesicht zu schlagen. Der Taxifahrer konnte den Schlag jedoch abwehren und sich verteidigen, sodass der Angreifer st\u00fcrzte und sich eine Platzwunde zuzog. Er musste durch den Rettungsdienst versorgt und in ein Krankenhaus verbracht werden. Strafverfahren wegen K\u00f6rperverletzung und Betruges werden eingeleitet.<\/p>\n\n\n\n<h2 class=\"wp-block-heading\">(Speyer) &#8211; Mit Drogen in Kontrollstelle gefahren<\/h2>\n\n\n\n<p>Am 04.09.2021 zwischen 19:30 Uhr und 20:30 Uhr wurde durch die Polizei eine Kontrollstelle in der Wormser Landstra\u00dfe eingerichtet. Um 20:30 Uhr befuhren eine 32-j\u00e4hrige Frau und deren 36-j\u00e4hriger Beifahrer die Kontrollstelle mit ihrem PKW. Den Beamten kam unmittelbar Marihuanageruch entgegen. Der Beifahrer gab freim\u00fctig zu, dass er gerade zehn Gramm Cannabis dabeihabe. Nach Sicherstellung der Drogen wurde die Fahreignung der 32-J\u00e4hrigen \u00fcberpr\u00fcft: Sie hatte Cannabis geraucht und stand folglich unter dem Einfluss von THC, weswegen eine Blutprobe entnommen und gegen sie ein Ordnungswidrigkeitsverfahren eingeleitet wurde.<\/p>\n\n\n\n<h2 class=\"wp-block-heading\">(Speyer) &#8211; Nach Verkehrsunfall gefl\u00fcchtet<\/h2>\n\n\n\n<p>Am 04.09.2021 zwischen 17:45 Uhr und 20:15 Uhr parkte ein 25-j\u00e4hriger aus dem Kreis Germersheim seinen Mazda auf dem Parkplatz des Bademaxx in der Geibstra\u00dfe in Speyer. Bei seiner R\u00fcckkehr fand er einen massiven Schaden an seinem Fahrzeugheck vor. Dieses war eingedr\u00fcckt, offenbar infolge einer Kollision mit einem anderen PKW w\u00e4hrend eines Parkvorgangs. Es blieben Spuren zur\u00fcck, die zur Ermittlung eines verursachenden Fahrzeugs f\u00fchren k\u00f6nnten. Am Mazda des 25-J\u00e4hrigen entstand ein Sachschaden in H\u00f6he von 4000 Euro. Wer hat etwas beobachtet oder kann Hinweise zu dem Unfall, dem Unfallverursacher oder dessen Fahrzeug geben? Sachdienliche Hinweise nimmt die Polizei Speyer unter der Tel. 06232-1370 oder per E-Mail an&nbsp;<a href=\"mailto:pispeyer@polizei.rlp.de\">pispeyer@polizei.rlp.de<\/a>&nbsp;entgegen.<\/p>\n\n\n\n<h2 class=\"wp-block-heading\">(Speyer) &#8211; Nutria verz\u00f6gert Gesch\u00e4fts\u00f6ffnung<\/h2>\n\n\n\n<div class=\"wp-block-image\"><figure class=\"aligncenter size-large\"><img decoding=\"async\" loading=\"lazy\" width=\"800\" height=\"590\" src=\"https:\/\/speyer24news.com\/wp-content\/uploads\/2021\/09\/Nutria-Biberratte-Ratte.jpg\" alt=\"\" class=\"wp-image-40220\" srcset=\"https:\/\/speyer24news.com\/wp-content\/uploads\/2021\/09\/Nutria-Biberratte-Ratte.jpg 800w, https:\/\/speyer24news.com\/wp-content\/uploads\/2021\/09\/Nutria-Biberratte-Ratte-300x221.jpg 300w, https:\/\/speyer24news.com\/wp-content\/uploads\/2021\/09\/Nutria-Biberratte-Ratte-768x566.jpg 768w, https:\/\/speyer24news.com\/wp-content\/uploads\/2021\/09\/Nutria-Biberratte-Ratte-80x60.jpg 80w\" sizes=\"(max-width: 800px) 100vw, 800px\" \/><\/figure><\/div>\n\n\n\n<p>Am 04.09.2021 um 08:30 Uhr wendete sich die 32-j\u00e4hrige Mitarbeiterin eines Gesch\u00e4fts in der Maximilianstra\u00dfe hilfesuchend an die Polizei, da ein ungebetener Gast vor der T\u00fcr sitze und sie so am Betreten des Ladens hindere. Es handelte sich bei ihm um eine Nutria, eine gro\u00dfe Biberratte. Die Speyerer Feuerwehr wurde hinzugezogen und konnte das Tier einfangen. Schlie\u00dflich stand der Gesch\u00e4fts\u00f6ffnung nichts mehr im Wege.<\/p>\n\n\n\n<h2 class=\"wp-block-heading\">(Speyer) &#8211; Unbelehrbare Drogenkonsumentin<\/h2>\n\n\n\n<p>Am 03.09.2021 um 19:15 Uhr wurde eine 43-j\u00e4hrige Frau in der Industriestra\u00dfe in Speyer einer Personenkontrolle unterzogen, wobei eine geringe Menge Amfetamin bei ihr sichergestellt wurde. Dabei zeigte sie kein Unrechtsbewusstsein und verteidigte ihren Drogenkonsum verbal. Zwanzig Minuten sp\u00e4ter wurde die Frau in der gleichen Stra\u00dfe erneut kontrolliert, wobei sie erneut eine geringe Menge Amfetamin mitf\u00fchrte, die sie zwischenzeitlich erworben haben muss. Gegen die Frau werden Strafverfahren wegen Verst\u00f6\u00dfen gegen das Bet\u00e4ubungsmittelgesetz eingeleitet. Die Polizei weist darauf hin, dass auch der Besitz von Bet\u00e4ubungsmitteln zwecks Eigenbedarf konsequent verfolgt wird.<\/p>\n\n\n\n<h2 class=\"wp-block-heading\">(Speyer) &#8211; Einbruch nachgemeldet<\/h2>\n\n\n\n<p>Die Polizeiinspektion Speyer berichtete bereits am 01.09.2021 \u00fcber mehrere Einbr\u00fcche aus Gesch\u00e4ftsbetrieben in Speyer. Nun wurde eine weitere Tat bekannt:<\/p>\n\n\n\n<p>In der Zeit vom 30.08.2021, 17 Uhr, bis zum 31.08.2021, 9 Uhr, hebelten unbekannte T\u00e4ter ein B\u00fcrofenster eines Betreuungs-Dienstleisters in der Hafenstra\u00dfe auf. Augenscheinlich wurde nichts entwendet. Es entstand Sachschaden in H\u00f6he von ca. 400 Euro.<\/p>\n\n\n\n<p>Wer hat etwas beobachtet oder kann Hinweise zu dem oder den T\u00e4tern geben? Sachdienliche Hinweise nimmt die Polizei Speyer unter der Tel. 06232-1370 oder per E-Mail an&nbsp;<a href=\"mailto:pispeyer@polizei.rlp.de\">pispeyer@polizei.rlp.de<\/a>&nbsp;entgegen.<\/p>\n\n\n\n<h2 class=\"wp-block-heading\">(B\u00f6hl-Iggelheim \/ Limburgerhof) &#8211; Erneute Betrugsversuche von vermeintlichen Microsoft-Mitarbeitern<\/h2>\n\n\n\n<p>Im Laufe des vergangenen Donnerstags, 02.09.2021, wurden B\u00fcrger in Limburgerhof und B\u00f6hl-Iggelheim von vermeintlichen Microsoft-Mitarbeitern kontaktiert. In einem Fall wurde der 80-j\u00e4hrige Gesch\u00e4digte angerufen und zu einem Videochat zwecks Wartung des PCs \u00fcberredet. Der Gesch\u00e4digte erlaubte dem Anrufer, einen Fernzugriff auf seinen Computer vorzunehmen. Zu Testzwecken seien vom Anrufer 10.000EUR auf das Konto des Gesch\u00e4digten \u00fcberwiesen worden, die dieser nun zur\u00fcck\u00fcberweisen solle, was der Gesch\u00e4digte auch versuchte. Gl\u00fccklicherweise wurde diese Transaktion von seiner Bank gestoppt, sodass kein Schaden entstand. In einem anderen Fall erhielt ein 74-j\u00e4hriger Mann w\u00e4hrend des Internetsurfens eine Meldung auf seinen Bildschirm, wonach sein PC von Viren befallen sei und er doch die angezeigte Telefonnummer zwecks Behebung des Problems anrufen solle. Hierauf meldete sich schlie\u00dflich ein vermeintlicher Mitarbeiter von Microsoft, der ebenfalls vom Gesch\u00e4digten Fernzugriff auf dessen Computer gestattet bekam. Zur Bezahlung der Wartung wurde der Gesch\u00e4digte aufgefordert, 150EUR in iTunes-Wertkarten zu besorgen und die darauf befindlichen Nutzer-Codes dem Anrufer zu \u00fcbermitteln, was der Gesch\u00e4digte auch tat. Ihm entstand so ein Schaden von 150EUR, inwieweit sein Computer durch den Virenangriff und die &#8222;Fernwartung&#8220; in Mitleidenschaft gezogen wurde ist noch unklar.<\/p>\n\n\n\n<h2 class=\"wp-block-heading\">(Limburgerhof) &#8211; Ermittlungen wegen Verkehrsunfall unter Medikamenteneinfluss in Limburgerhof<\/h2>\n\n\n\n<p>Am Freitagmorgen (03.09.2021) kam es gegen 11:00 Uhr zu einem zun\u00e4chst allt\u00e4glichen Verkehrsunfall in der Speyerer Stra\u00dfe: Ein 69-j\u00e4hriger Pkw-Fahrer streifte mit seinem rechten Au\u00dfenspiegel den linken Au\u00dfenspiegel eines dort geparkten Fahrzeugs. Bei der Unfallaufnahme fiel den eingesetzten Beamten jedoch auf, dass der Fahrer sich kaum auf den Beinen halten konnte, beim Gehen gest\u00fctzt werden musste und an sich einen leicht benommenen Eindruck machte. Hinweise auf Alkohol- oder Bet\u00e4ubungsmittelbeeinflussung ergaben sich nicht. Da der Mann jedoch einr\u00e4umte, regelm\u00e4\u00dfig verschiedene Medikamente einnehmen zu m\u00fcssen, sich jedoch nicht an sein heutiges Einnahmeverhalten erinnern zu k\u00f6nnen, wurde die Entnahme einer Blutprobe angeordnet. Sein F\u00fchrerschein wurde sichergestellt und die Weiterfahrt untersagt. Ermittlungen hinsichtlich einer Gef\u00e4hrdung des Stra\u00dfenverkehrs wurden aufgenommen.<\/p>\n\n\n\n<h2 class=\"wp-block-heading\">(Westheim) &#8211; Unfallursache hei\u00dfe Pizza<\/h2>\n\n\n\n<p>Mit einer Unfallursache der anderen Art wurde gestern Abend ein Streifenteam der Polizei Germersheim konfrontiert. Zusammen mit ihrem Beifahrer holte eine 19-j\u00e4hrige Autofahrerin ihr Abendessen bei einem Restaurant in Westheim ab. W\u00e4hrend der Fahrt rutschten das hei\u00dfe Essen dem Beifahrer aus den H\u00e4nden und landete auf den unbedeckten Beinen der Autofahrerin. Dadurch kam sie von der Fahrbahn ab und kollidierte mit einem geparkten PKW. Der Sachschaden bel\u00e4uft sich auf ca. 20.000 Euro. Der Appetit d\u00fcrfte den Beiden dann geh\u00f6rig vergangen sein.<\/p>\n\n\n\n<h2 class=\"wp-block-heading\">(Germersheim) &#8211; Autofahrer hat \u00fcber drei Promille<\/h2>\n\n\n\n<p>Die meisten Menschen k\u00f6nnen sich mit drei Promille nicht mehr auf den Beinen halten, andere fahren Auto. Sonntagvormittag verst\u00e4ndigte ein aufmerksamer Verkehrsteilnehmer die Polizei, weil vor ihm ein Autofahrer auff\u00e4llig und unsicher fuhr. Bei einer Verkehrskontrolle in der Josef-Probst-Stra\u00dfe war der Grund f\u00fcr die Fahrweise schnell gefunden. Der 35-j\u00e4hrige Fahrer hatte n\u00e4mlich \u00fcber drei Promille. Ihm wurde auf der Dienststelle eine Blutprobe entnommen und ein Strafverfahren eingeleitet.<\/p>\n\n\n\n<h2 class=\"wp-block-heading\">(Germersheim) &#8211; Zu schnell und ohne F\u00fchrerschein durch die Kurve<\/h2>\n\n\n\n<p>Am Samstagabend kam es in der Mercedes-Benz-Stra\u00dfe in Germersheim zu einem folgenschweren Verkehrsunfall. Ein 20-j\u00e4hriger Autofahrer fuhr dort mit nicht angepasster Geschwindigkeit und kam im Kurvenbereich von der Fahrbahn ab. Das Fahrzeug kollidierte mit mehreren Str\u00e4uchern und kleineren B\u00e4umen. Dabei wurde sowohl der Fahrer als auch seine drei Beifahrer teilweise schwer verletzt und mussten zur weiteren medizinischen Behandlung in umliegende Krankenh\u00e4user gebracht werden. Zudem stellte sich bei der Unfallaufnahme heraus, dass der Fahrer aktuell seinen F\u00fchrerschein aufgrund eines Fahrverbots abgeben musste. Die entsprechenden Strafverfahren wurden eingeleitet.<\/p>\n\n\n\n<h2 class=\"wp-block-heading\">(Germersheim) &#8211; Sportwagen so laut wie startender D\u00fcsenj\u00e4ger<\/h2>\n\n\n\n<p>Am Samstag kontrollierten Germersheimer Polizisten im Stadtgebiet einen Sportwagenfahrer. Bei der anschlie\u00dfenden Kontrolle wurde festgestellt, dass dessen manipulierte Abgasanlage deutlich lauter als erlaubt war. Mit gemessenen 126 Dezibel erreichte sein Fahrzeug das Ger\u00e4uschniveau eines startenden D\u00fcsenj\u00e4gers. Das Fahrzeug wurde sichergestellt und wurde durch einen Gutachter gepr\u00fcft. Hierbei wurde zudem festgestellt, dass die aufgebrachte Folierung derart spiegelnd ausgestaltet war, dass diese ebenfalls entfernt werden muss. Auf den Fahrer kommt ein entsprechendes Bu\u00dfgeld zu.<\/p>\n\n\n\n<h2 class=\"wp-block-heading\">(Germersheim) &#8211; Sportwagen so laut wie Kreiss\u00e4ge<\/h2>\n\n\n\n<p>Am Samstag kontrollierten Germersheimer Polizisten im Stadtgebiet einen Sportwagenfahrer. Bei der anschlie\u00dfenden Kontrolle wurde festgestellt, dass dessen manipulierte Abgasanlage deutlich lauter als erlaubt war. Mit gemessenen 100 Dezibel erreichte sein Fahrzeug das Ger\u00e4uschniveau einer Kreiss\u00e4ge. Das Fahrzeug wurde sichergestellt und wird zeitnah durch einen Gutachter gepr\u00fcft. Auf den Fahrer kommt dann ein entsprechendes Bu\u00dfgeld zu.<\/p>\n\n\n\n<h2 class=\"wp-block-heading\">(Herxheim) &#8211; Sachbesch\u00e4digungen am Pamina-Schulzentrum<\/h2>\n\n\n\n<p>In der Nacht von Freitag auf Samstag rissen unbekannte T\u00e4ter zun\u00e4chst eine Sperrstange auf dem Gel\u00e4nde des Schulzentrums aus der Verankerung Damit schlugen sie eine \u00dcberwachungskamera aus ihrer Halterung. Ebenso befanden sich Einkaufsw\u00e4gen eines Supermarktes aus der Ortsmitte und leere Bierflaschen im Hof des Schulzentrums. Der Sachschaden betr\u00e4gt mehrere hundert Euro. Zeugenhinweise nimmt die Polizei Landau unter 06341 2870 oder&nbsp;<a href=\"mailto:pilandau.presse@polizei.rlp.de\">pilandau.presse@polizei.rlp.de<\/a>&nbsp;an.<\/p>\n\n\n\n<h2 class=\"wp-block-heading\">(W\u00f6rth) &#8211; Zeugenaufruf nach Verkehrsunfall<\/h2>\n\n\n\n<div class=\"wp-block-image\"><figure class=\"aligncenter size-large\"><img decoding=\"async\" loading=\"lazy\" width=\"800\" height=\"581\" src=\"https:\/\/speyer24news.com\/wp-content\/uploads\/2021\/09\/UnfallbeteiligteFahrzeuge.jpg\" alt=\"\" class=\"wp-image-40223\" srcset=\"https:\/\/speyer24news.com\/wp-content\/uploads\/2021\/09\/UnfallbeteiligteFahrzeuge.jpg 800w, https:\/\/speyer24news.com\/wp-content\/uploads\/2021\/09\/UnfallbeteiligteFahrzeuge-300x218.jpg 300w, https:\/\/speyer24news.com\/wp-content\/uploads\/2021\/09\/UnfallbeteiligteFahrzeuge-768x558.jpg 768w\" sizes=\"(max-width: 800px) 100vw, 800px\" \/><\/figure><\/div>\n\n\n\n<p>Am Abend des 06. September ereignete sich um 22:15Uhr auf der L540 auf H\u00f6he des Industriegebiet Niederwiesen ein Verkehrsunfall mit drei Fahrzeugen. Aus noch nicht gekl\u00e4rter Ursache fuhren die Autos aufeinander auf, wodurch ein Sachschaden von etwa 16000 Euro entstand und ein 18-j\u00e4hriger Mann leicht verletzt wurde.<\/p>\n\n\n\n<p>Aufgrund der widerspr\u00fcchlichen Angaben der Beteiligten werden Zeugen, welche den Unfall beobachtet haben, gebeten, sich bei der Polizeiinspektion W\u00f6rth zu melden.<\/p>\n\n\n\n<h2 class=\"wp-block-heading\">(W\u00f6rth) &#8211; Viel Sonne, viel Promille<\/h2>\n\n\n\n<p>Am Samstagnachmittag unternahm eine Radfahrergruppe aus dem Badischen einen Ausflug in die sonnige Pfalz. Nach einer Rast in Kandel sollte die Tour Richtung Frankreich fortgesetzt werden. Einer der Teilnehmer hatte jedoch bei der Pause offensichtlich zu sehr seinen Durst gel\u00f6scht, so dass er bereits nach wenigen hundert Metern auf Grund seiner Alkoholisierung st\u00fcrzte und sich Verletzungen im Gesicht zuzog. Ein Atemalkoholtest ergab einen Wert von 3,49 Promille. Er musste zur medizinischen Versorgung und Blutentnahme in ein Krankenhaus verbracht werden.<\/p>\n\n\n\n<p>Nicht viel weniger hatte ein Lkw-Fahrer in W\u00f6rth getrunken, der beim Rangieren r\u00fcckw\u00e4rts an eine Leitplanke und eine Baumkrone stie\u00df. Ein Augenzeuge sprach den Fahrer auf den Ansto\u00df an, worauf dieser jedoch wortlos wegfuhr. Da der Zeuge starken Alkoholgeruch festgestellt hatte, informierte er die Polizei. Der Lkw konnte samt Fahrer auf einem nahegelegenen Parkplatz festgestellt werden. Das Aussteigen aus dem F\u00fchrerhaus bereitete ihm deutliche Probleme, so dass auch ihm ein Alkoholtest angeboten wurde. Der Test ergab einen Wert von 3,30 Promille. Der Lkw-Fahrer d\u00fcrfte somit nicht nur seinen F\u00fchrerschein, sondern in leichtsinniger Weise auch seinen Job verloren haben.<\/p>\n\n\n\n<h2 class=\"wp-block-heading\">(W\u00f6rth \/ Kandel) &#8211; Geschwindigkeitskontrollen mit Laser<\/h2>\n\n\n\n<p>In den ersten Septembertagen wurden durch die Polizei W\u00f6rth im Bereich Kandel und W\u00f6rth Geschwindigkeitskontrollen durchgef\u00fchrt. Hierbei mussten 83 Fahrzeugf\u00fchrer beanstandet werden. Weiterhin wurden bei den Kontrollen zahlreiche Gurt- und Handyverst\u00f6\u00dfe, M\u00e4ngel an Fahrzeugen sowie eine Fahrt unter Drogeneinfluss festgestellt.<\/p>\n\n\n\n<h2 class=\"wp-block-heading\">(Kandel \/ A 65) &#8211; Gef\u00e4hrlicher Eingriff in den Stra\u00dfenverkehr durch Herabwerfen eines Fahrrades<\/h2>\n\n\n\n<div class=\"wp-block-image\"><figure class=\"aligncenter size-large\"><img decoding=\"async\" loading=\"lazy\" width=\"800\" height=\"566\" src=\"https:\/\/speyer24news.com\/wp-content\/uploads\/2021\/09\/IMG_2074.jpg\" alt=\"\" class=\"wp-image-40224\" srcset=\"https:\/\/speyer24news.com\/wp-content\/uploads\/2021\/09\/IMG_2074.jpg 800w, https:\/\/speyer24news.com\/wp-content\/uploads\/2021\/09\/IMG_2074-300x212.jpg 300w, https:\/\/speyer24news.com\/wp-content\/uploads\/2021\/09\/IMG_2074-768x543.jpg 768w\" sizes=\"(max-width: 800px) 100vw, 800px\" \/><\/figure><\/div>\n\n\n\n<p>Am Sonntagabend, den 05.09.21, warf eine bisher unbekannte Person gegen 20:30 Uhr ein Fahrrad von einer Br\u00fccke bei Kandel auf die Fahrbahn der A65 in Fahrtrichtung Karlsruhe. Bevor das Fahrrad von der Fahrbahn entfernt werden konnte, \u00fcberfuhr mindestens ein Fahrzeugf\u00fchrer das auf der Fahrbahn liegende Fahrrad. Hierdurch entstand an diesem Fahrzeug eine Besch\u00e4digung an der Frontsto\u00dfstange. Ein schwerwiegender Folgeunfall blieb gl\u00fccklicherweise aus.<\/p>\n\n\n\n<p>Bei dem Fahrrad, dessen Herkunft noch ungekl\u00e4rt ist, k\u00f6nnte es sich dem Aussehen nach um ein &#8222;Kunstobjekt&#8220; handeln.<\/p>\n\n\n\n<p>Die Polizei ermittelt nun strafrechtlich wegen des gef\u00e4hrlichen Eingriffs in den Stra\u00dfenverkehr.<\/p>\n\n\n\n<p>In diesem Zusammenhang werden Gesch\u00e4digte und Zeugen dringend gebeten, sich mit der Polizeiinspektion W\u00f6rth unter der Tel. 07271 &#8211; 92210 in Verbindung zu setzen.<\/p>\n\n\n\n<h2 class=\"wp-block-heading\">(Bad Bergzabern) &#8211; Wohnmobilfahrer nimmt Vorfahrt und f\u00e4hrt weiter<\/h2>\n\n\n\n<p>Der Fahrer eines wei\u00df\/hellgrauen Wohnmobils fuhr aus dem Tankstellengel\u00e4nde der HEM-Tankstelle auf die Weinstra\u00dfe und missachtete hierbei die Vorfahrt eines in Richtung Birkenh\u00f6rdt fahrenden Motorradfahrers. Der 62-j\u00e4hrige Zweiradfahrer musste eine Vollbremsung machen und st\u00fcrzte auf die Fahrbahn. Er zog sich leichte Verletzungen zu. An dem Motorrad entstand ein Sachschaden in H\u00f6he von 600.- Euro. Der Fahrer des Wohnmobils, ein Mann mit grauen Haaren, circa 70 Jahre alt, fuhr in Richtung Bahnhof davon. Zeugen des Verkehrsunfalls werden gebeten sich unter 06343\/93340 oder per Email unter\u00a0<a href=\"mailto:pibadbergzabern@polizei.rlp.de\">pibadbergzabern@polizei.rlp.de<\/a>\u00a0mit der Polizeiinspektion Bad Bergzabern in Verbindung zu setzen.<\/p>\n\n\n\n<h2 class=\"wp-block-heading\">(Bad Bergzabern) &#8211; Sachbesch\u00e4digung an PKW<\/h2>\n\n\n\n<p>Am 03.09.21, zwischen 10.30-10.45 Uhr, wurde ein roter Hyundai, der auf dem Parkplatz vor der Sparkasse in Bad Bergzabern abgestellt war, am linken Kotfl\u00fcgel und auf der Motorhaube zerkratzt.<\/p>\n\n\n\n<p>Zeugen bitte bei der Polizei in Bad Bergzabern melden<\/p>\n\n\n\n<h2 class=\"wp-block-heading\">(Bad Bergzabern) &#8211; Sachbesch\u00e4digung an PKW II<\/h2>\n\n\n\n<p>Am 02.09.21, zwischen 7.45-13.30 Uhr, wurde mit Kreide auf die Motorhaube eines wei\u00dfen BMWs gemalt. Hierdurch wurde der Lack besch\u00e4digt.<\/p>\n\n\n\n<p>Zeugen bitte bei der Polizei Bad Bergzabern melden.<\/p>\n\n\n\n<h2 class=\"wp-block-heading\">(Vorderweidenthal) &#8211; Pflaumendieb<\/h2>\n\n\n\n<p>Zwischen 30 und 40 Kilo Pflaumen wurden in der Nacht vom 04.09. auf den 05.09.2021 von einem Grundst\u00fcck im Gewanne &#8222;In der Kirchhalde&#8220; entwendet. Eine Umz\u00e4unung hielt den T\u00e4ter nicht davon ab, vermutlich mit einer Leiter, auf das Grundst\u00fcck zu gelangen und einen Pflaumenbaum zu ernten. Der Schaden wird auf 100.- Euro gesch\u00e4tzt. Hinweise nimmt die Polizeiinspektion Bad Bergzabern unter 06343\/93340 oder per Email unter&nbsp;<a href=\"mailto:pibadbergzabern@polizei.rlp.de\">pibadbergzabern@polizei.rlp.de<\/a>&nbsp;entgegen.<\/p>\n\n\n\n<h2 class=\"wp-block-heading\">(Annweiler) &#8211; Trunkenheitsfahrt endet am Baum<\/h2>\n\n\n\n<p>Lediglich mit Kratzern und Prellungen kam gestern gegen 07:45 Uhr ein 42-j\u00e4hriger Opelfahrer aus dem Landkreis S\u00dcW davon. Er fuhr mit dem PKW auf der B 48 und kam kurz vor Annweiler in einer leichten Rechtskurve nach links von der Fahrbahn ab. An einem Baum neben dort entlanglaufenden Radweg wurde das Fahrzeug gestoppt. Wie sich herausstellte war der Fahrzeugf\u00fchrer alkoholisiert. Er wurde vorsorglich in ein Krankenhaus gebracht. Das Fahrzeug wurde durch ein Abschleppunternehmen geborgen. Der F\u00fchrerschein wurde sichergestellt.<\/p>\n\n\n\n<h2 class=\"wp-block-heading\">(Landau) &#8211; Party aufgel\u00f6st<\/h2>\n\n\n\n<p>Aufgrund einer Ruhest\u00f6rungsmeldung wegen \u00fcberlauter Musik, konnte in der Nacht zum Sonntag eine Party auf dem Ebenberg lokalisiert werden, an der an die 100 Personen teilnahmen. Die Polizei konnte die Veranstalter der privat organisierten Party feststellen. Die Musik wurde umgehend eingestellt und alle Personen erhielten einen Platzverweis.<\/p>\n\n\n\n<h2 class=\"wp-block-heading\">(Landau) &#8211; Beherztes Eingreifen \u00fcberf\u00fchrt Ladendieb<\/h2>\n\n\n\n<p>Samstagabend gegen 20:30 Uhr hielt ein Ladendetektiv einen Dieb in einem Supermarkt in Landau fest, als dieser eine hochwertige Trainingsjacke stehlen wollte. Der 21-j\u00e4hrige Dieb wehrte sich und schlug dem Detektiv mehrmals ins Gesicht bis er sich gewaltsam losrei\u00dfen konnte. Hinzueilende Kunden konnten den Dieb schlie\u00dflich festhalten und die Polizei hinzurufen. Mehrere Strafverfahren, u.a. wegen r\u00e4uberischen Diebstahl und K\u00f6rperverletzung wurden gegen den Dieb eingeleitet.<\/p>\n\n\n\n<h2 class=\"wp-block-heading\">(Edesheim) &#8211; Kradfahrer \u00fcbersehen<\/h2>\n\n\n\n<div class=\"wp-block-image\"><figure class=\"aligncenter size-large\"><img decoding=\"async\" loading=\"lazy\" width=\"800\" height=\"564\" src=\"https:\/\/speyer24news.com\/wp-content\/uploads\/2021\/09\/20210906_VUinEdesheim.jpg\" alt=\"\" class=\"wp-image-40225\" srcset=\"https:\/\/speyer24news.com\/wp-content\/uploads\/2021\/09\/20210906_VUinEdesheim.jpg 800w, https:\/\/speyer24news.com\/wp-content\/uploads\/2021\/09\/20210906_VUinEdesheim-300x212.jpg 300w, https:\/\/speyer24news.com\/wp-content\/uploads\/2021\/09\/20210906_VUinEdesheim-768x541.jpg 768w\" sizes=\"(max-width: 800px) 100vw, 800px\" \/><\/figure><\/div>\n\n\n\n<p>Ein verletzter Kradfahrer sowie ein Gesamtschaden von 2.500 Euro ist die Bilanz eines Verkehrsunfalls, der sich heute Mittag (06.09.2021) gegen 13.30 Uhr ereignet hat. Ein 57 Jahre alter Autofahrer missachtete die Vorfahrt eines 41-j\u00e4hrigen Kradfahrers, als er von der Eisenbahnstra\u00dfe in die Staatsstra\u00dfe abbiegen wollte. Durch den Zusammensto\u00df st\u00fcrzte der Kradfahrer auf die Fahrbahn und zog sich Verletzungen am Bein zu. Er kam in ein Krankenhaus. Wegen der Unfallaufnahme und Bergung der Unfallfahrzeuge kam es zu leichten Verkehrsbehinderungen.<\/p>\n\n\n\n<h2 class=\"wp-block-heading\">(Gro\u00dffischlingen) &#8211; Stoppschild missachtet<\/h2>\n\n\n\n<p>10 Fahrzeugf\u00fchrer wurden am 05.09.2021 innerhalb einer Stunde geb\u00fchrenpflichtig verwarnt, weil sie an der Kreuzung L507\/L542 bei Gro\u00dffischlingen das Stoppschild missachteten. An dieser \u00d6rtlichkeit ereigneten sich in zur\u00fcckliegender Zeit schwerwiegende Verkehrsunf\u00e4lle, weshalb die Polizei auf diese \u00d6rtlichkeit ein besonderes Augenmerk legt. Zus\u00e4tzlich ist an dieser Stelle aufgrund der bestehenden Umleitung der Ortsdurchfahrt Edesheim derzeit erh\u00f6htes Fahrzeugaufkommen zu verzeichnen. Stoppschilder sollen Unf\u00e4lle an vielbefahrenen oder schlecht einsehbaren Kreuzungen verhindern.<\/p>\n\n\n\n<h2 class=\"wp-block-heading\">(Edenkoben) &#8211; Motorradfahrer fl\u00fcchtet vor Polizeikontrolle<\/h2>\n\n\n\n<p>Ein 19 Jahre alter Motorradfahrer sollte Montagmittag (06.09.2021, 13 Uhr) in der Radeburger Stra\u00dfe kontrolliert werden. Als er den Polizeibeamten erkannte, beschleunigte er und fl\u00fcchtete von der Kontrollstelle. Anhand des Kennzeichens wurde die Halteranschrift angefahren, wo der Fl\u00fcchtende angetroffen werden konnte. Ermittlungen ergaben, dass er widerrechtlich mit dem Motorrad unterwegs war und keine Fahrerlaubnis hatte. Und weil er zudem unter Drogeneinfluss stand, musste er eine Blutprobe abgeben. Ein Ermittlungsverfahren wurde eingeleitet<\/p>\n\n\n\n<h2 class=\"wp-block-heading\">(Edenkoben) &#8211; Fenster aufgebohrt<\/h2>\n\n\n\n<p>In der Nacht von Samstag auf Sonntag (04.09.2021 &#8211; 05.09.2021) wurde durch unbekannte T\u00e4ter ein Vereinsheim in der Villastra\u00dfe in Edenkoben angegangen. Die T\u00e4ter gelangten hierbei \u00fcber ein aufgebohrtes Fenster ins Innere des Vereinsheims. Entwendet wurde jedoch nichts. Der Schaden am Fenster bel\u00e4uft sich auf circa 500 Euro. Zeugen werden gebeten sich mit der Polizei Edenkoben unter der 06323 9550 in Verbindung zu setzen.<\/p>\n\n\n\n<h2 class=\"wp-block-heading\">(Edenkoben) &#8211; Auto zerkratzt<\/h2>\n\n\n\n<p>Zu einer Sachbesch\u00e4digung an einem geparkten PKW kam es in der Nacht von Freitag auf Samstag (03.09.2021 &#8211; 04.09.2021) in Edenkoben in der Spitalstra\u00dfe. Hierbei wurde ein PKW Skoda vermutlich mit einem spitzen Gegenstand zerkratzt. Der Schaden bel\u00e4uft sich auf circa 2000 Euro. Ein Ermittlungsverfahren wegen Sachbesch\u00e4digung wurde eingeleitet. Zeugen werden gebeten sich mit der Polizei Edenkoben unter der 06323 9550 in Verbindung zu setzen.<\/p>\n\n\n\n<h2 class=\"wp-block-heading\">(Kirrweiler) &#8211; Scheibe eingeschlagen und Geld entwendet<\/h2>\n\n\n\n<p>Zu einem Einbruch im Industriegebiet Kirrweiler kam es in der Nacht von Freitag auf Samstag (03.09.2021 &#8211; 04.09.2021). Hierbei wurde eine Scheibe im r\u00fcckw\u00e4rtigen Bereich einer Lagerhalle eingeschlagen. Entwendet wurde Bargeld. Weiterhin wurden durch unbekannte T\u00e4ter drei Computer im Au\u00dfenbereich zum Abtransport bereitgestellt. Die Computer wurden allerdings durch unbekannte T\u00e4ter an der Tat\u00f6rtlichkeit zur\u00fcckgelassen. Es wird daher vermutet, dass unbekannte T\u00e4ter bei der Tatausf\u00fchrung gest\u00f6rt wurden. Zeugen werden gebeten sich mit der Polizei Edenkoben unter der 06323 9550 in Verbindung zu setzen.<\/p>\n\n\n\n<h2 class=\"wp-block-heading\">(Neustadt) &#8211; Weitere Drogenfahrt und Fahren ohne Fahrerlaubnis<\/h2>\n\n\n\n<p>Am Sonntag, gg. 12:10 Uhr, wurde in der Erfurter Stra\u00dfe ein Rollerfahrer einer Verkehrskontrolle unterzogen, nachdem dieser zuvor versuchte zu fl\u00fcchten. Bei dem Fahrer handelte es sich um einen 21j\u00e4hrigen aus Neustadt, welcher der Polizei gut bekannt ist. Der Mann wurde schon mehrfach wegen Fahrens ohne Fahrerlaubnis beanzeigt. Bei dieser Kontrolle ergaben sich nun auch Anzeichen auf die Einnahme von Bet\u00e4ubungsmittel und ein Drogenschnelltest best\u00e4tigte die Einnahme von Cannabisprodukten. Dem Mann wurde eine Blutprobe entnommen. Aufgrund der Gefahr, dass er weiterhin mit dem Roller Straftaten begeht, wurde dieser eingezogen und wird der Verwertung zugef\u00fchrt.<\/p>\n\n\n\n<h2 class=\"wp-block-heading\">(Neustadt-Diedesfeld) &#8211; Party im Feld aufgel\u00f6st \/ Ordnungsamt mit Flaschen beworfen<\/h2>\n\n\n\n<p>Am Samstag, 04.09.2021, gg. 23:15 Uhr, wurde eine Ruhest\u00f6rung, ausgehend von einer gro\u00dfen Party im Feld unterhalb NW-Diedesfeld, gemeldet. Die \u00d6rtlichkeit wurde vom Ordnungsamt und der Polizei angefahren. Vor Ort konnten ca. 100 Jugendliche festgestellt werden, welche sich in mehreren Kleingruppen auf der Feldanlage aufhielten. Es wurden Musikboxen mitgef\u00fchrt und Alkohol konsumiert. Beim Erblicken der Ordnungskr\u00e4fte, entfernten sich etliche &#8222;Partyg\u00e4ste&#8220; in verschiedene Richtungen. Anderen wurde ein Platzverweis erteilt und sie wurden zur Ruhe ermahnt. Beim Eintreffen des Ordnungsamtes wurden die Mitarbeiter mit Weinflaschen beworfen, welche sie jedoch nicht trafen. Die Ermittlungen wegen Landfriedensbruch dauern an. Zeugen werden gebeten, sich bei der Polizei Neustadt zu melden.<\/p>\n\n\n\n<h2 class=\"wp-block-heading\">(Neustadt) &#8211; Verkehrsunfall \/ Kind leicht verletzt<\/h2>\n\n\n\n<p>Am Samstag, 04.09.2021, gg. 12:05 Uhr, wurde ein 11j\u00e4hriges Kind in der Fr\u00f6belstra\u00dfe leicht verletzt. Der 11j\u00e4hrige wollte in das am linken Fahrbahnrand geparkte Auto seiner Mutter einsteigen und \u00f6ffnete hierf\u00fcr die T\u00fcr der Beifahrerseite. Hierbei trat er einen Schritt zur\u00fcck und stie\u00df gegen die Seite eines gerade vorbeifahrenden Pkw. Der Junge st\u00fcrzte auf die Fahrbahn und zog sich hierbei leichte Verletzungen zu. Er wurde durch den Rettungsdienst vor Ort erstversorgt. Eine weitere Behandlung war nicht notwendig. Da gegen\u00fcber Kindern eine erh\u00f6hte Sorgfaltspflicht besteht, wird nun gegen die 82j\u00e4hrige Pkw-Fahrerin wegen fahrl\u00e4ssiger K\u00f6rperverletzung ermittelt.<\/p>\n\n\n\n<h2 class=\"wp-block-heading\">(Weidenthal) &#8211; Randalierer f\u00e4hrt unter Drogeneinfluss<\/h2>\n\n\n\n<p>Am Sonntagmorgen, 05.09.2021, gg. 10:20 Uhr, wurde der Polizei eine randalierende Person in der Hauptstra\u00dfe in Weidenthal gemeldet. Bei der Person handelte es sich um einen 30j\u00e4hrigen Mann aus Bad D\u00fcrkheim, welcher den Beamten gegen\u00fcber angab, ver\u00e4rgert zu sein, weil ihm eine Bekannte den Pkw-Schl\u00fcssel abgenommen habe. Grund hierf\u00fcr war wohl der Umstand, dass die Bekannte um das Drogenproblem des Mannes wusste und er den Pkw von Bad D\u00fcrkheim nach Weidenthal f\u00fchrte. Tats\u00e4chlich wurden w\u00e4hrend der Kontrolle Anzeichen auf Drogenkonsum festgestellt und ein durchgef\u00fchrter Drogenschnelltest best\u00e4tigte schlie\u00dflich die Einnahme von Kokain. Der D\u00fcrkheimer wurde zur Dienststelle verbracht, wo ihm eine Blutprobe entnommen wurde.<\/p>\n\n\n\n<h2 class=\"wp-block-heading\">(Wachenheim) &#8211; Beim Abbiegen in Hauswand gelandet<\/h2>\n\n\n\n<div class=\"wp-block-image\"><figure class=\"aligncenter size-large\"><img decoding=\"async\" loading=\"lazy\" width=\"800\" height=\"600\" src=\"https:\/\/speyer24news.com\/wp-content\/uploads\/2021\/09\/VUWachenheim.jpg\" alt=\"\" class=\"wp-image-40226\" srcset=\"https:\/\/speyer24news.com\/wp-content\/uploads\/2021\/09\/VUWachenheim.jpg 800w, https:\/\/speyer24news.com\/wp-content\/uploads\/2021\/09\/VUWachenheim-300x225.jpg 300w, https:\/\/speyer24news.com\/wp-content\/uploads\/2021\/09\/VUWachenheim-768x576.jpg 768w, https:\/\/speyer24news.com\/wp-content\/uploads\/2021\/09\/VUWachenheim-678x509.jpg 678w, https:\/\/speyer24news.com\/wp-content\/uploads\/2021\/09\/VUWachenheim-326x245.jpg 326w, https:\/\/speyer24news.com\/wp-content\/uploads\/2021\/09\/VUWachenheim-80x60.jpg 80w\" sizes=\"(max-width: 800px) 100vw, 800px\" \/><\/figure><\/div>\n\n\n\n<p>Aus bislang ungekl\u00e4rter Ursache beschleunigte der 78-j\u00e4hrige Fahrer eines BMW 560 beim Abbiegevorgang von der Weinstra\u00dfe in die Ringstra\u00dfe, \u00fcbersteuerte hierdurch den PKW und kam, nachdem ein im Gegenverkehr geparkter PKW gestreift wurde, in einer angrenzenden Hausfront zum Stehen. Die im BMW befindliche 78-j\u00e4hrige Ehefrau des Fahrers wurde durch den Aufprall und die dadurch ausgel\u00f6sten Airbags leicht verletzt und vor Ort durch den Rettungsdienst versorgt. Sowohl an der Hauswand als auch an beiden PKWs entstand erheblicher Sachschaden &#8211; eine genaue Schadensh\u00f6he ist derzeit noch nicht bekannt. Die \u00d6rtlichkeit musste f\u00fcr die Dauer der Unfallaufnahme \u00fcber ca. zwei Stunden gesperrt werden &#8211; der Verkehr wurde \u00fcber\u00f6rtlich umgeleitet.<\/p>\n\n\n\n<h2 class=\"wp-block-heading\">(Bad D\u00fcrkheim) &#8211; Auffahrunfall zwischen Motorradfahrern<\/h2>\n\n\n\n<p>Am 05.09.2021 gegen 16:45 Uhr kam es im Bereich der Kreuzung B37 \/ Kanalstra\u00dfe zu einem Auffahrunfall zwischen zwei Motorr\u00e4dern. Demnach mussten beide Motorradfahrer verkehrsbedingt im Kreuzungsbereich bremsen, wobei der hintere Motorradfahrer, ein 43-j\u00e4hriger Ludwigshafener, die Situation zu sp\u00e4t erkannte und auf das vorausfahrende Motorrad seiner 35-J\u00e4hrigen Begleiterin auffuhr, sodass beide zu Fall kamen. Ein Motorrad touchierte hierbei noch das Heck eines vorausfahrenden PKW. An allen Fahrzeugen entstand Sachschaden in Gesamth\u00f6he von ca. 7500 EUR &#8211; beide Motorradfahrer wurden lediglich leicht verletzt.<\/p>\n\n\n\n<h2 class=\"wp-block-heading\">(L 520 \/ Carlsberg \/ Wattenheim) &#8211; Verkehrsunfall mit verletzter PKW-Fahrerin unter Alkoholeinfluss<\/h2>\n\n\n\n<p>Am fr\u00fchen Sonntagmorgen gegen 06 Uhr kam es auf der L520 zwischen Carlsberg und Wattenheim zu einem Verkehrsunfall, bei der die 25-j\u00e4hrige Fahrerin verletzt wurde. Im Laufe der Unfallaufnahme konnten die Beamten der PI Gr\u00fcnstadt bei der Fahrerin Anzeichen auf Alkoholkonsum feststellen. Ein erster Atemalkoholtest von knapp unter 3 Promille best\u00e4tigte diesen Verdacht.<\/p>\n\n\n\n<p>Nach ersten Ermittlungen kam das Fahrzeug aufgrund der erheblichen Alkoholisierung der Fahrerin nach rechts von der Fahrbahn ab und prallte dort gegen einen Baum. Hierbei entstand am PKW Totalschaden, die Fahrerin wurde verletzt. Da bei der ersten Unfallmeldung bei der Rettungsleitstelle auch \u00fcber aufsteigenden Rauch aus dem PKW berichtet wurde, kamen zus\u00e4tzlich zum Rettungsdienst auch die Feuerwehren Wattenheim\/Hettenleidelheim und Carlsberg in den Einsatz, die letztlich aber keine L\u00f6scharbeiten vornehmen mussten. F\u00fcr die Dauer der Unfallaufnahme, sowie zur Absicherung der Einsatzkr\u00e4fte und Bergung des PKW durch den Abschleppdienst wurde die L520 durch die Feuerwehr voll gesperrt. Die Fahrerin wurde im Rettungswagen versorgt und kam zur weiteren Untersuchung in eine Klinik. Ihr F\u00fchrerschein wurde noch vor Ort sichergestellt und im Krankenhaus eine Blutprobe entnommen.<\/p>\n\n\n\n<h2 class=\"wp-block-heading\">(AS Gr\u00fcnstadt \/ A 6) &#8211; Brennender LKW f\u00fchrt zu erheblichen Verkehrsbehinderungen an der Anschlussstelle Gr\u00fcnstadt<\/h2>\n\n\n\n<div class=\"wp-block-image\"><figure class=\"aligncenter size-large\"><img decoding=\"async\" loading=\"lazy\" width=\"800\" height=\"552\" src=\"https:\/\/speyer24news.com\/wp-content\/uploads\/2021\/09\/poMMes_public.image_2021-09-06_16-59-37.jpeg\" alt=\"\" class=\"wp-image-40227\" srcset=\"https:\/\/speyer24news.com\/wp-content\/uploads\/2021\/09\/poMMes_public.image_2021-09-06_16-59-37.jpeg 800w, https:\/\/speyer24news.com\/wp-content\/uploads\/2021\/09\/poMMes_public.image_2021-09-06_16-59-37-300x207.jpeg 300w, https:\/\/speyer24news.com\/wp-content\/uploads\/2021\/09\/poMMes_public.image_2021-09-06_16-59-37-768x530.jpeg 768w\" sizes=\"(max-width: 800px) 100vw, 800px\" \/><\/figure><\/div>\n\n\n\n<p>Am Montagnachmittag, 06.09.2021, f\u00fchrte ein brennender Lastwagen auf der A6, an der Anschlussstelle Gr\u00fcnstadt, zu erheblichen Verkehrsbehinderungen.<\/p>\n\n\n\n<p>Aus noch ungekl\u00e4rter Ursache geriet der Lastwagen w\u00e4hrend der Fahrt gegen 16:08 Uhr in Brand, und konnte vom Fahrer noch im Bereich der Autobahnabfahrt abgestellt werden. Die drei Insassen retteten sich unversehrt aus dem Auto, L\u00f6schversuche vor Ort, auch mit Unterst\u00fctzung anderer Verkehrsteilnehmer brachten allerdings keinen Erfolg, so dass das Fahrzeug letztlich komplett ausbrannte.<\/p>\n\n\n\n<p>W\u00e4hrend der L\u00f6scharbeiten musste die Anschlussstelle Gr\u00fcnstadt, in Fahrtrichtung Kaiserslautern, f\u00fcr die Dauer von etwa 90 Minuten komplett gesperrt werden. Es waren neben Kr\u00e4ften der Polizeiautobahnstation Ruchheim die Feuerwehr Gr\u00fcnstadt, sowie die Autobahnmeisterei Wattenheim im Einsatz.<\/p>\n\n\n\n<h2 class=\"wp-block-heading\">(Gr\u00fcnstadt) &#8211; Betrunkener beleidigt Freundin und Tankstellen-Personal<\/h2>\n\n\n\n<p>In den Sonntagabendstunden wurde eine Schreierei auf einem Tankstellengel\u00e4nde in der Kirchheimer Stra\u00dfe gemeldet. Ein 52-J\u00e4hriger soll eine Tankstellenmitarbeiterin und eine anwesende Kundin lautstark mit \u00fcblen Ausdr\u00fccken beschimpft haben. Auch seine 44-j\u00e4hrige Freundin blieb von den Beleidigungen nicht verschont. Beim Eintreffen der Polizei beruhigte sich der Aggressor und er entschuldigte sich f\u00fcr die Entgleisung. Der 52-J\u00e4hrige stand unter Alkoholeinwirkung &#8211; Hintergrund f\u00fcr das Ganze waren scheinbar unberechtigte Vorw\u00fcrfe gegen seine Person.<\/p>\n\n\n\n<h2 class=\"wp-block-heading\">(Kirchheim) &#8211; Illegale Ver\u00e4nderungen an Golf Cabrio<\/h2>\n\n\n\n<div class=\"wp-block-image\"><figure class=\"aligncenter size-large\"><img decoding=\"async\" loading=\"lazy\" width=\"800\" height=\"461\" src=\"https:\/\/speyer24news.com\/wp-content\/uploads\/2021\/09\/01_SymbolbildTuningAuto.jpg\" alt=\"\" class=\"wp-image-40228\" srcset=\"https:\/\/speyer24news.com\/wp-content\/uploads\/2021\/09\/01_SymbolbildTuningAuto.jpg 800w, https:\/\/speyer24news.com\/wp-content\/uploads\/2021\/09\/01_SymbolbildTuningAuto-300x173.jpg 300w, https:\/\/speyer24news.com\/wp-content\/uploads\/2021\/09\/01_SymbolbildTuningAuto-768x443.jpg 768w\" sizes=\"(max-width: 800px) 100vw, 800px\" \/><\/figure><\/div>\n\n\n\n<p>Am 05.09.2021, um 21.10 Uhr, kontrollierten Beamte der Polizeiautobahnstation Ruchheim einen Golf-Fahrer auf dem Maxi-Autohof in Kirchheim. Bei der Kontrolle stellten die Polizisten technische Ver\u00e4nderung am Wagen des 41-j\u00e4hrigen Fahrers fest. Der Mann hatte sowohl die Rad- Reifenkombination als auch das Fahrwerk ver\u00e4ndert. F\u00fcr die Ver\u00e4nderungen f\u00fchrte der Mann weder ein Gutachten mit, noch waren diese durch einen technischen Sachverst\u00e4ndigen gepr\u00fcft und zugelassen worden, weshalb hier von einer Gef\u00e4hrdung der allgemeinen Verkehrssicherheit auszugehen ist. Die Betriebserlaubnis des Autos ist damit erloschen. Gegen den 41-j\u00e4hrigen wurde ein Ordnungswidrigkeitenverfahren eingeleitet. Ihm ist im Nachgang nur noch die Fahrt zu einem technischen Sachverst\u00e4ndigen gestattet.<\/p>\n\n\n\n<h2 class=\"wp-block-heading\">(Kirchheim) &#8211; LKW-Fahrer pr\u00fcgeln sich \/ Alkohol im Spiel<\/h2>\n\n\n\n<p>Am Sonntagnachmittag kam es auf einem Parkplatz im Rosengartenweg zu einer Auseinandersetzung unter 3 LKW-Fahrern. Zwei M\u00e4nner schraubten an ihren LKW&#8217;s und konsumierten Alkohol. Ein Dritter hingegen wollte schlafen und forderte seine Kollegen auf leiser zu sein. In der Folge schlugen der 54- und der 40-J\u00e4hrige &#8222;Schrauber&#8220; auf den 38-J\u00e4hrigen ein. Dieser setzte sich zur Wehr und verpr\u00fcgelte die Beiden. Der 54-J\u00e4hrige wurde mit einer blutigen Kopfwunde ins Krankenhaus gebracht. Aufgrund des Alkoholisierungsgrades (jeweils \u00fcber 2 Promille) wurden 2 LKW-Schl\u00fcssel sichergestellt, um einen Fahrtantritt zu verhindern. Alle geh\u00f6ren \u00fcbrigens dem gleichen Unternehmen an.<\/p>\n\n\n\n<h2 class=\"wp-block-heading\">(Maxdorf) &#8211; Stadtradeln des Seniorenbeirates wird durch eine Fahrradstreife der Polizeiwache Maxdorf begleitet<\/h2>\n\n\n\n<div class=\"wp-block-image\"><figure class=\"aligncenter size-large\"><img decoding=\"async\" loading=\"lazy\" width=\"500\" height=\"577\" src=\"https:\/\/speyer24news.com\/wp-content\/uploads\/2021\/09\/20210906_135904.jpg\" alt=\"\" class=\"wp-image-40229\" srcset=\"https:\/\/speyer24news.com\/wp-content\/uploads\/2021\/09\/20210906_135904.jpg 500w, https:\/\/speyer24news.com\/wp-content\/uploads\/2021\/09\/20210906_135904-260x300.jpg 260w\" sizes=\"(max-width: 500px) 100vw, 500px\" \/><figcaption>Fahrradstreife der Polizeiwache Maxdorf<\/figcaption><\/figure><\/div>\n\n\n\n<p>Die Aktion &#8222;Stadtradeln&#8220;, welche in der Zeit vom 06.09.21 bis einschlie\u00dflich 26.09.21 stattfindet, wurde durch den Seniorenbeirat Maxdorf auch in diesem Jahr als Anlass f\u00fcr eine gemeinsame Ausfahrt genommen.<\/p>\n\n\n\n<p>Am Montag, den 06.09.2021, um 10:00 Uhr trafen sich bei strahlendem Sonnenschein 13 Senioren\/innen auf dem Parkplatz des Aldi-Marktes. Alle Teilnehmer waren vorbildlich mit Helm und Warnweste ausgestattet. Die Ausfahrt wurde durch die Organisatoren\/innen genutzt um auf das Thema Sicherheitsabstand beim \u00dcberholen von Fahrr\u00e4dern aufmerksam zu machen. Aus diesem Grund wurden an den Fahrr\u00e4dern &#8222;Schwimmnudeln&#8220; befestigt, um den Abstand von 1,50m zu signalisieren.<\/p>\n\n\n\n<p>Vor dem Start wurden die Teilnehmer durch PHK`in Henn (stellvertretende Leiterin der Polizeiwache Maxdorf) und den 1. Beigeordneten, Herrn Niederberger, begr\u00fc\u00dft.<\/p>\n\n\n\n<div class=\"wp-block-image\"><figure class=\"aligncenter size-large\"><img decoding=\"async\" loading=\"lazy\" width=\"800\" height=\"599\" src=\"https:\/\/speyer24news.com\/wp-content\/uploads\/2021\/09\/20210906_101643.jpg\" alt=\"\" class=\"wp-image-40230\" srcset=\"https:\/\/speyer24news.com\/wp-content\/uploads\/2021\/09\/20210906_101643.jpg 800w, https:\/\/speyer24news.com\/wp-content\/uploads\/2021\/09\/20210906_101643-300x225.jpg 300w, https:\/\/speyer24news.com\/wp-content\/uploads\/2021\/09\/20210906_101643-768x575.jpg 768w, https:\/\/speyer24news.com\/wp-content\/uploads\/2021\/09\/20210906_101643-678x509.jpg 678w, https:\/\/speyer24news.com\/wp-content\/uploads\/2021\/09\/20210906_101643-326x245.jpg 326w, https:\/\/speyer24news.com\/wp-content\/uploads\/2021\/09\/20210906_101643-80x60.jpg 80w\" sizes=\"(max-width: 800px) 100vw, 800px\" \/><figcaption>Stadtradeln des Seniorenbeirates Maxdorf<\/figcaption><\/figure><\/div>\n\n\n\n<p>PHK`in Henn stellte kurz dar, welche wichtige Rolle die Pr\u00e4ventionsarbeit, insbesondere im Hinblick auf Senioren, bei der Polizei hat. Dies zeigte sich auch darin, dass die Ausfahrt durch PHK`in Henn und PK`in Schneider der Polizeiwache Maxdorf in Form einer &#8222;Fahrradstreife&#8220; begleitet wurde.<\/p>\n\n\n\n<p>Die Fahrt f\u00fchrte quer durch Maxdorf und endete ohne Vorkommnisse vor dem Rathaus. Dort erwarteten zwei Kollegen der Zentralen Pr\u00e4vention die Teilnehmer\/innen. Hier konnten Fragen rund um das Thema Fahrradsicherheit und Pr\u00e4vention gestellt werden.<\/p>\n\n\n\n<p>Aufgrund des sch\u00f6nen Wetters wurde die Ausfahrt durch viele Anwohner wahrgenommen und die Fahrradstreife der Polizeiwache als sehr positiv angesehen.<\/p>\n\n\n\n<p>F\u00fcr uns hei\u00dft das im n\u00e4chsten Jahr &#8222;Stadtradeln&#8220; dann wieder: Die Polizeiwache Maxdorf radelt mit!<\/p>\n\n\n\n<h2 class=\"wp-block-heading\">(He\u00dfheim) &#8211; Einbruchsdiebstahl in Einfamilienhaus<\/h2>\n\n\n\n<p>Im Zeitraum Donnerstag, 02.09.2021, bis Sonntag, 05.09.2021, kam es in der Goethestra\u00dfe in He\u00dfheim zu einem Einbruch in ein Einfamilienhaus. Unbekannte T\u00e4ter verschafften sich \u00fcber das Fenster im Erdgeschoss gewaltsam Zutritt zum verschlossenen Wohnhaus und entwendeten Schmuck in bislang unbekannter H\u00f6he.<\/p>\n\n\n\n<p>Sachdienliche Hinweise nimmt die Kriminalpolizei Ludwigshafen unter der Telefonnummer 0621\/963-2773 oder per E-Mail&nbsp;<a href=\"mailto:kiludwigshafen.k1.kdd@polizei.rlp.de\">kiludwigshafen.k1.kdd@polizei.rlp.de<\/a>&nbsp;entgegen.<\/p>\n\n\n\n<h2 class=\"wp-block-heading\">(Frankenthal) &#8211; Einbruch in Baumarkt<\/h2>\n\n\n\n<p>In der Nacht von 05.09.2021 auf 06.09.2021 kam es zu einem Einbruch in einen Baumarkt in der Eisenbahnstra\u00dfe in Frankenthal. Bislang unbekannte T\u00e4ter verschafften sich Zugang in den Innenbereich der Filiale und besch\u00e4digten hierbei eine Eingangst\u00fcr. Die genaue Schadensh\u00f6he steht bislang nicht fest und ist Teil der Ermittlungen. Aufgrund der laufenden Ermittlungen sucht die Polizei nach Zeugen des Vorfalls. Zeugen werden gebeten sich an die Polizeiinspektion Frankenthal unter der Tel.-Nr.: 06233\/313-0 oder an die Polizeiwache Maxdorf unter der Tel.-Nr.: 06237\/934-1100 zu wenden. Gerne nehmen wir Ihre Hinweise auch per E-Mail unter&nbsp;<a href=\"mailto:pifrankenthal@polizei.rlp.de\">pifrankenthal@polizei.rlp.de<\/a>&nbsp;entgegen.<\/p>\n\n\n\n<h2 class=\"wp-block-heading\">(Frankenthal) &#8211; Betrunkener Autofahrer gestoppt<\/h2>\n\n\n\n<p>Am 05.09.2021 gegen 18:30 Uhr wird der Polizeiinspektion Frankenthal eine augenscheinlich betrunkene Person gemeldet, welche kurzzeitig aus einem Auto gestiegen sei, um ihren Mageninhalt auf der Stra\u00dfe zu verteilen. Anschlie\u00dfend setzte der Mann die Fahrt fort. Bei der sofort eingeleiteten Fahndung konnte das Fahrzeug schlie\u00dflich angetroffen und der Fahrer gestoppt werden. Der Atemalkoholtest ergab einen Wert von 2,44 Promille, weshalb dem Fahrer eine Blutprobe entnommen und der F\u00fchrerschein sichergestellt wurde. Zudem wurde das Fahrzeug abgeschleppt. Den 51-J\u00e4hrigen erwarten eine Strafanzeige und mehrere Monate ohne Autofahren.<\/p>\n\n\n\n<h2 class=\"wp-block-heading\">(Frankenthal) &#8211; Fu\u00dfballspiel eskaliert<\/h2>\n\n\n\n<p>Am 05.09.2021 gegen 16:50 kam es im Anschluss an ein Fu\u00dfballspiel im Eichwiesenweg in Frankenthal zu einer zun\u00e4chst verbalen und anschlie\u00dfend k\u00f6rperlichen Auseinandersetzung zwischen den Mannschaften und Zuschauern. Schlie\u00dflich kam es zu wechselseitigen K\u00f6rperverletzungen mit insgesamt zwei Leichtverletzten. Aufgrund der laufenden Ermittlungen sucht die Polizei nach weiteren Zeugen des Vorfalls. Zeugen werden gebeten sich an die Polizeiinspektion Frankenthal unter der Tel.-Nr.: 06233\/313-0 oder an die Polizeiwache Maxdorf unter der Tel.-Nr.: 06237\/934-1100 zu wenden. Gerne nehmen wir Ihre Hinweise auch per E-Mail unter\u00a0<a href=\"mailto:pifrankenthal@polizei.rlp.de\">pifrankenthal@polizei.rlp.de<\/a>\u00a0entgegen.<\/p>\n\n\n\n<h2 class=\"wp-block-heading\">(Frankenthal) &#8211; Randalierender in der Kirche<\/h2>\n\n\n\n<p>Am fr\u00fchen Abend des 04.09.2021, wurde der Polizei Frankenthal eine m\u00e4nnliche Person gemeldet, welche in der Kirche am Jakobsplatz randalieren, herumschreien und den Altar der Kirche bespucken w\u00fcrde. Vor Ort konnte ein 47-j\u00e4hriger Mann aus Altleiningen angetroffen werden. Der Mann stand deutlich unter Alkoholeinfluss und war zudem aggressiv. Dem Randalierer wurde ein Platzverweis ausgesprochen, welchem dieser sodann nachkam.<\/p>\n\n\n\n<h2 class=\"wp-block-heading\">(Frankenthal) &#8211; Trunkenheit im Verkehr<\/h2>\n\n\n\n<p>Am Samstagvormittag, den 04.09.2021 meldete ein Zeuge der Polizei Frankenthal einen Autofahrer, welcher eine unsichere Fahrweise (Schlangenlinien sowie geringe Fahrtgeschwindigkeit) aufweisen w\u00fcrde. Der Fahrzeugf\u00fchrer befuhr die B9 kommend von Frankenthal-Studernheim in Richtung Frankenthal-Stadt.<\/p>\n\n\n\n<p>Im Ortskern wurde der 79-j\u00e4hrige Mann einer Verkehrskontrolle unterzogen. W\u00e4hrend der Kontrolle konnte Alkoholgeruch bei dem Mann festgestellt werden. Ein freiwillig durchgef\u00fchrter Atemalkoholtest ergab einen Wert von 0,69 Promille. Dem Fahrzeugf\u00fchrer wurde auf der Polizeidienststelle Frankenthal eine Blutprobe entnommen.<\/p>\n\n\n\n<p>Der Einfluss von Alkohol oder anderen berauschenden Mitteln stellt eine Hauptunfallursache dar. Wer berauscht f\u00e4hrt, gef\u00e4hrdet nicht nur sich, sondern auch Andere. Gegen den unter Alkoholeinfluss stehenden Fahrzeugf\u00fchrer wurde ein Ermittlungsverfahren wegen Trunkenheit im Verkehr eingeleitet. Der F\u00fchrerschein wurde sichergestellt und gegen ihn kann eine Freiheitsstrafe bis zu einem Jahr oder eine Geldstrafe \/ Geldbu\u00dfe verh\u00e4ngt werden.<\/p>\n\n\n\n<p>Wer sachdienliche Hinweise zu dem genannten Fall geben kann, wird gebeten sich mit der Polizeiinspektion Frankenthal unter der Rufnummer 06233\/313-0 oder der Polizeiwache Maxdorf unter der Rufnummer 06237\/934-100 in Verbindung zu setzen. Hinweise k\u00f6nnen auch per E-Mail unter\u00a0<a href=\"mailto:pifrankenthal@polizei.rlp.de\">pifrankenthal@polizei.rlp.de<\/a>\u00a0an die Polizei \u00fcbermittelt werden.<\/p>\n\n\n\n<h2 class=\"wp-block-heading\">(Pr\u00e4sidialbereich Rheinpfalz) &#8211; Schulweg\u00fcberwachung<\/h2>\n\n\n\n<div class=\"wp-block-image\"><figure class=\"aligncenter size-large\"><img decoding=\"async\" loading=\"lazy\" width=\"800\" height=\"375\" src=\"https:\/\/speyer24news.com\/wp-content\/uploads\/2021\/09\/Kind-und-Verkehr.png\" alt=\"\" class=\"wp-image-40231\" srcset=\"https:\/\/speyer24news.com\/wp-content\/uploads\/2021\/09\/Kind-und-Verkehr.png 800w, https:\/\/speyer24news.com\/wp-content\/uploads\/2021\/09\/Kind-und-Verkehr-300x141.png 300w, https:\/\/speyer24news.com\/wp-content\/uploads\/2021\/09\/Kind-und-Verkehr-768x360.png 768w\" sizes=\"(max-width: 800px) 100vw, 800px\" \/><\/figure><\/div>\n\n\n\n<p>Seit einer Woche haben die Schulen wieder ihre T\u00fcren ge\u00f6ffnet. Besonders f\u00fcr Schulanf\u00e4nger waren die ersten Tage sicher eine spannende Zeit. Viele neue Lehrerinnen und Lehrer sowie nat\u00fcrlich zahlreiche neue Mitsch\u00fclerinnen und Mitsch\u00fcler galt es kennenzulernen. Auch neu war f\u00fcr viele ihr Schulweg. Deswegen m\u00fcssen Gro\u00df und Klein morgens wieder besonders gut aufpassen. Kinder z\u00e4hlen zu den verkehrsschwachen Personen und sind somit im Stra\u00dfenverkehr besonders gef\u00e4hrdet. Hier ist es egal, ob sie als Fu\u00dfg\u00e4nger, Radfahrer oder als Insasse in einem Fahrzeug unterwegs sind. Wir waren in der vergangenen Woche aus diesem Grund verst\u00e4rkt im Einsatz, haben Gespr\u00e4che gef\u00fchrt und Tipps gegeben. Erfreulicherweise mussten bei den insgesamt 144 Schulwegkontrollen, die im gesamten Pr\u00e4sidialbereich durchgef\u00fchrt wurden, nur wenige Verst\u00f6\u00dfe geahndet werden. Bei den meisten Verst\u00f6\u00dfen handelte es sich um Falschparker (26-mal) gefolgt von mangelnder Kindersicherung (16-mal).<\/p>\n\n\n\n<h4 class=\"wp-block-heading\">Tipps der Polizei Rheinland-Pfalz, damit die Kleinsten sich sicher im Stra\u00dfenverkehr bewegen k\u00f6nnen:<\/h4>\n\n\n\n<ul><li><strong>\u00dcben Sie mit Ihrem Kind rechtzeitig den Schulweg ein und besprechen Sie die Gefahrenstellen.<\/strong><\/li><li><strong>Der k\u00fcrzeste Schulweg ist nicht immer der Sicherste. W\u00e4hlen Sie den Schulweg so, dass Ihr Kind m\u00f6glichst selten die Stra\u00dfe \u00fcberqueren muss. Wenn doch, dann vorzugsweise an Kreuzungen und Einm\u00fcndungen mit Fu\u00dfg\u00e4ngerampeln oder Zebrastreifen.<\/strong><\/li><li><strong>Bleiben Sie vor dem \u00dcberqueren einer Stra\u00dfe immer erst am Bordstein stehen und schauen Sie mehrmals nach links und rechts.<\/strong><\/li><li><strong>Schauen Sie auch bei einer gr\u00fcnen Ampel erst nach rechts und links.<\/strong><\/li><li><strong>Bleiben Sie am &#8222;Zebrastreifen&#8220; stehen. Erst losgehen, wenn alle Autos wirklich halten.<\/strong><\/li><li><strong>Zeigen Sie dem Kind die Gefahren auf, die an Ein- und Ausfahrten und auf Parkpl\u00e4tzen lauern.<\/strong><\/li><li><strong>Erkl\u00e4ren Sie ihrem Kind, was ein &#8222;toter Winkel&#8220; an einem Auto\/Lkw ist und worauf es hier besonders achten muss.<\/strong><\/li><li><strong>\u00dcberpr\u00fcfen Sie das Verhalten Ihres Kindes. Lassen Sie es den Weg alleine gehen und folgen Sie ihm in einem ausreichenden Abstand. Setzen Sie Ihr Kind nicht unter Zeitdruck.<\/strong><\/li><li><strong>Kinder sollten zur besseren Sichtbarkeit helle Kleidung und Reflektoren tragen &#8211; insbesondere in der &#8222;dunklen Jahreszeit&#8220;.<\/strong><\/li><\/ul>\n\n\n\n<h4 class=\"wp-block-heading\">Elterntaxi <\/h4>\n\n\n\n<p>Auch wenn es gut gemeint ist, sollten die eigenen Kinder nicht mit dem Auto zur Schule gefahren werden. Die sogenannten Elterntaxis schaffen gerade vor den Schulen eine un\u00fcbersichtliche Verkehrssituation und erh\u00f6hen damit f\u00fcr Kinder, die zu Fu\u00df unterwegs sind, das Unfallrisiko erheblich. Die Polizei empfiehlt daher, auch Grundsch\u00fcler m\u00f6glichst zu Fu\u00df zur Schule gehen zu lassen. Manche Schulen stellen Schulwegpl\u00e4ne bereit, welche die Routen ohne oder mit nur geringen Gefahrenpunkten zeigen.<\/p>\n\n\n\n<figure class=\"wp-block-image size-large\"><img decoding=\"async\" loading=\"lazy\" width=\"800\" height=\"430\" src=\"https:\/\/speyer24news.com\/wp-content\/uploads\/2021\/09\/Verkehrssicherheit-Kinder.png\" alt=\"\" class=\"wp-image-40232\" srcset=\"https:\/\/speyer24news.com\/wp-content\/uploads\/2021\/09\/Verkehrssicherheit-Kinder.png 800w, https:\/\/speyer24news.com\/wp-content\/uploads\/2021\/09\/Verkehrssicherheit-Kinder-300x161.png 300w, https:\/\/speyer24news.com\/wp-content\/uploads\/2021\/09\/Verkehrssicherheit-Kinder-768x413.png 768w\" sizes=\"(max-width: 800px) 100vw, 800px\" \/><\/figure>\n\n\n\n<h4 class=\"wp-block-heading\">Wenn sich der Fahrdienst nicht vermeiden l\u00e4sst:<\/h4>\n\n\n\n<ul><li><strong>Suchen Sie sich in der N\u00e4he der Schule einen geeigneten Parkplatz oder eine geeignete Seitenstra\u00dfe, an dem Sie gefahrlos anhalten k\u00f6nnen, niemand anderen behindern oder sogar gef\u00e4hrden.<\/strong><\/li><li><strong>Lassen Sie Kinder nur auf der Gehwegseite aussteigen<\/strong><\/li><li><strong>Behalten Sie vor dem \u00d6ffnen der Autot\u00fcr die Umgebung im Blick.<\/strong><\/li><li><strong>Zeigen Sie ihrem Kind von dort aus, wie es sicher zur Schule kommt.<\/strong><\/li><\/ul>\n\n\n\n<h4 class=\"wp-block-heading\">Auch interessant:<\/h4>\n\n\n\n<p><strong>Eine interaktive Karte mit wissenswerten Fakten rund um Sicherheit im Stra\u00dfenverkehr finden Sie hier:\u00a0<a target=\"_blank\" href=\"https:\/\/s.rlp.de\/OISFK\" rel=\"noreferrer noopener\">https:\/\/s.rlp.de\/OISFK<\/a><\/strong><\/p>\n\n\n\n<h2 class=\"wp-block-heading\">(Ludwigshafen) &#8211; Sch\u00fcsse mit Schreckschusswaffe in der Innenstadt<\/h2>\n\n\n\n<p>Am Montagnachmittag, dem 06.09.2021 gegen 17:20 Uhr, kam es in der Bismarckstra\u00dfe zu einem Versto\u00df gegen das Waffengesetz. Die drei beschuldigten Personen waren zun\u00e4chst in einer Sportsbar. Als sie die Bar verlie\u00dfen, wurde drei Mal mit einer Schreckschusswaffe in die Luft geschossen. Noch bevor die Polizei vor Ort eintreffen konnte, verlie\u00dfen die drei Personen die \u00d6rtlichkeit und fl\u00fcchteten, um dann kurze Zeit sp\u00e4ter an der Rheingalerie erneut zu schie\u00dfen. Im Rahmen der Fahndung konnten die Verd\u00e4chtigen anhand der Personenbeschreibung am Rheinufer entdeckt und kontrolliert werden. Bei einem 36 &#8211; J\u00e4hrigen aus Ludwigshafen konnte im Rucksack Munition f\u00fcr eine Schreckschusswaffe aufgefunden werden. In einem Geb\u00fcsch nicht weit von den drei Tatverd\u00e4chtigen konnte die Schreckschusswaffe aufgefunden werden. Einer der Beteiligten, ein 40 &#8211; J\u00e4hriger aus Ludwigshafen gab an, dass der 36 &#8211; J\u00e4hrige heute Geburtstag hat und sie diesen mit den Sch\u00fcssen feiern w\u00fcrden. Die drei Personen waren teilweise erheblich alkoholisiert. Da der 40 &#8211; J\u00e4hrige dem erteilten Platzverweis keine Folge leisten wollte, wurde er in Gewahrsam genommen. Den 36 &#8211; J\u00e4hrigen erwartet nun ein Strafverfahren wegen des Mitf\u00fchrens einer Schreckschusswaffe ohne im Besitz eines Waffenscheins zu sein. Ob auch die anderen beiden Personen mit der Schreckschusswaffe geschossen haben wird noch ermittelt. Zu Gef\u00e4hrdung von Personen kam es nicht.<\/p>\n\n\n\n<h2 class=\"wp-block-heading\">(Ludwigshafen) &#8211; Brand an Realschule<\/h2>\n\n\n\n<div class=\"wp-block-image\"><figure class=\"aligncenter size-large\"><img decoding=\"async\" loading=\"lazy\" width=\"500\" height=\"751\" src=\"https:\/\/speyer24news.com\/wp-content\/uploads\/2021\/09\/Brand06.09.21Realschule.jpg\" alt=\"\" class=\"wp-image-40233\" srcset=\"https:\/\/speyer24news.com\/wp-content\/uploads\/2021\/09\/Brand06.09.21Realschule.jpg 500w, https:\/\/speyer24news.com\/wp-content\/uploads\/2021\/09\/Brand06.09.21Realschule-200x300.jpg 200w\" sizes=\"(max-width: 500px) 100vw, 500px\" \/><\/figure><\/div>\n\n\n\n<p>Am Montag, 06.09.2021, 09:31 Uhr, setzte eine bislang unbekannte Person in einer Schule in der Karolina-Burger-Stra\u00dfe einen Papierhandtuchspender in Brand. Durch die Hitzentwicklung wurden Teile des Toiletteninventars zerst\u00f6rt. Weiter kam es zu Ru\u00dfablagerung in der gesamten R\u00e4umlichkeit. Die Feuerwehr Ludwigshafen hatte den Brand schnell unter Kontrolle. Es wurden keine Personen verletzt. Der Schaden wird auf etwa 10.000EUR gesch\u00e4tzt. Derzeit muss von einer vors\u00e4tzlichen Brandstiftung ausgegangen werden. Die Kriminalpolizei Ludwigshafen hat die Ermittlungen aufgenommen und bittet um Zeugenhinweise.<\/p>\n\n\n\n<p>Sachdienliche Hinweise nimmt die Kriminalpolizei Ludwigshafen unter der Telefonnummer 0621\/963-2773 oder per E-Mail&nbsp;<a href=\"mailto:kiludwigshafen.k1.kdd@polizei.rlp.de\">kiludwigshafen.k1.kdd@polizei.rlp.de<\/a>&nbsp;entgegen.<\/p>\n\n\n\n<h2 class=\"wp-block-heading\">(Ludwigshafen) &#8211; Einbruch in eine Bar am Willersinnweiher<\/h2>\n\n\n\n<p>Am 06.09.2021, gegen 04:15 Uhr, kam es zur Festnahme eines 49-j\u00e4hrigen Ludwigshafeners. Dieser verschaffte sich Zugang zu einer Bar am Freibad Willersinnweiher. Ein Schaden entstand nicht. Die hinzugerufenen Polizeibeamten nahmen den Ludwigshafener mit zur Dienststelle. Nach Beendigung der polizeilichen Ma\u00dfnahmen wurde er wieder auf freien Fu\u00df entlassen. Sachdienliche Hinweise nimmt die Kriminalpolizei Ludwigshafen unter der Telefonnummer 0621\/963-2773 oder per E-Mail\u00a0<a href=\"mailto:kiludwigshafen.k1.kdd@polizei.rlp.de\">kiludwigshafen.k1.kdd@polizei.rlp.de<\/a>\u00a0entgegen.<\/p>\n\n\n\n<h2 class=\"wp-block-heading\">(Ludwigshafen) &#8211; Unfall an Kreuzung<\/h2>\n\n\n\n<p>Zu einem Unfall kam es am 05.09.2021, gegen 20:40 Uhr, an der Kreuzung B\u00fcrgermeister-Gr\u00fcnzweig-Stra\u00dfe\/Hohenzollernstra\u00dfe. Ein 62-j\u00e4hriger Autofahrer wollte nach rechts in die Hohenzollernstra\u00dfe abbiegen. Dabei stie\u00df er mit einem auf dem Fu\u00dfg\u00e4ngerweg fahrenden Radfahrer zusammen. Der 29-j\u00e4hriger Fahrradfahrer st\u00fcrzte durch den Zusammenprall und erlitt eine Kopfverletzung sowie Sch\u00fcrfwunden am Arm. Er wurde vorsorglich in ein Krankenhaus gebracht, konnte dieses jedoch rasch wieder verlassen. W\u00e4hrend der Unfallaufnahme musste der Einm\u00fcndungsbereich gesperrt werden.<\/p>\n\n\n\n<h2 class=\"wp-block-heading\">(Ludwigshafen) &#8211; Mehrere Strafanzeigen nach Verkehrskontrolle<\/h2>\n\n\n\n<p>Weil seine Sozia keinen Helm trug, wurde ein 31-j\u00e4hriger Kleinkraftradfahrer am Sonntag um 17:15 Uhr in der Maudacher Stra\u00dfe einer Verkehrskontrolle unterzogen. Er verf\u00fcgte nicht \u00fcber die notwendige Fahrerlaubnis. Weil er in der Vergangenheit au\u00dferdem bereits wegen Verst\u00f6\u00dfen gegen das Bet\u00e4ubungsmittelgesetzt aufgefallen war, wurde er durchsucht. Hierbei wurden vier T\u00fctchen mit geringen Mengen Amphetaminen, Marihuana und Haschisch sichergestellt. Zudem gab der 31-J\u00e4hrige zu, kurz zuvor Drogen konsumiert zu haben. Ein durchgef\u00fchrter Test reagierte positiv auf THC und Amphetamine. Der junge Mann muss nun mit Anzeigen wegen des Fahrens ohne Fahrerlaubnis, Fahrens unter Drogeneinfluss sowie Verst\u00f6\u00dfen gegen das Bet\u00e4ubungsmittelgesetz rechnen.<\/p>\n\n\n\n<h2 class=\"wp-block-heading\">(Ludwigshafen) &#8211; Zwei Br\u00e4nde in Mehrfamilienh\u00e4usern<\/h2>\n\n\n\n<p>Gegen 14 Uhr, am 05.09.2021, kam es aus bislang ungekl\u00e4rter Ursache zum Brand einer Couch in einer Wohnung eines Mehrfamilienhauses in der Teichgasse. Alle Anwohner mussten das Haus vorsorglich verlassen. Der 28-j\u00e4hrige Eigent\u00fcmer des Sofas wurde zur Abkl\u00e4rung m\u00f6glicher Verletzungen in ein Krankenhaus gebracht. Weil sie beim Verlassen des Hauses Rauch eingeatmet hatten, wurden au\u00dferdem drei weitere Anwohner vor Ort medizinisch versorgt. Das Haus konnte nach den L\u00f6scharbeiten wieder von den Bewohnern betreten werden. Wie hoch der entstandene Sachschaden in der Wohnung des 28-J\u00e4hrigen ist, wird derzeit ermittelt. Es entstanden keine weiteren Sch\u00e4den.<\/p>\n\n\n\n<p>Auch in der Waltraudenstra\u00dfe wurde am gleichen Tag, gegen 14 Uhr, ein Brand im Keller eines Mehrfamilienhauses gemeldet. Vor Ort ergab sich, dass einige Kleidungsst\u00fccke, die in einem Fahrradkorb gelagert waren, brannten. Das Feuer konnte durch die Feuerwehr schnell gel\u00f6scht werden. Zu einer Gef\u00e4hrdung der Anwohner kam es nicht. Es entstand ein Sachschaden von etwa 200 Euro. Die Ermittlung zu den Brandursachen in beiden F\u00e4llen dauern an.<\/p>\n\n\n\n<h2 class=\"wp-block-heading\">(Ludwigshafen) &#8211; DEIG-Einsatz am Rathausplatz<\/h2>\n\n\n\n<div class=\"wp-block-image\"><figure class=\"aligncenter size-large\"><img decoding=\"async\" loading=\"lazy\" width=\"800\" height=\"425\" src=\"https:\/\/speyer24news.com\/wp-content\/uploads\/2020\/12\/Taser-PI-LU.jpg\" alt=\"\" class=\"wp-image-31596\" srcset=\"https:\/\/speyer24news.com\/wp-content\/uploads\/2020\/12\/Taser-PI-LU.jpg 800w, https:\/\/speyer24news.com\/wp-content\/uploads\/2020\/12\/Taser-PI-LU-300x159.jpg 300w, https:\/\/speyer24news.com\/wp-content\/uploads\/2020\/12\/Taser-PI-LU-768x408.jpg 768w\" sizes=\"(max-width: 800px) 100vw, 800px\" \/><\/figure><\/div>\n\n\n\n<p>Am 05.09.2021, gegen 10:30 Uhr, wurde die Polizei wegen eines randalierenden 41-J\u00e4hrigen zum Rathausplatz gerufen. Der Mann hielt sich im Bereich eines Caf\u00e9s auf und hatte mehrfache Aufforderungen des Besitzers wegzugehen, ignoriert. Vor Ort wurde der 41-J\u00e4hrige zur Feststellung seiner Identit\u00e4t durchsucht. Dabei wurde ein Cuttermesser pr\u00e4ventiv sichergestellt. Die \u00dcberpr\u00fcfung ergab, dass der Mann bereits mehrfach polizeilich in Erscheinung getreten ist, u.a. wegen K\u00f6rperverletzungen und Widerst\u00e4nden. Ihm wurde schlie\u00dflich ein Platzverweis erteilt, den er trotz mehrfacher Wiederholung der Beamten, ignorierte. Als er sich zudem einem 34-j\u00e4hrigen Polizeibeamten aggressiv und bedrohlich n\u00e4herte, musste von einem Angriff ausgegangen werden. Nach vorheriger Ank\u00fcndigung wurde das DEIG eingesetzt. Der 41-J\u00e4hrige wurde schlie\u00dflich zur Dienststelle mitgenommen und dort wegen seines andauernden aggressiven Verhaltens in Gewahrsam genommen. Ein Atemalkoholtest ergab einen Wert von 2,87 Promille. W\u00e4hrend des Einsatzes wurde niemand verletzt.<\/p>\n\n\n\n<h2 class=\"wp-block-heading\">(Ludwigshafen) &#8211; Zwei Roller gestohlen<\/h2>\n\n\n\n<p>In einem Parkhaus in der B\u00fcrgermeister-Gr\u00fcnzweig-Stra\u00dfe wurde zwischen dem 04.09.2021, 20:30 Uhr, und dem 05.09.2021, 8 Uhr, ein Piaggio-Roller gestohlen.<\/p>\n\n\n\n<p>Auch im Br\u00fcsseler Ring wurde ein Malaguti-Roller gestohlen. Die Tatzeit liegt hier zwischen dem 04.09.2021, 19:30 Uhr, und dem 05.09.2021, 10 Uhr.<\/p>\n\n\n\n<p>Sachdienliche Hinweise bitte an die Polizeiinspektion Ludwigshafen 1, Telefonnummer 0621 963-2122 oder per E-Mail&nbsp;<a href=\"mailto:piludwigshafen1@polizei.rlp.de\">piludwigshafen1@polizei.rlp.de<\/a>&nbsp;.<\/p>\n\n\n\n<h2 class=\"wp-block-heading\">(Ludwigshafen) &#8211; Einsatz in der Wredestra\u00dfe<\/h2>\n\n\n\n<p>Am Sonntagmorgen (05.09.2021, 6:15 Uhr) meldete ein 54-J\u00e4hriger, dass er in einem Cafe in der Wredestra\u00dfe von einem Mann bedroht worden sei. Dieser habe gesagt, er wolle ihn &#8222;abknallen&#8220; und dann einen Gegenstand, seiner Einsch\u00e4tzung nach eine Pistole, aus seinem Rucksack genommen. Im Cafe w\u00fcrden sich weitere Personen befinden. Diese seien jedoch nicht bedroht worden. Die \u00d6rtlichkeit wurde mit starkem Kr\u00e4fteaufwand angefahren. Kurz darauf verlie\u00df ein junger Mann das Cafe, auf den die T\u00e4terbeschreibung passte. Er wurde im Bereich B\u00fcrgermeister-Kutterer-Stra\u00dfe gestellt und festgenommen. Bei einer Durchsuchung des 27-j\u00e4hrigen Tatverd\u00e4chtigen konnte keine Pistole gefunden werden. Er hatte jedoch einen Teleskopschlagstock bei sich. Dieser wurde sichergestellt. Der junge Mann, der zur fraglichen Zeit alkoholisiert war (Atemalkoholtest: 1,41 Promille), gab an, dass er weder eine Pistole besitze noch jemanden bedroht habe. Er wurde f\u00fcr weitere Ma\u00dfnahmen zur Dienststelle mitgenommen. Im Anschluss wurde ihm ein Platzverweis erteilt und er konnte gehen.<\/p>\n\n\n\n<h2 class=\"wp-block-heading\">(Ludwigshafen) &#8211; Polizeiliche Bilanz zum Bliesfestival<\/h2>\n\n\n\n<p>Das erste Kulturfest f\u00fcr elektronische Musik an der Blies ist aus polizeilicher Sicht ruhig verlaufen. Es wurden der Polizei keine Vorf\u00e4lle gemeldet, die ein polizeiliches Einschreiten auf dem Festivalgel\u00e4nde erfordert h\u00e4tten. Dar\u00fcber hinaus wurden durch Kr\u00e4fte der Polizeiinspektion Ludwigshafen 1 im Umfeld der Veranstaltung Personen- und Fahrzeugkontrollen durchgef\u00fchrt, um insbesondere das Fahren unter Alkohol- oder Drogeneinfluss zu verhindern. Bei diesen Kontrollen konnten insgesamt 6 Verst\u00f6\u00dfe gegen das Bet\u00e4ubungsmittelgesetz festgestellt werden. In allen F\u00e4llen wurde von den kontrollierten Personen eine geringe Menge an Bet\u00e4ubungsmitteln mitgef\u00fchrt. Bei den Bet\u00e4ubungsmitteln handelte es sich \u00fcberwiegend um Marihuana, in 2 F\u00e4llen wurde auch Kokain sichergestellt. Gegen alle 6 Personen wurden Strafverfahren wegen Versto\u00dfes gegen das Bet\u00e4ubungsmittelgesetz eingeleitet. Bei den Kontrollma\u00dfnahmen konnten auch mehrere Personen festgestellt werden, die erheblich alkoholisiert das Festivalgel\u00e4nde verlassen hatten und danach mit ihrem Fahrzeug wegfahren wollten. In 8 F\u00e4llen konnte durch die Kontrollen verhindert werden, dass die alkoholisierten Personen mit ihrem Fahrzeug wegfuhren, wobei bemerkenswert war, dass es sich nur in einem Fall um einen PKW-Fahrer gehandelt hat. In allen anderen F\u00e4llen handelte sich um Personen, die mit dem Fahrrad wegfahren wollten. Weiterhin wurde bei den Kontrollen ein Autofahrer festgestellt, der seinen PKW ohne g\u00fcltige Fahrerlaubnis gef\u00fchrt hatte.<\/p>\n\n\n\n<h2 class=\"wp-block-heading\">(Ludwigshafen) &#8211; Lebensmittel entwendet<\/h2>\n\n\n\n<p>Auf frischer Tat wurden am fr\u00fchen Samstagabend drei m\u00e4nnliche Personen durch den Filialleiter eines Einkaufsmarktes in Edigheim gestellt. Die M\u00e4nner hatten Lebensmittel in einem vierstelligen Wert aus dem Markt entwendet und anschlie\u00dfend in einem Fahrzeug deponiert. Die M\u00e4nner wurde der Polizei \u00fcbergeben. Die Ermittlungen dauern an.<\/p>\n\n\n\n<h2 class=\"wp-block-heading\">(Ludwigshafen) &#8211; Unfall mit alkoholisiertem Pedelec-Fahrer<\/h2>\n\n\n\n<p>Am Samstagnachmittag befuhr ein 46-j\u00e4hriger Ludwigshafener mit seinem Pedelec die Kurt-Schumacher-Stra\u00dfe und stie\u00df hier zun\u00e4chst ohne ersichtlichen Grund gegen einen am Fahrbahnrand geparkten Pkw. Im Rahmen der Unfallaufnahme konnte beidem Zweiradfahrer Atemalkoholgeruch festgestellt werden. Er wurde zun\u00e4chst aufgrund seiner Verletzungen in ein nahe gelegenes Krankenhaus verbracht, wo ihm zudem auf Anordnung der Polizeibeamten eine Blutprobe entnommen wurde. Ihn erwartet nun ein entsprechendes Ermittlungsverfahren.<\/p>\n\n\n\n<h2 class=\"wp-block-heading\">(Ludwigshafen) &#8211; K\u00f6rperverletzungshandlung durch unbekannte T\u00e4ter<\/h2>\n\n\n\n<p>Am Nachmittag des 04.09.2021 soll es in der Edigheimer Stra\u00dfe zu einer K\u00f6rperverletzung zum Nachteil eines 34-j\u00e4hrigen Mannes gekommen sein. Zwei bislang unbekannte T\u00e4ter h\u00e4tten ihn zun\u00e4chst vor seinem Wohnhaus auf offener Stra\u00dfe angesprochen. Anschlie\u00dfend habe einer der T\u00e4ter den 34-J\u00e4hrigen festgehalten, w\u00e4hrend der andere T\u00e4ter ihn geschlagen h\u00e4tte. Anschlie\u00dfend h\u00e4tten die M\u00e4nner ihn gegen den Zaun des Anwesens gedr\u00fcckt und ihn dadurch am Hinterkopf verletzt. Die beiden T\u00e4ter sollen schlie\u00dflich in ein Fahrzeug gestiegen und in unbekannte Richtung weggefahren sein. Der 34-J\u00e4hrige sei durch den Angriff zeitweise bewusstlos gewesen. Im weiteren Verlauf seien ihm Passanten zur Hilfe geeilt. <\/p>\n\n\n\n<h4 class=\"wp-block-heading\">Die T\u00e4ter k\u00f6nnen wie folgt beschrieben werden:<\/h4>\n\n\n\n<ol><li><strong>T\u00e4ter: ca. 175 cm gro\u00df, kr\u00e4ftige Figur.<\/strong><\/li><li><strong>T\u00e4ter: ca. 168 cm gro\u00df, schlanke Figur<\/strong><\/li><\/ol>\n\n\n\n<ul><li><strong>Beide T\u00e4ter sollen mit einem roten T-Shirt und einer grauen Arbeitshose bekleidet gewesen sein. <\/strong><\/li><li><strong>Weiter sollen sie in ausl\u00e4ndischer Sprache kommuniziert haben.<\/strong><\/li><\/ul>\n\n\n\n<p>Wer hat etwas beobachtet oder kann Hinweise zu den M\u00e4nnern geben? Sachdienliche Hinweise nimmt die Polizeiinspektion Ludwigshafen 2 unter der Telefonnummer 0621 963-2222 oder per E-Mail\u00a0<a href=\"mailto:piludwigshafen2@polizei.rlp.de\">piludwigshafen2@polizei.rlp.de<\/a>\u00a0entgegen.<\/p>\n\n\n\n<h2 class=\"wp-block-heading\">(Ludwigshafen) &#8211; Festnahme nach Einbruch in Supermarkt<\/h2>\n\n\n\n<h3 class=\"wp-block-heading\">Gemeinsame Pressemeldung der Staatsanwaltschaft Frankenthal\/Pfalz und des Polizeipr\u00e4sidiums Rheinpfalz<\/h3>\n\n\n\n<p>Am Freitag (03.09.2021), um 00:46 Uhr, wurde ein 21-J\u00e4hriger auf frischer Tat festgenommen, nachdem er die Scheibe eines Supermarktes in der Pr\u00e4lat-Caire- Stra\u00dfe eingeschlagen hatte und in den Markt eingestiegen war. Dabei wurde er von einem aufmerksamen Zeugen beobachtet. Als der T\u00e4ter gerade dabei war mehrere Mobiltelefone im Gesamtwert von ca. 6200 Euro in Sicherheit zu bringen, wurde er von Polizeikr\u00e4ften vorl\u00e4ufig festgenommen.<\/p>\n\n\n\n<p>Der 21-j\u00e4hrige Tatverd\u00e4chtige, der keinen festen Wohnsitz hat, wurde am Freitag (03.09.2021) dem Haftrichter vorgef\u00fchrt. Dieser erlie\u00df auf Antrag der Staatsanwaltschaft Frankenthal Untersuchungshaftbefehl wegen des Verdachts des besonderen schweren Falls des Diebstahls.<\/p>\n\n\n\n<h2 class=\"wp-block-heading\">(Mannheim und Leimen) &#8211; Suche nach zwei vermissten Senioren. Einsatz des Polizeihubschraubers<\/h2>\n\n\n\n<div class=\"wp-block-image\"><figure class=\"aligncenter size-large\"><img decoding=\"async\" loading=\"lazy\" width=\"800\" height=\"600\" src=\"https:\/\/speyer24news.com\/wp-content\/uploads\/2020\/07\/Hubschrauber-bei-Personensuche.jpg\" alt=\"\" class=\"wp-image-29175\" srcset=\"https:\/\/speyer24news.com\/wp-content\/uploads\/2020\/07\/Hubschrauber-bei-Personensuche.jpg 800w, https:\/\/speyer24news.com\/wp-content\/uploads\/2020\/07\/Hubschrauber-bei-Personensuche-300x225.jpg 300w, https:\/\/speyer24news.com\/wp-content\/uploads\/2020\/07\/Hubschrauber-bei-Personensuche-768x576.jpg 768w, https:\/\/speyer24news.com\/wp-content\/uploads\/2020\/07\/Hubschrauber-bei-Personensuche-678x509.jpg 678w, https:\/\/speyer24news.com\/wp-content\/uploads\/2020\/07\/Hubschrauber-bei-Personensuche-326x245.jpg 326w, https:\/\/speyer24news.com\/wp-content\/uploads\/2020\/07\/Hubschrauber-bei-Personensuche-80x60.jpg 80w\" sizes=\"(max-width: 800px) 100vw, 800px\" \/><\/figure><\/div>\n\n\n\n<p>Derzeit (07.09.2021 \u2013 00:51) suchen starke Kr\u00e4fte der Polizei mit Unterst\u00fctzung eines Polizeihubschraubers und mit Suchhunden der Rettungshundestaffel nach zwei vermissten Senioren in Leimen und Mannheim-K\u00e4fertal. In Leimen hat sich ein 89-J\u00e4hriger aus einem Pflegeheim entfernt, in Mannheim-K\u00e4fertal wird nach einer 82-j\u00e4hrigen Dame gesucht, die von zu Hause abg\u00e4ngig ist.<\/p>\n\n\n\n<h2 class=\"wp-block-heading\">(Mannheim \/ A 659) &#8211; Betrunkener verursacht zwei Unf\u00e4lle und wird schwer verletzt<\/h2>\n\n\n\n<p>Gleich zwei Verkehrsunf\u00e4lle verursachte ein 44-J\u00e4hriger am Sonntagabend und musste letztlich schwer verletzt in ein Krankenhaus eingeliefert werden. Zun\u00e4chst streifte der Mann gegen 18.50 Uhr mit seinem VW auf dem Friedrichsring zwischen dem Kurpfalzkreisel und dem Wasserturm einen neben ihm fahren Pkw. Ohne sich um den entstandenen Schaden zu k\u00fcmmern setzte er seine Fahrt \u00fcber die B38 bis hin zur Ausfahrt der BAB 659 fort. Aufgrund seiner \u00fcberh\u00f6hten Geschwindigkeit und Einfluss von Alkohol kollidierte der Golf-Fahrer im Bereich der Ausfahrt der BAB 659 mit mehr als 20 Segmenten der dortigen Leitplanke und kam letztlich entgegensetzt der Fahrbahn zum Stillstand. Der 44-J\u00e4hrige kam anschlie\u00dfend schwer verletzt in ein Krankenhaus. Ein erster Ergab eine Atemalkoholwert von \u00fcber 2 Promille. Au\u00dferdem ergaben sich Hinweise einen m\u00f6glichen Missbrauch von Medikamenten. Der entstandene Schaden kann bislang nicht eingesch\u00e4tzt werden. Andere Verkehrsteilnehmer wurden aber gl\u00fccklicherweise nicht verletzt. Der Verkehrsdienst Mannheim hat die weiteren Ermittlungen wegen Stra\u00dfenverkehrsgef\u00e4hrdung und Unfallflucht aufgenommen gegen den Mann aufgenommen, dem eine Blutprobe entnommen wurde. Zudem wird gepr\u00fcft, ob der 44-J\u00e4hrige im Besitz eines F\u00fchrerscheins ist, den hatte er n\u00e4mlich nicht bei sich.<\/p>\n\n\n\n<h2 class=\"wp-block-heading\">(Mannheim) &#8211; Mann verliert nach k\u00f6rperlichem Angriff einen Zahn<\/h2>\n\n\n\n<p>Den Verlust eines Zahnes hatte ein 30-J\u00e4hriger aus Ludwigshafen zu beklagen nachdem er am fr\u00fchen Sonntagmorgen gegen 00.52 Uhr im Bereich zwischen K 1 und U 1 ohne erkennbaren Grund aus einer Gruppe von sechs bis sieben Personen heraus angegriffen worden war. Der junge Mann konnte unmittelbar nach der Tat eine Streifenwagenbesatzung des Polizeireviers Mannheim-Innenstadt auf sich aufmerksam machen. Im Rahmen der Fahndung konnte in der N\u00e4he eine entsprechende Personengruppe angetroffen und einer Kontrolle unterzogen werden. Die Ermittlungen zum Tathergang und den T\u00e4tern dauern an.<\/p>\n\n\n\n<h2 class=\"wp-block-heading\">(Mannheim) &#8211; Vorl\u00e4ufige Festnahme zweiter Rucksackdiebe<\/h2>\n\n\n\n<p>Vorl\u00e4ufig festgenommen wurden am fr\u00fchen Sonntagmorgen zwei 23 und 25 Jahre alte M\u00e4nner. Sie stehen im dringenden Verdacht, kurz nach Mitternacht am &#8222;Alter&#8220; f\u00fcnf Rucks\u00e4cke von G\u00e4sten einer Veranstaltung entwendet zu haben. Eine der Gesch\u00e4digten erkannte wenig sp\u00e4ter die zun\u00e4chst unbekannten T\u00e4ter mit zwei der Rucks\u00e4cke, wovon einer der ihrige war und verst\u00e4ndigte die Polizei. Weitere G\u00e4ste bemerkten kurz darauf, dass die beiden M\u00e4nner Rucks\u00e4cke durchsuchten, verfolgten sie und hielten einen der beiden Tatverd\u00e4chtigen, den 25-J\u00e4hrigen bis zum Eintreffen der Polizei fest. Der zun\u00e4chst fl\u00fcchtige 23-j\u00e4hrige Mitt\u00e4ter wurde im Rahmen der Fahndung &#8211; eine exakte Beschreibung lag vor- kurze Zeit sp\u00e4ter vorl\u00e4ufig festgenommen. Er hatte Diebesgut einstecken, \u00fcber den Verbleib der Rucks\u00e4cke ist jedoch nichts bekannt. Nach ihren erkennungsdienstlichen Behandlungen wurden beide wieder auf freien Fu\u00df gesetzt. Die Ermittlungen des Polizeireviers MA-Neckarstadt dauern an.<\/p>\n\n\n\n<h2 class=\"wp-block-heading\">(Mannheim) &#8211; Einbruch in Fris\u00f6rsalon; Zeugen gesucht<\/h2>\n\n\n\n<p>In der Nacht von Freitag auf Samstag brachen bislang unbekannte T\u00e4ter in einen Fris\u00f6rsalon am Rosengartenplatz ein.<\/p>\n\n\n\n<p>Ob und was entwendet worden ist, steht noch nicht fest. Der Sachschaden in H\u00f6he von rund 2.000.- Euro entstand durch die eingeschlagene Glaseingangst\u00fcr, durch die sich der oder die T\u00e4ter Zugang verschafften.<\/p>\n\n\n\n<p>Zeugen wenden sich bitte an das Polizeirevier MA-Oststadt, Tel.: 0621\/174-3310.<\/p>\n\n\n\n<h2 class=\"wp-block-heading\">(Mannheim-Oststadt) &#8211; Trunkenheitsfahrt endet vor dem Pr\u00e4sidium<\/h2>\n\n\n\n<p>Ein Polizeibeamter vom Revier Mannheim Oststadt bemerkte gegen 05:00 Uhr auf dem Weg zum Fr\u00fchdienst ein Fahrzeug, dass die Bismarckstra\u00dfe in Richtung Schloss fuhr. Das Fahrzeug war sehr langsam unterwegs, da es einen frischen Frontschaden aufwies, ein Vorderrad dadurch blockierte und nicht mehr wirklich fahrtauglich war. Der Wagen wurde von dem Fahrzeugf\u00fchrer noch bis kurz vor das Polizeipr\u00e4sidium gelenkt und dort durch die hinzugeeilten Beamten einer Kontrolle unterzogen. Der Fahrzeugf\u00fchrer, ein 39-j\u00e4hriger Mann aus Mannheim stand offensichtlich unter Alkoholeinfluss. Ein freiwillig durchgef\u00fchrter Atemalkoholtest ergab einen Wert von fast 2,3 Promille. Ermittlungen ergaben, dass der Fahrzeugf\u00fchrer im Bereich der Kreuzung Bismarckstra\u00dfe \/ Kaiserring einen Unfall verursacht und hierbei sein Fahrzeug stark besch\u00e4digt hatte. Der Sachschaden am VW Passat betr\u00e4gt gesch\u00e4tzte 8000 Euro.<\/p>\n\n\n\n<h2 class=\"wp-block-heading\">(Mannheim-Neckarstadt) &#8211; Flucht endet in Sackgasse \/ Fahrerin festgenommen<\/h2>\n\n\n\n<p>Am fr\u00fchen Sonntagmorgen versuchte eine 18-J\u00e4hrige sich einer Verkehrskontrolle zu entziehen &#8211; die Flucht endete letztlich in einer Sackgasse. Gegen 6.45 Uhr wurden Beamte des Polizeireviers Mannheim-Neckarstadt auf die junge Frau in der Ludwig-Jolly-Stra\u00dfe aufmerksam, die dort mit einem Hyundai in Fahrtrichtung Innenstadt unterwegs war. Noch bevor die Streife zur Kontrolle ansetzte, beschleunigte die Fahrerin und versuchte anschlie\u00dfend \u00fcber mehrere Stra\u00dfen hinweg zu fl\u00fcchten. Dabei fuhr sie teilweise erheblich \u00fcber der maximal erlaubten Geschwindigkeit, fuhr \u00fcber eine rote Ampel und ignorierte die Haltesignale der Beamten. Letztlich fuhr die ortsunkundige 18-J\u00e4hrige in die Sackgasse der Hohenwiesenstra\u00dfe wo diese sowie ihr Beifahrer vorl\u00e4ufig festgenommen wurden. Schnell gestand die junge Frau den Grund der Flucht: sie hatte das Auto ohne das Wissen des Eigent\u00fcmers genutzt, besitzt selbst keinen F\u00fchrerschein und stand offenbar unter Einfluss von Drogen und Alkohol. Die Fahrerin des Hyundai sowie ihr Beifahrer mussten die Beamten anschlie\u00dfend in das Polizeirevier begleiten. Der Beifahrer konnte kurz darauf auf freien Fu\u00df entlassen werden, der Fahrerin wurde eine Blutprobe entnommen. Gegen diese wird nun wegen Trunkenheit im Stra\u00dfenverkehr, Besitz von Bet\u00e4ubungsmitteln, Fahren ohne Fahrerlaubnis, unbefugter Ingebrauchnahme eines Kraftwagens, Nichtbefolgen der Haltezeichen und der Missachtung des Rotlichts ermittelt.<\/p>\n\n\n\n<h2 class=\"wp-block-heading\">(Mannheim-Gartenstadt) &#8211; Serie von Sachbesch\u00e4digungen in der Gartenstadt<\/h2>\n\n\n\n<p>Am Morgen des 05.09.2021 teilte eine Anwohnerin im Gl\u00fccksburger Weg in Mannheim mit, dass dort in der Nacht mehrere geparkte Fahrzeuge mit Farbe bespr\u00fcht wurden. Eine genaue Nachschau durch eine Streifenwagenbesatzung ergab, dass dort mindestens achtzehn geparkte Fahrzeuge und zwei Hausfassaden von einem oder mehreren Unbekannten T\u00e4tern mit Farbe beschmiert wurden. An f\u00fcnf Fahrzeugen wurden auch die Kennzeichen der Fahrzeuge entwendet. \u00dcber die Schadensh\u00f6he kann noch keine Aussage getroffen werden. Die Ermittlungen wurden vom Polizeirevier Mannheim-Sandhofen aufgenommen. Zeugen, die sachdienliche Hinweise zu dem Vorfall machen k\u00f6nnen, werden gebeten sich mit dem Zust\u00e4ndigen Polizeirevier in Sandhofen unter der Telefonnummer 0621 &#8211; 777690 in Verbindung zu setzen.<\/p>\n\n\n\n<h2 class=\"wp-block-heading\">(Mannheim-Sandhofen) &#8211; Unbekannte legen Br\u00e4nde \/ Polizei ermittelt und pr\u00fcft m\u00f6glichen Tatzusammenhang; Zeugen gesucht<\/h2>\n\n\n\n<p>Sowohl am Sonntagmorgen, als auch am fr\u00fchen Montagmorgen musste die Feuerwehr ausr\u00fccken, nachdem ein oder mehrere Unbekannte in den Stadtteilen Sch\u00f6nau und Gartenstadt jeweils einen Brand gelegt hatten.<\/p>\n\n\n\n<p>Zun\u00e4chst mussten die Beamten der Feuerwache Nord einen Brand an der Ecke Rottannenweg\/Langer Schlag l\u00f6schen. Dort wurden am Sonntag gegen 04:00 Uhr, scheinbar mutwillig, ein kleinerer Holzstapel sowie eine blaue Papierm\u00fclltonne entz\u00fcndet. Die H\u00f6he des Sachschadens sowie das Brandlegungsmittel sind derzeit noch nicht bekannt.<\/p>\n\n\n\n<p>Am Montagmorgen gegen 03:30 Uhr r\u00fcckte die Feuerwache Nord dann erneut aus. Dieses Mal brannte ein Altkleidercontainer an der Ecke K\u00f6nigsberger Alle\/Danziger Baumgang. Der Sachschaden wird hier auf rund 2000 Euro gesch\u00e4tzt. Auch in diesem Fall dauern die Ermittlungen derzeit noch an.<\/p>\n\n\n\n<p>Ob zwischen den beiden F\u00e4llen m\u00f6glicherweise ein Zusammenhang besteht, ist derzeit noch nicht bekannt und Gegenstand der weiteren Ermittlungen des Polizeireviers Mannheim-Sandhofen. Zeugen, die sachdienliche Hinweise geben k\u00f6nnen sowie verd\u00e4chtige Personen in der N\u00e4he der Tat\u00f6rtlichkeiten gesehen haben, werden gebeten, sich unter der Tel.: 0621 777690 zu melden.<\/p>\n\n\n\n<h2 class=\"wp-block-heading\">(Mannheim-Sandhofen) &#8211; Einbruch in Automobil-Handel \/ Zeugen gesucht!<\/h2>\n\n\n\n<p>Vermutlich in der Zeit von Samstagabend bis Sonntag verschafften sich bislang unbekannte T\u00e4ter gewaltsam Zutritt in einen B\u00fcrocontainer eines Autohandels im Viernheimer Weg. Der oder die T\u00e4ter hebelten zwischen 20 Uhr und 16.30 Uhr die T\u00fcre des Gesch\u00e4fts auf. Anschlie\u00dfend fl\u00fcchteten die T\u00e4ter mit mindestens drei Pkw, zwei Mercedes und einen Ford, deren Schl\u00fcssel diese zuvor aus den aufgebrochenen R\u00e4umlichkeiten entwendeten. Die Kriminalpolizeidirektion Heidelberg hat die Ermittlungen aufgenommen und sucht in diesem Zusammenhang nach Zeugen, die Verd\u00e4chtiges beobachtet haben oder sonstige Hinweise geben k\u00f6nnen. Diese werden gebeten, sich unter 0621 174-4444 an die Kriminalbeamten zu wenden.<\/p>\n\n\n\n<h2 class=\"wp-block-heading\">(Mannheim-Mallau) &#8211; Zwei Verletzte nach Zusammensto\u00df \/ Rund 6.500 EUR Sachschaden<\/h2>\n\n\n\n<p>Zu einem Verkehrsunfall kam es am Sonntag gegen 21:15 in der Mallaustra\u00dfe. Eine 58-J\u00e4hrige Renault-Fahrerin wollte von der Mallaustra\u00dfe nach links auf die B36 in Richtung Mannheim-Zentrum einbiegen. Beim Abbiegevorgang \u00fcbersah sie eine 41-J\u00e4hrige welche mit ihrem Ford auf der Mallaustra\u00dfe in Richtung Mannheim-Neckarau unterwegs war. Die Fahrzeuge kollidierten miteinander und waren anschlie\u00dfend nicht mehr fahrbereit, sodass sie abgeschleppt werden mussten. Beide Frauen wurden mit Rettungsw\u00e4gen in umliegende Krankenh\u00e4user gebracht. Der Sachschaden betr\u00e4gt rund 6.500 EUR.<\/p>\n\n\n\n<h2 class=\"wp-block-heading\">(Ilvesheim \/ Rhein-Neckar-Kreis) &#8211; Polizei fahndet erfolgreich nach alkoholisiertem Unfallverursacher<\/h2>\n\n\n\n<p>Bei einem Verkehrsunfall am Sonntag um 22.45 Uhr im M\u00fchlenweg in Ilvesheim sind zwei Pkw zusammengesto\u00dfen. Eine 23-J\u00e4hrige hielt mit ihrem Opel an einer Engstelle an. Ein 25-J\u00e4hriger, der ihr mit seinem BMW entgegenkam, touchierte beim Vorbeifahren den Opel. Zun\u00e4chst bliebt der BMW-Fahrer stehen und stieg mit seinem Beifahrer aus. Als die Frau angab, die Polizei zu rufen, reagierten die beiden abweisend. Der Fahrer meinte, er sei auf dem Weg zur Arbeit und m\u00fcsse noch schnell seinen Beifahrer nach Hause bringen, danach k\u00e4me er wieder zur Unfallstelle zur\u00fcck. Die M\u00e4nner stiegen wieder ein und bogen mit ihrem Wagen nach links in die Leistadter Stra\u00dfe ab. Da sich die Frau das Kennzeichen gemerkt hatte, konnte die Polizei rasch eine Fahndung einleiten. Schlie\u00dflich fanden rheinland-pf\u00e4lzische Beamte den gesuchten Pkw in Ludwigshafen bereits etwa eine Stunde sp\u00e4ter. Beim Fahrer stellten die Beamten einen Blutalkoholwert von rund 1,7 Promille fest. Er r\u00e4umte den Unfall ein.<\/p>\n\n\n\n<h2 class=\"wp-block-heading\">(Heidelberg) &#8211; Gemeinsame Kneipentour endet mit blutigen Nasen<\/h2>\n\n\n\n<p>Der gemeinsame Auflug mehrerer junger M\u00e4nner in die Heidelberger Altstadt endete f\u00fcr zwei von ihnen am fr\u00fchen Sonntagmorgen mit blutigen und schmerzenden Nasen. Nach dem Genuss alkoholischer Getr\u00e4nke gerieten ein 20-J\u00e4hriger aus Ketsch und ein 22-j\u00e4hriger Oftersheimer innerhalb der Gruppe gegen 03.50 Uhr in der Heugasse derart aneinander, dass sie nach gegenseitigen Schl\u00e4gen ins Gesicht beide von einem Rettungswagen versorgt werden mussten. Die Kneipentour und der gemeinsame Abend fand f\u00fcr sie so ein j\u00e4hes Ende. Daf\u00fcr sehen beide nun Anzeigen wegen K\u00f6rperverletzung entgegen.<\/p>\n\n\n\n<h2 class=\"wp-block-heading\">(Br\u00fchl \/ Rhein-Neckar-Kreis) &#8211; Betrunkener 52-J\u00e4hriger verursacht Unfall und f\u00e4hrt erneut alkoholisiert; Polizei ermittelt<\/h2>\n\n\n\n<p>Am Samstag gegen 14:15 Uhr befuhr ein 52-J\u00e4hriger mit seinem Roller die Speyerer Stra\u00dfe in Richtung Rohrhofer Stra\u00dfe, als er auf H\u00f6he der Heidelberger Stra\u00dfe nach links in diese einbiegen wollte. Hierbei verlor er die Kontrolle \u00fcber sein Fahrzeug und st\u00fcrzte auf die Fahrbahn. Der 52-J\u00e4hrige verletzte sich dabei gl\u00fccklicherweise nicht. Der Roller rutschte in der Folge jedoch weiter, \u00fcber die Stra\u00dfe und in einen angrenzenden Zaun. Die 40-j\u00e4hrige Hausbewohnerin sowie der 52-J\u00e4hrige tauschten daraufhin ihre Personalien aus. Im Anschluss verst\u00e4ndigte die 40-J\u00e4hrige die Polizei, w\u00e4hrend der 52-J\u00e4hrige nach Hause lief, um noch die fehlenden Versicherungsdaten zu holen. Als dieser dann mit seinem Fahrrad erneut zur Unfallstelle zur\u00fcckkam, waren die Polizeibeamten ebenfalls vor Ort eingetroffen. Diese erkannten sofort, dass der 52-J\u00e4hrige deutliche Schlangenlinien fuhr und f\u00fchrten bei dem Mann einen freiwilligen Atemalkoholtest durch. Der Verdacht der Polizisten best\u00e4tigte sich. Dieser ergab rund 2 Promille. Daraufhin wurde der Unfallverursacher mit auf das Polizeirevier genommen, wo ihm eine doppelte Blutprobe genommen wurde. Der Fahrzeugschl\u00fcssel des Rollers wurde sichergestellt, der F\u00fchrerschein des Mannes einbehalten. Die H\u00f6he des entstandenen Sachschadens ist derzeit noch nicht bekannt.<\/p>\n\n\n\n<p>Gegen ihn wird nun wegen des Verdachts der Gef\u00e4hrdung des Stra\u00dfenverkehrs unter Alkoholeinfluss sowie wegen des Verdachts der erneuten Trunkenheit im Verkehr ermittelt.<\/p>\n\n\n\n<h2 class=\"wp-block-heading\">(Schwetzingen \/ Rhein-Neckar-Kreis) &#8211; Geparktes Auto besch\u00e4digt und einfach weitergefahren \/ Polizei sucht Zeugen!<\/h2>\n\n\n\n<p>Zu einem Verkehrsunfall kam es zwischen Freitag, 23:50 Uhr, und Samstag, 08:45 Uhr in der H\u00f6lderlinstra\u00dfe. Ein bislang unbekannter Autofahrer besch\u00e4digte einen auf H\u00f6he der Hausnummer 3 geparkten Volvo und entfernte sich anschlie\u00dfend vom Unfallort ohne seiner Feststellungspflicht nachzukommen. Der Sachschaden betr\u00e4gt rund 5.000 EUR. Gegen den Unfallverursacher wird nun wegen dem Unerlaubten Entfernen von der Unfallstelle ermittelt.<\/p>\n\n\n\n<p>Zeugen, die sachdienliche Hinweise geben k\u00f6nnen, werden gebeten sich beim Polizeirevier Schwetzingen, unter der Telefonnummer 06202-2880, zu melden.<\/p>\n\n\n\n<h2 class=\"wp-block-heading\">(Sandhausen \/ Rhein-Neckar-Kreis) &#8211; Unfallflucht unter Drogeneinfluss<\/h2>\n\n\n\n<p>Am Sonntagmittag meldete ein Zeuge, dass er soeben beobachtet h\u00e4tte, wie ein Autofahrer einen im Lattweg geparkten Opel Corsa gestreift und dabei dessen Au\u00dfenspiegel abgerissen habe. Der Autofahrer sei nach kurzem Aussteigen aber dann einfach weitergefahren. Die unmittelbar alarmierten Kollegen des Polizeireviers Wiesloch konnten vor Ort neben den mitgeteilten Besch\u00e4digungen weiter feststellen, dass auch der Kotfl\u00fcgel besch\u00e4digt worden war. Sie fuhren nach der Unfallaufnahme vor Ort in die angegebene Fluchtrichtung Richtung Wald, wo dieser ihnen auf dem Weg zum Waldparkplatz pl\u00f6tzlich entgegenkam und einer Kontrolle unterzogen werden konnte. Da der 56-J\u00e4hrige Anzeichen f\u00fcr eine Drogenbeeinflussung zeigte, wurde auch ein entsprechender Test durchgef\u00fchrt, der positiv auf THC reagierte, es folgte eine Blutentnahme durch einen Arzt. Seinen Opel Astra musste er nun erst einmal stehen lassen, sein F\u00fchrerschein wurde eingezogen. Au\u00dferdem sieht er einer Strafanzeige wegen Unfallflucht entgegen.<\/p>\n\n\n\n<h2 class=\"wp-block-heading\">(Leimen \/ Rhein-Neckar-Kreis) &#8211; Verkehrsunfall mit Unfallflucht \/ Zeugen gesucht<\/h2>\n\n\n\n<p>Am Sonntag wurde gegen 18:20 Uhr in der K\u00f6nigsberger Stra\u00dfe ein Auto besch\u00e4digt, wobei der Verursacher anschlie\u00dfend das Weite suchte. Der Fahrer eines Opel-Kleinbusses streifte einen auf H\u00f6he der Hausnummer 9 abgestellten Suzuki und besch\u00e4digte diesen an der kompletten Fahrerseite. Im Anschluss entfernte sich der Unfallverursacher von der Unfallstelle, ohne seinen Feststellungspflichten nachzukommen.<\/p>\n\n\n\n<p>Bei dem Unfallverursacher handelt es sich vermutlich um einen roten Opel Movano mit &#8222;ME&#8220; (Mettmann) Kennzeichen.<\/p>\n\n\n\n<p>Der Sachschaden betr\u00e4gt rund 4.000 EUR. Gegen den Opel-Fahrer wird nun wegen Unfallflucht ermittelt.<\/p>\n\n\n\n<p>Zeugen, die weitere Hinweise auf den Unfall geben k\u00f6nnen, werden gebeten sich beim Polizeirevier Wiesloch, unter der Telefonnummer 06222-57090, zu melden.<\/p>\n\n\n\n<h2 class=\"wp-block-heading\">(Leimen \/ St.Ilgen \/ Rhein-Neckar-Kreis) &#8211; Autos aufgebrochen und bespr\u00fcht \/ Zeugen gesucht!<\/h2>\n\n\n\n<p>Ein bislang unbekannter T\u00e4ter bespr\u00fchte am Samstag zwischen 03:00 Uhr und 14:30 Uhr zwei Autos, welche in einer frei zug\u00e4nglichen Tiefgarage eines Mehrfamilienhauses in der Franz-Schubert-Stra\u00dfe geparkt waren.<\/p>\n\n\n\n<p>Ebenso wurde eines der Autos aufgebrochen und komplett durchw\u00fchlt. Entwendet wurde jedoch nichts.<\/p>\n\n\n\n<p>Die Hintergr\u00fcnde der Tat sind bislang unklar und ebenso wie die H\u00f6he des entstandenen Sachschadens noch Gegenstand der Ermittlungen.<\/p>\n\n\n\n<p>Zeugen, die Hinweise auf den bzw. die T\u00e4ter geben k\u00f6nnen, sowie Fahrzeughalter deren Autos ebenfalls bespr\u00fcht wurden, werden gebeten sich beim Polizeirevier Wiesloch, unter der Telefonnummer 06222-57090, zu melden.<\/p>\n\n\n\n<h2 class=\"wp-block-heading\">(Wiesloch \/ Rhein-Neckar-Kreis) &#8211; Brand in Mehrfamilienhaus; Ursache noch unklar; Ringstra\u00dfe gesperrt<\/h2>\n\n\n\n<h3 class=\"has-text-align-center wp-block-heading\">Pressemitteilung Nr. 1<\/h3>\n\n\n\n<p>Seit Montag um 10.30 Uhr ist ein Teil der Ringstra\u00dfe, zwischen Hauptstra\u00dfe und dem Palatin, wegen eines Brandes in einem Mehrfamilienhaus in der Ringstra\u00dfe gesperrt. Die Rettungsdienste sind im Einsatz. \u00dcber Verletzte ist derzeit noch nichts. Ebenso ist die Brandursache noch unklar.<\/p>\n\n\n\n<h2 class=\"wp-block-heading\">(Wiesloch \/ Rhein-Neckar-Kreis) &#8211; Brand in Mehrfamilienhaus<\/h2>\n\n\n\n<h3 class=\"has-text-align-center wp-block-heading\">Pressemitteilung Nr. 2<\/h3>\n\n\n\n<p>Eine Verpuffung in einer K\u00fcche war am Montagvormittag der Ausl\u00f6ser eines Gro\u00dfeinsatzes von Polizei und Feuerwehr in der Ringstra\u00dfe. Aus bislang ungekl\u00e4rter Ursache kam es im Untergeschoss eines Mehrfamilienhauses gegen 10.30 Uhr zum Brandgeschehen, wobei das Feuer auf weitere Teile des Hauses \u00fcbergriff. Vier Bewohner, die sich zum Zeitpunkt des Geschehens im Haus aufhielten wurden von den alarmierten Rettungskr\u00e4ften evakuiert und blieben unverletzt. Durch das Feuer wurde die Gaszufuhr des Hauses besch\u00e4digt, was zur Folge hatte, dass das ganze Haus von den knapp 40 Einsatzkr\u00e4ften der freiwilligen Feuerwehr Wiesloch gel\u00fcftet werden musste um eine Explosion des Gas-Luftgemischs zu vermeiden. Aufgrund der besch\u00e4digten Leitung sind weiterhin Baggerarbeiten zur Freilegung der Zugangsleitung n\u00f6tig, die voraussichtlich bis in die Abendstunden andauern. St\u00e4ndige Messungen der Feuerwehr ergaben keine Gefahr f\u00fcr Anwohner. Die Brandermittler des Polizeireviers Wiesloch haben die Ermittlungen zur Brandursache aufgenommen. Der entstandene Sachschaden in dem mittlerweile nicht mehr bewohnbaren Haus ist bislang nicht abzusch\u00e4tzen. F\u00fcr die Bewohner wurden Notunterk\u00fcnfte seitens der Stadt Wiesloch bereitgestellt.<\/p>\n\n\n\n<p>W\u00e4hrend der Einsatzma\u00dfnahmen war ein Teil der Ringstra\u00dfe gesperrt.<\/p>\n\n\n\n<h2 class=\"wp-block-heading\">(Sinsheim \/ Rhein-Neckar-Kreis) &#8211; Zwei gest\u00fcrzte Motorradfahrer \/ Beide verletzt<\/h2>\n\n\n\n<p>Im Laufe des Sonntages war das Polizeirevier Sinsheim mit zwei gest\u00fcrzten Motorradfahrern zu tun, die sich dabei verletzten.<\/p>\n\n\n\n<p>Kurz nach 11 Uhr erwischte es einen 65-j\u00e4hrigen Harley-Fahrer, der auf der K 4284 von Hasselbach kommend in Richtung Ehrst\u00e4dt abbiegen wollte. Dabei st\u00fcrzte der Mann, wie Zeugen mitteilten, bei relativ geringer Geschwindigkeit. Mit einer Beinverletzung wurde der Mann mit einem Rettungswagen in eine Klinik gebracht. Seine &#8222;Fat Boy&#8220; wies nur einen geringen Sachschaden auf.<\/p>\n\n\n\n<p>Einige Stunden sp\u00e4ter war eine 16-J\u00e4hrige gegen 18.30 Uhr mit ihrer Yamaha von Reihen in Richtung Steinsfurt unterwegs. An der Autobahnanschlussstelle Sinsheim-Steinsfurt hatte sich ein R\u00fcckstau gebildet. Aufgrund eines Bremsfehlers st\u00fcrzte die Jugendliche und verletzte sich. Auch sie kam mit einem Rettungswagen in eine Klinik. Die L 592 wurde f\u00fcr wenige Minuten voll gesperrt. Der Sachschaden ist auch hier gering.<\/p>\n\n\n\n<h2 class=\"wp-block-heading\">(Sinsheim \/ Rhein-Neckar-Kreis) &#8211; Unfall auf der A 6 von Heilbronn in Fahrtrichtung Mannheim kurz vor der Ausfahrt Sinsheim<\/h2>\n\n\n\n<h3 class=\"has-text-align-center wp-block-heading\">Pressemeldung Nr. 1<\/h3>\n\n\n\n<p>Auf der A 6 von Heilbronn in Fahrtrichtung Mannheim kam es kurz vor der Ausfahrt Sinsheim zu einem Unfall mit mehreren beteiligten Fahrzeugen. Die Rettungskr\u00e4fte befinden sich auf Anfahrt. Derzeit (05.09.2021 \u2013 10:48) sind 2 Fahrspuren in Richtung Mannheim gesperrt und es hat sich bereits ein R\u00fcckstau von 5 km L\u00e4nge gebildet.<\/p>\n\n\n\n<h2 class=\"wp-block-heading\">(Sinsheim \/ Rhein-Neckar-Kreis) &#8211; Unfall auf der A 6 von Heilbronn in Fahrtrichtung Mannheim kurz vor der Ausfahrt Sinsheim<\/h2>\n\n\n\n<h3 class=\"has-text-align-center wp-block-heading\">Pressemeldung Nr. 2<\/h3>\n\n\n\n<p>Am 05.09.2021, gegen 10.30 Uhr, ereignete sich auf der A 6 von Heilbronn kommend in Fahrtrichtung Mannheim ein Verkehrsunfall mit f\u00fcnf beteiligten Fahrzeugen. An einer Fahrbahnverengung vor dem Baustellenbeginn, kurz vor der Ausfahrt nach Sinsheim, bildete sich auf dem mittleren Fahrstreifen ein R\u00fcckstau. Aufgrund einer den \u00f6rtlichen Stra\u00dfenverh\u00e4ltnissen nicht angepassten, zu hohen Geschwindigkeit prallt ein 25-j\u00e4hriger BMW M4 Coup\u00e9-Fahrer auf das Stauende auf und schiebt die vier vor ihm befindlichen Fahrzeuge aufeinander. Der vor dem BMW haltende Renault Megane wurde dadurch auf einen Hyundai geschoben, der wiederum auf einen VW Touran und dieser auf einen BMW 320. Die 72-j\u00e4hrige Renault-Fahrerin wurde ebenso wie ihr 81-j\u00e4hriger Beifahrer leicht verletzt. Beide wurden in ein Sinsheimer Krankenhaus eingeliefert. Die 51-j\u00e4hrige Beifahrerin sowie der 56-j\u00e4hrige Beifahrer im Hyundai wurden schwer verletzt und in ein Heilbronner Krankenhaus verbracht. Hierbei wurde die Beifahrerin mit dem auf der Fahrbahn gelandeten Rettungshubschrauber abtransportiert, weshalb die komplette Fahrbahn kurzzeitig voll gesperrt werden musste und es zu einer Staubildung von bis zu sechs Kilometern L\u00e4nge kam. Eine 52-j\u00e4hrige Beifahrerin im VW Touran kam mit leichten Verletzungen ebenfalls in ein Sinsheimer Krankenhaus. Der Unfallverursacher selbst sowie die Insassen des BMW 320 wurden nicht verletzt. Zwei nicht mehr fahrbereite Fahrzeuge mussten abgeschleppt werden. Der Gesamtschaden betr\u00e4gt ca. 45.000 Euro. Ortskundige Verkehrsteilnehmer wurden gebeten, das Gebiet um die Unfallstelle weitr\u00e4umig zu umfahren. Gegen 12.45 Uhr war die Unfallstelle wieder ger\u00e4umt und der Verkehr normalisierte sich. Der 25-j\u00e4hrige Unfallverursacher muss mit einer Anzeige und einem Strafverfahren wegen fahrl\u00e4ssiger K\u00f6rperverletzung rechnen.<\/p>\n\n\n\n<h2 class=\"wp-block-heading\">(Sinsheim \/ Rhein-Neckar-Kreis) &#8211; Verdacht des Drogenhandelns \/ Marihuana und verbotene Waffen sichergestellt<\/h2>\n\n\n\n<p>Am Sonntagmorgen gegen 08:30 Uhr befuhren die Beamten des Polizeireviers Sinsheim die Neulandstra\u00dfe in Richtung Ortsmitte, als sie an der Bushaltestelle, gegen\u00fcber einem dortigen Autohof, drei junge M\u00e4nner feststellten. Da sich die Gruppe beim Erblicken des Streifenwagens sichtlich nerv\u00f6s verhielt, entscheiden die Beamten sich f\u00fcr eine Personenkontrolle. Bereits beim Aussteigen aus dem Streifenwagen schlug den Polizisten ein verr\u00e4terischer Geruch entgegen. Die beiden 18-J\u00e4hrigen sowie deren 17-j\u00e4hriger Begleiter wurden schlie\u00dflich gebeten, sich auszuweisen. Bei einer anschlie\u00dfenden Durchsuchung der Personen, entdeckten die Polizeibeamten bei einem der 18-J\u00e4hrigen sowie bei dem 17-J\u00e4hrigen insgesamt rund 50 Gramm Marihuana. Die Beiden wurden daraufhin zur weiteren Abkl\u00e4rung mit auf das Polizeirevier genommen. Deren 18-j\u00e4hriger Begleiter wurde noch vor Ort entlassen, nachdem die Personalien von ihm feststanden.<\/p>\n\n\n\n<p>Mit einer Wohnungsdurchsuchung waren die jungen M\u00e4nner einverstanden. Bei dem 17-J\u00e4hrigen konnten die Beamten dann noch einen Schlagring sowie einen Schlagstock auffinden. Die Gegenst\u00e4nde wurden ebenso sichergestellt wie die beiden Mobiltelefone der jungen M\u00e4nner. Diese werden nun im Nachgang ausgewertet. Nach Beendigung der Ma\u00dfnahmen wurde der 18-J\u00e4hrige nach Hause entlassen. Der 17-J\u00e4hrige wurde hingegen an seine Eltern \u00fcberstellt.<\/p>\n\n\n\n<p>Gegen beide wird nun wegen des Verdachts des Drogenhandels und wegen des Verdachts des Drogenbesitzes ermittelt. Den 17-J\u00e4hrigen erwartet au\u00dferdem eine Strafanzeige wegen des Versto\u00dfes gegen das Waffengesetz.<\/p>\n\n\n\n<h2 class=\"wp-block-heading\">(Sinsheim \/ Rhein-Neckar-Kreis) &#8211; T\u00e4terfestnahme nach Sachbesch\u00e4digung an Einfahrschranke<\/h2>\n\n\n\n<p>Am sp\u00e4ten Samstagnachmittag wurden drei Jugendliche im Alter von 14, 15 und 16 Jahren vorl\u00e4ufig festgenommen. Sie stehen im dringenden Verdacht, die Einfahrschranke zu den Personalparkpl\u00e4tzen der Klinik, zwischen der Alten Waibstadter Stra\u00dfe und der Adolf-Kolping-Stra\u00dfe, mutwillig besch\u00e4digt zu haben. Anschlie\u00dfend fl\u00fcchtete das Trio.<\/p>\n\n\n\n<p>Die Tat wurde von einer Mitarbeiterin der Klinik \u00fcber eine Videokamera beobachtet, worauf sie die Polizei informierte und eine detaillierte Personenbeschreibung abgab.<\/p>\n\n\n\n<p>Im Rahmen der sofort eingeleiteten Fahndung wurden die drei Jugendlichen in der Hauptstra\u00dfe, auf dem Weg zur Innenstadt vorl\u00e4ufig festgenommen. Auf Befragen verwickelten sich die Drei, die alle unter Alkoholeinwirkung standen -h\u00f6chster Wert \u00fcber 1,2 Promille- in Widerspr\u00fcche.<\/p>\n\n\n\n<p>Die H\u00f6he des Sachschadens steht noch nicht fest, d\u00fcrfte jedoch betr\u00e4chtlich sein.<\/p>\n\n\n\n<p>Nach Beendigung der ersten polizeilichen Ma\u00dfnahmen wurden sie in die Obhut eines Betreuers gegeben.<\/p>\n\n\n\n<p>Die Ermittlungen dauern an.<\/p>\n\n\n\n<h2 class=\"wp-block-heading\">(Eberbach \/ Rhein-Neckar-Kreis) &#8211; Unfallflucht; Kennzeichen verloren; Ermittlungen zum unbekannten Fahrer aufgenommen; Zeugen gesucht<\/h2>\n\n\n\n<p>Ein bislang unbekannter Autofahrer war am sp\u00e4ter Samstagabend auf der Br\u00fcckenstra\u00dfe unterwegs, als er kurz vor dem Kreisverkehr aus bislang unbekannten Gr\u00fcnden gegen zwei Verkehrszeichen der Verkehrsinsel stie\u00df. Dabei wurden beide Verkehrszeichen zerst\u00f6rt. Anschlie\u00dfend fuhr er weiter, wobei sein Fahrzeug bei dem Crash erheblich besch\u00e4digt worden sein d\u00fcrfte.<\/p>\n\n\n\n<p>Zeugen hatten kurz vor 24 Uhr das Polizeirevier \u00fcber den Unfall verst\u00e4ndigt und hatten ein Verkehrszeichen, ein Fahrzeugteil sowie das vermutlichen Kennzeichen des unfallverursachenden Fahrzeuges zur Dienststelle gebracht.<\/p>\n\n\n\n<p>Der Halter des Unfallfahrzeuges, einen Opel Corsa, ist bekannt, alle Ermittlungen zum verantwortlichen Fahrer verliefen bislang ihn Ergebnis.<\/p>\n\n\n\n<p>Der Gesamtschaden steht bislang noch nicht fest.<\/p>\n\n\n\n<p>Zeugen, die Hinweise zum Unfallhergang und oder zum Unfallverursacher geben k\u00f6nnen, werden gebeten, sich beim Polizeirevier Eberbach; Tel.: 06271\/9210-0 zu melden.<\/p>\n\n\n\n<h2 class=\"wp-block-heading\">(Eppelheim \/ Rhein-Neckar-Kreis) &#8211; Unbekannte versuchen Zigarettenautomat aufzubrechen<\/h2>\n\n\n\n<p>Drei Unbekannte haben am Montagmorgen um etwa 4.30 Uhr in Eppelheim in der Justus-von-Liebig-Stra\u00dfe versucht, mit einer Flex den Schlie\u00dfb\u00fcgel eines Zigarettenautomaten aufzuschneiden. Ein Zeuge verst\u00e4ndigte die Polizei. Er konnte aber aufgrund der Dunkelheit keine Personenbeschreibung abgeben. Als die Beamten eintrafen, teilte der Zeuge mit, dass die Unbekannten gerade eben verschwunden seien. Eine sofort eingeleitete Fahndung blieb erfolglos. Am Zigarettenautomaten fanden die Polizisten Spuren einer Flex sowie Sp\u00e4ne am Boden. Anscheinend war das Werkzeug nicht stark genug, um den B\u00fcgel zu durchtrennen. Zeugenhinweise bitte an das ermittelnde Polizeirevier Heidelberg-S\u00fcd unter Telefon 06221\/3418-0.<\/p>\n\n\n\n<h2 class=\"wp-block-heading\">(A 5 FR Frankfurt zw. Hirschberg und Kreuz Weinheim) &#8211; Aufgrund einer Gefahrenstelle derzeit voll gesperrt<\/h2>\n\n\n\n<h3 class=\"has-text-align-center wp-block-heading\">Pressemeldung Nr. 1<\/h3>\n\n\n\n<p>Da die \u00d6lspur \u00fcber die gesamte Fahrbahn verteilt ist, wird die BAB 5 f\u00fcr die Reinigungsarbeiten in Fahrtrichuntg Norden komplett gesperrt (05.09.2021 \u2013 18:21). Die Dauer der Reinigungsarbeiten kann noch nicht abgesch\u00e4tzt werden.<\/p>\n\n\n\n<h2 class=\"wp-block-heading\">(A 5 FR Frankfurt zw. Hirschberg und Kreuz Weinheim) &#8211; A 5 nach umfangreichen Reinigungsarbeiten wieder frei<\/h2>\n\n\n\n<h3 class=\"has-text-align-center wp-block-heading\">Pressemeldung Nr. 2<\/h3>\n\n\n\n<p>Eine gro\u00dfe \u00d6lspur f\u00fchrte dazu, dass am Sonntagabend ab 18.10 Uhr nicht nur die A 5 von Heidelberg in Richtung Darmstadt auf H\u00f6he der Anschlussstelle Hirschberg voll gesperrt werden musste, sondern zeitweise auch der Kreisverkehr an der L 541 an der Einfahrt zum Gewerbegebiet Im Rott. Aufgrund des gro\u00dffl\u00e4chig verteilten \u00d6ls auf der Stra\u00dfe waren umfangreiche Reinigungsma\u00dfnahmen erforderlich. Die A 5 konnte erst ab 22.50 Uhr wieder f\u00fcr den Fahrzeugverkehr freigegeben werden, der Kreisverkehr auf der L 541 ab 23.00 Uhr. Aufgrund dessen, dass die Verkehrsteilnehmer durch umfangreiche Beschilderungsma\u00dfnahmen auf die Sperrung aufmerksam gemacht wurden und das Gebiet weitr\u00e4umig umfahren konnten, kam es nur zu geringen Verkehrsbehinderungen. Vor Ort wurden die ankommenden Fahrzeuge an der Anschlusstelle Hirschberg auf die umliegenden Stra\u00dfen abgeleitet. Der Verursacher der Verunreinigung konnte festgestellt werden. Zum \u00d6lverlust war es aufgrund eines technischens Problems an seinem Fahrzeug gekommen.<\/p>\n","protected":false},"excerpt":{"rendered":"<div class=\"mh-excerpt\"><p>Polizeimeldungen vom Sonntag &amp; Montag (05.09. &amp; 06.09.2021) (Speyer) &#8211; Mehrere Trunkenheitsfahrten Am 05.09.2021 gegen 17 Uhr wurde der 21-j\u00e4hrige Fahrer eines Citroen in der Franz-Kirrmeier-Stra\u00dfe in Speyer einer Verkehrskontrolle unterzogen. Dabei wurde Cannabisgeruch festgestellt <a class=\"mh-excerpt-more\" href=\"https:\/\/speyer24news.com\/?p=40219\" title=\"Polizei\">[&#8230;]<\/a><\/p>\n<\/div>","protected":false},"author":3,"featured_media":26162,"comment_status":"open","ping_status":"open","sticky":false,"template":"","format":"standard","meta":{"_monsterinsights_skip_tracking":false,"_monsterinsights_sitenote_active":false,"_monsterinsights_sitenote_note":"","_monsterinsights_sitenote_category":0,"footnotes":""},"categories":[12],"tags":[3614,702,61,2555,6955,6986,6263,63,105,11150,6987,53,4854,4683,1548,102,213,55,5261,103,106,2803,2423,427,2625,380,62,104,979,1565],"aioseo_notices":[],"amp_enabled":true,"_links":{"self":[{"href":"https:\/\/speyer24news.com\/index.php?rest_route=\/wp\/v2\/posts\/40219"}],"collection":[{"href":"https:\/\/speyer24news.com\/index.php?rest_route=\/wp\/v2\/posts"}],"about":[{"href":"https:\/\/speyer24news.com\/index.php?rest_route=\/wp\/v2\/types\/post"}],"author":[{"embeddable":true,"href":"https:\/\/speyer24news.com\/index.php?rest_route=\/wp\/v2\/users\/3"}],"replies":[{"embeddable":true,"href":"https:\/\/speyer24news.com\/index.php?rest_route=%2Fwp%2Fv2%2Fcomments&post=40219"}],"version-history":[{"count":1,"href":"https:\/\/speyer24news.com\/index.php?rest_route=\/wp\/v2\/posts\/40219\/revisions"}],"predecessor-version":[{"id":40234,"href":"https:\/\/speyer24news.com\/index.php?rest_route=\/wp\/v2\/posts\/40219\/revisions\/40234"}],"wp:featuredmedia":[{"embeddable":true,"href":"https:\/\/speyer24news.com\/index.php?rest_route=\/wp\/v2\/media\/26162"}],"wp:attachment":[{"href":"https:\/\/speyer24news.com\/index.php?rest_route=%2Fwp%2Fv2%2Fmedia&parent=40219"}],"wp:term":[{"taxonomy":"category","embeddable":true,"href":"https:\/\/speyer24news.com\/index.php?rest_route=%2Fwp%2Fv2%2Fcategories&post=40219"},{"taxonomy":"post_tag","embeddable":true,"href":"https:\/\/speyer24news.com\/index.php?rest_route=%2Fwp%2Fv2%2Ftags&post=40219"}],"curies":[{"name":"wp","href":"https:\/\/api.w.org\/{rel}","templated":true}]}}