{"id":40263,"date":"2021-09-09T08:02:25","date_gmt":"2021-09-09T07:02:25","guid":{"rendered":"https:\/\/speyer24news.com\/?p=40263"},"modified":"2022-05-29T07:15:53","modified_gmt":"2022-05-29T06:15:53","slug":"vermisste-person-personensuche-4","status":"publish","type":"post","link":"https:\/\/speyer24news.com\/?p=40263","title":{"rendered":"Vermisste Person \/ Personensuche"},"content":{"rendered":"<style type=\"text\/css\">\r\n\t.ads_top_disp{}\r\n\t.ads_top_corner_disp{ float:left; margin:0px 10px 10px 0px; }\r\n\t.ads_first_p_disp{}\r\n\t.ads_bottom_disp{}\r\n\t<\/style>\n<h2 class=\"wp-block-heading\">82-j\u00e4hrige Seniorin vermisst<\/h2>\n\n\n\n<h3 class=\"wp-block-heading\">\u00d6ffentlichkeitsfahndung der Polizei<\/h3>\n\n\n\n<div class=\"wp-block-image\"><figure class=\"aligncenter size-large\"><img decoding=\"async\" loading=\"lazy\" width=\"800\" height=\"754\" src=\"https:\/\/speyer24news.com\/wp-content\/uploads\/2021\/09\/Vermisste-400x566-1.png\" alt=\"\" class=\"wp-image-40264\" srcset=\"https:\/\/speyer24news.com\/wp-content\/uploads\/2021\/09\/Vermisste-400x566-1.png 800w, https:\/\/speyer24news.com\/wp-content\/uploads\/2021\/09\/Vermisste-400x566-1-300x283.png 300w, https:\/\/speyer24news.com\/wp-content\/uploads\/2021\/09\/Vermisste-400x566-1-768x724.png 768w\" sizes=\"(max-width: 800px) 100vw, 800px\" \/><\/figure><\/div>\n\n\n\n<p><strong>Mannheim &#8211; <\/strong>Seit Montag (06.09.21) wird die 82-j\u00e4hrige Waltraud S. aus Mannheim vermisst. Die Seniorin wollte zur Mittagszeit die ebenfalls im Stadtteil Gartenstadt wohnende Familie besuchen, dort kam sie jedoch bislang nicht an. Waltraud S. leidet am Anfangsstadium einer Demenzerkrankung und sieht nur noch schlecht. Zur Fortbewegung nutzt sie h\u00e4ufig die Stra\u00dfenbahn.<\/p>\n\n\n\n<p>Hinweise auf den aktuellen Aufenthaltsort gibt es nicht. Es ist jedoch davon auszugehen, dass sich die Vermisste vermutlich in Mannheim, insbesondere im K\u00e4fertaler Wald, aufh\u00e4lt.<\/p>\n\n\n\n<p>Das Polizeipr\u00e4sidium Mannheim sucht seit Montag gemeinsam mit Einsatzkr\u00e4ften der Rettungsdienste nach der 82-J\u00e4hrigen. Dazu sind neben sogenannten Man-Trailer-Hunden auch der Polizeihubschrauber eingesetzt.<\/p>\n\n\n\n<h4 class=\"wp-block-heading\">Die Vermisste kann wie folgt beschrieben werden: <\/h4>\n\n\n\n<ul><li><strong>ca. 160cm gro\u00df<\/strong><\/li><li><strong>ca. 50kg schwer<\/strong><\/li><li><strong>hagere Statur<\/strong><\/li><li><strong>westeurop\u00e4isches Erscheinungsbild<\/strong><\/li><li><strong>wei\u00dfe schulterlange d\u00fcnne Haare (offen getragen)<\/strong><\/li><li><strong>tr\u00e4gt vermutlich einen hellblauen Hut und eine beige Handtasche mit goldenem Verschluss, die aktuelle Bekleidung ist nicht bekannt.<\/strong><\/li><\/ul>\n\n\n\n<p>Personen die Hinweise zum Aufenthaltsort der Vermissten geben k\u00f6nnen oder Verd\u00e4chtiges beobachteten haben, werden dringend gebeten, sich unter 0621 174-4444 an die Kriminalpolizei oder unter 110 an den Polizeinotruf zu wenden.<\/p>\n\n\n\n<p><em>Polizeipr\u00e4sidium Mannheim<br>09.09.2021<\/em><\/p>\n","protected":false},"excerpt":{"rendered":"<div class=\"mh-excerpt\"><p>82-j\u00e4hrige Seniorin vermisst \u00d6ffentlichkeitsfahndung der Polizei Mannheim &#8211; Seit Montag (06.09.21) wird die 82-j\u00e4hrige Waltraud S. aus Mannheim vermisst. Die Seniorin wollte zur Mittagszeit die ebenfalls im Stadtteil Gartenstadt wohnende Familie besuchen, dort kam sie <a class=\"mh-excerpt-more\" href=\"https:\/\/speyer24news.com\/?p=40263\" title=\"Vermisste Person \/ Personensuche\">[&#8230;]<\/a><\/p>\n<\/div>","protected":false},"author":3,"featured_media":29028,"comment_status":"open","ping_status":"open","sticky":false,"template":"","format":"standard","meta":{"_monsterinsights_skip_tracking":false,"_monsterinsights_sitenote_active":false,"_monsterinsights_sitenote_note":"","_monsterinsights_sitenote_category":0,"footnotes":""},"categories":[12],"tags":[56,2388,7967,1881,8115,1117,8113],"aioseo_notices":[],"amp_enabled":true,"_links":{"self":[{"href":"https:\/\/speyer24news.com\/index.php?rest_route=\/wp\/v2\/posts\/40263"}],"collection":[{"href":"https:\/\/speyer24news.com\/index.php?rest_route=\/wp\/v2\/posts"}],"about":[{"href":"https:\/\/speyer24news.com\/index.php?rest_route=\/wp\/v2\/types\/post"}],"author":[{"embeddable":true,"href":"https:\/\/speyer24news.com\/index.php?rest_route=\/wp\/v2\/users\/3"}],"replies":[{"embeddable":true,"href":"https:\/\/speyer24news.com\/index.php?rest_route=%2Fwp%2Fv2%2Fcomments&post=40263"}],"version-history":[{"count":1,"href":"https:\/\/speyer24news.com\/index.php?rest_route=\/wp\/v2\/posts\/40263\/revisions"}],"predecessor-version":[{"id":40265,"href":"https:\/\/speyer24news.com\/index.php?rest_route=\/wp\/v2\/posts\/40263\/revisions\/40265"}],"wp:featuredmedia":[{"embeddable":true,"href":"https:\/\/speyer24news.com\/index.php?rest_route=\/wp\/v2\/media\/29028"}],"wp:attachment":[{"href":"https:\/\/speyer24news.com\/index.php?rest_route=%2Fwp%2Fv2%2Fmedia&parent=40263"}],"wp:term":[{"taxonomy":"category","embeddable":true,"href":"https:\/\/speyer24news.com\/index.php?rest_route=%2Fwp%2Fv2%2Fcategories&post=40263"},{"taxonomy":"post_tag","embeddable":true,"href":"https:\/\/speyer24news.com\/index.php?rest_route=%2Fwp%2Fv2%2Ftags&post=40263"}],"curies":[{"name":"wp","href":"https:\/\/api.w.org\/{rel}","templated":true}]}}