{"id":40333,"date":"2021-09-11T07:07:15","date_gmt":"2021-09-11T06:07:15","guid":{"rendered":"https:\/\/speyer24news.com\/?p=40333"},"modified":"2021-09-11T07:07:17","modified_gmt":"2021-09-11T06:07:17","slug":"speyer-107","status":"publish","type":"post","link":"https:\/\/speyer24news.com\/?p=40333","title":{"rendered":"Speyer"},"content":{"rendered":"<style type=\"text\/css\">\r\n\t.ads_top_disp{}\r\n\t.ads_top_corner_disp{ float:left; margin:0px 10px 10px 0px; }\r\n\t.ads_first_p_disp{}\r\n\t.ads_bottom_disp{}\r\n\t<\/style>\n<h2 class=\"wp-block-heading\">Startschuss f\u00fcr STADTRADELN-Aktion \u2013 Offizielle Einweihung der VRNnextbike-Station<\/h2>\n\n\n\n<div class=\"wp-block-image\"><figure class=\"aligncenter size-large\"><img decoding=\"async\" loading=\"lazy\" width=\"800\" height=\"530\" src=\"https:\/\/speyer24news.com\/wp-content\/uploads\/2021\/09\/Stadtradeln_2.jpg\" alt=\"\" class=\"wp-image-40334\" srcset=\"https:\/\/speyer24news.com\/wp-content\/uploads\/2021\/09\/Stadtradeln_2.jpg 800w, https:\/\/speyer24news.com\/wp-content\/uploads\/2021\/09\/Stadtradeln_2-300x199.jpg 300w, https:\/\/speyer24news.com\/wp-content\/uploads\/2021\/09\/Stadtradeln_2-768x509.jpg 768w\" sizes=\"(max-width: 800px) 100vw, 800px\" \/><figcaption>Die Stadt Speyer gibt auf dem Berliner Platz den Startschuss f\u00fcr die Aktion &#8222;Stadtradeln&#8220;, mit der m\u00f6glichst viele Menschen zum Umstieg vom Auto auf das Fahrrad bewegt werden sollen und bei der durch das sammeln von Fahrradkilometern ein aktiver Beitrag f\u00fcr den Klimaschutz geleistet werden kann und soll. Hier ein Gruppenbild der Sponsoren u.a. mit OB Stefanie Seiler, rotes Oberteil, in der Mitte<\/figcaption><\/figure><\/div>\n\n\n\n<p>Am Freitag, 10. September 2021 fiel um 14 Uhr der Startschuss f\u00fcr die diesj\u00e4hrige STADTRADELN-Aktion! Die internationale Aktion des Klima-B\u00fcndnisses findet dieses Jahr bereits zum 9. Mal in Speyer statt.<br>Losgeradelt wurde ab dem Berliner Platz und auch Oberb\u00fcrgermeisterin Stefanie Seiler und Umweltdezernentin Irmgard M\u00fcnch-Weinmann traten kr\u00e4ftig in die Pedale.<\/p>\n\n\n\n<p>\u201eDas Fahrrad ist f\u00fcr uns in Speyer das nachhaltigste Verkehrsmittel der Zukunft. Unser Ziel ist auch in diesem Jahr, Kilometer um Kilometer klimaneutral zur\u00fcckzulegen\u201c, freute sich Oberb\u00fcrgermeisterin Stefanie Seiler \u00fcber die steigende Zahl der angemeldeten Teilnehmer*innen. Bereits\u00a01.193 registrierte Radelnde in\u00a086 Teams haben sich bis dato zur\u00a0Aktion angemeldet, die in diesem Jahr Nachhaltigkeitsmanagerin Sandra Gehrlein organisiert. Sie wird bereits von der neuen Klimaschutzmanagerin Katrin Berlinghoff unterst\u00fctzt, die direkt mit dem geliehenen Lastenrad von InSpeyered angeradelt kam.<\/p>\n\n\n\n<div class=\"wp-block-image\"><figure class=\"aligncenter size-large\"><img decoding=\"async\" loading=\"lazy\" width=\"800\" height=\"569\" src=\"https:\/\/speyer24news.com\/wp-content\/uploads\/2021\/09\/Stadtradeln_3.jpg\" alt=\"\" class=\"wp-image-40336\" srcset=\"https:\/\/speyer24news.com\/wp-content\/uploads\/2021\/09\/Stadtradeln_3.jpg 800w, https:\/\/speyer24news.com\/wp-content\/uploads\/2021\/09\/Stadtradeln_3-300x213.jpg 300w, https:\/\/speyer24news.com\/wp-content\/uploads\/2021\/09\/Stadtradeln_3-768x546.jpg 768w\" sizes=\"(max-width: 800px) 100vw, 800px\" \/><\/figure><\/div>\n\n\n\n<p>\u201eWir wollen gemeinsam mit der Jugend m\u00f6glichst viele motivieren, aufs Fahrrad im wahrsten Sinne umzusteigen. Es geht vor allem darum, im Alltag vom Auto aufs Rad umzusteigen\u201c, begr\u00fc\u00dfte Irmgard M\u00fcnch-Weinmann die Unterst\u00fctzung durch den Jugendstadtrat und den diesj\u00e4hrigen STADTRADELN-Star Linnea Brand.<\/p>\n\n\n\n<p>Vom 10. bis 30. September 2021 kann nach Registrierung unter&nbsp;<a href=\"https:\/\/deref-web.de\/mail\/client\/7XfXyU4hnL8\/dereferrer\/?redirectUrl=http%3A%2F%2Fwww.stadtradeln.de%2Fspeyer\" target=\"_blank\" rel=\"noreferrer noopener\"><u>www.stadtradeln.de\/speyer<\/u><\/a>&nbsp;oder per STADTRADELN-App teamweise an der Aktion teilgenommen werden. Egal ob mit eigener Muskelkraft oder elektrischer Unterst\u00fctzung, ob beruflich oder privat \u2013 Hauptsache CO<sub>2<\/sub>-frei unterwegs!&nbsp;Am 29. Oktober findet die Pr\u00e4mierung im Kulturhof statt.<\/p>\n\n\n\n<div class=\"wp-block-image\"><figure class=\"aligncenter size-large\"><img decoding=\"async\" loading=\"lazy\" width=\"800\" height=\"559\" src=\"https:\/\/speyer24news.com\/wp-content\/uploads\/2021\/09\/Stadtradeln_1.jpg\" alt=\"\" class=\"wp-image-40335\" srcset=\"https:\/\/speyer24news.com\/wp-content\/uploads\/2021\/09\/Stadtradeln_1.jpg 800w, https:\/\/speyer24news.com\/wp-content\/uploads\/2021\/09\/Stadtradeln_1-300x210.jpg 300w, https:\/\/speyer24news.com\/wp-content\/uploads\/2021\/09\/Stadtradeln_1-768x537.jpg 768w\" sizes=\"(max-width: 800px) 100vw, 800px\" \/><figcaption>Die Stadt Speyer gibt auf dem Berliner Platz den Startschuss f\u00fcr die Aktion &#8222;Stadtradeln&#8220;, mit der m\u00f6glichst viele Menschen zum Umstieg vom Auto auf das Fahrrad bewegt werden sollen und bei der durch das sammeln von Fahrradkilometern ein aktiver Beitrag f\u00fcr den Klimaschutz geleistet werden kann und soll. Nach dem erfolgten Startschuss drehen einige Besucher eine erste Runde. Vorne OB Stefanie Seiler<\/figcaption><\/figure><\/div>\n\n\n\n<p>Zum Auftakt wurde auf dem Berliner Platz auch die neu aufgestellte VRNnextbike-Station gemeinsam mit Robert Katzer vom Verkehrsverbund Rhein-Neckar und Wolfgang B\u00fchring bei einer Rundfahrt auf den Leihfahrr\u00e4dern unter lautem Klingeln eingeweiht.\u00a0\u00a0\u00a0\u00a0<br>Dank der kostenlosen Probefahrten mit den neuen Mietfahrr\u00e4dern konnten Besucher*innen sogleich klimaneutral die Umgebung erkunden.<\/p>\n\n\n\n<div class=\"wp-block-image\"><figure class=\"aligncenter size-large\"><img decoding=\"async\" loading=\"lazy\" width=\"800\" height=\"569\" src=\"https:\/\/speyer24news.com\/wp-content\/uploads\/2021\/09\/Stadtradeln_5.jpg\" alt=\"\" class=\"wp-image-40337\" srcset=\"https:\/\/speyer24news.com\/wp-content\/uploads\/2021\/09\/Stadtradeln_5.jpg 800w, https:\/\/speyer24news.com\/wp-content\/uploads\/2021\/09\/Stadtradeln_5-300x213.jpg 300w, https:\/\/speyer24news.com\/wp-content\/uploads\/2021\/09\/Stadtradeln_5-768x546.jpg 768w\" sizes=\"(max-width: 800px) 100vw, 800px\" \/><figcaption>Hier die Nachhaltigkeitsmanagerin der Stadt Sandra Gehrlein (rechts) und die Klimaschutzmanagerin Katrin Berlinghoff (links).<\/figcaption><\/figure><\/div>\n\n\n\n<p>\u201eDer VRN mit seinem regionalen Mietradsystem \u201eVRNnextbike\u201c unterst\u00fctzt gerne Stadtradeln, insbesondere im Hinblick darauf, dass immer mehr Leute mit dem Rad zum Bahnhof oder Bushaltestelle fahren, um danach mit dem \u00d6PNV die Weiterfahrt anzutreten\u201c, sagte Volkhard Malik, VRN-Gesch\u00e4ftsf\u00fchrer.<\/p>\n\n\n\n<p>Die VRNnextbike-Station befindet sich am Quartiersb\u00fcro, nahe der Bushaltestelle und bietet dort eine optimale Anbindung an den \u00f6ffentlichen Nahverkehr. Insgesamt gibt es in Speyer bereits elf Stationen verteilt \u00fcber das gesamte Stadtgebiet.<\/p>\n\n\n\n<p><em>Text: Gemeinsame Medieninformation der Stadt Speyer und des Verkehrsverbundes Rhein-Neckar Foto: \u00a9 Klaus Venus<br>11.09.2021<\/em><\/p>\n","protected":false},"excerpt":{"rendered":"<div class=\"mh-excerpt\"><p>Startschuss f\u00fcr STADTRADELN-Aktion \u2013 Offizielle Einweihung der VRNnextbike-Station Am Freitag, 10. September 2021 fiel um 14 Uhr der Startschuss f\u00fcr die diesj\u00e4hrige STADTRADELN-Aktion! Die internationale Aktion des Klima-B\u00fcndnisses findet dieses Jahr bereits zum 9. Mal <a class=\"mh-excerpt-more\" href=\"https:\/\/speyer24news.com\/?p=40333\" title=\"Speyer\">[&#8230;]<\/a><\/p>\n<\/div>","protected":false},"author":3,"featured_media":23902,"comment_status":"open","ping_status":"open","sticky":false,"template":"","format":"standard","meta":{"_monsterinsights_skip_tracking":false,"_monsterinsights_sitenote_active":false,"_monsterinsights_sitenote_note":"","_monsterinsights_sitenote_category":0,"footnotes":""},"categories":[9],"tags":[6,1221,2198,12826,4761],"aioseo_notices":[],"amp_enabled":true,"_links":{"self":[{"href":"https:\/\/speyer24news.com\/index.php?rest_route=\/wp\/v2\/posts\/40333"}],"collection":[{"href":"https:\/\/speyer24news.com\/index.php?rest_route=\/wp\/v2\/posts"}],"about":[{"href":"https:\/\/speyer24news.com\/index.php?rest_route=\/wp\/v2\/types\/post"}],"author":[{"embeddable":true,"href":"https:\/\/speyer24news.com\/index.php?rest_route=\/wp\/v2\/users\/3"}],"replies":[{"embeddable":true,"href":"https:\/\/speyer24news.com\/index.php?rest_route=%2Fwp%2Fv2%2Fcomments&post=40333"}],"version-history":[{"count":1,"href":"https:\/\/speyer24news.com\/index.php?rest_route=\/wp\/v2\/posts\/40333\/revisions"}],"predecessor-version":[{"id":40338,"href":"https:\/\/speyer24news.com\/index.php?rest_route=\/wp\/v2\/posts\/40333\/revisions\/40338"}],"wp:featuredmedia":[{"embeddable":true,"href":"https:\/\/speyer24news.com\/index.php?rest_route=\/wp\/v2\/media\/23902"}],"wp:attachment":[{"href":"https:\/\/speyer24news.com\/index.php?rest_route=%2Fwp%2Fv2%2Fmedia&parent=40333"}],"wp:term":[{"taxonomy":"category","embeddable":true,"href":"https:\/\/speyer24news.com\/index.php?rest_route=%2Fwp%2Fv2%2Fcategories&post=40333"},{"taxonomy":"post_tag","embeddable":true,"href":"https:\/\/speyer24news.com\/index.php?rest_route=%2Fwp%2Fv2%2Ftags&post=40333"}],"curies":[{"name":"wp","href":"https:\/\/api.w.org\/{rel}","templated":true}]}}