{"id":40346,"date":"2021-09-11T07:24:43","date_gmt":"2021-09-11T06:24:43","guid":{"rendered":"https:\/\/speyer24news.com\/?p=40346"},"modified":"2021-09-11T07:24:45","modified_gmt":"2021-09-11T06:24:45","slug":"speyer-108","status":"publish","type":"post","link":"https:\/\/speyer24news.com\/?p=40346","title":{"rendered":"Speyer"},"content":{"rendered":"<style type=\"text\/css\">\r\n\t.ads_top_disp{}\r\n\t.ads_top_corner_disp{ float:left; margin:0px 10px 10px 0px; }\r\n\t.ads_first_p_disp{}\r\n\t.ads_bottom_disp{}\r\n\t<\/style>\n<h2 class=\"wp-block-heading\">Kita WoLa entleiht\u00a0als erste Speyerer Kindertagesst\u00e4tte &#8222;Lesenest&#8220; der Stadtbibliothek<\/h2>\n\n\n\n<div class=\"wp-block-image\"><figure class=\"aligncenter size-large\"><img decoding=\"async\" loading=\"lazy\" width=\"800\" height=\"672\" src=\"https:\/\/speyer24news.com\/wp-content\/uploads\/2021\/09\/Lesenest.jpg\" alt=\"\" class=\"wp-image-40347\" srcset=\"https:\/\/speyer24news.com\/wp-content\/uploads\/2021\/09\/Lesenest.jpg 800w, https:\/\/speyer24news.com\/wp-content\/uploads\/2021\/09\/Lesenest-300x252.jpg 300w, https:\/\/speyer24news.com\/wp-content\/uploads\/2021\/09\/Lesenest-768x645.jpg 768w\" sizes=\"(max-width: 800px) 100vw, 800px\" \/><\/figure><\/div>\n\n\n\n<p>Die Kita WoLa kann sich seit\u00a0Donnerstag \u00fcber eine neue \u201eSchatzkiste\u201c der Stadtbibliothek\u00a0freuen: Das \u201eLesenest\u201c ist in Anlehnung an das Angebot der Stadtbibliothek Wittlich\u00a0zur\u00a0fr\u00fchen Lese- und Sprachf\u00f6rderung f\u00fcr Kita-Kinder im Alter von ein bis drei Jahren entstanden und steht nun den\u00a0Speyerer\u00a0Kinderbetreuungseinrichtungen\u00a0zur Verf\u00fcgung.\u00a0\u201eMit Vorlesen kann\u00a0gar nicht fr\u00fch genug angefangen werden. Denn Kindern, denen viele Geschichten erz\u00e4hlt und vorgelesen werden, f\u00e4llt das Lesen und Schreiben im sp\u00e4teren Schulalltag h\u00e4ufig leichter. Aber auch die\u00a0Fantasie wird auf diese Weise belebt\u00a0und\u00a0oft\u00a0auch\u00a0die\u00a0eigene Leselust\u00a0angeregt\u201c, erkl\u00e4rt B\u00fcrgermeisterin und Bildungsdezernentin Monika Kabs, die die B\u00fccherkiste gemeinsam mit dem Leitungsteam der Speyerer Stadtbibliothek \u00fcbergab.<\/p>\n\n\n\n<p>Die B\u00fccherkiste kann von\u00a0den\u00a0Kinderbetreuungseinrichtungen\u00a0bei der Stadtbibliothek entliehen werden.\u00a0Enthalten ist\u00a0neben altersgerechten B\u00fcchern auch der Siebenschl\u00e4fer als Kuscheltier.\u00a0Dieser eignet\u00a0sich wunderbar\u00a0als\u00a0treuer Begleiter, indem er beispielweise mit einem Lied oder einem Gedicht die Vorleserunde er\u00f6ffnet.\u00a0Auf diese Weise kann ein gemeinsames\u00a0Ritual geschaffen werden, das schon bei den Kleinsten die Freude an Geschichten weckt bzw. best\u00e4rkt.<\/p>\n\n\n\n<p><em>Text: Stadt Speyer Foto: \u00a9 Klaus Landry<br>11.09.2021<\/em><\/p>\n","protected":false},"excerpt":{"rendered":"<div class=\"mh-excerpt\"><p>Kita WoLa entleiht\u00a0als erste Speyerer Kindertagesst\u00e4tte &#8222;Lesenest&#8220; der Stadtbibliothek Die Kita WoLa kann sich seit\u00a0Donnerstag \u00fcber eine neue \u201eSchatzkiste\u201c der Stadtbibliothek\u00a0freuen: Das \u201eLesenest\u201c ist in Anlehnung an das Angebot der Stadtbibliothek Wittlich\u00a0zur\u00a0fr\u00fchen Lese- und Sprachf\u00f6rderung <a class=\"mh-excerpt-more\" href=\"https:\/\/speyer24news.com\/?p=40346\" title=\"Speyer\">[&#8230;]<\/a><\/p>\n<\/div>","protected":false},"author":3,"featured_media":23902,"comment_status":"open","ping_status":"open","sticky":false,"template":"","format":"standard","meta":{"_monsterinsights_skip_tracking":false,"_monsterinsights_sitenote_active":false,"_monsterinsights_sitenote_note":"","_monsterinsights_sitenote_category":0,"footnotes":""},"categories":[9],"tags":[8785,12830,12831,6,1434],"aioseo_notices":[],"amp_enabled":true,"_links":{"self":[{"href":"https:\/\/speyer24news.com\/index.php?rest_route=\/wp\/v2\/posts\/40346"}],"collection":[{"href":"https:\/\/speyer24news.com\/index.php?rest_route=\/wp\/v2\/posts"}],"about":[{"href":"https:\/\/speyer24news.com\/index.php?rest_route=\/wp\/v2\/types\/post"}],"author":[{"embeddable":true,"href":"https:\/\/speyer24news.com\/index.php?rest_route=\/wp\/v2\/users\/3"}],"replies":[{"embeddable":true,"href":"https:\/\/speyer24news.com\/index.php?rest_route=%2Fwp%2Fv2%2Fcomments&post=40346"}],"version-history":[{"count":1,"href":"https:\/\/speyer24news.com\/index.php?rest_route=\/wp\/v2\/posts\/40346\/revisions"}],"predecessor-version":[{"id":40348,"href":"https:\/\/speyer24news.com\/index.php?rest_route=\/wp\/v2\/posts\/40346\/revisions\/40348"}],"wp:featuredmedia":[{"embeddable":true,"href":"https:\/\/speyer24news.com\/index.php?rest_route=\/wp\/v2\/media\/23902"}],"wp:attachment":[{"href":"https:\/\/speyer24news.com\/index.php?rest_route=%2Fwp%2Fv2%2Fmedia&parent=40346"}],"wp:term":[{"taxonomy":"category","embeddable":true,"href":"https:\/\/speyer24news.com\/index.php?rest_route=%2Fwp%2Fv2%2Fcategories&post=40346"},{"taxonomy":"post_tag","embeddable":true,"href":"https:\/\/speyer24news.com\/index.php?rest_route=%2Fwp%2Fv2%2Ftags&post=40346"}],"curies":[{"name":"wp","href":"https:\/\/api.w.org\/{rel}","templated":true}]}}