{"id":40386,"date":"2021-09-13T06:05:20","date_gmt":"2021-09-13T05:05:20","guid":{"rendered":"https:\/\/speyer24news.com\/?p=40386"},"modified":"2021-09-13T06:05:24","modified_gmt":"2021-09-13T05:05:24","slug":"polizei-668","status":"publish","type":"post","link":"https:\/\/speyer24news.com\/?p=40386","title":{"rendered":"Polizei"},"content":{"rendered":"<style type=\"text\/css\">\r\n\t.ads_top_disp{}\r\n\t.ads_top_corner_disp{ float:left; margin:0px 10px 10px 0px; }\r\n\t.ads_first_p_disp{}\r\n\t.ads_bottom_disp{}\r\n\t<\/style>\n<h2 class=\"wp-block-heading\">Polizeimeldungen vom Sonntag (12.09.2021)<\/h2>\n\n\n\n<div class=\"wp-block-image\"><figure class=\"aligncenter size-large\"><img decoding=\"async\" src=\"https:\/\/speyer24news.com\/wp-content\/uploads\/2019\/11\/Aktuelles-Polizeilogo.jpg\" alt=\"\" class=\"wp-image-21845\"\/><\/figure><\/div>\n\n\n\n<h2 class=\"wp-block-heading\">(Speyer) &#8211; Verkehrsunfall unter Beteiligung eines E-Scooters<\/h2>\n\n\n\n<p>In der Nacht auf Sonntag befuhr ein 18-j\u00e4hriger Mann aus R\u00f6merberg mit seinem PKW die L454 von Schifferstadt in Richtung Speyer, als ihm kurz vor Ortseingang Speyer vermutlich die Vorderachse brach und das Auto nach rechts ausscherte.<\/p>\n\n\n\n<p>Um ein Abkommen von der Fahrbahn zu verhindern lenkte der junge Mann dagegen und geriet dadurch auf die Gegenfahrbahn, wo in diesem Moment ein 22-j\u00e4hriger Mann gerade die Fahrbahn mit seinem E-Scooter queren wollte. Dieser erschrak ob des herannahenden PKW und st\u00fcrzte zu Boden.<\/p>\n\n\n\n<p>Gl\u00fccklicherweise kam es nach ersten Erkenntnissen zu keiner Kollision zwischen den beiden Fahrzeugen, sodass der E-Scooter-Fahrer mit Schmerzen im Arm und R\u00fccken davonkam. Diese wurden vorsorglich in einem Krankenhaus behandelt. Der beteiligte PKW war nicht mehr fahrbereit und musste abgeschleppt werden.<\/p>\n\n\n\n<p>Die Schadensh\u00f6he muss noch genau ermittelt werden.<\/p>\n\n\n\n<h2 class=\"wp-block-heading\">(Speyer) &#8211; Ladendiebe festgenommen<\/h2>\n\n\n\n<p>Am Samstagmittag meldete eine Mitarbeiterin eines Speyerer Kaufhauses in der Fu\u00dfg\u00e4ngerzone, dass sie beobachtet habe, wie ein junger Mann einen Parf\u00fcmtester eingesteckt habe und dann aus dem Gesch\u00e4ft gelaufen sei, ohne zu bezahlen. Im Rahmen der Fahndung konnte mit Hilfe der selbst verfolgenden Mitarbeiterin der Tatverd\u00e4chtige sowie ein Begleiter im Bereich der Hasenpfuhlstra\u00dfe festgestellt und durchsucht werden. Hier wurde zum einen der entwendete Parf\u00fcmtester und zum anderen ein aus einem anderen Gesch\u00e4ft ebenfalls gestohlener Damenschal aufgefunden. Die Angaben der beiden jungen M\u00e4nner, dass alles ein Missverst\u00e4ndnis sei, waren letztendlich wenig glaubhaft.<\/p>\n\n\n\n<h2 class=\"wp-block-heading\">(Schifferstadt) &#8211; Pkw-Fahrer unter Drogeneinfluss<\/h2>\n\n\n\n<p>Am Samstag, 18.09.2021, gegen 20.00 Uhr, f\u00fchrten Beamten der Polizeiinspektion Schifferstadt in der Salierstra\u00dfe eine Verkehrskontrolle durch. Bei dem 24-j\u00e4hrigen Fahrer konnten im Laufe der Kontrolle drogentypische Auff\u00e4lligkeiten festgestellt werden. Ein freiwillig durchgef\u00fchrter Urintest best\u00e4tigte einen k\u00fcrzlich stattgefundenen Drogenkonsum. Um die genaue Drogenbeeinflussung des Fahrers festzustellen, wurde im Anschluss auf der Dienststelle eine Blutprobe veranlasst und ein Ordnungswidrigkeitenverfahren eingeleitet. Den Fahrer erwartet nun ein Bu\u00dfgeld in H\u00f6he von 500,- EUR zzgl. Verfahrenskosten, sowie ein Fahrverbot von einem Monat. Die zust\u00e4ndige F\u00fchrerscheinstelle wird informiert, die weitere Ma\u00dfnahmen in eigener Zust\u00e4ndigkeit veranlassen kann. Zur Verhinderung einer weiteren Fahrt wurden der F\u00fchrerschein und die Fahrzeugschl\u00fcssel bis zur N\u00fcchternheit sichergestellt.<\/p>\n\n\n\n<h2 class=\"wp-block-heading\">(R\u00f6merberg) &#8211; Gartenhauseinbrecher wiedererkannt<\/h2>\n\n\n\n<p>Am Samstagnachmittag meldete eine Kundin eines Einkaufmarktes in R\u00f6merberg, dass sie hier einen Mann wiedererkannt habe, der wenige Wochen zuvor in den Schuppen ihres Wohnhauses eingebrochen war. Bei der Befragung durch die Polizeibeamten vor Ort r\u00e4umte der 36-j\u00e4hrige Mann die Tat ein und gab an, mehrere dort entwendete Gegenst\u00e4nde noch zu Hause zu haben. Dies best\u00e4tigte sich, woraufhin diese an ihre rechtm\u00e4\u00dfige Besitzerin wieder ausgeh\u00e4ndigt werden konnten.<\/p>\n\n\n\n<p>Allerdings wurden die Polizisten stutzig, als sie das hochwertige E-Bike sahen, welches der Beschuldigte mit sich f\u00fchrte. Nachdem er anfangs angab, dieses gefunden zu haben, stellte sich bei weiteren Ermittlungen heraus, dass dieses ebenfalls gestohlen war. So konnte letztlich auch dieses Rad seinem gl\u00fccklichen Eigent\u00fcmer wieder zugef\u00fchrt werden.<\/p>\n\n\n\n<h2 class=\"wp-block-heading\">(Weingarten) &#8211; Verkehrsunfallflucht<\/h2>\n\n\n\n<p>Ein 35-j\u00e4hriger Vorderpf\u00e4lzer parkte  seinen schwarzen VW Passat von Freitag auf Samstag auf dem Parkplatz der VR Bank in Weingarten. Als er mit seinem Pkw wegfahren wollte, stellte er eine Einbeulung und Kratzer am hinteren Kotfl\u00fcgel fest. Ein Verursacher ist nicht bekannt. Zeugenhinweise nimmt die Polizeiinspektion Germersheim unter Tel.: 07274-9580 oder E-Mail:\u00a0<a href=\"mailto:pigermersheim@polizei.rlp.de\">pigermersheim@polizei.rlp.de<\/a>\u00a0entgegen.<\/p>\n\n\n\n<h2 class=\"wp-block-heading\">(Kandel) &#8211; Geschwindigkeits\u00fcberwachung am Langenberg<\/h2>\n\n\n\n<div class=\"wp-block-image\"><figure class=\"aligncenter size-large\"><img decoding=\"async\" loading=\"lazy\" width=\"500\" height=\"666\" src=\"https:\/\/speyer24news.com\/wp-content\/uploads\/2021\/09\/BSP-Laser.jpg\" alt=\"\" class=\"wp-image-40387\" srcset=\"https:\/\/speyer24news.com\/wp-content\/uploads\/2021\/09\/BSP-Laser.jpg 500w, https:\/\/speyer24news.com\/wp-content\/uploads\/2021\/09\/BSP-Laser-225x300.jpg 225w\" sizes=\"(max-width: 500px) 100vw, 500px\" \/><\/figure><\/div>\n\n\n\n<p>Am Samstag, dem 11.09.2021, zwischen 10.15 und 11.40 Uhr wurde auf der Bienwald-B 9 in H\u00f6he des Langenbergs Fahrtrichtung Frankreich eine Geschwindigkeitskontolle durchgef\u00fchrt. Von 94 gemessenen Fahrzeugen mussten 22 wegen \u00fcberh\u00f6hter Geschwindigkeit im 70 km\/h-Bereich beanstandet werden. Die gemessene H\u00f6chstgeschwindigkeit betrug 124 km\/h.<\/p>\n\n\n\n<h2 class=\"wp-block-heading\">(Maximiliansau) &#8211; Einbruch in Gastst\u00e4tte<\/h2>\n\n\n\n<p>In der Nacht von Freitag auf Samstag verschafften sich bislang unbekannte T\u00e4ter Zutritt in eine Gastst\u00e4tte in Maximiliansau. Im Inneren wurden mehrere R\u00e4umlichkeiten und Schr\u00e4nke durchsucht. Letztlich wurden Erfrischungsgetr\u00e4nke und ein kleiner Bargeldbetrag entwendet. Es entstand ein Gesamtschaden in niedriger vierstelliger H\u00f6he.<\/p>\n\n\n\n<h2 class=\"wp-block-heading\">(Landau) &#8211; Trunkenheit im Verkehr<\/h2>\n\n\n\n<p>Ein 22-j\u00e4hriger Mann aus dem Raum S\u00dcW befuhr Sonntagfr\u00fch mit seinem Fahrrad die Hauptstra\u00dfe in Hayna und schob hierbei ein weiteres Fahrrad w\u00e4hrend er auf seinem Fahrrad in Schlangenlinien fuhr. Bei der Personenkontrolle ergab ein vor Ort freiwillig durchgef\u00fchrter Alkoholtest einen Wert von 1,65 Promille. Es wurde die Entnahme einer Blutprobe angeordnet.<\/p>\n\n\n\n<h2 class=\"wp-block-heading\">(Landau) &#8211; Trunkenheit im Verkehr<\/h2>\n\n\n\n<p>Ein 54-j\u00e4hriger Mann aus dem Raum S\u00dcW befuhr, in der Nacht zu Sonntag, mit seinem Fahrrad die Albert-Einstein-Stra\u00dfe und ben\u00f6tigte dabei die komplette Fahrbahn. Bei der Personenkontrolle geriet er beim Absteigen deutlich ins Schwanken und konnte sich kaum auf den Beinen halten. Ein vor Ort freiwillig durchgef\u00fchrter Alkoholtest ergab einen Wert von 1,63 Promille. Es folgten die Entnahme einer Blutprobe und die Sicherstellung des mitgef\u00fchrten Fahrrades.<\/p>\n\n\n\n<h2 class=\"wp-block-heading\">(Landau) &#8211; Verkehrsunfallflucht<\/h2>\n\n\n\n<p>Unbekannter Verkehrsteilnehmer besch\u00e4digte am Freitagnachmittag einen Pkw, Alfa Romeo, welcher auf dem Wei\u00dfquartierparkplatz in Landau abgestellt war. Er verursachte dadurch einen Fremdschaden von circa 1000,- Euro. Zeugenhinweise bitte an die Polizei in Landau.<\/p>\n\n\n\n<h2 class=\"wp-block-heading\">(Edenkoben) &#8211; Mit 1.44 Promille am Steuer erwischt.<\/h2>\n\n\n\n<p>In der Nacht von Samstag auf Sonntag (12.09.21) wurde der Polizei Edenkoben um 01:00 Uhr ein auff\u00e4lliges Auto auf der A65 gemeldet. Dieses fahre in starken &#8222;Schlangenlinien&#8220; und w\u00e4re sogar schon kurzzeitig von der Autobahn in den Gr\u00fcnstreifen abgekommen. Das Auto konnte nach sofortiger Absuche festgestellt und zwischen Edenkoben und Maikammer einer Verkehrskontrolle unterzogen werden. Ein durchgef\u00fchrter Atemalkoholtest ergab 1.44 Promille beim 53-j\u00e4hrigen Fahrer. Gegen den Herrn aus der Verbandsgemeinde Maikammer wurde ein Strafverfahren wegen Trunkenheit im Verkehr eingeleitet. Au\u00dferdem wurden F\u00fchrerschein und Fahrzeugschl\u00fcssel des Mannes sichergestellt.<\/p>\n\n\n\n<h2 class=\"wp-block-heading\">(Neustadt) &#8211; Raub von Rucksack<\/h2>\n\n\n\n<p>Zeugen sucht die Polizei in Neustadt an der Weinstra\u00dfe zu einem Raubdelikt, welches sich am Sonntag (12.09.2021), gg. 01.30 h, in der Winzinger Stra\u00dfe in Neustadt ereignete. Der 30j\u00e4hrige Gesch\u00e4digte gab an, dass er mit seinem Fahrrad in H\u00f6he des dortigen Einkaufsmarkes unterwegs war, als er von mehreren Personen angegangen wurde. Die Personen h\u00e4tten ihn geschlagen und auch mit einem Messer bedroht. Ein Rucksack sei ihm vom R\u00fccken heruntergerissen und entwendet worden. Der Radfahrer wurde leicht verletzt. Bei den T\u00e4tern soll es sich um eine aus vier Personen bestehende Gruppe gehandelt haben, einer sei dunkel bekleidet gewesen. Zeugen werden gebeten sich bei der Polizei in Neustadt an der Weinstra\u00dfe unter Tel.-Nr. 06321\/854-0 oder per E-Mail an\u00a0<a href=\"mailto:pineustadt@polizei.rlp.de\">pineustadt@polizei.rlp.de<\/a>\u00a0zu melden.<\/p>\n\n\n\n<h2 class=\"wp-block-heading\">(Neustadt) &#8211; Gewahrsamnahme nach Platzverweis<\/h2>\n\n\n\n<p>Letztendlich in der Gewahrsamszelle musste eine 40j\u00e4hrige Frau ihren Rausch ausschlafen, die immer wieder in einer Spielothek erschien. Zun\u00e4chst wurde die stark angetrunkene Frau am fr\u00fchen Samstagabend (11.09.2021) durch den Mitarbeiter einer Neustadter Spielothek wegen ihrer alkoholbedingten Auff\u00e4lligkeiten darum gebeten, die Spielothek zu verlassen. Da sie zun\u00e4chst nicht ging, wurde die Polizei informiert. Noch vor dem Eintreffen der Streife hatte sie die Spielothek bereits verlassen, nur um wenige Minuten sp\u00e4ter doch zur\u00fcckzukehren. Da die Frau mit \u00fcber 3,5 Promille stark betrunken war, wurde sie zun\u00e4chst durch einen verst\u00e4ndigten Rettungswagen zur Untersuchung ins Krankenhaus verbracht. Ca. zwei Stunden sp\u00e4ter stand die Dame wieder in dem Casino, obwohl ihr zuvor ein Hausverbot erteilt worden war. Einem polizeilich ausgesprochenen Platzverweis leistete sie kurzfristig Folge, kehrte jedoch wenige Minuten danach wieder zur\u00fcck. Daher wurde die Frau zur Durchsetzung des Platzverweises, bis in die fr\u00fchen Morgenstunden, in polizeilichen Gewahrsam genommen.<\/p>\n\n\n\n<h2 class=\"wp-block-heading\">(Frankenthal) &#8211; Sachbesch\u00e4digung an PKW \/ Zeugen gesucht<\/h2>\n\n\n\n<p>Am Samstag, den 11.09.2021, kam es gegen 14:45 Uhr in der Albertstra\u00dfe in Frankenthal zu einem Zwischenfall zwischen einem Fahrrad- sowie einem PKW-Fahrer. Nachdem es fast zu einem Verkehrsunfall zwischen den beiden Beteiligten gekommen sei, habe der Radfahrer aggressiv reagiert und sein blaues Mountainbike mehrfach auf die Motorhaube des PKW geworfen. Zudem habe er einen weiteren massiven Gegenstand derart auf die Windschutzscheibe geschlagen, dass diese zu Bruch ging. Im Anschluss sei der unbekannte T\u00e4ter gefl\u00fcchtet. Bei dem T\u00e4ter habe es sich um eine m\u00e4nnliche Person mittleren Alters gehandelt, welcher ein schwarzes Oberteil trug und einen khaki-farbenen Rucksack mit sich f\u00fchrte. Der Sachschaden d\u00fcrfte sich auf etwa 2500 Euro belaufen.<\/p>\n\n\n\n<p>Zeugen werden gebeten sich an die Polizeiinspektion Frankenthal unter der Tel.-Nr.: 06233\/313-0 oder an die Polizeiwache Maxdorf unter der Tel.-Nr.: 06237\/934-1100 zu wenden. Gerne nehmen wir Ihre Hinweise auch per E-Mail unter&nbsp;<a href=\"mailto:pifrankenthal@polizei.rlp.de\">pifrankenthal@polizei.rlp.de<\/a>&nbsp;entgegen.<\/p>\n\n\n\n<h2 class=\"wp-block-heading\">(Frankenthal) &#8211; Verkehrsunfall mit verletztem Rollerfahrer \/ Zeugen gesucht<\/h2>\n\n\n\n<p>Am Samstag, den 11.09.2021, kam es gegen 08:00 Uhr an der Kreuzung Benderstra\u00dfe &#8211; Frankenstra\u00dfe zu einem Verkehrsunfall zwischen einem PKW und einem Rollerfahrer. Der 60-J\u00e4hrige Lambsheimer d\u00fcrfte mit seinem PKW die Vorfahrt des bevorrechtigen Rollerfahrers, einem 62-J\u00e4hrigen Frankenthaler, missachtet haben, wodurch des zum Verkehrsunfall kam. Der Rollerfahrer erlitt hierbei leichte Verletzungen und wurde durch den Rettungsdienst in ein umliegendes Krankenhaus verbracht. Der Sachschaden d\u00fcrfte sich auf insgesamt etwa 2000 Euro belaufen.<\/p>\n\n\n\n<p>Zeugen werden gebeten sich an die Polizeiinspektion Frankenthal unter der Tel.-Nr.: 06233\/313-0 oder an die Polizeiwache Maxdorf unter der Tel.-Nr.: 06237\/934-1100 zu wenden. Gerne nehmen wir Ihre Hinweise auch per E-Mail unter\u00a0<a href=\"mailto:pifrankenthal@polizei.rlp.de\">pifrankenthal@polizei.rlp.de<\/a>\u00a0entgegen.<\/p>\n\n\n\n<h2 class=\"wp-block-heading\">(Frankenthal) &#8211; Diebstahl von Pritschenwagen \/ Zeugen gesucht<\/h2>\n\n\n\n<p>In der Nacht von Freitag, den 10.09.2021, auf Samstag, den 11.09.2021, kam es zu einem Diebstahl von der Ladefl\u00e4che eines Pritschenwagens in der Franz-Nissl-Stra\u00dfe. Unbekannte T\u00e4ter d\u00fcrften den auf der Ladefl\u00e4che befindlichen Kasten aufgehebelt und die darin befindlichen Handwerker-Utensilien, darunter auch zwei Akkuschrauber und eine Bohrmaschine, entwendet haben. Der Schaden d\u00fcrfte etwa 2000 Euro betragen.<\/p>\n\n\n\n<p>Zeugen werden gebeten sich an die Polizeiinspektion Frankenthal unter der Tel.-Nr.: 06233\/313-0 oder an die Polizeiwache Maxdorf unter der Tel.-Nr.: 06237\/934-1100 zu wenden. Gerne nehmen wir Ihre Hinweise auch per E-Mail unter\u00a0<a href=\"mailto:pifrankenthal@polizei.rlp.de\">pifrankenthal@polizei.rlp.de<\/a>\u00a0entgegen.<\/p>\n\n\n\n<h2 class=\"wp-block-heading\">(Ludwigshafen) &#8211; Zweiradfahrer entzieht sich Polizeikontrolle <\/h2>\n\n\n\n<p>Am fr\u00fchen Sonntagmorgen fielen einer Polizeistreife auf dem Berliner Platz in Ludwigshafen zwei Motorroller auf, welche ohne Beleuchtung fuhren. Die Fahrer der beiden Roller beschleunigten ihre Motorroller beim Erkennen der Polizeistreife und wollten sich der Kontrolle entziehen. Ein Motorroller fl\u00fcchtete durch die Heny-Roos-Passage in Richtung Rheinuferstra\u00dfe. Der zweite Motorroller, auf welchem sich noch ein Sozius befand, fl\u00fcchtete in Richtung Mundenheimer Stra\u00dfe und sollte dort einer Kontrolle unterzogen werden. Der Motorrollerfahrer reagierte auf die Anhaltesignale nicht und fl\u00fcchtete durch mehrere Stra\u00dfen der Innenstadt. An einer Kreuzung stieg der Sozius ab und fl\u00fcchtete zu Fu\u00df. Der Fahrer des Motorrollers setzte seine Flucht fort und konnte im Bereich der Kaiser-Wilhelm-Stra\u00dfe gestoppt werden. Hier versuchte der Fahrer, ein 15 J\u00e4hriger aus Frankenthal, zu Fu\u00df zu fl\u00fcchten, konnte jedoch durch die Polizei eingeholt werden. Da der Fahrer alkoholisiert war, wurde er zur Dienststelle verbracht, wo ihm eine Blutprobe entnommen wurde. Aufgrund fehlender Fahrerlaubnis wurde zus\u00e4tzlich zu der Trunkenheitsfahrt ein Ermittlungsverfahren aufgrund Fahren ohne Fahrerlaubnis eingeleitet. Wie der 15j\u00e4hrige in den Besitz des Motorrollers kam, bedarf weiterer Ermittlungen. Der Motorroller wurde sichergestellt und abgeschleppt. Nach den polizeilichen Ma\u00dfnahmen wurde der Jugendliche seinen Erziehungsberechtigten \u00fcberstellt.<\/p>\n\n\n\n<h2 class=\"wp-block-heading\">(Ludwigshafen) &#8211; Rollerfahrer f\u00e4hrt Schlangenlinien<\/h2>\n\n\n\n<p>Ein 50-j\u00e4hriger Rollerfahrer fiel am fr\u00fchen Samstagabend der Polizei auf, da dieser vor dem Streifenwagen die Rheinfeldstra\u00dfe in Schlangenlinien befuhr. Ein Atemalkoholtest ergab einen Wert von 2,4 Promille. Die Weiterfahrt war somit beendet. Gegen den Fahrer wurde ein Strafverfahren eingeleitet.<\/p>\n\n\n\n<h2 class=\"wp-block-heading\">(Ludwigshafen) &#8211; Renitente Ladendiebin<\/h2>\n\n\n\n<p>Eine 49-j\u00e4hrige Frau wurde am Samstagnachmittag, dabei beobachtet, wie sie in einem Drogeriemarkt in der Prinzregentenstra\u00dfe mehrere Artikel im Wert von 165 Euro entwendete. Vor dem Markt wurde sie schlie\u00dflich durch eine Angestellte angesprochen, woraufhin die Diebin handgreiflich wurde und zu fl\u00fcchten versuchte. Nachdem sie jedoch bemerkte, dass die Polizei bereits auf dem Weg war, sah sie ihr Fehlverhalten ein und begab sich mit der Angestellten in den Markt, um auf das Eintreffen der Polizei zu warten. Gegen die Frau wurde ein Strafverfahren eingeleitet.<\/p>\n\n\n\n<h2 class=\"wp-block-heading\">(Ludwigshafen) &#8211; Einkauf beim B\u00e4cker endet in k\u00f6rperlicher Auseinandersetzung<\/h2>\n\n\n\n<p>Eine 33-J\u00e4hrige und eine 43-J\u00e4hrige gerieten am Samstagvormittag in einer B\u00e4ckereifiliale in der Carl-Bosch-Stra\u00dfe zun\u00e4chst in einen verbalen Streit. Nachdem beide ihre Eink\u00e4ufe get\u00e4tigt hatten, verlagerte sich der Streit auf die Stra\u00dfe, wo es zu einer k\u00f6rperlichen Auseinandersetzung, sowie zu gegenseitigen Beleidigungen kam. Gegen beide Frauen wurden Strafverfahren eingeleitet.<\/p>\n\n\n\n<h2 class=\"wp-block-heading\">(Ludwigshafen) &#8211; Diebstahl von Katalysator<\/h2>\n\n\n\n<p>Zwischen Freitag, 10.09.2021, 13:15 Uhr und Samstag, 11.09.2021, 05:30 Uhr wurde an einem in der Bleichstra\u00dfe geparkten Pkw BMW der Katalysator entwendet. Der Schaden bel\u00e4uft sich auf circa 500 Euro.<\/p>\n\n\n\n<p>In diesem Zusammenhang sucht die Polizei nach Zeugen, die im genannten Zeitraum verd\u00e4chtige Wahrnehmungen in und rund um die Bleichstra\u00dfe machen konnten. Die Zeugen werden gebeten, sich mit der Polizeiinspektion Ludwighafen 1 (Tel.: 0621-963 2122) in Verbindung zu setzen.<\/p>\n\n\n\n<h2 class=\"wp-block-heading\">(Heidelberg-Rohrbach) &#8211; Handtaschendiebstahl vom Autodach \/ Zeugen gesucht<\/h2>\n\n\n\n<p>Am Samstagmittag parkte eine 86-j\u00e4hrige Frau mit ihrem Auto auf dem Behindertenparkplatz im Parkhaus neben dem Kaufland. W\u00e4hrend sie und ihr Mann gemeinsam den Rollstuhl aus dem Kofferraum entluden, nutzte ein bislang unbekannter T\u00e4ter die Gelegenheit aus und entwendete ihre kurzfristig auf dem Fahrzeugdach abgelegte Handtasche. In der Handtasche befanden sich eine Geldb\u00f6rse mit pers\u00f6nlichen Papieren und eine goldene Sehbrille des Herstellers Fielmann.<\/p>\n\n\n\n<p>Eine Beschreibung des T\u00e4ters liegt noch nicht vor.<\/p>\n\n\n\n<p>Zeugen, die die Situation beobachtet haben und sachdienliche Hinweise geben k\u00f6nnen, werden gebeten, sich beim Polizeirevier Heidelberg-S\u00fcd, Tel.: 06221 34180, zu melden.<\/p>\n\n\n\n<h2 class=\"wp-block-heading\">(Heidelberg-Bergheim) &#8211; Pkw kommt von Fahrbahn ab \/ medizinischer Notfall<\/h2>\n\n\n\n<p>Am Samstagmorgen gegen 09.45 Uhr ereignete sich im Bereich der Vangerowstra\u00dfe ein Verkehrsunfall, bei welchem zwei Personen verletzt wurden. Der 24-j\u00e4hrige Fahrer eines SMART war zusammen mit seiner 39-j\u00e4hrigen Beifahrerin von Neuenheim in Richtung Bergheim unterwegs. Kurz nach der Ernst-Walz-Br\u00fccke, auf H\u00f6he der Kreuzung zur Vangerowstra\u00dfe, kam der 24-J\u00e4hrige vermutlich aufgrund eines medizinischen Notfalls nach links von der Fahrbahn ab. Hierbei fuhr er zun\u00e4chst \u00fcber eine dortige Gr\u00fcnfl\u00e4che und prallte im Anschluss gegen ein Verkehrszeichen. Danach kollidierte er mit einem auf dem rechten Fahrstreifen abgestellten Kleinkraftrad. Unmittelbar im Anschluss daran wurden insgesamt noch drei weitere Pkw, welche auf dem rechten Parkstreifen der Vangerowstra\u00dfe abgestellt waren, in Mitleidenschaft gezogen. Es entstand ein Gesamtschaden in H\u00f6he von ca. 23.500 Euro. Der SMART des Unfallverursachers war nicht mehr fahrbereit und musste von einem Abschleppdienst aufgeladen werden. Der 24-J\u00e4hrige wurde zur weiteren medizinischen Behandlung in ein umliegendes Krankenhaus verbracht. Seine Beifahrerin nahm eine weitere medizinische Versorgung selbstst\u00e4ndig in Anspruch. Die Verkehrsunfallaufnahme erfolgte durch den Verkehrsdienst Heidelberg. Zu einer Verkehrsbeeintr\u00e4chtigung kam es lediglich tempor\u00e4r.<\/p>\n\n\n\n<h2 class=\"wp-block-heading\">(Edingen \/ A 656 \/ Rhein-Neckar-Kreis) &#8211; Verkehrsunfall mit Roller \/ zwei Verletzte<\/h2>\n\n\n\n<p>Am Samstagnachmittag gegen 16.15 Uhr kam es auf der BAB 656, H\u00f6he Edingen, zu einem Verkehrsunfall bei welchem zwei Personen verletzt wurden. Der 62-j\u00e4hrige Fahrzeugf\u00fchrer eines Leichtkraftrades der Marke VESPA war zusammen mit seiner 56-j\u00e4hrigen Sozia von Heidelberg in Richtung Mannheim unterwegs und verlor vermutlich aufgrund von einsetzendem Starkregen die Kontrolle \u00fcber seinen Roller. In der Folge kam er mit seinem Fahrzeug nach links von der Fahrbahn ab und kollidierte mit der dortigen Fahrbahnbegrenzung aus Beton. Sodann st\u00fcrzten Fahrer als auch Sozia auf die Fahrbahn. Beide Personen wurden verletzt. Aufgrund einer Baustelle ist die BAB 656 in diesem Bereich aktuell jeweils nur auf einer Fahrspur in beide Richtungen befahrbar. Ein Rettungswagen, welcher zuf\u00e4lligerweise gerade in Richtung Heidelberg unterwegs war, erkannte die Unfallsituation und kam zur Hilfe. Aus diesem Grund war die BAB 656 f\u00fcr kurze Zeit vollgesperrt. In beide Richtungen kam es jedoch nur zu kurzzeitigen Verkehrsbeeintr\u00e4chtigungen. Die beiden Verletzten wurden zur weiteren medizinischen Abkl\u00e4rung in ein umliegendes Krankenhaus verbracht. Die Schwere der Verletzung ist zum Berichtszeitpunkt noch unbekannt. Am Leichtkraftrad entstand Sachschaden in noch unbekannter H\u00f6he. Die Unfallaufnahme erfolgte durch die Verkehrsgruppe Bundesautobahn Seckenheim.<\/p>\n\n\n\n<h2 class=\"wp-block-heading\">(Hemsbach \/ A 5 \/ Rhein-Neckar-Kreis) &#8211; Verkehrsunfall mit zwei beteiligten Fahrzeugen \/ Leicht verletztes Kleinkind<\/h2>\n\n\n\n<p>Am Samstagmittag gegen 13.30 Uhr ereignete sich auf der BAB 5 in Fahrtrichtung Karlsruhe ein Verkehrsunfall, bei welchem zwei Pkw beteiligt waren. Der 41-j\u00e4hrige Fahrzeugf\u00fchrer eines BMW X5 befuhr zum Unfallzeitpunkt die BAB 5, als er kurz nach der Anschlussstelle Hemsbach den vor ihm verkehrsbedingt abbremsenden Skoda einer 38-j\u00e4hrigen Frau \u00fcbersah. In der Folge fuhr der BMW dem Skoda hinten auf. Hierdurch wurden sowohl die 38-J\u00e4hrige, als auch dessen mitfahrendes Kleinkind leicht verletzt. Sie wurden zur weiteren medizinischen Versorgung in ein umliegendes Krankenhaus verbracht. Beide Fahrzeuge mussten im Anschluss an die Unfallaufnahme durch Abschleppdienste abgeschleppt werden. An dem BMW entstand ein Sachschaden in H\u00f6he von ca. 15.000 Euro. Bei dem Skoda waren es ca. 10.000 Euro. W\u00e4hrend dem Zeitraum der Unfallaufnahme mussten sowohl der linke als auch der rechte Fahrstreifen gesperrt werden. Der Verkehr wurde teils \u00fcber den Verz\u00f6gerungsstreifen der AS Hemsbach geleitet. Zu gr\u00f6\u00dferen Staubildungen kam es nicht. Die Unfallaufnahme erfolgte durch die Verkehrsgruppe Bundesautobahn Seckenheim.<\/p>\n","protected":false},"excerpt":{"rendered":"<div class=\"mh-excerpt\"><p>Polizeimeldungen vom Sonntag (12.09.2021) (Speyer) &#8211; Verkehrsunfall unter Beteiligung eines E-Scooters In der Nacht auf Sonntag befuhr ein 18-j\u00e4hriger Mann aus R\u00f6merberg mit seinem PKW die L454 von Schifferstadt in Richtung Speyer, als ihm kurz <a class=\"mh-excerpt-more\" href=\"https:\/\/speyer24news.com\/?p=40386\" title=\"Polizei\">[&#8230;]<\/a><\/p>\n<\/div>","protected":false},"author":3,"featured_media":26162,"comment_status":"open","ping_status":"open","sticky":false,"template":"","format":"standard","meta":{"_monsterinsights_skip_tracking":false,"_monsterinsights_sitenote_active":false,"_monsterinsights_sitenote_note":"","_monsterinsights_sitenote_category":0,"footnotes":""},"categories":[12],"tags":[3614,702,61,2555,6955,6986,6263,63,105,11150,6987,53,4854,4683,1548,102,213,55,5261,103,106,2803,2423,427,2625,380,62,104,979,1565],"aioseo_notices":[],"amp_enabled":true,"_links":{"self":[{"href":"https:\/\/speyer24news.com\/index.php?rest_route=\/wp\/v2\/posts\/40386"}],"collection":[{"href":"https:\/\/speyer24news.com\/index.php?rest_route=\/wp\/v2\/posts"}],"about":[{"href":"https:\/\/speyer24news.com\/index.php?rest_route=\/wp\/v2\/types\/post"}],"author":[{"embeddable":true,"href":"https:\/\/speyer24news.com\/index.php?rest_route=\/wp\/v2\/users\/3"}],"replies":[{"embeddable":true,"href":"https:\/\/speyer24news.com\/index.php?rest_route=%2Fwp%2Fv2%2Fcomments&post=40386"}],"version-history":[{"count":1,"href":"https:\/\/speyer24news.com\/index.php?rest_route=\/wp\/v2\/posts\/40386\/revisions"}],"predecessor-version":[{"id":40388,"href":"https:\/\/speyer24news.com\/index.php?rest_route=\/wp\/v2\/posts\/40386\/revisions\/40388"}],"wp:featuredmedia":[{"embeddable":true,"href":"https:\/\/speyer24news.com\/index.php?rest_route=\/wp\/v2\/media\/26162"}],"wp:attachment":[{"href":"https:\/\/speyer24news.com\/index.php?rest_route=%2Fwp%2Fv2%2Fmedia&parent=40386"}],"wp:term":[{"taxonomy":"category","embeddable":true,"href":"https:\/\/speyer24news.com\/index.php?rest_route=%2Fwp%2Fv2%2Fcategories&post=40386"},{"taxonomy":"post_tag","embeddable":true,"href":"https:\/\/speyer24news.com\/index.php?rest_route=%2Fwp%2Fv2%2Ftags&post=40386"}],"curies":[{"name":"wp","href":"https:\/\/api.w.org\/{rel}","templated":true}]}}