{"id":40404,"date":"2021-09-13T10:22:13","date_gmt":"2021-09-13T09:22:13","guid":{"rendered":"https:\/\/speyer24news.com\/?p=40404"},"modified":"2021-09-13T10:39:10","modified_gmt":"2021-09-13T09:39:10","slug":"kirche-100","status":"publish","type":"post","link":"https:\/\/speyer24news.com\/?p=40404","title":{"rendered":"Kirche"},"content":{"rendered":"<style type=\"text\/css\">\r\n\t.ads_top_disp{}\r\n\t.ads_top_corner_disp{ float:left; margin:0px 10px 10px 0px; }\r\n\t.ads_first_p_disp{}\r\n\t.ads_bottom_disp{}\r\n\t<\/style>\n<h2 class=\"wp-block-heading\">Ermutigung zum Vertrauen auf Gott<\/h2>\n\n\n\n<h3 class=\"wp-block-heading\">Firmlinge aus dem gesamten Bistum waren zu Gast in Speyer \u2013 Talkrunde und Jugendgottesdienst mit Bischof Dr. Karl-Heinz Wiesemann<\/h3>\n\n\n\n<div class=\"wp-block-image\"><figure class=\"aligncenter size-large\"><img decoding=\"async\" loading=\"lazy\" width=\"800\" height=\"613\" src=\"https:\/\/speyer24news.com\/wp-content\/uploads\/2021\/09\/Talk-mit-dem-Bischof.jpg\" alt=\"\" class=\"wp-image-40428\" srcset=\"https:\/\/speyer24news.com\/wp-content\/uploads\/2021\/09\/Talk-mit-dem-Bischof.jpg 800w, https:\/\/speyer24news.com\/wp-content\/uploads\/2021\/09\/Talk-mit-dem-Bischof-300x230.jpg 300w, https:\/\/speyer24news.com\/wp-content\/uploads\/2021\/09\/Talk-mit-dem-Bischof-768x588.jpg 768w, https:\/\/speyer24news.com\/wp-content\/uploads\/2021\/09\/Talk-mit-dem-Bischof-80x60.jpg 80w\" sizes=\"(max-width: 800px) 100vw, 800px\" \/><\/figure><\/div>\n\n\n\n<p><strong>Speyer &#8211;<\/strong> Zum Tag der Firmlinge unter dem Motto \u201eabout you! and me!\u201c trafen sich am Samstag rund 180 Jugendliche aus dem gesamten Bistum. Sie tauschten sich \u00fcber ihren Glauben aus, trafen Bischof Dr. Karl-Heinz Wiesemann zum \u201eTalk im Dom\u201c und feierten mit ihm einen Jugendgottesdienst.<\/p>\n\n\n\n<p>Svenja, Rebecca und Joshua waren aus Fu\u00dfg\u00f6nnheim und Birkenheide angereist. Ende Oktober werden sie gefirmt. In der Schule machen sie die Erfahrung, dass mit Glaube und Kirche nur wenige etwas anfangen k\u00f6nne. Umso wichtiger war f\u00fcr sie der Tag in Speyer. \u201eIch glaube, dass Gott mich auf meinem Lebensweg besch\u00fctzt\u201c, erz\u00e4hlt Joshua, der in seiner Familie auch \u00fcber religi\u00f6se Themen sprechen kann. Rebecca hatte zun\u00e4chst geschwankt, ob sie f\u00fcr die Firmvorbereitung gen\u00fcgend Zeit freimachen kann. \u201eDoch es hat sich gelohnt\u201c, sagt sie. Das findet auch Svenja, f\u00fcr die der Glaube viel mit N\u00e4chstenliebe zu tun hat. \u201eIch brauche Gott in meinem Leben.\u201c<\/p>\n\n\n\n<div class=\"wp-block-image\"><figure class=\"aligncenter size-large\"><img decoding=\"async\" loading=\"lazy\" width=\"800\" height=\"613\" src=\"https:\/\/speyer24news.com\/wp-content\/uploads\/2021\/09\/Den-Dom-erleben.jpg\" alt=\"\" class=\"wp-image-40429\" srcset=\"https:\/\/speyer24news.com\/wp-content\/uploads\/2021\/09\/Den-Dom-erleben.jpg 800w, https:\/\/speyer24news.com\/wp-content\/uploads\/2021\/09\/Den-Dom-erleben-300x230.jpg 300w, https:\/\/speyer24news.com\/wp-content\/uploads\/2021\/09\/Den-Dom-erleben-768x588.jpg 768w, https:\/\/speyer24news.com\/wp-content\/uploads\/2021\/09\/Den-Dom-erleben-80x60.jpg 80w\" sizes=\"(max-width: 800px) 100vw, 800px\" \/><\/figure><\/div>\n\n\n\n<p>Angeregt durch einen Podcast hatten sie rund um den Dom Motive gesucht, die mit Gott und dem Glauben zu tun haben. Diese sollten sie mit dem Handy fotografieren. Sie haben Aufnahmen unter anderem von einem Tisch, einer Br\u00fccke und Schiffen gemacht und waren \u00fcberrascht, wie viele Verbindungen zum Glauben man finden kann.<\/p>\n\n\n\n<h4 class=\"wp-block-heading\">Bischof Wiesemann: \u201eSuche nach Gott ist keine Reise zu den Sternen\u201c<\/h4>\n\n\n\n<p>\u201eDie Suche nach Gott ist nicht eines Reise zu den Sternen, sondern ins eigene Leben, zu meinen St\u00e4rken, aber auch zu meinen Wunden und Zweifeln\u201c, ermutigte Bischof Wiesemann die Jugendlichen zu einem \u201eGlauben, der Sinn macht\u201c. Er beschrieb Gott als die positive Kraft in jedem Menschen. Ankn\u00fcpfend an ein Wort von Blaise Pascal bezeichnete er den Glauben als \u201edie Lebenswette, die man nur gewinnen kann\u201c. F\u00fcr jeden Menschen stelle sich die Frage, worauf er sein Leben baue. \u201eIch m\u00f6chte Euch den Mut mitgeben, auf die Liebe Gottes zu setzen. Sie ist st\u00e4rker als alles andere. Sie gibt uns die Kraft, uns f\u00fcr Frieden, Wahrheit und Gerechtigkeit einzusetzen, auch wenn es in der Welt manchmal ganz anders aussieht.\u201c<\/p>\n\n\n\n<div class=\"wp-block-image\"><figure class=\"aligncenter size-large\"><img decoding=\"async\" loading=\"lazy\" width=\"800\" height=\"586\" src=\"https:\/\/speyer24news.com\/wp-content\/uploads\/2021\/09\/Unterwegs-im-Dom.jpg\" alt=\"\" class=\"wp-image-40430\" srcset=\"https:\/\/speyer24news.com\/wp-content\/uploads\/2021\/09\/Unterwegs-im-Dom.jpg 800w, https:\/\/speyer24news.com\/wp-content\/uploads\/2021\/09\/Unterwegs-im-Dom-300x220.jpg 300w, https:\/\/speyer24news.com\/wp-content\/uploads\/2021\/09\/Unterwegs-im-Dom-768x563.jpg 768w, https:\/\/speyer24news.com\/wp-content\/uploads\/2021\/09\/Unterwegs-im-Dom-80x60.jpg 80w\" sizes=\"(max-width: 800px) 100vw, 800px\" \/><\/figure><\/div>\n\n\n\n<p>In einem Gottesdienst, der von der Band \u201eGod\u2019s child\u201c musikalisch gestaltet wurde, konnten die Jugendliche \u00fcber ihr Handy interaktiv ihre Erfahrungen, Tr\u00e4ume und W\u00fcnsche f\u00fcr die Zukunft zum Ausdruck bringen. Gott beschrieben sie unter anderem mit den Worten \u201eWegbegleiter\u201c, \u201eLebensfreude\u201c und \u201eZufluchtsort\u201c. Jesus ist f\u00fcr sie \u201eeinzigartig\u201c, \u201ecool\u201c oder einfach ein \u201ekrasser Typ\u201c. Den Heiligen Geist brachten sie beispielsweise mit den Begriffen \u201eZuversicht\u201c, \u201ePower\u201c und \u201eGelassenheit\u201c zum Ausdruck. Gemeindereferentin Tanja Rieger best\u00e4rkte die Jugendlichen in ihrem Glauben: \u201eGott wei\u00df um mich, geht alle Wege mit mir und nimmt mich so, wie ich bin.\u201c<\/p>\n\n\n\n<h4 class=\"wp-block-heading\">Bischof Wiesemann stellte sich den Fragen der Jugendlichen<\/h4>\n\n\n\n<p>Dem Gottesdienst ging ein \u201eTalk mit dem Bischof\u201c voraus, moderiert von Tanja Rieger und Joachim Lauer, bei dem die Jugendlichen ihre Fragen einbringen konnten. Ihr Interesse galt zun\u00e4chst dem Lebensweg des Bischofs. \u201eIch wollte immer Priester und Seelsorger werden, der Menschen eine gute Botschaft bringt und gemeinsam mit ihnen nach Gott sucht\u201c, berichtete Bischof Wiesemann und ermutigte die Jugendlichen, einen Weg einzuschlagen zu den Themen, die einen selbst innerlich am meisten bewegen. Er erz\u00e4hlte von Momenten in seinem Leben, in denen er die N\u00e4he, Liebe und F\u00fchrung Gottes besonders gesp\u00fcrt habe, zum Beispiel bei einem Autounfall und beim Sterben seines Vaters und seiner Mutter. Aber auch in der zur\u00fcckliegenden Erfahrung der Krankheit. Da habe er verstanden, \u201eauch in der Schwachheit und der Ohnmacht ist eine Kraft\u201c.<\/p>\n\n\n\n<div class=\"wp-block-image\"><figure class=\"aligncenter size-large\"><img decoding=\"async\" loading=\"lazy\" width=\"800\" height=\"637\" src=\"https:\/\/speyer24news.com\/wp-content\/uploads\/2021\/09\/Svenja-Rebecca-und-Joshua-beim-Tag-der-Firmlinge.jpg\" alt=\"\" class=\"wp-image-40431\" srcset=\"https:\/\/speyer24news.com\/wp-content\/uploads\/2021\/09\/Svenja-Rebecca-und-Joshua-beim-Tag-der-Firmlinge.jpg 800w, https:\/\/speyer24news.com\/wp-content\/uploads\/2021\/09\/Svenja-Rebecca-und-Joshua-beim-Tag-der-Firmlinge-300x239.jpg 300w, https:\/\/speyer24news.com\/wp-content\/uploads\/2021\/09\/Svenja-Rebecca-und-Joshua-beim-Tag-der-Firmlinge-768x612.jpg 768w\" sizes=\"(max-width: 800px) 100vw, 800px\" \/><\/figure><\/div>\n\n\n\n<p>Zu welcher Veranstaltung er Gott mitnehmen wolle, fragten die Jugendlichen. \u201eGott ist immer schon da. Er kann \u00fcberall sein, nicht nur im Gottesdienst, sondern mitten im Leben, wenn zum Beispiel Menschen aufeinander zugehen oder Streit in etwas Positives verwandelt wird\u201c, gab Wiesemann zur Antwort. Als sein Lieblingssymbol f\u00fcr Gott nannte er das Licht, das viel mehr sei als ein physikalisches Ph\u00e4nomen. Was er in der Kirche gerne \u00e4ndern wolle? \u201eDass wir wieder mehr den Menschen zu vertrauen, dass wir den Menschen lieben, vor aller Ideologie\u201c, so die pr\u00e4gnante Antwort Wiesemanns. Auch die Haltung der Kirche zur Homosexualit\u00e4t und zu gleichgeschlechtlichen Beziehungen fragten die Jugendlichen an. \u201eIch w\u00fcrde mir w\u00fcnschen, dass es uns gelingt, wertsch\u00e4tzender miteinander umzugehen, ganz gleich f\u00fcr welche Lebensform sich ein Mensch entschieden hat\u201c, bekannte der Bischof. Die personalen Werte seien f\u00fcr zwischenmenschliche Beziehungen das Entscheidende. \u201eDie sexuelle Orientierung sollte man demgegen\u00fcber hintanstellen.\u201c<\/p>\n\n\n\n<p><em>Bistum Speyer<br>13.09.2021<\/em><\/p>\n\n\n\n<h2 class=\"wp-block-heading\">Bischof Wiesemann wirbt f\u00fcr Corona-Schutzimpfungen<\/h2>\n\n\n\n<h3 class=\"wp-block-heading\">Bundesweite Aktionswoche vom 13. bis 19. September \u2013 Internetseite informiert \u00fcber Impfm\u00f6glichkeiten vor Ort<\/h3>\n\n\n\n<div class=\"wp-block-image\"><figure class=\"aligncenter size-large\"><img decoding=\"async\" loading=\"lazy\" width=\"800\" height=\"492\" src=\"https:\/\/speyer24news.com\/wp-content\/uploads\/2020\/11\/vaccine-4948463_1920.jpg\" alt=\"\" class=\"wp-image-31277\" srcset=\"https:\/\/speyer24news.com\/wp-content\/uploads\/2020\/11\/vaccine-4948463_1920.jpg 800w, https:\/\/speyer24news.com\/wp-content\/uploads\/2020\/11\/vaccine-4948463_1920-300x185.jpg 300w, https:\/\/speyer24news.com\/wp-content\/uploads\/2020\/11\/vaccine-4948463_1920-768x472.jpg 768w\" sizes=\"(max-width: 800px) 100vw, 800px\" \/><\/figure><\/div>\n\n\n\n<p><strong>Speyer &#8211; <\/strong>Bischof Dr. Karl-Heinz Wiesemann ruft dazu auf, sich gegen COVID-19 impfen zu lassen. \u201eKrempeln Sie die \u00c4rmel hoch, lassen Sie sich impfen und ermutigen Sie auch andere dazu\u201c, unterst\u00fctzt er die bundesweite Aktionswoche #HierWirdGeimpft vom 13. bis zum 19. September. Eine zentrale Internetseite des Bundesgesundheitsministeriums bietet eine interaktive \u00dcbersicht \u00fcber die M\u00f6glichkeiten der Impfung vor Ort.<\/p>\n\n\n\n<p>Mit Papst Franziskus sieht er in der Impfung gegen das Covid-19-Virus einen &#8222;Akt der Liebe: Der Liebe zu sich selbst, zum Schutz der eigenen Gesundheit. Der Liebe zum N\u00e4chsten, als Ausdruck der Verantwortung f\u00fcr unsere Kinder und alle, die sich nicht impfen lassen k\u00f6nnen. Und der Liebe zu allen Menschen, weil wir nur so diese weltweite Pandemie wirksam bek\u00e4mpfen k\u00f6nnen.\u201c Angesichts steigender Infektionszahlen sowie des bevorstehenden Herbstes setzt sich Bischof Wiesemann daf\u00fcr ein, die Impfquote weiter zu erh\u00f6hen. Umso eher werde wieder m\u00f6glich, wonach sich viele sehnen: \u201eKein Lockdown mehr in Beruf und Schule, Begegnungen ohne Abstand und Maske und eine R\u00fcckkehr zu einer &#8211; vielleicht neuen \u2013 Normalit\u00e4t\u201c, so der Speyerer Di\u00f6zesan-Bischof.<\/p>\n\n\n\n<p><strong>Weitere Informationen:<\/strong><\/p>\n\n\n\n<p><a href=\"https:\/\/deref-web.de\/mail\/client\/f6hM1MFgUc8\/dereferrer\/?redirectUrl=http%3A%2F%2Fwww.hierwirdgeimpft.de%2F\" target=\"_blank\" rel=\"noreferrer noopener\">www.hierwirdgeimpft.de<\/a><\/p>\n\n\n\n<p><em>Bistum Speyer<br>13.09.2021<\/em><\/p>\n\n\n\n<h2 class=\"wp-block-heading\">Kartoffeln in vielen Variationen geerntet<\/h2>\n\n\n\n<h3 class=\"wp-block-heading\">Aktion \u201eTrendsetter Weltretter\u201c wirbt f\u00fcr den Erhalt der Artenvielfalt \u2013 Aktion l\u00e4uft noch bis zum 3. Oktober &#8211; Teilnahme weiterhin m\u00f6glich<\/h3>\n\n\n\n<div class=\"wp-block-image\"><figure class=\"aligncenter size-large\"><img decoding=\"async\" loading=\"lazy\" width=\"800\" height=\"498\" src=\"https:\/\/speyer24news.com\/wp-content\/uploads\/2021\/09\/Kartoffelernte-in-der-Kita-St.-Pius-in-Kandel.jpg\" alt=\"\" class=\"wp-image-40427\" srcset=\"https:\/\/speyer24news.com\/wp-content\/uploads\/2021\/09\/Kartoffelernte-in-der-Kita-St.-Pius-in-Kandel.jpg 800w, https:\/\/speyer24news.com\/wp-content\/uploads\/2021\/09\/Kartoffelernte-in-der-Kita-St.-Pius-in-Kandel-300x187.jpg 300w, https:\/\/speyer24news.com\/wp-content\/uploads\/2021\/09\/Kartoffelernte-in-der-Kita-St.-Pius-in-Kandel-768x478.jpg 768w\" sizes=\"(max-width: 800px) 100vw, 800px\" \/><figcaption>Kartoffelernte in der Kita St. Pius in Kandel<\/figcaption><\/figure><\/div>\n\n\n\n<p><strong>Speyer &#8211;<\/strong> \u201eNat\u00fcrlich vielf\u00e4ltig\u201c lautet das Motto der diesj\u00e4hrigen Aktion \u201eTrendsetter Weltretter\u201c. Im Mittelpunkt steht der Erhalt der Artenvielfalt. Dazu passend hatten das Bistum Speyer und die Evangelische Kirche der Pfalz zum eigenen Anbau seltener Kartoffelarten eingeladen. Mit gro\u00dfer Resonanz: Rund 80 Kindertagesst\u00e4tten und Jugendgruppen sowie 120 Einzelpersonen aus der gesamten Pfalz und dem Saarpfalzkreis ernten in diesen Tagen seltene Kartoffelsorten wie zum Beispiel \u201eRosa Tannenzapfen\u201c, \u201eBlaue Anneliese\u201c oder \u201eD\u00e9sir\u00e9e\u201c.<\/p>\n\n\n\n<p>\u201eWir haben vor einer Woche mit den Kindern zusammen die Kartoffeln ausgegraben und betrachtet. Danach haben wir gemeinsam eine Kartoffelsuppe gekocht\u201c, berichten Alesia Mitteregger und Lan Werling von der Katholischen Kindertagesst\u00e4tte St. Pius in Kandel. Im April hatten sie von der Aktion \u201eTrendsetter Weltretter\u201c ein Set mit f\u00fcnf seltenen Kartoffelarten geschickt bekommen. \u201eGespannt und voller Motivation haben wir uns Erde und K\u00fcbel besorgt und die Kartoffelknollen eingepflanzt. Jeden Tag gingen wir mit Gie\u00dfkannen in den Garten, um die Kartoffelpflanzen zu gie\u00dfen\u201c, erz\u00e4hlen die beiden Erzieherinnen. Sie haben sogar ein eigenes Kartoffel-Maskottchen mit dem Namen \u201eSofia\u201c entwickelt und mit den Kindern ein Kartoffellied und das Fingerspiel \u201eDie f\u00fcnf Kartoffelm\u00e4nner\u201c einstudiert. \u201eEs war eine tolle Aktion\u201c, sind Alesia Mitteregger und Lan Werling noch immer begeistert.<\/p>\n\n\n\n<p>\u201eMit der Aktion wollten wir eine M\u00f6glichkeit schaffen, die Fr\u00fcchte der Sch\u00f6pfung in ihrer bunten Vielfalt zu erfahren\u201c, erkl\u00e4ren die Umweltbeauftragten Sibylle Wiesemann (Evangelische Kirche der Pfalz) und Steffen Glombitza (Bistum Speyer). Begleitet wurde die Aktion durch monatlich per E-Mail versendete \u201eKartoffelbriefe\u201c. Sie enthielten wertvolle und unterhaltsame Tipps zum Anbau und spirituelle Impulse. F\u00fcr Kinder wurden erg\u00e4nzend Bastelideen, Rezepte, Ausmalbilder sowie Ideen f\u00fcr ein Kartoffeltagebuch herausgegeben. \u201eGerade in der Pandemiezeit bot die Aktion eine Gelegenheit, dass Kinder, Eltern und Gro\u00dfeltern das gemeinsame G\u00e4rtnern f\u00fcr sich entdecken\u201c, ziehen sie eine positive Bilanz der Aktion, die gemeinsam mit den (Erz-)Di\u00f6zesen Freiburg, K\u00f6ln, Rottenburg-Stuttgart sowie der Evangelischen Landeskirche Baden veranstaltet wurde.<\/p>\n\n\n\n<h4 class=\"wp-block-heading\">Artenvielfalt entscheidend f\u00fcr das Zusammenspiel von Mensch und Natur<\/h4>\n\n\n\n<p>Die \u00f6kumenische Mitmachaktion f\u00fcr einen nachhaltigen Lebensstil \u201eTrendsetter Weltretter\u201c findet vom 5. September bis 4. Oktober dieses Jahres zum vierten Mal statt. Unter dem Motto \u201eNat\u00fcrlich vielf\u00e4ltig\u201c vermitteln die Initiatoren der Evangelischen Kirche der Pfalz und des Bistums Speyer Ideen f\u00fcr mehr Nachhaltigkeit. \u201eDie Biodiversit\u00e4t ist von grundlegender Bedeutung f\u00fcr ein gelingendes Zusammenspiel von Mensch und Natur. Die Natur vor unserer Haust\u00fcr ist genauso sch\u00fctzenswert wie der Regenwald im Amazonas \u2013 und bietet ebenso \u00dcberraschungen: Unbekannte Pilze, bizarre K\u00e4fer, essbare Wildpflanzen\u201c, erl\u00e4utern Sibylle Wiesemann und Steffen Glombitza. Die Aktion verstehen sie als Angebot, diese Vielfalt und neue Sichtweisen auf die Natur zu entdecken. \u201eInteressierte erfahren anhand alltagstauglicher Impulse, wie sie zum Schutz der Artenvielfalt beitragen k\u00f6nnen\u201c, so die beiden Umweltbeauftragten. Weitere Tr\u00e4ger der Aktion sind die Landeszentrale f\u00fcr Umweltaufkl\u00e4rung Rheinland-Pfalz und die Arbeitsgemeinschaft Christlicher Kirchen (ACK) der Region S\u00fcdwest.<\/p>\n\n\n\n<h4 class=\"wp-block-heading\">Teilnahme weiterhin m\u00f6glich<\/h4>\n\n\n\n<p>Die Aktion \u201eTrendsetter Weltretter\u201c erstreckt sich \u00fcber einen Zeitraum von vier Wochen und geht noch bis zum 3. Oktober. Jede Woche hat einen eigenen Themenschwerpunkt. In der ersten Woche ging es unter der \u00dcberschrift \u201eNaturerfahrung \u2013 Lasst uns staunen!\u201c um mehr Aufmerksamkeit und mehr Achtsamkeit im Umgang mit Tieren und Pflanzen. Die zweite Woche steht unter dem Motto \u201eWildnis entdecken!\u201c und behandelt, wie der menschliche Einfluss auf die Natur sich auf die Artenvielfalt auswirkt. \u201eLasst wachsen\u201c ist der Themenschwerpunkt der dritten Woche. Es geht hinaus in die G\u00e4rten als \u00f6kologische Inseln, in denen heimische Tiere Schutz und Nahrung finden. Die vierte Woche gibt Anregungen, um gesellschaftlich aktiv zu werden. Ihr Leitspruch lautet \u201eDeine Stimme f\u00fcr die Artenvielfalt!\u201c Zum Abschluss der Aktion wird am 3. Oktober ein \u00f6kumenischer Abschlussgottesdienst in Kirkel\/Neuh\u00e4usel gefeiert. Eine Anmeldung und Teilnahme ist weiterhin \u00fcber die Homepage m\u00f6glich. Teilnehmende erhalten jede Woche per Email oder via Facebook eine Wochenaufgabe. Den Teilnehmenden werden t\u00e4glich Impulse und kleinere Tagesaufgaben passend zum Thema zugeschickt. Sie k\u00f6nnen \u00fcber Mail r\u00fcckmelden, wie es ihnen mit den Wochen- und Tagesaufgaben ergangen ist. Man kann sich der Aktion auch \u00fcber Facebook anschlie\u00dfen. \u201eHier gibt es schon das ganze Jahr \u00fcber Tipps und Infos zu einem nachhaltigeren Lebensstil\u201c, so Sibylle Wiesemann und Steffen Glombitza.<\/p>\n\n\n\n<h4 class=\"wp-block-heading\">Jahresbegleiter in Buchform mit Tipps f\u00fcr Artenschutz und Naturerleben<\/h4>\n\n\n\n<p>Erg\u00e4nzend zur Aktion \u201eTrendsetter Weltretter\u201c hat der Speyerer Pilgerverlag das Kalenderbuch f\u00fcr 2022 \u201eUnsere Heimat. Nat\u00fcrlich vielf\u00e4ltig\u201c herausgegeben. Es enth\u00e4lt naturbewusste Ausflugstipps und jede Menge Anregungen f\u00fcr Artenschutz in Haus und Garten. Vorgestellt werden Initiativen, in denen man sich f\u00fcr Artenvielfalt engagieren kann. Und es gibt in dem Jahresbegleiter zahlreiche Hinweise zu Ausfl\u00fcgen in die Natur und zu besonderen Naturerlebnissen zwischen Rhein und Saar. Das Buch mit 164 Seiten ist beim Pilgerverlag (06232\/31830) und im Buchhandel erh\u00e4ltlich (ISBN 978-3-946777-19-9, 9,80 Euro). Weitere Infos dazu auf&nbsp;<a href=\"https:\/\/deref-web.de\/mail\/client\/X5rwrWQfAiU\/dereferrer\/?redirectUrl=http%3A%2F%2Fwww.unsere-heimat.info\" target=\"_blank\" rel=\"noreferrer noopener\">www.unsere-heimat.info<\/a><\/p>\n\n\n\n<h4 class=\"wp-block-heading\">Anmeldung und weitere Informationen:<\/h4>\n\n\n\n<p><a href=\"https:\/\/www.trendsetter-weltretter.de\/\">https:\/\/www.trendsetter-weltretter.de\/<\/a><\/p>\n\n\n\n<h4 class=\"wp-block-heading\">Ansprechpartner:<\/h4>\n\n\n\n<p>Steffen Glombitza, Umweltbeauftragter des Bistums Speyer, 06842 7060205,&nbsp;<a>umweltbeauftragter@bistum-speyer.de<\/a><\/p>\n\n\n\n<p>Sibylle Wiesemann, Umweltbeauftragte der Evangelischen Kirche der Pfalz, 06232 6715-18,&nbsp;<a>wiesemann@frieden-umwelt-pfalz.de<\/a><\/p>\n\n\n\n<p><em>Bistum Speyer<br>13.09.2021<\/em><\/p>\n\n\n\n<h2 class=\"wp-block-heading\">Biberwanderung im Bliestal<\/h2>\n\n\n\n<h3 class=\"wp-block-heading\">Spannende Exkursion mit Bliesgau-Ranger &#8211; Veranstaltung am 17. September im Rahmen der \u00f6kumenischen Aktion&nbsp; \u201eTrendsetter Weltretter\u201c<\/h3>\n\n\n\n<div class=\"wp-block-image\"><figure class=\"aligncenter size-large\"><img decoding=\"async\" loading=\"lazy\" width=\"800\" height=\"580\" src=\"https:\/\/speyer24news.com\/wp-content\/uploads\/2021\/09\/Biber.jpg\" alt=\"\" class=\"wp-image-40426\" srcset=\"https:\/\/speyer24news.com\/wp-content\/uploads\/2021\/09\/Biber.jpg 800w, https:\/\/speyer24news.com\/wp-content\/uploads\/2021\/09\/Biber-300x218.jpg 300w, https:\/\/speyer24news.com\/wp-content\/uploads\/2021\/09\/Biber-768x557.jpg 768w\" sizes=\"(max-width: 800px) 100vw, 800px\" \/><\/figure><\/div>\n\n\n\n<p><strong>Blieskastel &#8211;<\/strong> Auf die spannende Suche nach dem Biber geht es im Rahmen der \u00f6kumenischen Aktion \u201eTrendsetter Weltretter\u201c am Freitag, 17. September, ab 15 Uhr bei einer Wanderung mit dem Bliesgau-Ranger Michael Kessler von der Naturwacht. Der Biber geh\u00f6rt zu den gesch\u00fctzten Arten. Treffpunkt zur Wanderung ist die Bliesm\u00fchle (In den M\u00fchlwiesen, 66440 Blieskastel\/Breitfurt). Auch der Umweltreferent des Bistums, Pastoralreferent Steffen Glombitza, wird mit von der Partie sein.<\/p>\n\n\n\n<p>Die Teilnehmerzahl bei der Wanderung ist begrenzt, um Anmeldung wird gebeten.<br>Anmeldung via Mail bei&nbsp;<a>umweltbeauftragter@bistum-speyer.de<\/a>&nbsp;oder unter Tel.: 06842-7060205.<br><strong>Anmeldeschluss<\/strong>&nbsp;ist Donnerstag, 16. September. Es wird darum gebeten, einen Mundschutz mitzubringen.<\/p>\n\n\n\n<h4 class=\"wp-block-heading\">\u00d6kumenische Aktion \u201eTrendsetter Weltretter\u201c<\/h4>\n\n\n\n<p>Die Mitmachaktion \u201eTrendsetter-Weltretter\u201c organisieren die Evangelische Kirche der Pfalz, das Bistum Speyer, die Arbeitsgemeinschaft Christlicher Kirchen (ACK S\u00fcdwest) und die Landeszentrale f\u00fcr Umweltaufkl\u00e4rung Rheinland-Pfalz zusammen mit vielen Kooperationspartnern und Unterst\u00fctzern. Sie findet in diesem Jahr zum vierten Mal statt. Die bisherigen Themenschwerpunkte waren: Einfach anders konsumieren (2018), Einfach anders bewegen (2019) und Einfach anders essen (2020). Dieses Jahr lautet das Motto \u201eNat\u00fcrlich vielf\u00e4ltig\u201c. Im Mittelpunkt steht das Thema Artenvielfalt.<\/p>\n\n\n\n<h4 class=\"wp-block-heading\">Pilgerkalender 2022 mit Anregungen f\u00fcr Artenschutz und Naturerlebnisse<\/h4>\n\n\n\n<div class=\"wp-block-image\"><figure class=\"aligncenter size-large\"><img decoding=\"async\" loading=\"lazy\" width=\"500\" height=\"714\" src=\"https:\/\/speyer24news.com\/wp-content\/uploads\/2021\/09\/Unsere-Heimat.-Natuerlich-vielfaeltig.jpg\" alt=\"\" class=\"wp-image-40413\" srcset=\"https:\/\/speyer24news.com\/wp-content\/uploads\/2021\/09\/Unsere-Heimat.-Natuerlich-vielfaeltig.jpg 500w, https:\/\/speyer24news.com\/wp-content\/uploads\/2021\/09\/Unsere-Heimat.-Natuerlich-vielfaeltig-210x300.jpg 210w\" sizes=\"(max-width: 500px) 100vw, 500px\" \/><\/figure><\/div>\n\n\n\n<p>Auch der Pilgerkalender f\u00fcr das Jahr 2022 h\u00e4lt viele Tipps bereit, um den eigenen Garten f\u00fcr mehr Tiere und Pflanzen zur Heimat werden zu lassen. Vorgestellt werden Initiativen, in denen man sich f\u00fcr Artenvielfalt engagieren kann. Und es gibt in dem aktuellen Jahresbegleiter zahlreiche Hinweise zu Ausfl\u00fcgen in die Natur und zu besonderen Naturerlebnissen zwischen Rhein und Saar \u2013 auch zum Thema \u201eBiber\u201c. Der Kalender ist&nbsp; beim Pilgerverlag, Telefon (06232) 31830, Mail:&nbsp;<a>info@pilgerverlag.de<\/a>,&nbsp;<a href=\"https:\/\/deref-web.de\/mail\/client\/yu_zhNGUezM\/dereferrer\/?redirectUrl=http%3A%2F%2Fwww.pilgerverlag.de\" target=\"_blank\" rel=\"noreferrer noopener\">www.pilgerverlag.de<\/a>&nbsp;erh\u00e4ltlich.<\/p>\n\n\n\n<h4 class=\"wp-block-heading\">Weitere Informationen:<\/h4>\n\n\n\n<p><a href=\"https:\/\/deref-web.de\/mail\/client\/jXOp4m3BvV0\/dereferrer\/?redirectUrl=https%3A%2F%2Fwww.trendsetter-weltretter.de%2F\" target=\"_blank\" rel=\"noreferrer noopener\">www.trendsetter-weltretter.de<\/a><\/p>\n\n\n\n<p><em>Bistum Speyer<br>13.09.2021<\/em><\/p>\n\n\n\n<h2 class=\"wp-block-heading\">Gedenktafel zur T\u00e4uferbewegung in Speyer enth\u00fcllt<\/h2>\n\n\n\n<h3 class=\"wp-block-heading\">Auf dem Gel\u00e4nde der Evangelischen Kirche der Pfalz in Speyer erinnert eine Gedenktafel an die Diskriminierung der Mennoniten in der Pfalz w\u00e4hrend der Reformation.<\/h3>\n\n\n\n<div class=\"wp-block-image\"><figure class=\"aligncenter size-large\"><img decoding=\"async\" loading=\"lazy\" width=\"800\" height=\"591\" src=\"https:\/\/speyer24news.com\/wp-content\/uploads\/2021\/09\/0909-Taeuferspuren-Gedenktafel-Mennoniten-Rednerinnen_Landry_Slider-web.jpg\" alt=\"\" class=\"wp-image-40424\" srcset=\"https:\/\/speyer24news.com\/wp-content\/uploads\/2021\/09\/0909-Taeuferspuren-Gedenktafel-Mennoniten-Rednerinnen_Landry_Slider-web.jpg 800w, https:\/\/speyer24news.com\/wp-content\/uploads\/2021\/09\/0909-Taeuferspuren-Gedenktafel-Mennoniten-Rednerinnen_Landry_Slider-web-300x222.jpg 300w, https:\/\/speyer24news.com\/wp-content\/uploads\/2021\/09\/0909-Taeuferspuren-Gedenktafel-Mennoniten-Rednerinnen_Landry_Slider-web-768x567.jpg 768w, https:\/\/speyer24news.com\/wp-content\/uploads\/2021\/09\/0909-Taeuferspuren-Gedenktafel-Mennoniten-Rednerinnen_Landry_Slider-web-80x60.jpg 80w\" sizes=\"(max-width: 800px) 100vw, 800px\" \/><\/figure><\/div>\n\n\n\n<p><strong>Speyer <em>(lk)<\/em> &#8211; <\/strong>Seit 350 Jahren leben Mennoniten und Protestanten in S\u00fcddeutschland zusammen. Seit 2017 wird die Geschichte der aus der Schweiz stammenden T\u00e4uferinnen und T\u00e4ufer auf Gedenktafeln sichtbar gemacht. Eine solche Gedenktafel wurde am Donnerstag auf dem Gel\u00e4nde des Landeskirchenrats der Evangelischen Kirche der Pfalz in Speyer von Kirchenpr\u00e4sidentin Dorothee W\u00fcst und Wolfgang Seibel, dem Vorsitzenden der Arbeitsgemeinschaft S\u00fcdwestdeutscher Mennonitengemeinden, enth\u00fcllt. An der Feierstunde im Freien waren Vertreterinnen und Vertreter der Mennoniten, der Landeskirche und des Bistums Speyer beteiligt.<\/p>\n\n\n\n<p>Die Gedenktafel erinnert an die Zeit der Reformation und damit an die \u201edunklen Seiten der t\u00e4uferischen Geschichte\u201c, sagte Astrid von Schlachta, Vorsitzende des Mennonitischen Geschichtsvereins. Denn w\u00e4hrend der Reformation erlebten die pf\u00e4lzischen Mennonitengemeinden Diffamierung, Stigmatisierung und Kriminalisierung. Der Grund: Die protestantische Bewegung m\u00fcndete beim Reichstag zu Speyer 1529 in Gesetze, die Mennonitinnen und Mennoniten als Minderheit benachteiligten. Sie wurden verfolgt, verloren Eigentum sowie B\u00fcrger- und Freiheitsrechte, wurden ins Gef\u00e4ngnis gebracht oder sogar hingerichtet.<\/p>\n\n\n\n<div class=\"wp-block-image\"><figure class=\"aligncenter size-large\"><img decoding=\"async\" loading=\"lazy\" width=\"800\" height=\"592\" src=\"https:\/\/speyer24news.com\/wp-content\/uploads\/2021\/09\/0909-Taeuferspuren-Gedenktafel-Mennoniten-LKR-2_Landry.jpg\" alt=\"\" class=\"wp-image-40423\" srcset=\"https:\/\/speyer24news.com\/wp-content\/uploads\/2021\/09\/0909-Taeuferspuren-Gedenktafel-Mennoniten-LKR-2_Landry.jpg 800w, https:\/\/speyer24news.com\/wp-content\/uploads\/2021\/09\/0909-Taeuferspuren-Gedenktafel-Mennoniten-LKR-2_Landry-300x222.jpg 300w, https:\/\/speyer24news.com\/wp-content\/uploads\/2021\/09\/0909-Taeuferspuren-Gedenktafel-Mennoniten-LKR-2_Landry-768x568.jpg 768w, https:\/\/speyer24news.com\/wp-content\/uploads\/2021\/09\/0909-Taeuferspuren-Gedenktafel-Mennoniten-LKR-2_Landry-80x60.jpg 80w\" sizes=\"(max-width: 800px) 100vw, 800px\" \/><\/figure><\/div>\n\n\n\n<p>Von Schlachta bedankte sich bei der Evangelischen Kirche der Pfalz f\u00fcr die Bereitschaft, \u201eeinen solchen dunklen Ort sichtbar zu machen\u201c und daran zu erinnern, dass die T\u00e4uferinnen und T\u00e4ufer als \u201eKleinere\u201c und \u201eSchw\u00e4chere\u201c sprachlich und politisch ausgegrenzt wurden. \u201eDie Geschichte ist erschreckend aktuell\u201c, sagte sie.<\/p>\n\n\n\n<p>Kirchenpr\u00e4sidentin W\u00fcst sprach sich in ihrer Rede f\u00fcr Zusammenhalt und Vers\u00f6hnung aus. \u201eWir sind Familie\u201c, sagte sie. \u201eIn der Enth\u00fcllung der T\u00e4ufertafel steckt weit mehr als der Verweis auf einen historischen Ort. Wer als Familie gemeinsam leben will, kommt nicht umhin, die Schatten der Vergangenheit, den langen Atem von Fehlurteil und Schuld zur Sprache zu bringen\u201c, so die Kirchenpr\u00e4sidentin. Nur darin stecke Vers\u00f6hnung, Heilung und Zukunft. Auch der ehemalige Kirchenpr\u00e4sident Christian Schad wiederholte Schuldeingest\u00e4ndnis und Entschuldigung, die er 2013 gegen\u00fcber den mennonitischen Schwestern und Br\u00fcdern formuliert hatte. \u201eEs macht uns froh und dankbar, dass in den vergangenen Jahrzehnten eine Reihe von \u00f6kumenischen Dialogen die konfessionelle Konflikt- und Gewaltgeschichte aufgegriffen und bewusst den Weg der Vers\u00f6hnung beschritten wurde\u201c, so Schad.<\/p>\n\n\n\n<div class=\"wp-block-image is-style-default\"><figure class=\"aligncenter size-large\"><img decoding=\"async\" loading=\"lazy\" width=\"800\" height=\"591\" src=\"https:\/\/speyer24news.com\/wp-content\/uploads\/2021\/09\/0909-Taeuferspuren-Gedenktafel-Mennoniten-5_Wuest-Seibel_Foto-Landry.jpg\" alt=\"\" class=\"wp-image-40425\" srcset=\"https:\/\/speyer24news.com\/wp-content\/uploads\/2021\/09\/0909-Taeuferspuren-Gedenktafel-Mennoniten-5_Wuest-Seibel_Foto-Landry.jpg 800w, https:\/\/speyer24news.com\/wp-content\/uploads\/2021\/09\/0909-Taeuferspuren-Gedenktafel-Mennoniten-5_Wuest-Seibel_Foto-Landry-300x222.jpg 300w, https:\/\/speyer24news.com\/wp-content\/uploads\/2021\/09\/0909-Taeuferspuren-Gedenktafel-Mennoniten-5_Wuest-Seibel_Foto-Landry-768x567.jpg 768w, https:\/\/speyer24news.com\/wp-content\/uploads\/2021\/09\/0909-Taeuferspuren-Gedenktafel-Mennoniten-5_Wuest-Seibel_Foto-Landry-80x60.jpg 80w\" sizes=\"(max-width: 800px) 100vw, 800px\" \/><\/figure><\/div>\n\n\n\n<p>Anschlie\u00dfend sprachen Rainer Burkart, Pastor der Mennonitischen Gemeinde Enkenbach, Domkapitular Franz Vogelgesang vom Bistum Speyer und der Alt-Kirchenpr\u00e4sident Schad Gedenkworte f\u00fcr die mennonitischen Gl\u00e4ubigen, die zur Reformationszeit aufgrund ihrer religi\u00f6sen Einstellung leiden mussten.<\/p>\n\n\n\n<p>Weitere Gedenktafeln zur Erinnerung an die T\u00e4uferbewegung befinden sich in Rheinland-Pfalz an der Kirche der Mennonitengemeinde Ibersheim (Worms) oder an der Weierh\u00f6fer Schule, heute Gymnasium Weierhof, in Bolanden.<\/p>\n\n\n\n<h4 class=\"wp-block-heading\">Hintergrund:&nbsp;<\/h4>\n\n\n\n<p>Die evangelische Freikirche der Mennoniten geht auf die T\u00e4uferbewegung der Reformationszeit zur\u00fcck. Namensgeber war der friesische Theologe Menno Simons (1496\u20131561). Wesentliche Merkmale sind unter anderem die Gl\u00e4ubigentaufe, die Ablehnung von Eiden oder milit\u00e4rischem Dienst, die Eigenst\u00e4ndigkeit der einzelnen Ortsgemeinden und die Forderung nach einer Trennung von Staat und Kirche. Die Bibel wird als entscheidende Quelle des Glaubens angesehen. Heute leben in Deutschland ungef\u00e4hr 40 000 Mennoniten.<\/p>\n\n\n\n<p>Im September 2013 intensivierte sich die bewusste Zusammenarbeit der protestantischen und mennonitischen Christinnen und Christen in der Pfalz bei einem Begegnungstag im Gymnasium Weierhof in Bolanden.&nbsp; 150 Teilnehmende waren dabei. Das Programm wurde mit einem \u00f6kumenischen Abendmahlgottesdienst in der mennonitischen Kirche auf dem Weierhof abgeschlossen.<\/p>\n\n\n\n<h4 class=\"wp-block-heading\">Weitere Infos:<\/h4>\n\n\n\n<p><a href=\"https:\/\/deref-web.de\/mail\/client\/iIGXauvLomw\/dereferrer\/?redirectUrl=http%3A%2F%2Fwww.taeuferspuren.de%2F\" target=\"_blank\" rel=\"noreferrer noopener\">T\u00e4uferspuren \u2013 \u00dcber 350 Jahre Mennoniten in S\u00fcdwestdeutschland \u2013 Eine Spurensuche (taeuferspuren.de)<\/a><\/p>\n\n\n\n<p>Pfalztexte 21 Begegnungstag&nbsp;<a href=\"https:\/\/deref-web.de\/mail\/client\/Y6lz_7a8mq4\/dereferrer\/?redirectUrl=https%3A%2F%2Fwww.evkirchepfalz.de%2Ffileadmin%2Fpublic%2Finternet%2F03_dokumente%2FPublikationen%2FPfalztexte21_Begegnungstag.pdf\" target=\"_blank\" rel=\"noreferrer noopener\">Layout 1 (evkirchepfalz.de)<\/a><\/p>\n\n\n\n<p><em>13.09.2021<\/em><\/p>\n\n\n\n<h2 class=\"wp-block-heading\">Dom-RadlerInnen beim Speyerer Stadtradeln am Start<\/h2>\n\n\n\n<h3 class=\"wp-block-heading\">Spa\u00df, Fitness und Klimaschutz stehen f\u00fcr die Teilnehmenden im Vordergrund<\/h3>\n\n\n\n<div class=\"wp-block-image\"><figure class=\"aligncenter size-large\"><img decoding=\"async\" loading=\"lazy\" width=\"600\" height=\"521\" src=\"https:\/\/speyer24news.com\/wp-content\/uploads\/2021\/09\/DomRadlerInnen.jpg\" alt=\"\" class=\"wp-image-40422\" srcset=\"https:\/\/speyer24news.com\/wp-content\/uploads\/2021\/09\/DomRadlerInnen.jpg 600w, https:\/\/speyer24news.com\/wp-content\/uploads\/2021\/09\/DomRadlerInnen-300x261.jpg 300w\" sizes=\"(max-width: 600px) 100vw, 600px\" \/><\/figure><\/div>\n\n\n\n<p><strong>Speyer &#8211; <\/strong>Vom 10. bis zum 30. September hei\u00dft es in Speyer wieder drei Wochen lang kr\u00e4ftig in die Pedale zu treten \u2013 ob ausschlie\u00dflich mit eigener Muskelkraft oder elektrisch unterst\u00fctzt. Ziel ist es m\u00f6glichst viele Fahrradkilometer f\u00fcr den Klimaschutz zu sammeln. Die Stadt Speyer ist bereits zum 9. Mal an der bundesweiten Kampagne \u201eStadtradeln\u201c dabei. Alle, die in Speyer leben und arbeiten, sind zur Teilnahme eingeladen. Insgesamt haben sich bereits 74 Teams in der Domstadt angemeldet. Pr\u00e4miert werden zum Schluss die radaktivsten TeilnehmerInnen und Teams.<\/p>\n\n\n\n<p>Das Bisch\u00f6fliche Ordinariat nimmt mit dem Team \u201eDom-RadlerInnen\u201c am Speyerer Stadtradeln teil. Insgesamt 16 Mitarbeitende, darunter auch Generalvikar Andreas Sturm, schwingen sich beherzt aufs Fahrrad, um ihrer Gesundheit und dem Umweltschutz etwas Gutes zu tun. \u201eDas sind zwei Fliegen mit einer Klappe\u201c, bringt Teamkapit\u00e4nin Manuela Gerhard ihre Motivation zur Teilnahme auf den Punkt. Sie hat dabei auch die Zukunft ihrer Kinder im Blick. \u201eIch bin dabei, weil ich das eine wirklich tolle Aktion finde und gern in der Gemeinschaft m\u00f6glichst viele Kilometer erradeln m\u00f6chte\u201c, erkl\u00e4rt Angelika Schnatterer. F\u00fcr Christian Huber ist das Fahrrad das ideale Verkehrsmittel f\u00fcr die Stadt. \u201eIch komme immer zielgenau dorthin, wo ich hin will, und das meistens schneller als mit jedem anderen fahrbaren Untersatz. Dazu noch emissionsfrei und gesund.\u201c Inge Slupina hat sich f\u00fcr die Aktion angemeldet, weil ihr das Radfahren im Team noch mehr Spa\u00df macht: \u201eIch finde Radfahren toll, weil ich mit dem Rad die Gegend viel mehr wahrnehmen kann und so manche Kleinigkeiten entdecke, die mit dem Auto einfach nicht zu erkennen sind.\u201c Das findet auch Leah R\u00f6hrling: \u201eAm Rad fahren finde ich toll, dass man viel mehr von seiner Umgebung und der Natur mitbekommt, als mit dem Auto oder den \u00d6ffentlichen Verkehrsmitteln.\u201c F\u00fcr Christine Wilke-Zech macht die Mischung aus Spa\u00df, Fitness und Klimaschutz den besonderen Reiz der Aktion aus: \u201eDeshalb mache ich gerne bei der Aktion Stadtradeln mit und nutze auch sonst das Rad t\u00e4glich, zum Beispiel f\u00fcr die Fahrt zum Arbeitsplatz.\u201c<\/p>\n\n\n\n<p>Das Stadtradeln f\u00f6rdert nicht nur die Fitness und den Klimaschutz, sondern auch die Verkehrssicherheit f\u00fcr RadfarerInnen. W\u00e4hrend des Stadtradel-Zeitraums k\u00f6nnen registrierte RadlerInnen per Internet oder STADTRADELN-App via GPS st\u00f6rende und gef\u00e4hrliche Stellen im Radwege-verlauf melden. Auf einer Stra\u00dfenkarte in RADar! kann ein Pin gesetzt werden mit Angaben zum Grund der Meldung. Die Informationen werden an die zust\u00e4nden Stellen der Stadt Speyer weiter gegeben und sollen zur Verbesserung der Radinfrastruktur beitragen.<\/p>\n\n\n\n<h4 class=\"wp-block-heading\">Anmeldungen zum Stadtradeln sind auch noch w\u00e4hrend des Aktionszeitraums m\u00f6glich. Alle wichtigen Infos \u00fcber Anmeldung, Online-Radelkalender, Ergebnisse und vieles mehr auf:<\/h4>\n\n\n\n<p><a href=\"https:\/\/www.stadtradeln.de\/speyer\">https:\/\/www.stadtradeln.de\/speyer<\/a><\/p>\n\n\n\n<p><em>Bistum Speyer<br>13.09.2021<\/em><\/p>\n\n\n\n<h2 class=\"wp-block-heading\">Viel Zustimmung zum Entwurf der Bistumsvision<\/h2>\n\n\n\n<h3 class=\"wp-block-heading\">Im August endete die Resonanzphase \u2013 Felix Goldinger: \u201eZugleich Wunsch nach Konkretisierung\u201c<\/h3>\n\n\n\n<div class=\"wp-block-image\"><figure class=\"aligncenter size-large\"><img decoding=\"async\" loading=\"lazy\" width=\"800\" height=\"608\" src=\"https:\/\/speyer24news.com\/wp-content\/uploads\/2021\/09\/Felix-Goldinger-mittlere-Aufloesung.jpg\" alt=\"\" class=\"wp-image-40421\" srcset=\"https:\/\/speyer24news.com\/wp-content\/uploads\/2021\/09\/Felix-Goldinger-mittlere-Aufloesung.jpg 800w, https:\/\/speyer24news.com\/wp-content\/uploads\/2021\/09\/Felix-Goldinger-mittlere-Aufloesung-300x228.jpg 300w, https:\/\/speyer24news.com\/wp-content\/uploads\/2021\/09\/Felix-Goldinger-mittlere-Aufloesung-768x584.jpg 768w, https:\/\/speyer24news.com\/wp-content\/uploads\/2021\/09\/Felix-Goldinger-mittlere-Aufloesung-80x60.jpg 80w\" sizes=\"(max-width: 800px) 100vw, 800px\" \/><\/figure><\/div>\n\n\n\n<p>Von November des vergangenen Jahres bis August dieses Jahres konnten die Gl\u00e4ubigen eine Resonanz zum ersten Entwurf einer Vision f\u00fcr das Bistum Speyer geben. Dazu gab es Resonanzveranstaltungen in Form von Videokonferenzen, Stimmungsbarometer auf der Internetseite zum Visionsprozess wie auch die M\u00f6glichkeit zu direkten R\u00fcckmeldungen. Im Gespr\u00e4ch erl\u00e4utert Felix Goldinger, Gesch\u00e4ftsf\u00fchrer des Visionsprozesses \u201eSegensorte\u201c, die Ergebnisse der Resonanzphase.<\/p>\n\n\n\n<h4 class=\"wp-block-heading\">Die Resonanzphase fiel in eine Zeit, die immer noch sehr stark von den Einschr\u00e4nkungen durch die Corona-Pandemie bestimmt war. Hat sich das auf die Beteiligung ausgewirkt?<\/h4>\n\n\n\n<p><strong>Felix Goldinger:&nbsp;<\/strong>Die Pandemie hat sich auf alle Lebensbereiche ausgewirkt \u2013 nat\u00fcrlich auch auf die Resonanzphase des Visionsprozesses. Treffen vor Ort waren auch in den letzten Monaten nur bedingt m\u00f6glich, sodass wir aufgrund der Kontaktbeschr\u00e4nkungen einige Formate im digitalen Raum angeboten haben. Es gab zahlreiche Videokonferenzen, in denen sich Interessierte informieren und eine R\u00fcckmeldung einbringen konnten. F\u00fcr die inhaltliche Auseinandersetzung haben zudem Seeelsorger:innen aus dem ganzen Bistum geistliche Impulse und religionsp\u00e4dagogische Einheiten verfasst, die auf der Segensorte-Homepage zu finden sind. Der Online-Resonanzraum bot au\u00dferdem die M\u00f6glichkeit, eine kurze R\u00fcckmeldung zu den Einzelaspekten per Stimmungsbarometer abzugeben oder ausf\u00fchrlich, Schritt f\u00fcr Schritt, auf den Entwurfstext zu reagieren. F\u00fcr Gruppen, die sich vor Ort treffen konnten, haben wir zus\u00e4tzlich eine kleine Arbeitshilfe zusammengestellt, die Methoden und Ideen und f\u00fcr die Auseinandersetzung mit der Vision lieferten.<\/p>\n\n\n\n<h4 class=\"wp-block-heading\">L\u00e4sst sich aus den R\u00fcckmeldungen zum ersten Entwurf der Bistumsvision eine Art Trend herauslesen? Gab es Punkte, die immer wieder angesprochen wurden?<\/h4>\n\n\n\n<p><strong>Felix Goldinger:<\/strong>&nbsp;Ja \u2013 in der Resonanzphase haben wir sehr viel Zustimmung zum Entwurf geh\u00f6rt. Daneben gab es aber auch kritische R\u00fcckmeldungen und Ver\u00e4nderungsvorschl\u00e4ge. Einerseits haben wir mit dem Entwurf unserer gemeinsamen Vision offensichtlich den Nerv vieler Menschen getroffen, die sich eine neue Gestalt von Kirche w\u00fcnschen. Der Entwurf zeichnet das Bild einer Kirche, die Sicherheit bietet und N\u00e4he erm\u00f6glicht, die flexibel mit den Herausforderungen der Zeit umgehen kann und niemanden ausschlie\u00dft. Diese Kirche setzt sich f\u00fcr den Schutz der Natur ein und geht verantwortlich mit Ressourcen um. Das Bild, das wir f\u00fcr diese Kirche beschrieben haben \u2013 das gemeinsame Haus &#8211; hat allerdings auch die Bef\u00fcrchtung geweckt, dass wir als Kirche nicht mobil genug sind und unser Haus zu selten verlassen.<\/p>\n\n\n\n<h4 class=\"wp-block-heading\">Eine M\u00f6glichkeit, R\u00fcckmeldung zu geben, waren die sogenannten Stimmungsbarometer auf der Internetseite zum Visionsprozess. Welches Ergebnis hat sich hier gezeigt?<\/h4>\n\n\n\n<p><strong>Felix Goldinger:<\/strong>&nbsp;Die Stimmungsbarometer zeigen ein sehr deutliches Bild: Zustimmung. Zu jedem einzelnen Aspekt konnte so ein Stimmungsbild abgegeben werden &#8211; und alle Barometer weisen deutlich in Richtung Zustimmung.<\/p>\n\n\n\n<h4 class=\"wp-block-heading\">Es wurden auch mehrere Resonanzveranstaltungen angeboten, teilweise mit verschiedenen Schwerpunkten wie zum Beispiel \u201ePr\u00e4vention und Schutzkonzepte\u201c oder \u201e\u00d6kologie und Klimaschutz\u201c. Welcher Erkenntnisse konntet Ihr aus diesen Veranstaltungen gewinnen? Werden sich die R\u00fcckmeldungen aus diesen Veranstaltungen ebenfalls im \u00fcberarbeiteten Entwurf widerspiegeln?<\/h4>\n\n\n\n<p><strong>Felix Goldinger:<\/strong>&nbsp;Ja, alle R\u00fcckmeldungen die wir eingesammelt haben, auch die aus den Videokonferenzen werden jetzt bei der \u00dcberarbeitung ber\u00fccksichtigt. Die R\u00fcckmeldungen sprechen hier eine \u00e4hnliche Sprache wie die auf den R\u00fcckmeldeb\u00f6gen: viel Zustimmung zum Entwurf, aber auch der Wunsch nach Konkretion und Zuspitzungen. Ein wichtiger Hinweis ist zum Beispiel die \u201e\u00d6kumene\u201c, die im Entwurfstext nicht so deutlich angesprochen wird. Eine weitere Zuspitzung ist die Bedeutung unserer Sendung in die Welt \u2013 also das Hineinwirken in die Gesellschaft und die F\u00f6rderung von mehr Diversit\u00e4t in Bezug auf die Gestalt von Kirche. Gleichzeitig wurde der Umgang mit unserer Schuld als Institution immer wieder thematisiert und der Wunsch ge\u00e4u\u00dfert, dass wir noch deutlichere Formulierungen finden, was Schutz und Pr\u00e4vention von Machtmissbrauch angeht<\/p>\n\n\n\n<h4 class=\"wp-block-heading\">Mit Professor Michael Seewald, Professor f\u00fcr Dogmatik an der Universit\u00e4t M\u00fcnster, der an der Resonanzveranstaltung im Juni mitgewirkt hat, hat auch ein Wissenschaftler mit dem Blick von au\u00dfen R\u00fcckmeldung zum Entwurf der Vision gegeben. Welche Impulse und Anregungen kamen von ihm?<\/h4>\n\n\n\n<p><strong>Felix Goldinger:<\/strong>&nbsp;F\u00fcr mich waren vor allem seine Fragen interessant. Zum Beispiel die Frage, wie wir damit umgehen wollen, dass wir eine Vision entwickeln, die in einigen Bereichen nicht mit r\u00f6mischen Vorgaben zu vereinen ist. Die niedrige Schwelle unserer T\u00fcr steht ja sinnbildlich auch f\u00fcr die Offenheit gegen\u00fcber Menschen, die aufgrund ihrer Sexualit\u00e4t oder Identit\u00e4t bislang von uns diskriminiert werden. Der gemeinsame Tisch ist auch ein Bild f\u00fcr die \u00f6kumenische Gastfreundschaft.&nbsp; Schon diese beiden Bereiche zeigen deutlich, welche vision\u00e4re Kraft in unserem Entwurfstext steckt.<\/p>\n\n\n\n<h4 class=\"wp-block-heading\">Mit dem Ende der Sommerferien endet jetzt auch die Resonanzphase. Wie wird es weitergehen? Was sind die n\u00e4chsten Schritte im Visionsprozess?<\/h4>\n\n\n\n<p><strong>Felix Goldinger:<\/strong>&nbsp;In den n\u00e4chsten Wochen wird die Lenkungsgruppe alle R\u00fcckmeldungen sichten und gemeinsam auswerten. F\u00fcr die Di\u00f6zesanversammlung im Oktober bereiten wir eine \u00fcberarbeitete Fassung vor, die dann im November durch unsere Bischof dem Bistum \u00fcbergeben wird. Die Vision wird dann bei allen Entscheidungen im Bistum als Grundlage dienen. Die Vision muss uns in den n\u00e4chsten wichtigen Schritten, die wir als Di\u00f6zese gehen, herausfordern und dabei helfen, eine neue Gestalt von Kirche in unserem Bistum zu entwickeln. In grundlegenden Bereichen sind wir derzeit als Kirche stark angefragt: der monstr\u00f6se Missbrauch von Macht, der Verlust von Glaubw\u00fcrdigkeit und die schwindende Bedeutung von Kirche in der Gesellschaft, die vielen Austritte und nicht zuletzt die Frage, wie sich die Finanzen weiter entwickeln werden. Das sind auch Themen auf dem Synodalen Weg, den wir als katholische Kirche in Deutschland zurzeit gehen. Vieles, was dort beraten wird, steht in direktem Zusammenhang mit unserer Vision.<\/p>\n\n\n\n<p>In allen Entscheidungen, die k\u00fcnftig getroffen werden, sollte der Anspruch zum Ausdruck kommen, dass wir eine Kirche sein wollen, die dem Wachstum vom Reich Gottes nicht im Wege steht, sondern dabei mitwirkt \u2013 ein Kirche, die Segensort ist.<\/p>\n\n\n\n<h4 class=\"wp-block-heading\">Weitere Informationen zum Visionsprozess SEGENSORTE im Bistum Speyer:<\/h4>\n\n\n\n<figure class=\"wp-block-embed is-type-wp-embed is-provider-bistum-speyer wp-block-embed-bistum-speyer\"><div class=\"wp-block-embed__wrapper\">\n<blockquote class=\"wp-embedded-content\" data-secret=\"3dkD2FBgls\"><a href=\"https:\/\/segensorte.bistum-speyer.de\/\">Home<\/a><\/blockquote><iframe class=\"wp-embedded-content\" sandbox=\"allow-scripts\" security=\"restricted\" style=\"position: absolute; clip: rect(1px, 1px, 1px, 1px);\" title=\"&#8222;Home&#8220; &#8212; Bistum Speyer\" src=\"https:\/\/segensorte.bistum-speyer.de\/embed\/#?secret=3dkD2FBgls\" data-secret=\"3dkD2FBgls\" width=\"500\" height=\"282\" frameborder=\"0\" marginwidth=\"0\" marginheight=\"0\" scrolling=\"no\"><\/iframe>\n<\/div><\/figure>\n\n\n\n<p><em>Bistum Speyer<br>13.09.2021<\/em><\/p>\n\n\n\n<h2 class=\"wp-block-heading\">R\u00fcckblick auf 50 Jahre Mitarbeitervertretung<\/h2>\n\n\n\n<h3 class=\"wp-block-heading\">Festschrift zum Jubil\u00e4um erschienen \u2013 Vorstand \u00fcbergibt Exemplar an Bischof Wiesemann<\/h3>\n\n\n\n<div class=\"wp-block-image\"><figure class=\"aligncenter size-large\"><img decoding=\"async\" loading=\"lazy\" width=\"800\" height=\"553\" src=\"https:\/\/speyer24news.com\/wp-content\/uploads\/2021\/09\/MAV-Vorstand-und-Bischof-Wiesemann-.jpg\" alt=\"\" class=\"wp-image-40420\" srcset=\"https:\/\/speyer24news.com\/wp-content\/uploads\/2021\/09\/MAV-Vorstand-und-Bischof-Wiesemann-.jpg 800w, https:\/\/speyer24news.com\/wp-content\/uploads\/2021\/09\/MAV-Vorstand-und-Bischof-Wiesemann--300x207.jpg 300w, https:\/\/speyer24news.com\/wp-content\/uploads\/2021\/09\/MAV-Vorstand-und-Bischof-Wiesemann--768x531.jpg 768w\" sizes=\"(max-width: 800px) 100vw, 800px\" \/><figcaption>Thomas Ochsenreither (links) und Thomas Eschbach (rechts) vom Vorstand der Mitarbeitervertretung \u00fcberreichten ein Exemplar der Festschrift zum 50. MAV-Jubil\u00e4um an Di\u00f6zesan-Bischof Dr. Karl-Heinz Wiesemann.<br><em>Foto: Klaus Landry<\/em><\/figcaption><\/figure><\/div>\n\n\n\n<p><strong>Speyer &#8211; <\/strong>Die Mitarbeitervertretung (MAV) im Bistum Speyer hat eine Festschrift zum 50-j\u00e4hrigen Jubil\u00e4um der Mitarbeitervertretung im Bistum Speyer herausgegeben. Thomas Ochsenreither und Thomas Eschbach vom Vorstand der Mitarbeitervertretung \u00fcberreichten am 9. September ein Exemplar der Festschrift an Di\u00f6zesan-Bischof Dr. Karl-Heinz Wiesemann.<\/p>\n\n\n\n<p>Generalvikar Andreas Sturm w\u00fcrdigt in einem Gru\u00dfwort f\u00fcr die Festschrift die Arbeit der Mitarbeitervertretung. Sie trage dazu bei, \u201edass wir immer mehr eine synodale Kirche werden\u201c. Nur eine solche Kirche entspreche dem Evangelium, sei glaubhaft und k\u00f6nne Menschen f\u00fcr Gott begeistern. Sturm wirbt f\u00fcr eine Kirche, \u201ein der jede und jeder in ihrer und seiner Einmaligkeit wertgesch\u00e4tzt, in seinen Bed\u00fcrfnissen wahrgenommen und in seiner Verantwortung und seinen Kompetenzen zur Mitgestaltung des Ganzen anerkannt\u201c werde.<\/p>\n\n\n\n<p>Das Leitbild einer \u201eDienstgemeinschaft, die durch gemeinsam getragene Verantwortung verwirklicht und durch vertrauensvolle Zusammenarbeit getragen werden soll\u201c, sei in den 50 Jahren des Bestehens der Mitarbeitervertretung \u201ezum Teil hart auf die Probe gestellt\u201c worden, habe sich \u201e\u00fcber viele Jahre aber auch als tragf\u00e4hig\u201c erwiesen, schreiben Thomas Ochsenreither und Thomas Eschbach in einem Geleitwort. Die Geschichte der Mitarbeitervertretung sei nicht linear verlaufen, sondern \u201emit Hochs und Tiefs, mit Erfolgen, R\u00fcckschl\u00e4gen und Niederlagen\u201c. Sie werben in ihrem Beitrag unter anderem f\u00fcr eine St\u00e4rkung der Mitbestimmungsrechte, die Mitwirkung bei der Gestaltung von zukunftsf\u00e4higen Arbeitspl\u00e4tzen aufgrund von gesellschaftlichem und digitalem Wandel, einer Modernisierung der Verwaltung und der rechtlichen Ausgestaltung von flexibleren Arbeitsformen.<\/p>\n\n\n\n<p>Prof. Dr. Renate Oxenknecht-Witzsch erl\u00e4utert in einem Gastbeitrag die Entwicklung der Mitarbeitervertretung aus rechtshistorischer Perspektive. Der Sozialethiker Prof. Dr. Friedhelm Hengsbach bietet in seinem Beitrag mit dem Titel \u201eMAV &#8211; Eine Erfolgsgeschichte bei hinkendem Interessenausgleich?\u201c eine mitunter kritische Sicht auf die letzten f\u00fcnfzig Jahre. Neben der wissenschaftlichen Perspektive bekommt auch die R\u00fcckschau auf die praktische Arbeit ihren Raum. Thomas Eschbach wirft in seinem Beitrag Schlaglichter auf bedeutsame Themen aus 50 Jahren Mitarbeitervertretung. Eine Abrundung erf\u00e4hrt die etwa 60 Seiten starke Schrift durch eine Zusammenstellung wichtiger statistischer Angaben.<\/p>\n\n\n\n<p>Die Festschrift ist als Band 56 in der Schriftenreihe des Di\u00f6zesan-Archivs Speyer erschienen. Sie ist bei der Mitarbeitervertretung des Bistums Speyer erh\u00e4ltlich (Tel: 06232 102 422, E-Mail:&nbsp;<a>mav@bistum-speyer.de<\/a>).<\/p>\n\n\n\n<h4 class=\"wp-block-heading\">Weitere Informationen zur Mitarbeitervertretung im Bistum Speyer:<\/h4>\n\n\n\n<p><a href=\"https:\/\/www.bistum-speyer.de\/bistum\/aufbau\/raetekommissionen\/mitarbeitervertretung\/\">https:\/\/www.bistum-speyer.de\/bistum\/aufbau\/raetekommissionen\/mitarbeitervertretung\/<\/a><\/p>\n\n\n\n<p><em>Text: Bistum Speyer <em>Foto: Klaus Landry<\/em><br>13.09.2021<\/em><\/p>\n\n\n\n<h2 class=\"wp-block-heading\">8. Spendenaktion &#8222;Hoffnung f\u00fcr Osteuropa&#8220; in Neustadt er\u00f6ffnet<\/h2>\n\n\n\n<h3 class=\"wp-block-heading\">Oberkirchenrat Sutter dankt Arbeitskreis Ukraine-Pfalz f\u00fcr die fast 30-j\u00e4hrige Arbeit als Br\u00fcckenbauer<\/h3>\n\n\n\n<div class=\"wp-block-image\"><figure class=\"aligncenter size-large\"><img decoding=\"async\" loading=\"lazy\" width=\"592\" height=\"617\" src=\"https:\/\/speyer24news.com\/wp-content\/uploads\/2021\/09\/csm_Hoffnung_fuer_Osteuropa_Manfred_Sutter_stehend_14092018_Foto_Landry_800498f211.jpg\" alt=\"\" class=\"wp-image-40419\" srcset=\"https:\/\/speyer24news.com\/wp-content\/uploads\/2021\/09\/csm_Hoffnung_fuer_Osteuropa_Manfred_Sutter_stehend_14092018_Foto_Landry_800498f211.jpg 592w, https:\/\/speyer24news.com\/wp-content\/uploads\/2021\/09\/csm_Hoffnung_fuer_Osteuropa_Manfred_Sutter_stehend_14092018_Foto_Landry_800498f211-288x300.jpg 288w\" sizes=\"(max-width: 592px) 100vw, 592px\" \/><figcaption>Oberkirchenrat Manfred Sutter. <br><em>Foto: lk\/Landry.<\/em><\/figcaption><\/figure><\/div>\n\n\n\n<p><strong>Neustadt\/Speyer <em>(dwp)<\/em> &#8211; <\/strong>Mit einem Festgottesdienst wurde die 28. Aktion &#8222;Hoffnung f\u00fcr Osteuropa&#8220; unter dem Motto &#8222;Br\u00fccken bauen &#8211; Sprache und Begegnung&#8220; in der Stiftskirche in Neustadt er\u00f6ffnet.<\/p>\n\n\n\n<p>Oberkirchenrat Sutter rief dazu auf, selbst zu Br\u00fcckenbauern zu werden und damit einen Beitrag zu Vers\u00f6hnung und Frieden zu leisten. Er berichtete von den Standbeinen des Arbeitskreises Ukraine-Pfalz: humanit\u00e4re Hilfe, Begegnung mit Zwangsarbeiter*innen und deren Angeh\u00f6rigen, Stipendienprogramm, und betonte, dass vor allem das Stipendienprogramm, bei dem schon mehr als 70 Studierende ein Stipendium f\u00fcr einen Aufenthalt in Deutschland erhalten haben, zum Br\u00fccken bauen beitr\u00e4gt. Auf der einen Seite lernen ukrainische Studierende die deutsche Sprache und Kultur kennen, auf der anderen Seite bekommen Deutsche einen Einblick in die Ukraine.<\/p>\n\n\n\n<p>Der Arbeitskreis Ukraine-Pfalz wurde 1992 gegr\u00fcndet: 30 Delegierte aus zehn pf\u00e4lzischen Gemeinden besuchten unter Leitung von Pfarrer Hermann Kuntz die Gebiete Winniza, Poltawa, Nikolajew, Odessa und Ushgorod in der Ukraine. &#8222;Seither ist der Auftrag zu Vers\u00f6hnung und Frieden f\u00fcr die Mitglieder des Arbeitskreises Ukraine-Pfalz eine Lebensaufgabe&#8220;, betonte Sutter. Das beispiellose Engagement eines jedes Einzelnen verdiene Dank, Respekt und hohe Anerkennung.<\/p>\n\n\n\n<p>Die diakonische Arbeit in der Ukraine stand im Mittelpunkt des Festgottesdienstes. Hierzu berichtete eine ukrainische Delegation. Auch der Arbeitskreis Ukraine-Pfalz stellte sich und einige Projekte vor.<\/p>\n\n\n\n<p>Der Arbeitskreis will durch eine Verj\u00fcngung der Verantwortlichen und durch Familien- und Jugendbegegnungsreisen seine Zukunftsf\u00e4higkeit sichern.<\/p>\n\n\n\n<p>Zu den Partnerinnen und Partnern der pf\u00e4lzischen Aktion &#8222;Hoffnung f\u00fcr Osteuropa&#8220; z\u00e4hlen neben dem Arbeitskreis weitere 9 Initiativen. Neben der diakonischen Arbeit werden auch Bildungsprogramme, z.B. f\u00fcr M\u00e4dchen in Moldawien, unterst\u00fctzt. Im kommenden Jahr steht das Land Georgien im Mittelpunkt, dort wird die Ev. Lutherische Kirche und deren Diakonie unterst\u00fctzt.<\/p>\n\n\n\n<h4 class=\"wp-block-heading\">Hinweis:<\/h4>\n\n\n\n<p>Die Spendenaktion &#8222;Hoffnung f\u00fcr Osteuropa&#8220; wurde 1994 als Netzwerk der Hilfe f\u00fcr notleidende Menschen in Osteuropa gegr\u00fcndet. Im Bereich der Evangelischen Kirche der Pfalz engagieren sich derzeit zehn Initiativen und Kirchengemeinden in der Osteuropahilfe. Gef\u00f6rdert werden sozialdiakonische Einrichtungen f\u00fcr Stra\u00dfenkinder, Kinder- und Jugendbegegnungsst\u00e4tten, Diakonie- und Sozialstationen, Menschenrechtszentren, Krankenh\u00e4user, Behinderteneinrichtungen, Altenheime, Schulen und Kindertagesst\u00e4tten.<\/p>\n\n\n\n<h4 class=\"wp-block-heading\">Spendenkonto:<\/h4>\n\n\n\n<p>Hoffnung f\u00fcr Osteuropa<br>Evangelische Bank eG<br>IBAN: DE50 5206 0410 0000 0025 00<br>BIC: GENODEF1EK1<\/p>\n\n\n\n<p><em>13.09.2021<\/em><\/p>\n\n\n\n<h2 class=\"wp-block-heading\">\u201eWunderbares Mutmachereignis f\u00fcr unsere Di\u00f6zese\u201c<\/h2>\n\n\n\n<h3 class=\"wp-block-heading\">In vier Gottesdiensten im Speyerer Dom feierten rund 700 Ehepaare ihr Ehejubil\u00e4um<\/h3>\n\n\n\n<div class=\"wp-block-image\"><figure class=\"aligncenter size-large\"><img decoding=\"async\" loading=\"lazy\" width=\"800\" height=\"604\" src=\"https:\/\/speyer24news.com\/wp-content\/uploads\/2021\/09\/Einzug-in-den-Gottesdienst.jpg\" alt=\"\" class=\"wp-image-40416\" srcset=\"https:\/\/speyer24news.com\/wp-content\/uploads\/2021\/09\/Einzug-in-den-Gottesdienst.jpg 800w, https:\/\/speyer24news.com\/wp-content\/uploads\/2021\/09\/Einzug-in-den-Gottesdienst-300x227.jpg 300w, https:\/\/speyer24news.com\/wp-content\/uploads\/2021\/09\/Einzug-in-den-Gottesdienst-768x580.jpg 768w, https:\/\/speyer24news.com\/wp-content\/uploads\/2021\/09\/Einzug-in-den-Gottesdienst-326x245.jpg 326w, https:\/\/speyer24news.com\/wp-content\/uploads\/2021\/09\/Einzug-in-den-Gottesdienst-80x60.jpg 80w\" sizes=\"(max-width: 800px) 100vw, 800px\" \/><\/figure><\/div>\n\n\n\n<p><strong>Speyer &#8211; <\/strong>\u201eLiebe miteinander leben\u201c. Unter diesem Leitwort feierten am Wochenende (04.09 &amp; 05.09.21) rund 700 Ehepaare ihr Ehejubil\u00e4um. Die insgesamt vier Gottesdienste im Speyerer Dom wurden von Bischof Dr. Karl-Heinz Wiesemann und Weihbischof Otto Georgens zelebriert. Gekommen waren Eheleute aus der gesamten Di\u00f6zese, die silberne, goldene, diamantene Hochzeit oder ein anderes Jubil\u00e4um feierten.<\/p>\n\n\n\n<p>In seiner Predigt nannte Bischof Wiesemann die Feier der Ehejubil\u00e4en ein \u201ewunderbares Mutmachereignis im Dom und f\u00fcr das Bistum\u201c. \u201eSie haben die Liebe gewagt im tiefen Vertrauen, dass da etwas ist, das tr\u00e4gt\u201c, wandte er sich an die Ehejubilare. \u201eGott selbst ist das Mutmach-Geheimnis unseres Lebens. Er ist die Liebe, die st\u00e4rker ist als alles andere.\u201c Der Bischof sprach auch von den \u201eDurststrecken\u201c, die zu einer Ehe wie zum Leben insgesamt dazugeh\u00f6ren. Da helfe nicht Panik, sondern Zeit, die man sich und anderen gew\u00e4hrt. \u201eDie Auferstehung ist die Mitte unseres Glaubens. Gott gibt uns die Kraft, auch die Durstrecken unseres Lebens durchzutragen und immer wieder neu aufzustehen.\u201c<\/p>\n\n\n\n<div class=\"wp-block-image\"><figure class=\"aligncenter size-large\"><img decoding=\"async\" loading=\"lazy\" width=\"800\" height=\"520\" src=\"https:\/\/speyer24news.com\/wp-content\/uploads\/2021\/09\/Feier-der-Ehejubilaeen.jpg\" alt=\"\" class=\"wp-image-40417\" srcset=\"https:\/\/speyer24news.com\/wp-content\/uploads\/2021\/09\/Feier-der-Ehejubilaeen.jpg 800w, https:\/\/speyer24news.com\/wp-content\/uploads\/2021\/09\/Feier-der-Ehejubilaeen-300x195.jpg 300w, https:\/\/speyer24news.com\/wp-content\/uploads\/2021\/09\/Feier-der-Ehejubilaeen-768x499.jpg 768w\" sizes=\"(max-width: 800px) 100vw, 800px\" \/><\/figure><\/div>\n\n\n\n<p>Die Ehe sei \u201eeine Schule der liebenden Aufmerksamkeit\u201c, sagte der Bischof. Dazu geh\u00f6re das Sehen und den anderen nicht in eine Schublade zu stecken. Dazu geh\u00f6re auch das H\u00f6ren, auf die immer wieder neuen Fragen und Herausforderungen im Leben des Partner, der Kinder und der Enkelkinder. Und dazu geh\u00f6re nicht zuletzt das Miteinandersprechen. \u201eWie viel k\u00f6nnte in unserer krisengesch\u00fcttelten Zeit in Kirche und Gesellschaft anders sein, wenn wir mehr einander sehen, einander h\u00f6ren und miteinander sprechen w\u00fcrden\u201c, ermutige Wiesemann die Ehejubilare dazu, weiterhin in Bewegung und beweglich zu bleiben. \u201eDas Leben kann viel Neues bringen, wenn wir nicht im Starrsinn verharren, uns von der Angst l\u00e4hmen lassen, sondern lernen, uns immer wieder aufeinander zu zu bewegen.\u201c<\/p>\n\n\n\n<p>Weihbischof Georgens wies in den Gottesdiensten auf aktuelle Jugendstudien hin: Darin gibt eine Mehrheit der Jugendlichen an, sich nach wie vor die dauerhafte Zweisamkeit bis hin zur Heirat zu w\u00fcnschen. \u201eEine stabile Partnerschaft gilt nach wie vor als Ideal.\u201c Dabei sei klar, \u201edass das Gelingen nicht ausschlie\u00dflich in der eigenen Hand liegt, sondern dass wir mit Gottes Hilfe auf das Gelingen hoffen\u201c. Eine Garantie f\u00fcr das Gelingen gebe es freilich nicht, so Georgens. \u201eDie Liebe zweier Menschen bleibt immer ein Geheimnis, das \u00fcber alle Regeln und alles Machbare hinausgeht.\u201c Der Weihbischof betonte mit Bezug auf Papst Franziskus: \u201eSt\u00fctzende, wertsch\u00e4tzende Rituale des Alltags sind wohl das Salz einer gelingenden Beziehung.\u201c<\/p>\n\n\n\n<div class=\"wp-block-image\"><figure class=\"aligncenter size-large\"><img decoding=\"async\" loading=\"lazy\" width=\"800\" height=\"635\" src=\"https:\/\/speyer24news.com\/wp-content\/uploads\/2021\/09\/Bischof-Karl-Heinz-Wiesemann.jpg\" alt=\"\" class=\"wp-image-40418\" srcset=\"https:\/\/speyer24news.com\/wp-content\/uploads\/2021\/09\/Bischof-Karl-Heinz-Wiesemann.jpg 800w, https:\/\/speyer24news.com\/wp-content\/uploads\/2021\/09\/Bischof-Karl-Heinz-Wiesemann-300x238.jpg 300w, https:\/\/speyer24news.com\/wp-content\/uploads\/2021\/09\/Bischof-Karl-Heinz-Wiesemann-768x610.jpg 768w\" sizes=\"(max-width: 800px) 100vw, 800px\" \/><\/figure><\/div>\n\n\n\n<p>Die Gottesdienste waren verbunden mit einer Einzelsegnung der Ehepaare durch Bischof und Weihbischof, Mitglieder des Domkapitels, Priester, Diakone und Seelsorgerinnen. Musikalisch gestaltet wurden die Messen von den Domorganisten Markus Eichenlaub und Christoph Keggenhoff. Der traditionelle \u201eHochzeitswalzer\u201c auf dem Domvorplatz musste coronabedingt in diesem Jahr entfallen.<\/p>\n\n\n\n<p><em>Text: Bistum Speyer Foto: Klaus Landry<br>13.09.2021<\/em><\/p>\n\n\n\n<h2 class=\"wp-block-heading\">Auf den Spuren j\u00fcdischen Lebens in Hannover und Osnabr\u00fcck<\/h2>\n\n\n\n<div class=\"wp-block-image\"><figure class=\"aligncenter size-large\"><img decoding=\"async\" loading=\"lazy\" width=\"500\" height=\"667\" src=\"https:\/\/speyer24news.com\/wp-content\/uploads\/2021\/03\/Synagoge-Minora.jpg\" alt=\"\" class=\"wp-image-34609\" srcset=\"https:\/\/speyer24news.com\/wp-content\/uploads\/2021\/03\/Synagoge-Minora.jpg 500w, https:\/\/speyer24news.com\/wp-content\/uploads\/2021\/03\/Synagoge-Minora-225x300.jpg 225w\" sizes=\"(max-width: 500px) 100vw, 500px\" \/><\/figure><\/div>\n\n\n\n<p>Im Rahmen des Jubil\u00e4umsjahres \u201e1700 Jahre j\u00fcdisches Leben in Deutschland\u201c l\u00e4dt die Katholische Erwachsenenbildung des Bistums Speyer zu einer Studienfahrt nach Hannover und Osnabr\u00fcck ein.<\/p>\n\n\n\n<p>75 Jahre nach der Shoa hat sich das j\u00fcdische Leben in Deutschland auf vielf\u00e4ltige Weise entwickelt. Besonders gut sichtbar wird das in Hannover, wo es inzwischen drei j\u00fcdische Synagogen sowie ein j\u00fcdisches Begegnungszentrum gibt. 1963 wurde dort auf deutschem Boden die erste Synagoge nach dem Krieg eingeweiht.<\/p>\n\n\n\n<p>Auch heute zeigen sich also im Bild der Stadt viele Aspekte des j\u00fcdischen Lebens in Vergangenheit und Gegenwart, die es zu entdecken lohnt.<\/p>\n\n\n\n<p>Die erste Etappe der Studienfahrt ist daher die Gedenkst\u00e4tte Ahlem. Urspr\u00fcnglich eine j\u00fcdische Gartenbauschule wurde Ahlem im II. Weltkrieg zur Sammelstelle f\u00fcr Deportationen, zum Gef\u00e4ngnis und zum Hinrichtungsort. Inzwischen befindet sich dort eine der modernsten historischen Ausstellungen Hannovers, die den Ort in seiner vielschichtigen Bedeutung beleuchtet. Auf dem Au\u00dfengel\u00e4nde erinnert eine \u201eWand der Namen\u201c mit \u00fcber 3.000 Tafeln an jene Menschen, f\u00fcr die Ahlem eine Station in den Tod war. Die Bepflanzung des Gel\u00e4ndes erinnert dabei stets auch an die g\u00e4rtnerische Tradition des Ortes.<\/p>\n\n\n\n<p>Gegenw\u00e4rtige j\u00fcdische Traditionen zeigen sich besonders gut in den Synagogen und j\u00fcdischen Gemeinden Hannovers. Zwei weitere Programmpunkte bilden daher die Synagogen der j\u00fcdischen (traditionelles Judentum) sowie der j\u00fcdisch-liberalen Gemeinde (progressives und dynamisches Judentum), wo im Rahmen von F\u00fchrungen und Gespr\u00e4chen ein Einblick und Austausch \u00fcber Leben und unterschiedliche Glaubenspraxis m\u00f6glich sein wird.<\/p>\n\n\n\n<p>Ein Einblick in das musikalische Erbe gelingt mit einem Besuch der Villa Seligmann, die sich als Haus der j\u00fcdischen Musik an der Schnittstelle zwischen Geschichte und Gegenwart befindet. 1906 fertiggestellt diente sie zun\u00e4chst als gro\u00dfb\u00fcrgerliches Wohnhaus Siegmund Seligmanns, dem j\u00fcdischen Direktor der Continental AG. 1931 schenkte die Familie das Anwesen der Stadt, woraufhin die Villa fortan unterschiedlich genutzt wurde. Seit 1962 dient sie einem kulturellen und insbesondere musikalischen Zweck und ist seit 2012 Sitz des Europ\u00e4ischen Zentrums f\u00fcr Musik.<\/p>\n\n\n\n<p>Den Abschluss der Fahrt bildet ein Besuch des Felix-Nussbaum-Hauses in Osnabr\u00fcck. Mit mehr als 200 Werken beherbergt es die weltweit gr\u00f6\u00dfte Sammlung der Bilder&nbsp;<a href=\"https:\/\/deref-web.de\/mail\/client\/BUX4upTaq7k\/dereferrer\/?redirectUrl=https%3A%2F%2Fde.wikipedia.org%2Fwiki%2FFelix_Nussbaum\" target=\"_blank\" rel=\"noreferrer noopener\">Felix Nussbaum<\/a>s, der als ein bedeutender j\u00fcdischer Maler der neuen Sachlichkeit gilt. Seine Bilder dokumentieren die Suche nach einer fantasiehaften figurativen Bildsprache und besch\u00e4ftigen sich sp\u00e4ter durchaus auch autobiographisch mit k\u00fcnstlerischer Isolation sowie Verfolgung und Deportation. Das Museum wurde nach den Pl\u00e4nen des amerikanisch-<a href=\"https:\/\/deref-web.de\/mail\/client\/d3BKT9IPNbI\/dereferrer\/?redirectUrl=https%3A%2F%2Fde.wikipedia.org%2Fwiki%2FJuden\" target=\"_blank\" rel=\"noreferrer noopener\">j\u00fcdischen<\/a>&nbsp;Architekten&nbsp;<a href=\"https:\/\/deref-web.de\/mail\/client\/zL-F2fRd9ys\/dereferrer\/?redirectUrl=https%3A%2F%2Fde.wikipedia.org%2Fwiki%2FDaniel_Libeskind\" target=\"_blank\" rel=\"noreferrer noopener\">Daniel Libeskind<\/a>&nbsp;errichtet und ist das erste von ihm erbaute und er\u00f6ffnete Geb\u00e4ude.<\/p>\n\n\n\n<figure class=\"wp-block-table\"><table><tbody><tr><td>&nbsp;<\/td><td>&nbsp;<\/td><\/tr><tr><td>Termin:<\/td><td>Mittwoch, 20. Oktober bis Samstag, 23. Oktober 2021<\/td><\/tr><tr><td>Leitung:<\/td><td>Gertrud Fickinger, KEB Saarpfalz und Sonja Haub, KEB Pfalz<\/td><\/tr><tr><td>Ort und Veranstaltungsraum:<\/td><td>Hannover \/ Osnabr\u00fcck<\/td><\/tr><tr><td>Kosten:<\/td><td>320,- \u20ac \/ erm\u00e4\u00dfigt 250,- \u20ac (inkl. Fahrt, \u00dcbernachtungen, Fr\u00fchst\u00fcck und Abendessen, Reiseleitung, Eintritte und F\u00fchrungen)<\/td><\/tr><tr><td>Anmeldung und Kontakt<\/td><td>Katholische ErwachsenenbildungTel.: 06894 \/ 96305-16E-Mail:&nbsp;<a>keb-saarpfalz@bistum-speyer.de<\/a>Anmeldeschluss: 15. September 2021<\/td><\/tr><\/tbody><\/table><\/figure>\n\n\n\n<p><em>Bistum Speyer<br>13.09.2021<\/em><\/p>\n\n\n\n<h2 class=\"wp-block-heading\">Schalom Martin &#8211; Lesung im Bibelmuseum Neustadt<\/h2>\n\n\n\n<h3 class=\"wp-block-heading\">Einblicke mit Michael Landgraf in die Ausstellung zu 1.700 Jahre j\u00fcdisches Leben in Deutschland.<\/h3>\n\n\n\n<div class=\"wp-block-image\"><figure class=\"aligncenter size-large\"><img decoding=\"async\" loading=\"lazy\" width=\"800\" height=\"600\" src=\"https:\/\/speyer24news.com\/wp-content\/uploads\/2021\/09\/csm_Vitrine_mit_Plakat_Schalom_20210830_061018_dcfaa672d8.jpg\" alt=\"\" class=\"wp-image-40415\" srcset=\"https:\/\/speyer24news.com\/wp-content\/uploads\/2021\/09\/csm_Vitrine_mit_Plakat_Schalom_20210830_061018_dcfaa672d8.jpg 800w, https:\/\/speyer24news.com\/wp-content\/uploads\/2021\/09\/csm_Vitrine_mit_Plakat_Schalom_20210830_061018_dcfaa672d8-300x225.jpg 300w, https:\/\/speyer24news.com\/wp-content\/uploads\/2021\/09\/csm_Vitrine_mit_Plakat_Schalom_20210830_061018_dcfaa672d8-768x576.jpg 768w, https:\/\/speyer24news.com\/wp-content\/uploads\/2021\/09\/csm_Vitrine_mit_Plakat_Schalom_20210830_061018_dcfaa672d8-678x509.jpg 678w, https:\/\/speyer24news.com\/wp-content\/uploads\/2021\/09\/csm_Vitrine_mit_Plakat_Schalom_20210830_061018_dcfaa672d8-326x245.jpg 326w, https:\/\/speyer24news.com\/wp-content\/uploads\/2021\/09\/csm_Vitrine_mit_Plakat_Schalom_20210830_061018_dcfaa672d8-80x60.jpg 80w\" sizes=\"(max-width: 800px) 100vw, 800px\" \/><\/figure><\/div>\n\n\n\n<p><strong>Neustadt <em>(lk)<\/em> &#8211; <\/strong>Gleich zweierlei gibt es 2021 zu feiern und zu gedenken. Zum einen sind es 1.700 Jahre, in denen es nachweislich j\u00fcdisches Leben in der Region am Rhein gibt. Dar\u00fcber hinaus wurden vor wenigen Wochen die SchUM-St\u00e4dte Speyer, Worms und Mainz von der UNESCO zum Weltkulturerbe erkl\u00e4rt. Grund genug, im Erlebnis-Bibelmuseum Neustadt an der Weinstra\u00dfe auf diese Ereignisse aufmerksam zu machen, denn das Museum verf\u00fcgt auch \u00fcber eine Sammlung von Judaika.<\/p>\n\n\n\n<p>Der Pf\u00e4lzer Pfarrer, Schriftsteller und Dozent Michael Landgraf wird aus diesem Anlass am 16. September 2021 ab 19 Uhr Passagen aus seinem Buch &#8222;Schalom Martin. Eine Begegnung mit dem Judentum&#8220; (Marix-Verlag Wiesbaden 2017) pr\u00e4sentieren und diese mit Objekten der Sammlung in Verbindung bringen. So werden am Beispiel der im Museum befindlichen Tora-Ausgaben die hebr\u00e4ischen Heiligen Schriften thematisiert, wie auch die Bar Mizwa, bei der die j\u00fcdische Gemeinde das Erreichen des Erwachsenenalters von Jungen feiert. Auch die jahreszeitlichen Feste, Essen und Trinken, j\u00fcdischer Weinbau und die Verfolgung von Juden stehen im Fokus.<\/p>\n\n\n\n<p>Gef\u00f6rdert wird die Veranstaltung vom PEN-Zentrum Deutschland, durch die Beauftrage der Bundesregierung f\u00fcr Kultur und Medien (BKM) mit Mitteln aus NEUSTART KULTUR sowie durch den Deutschen Literaturfonds. Daher ist der Besuch der Lesung und des Museums kostenfrei.<\/p>\n\n\n\n<p>Es gelten die aktuellen Corona-Regeln f\u00fcr Innenveranstaltungen. Es besteht die M\u00f6glichkeit, dass die Lesung auch in den Au\u00dfenbereich des Museums verlegt wird.<\/p>\n\n\n\n<h4 class=\"wp-block-heading\">Anmeldung erbeten \u00fcber das Erlebnis-Bibelmuseum, Stiftstr. 23, 67434 Neustadt:<\/h4>\n\n\n\n<p><a href=\"mailto:gerd.rieger@evkirchepfalz.de\">gerd.rieger@evkirchepfalz.de<\/a>, Telefon 06321-84772.&nbsp;<a href=\"https:\/\/deref-web.de\/mail\/client\/LkO5s0ZgmkM\/dereferrer\/?redirectUrl=http%3A%2F%2Fwww.bibelmuseum-pfalz.de\" target=\"_blank\" rel=\"noreferrer noopener\">www.bibelmuseum-pfalz.de<\/a><\/p>\n\n\n\n<p><em>13.09.2021<\/em><\/p>\n\n\n\n<h2 class=\"wp-block-heading\">Kinder und Jugendliche m\u00fcssen im Fokus der Politik bleiben<\/h2>\n\n\n\n<h3 class=\"wp-block-heading\">Verantwortliche f\u00fcr Kinder und Jugendliche aus dem Bistum Speyer positionieren sich zu Schuljahresbeginn<\/h3>\n\n\n\n<p>Anfang der Kalendarwoche 35 hat im Saarland und in Rheinland-Pfalz die Schule wieder begonnen. Das sorgte ausnahmsweise wohl beim Gro\u00dfteil der Sch\u00fcler*innen f\u00fcr gro\u00dfe Freude. Wieso dem so war, ist schnell klar \u2013 der Unterricht fand wieder in Pr\u00e4senz statt und die Kinder und Jugendlichen konnten ihre Klassenkamerad*innen und auch Lehrer*innen das erste Mal seit langem wieder live und in Farbe sehen.&nbsp;<sup>\u00ad<\/sup><\/p>\n\n\n\n<p>Mit Blick auf das vergangene Schuljahr zeigt sich Thomas Stephan, Leiter der Abteilung Lernkultur und Schulseelsorge des Bistums Speyer, nun hoffnungsvoll: \u201eDas letzte Schuljahr war f\u00fcr viele Sch\u00fcler*innen besonders schwierig und belastend. In Seelsorgegespr\u00e4chen wurde eine zunehmende Unsicherheit aber auch \u00dcberdrehtheit aufgrund der Reiz\u00fcberflutung durch den digitalen Unterricht sp\u00fcrbar. Insofern freuen wir Schulseelsorger*innen uns, dass die Kinder und Jugendlichen jetzt wieder die M\u00f6glichkeit haben, fernab ihres Elternhauses in Pr\u00e4senz unterrichtet zu werden und Gemeinschaft erleben zu k\u00f6nnen.\u201c<\/p>\n\n\n\n<p>Trotz aller Freude \u00fcber die zur\u00fcckgekehrte Normalit\u00e4t, hoffen die Verantwortlichen von youngcaritas, BDKJ (Bund der Deutschen Katholischen Jugend) und der Schulseelsorge, dass Kinder und Jugendliche bei steigenden Inzidenzen nicht aus dem Blickfeld der Politik geraten. Thomas Heitz, Vorsitzender des BDKJ Speyer, betont zudem, dass die Lebenswelt von Kindern und Jugendlichen \u00fcber die Schule hinausgehe. Die Bedeutung von Kinder- und Jugendarbeit m\u00fcsse als gleichberechtigtes und komplement\u00e4res Lern- und Entwicklungsfeld wahrgenommen und gef\u00f6rdert werden.<\/p>\n\n\n\n<p>Insgesamt ist soziales Engagement w\u00e4hrend der Corona-Pandemie in vielen Lebensbereichen in den Vordergrund ger\u00fcckt. Marie Blechschmidt, Referentin f\u00fcr die youngcaritas im Bistum Speyer, macht soziales Engagement junger Menschen m\u00f6glich und sichtbar. \u201eDurch Workshops an Schulen wollen wir vor allem auch Jugendliche erreichen, die sonst eher weniger mit Kirche am Hut haben.\u201c erkl\u00e4rt Blechschmidt. \u201eIch hatte bei digitalen Klassenbesuchen den Eindruck, dass das Verst\u00e4ndnis junger Menschen f\u00fcr soziale Themen durch Corona gewachsen ist. Da sie selbst am eigenen Leib erlebten, wie es ist, isoliert zu sein, r\u00fcckte die Lebenssituation von beispielsweise Senior*innen in Pflegeheimen viel n\u00e4her.\u201c<\/p>\n\n\n\n<p>Damit Kinder und Jugendliche sich auch bei einem m\u00f6glichen weiteren Lockdown wahr- und ernstgenommen f\u00fchlen, setzen die Verantwortlichen auf die Fortf\u00fchrung ihrer Angebote. \u201eAls Schulseelsorge haben wir einen begleitenden Charakter in der Lebenswelt Schule. Bei Krisen, Problemen oder generellem Redebedarf haben wir f\u00fcr alle Sch\u00fcler*innen ein offenes Ohr. Wo es notwendig ist, vermitteln wir auch Beratungsangebote der Caritas-Zentren\u201c, so Stephan. Der BDKJ und seine Mitgliedsverb\u00e4nde sind bestens ger\u00fcstet. Viele Angebote wie Schulungen, Gruppenstunden, Konferenzen oder Spieleabende wurden aufgrund der Pandemie in den digitalen Raum verlegt&nbsp;oder in Pr\u00e4senz durch Einhalten der Hygienekonzepte durchgef\u00fchrt. \u201eWir haben viele unserer Angebote an die Situation angepasst. Klar ist jedoch, dass der pers\u00f6nliche Kontakt fehlt \u2013 erst recht, wenn jungen Menschen aufgrund finanzieller Gegebenheiten keine digitalen Endger\u00e4te zur Verf\u00fcgung stehen. Hier gilt es Perspektiven zu schaffen, sodass Kinder und Jugendliche die M\u00f6glichkeit haben ihre Pers\u00f6nlichkeit frei zu entwickeln\u201c, betont Heitz.<\/p>\n\n\n\n<h4 class=\"wp-block-heading\">Weitere Information und Kontakt zu youngcaritas Speyer:&nbsp;<\/h4>\n\n\n\n<p><a href=\"https:\/\/deref-web.de\/mail\/client\/KlUp8qXjpuk\/dereferrer\/?redirectUrl=https%3A%2F%2Fwww.youngcaritas.de%2Flokalisiert%2Frheinland-pfalz%2Fspeyer%2Fspeyer\" target=\"_blank\" rel=\"noreferrer noopener\">https:\/\/www.youngcaritas.de\/lokalisiert\/rheinland-pfalz\/speyer\/speyer<\/a><\/p>\n\n\n\n<h4 class=\"wp-block-heading\">Weitere Information und Kontakt zur Abteilung Lernkultur und Schulseelsorge Bistum Speyer:<\/h4>\n\n\n\n<p><a href=\"https:\/\/www.bistum-speyer.de\/schule\/ha-ii3-lernkultur-und-schulseelsorge\/schul-krisenseelsorge\/\">https:\/\/www.bistum-speyer.de\/schule\/ha-ii3-lernkultur-und-schulseelsorge\/schul-krisenseelsorge\/<\/a><\/p>\n\n\n\n<h4 class=\"wp-block-heading\">Weitere Informationen und Kontakt zum BDKJ Speyer:<\/h4>\n\n\n\n<p><a href=\"https:\/\/deref-web.de\/mail\/client\/YbBl4takm6U\/dereferrer\/?redirectUrl=http%3A%2F%2Fwww.bdkj-speyer.de\" target=\"_blank\" rel=\"noreferrer noopener\">www.bdkj-speyer.de<\/a><\/p>\n\n\n\n<p>Beschluss \u201ePerspektiven schaffen und Zukunft sichern! Jugendverbandsarbeit in der Pandemie st\u00e4rken!\u201c:&nbsp;<a href=\"https:\/\/deref-web.de\/mail\/client\/wCjhJ92AI9s\/dereferrer\/?redirectUrl=https%3A%2F%2Fwww.bdkj.de%2Ffileadmin%2Fbdkj%2FDokumente%2FBeschluesse%2F3%2F3_90_Perspektiven_schaffen_und_Zukunft_sichern_.pdf\" target=\"_blank\" rel=\"noreferrer noopener\">https:\/\/www.bdkj.de\/fileadmin\/bdkj\/Dokumente\/Beschluesse\/3\/3_90_Perspektiven_schaffen_und_Zukunft_sichern_.pdf<\/a><\/p>\n\n\n\n<p><em>Bistum Speyer<br>13.09.2021<\/em><\/p>\n\n\n\n<h2 class=\"wp-block-heading\">Den Dom als \u201esakralen Kosmos\u201c gew\u00fcrdigt<\/h2>\n\n\n\n<h3 class=\"wp-block-heading\">Professor Andreas Odenthal hielt Festvortrag bei Jahrestreffen der Gesellschaft f\u00fcr mittelrheinische Kirchengeschichte<\/h3>\n\n\n\n<div class=\"wp-block-image\"><figure class=\"aligncenter size-large\"><img decoding=\"async\" loading=\"lazy\" width=\"800\" height=\"600\" src=\"https:\/\/speyer24news.com\/wp-content\/uploads\/2021\/09\/P1050835_m.jpg\" alt=\"\" class=\"wp-image-40414\" srcset=\"https:\/\/speyer24news.com\/wp-content\/uploads\/2021\/09\/P1050835_m.jpg 800w, https:\/\/speyer24news.com\/wp-content\/uploads\/2021\/09\/P1050835_m-300x225.jpg 300w, https:\/\/speyer24news.com\/wp-content\/uploads\/2021\/09\/P1050835_m-768x576.jpg 768w, https:\/\/speyer24news.com\/wp-content\/uploads\/2021\/09\/P1050835_m-678x509.jpg 678w, https:\/\/speyer24news.com\/wp-content\/uploads\/2021\/09\/P1050835_m-326x245.jpg 326w, https:\/\/speyer24news.com\/wp-content\/uploads\/2021\/09\/P1050835_m-80x60.jpg 80w\" sizes=\"(max-width: 800px) 100vw, 800px\" \/><figcaption>Professor&nbsp;Dr. Bernhard Schneider (Mitte) ehrt Dr. Kurt Andermann (rechts) und Dr. Gerhard Fouquet (links).<br><em><em>Foto:<\/em><\/em> <em>\u00a9 Domkapitel Speyer<\/em><\/figcaption><\/figure><\/div>\n\n\n\n<p><strong>Speyer &#8211; <\/strong>Am 1. September lud die Speyerer Bistumsgruppe der Gesellschaft f\u00fcr mittelrheinische Kirchengeschichte zu einer Festveranstaltung im Speyerer Dom ein. Geehrt wurden die beiden Professoren Dr. Kurt Andermann (Freiburg\/Breisgau) und Dr. Gerhard Fouquet (Kiel). Der Pr\u00e4sident der Vereinigung, Professor Dr. Bernhard Schneider (Trier) \u00fcbergab den beiden Historikern die Ehrengabe der Gesellschaft. Den Festvortrag zum Thema \u201eGottesdienst an der Saliergrablege. Zur Liturgie am Speyerer Dom im sp\u00e4ten Mittelalter\u201c hielt Professor Dr. Andreas Odenthal (Bonn). F\u00fcr die musikalische Gestaltung der Feier, bei der Weihbischof Otto Georgens die Er\u00f6ffnung und das Schlusswort \u00fcbernahm, sorgte Domorganist Markus Eichenlaub.<\/p>\n\n\n\n<p>Weihbischof und Dompropst Otto Georgens begr\u00fc\u00dfte zun\u00e4chst die Anwesenden, darunter auch mit Weihbischof Dr. Thomas L\u00f6hr (Limburg) und Weihbischof Professor Dr. Karlheinz Diez (Fulda) zwei Amtskollegen. Besonders erfreut zeigte er sich dar\u00fcber, dass der schon f\u00fcr einen fr\u00fcheren Zeitpunkt geplante und Corona-bedingt verschobene Vortrag von Professor Odenthal in Verbindung mit dem Festakt im Dom nun stattfinden konnte.<\/p>\n\n\n\n<p>Andreas Odenthal, Professor f\u00fcr Liturgiewissenschaft in Bonn, las zu Beginn seines Vortrags dem Speyerer Domkapitel die Leviten. Er sei heute, am Weihetag der Krypta, dort gewesen und habe keine brennenden Kerzen vorgefunden. Damit stieg er zugleich unmittelbar in die Materie seines Vortrags ein, indem er den Anwesenden zun\u00e4chst das liturgische Verst\u00e4ndnis des Mittelalters n\u00e4her brachte, das sich fundamental von dem heutigen unterscheide. Im Mittelalter seien innerhalb eines Jahres 12167 Messen im Dom gefeiert worden. Allerdings seien dies keine Messen mit dem Zweck der Gemeindeeucharistie, sondern Messen zur Ehre der Alt\u00e4re und der dort verehrten Heiligen gewesen. Der gesamte Dom, so Odenthal, sei als \u201esakraler Kosmos\u201c zu verstehen, der im Rahmen der Liturgie durchschritten wurde. Wobei das Durchschreiten durchaus w\u00f6rtlich gemeint sei, da Prozessionen und Stationen innerhalb und au\u00dferhalb des Domes eine wichtige Form der mittelalterlichen Liturgie waren.<\/p>\n\n\n\n<p>Im Folgenden zeigte der Liturgie-Wissenschaftler, wie die architektonische Gestaltung und die Zuordnung der zahlreichen Alt\u00e4re durch die salischen Kaiser als Erbauer des Doms bestimmt worden waren. Dass Speyer, anders als die romanischen Dome in Mainz und Worms, nicht als doppelch\u00f6rige Kirche nach r\u00f6mischem Vorbild konzipiert wurde, bezeichnete er dabei als \u201eph\u00e4nomenale Neuerung der Sakraltopographie\u201c. Nach Odenthal stellte der Domgr\u00fcnder, Kaiser Konrad II. damit Maria als Hauptpatronin in den Mittelpunkt, indem ihr der Hochaltar geweiht war. Ferner habe es bis 1303 Alt\u00e4re nur jenseits der Saliergrablege gegeben, womit der Kirchenraum auf die Grablege hin ausgerichtet wurde. Mit der Zuordnung der Alt\u00e4re im Querhaus und in der Krypta zeigte er weitere Bez\u00fcge zu biografischen Daten der Salier und deren Memoria, das hei\u00dft der Sorge um das Seelenheil nach deren Tod. Anschaulich und mit sichtbarem Eifer schilderte Odenthal die \u201ereiche, lebendige Liturgie\u201c des Mittelalters. Besonders eindr\u00fccklich gelang ihm dies, indem er abschlie\u00dfend den gregorianischen Choral zum Tagesevangelium vortrug: \u201eWie ehrfurchtgebietend ist doch dieser Ort\u201c.<\/p>\n\n\n\n<p>Die Ehrung, die im Zentrum des Festaktes stand, nahm im Anschluss Professor Dr. Berhard Schneider vor. Als Pr\u00e4sident der Gesellschaft f\u00fcr mittelrheinische Kirchengeschichte hatte er die Aufgabe, gleich zwei zu Ehrende zu w\u00fcrdigen: Professor Dr. Kurt Andermann, Universit\u00e4t Freiburg und Dr. Gerhard Fouquet von der Universit\u00e4t Kiel. Dabei gelang es ihm, beide in ihrer Eigenheit und Bedeutung zu portr\u00e4tieren und gleichzeitig die Verbindungen zwischen ihnen aufzuzeigen. So stammten beide aus St\u00e4dten am Rhein, Andermann aus Speyer, Fouquet aus Ludwigshafen. Beide eine zudem die Liebe zur Geschichte und zur Geschichtswissenschaft, der sie zuerst ihr Studium und dann ihre weitere berufliche Laufbahn gewidmet hatten. Beide teilten das Interesse an der sp\u00e4tmittelalterlichen Geschichte des mittel- und oberrheinischen Raumes und speziell auch an derjenigen von Stadt und Hochstift Speyer. Promovierte Andermann zum pf\u00e4lzischen Niederadel im Sp\u00e4tmittelalter, so w\u00e4hlte Fouquet das Speyerer Domkapitel in dieser Epoche als Thema seiner Dissertation. Schneider nutzte die Laudatio auch, um die f\u00fcr historische Forschungen unabdingbare Arbeit der Archive, wo einer der Geehrten seine Laufbahn begonnen und der andere sie dort beendet habe.<\/p>\n\n\n\n<p>Mit der Ehrung der beiden Pers\u00f6nlichkeiten auf Vorschlag der Speyerer Bistumsgruppe w\u00fcrdige die Gesellschaft insbesondere ihre vielf\u00e4ltigen Forschungen zur Geschichte der Kirche und des Klerus im rheinischen Raum, erkl\u00e4rte Schneider. Ihre Arbeiten betr\u00e4fen die Geschichte der Speyerer Bisch\u00f6fe des Sp\u00e4tmittelalters und der Fr\u00fchen Neuzeit sowie des Speyerer Domkapitels und des Hochstifts Speyer. Die lange Liste der Monographien, Zeitschriftenartikel und Aufs\u00e4tze der beiden spr\u00e4che dazu buchst\u00e4blich B\u00e4nde. \u201eIhre Forschungen waren und sind f\u00fcr unsere Gesellschaft h\u00f6chst relevant\u201c und daher&nbsp;erhielten sie v\u00f6llig zu Recht die Ehrengabe der Gesellschaft f\u00fcr mittelrheinische Kirchengeschichte, die er im Anschluss in seiner Funktion als deren Pr\u00e4sident \u00fcberreichte.<\/p>\n\n\n\n<p>Abschlie\u00dfend bedankte sich Weihbischof Georgens bei allen Mitwirkenden des Abends. Bezug nehmend auf den Vortrag von Professor Odenthal folgerte er: \u201eDurch alle Jahrhunderte hindurch ist unser Dom ein durchbeteter Raum.\u201c Ein gemeinsames Gebet beschloss dann auch die feierliche Festveranstaltung im Dom.<\/p>\n\n\n\n<p><em>Bistum Speyer<br>13.09.2021<\/em><\/p>\n\n\n\n<h2 class=\"wp-block-heading\">Anregungen f\u00fcr den Artenschutz und Erlebnisse in der Natur<\/h2>\n\n\n\n<h3 class=\"wp-block-heading\">\u201eUnsere Heimat. Nat\u00fcrlich vielf\u00e4ltig\u201c, so ist ein Kalenderbuch f\u00fcr das Jahr 2022 aus dem Speyerer Pilgerverlag \u00fcberschrieben. Thematisch geht es darin um Artenvielfalt und Naturschutz zwischen den vorderpf\u00e4lzischen Rheinauen, dem Pf\u00e4lzerwald bis in den saarl\u00e4ndischen Bliesgau hinein.<\/h3>\n\n\n\n<div class=\"wp-block-image is-style-default\"><figure class=\"aligncenter size-large\"><img decoding=\"async\" loading=\"lazy\" width=\"500\" height=\"714\" src=\"https:\/\/speyer24news.com\/wp-content\/uploads\/2021\/09\/Unsere-Heimat.-Natuerlich-vielfaeltig.jpg\" alt=\"\" class=\"wp-image-40413\" srcset=\"https:\/\/speyer24news.com\/wp-content\/uploads\/2021\/09\/Unsere-Heimat.-Natuerlich-vielfaeltig.jpg 500w, https:\/\/speyer24news.com\/wp-content\/uploads\/2021\/09\/Unsere-Heimat.-Natuerlich-vielfaeltig-210x300.jpg 210w\" sizes=\"(max-width: 500px) 100vw, 500px\" \/><figcaption><em>Den artenvielf\u00e4ltigen Jahresbegleiter &#8222;Unsere Heimat. Nat\u00fcrlich vielf\u00e4ltig&#8220;, mit 164 Seiten im Format 165&#215;235 mm und zahlreichen Farb-Abbildungen, gibt es f\u00fcr 9,80 Euro im Buch-handel (ISBN 978-3-946777-19-9) oder beim Pilgerverlag Speyer, Telefon (06232) 31830,&nbsp;<a href=\"mailto:info@pilgerverlag.de\" target=\"_blank\" rel=\"noreferrer noopener\">info@pilgerverlag.de<\/a>,&nbsp;<a href=\"https:\/\/deref-web.de\/mail\/client\/yu_zhNGUezM\/dereferrer\/?redirectUrl=http%3A%2F%2Fwww.pilgerverlag.de\" target=\"_blank\" rel=\"noreferrer noopener\">www.pilgerverlag.de<\/a>&nbsp;(Abonnenten der Kirchenzeitung \u201eder pilger\u201c erhalten das 164-seitige- \u201ePilgerkalender\u201c-Buch zum verg\u00fcnstigten Preis von 5,80 Euro). Infos auch auf&nbsp;<a href=\"https:\/\/deref-web.de\/mail\/client\/X5rwrWQfAiU\/dereferrer\/?redirectUrl=http%3A%2F%2Fwww.unsere-heimat.info\" target=\"_blank\" rel=\"noreferrer noopener\">www.unsere-heimat.info<\/a><\/em><\/figcaption><\/figure><\/div>\n\n\n\n<p>Der Speyerer Verlag, der zur Peregrinus GmbH geh\u00f6rt, gibt damit dem traditionellen \u201ePilger-Kalender\u201c in seinem 101. Jahrgang eine neue Bedeutung. \u201eMit dem neuen Produkt verbinden sich f\u00fcr uns zwei wichtige Dimensionen\u201c, sagt Verlags-Gesch\u00e4ftsf\u00fchrer Marco Fraleoni: \u201eZum einen ver\u00e4ndern wir unseren ,Pilger-Kalender\u2018, um ihn in die Zukunft zu f\u00fchren, zum anderen wollen wir damit aktiv werden im Sinne der Nachhaltigkeit und des Naturschutzes. Wir haben dabei das Ziel im Blick, m\u00f6glichst viele Menschen daf\u00fcr zu begeistern, die Sch\u00f6pfung zu erhalten.\u201c Diesem Ziel entspreche es, dass das Kalenderbuch nun erstmals auch im Buchhandel erh\u00e4ltlich sei.<\/p>\n\n\n\n<p>Mit dem Inhalts-Schwerpunkt \u201eArtenvielfalt\u201c greift die Publikation das Jahresthema \u201enat\u00fcrlich vielf\u00e4ltig\u201c der \u00f6kumenischen Nachhaltigkeitsinitiative \u201eTrendsetter Weltretter\u201c auf, die von der Evangelischen Kirche der Pfalz und dem Bistum Speyer gemeinsam gestartet wurde. Das neue Kalenderbuch ist ein Begleiter dieser Initiative, die vor allem im Sch\u00f6pfungsmonat September mit Veranstaltungen an die \u00d6ffentlichkeit tritt. Dazu haben \u201eTrendsetter Weltretter\u201c und der Verlag eine inhaltlich-thematische Kooperation vereinbart. \u201eDie Aktion ,Trendsetter Weltretter\u2018 macht Vorschl\u00e4ge, wie jede und jeder mit kleinen Ver\u00e4nderungen im Alltag Beitr\u00e4ge zu einem nachhaltigeren Lebensstil leisten kann. Dieses Anliegen greift das neue Kalenderbuch auf und wird so zu einem Begleitbuch f\u00fcr unsere Nachhaltigkeitsinitiative\u201c, sagt Sibylle Wiesemann, die Umweltbeauftragte der Evangelischen Kirche der Pfalz.<\/p>\n\n\n\n<p>Wie die Aktion \u201eTrendsetter Weltretter\u201c besch\u00e4ftigen sich auch die Buchthemen in verschiedenen Aspekten mit dem Arten- und Naturschutz: Ganzheitliche Erfahrungen und Erlebnisse in und mit der Natur sind daf\u00fcr ein Ausgangspunkt. Unter die Lupe genommen wird Artenvielfalt in der \u201eWildnis\u201c wie auch im Hausgarten und der Landwirtschaft. Und letztlich geht es um die politische Dimension des Artenschutzes und um Ideen f\u00fcr eine \u00f6kologisch-soziale Wandlung unserer Gesellschaft.<\/p>\n\n\n\n<p>Schon der Buchtitel \u201eUnsere Heimat\u201c weist darauf hin: Die Beitr\u00e4ge im neuen Kalenderbuch widmen sich regional vor allem der Pfalz und Saarpfalz. Auch deswegen hat der Pilgerverlag mit dem Bezirksverband Pfalz einen weiteren Kooperationspartner gewonnen.&nbsp;\u201eAuch der Bezirksverband Pfalz unterst\u00fctzt die Initiative der Kirchen, ist er doch schon seit Jahren im Sinne der Nachhaltigkeit unterwegs und besch\u00e4ftigt auch eine Klimaschutzmanagerin\u201c, sagt der Bezirkstagsvorsitzende Theo Wieder. So habe der Regionalverband schon zahlreiche Klimaschutzprojekte von der Sanierung der Heizungssysteme und Beleuchtung in seinen Einrichtungen bis zur F\u00f6rderung der Elektromobilit\u00e4t durchgef\u00fchrt. Die Artenvielfalt habe er mit \u00f6kologischen D\u00e4mmma\u00dfnahmen und der Integration von Nistm\u00f6glichkeiten f\u00fcr V\u00f6gel und Flederm\u00e4use im Blick. \u201eDer Bezirksverband Pfalz ist Tr\u00e4ger des Biosph\u00e4renreservats Pf\u00e4lzerwald\u201c, f\u00e4hrt Bezirkstagsvorsitzender Wieder fort, \u201eder ein einzigartiges Gro\u00dfschutzgebiet bildet\u201c. Hierf\u00fcr gebe es umweltbezogene Bildungsangebote, die sich an den Standards der Bildung f\u00fcr nachhaltige Entwicklung orientierten. Dar\u00fcber hinaus engagiere er sich unter anderem f\u00fcr die Wiederbelebung der Wandersch\u00e4ferei, die die Artenvielfalt f\u00f6rdere. \u201eUnd schlie\u00dflich setzen wir uns daf\u00fcr ein, dass Teile des Pf\u00e4lzerwalds zum Sternenpark erkl\u00e4rt werden, um der Lichtverschmutzung entgegenzutreten und damit den nachtaktiven Tieren und Pflanzen einen Lebensraum zu bieten.\u201c<\/p>\n\n\n\n<p>Im neuen Kalenderbuch werden neben Einrichtungen des Bezirksverbands Pfalz viele Vereine oder Institutionen vorgestellt, in denen sich interessierte B\u00fcrgerinnen und B\u00fcrger f\u00fcr Artenvielfalt engagieren k\u00f6nnen. Au\u00dferdem enth\u00e4lt der Jahresbegleiter Hinweise zu Ausfl\u00fcgen in die Natur und zu besonderen Naturerlebnissen zwischen Rhein und Saar. Was ist Artenvielfalt \u00fcberhaupt und wie wirkt sich zum Beispiel die Schnakenbek\u00e4mpfung am Rhein darauf aus? Darum geht es ebenso wie um die Wiederansiedelung von Bibern und St\u00f6rchen, um seltene und sch\u00fctzenswerte Pflanzen und um Anbauformen in Weinbau und Landwirtschaft, die die Natur bestm\u00f6glich schonen.<\/p>\n\n\n\n<p>Das Kalendarium h\u00e4lt viele Tipps bereit, um den eigenen Garten mit viel Spa\u00df und Freude f\u00fcr Tiere und Pflanzen zur neuen Heimat werden zu lassen. Angesprochen wird im Jahrbuch auch &#8222;Pf\u00e4lzers Herz&#8220; mit Weinfesttipps, einigen Rezepten, Gedichten von den Mundartdichtern Matthias Zech und Dr. Thomas Kiefer oder einem augenzwinkernden Beitrag \u00fcber Tiere, die man gewisserma\u00dfen nur in der Pfalz kennt. Diese \u201ebesondere Pf\u00e4lzer Tierwelt\u201c beschreibt der Kabarettist und Schauspieler Bernhard Weller, bekannter als \u201eFriedel Stumpf\u201c aus dem Pf\u00e4lzer Duo \u201eSpitz &amp; Stumpf\u201c.<\/p>\n\n\n\n<p>Der Jahresbegleiter in Buchform ist ein wertvolles und sch\u00f6nes Geschenk f\u00fcr alle, denen Naturschutz am Herzen liegt, die die Pfalz lieben oder sich einfach f\u00fcr diese besondere Region zwischen Rhein und Saar begeistern.<\/p>\n\n\n\n<p><em>Bistum Speyer<br>13.09.2021<\/em><\/p>\n\n\n\n<h2 class=\"wp-block-heading\">Schulabteilung mit neuem Podcast-Angebot<\/h2>\n\n\n\n<h3 class=\"wp-block-heading\">Themen beziehen sich auf den Religionsunterricht \u2013 Monatlich ein neuer Beitrag geplant<\/h3>\n\n\n\n<div class=\"wp-block-image\"><figure class=\"aligncenter size-large\"><img decoding=\"async\" loading=\"lazy\" width=\"800\" height=\"568\" src=\"https:\/\/speyer24news.com\/wp-content\/uploads\/2021\/09\/Podcast-Mikrofon-Web.jpg\" alt=\"\" class=\"wp-image-40412\" srcset=\"https:\/\/speyer24news.com\/wp-content\/uploads\/2021\/09\/Podcast-Mikrofon-Web.jpg 800w, https:\/\/speyer24news.com\/wp-content\/uploads\/2021\/09\/Podcast-Mikrofon-Web-300x213.jpg 300w, https:\/\/speyer24news.com\/wp-content\/uploads\/2021\/09\/Podcast-Mikrofon-Web-768x545.jpg 768w\" sizes=\"(max-width: 800px) 100vw, 800px\" \/><\/figure><\/div>\n\n\n\n<p><strong>Speyer &#8211; <\/strong>Die Schulabteilung des Bistums Speyer startet ein neues Podcast-Angebot. \u201eRU praktisch\u201c lautet der Titel der neuen Reihe, in der monatlich ein Beitrag erscheint. Die erste Ausgabe befasst sich mit dem Hauptmann von Kafarnaum.<\/p>\n\n\n\n<p>\u201eDer Podcast richtet sich an Lehrer\/innen, Fortbildner\/innen, Theolog\/innen und alle Interessierten\u201c, erl\u00e4utert Pastoralreferent Stefan Schwarzm\u00fcller. \u201eUnser Ziel ist es, das klassische Fortbildungsangebot zu erg\u00e4nzen, eine Art Fortbildung f\u00fcr das Ohr sozusagen.\u201c Die Themen des Podcasts beziehen sich auf den schulischen Religionsunterricht. \u201eWir wollen informieren, aber auch unterhalten\u201c, so Stefan Schwarzm\u00fcller. Der Podcast enth\u00e4lt viele Hintergrundinformationen und ist immer mit Materialien verbunden, die f\u00fcr den praktischen Unterricht eingesetzt werden k\u00f6nnen.<\/p>\n\n\n\n<p>Aktuell k\u00f6nnen die Podcasts \u00fcber die Internetseite des Bistums, \u00fcber Spotify und ApplePodcast abgerufen werden. Geplant ist eine Ver\u00f6ffentlichung auch auf \u201eApplePodcast\u201c. \u201eH\u00f6ren, liken, folgen\u201c, hofft Stefan Schwarzm\u00fcller auf eine gro\u00dfe Zahl von Interessenten. Auch R\u00fcckmeldungen sind willkommen, um das neue Angebot passgenau an den W\u00fcnschen der Lehrkr\u00e4fte auszurichten.<\/p>\n\n\n\n<h4 class=\"wp-block-heading\">Podcast-Angebot \u201eRU praktisch\u201c:<\/h4>\n\n\n\n<p><a href=\"https:\/\/www.bistum-speyer.de\/schule\/ha-ii2-religionsunterricht\/religionsunterricht\/materialien-filmarbeit\/podcast\/\">https:\/\/www.bistum-speyer.de\/schule\/ha-ii2-religionsunterricht\/religionsunterricht\/materialien-filmarbeit\/podcast\/<\/a><\/p>\n\n\n\n<p><em>Bistum Speyer<br>13.09.2021<\/em><\/p>\n\n\n\n<h2 class=\"wp-block-heading\">Verbunden mit den Menschen im Ahrtal<\/h2>\n\n\n\n<h3 class=\"wp-block-heading\">Bischof Karl-Heinz Wiesemann bei Staatsakt zum Gedenken an die Opfer der Flutkatastrophe<\/h3>\n\n\n\n<div class=\"wp-block-image\"><figure class=\"aligncenter size-large\"><img decoding=\"async\" loading=\"lazy\" width=\"800\" height=\"437\" src=\"https:\/\/speyer24news.com\/wp-content\/uploads\/2021\/07\/image_4.png\" alt=\"\" class=\"wp-image-39370\" srcset=\"https:\/\/speyer24news.com\/wp-content\/uploads\/2021\/07\/image_4.png 800w, https:\/\/speyer24news.com\/wp-content\/uploads\/2021\/07\/image_4-300x164.png 300w, https:\/\/speyer24news.com\/wp-content\/uploads\/2021\/07\/image_4-768x420.png 768w\" sizes=\"(max-width: 800px) 100vw, 800px\" \/><\/figure><\/div>\n\n\n\n<p>Anl\u00e4sslich des Staatsaktes zum Gedenken an die Opfer der Flutkatastrophe hat der Speyerer Di\u00f6zesan-Bischof seine Verbundenheit mit den Opfern und Leidtragenden zum Ausdruck gebracht. \u201eNoch immer ersch\u00fcttert mich, wie so viele in unserem Land und dar\u00fcber hinaus, die Naturkatastrophe im Ahrtal, in der Eifel und in anderen Regionen Deutschlands und Europas\u201c, so der Bischof. In den Fluten hatten mindestens 180 Menschen ihr Leben gelassen, viele weitere haben ihre H\u00e4user und Wohnungen, all ihr Hab und Gut und vieles Unwiederbringliche verloren. \u201eWir f\u00fchlen uns mit allen verbunden, die nicht mehr in ihre H\u00e4user und Nachbarschaften zur\u00fcckkehren k\u00f6nnen, die nun eine enorme Wiederaufbauarbeit leisten m\u00fcssen und gleichzeitig tiefe Trauer \u00fcber die schmerzhaften Verluste in sich tragen.\u201c<\/p>\n\n\n\n<p>Zugleich dankte der Bischof allen, \u201edie ihre Solidarit\u00e4t auch durch ganz konkrete Hilfsangebote und Spenden ausdr\u00fccken\u201c. Gleichzeitig m\u00fcsse sich die Gesellschaft fragen, \u201einwieweit unser Lebensstil dazu beitr\u00e4gt, dass sich solche oder \u00e4hnliche Katastrophen mehren, und was wir tun k\u00f6nnen und m\u00fcssen angesichts der Dramatik des menschengemachten Klimawandels.\u201c<\/p>\n\n\n\n<p>Gottvertrauen hei\u00dfe in dieser Situation, \u201eauf den Sch\u00f6pfer unserer Welt schauen, auf das wunderbare, aber auch zerbrechliche Geheimnis der Sch\u00f6pfung, und von dorther einen Lebensstil neu zu lernen, der nicht zerst\u00f6rerisch, sondern nachhaltig mit der Sch\u00f6pfung und ihren Ressourcen und Gaben umgeht\u201c. Umkehr sei gem\u00e4\u00df der Heiligen Schrift der Weg ins Leben. \u201eNur so kann statt dem Grauen der Zerst\u00f6rung das Vertrauen in das Leben, in die Zukunft, in den Sinn und die Sch\u00f6nheit der Sch\u00f6pfung wieder wachsen.\u201c<\/p>\n\n\n\n<p>Rheinland-Pfalz hat am Mittwoch mit einem Staatsakt der Opfer der verheerenden Flutkatastrophe gedacht, die den n\u00f6rdlichen Teil des Landes vor gut sechs Wochen heimgesucht hat. Zahlreiche Repr\u00e4sentanten aus Gesellschaft, Politik und Kirche \u2013 darunter auch Bischof Dr. Karl-Heinz Wiesemann \u2013 hatten an dem Staatsakt teilgenommen. Bundespr\u00e4sident Frank-Walter Steinmeier und Ministerpr\u00e4sidentin Malu Dreyer sprachen den Angeh\u00f6rigen der Opfer ihre tiefe Anteilnahme aus und sagten zu, dass die Region nicht vergessen werde, auch wenn die mediale Aufmerksamkeit irgendwann nachlasse. Ministerpr\u00e4sidentin Malu Dreyer erkl\u00e4rte, die \u201eAufbauhilfe 2021\u201c in H\u00f6he von 30 Milliarden Euro sei eine Garantie daf\u00fcr, dass die Menschen der betroffenen Region langfristig unterst\u00fctzt w\u00fcrden. Der Staatsakt fand in der Ringarena des N\u00fcrburgrings statt, dort ist nach der Flutkatastrophe eine Helferstadt entstanden. Gekommen waren Angeh\u00f6rige der Toten und Vermissten, Verletzte, Gesch\u00e4digte, Hilfskr\u00e4fte sowie B\u00fcrgermeisterinnen und B\u00fcrgermeister der \u00fcber 250 betroffenen Orte.<\/p>\n\n\n\n<p>Die Ministerpr\u00e4sidentin sagte nachhaltige Unterst\u00fctzung zu. \u201eMeine Landesregierung wird alles daf\u00fcr tun, dass die alte Heimat auch die neue Heimat sein kann. Wir wollen zusammen mit den kommunal Verantwortlichen und allen Menschen vor Ort ein Ahrtal mit Zukunft aufzubauen. Eines, in dem die Menschen gern und m\u00f6glichst sicher leben k\u00f6nnen\u201c, so die Ministerpr\u00e4sidentin. \u201eEs w\u00e4re unredlich zu versprechen, dass alles wieder genauso wird wie zuvor. Lassen Sie uns den Wiederaufbau nutzen, um das Tal nachhaltig und zukunftssicher zu entwickeln! Die Landesregierung steht den Betroffenen und den Kommunen dabei zur Seite, darauf k\u00f6nnen sie sich verlassen.\u201c<\/p>\n\n\n\n<p><em>Bistum Speyer<br>13.09.2021<\/em><\/p>\n\n\n\n<h2 class=\"wp-block-heading\">\u201eKitas helfen Kitas\u201c<\/h2>\n\n\n\n<h3 class=\"wp-block-heading\">Referat Kindertagesst\u00e4tten bittet um Unterst\u00fctzung f\u00fcr Kindertagesst\u00e4tten im Ahrtal<\/h3>\n\n\n\n<div class=\"wp-block-image\"><figure class=\"aligncenter size-large\"><img decoding=\"async\" loading=\"lazy\" width=\"800\" height=\"535\" src=\"https:\/\/speyer24news.com\/wp-content\/uploads\/2021\/09\/Kleinkind-Kind-Kindergarten.jpg\" alt=\"\" class=\"wp-image-40411\" srcset=\"https:\/\/speyer24news.com\/wp-content\/uploads\/2021\/09\/Kleinkind-Kind-Kindergarten.jpg 800w, https:\/\/speyer24news.com\/wp-content\/uploads\/2021\/09\/Kleinkind-Kind-Kindergarten-300x201.jpg 300w, https:\/\/speyer24news.com\/wp-content\/uploads\/2021\/09\/Kleinkind-Kind-Kindergarten-768x514.jpg 768w\" sizes=\"(max-width: 800px) 100vw, 800px\" \/><\/figure><\/div>\n\n\n\n<p><strong>Speyer &#8211; <\/strong>Das Referat Kindertagesst\u00e4tten im Bistum Speyer wirbt unter dem Titel \u201eNiemand im Regen stehen lassen \u2013 Kitas helfen Kitas\u201c um Unterst\u00fctzung f\u00fcr katholische Kindertagesst\u00e4tten im Kreis Ahrweiler, die von der Flutkatastrophe zerst\u00f6rt worden sind. \u201eDie Flut hat eine unvorstellbare Verw\u00fcstung hinterlassen. Einige Kindertagesst\u00e4tten m\u00fcssen jetzt wieder ganz neu anfangen\u201c, berichten Prisca Forthofer und Herbert Adam. Auch einige Erzieher*innen br\u00e4uchten Unterst\u00fctzung. \u201eSie haben ihre Wohnungen mit allem hab und Gut verloren.\u201c<\/p>\n\n\n\n<p>Wer vor Ort eine Kita oder eine betroffenen Erzieher*in unterst\u00fctzen will, kann \u00fcber die zust\u00e4ndige&nbsp;Katholische Kita gGmbH Koblenz schnell und direkt helfen.<\/p>\n\n\n\n<p>Unterst\u00fctzt werden diese f\u00fcnf Einrichtungen:<\/p>\n\n\n\n<ul><li>Kita St. Johannes der Apostel in Dernau<\/li><li>Kita St. Pius in Bad Neuenahr-Ahrweiler<\/li><li>Kita St. Laurentius in Bad Neuenahr-Ahrweiler<\/li><li>Kita Blandine-Merten-Haus in Bad Neuenahr-Ahrweiler<\/li><li>Kita St. Mauritius in Bad Neuenahr-Ahrweiler Heimersheim<\/li><\/ul>\n\n\n\n<h4 class=\"wp-block-heading\">Spenden-Adresse:<\/h4>\n\n\n\n<p>Katholische Kita gGmbH Koblenz<\/p>\n\n\n\n<p>IBAN: DE62 3706 0193 3011 6511 26<\/p>\n\n\n\n<p>Geben Sie beim Verwendungszweck jeweils an, wo genau Ihre Spende hingehen soll:<\/p>\n\n\n\n<ul><li>f\u00fcr eine konkrete Kita:&nbsp;Spende Kita + Name der Einrichtung<\/li><li>f\u00fcr irgendeine Kita im Krisengebiet:&nbsp;Spende Hochwasser Kitas<\/li><li>zur Unterst\u00fctzung einer betroffenen P\u00e4dagogischen Fachkraft:&nbsp;Spende Mitarbeitende.<\/li><\/ul>\n\n\n\n<h4 class=\"wp-block-heading\">Weitere Informationen:<\/h4>\n\n\n\n<p><a href=\"https:\/\/www.kita-ggmbh-koblenz.de\/aktuelles\/flutkatastrophe-im-kreis-ahrweiler\/\">https:\/\/www.kita-ggmbh-koblenz.de\/aktuelles\/flutkatastrophe-im-kreis-ahrweiler\/<\/a><\/p>\n\n\n\n<p><em>Bistum Speyer<br>13.09.2021<\/em><\/p>\n\n\n\n<h2 class=\"wp-block-heading\">Internationale Musiktage Dom zu Speyer 2021<\/h2>\n\n\n\n<h3 class=\"wp-block-heading\">Programm nimmt den Dom als Abbild des Himmlischen Jerusalems und UNESCO-Welterbe in den Blick<\/h3>\n\n\n\n<div class=\"wp-block-image\"><figure class=\"aligncenter size-large\"><img decoding=\"async\" loading=\"lazy\" width=\"800\" height=\"584\" src=\"https:\/\/speyer24news.com\/wp-content\/uploads\/2021\/09\/1024x748-2.jpg\" alt=\"\" class=\"wp-image-40409\" srcset=\"https:\/\/speyer24news.com\/wp-content\/uploads\/2021\/09\/1024x748-2.jpg 800w, https:\/\/speyer24news.com\/wp-content\/uploads\/2021\/09\/1024x748-2-300x219.jpg 300w, https:\/\/speyer24news.com\/wp-content\/uploads\/2021\/09\/1024x748-2-768x561.jpg 768w\" sizes=\"(max-width: 800px) 100vw, 800px\" \/><\/figure><\/div>\n\n\n\n<p>Am 18. September starten die Internationalen Musiktage am Dom zu Speyer. \u201eWir freuen uns, dass die diesj\u00e4hrigen \u201aInternationalen Musiktage Dom zu Speyer\u2018 stattfinden k\u00f6nnen. Nach den vielen Wochen ohne Live-Konzerte hoffen wir auf viele Besucherinnen und Besucher und sch\u00f6ne Konzerterlebnisse in unserem Dom und anderen Veranstaltungsorten in Speyer\u201c, sagt Domkapellmeister Markus Melchiori.<\/p>\n\n\n\n<p>Das diesj\u00e4hrige Programm stellt den Kaiserdom als gr\u00f6\u00dfte romanische Kirche der Welt und ihre architektonische Bedeutung in den Mittelpunkt. Zwischen 1024 und 1030 wurde mit dem Bau des Speyerer Domes begonnen. Er sollte ein Abbild des himmlischen Jerusalems und der Ewigkeit sein und wurde 1061 als die gr\u00f6\u00dfte Kirche der damaligen Welt feierlich geweiht. 1981 wurde der imposante Kirchenbau in die UNESCO-Welterbeliste aufgenommen. Dieses 40j\u00e4hrige Jubil\u00e4um ist Grund genug, eine musikalische Ann\u00e4herung an diesen einzigartigen Bau zu wagen.<\/p>\n\n\n\n<p>Die Konzerte der \u201aInternationalen Musiktage\u2018 bieten eine breite Vielfalt an musikalischen Gattungen, die verschiedene Aspekte des Domes beleuchten. Im Er\u00f6ffnungskonzert erklingt Mozarts Requiem in d-Moll, dessen Texte das Bild des \u201ehimmlischen Jerusalems\u201c musikalisch illustrieren. Mit diesem Konzert m\u00f6chte die Dommusik der vielen Corona-Opfer gedenken, die durch die Pandemie verstorben sind.<\/p>\n\n\n\n<p>In diesem Jahr wird die Reihe der Kryptakonzerte mit drei kammermusikalischen Konzerten wieder aufgenommen. Die beiden Werke des Franzosen Olivier Messiaen, \u201eVision de l\u2019Amen\u201c und \u201eQuatuor pour la fin du temps\u201c, nehmen das Transzendente und das Eschatologische in den Blick. Das Programm des Ensembles Archaica aus Berlin zeichnet die Zeit und das Wirken des norwegischen Heiligen Olav in mittelalterlichen liturgischen Ges\u00e4ngen musikalisch nach.<\/p>\n\n\n\n<p>An weiteren Spielorten in Speyer erklingen vielf\u00e4ltige Programme renommierter Solok\u00fcnstler. Die bekannten Bachinterpreten Klaus Mertens (Bariton) und Ton Koopman (Orgel\/Cembalo) pr\u00e4sentieren Werke der Barockzeit unter dem Motto \u201eBist du bei mir!\u201c In seinem zweiten Konzert singt Mertens romantische Psalmvertonungen, begleitet vom Domorganisten Markus Eichenlaub. In der Sparte Instrumentalmusik stehen die Cellosuiten Johann Sebastian Bachs in zwei Nachtmusiken im Mittelpunkt.<\/p>\n\n\n\n<div class=\"wp-block-image\"><figure class=\"aligncenter size-large\"><img decoding=\"async\" loading=\"lazy\" width=\"500\" height=\"654\" src=\"https:\/\/speyer24news.com\/wp-content\/uploads\/2021\/09\/768x1004-2.jpg\" alt=\"\" class=\"wp-image-40410\" srcset=\"https:\/\/speyer24news.com\/wp-content\/uploads\/2021\/09\/768x1004-2.jpg 500w, https:\/\/speyer24news.com\/wp-content\/uploads\/2021\/09\/768x1004-2-229x300.jpg 229w\" sizes=\"(max-width: 500px) 100vw, 500px\" \/><\/figure><\/div>\n\n\n\n<p>Ein Jubil\u00e4umskomponist muss in diesem Jahr noch nachgefeiert werden: Anl\u00e4sslich des 150. Geburtstages von Louis Vierne wurde bereits 2020 seine einzige Orchestersymphonie in a-Moll f\u00fcr die \u201aInternationalen Musiktage\u2018 vom englischen Organisten David Briggs auf die Orgel \u00fcbertragen. Die Erstauff\u00fchrung, die coronabedingt verschoben werden musste, wird nun in diesem Jahr nachgeholt.<\/p>\n\n\n\n<p>Gustav Mahlers zweite Symphonie sollte jedes bekannte Format sprengen \u2013 und sie sollte sich mit den gro\u00dfen Sinnfragen des Lebens auseinandersetzen: \u201eWarum hast du gelebt? Warum hast du gelitten? Ist das alles nur ein gro\u00dfer, furchtbarer Spa\u00df? Wir m\u00fcssen diese Fragen in irgendeiner Weise l\u00f6sen, wenn wir weiter leben sollen.\u201c \u2013 so der Komponist. Die zweite Symphonie, die als \u201eAuferstehungssymphonie\u201c bezeichnet wird, verk\u00f6rpert Mahlers lebenslanges, existenzielles Ringen \u2013 was sich in ihrer Form und ihrem \u00fcberw\u00e4ltigenden Klangspektrum widerspiegelt. Dieses monumentale Werk steht als gro\u00dfe Vision der Auferstehung am Ende der \u201aInternationalen Musiktage Dom zu Speyer 2021\u2018.<\/p>\n\n\n\n<h4 class=\"wp-block-heading\">Vorverkauf<\/h4>\n\n\n\n<p>Karten sind im Vorverkauf \u00fcber&nbsp;<a href=\"https:\/\/deref-web.de\/mail\/client\/iOxLwbwI2X8\/dereferrer\/?redirectUrl=http%3A%2F%2Fwww.reservix.de\" target=\"_blank\" rel=\"noreferrer noopener\">www.reservix.de<\/a>&nbsp;oder bei den Vorverkaufsstellen von Reservix erh\u00e4ltlich. Die Anzahl der Besucherpl\u00e4tze ist begrenzt. Auskunft erteilt das B\u00fcro der Dommusik (06232\/100 93 10) oder per E-Mail (<a href=\"mailto:dommusik@bistum-speyer.de\" target=\"_blank\" rel=\"noreferrer noopener\">dommusik@bistum-speyer.de<\/a>).<\/p>\n\n\n\n<p>Internetlink:&nbsp;<a href=\"https:\/\/deref-web.de\/mail\/client\/qgXB2WhqavQ\/dereferrer\/?redirectUrl=https%3A%2F%2Fwww.dom-zu-speyer.de%2Fdommusik%2Fkonzerte%2Finternationale-musiktage%2F\" target=\"_blank\" rel=\"noreferrer noopener\">https:\/\/www.dom-zu-speyer.de\/dommusik\/konzerte\/internationale-musiktage\/<\/a><strong><\/strong><\/p>\n\n\n\n<h4 class=\"wp-block-heading\">Corona-Hinweise<\/h4>\n\n\n\n<p>Die Sicherheit und die Gesundheit der Besucher*innen hat f\u00fcr uns h\u00f6chste Priorit\u00e4t. Im Einklang mit der aktuellen Landesverordnung gelten:<\/p>\n\n\n\n<ul><li>das Abstandsgebot (1,5 m).<\/li><li>Maskenpflicht: medizinische Gesichtsmaske (OP-Maske) oder eine Maske der Standards KN95\/N95 bzw. FFP2. Die Maskenpflicht entf\u00e4llt am Platz.<\/li><li>Kontaktdatenerfassung beim Kartenkauf, personalisierte Sitzplatzvergabe. Die Sitzplatzvergabe erfolgt vor Ort durch das Einlasspersonal.<\/li><li>Bei einer 7-Tage-Inzidenz ab 35 gilt die Testpflicht!<\/li><\/ul>\n\n\n\n<p>(Antigen-Schnelltest nicht \u00e4lter als 24 Std. oder PCR-Test nicht \u00e4lter als 48 Std.).<\/p>\n\n\n\n<h4 class=\"wp-block-heading\">Ausgenommen von der Testpflicht sind:<\/h4>\n\n\n\n<p>Geimpfte \u2013 Zweite Impfung liegt mindestens 14 Tage zur\u00fcck.<\/p>\n\n\n\n<p>Genesene \u2013 Nachweis nicht \u00e4lter als 6 Monate.<\/p>\n\n\n\n<p>Sch\u00fclerinnen und Sch\u00fcler bzw. Kinder bis 14 Jahren.<\/p>\n\n\n\n<p><strong>Bitte Nachweisdokumente unbedingt mit sich f\u00fchren!<\/strong><\/p>\n\n\n\n<p><em>Bistum Speyer<br>13.09.2021<\/em><\/p>\n\n\n\n<h2 class=\"wp-block-heading\">\u201eSchule muss ihrer integrierenden Funktion gerecht werden\u201c<\/h2>\n\n\n\n<h3 class=\"wp-block-heading\">Thomas Stephan (Abteilung Lernkultur und Schulseelsorge) \u00fcber die aktuelle Situation von Kindern und Jugendlichen zu Beginn des neuen Schuljahres<\/h3>\n\n\n\n<div class=\"wp-block-image\"><figure class=\"aligncenter size-large\"><img decoding=\"async\" loading=\"lazy\" width=\"600\" height=\"592\" src=\"https:\/\/speyer24news.com\/wp-content\/uploads\/2021\/09\/Thomas-Stephan-Portraet.jpg\" alt=\"\" class=\"wp-image-40408\" srcset=\"https:\/\/speyer24news.com\/wp-content\/uploads\/2021\/09\/Thomas-Stephan-Portraet.jpg 600w, https:\/\/speyer24news.com\/wp-content\/uploads\/2021\/09\/Thomas-Stephan-Portraet-300x296.jpg 300w\" sizes=\"(max-width: 600px) 100vw, 600px\" \/><\/figure><\/div>\n\n\n\n<p>Am 30. August begann f\u00fcr die Kinder und Jugendlichen in Rheinland-Pfalz und im Saarland ein neues Schuljahr. Die Schulseelsorgerinnen und \u2013seelsorger sind besonders nah an den Erfahrungen, Bef\u00fcrchtungen und Hoffnungen der jungen Menschen. Thomas Stephan, Leiter der Abteilung&nbsp;Lernkultur und Schulseelsorge, gibt Auskunft.<\/p>\n\n\n\n<h4 class=\"wp-block-heading\">Seit \u00fcber einem Jahr bestimmt die Corona-Pandemie das Geschehen und die \u00f6ffentliche Diskussion. Was macht das mit Kindern und Jugendlichen?<\/h4>\n\n\n\n<p><strong>Thomas Stephan:<\/strong>&nbsp;Kindern und Jugendlichen geht es nicht viel anders als Erwachsenen, sie wollen Normalit\u00e4t, Freiheit und ein m\u00f6glichst unbeschwertes Leben. Einschr\u00e4nkungen jeglicher Art stressen sie und vor allem die Begrenzung sozialer Kontakte \u2013 bei Jugendlichen w\u00fcrde man von der sogenannten \u201ePeer-Group\u201c sprechen \u2013 hatte und hat besonders gravierende Folgen, da diese einen wichtigen Beitrag zur Identit\u00e4tsbildung leisten. Besonders betroffen sind Kinder und Jugendliche gewesen, die schon vor der Pandemie famili\u00e4ren, psychischen und psychosoziale Belastungen ausgesetzt waren. Viele sind in dieser Zeit \u201eabgetaucht\u201c und erst mit der \u00d6ffnung der Schulen hat sich ein erstes Bild der Lage ergeben. An dieser Stelle ist Schulseelsorge in Kooperation mit der Schulsozialarbeit und dem schulpsychologischen Dienst besonders gefordert hinzuschauen, anzusprechen und als Anlaufstelle zu fungieren.<\/p>\n\n\n\n<h4 class=\"wp-block-heading\">Zweimal waren die Schulen f\u00fcr l\u00e4ngere Zeit geschlossen, die Sch\u00fcler\/innen und Lehrkr\u00e4fte mussten auf Fernunterricht per Videokonferenz ausweichen. Was hat das f\u00fcr die Kinder und Jugendlichen bedeutet?<\/h4>\n\n\n\n<p><strong>Thomas Stephan:<\/strong>&nbsp;Der anf\u00e4ngliche Reiz des Neuen, des Auslotens der technischen M\u00f6glichkeiten, ist relativ schnell einer Ern\u00fcchterung des tats\u00e4chlichen Umgangs gewichen. Die Grenzen und Anf\u00e4lligkeit der Technik wurden schnell offensichtlich, vor allem aber ist deutlich geworden, dass das Erlernen von neuen Inhalten im Fernunterricht und per Videokonferenzen um ein vielfaches schwieriger ist als im realen Pr\u00e4senzunterricht. Dadurch wurde das Elternhaus vielerorts bei der Vermittlung von Unterrichtsinhalten entscheidend, was zu einer zus\u00e4tzlichen famili\u00e4ren Belastung gef\u00fchrt hat und nicht selten zu einer \u00dcberforderung f\u00fcr alle Beteiligten wurde. Hieraus erwuchsen nicht selten innerfamili\u00e4re Konflikten, die die Situation der Kinder und Jugendlichen ebenfalls negativ beeinflusst haben.<\/p>\n\n\n\n<h4 class=\"wp-block-heading\">Das Festhalten am Pr\u00e4senzunterricht wird von vielen Bildungsexpert\/innen als zentral eingesch\u00e4tzt. Warum ist der Pr\u00e4senzunterricht f\u00fcr Kinder und Jugendliche so wichtig?<\/h4>\n\n\n\n<p><strong>Thomas Stephan:<\/strong>&nbsp;Der Pr\u00e4senzunterricht erm\u00f6glicht ein umfangreicheres und mehrdimensionales Lernen als es online der Fall sein kann. Wichtig ist hierbei das Wissen um die verschiedenen Lerntypen, die in jeder Klasse vorzufinden sind. Hierzu z\u00e4hlen der auditive, visuelle, kommunikative, kognitiv-intellektuelle und motorische bzw. haptisch-kin\u00e4sthetische Lerntyp. All diese Lerntypen wollen unterschiedlich angesprochen und bedient werden. Ein m\u00f6glichst breites Spektrum an Zugangs- und Lernm\u00f6glichkeiten ist demnach entscheidend f\u00fcr den Lernerfolg der Sch\u00fclerinnen und Sch\u00fcler. Au\u00dferdem spielen das Lernklima, die Pr\u00e4senz der Lehrkraft, das Miteinander und der Austausch mit Klassenkameraden und Klassenkameradinnen eine nicht zu untersch\u00e4tzende Rolle. Die Vielschichtigkeit des Unterrichtsgeschehens macht deutlich, dass nur der Pr\u00e4senzunterricht dauerhaft diesen komplexen Prozessen Rechnung tragen kann.<\/p>\n\n\n\n<p>Au\u00dferdem besteht w\u00e4hrend des Pr\u00e4senzunterrichts wesentlich leichter die M\u00f6glichkeit p\u00e4dagogischer schulseelsorglicher Interventionen, in der etwaige schulische und pers\u00f6nliche Problemlagen zur Sprache kommen k\u00f6nnen.<\/p>\n\n\n\n<h4 class=\"wp-block-heading\">Die St\u00e4ndige Impfkommission hat inzwischen eine Impfempfehlung f\u00fcr Kinder ab 12 Jahren ausgesprochen. Was bedeutet das f\u00fcr die Schulen? Was f\u00fcr die Kinder und Jugendlichen?<\/h4>\n\n\n\n<p><strong>Thomas Stephan:<\/strong>&nbsp;Diese Empfehlung kann zu einer \u00e4u\u00dferst herausfordernden Situation an Schulen f\u00fchren. Im System Schule, in dem es schnell zu gruppendynamischen Prozessen kommt und im dem es f\u00fcr den Einzelnen nicht immer leicht ist, sich zu behaupten und seinen Platz zu finden, besteht die Gefahr der Ausgrenzung von Kindern und Jugendlichen, die aus welchen Gr\u00fcnden auch immer sich nicht impfen lassen. Die Meinung und Einstellung des Elternhauses kann zu sp\u00fcrbaren negativen Konsequenzen f\u00fcr das Kind und den Jugendlichen f\u00fchren, was von schulischer und schulseelsorglicher Seite dringend unterbunden werden muss. Fatal w\u00e4re es, wenn (berechtigte) \u00c4ngste und Vorbehalten zu wenig Beachtung finden w\u00fcrden.<\/p>\n\n\n\n<p>Der Sinn und Zweck von Schule kann nicht eine polarisierte \u201eZweiklassengesellschaft\u201c sein, die sich ablehnend gegen\u00fcbersteht. Dementsprechend wird Schule und Schulseelsorge gefordert sein, ihrer integrierenden Funktion gerecht zu werden und auf alle Sch\u00fcler*innen &#8211; aber auch Lehrer*innen &#8211; einzugehen, sodass trotz m\u00f6glicher unterschiedlicher Einstellungen beim Thema Impfen ein gutes Miteinander m\u00f6glich ist.<\/p>\n\n\n\n<h4 class=\"wp-block-heading\">Kontakt und weitere Informationen:<\/h4>\n\n\n\n<p><a href=\"https:\/\/www.bistum-speyer.de\/bistum\/aufbau\/verwaltung\/ha-schulen-hochschule-bildung\/lernkultur-und-schulseelsorge\/\">https:\/\/www.bistum-speyer.de\/bistum\/aufbau\/verwaltung\/ha-schulen-hochschule-bildung\/lernkultur-und-schulseelsorge\/<\/a><\/p>\n\n\n\n<p><em>Bistum Speyer<br>13.09.2021<\/em><\/p>\n\n\n\n<h2 class=\"wp-block-heading\">Hans Beitz neuer Leiter der Abteilung \u201eKatholische Schulen\u201c im Bistum Speyer<\/h2>\n\n\n\n<h3 class=\"wp-block-heading\">Insgesamt 23 katholische Schulen im Bistum \u2013 Auch politische Vertretung, Qualit\u00e4tsentwicklung und Einsatz der Schulseelsorger\/innen geh\u00f6ren zum Aufgabenspektrum<\/h3>\n\n\n\n<div class=\"wp-block-image\"><figure class=\"aligncenter size-large\"><img decoding=\"async\" loading=\"lazy\" width=\"500\" height=\"692\" src=\"https:\/\/speyer24news.com\/wp-content\/uploads\/2021\/09\/Hans-Beitz.jpg\" alt=\"\" class=\"wp-image-40407\" srcset=\"https:\/\/speyer24news.com\/wp-content\/uploads\/2021\/09\/Hans-Beitz.jpg 500w, https:\/\/speyer24news.com\/wp-content\/uploads\/2021\/09\/Hans-Beitz-217x300.jpg 217w\" sizes=\"(max-width: 500px) 100vw, 500px\" \/><\/figure><\/div>\n\n\n\n<p><strong>Speyer &#8211; <\/strong>Zum 1. September \u00fcbernamm Hans Beitz (42) die Leitung der Abteilung \u201eKatholische Schulen\u201c in der Hauptabteilung \u201eSchulen, Hochschulen und Bildung\u201c des Bisch\u00f6flichen Ordinariats. Er ist Nachfolger von Thomas Mann, der im April diesen Jahres als Direktor an das katholische Institut f\u00fcr Lehrerfort- und Weiterbildung (ILF) in Saarbr\u00fccken gewechselt ist.<\/p>\n\n\n\n<p>Hans Beitz hat in T\u00fcbingen Neuere Geschichte, Franz\u00f6sisch und \u00d6ffentliches Recht studiert. Auslandsaufenthalte f\u00fchrten ihn nach Frankreich und Kanada. Bildung und Gesellschaftspolitik pr\u00e4gten bisher seine beruflichen Erfahrungen, unter anderem an der Landeszentrale f\u00fcr politische Bildung in Stuttgart und der Europ\u00e4ischen Akademie Otzenhausen, wo er der Akademieleitung angeh\u00f6rte und die internationalen Europastudien verantwortete. Seit 2019 war er als Vorstand der ASKO Europa-Stiftung mit Sitz in Saarbr\u00fccken t\u00e4tig. \u201eJunge Menschen auf das Leben vorzubereiten und den Lebens- und Lernort Schule mitzugestalten, ist eine ebenso spannende wie faszinierende Aufgabe\u201c, erl\u00e4utert der neue Abteilungsleiter seine Motivation f\u00fcr die k\u00fcnftige Aufgabe.<\/p>\n\n\n\n<p>Dr. Irina Kreusch, Leiterin der Hauptabteilung \u201eSchulen, Hochschulen und Bildung\u201c, freut sich, dass mit Hans Beitz das Team der vier Abteilungsleitungen im Schul- und Bildungsbereich wieder komplett ist. \u201eDie katholischen Schulen haben in der Di\u00f6zese Speyer eine gro\u00dfe Tradition. Sie sind ein prim\u00e4rer Bildungsort christlicher Pr\u00e4gung, der junge Menschen in ihrer gesamten Schulzeit begleiten kann\u201c, betont die Ordinariatsdirektorin.<\/p>\n\n\n\n<p>Zum Aufgabenspektrum von Hans Beitz als neuem Abteilungsleiter z\u00e4hlt die Verantwortung f\u00fcr die vier bisch\u00f6flichen M\u00e4dchenschulen: die Maria Ward Schule in Landau und die St. Franziskusschulen in Kaiserslautern; au\u00dferdem die Zusammenarbeit mit den Schultr\u00e4gern der insgesamt 23 katholischen Schulen im Bistum, die Mitwirkung an der politischen Vertretung sowie die Verantwortung f\u00fcr die Qualit\u00e4tsentwicklung und den Einsatz der Schulseelsorgerinnen und \u2013seelsorger an den kirchlichen Schulen im Bistum.<\/p>\n\n\n\n<h4 class=\"wp-block-heading\">Weitere Informationen zur Abteilung \u201eKatholische Schulen\u201c:<\/h4>\n\n\n\n<p><a href=\"https:\/\/www.bistum-speyer.de\/bistum\/aufbau\/verwaltung\/ha-schulen-hochschule-bildung\/katholische-schulen\/?print=260\">https:\/\/www.bistum-speyer.de\/bistum\/aufbau\/verwaltung\/ha-schulen-hochschule-bildung\/katholische-schulen\/?print=260<\/a><\/p>\n\n\n\n<p><em>Bistum Speyer<br>13.09.2021<\/em><\/p>\n\n\n\n<h2 class=\"wp-block-heading\">Terminkalender des Bistum Speyer im September 2021<\/h2>\n\n\n\n<div class=\"wp-block-image\"><figure class=\"aligncenter size-large\"><img decoding=\"async\" src=\"https:\/\/speyer24news.com\/wp-content\/uploads\/2020\/01\/Dom.jpg\" alt=\"\" class=\"wp-image-24697\"\/><\/figure><\/div>\n\n\n\n<h4 class=\"wp-block-heading\">Ein Hinweis:<\/h4>\n\n\n\n<p>Aufgrund der aktuellen Corona-Pandemie k\u00f6nnen Termine kurzfristig ausfallen. Alle Veranstaltungen die stattfinden, werden unter Ber\u00fccksichtigung der geltenden Hygieneregeln durchgef\u00fchrt.<\/p>\n\n\n\n<figure class=\"wp-block-table\"><table><tbody><tr><td><strong>14.9.<\/strong><strong><\/strong><\/td><td>15.30 Uhr Verleihung der \u201eMissio Canonica\u201c (kirchliche Sendung f\u00fcr den Religionsunterricht) an Religionslehrer\/-innen der verschiedenen Schularten im Dom zu Speyer durch Weihbischof Otto Georgens.<\/td><\/tr><tr><td><strong>16.9.<\/strong><strong><\/strong><\/td><td>Seniorentag des Kolping \u2013 Di\u00f6zesanverband Speyer<\/td><\/tr><tr><td><strong>16.9.<\/strong><strong><\/strong><\/td><td>19 Uhr Abendgebet im Jugendhaus St. Christophorus, gestaltet mit Neuem Geistlichen Lied (NGL).<\/td><\/tr><tr><td><strong>17.9.<\/strong><strong><\/strong><\/td><td>Aktion Trendsetter Weltretter Freitag 17. September Biberf\u00fchrung im Saarpfalzkreis in Breitfurt\/bei Blieskastel. Treffpunkt: Bliesm\u00fchle, In den M\u00fchlwiesen, 66440 Blieskastel\/Breitfurt<br>Uhrzeit: 15:00 Uhr<\/td><\/tr><tr><td><strong>18.9.<\/strong><strong><\/strong><\/td><td>Weihe der gro\u00dfen Domorgel (vor 10 Jahren).<\/td><\/tr><tr><td><strong>18.9. bis <\/strong><strong><\/strong> <strong>2.10.<\/strong><strong><\/strong><\/td><td>Internationale Musiktage Dom zu Speyer unter dem Thema \u201eHimmlisches Jerusalem\u201c.<\/td><\/tr><tr><td><strong>18.9.<\/strong><strong><\/strong><\/td><td>18 Uhr und 20 Uhr Er\u00f6ffnungskonzerte im Rahmen der Internationalen Musiktage Dom zu Speyer mit Wolfgang Amadeus Mozarts Requiem d-Moll, KV 626.<\/td><\/tr><tr><td><strong>19.9.<\/strong><strong><\/strong><\/td><td>10 Uhr Pontifikalamt mit Bischof Dr. Karl-Heinz Wiesemann in der Kirche St. Pirmin in Pirmasens mit Verleihung des Nardinipreises.<\/td><\/tr><tr><td><strong>19.9.<\/strong><strong><\/strong><\/td><td>20 Uhr Konzert im Rahmen der Internationalen Musiktage Dom zu Speyer in der Dom-Krypta. Olivier Messiaen (1908 \u2013 1992): Vision de l\u2019Amen mit Christine und Stephan Rahn, Klavier.<\/td><\/tr><tr><td><strong>21.9.<\/strong><strong><\/strong><\/td><td>11 Uhr Pressetermin zu Abg\u00fcssen der Tods\u00fcnden am Westbau des Domes mit Stiftergemeinschaft der Sparkasse (W\u00fcrz-Stiftung).<\/td><\/tr><tr><td><strong>21.9.<\/strong><strong><\/strong><\/td><td>21 Uhr Konzert im Rahmen der Internationalen Musiktage Dom zu Speyer in der Klosterkirche St. Magdalena in Speyer. J. S. Bach (1685 \u2013 1750): Suite Nr. 6 D-Dur f\u00fcr Violoncello solo, BWV 1012 Peter Tilling, Violoncello<\/td><\/tr><tr><td><strong>23.9.<\/strong><strong><\/strong><\/td><td>20 Uhr Konzert im Rahmen der Internationalen Musiktage Dom zu Speyer in der Kath. Kirche St. Joseph in Speyer. Bist du bei mir \u2026! \u2013 Werke von J. S. Bach, Georg B\u00f6hm, Gottfried St\u00f6lzel, u. a. Klaus Mertens, Bariton, Ton Koopman, Cembalo und Orgel<\/td><\/tr><tr><td><strong>24.9.<\/strong><strong><\/strong><\/td><td>15.30 Uhr Verleihung der \u201eMissio Canonica\u201c (kirchliche Sendung f\u00fcr den Religionsunterricht) an Religionslehrer\/-innen der verschiedenen Schularten im Dom zu Speyer durch Weihbischof Otto Georgens.<\/td><\/tr><tr><td><strong>24.9.<\/strong><strong><\/strong><\/td><td>20 Uhr Konzert im Rahmen der Internationalen Musiktage Dom zu Speyer in der Dom-Krypta. Sancte Martir Domini Olave Die musikalische Verehrung des Heiligen Olav in Fragmenten des 13. Jahrhunderts Ensemble Archaica, Berlin<\/td><\/tr><tr><td><strong>25.9.<\/strong><strong><\/strong><\/td><td>Tag der Mitglieder des Dombauvereins Speyer: Fahrt nach Bruchsal.<\/td><\/tr><tr><td><strong>25.9.<\/strong><strong><\/strong><\/td><td>Aktion Trendsetter Weltretter<br>11 Uhr Besuch im Biotop Beeden<\/td><\/tr><tr><td><strong>25.9.<\/strong><strong><\/strong><\/td><td>13.30 Uhr bis 15.30 Uhr \u201eOrgelworkshop\u201c Kinder und Jugendliche entdecken die Welt der Pfeifenorgel in der Kath. Kirche St. Jakobus in Schifferstadt.<\/td><\/tr><tr><td><strong>25.9.<\/strong><strong><\/strong><\/td><td>20 Uhr Konzert im Rahmen der Internationalen Musiktage Dom zu Speyer in der Dom-Krypta. Olivier Messiaen (1908 \u2013 1992): Quatuor pour la fin du temps Ensemble risonanze erranti<\/td><\/tr><tr><td><strong>28.9.<\/strong><strong><\/strong><\/td><td>21 Uhr Konzert im Rahmen der Internationalen Musiktage Dom zu Speyer in der Klosterkirche St. Magdalena. J. S. Bach (1685 \u2013 1750): Suite Nr. 5 c-Moll in einer Fassung f\u00fcr Violine solo, BWV 1011 Tamara Ibragimowa (*1958) Azerbajcan noyabr 2020 f\u00fcr Violine solo Daniel Spektor, Barockvioline<\/td><\/tr><tr><td><strong>30.9.<\/strong><strong><\/strong><\/td><td>20 Uhr Konzert im Rahmen der Internationalen Musiktage Dom zu Speyer in der Kirche des Priesterseminars St. German in Speyer. Der Herr ist mein Hirt \u2013 Romantische Psalmvertonungen f\u00fcr Singstimme und Orgel. Klaus Mertens, Bariton, Markus Eichenlaub, Orgel<\/td><\/tr><\/tbody><\/table><\/figure>\n\n\n\n<p><em>Bistum Speyer<br>13.09.2021<\/em><\/p>\n\n\n\n<h2 class=\"wp-block-heading\">Bischof Wiesemann nimmt seinen Dienst wieder auf<\/h2>\n\n\n\n<h3 class=\"wp-block-heading\">Pers\u00f6nliches Schreiben an Gl\u00e4ubige und Mitarbeitende \u2013 Wiesemann: \u201eZeit war f\u00fcr mich nicht einfach, aber notwendig\u201c<\/h3>\n\n\n\n<div class=\"wp-block-image\"><figure class=\"aligncenter size-large\"><img decoding=\"async\" loading=\"lazy\" width=\"600\" height=\"636\" src=\"https:\/\/speyer24news.com\/wp-content\/uploads\/2021\/09\/Bischof-Wiesemann.jpg\" alt=\"\" class=\"wp-image-40406\" srcset=\"https:\/\/speyer24news.com\/wp-content\/uploads\/2021\/09\/Bischof-Wiesemann.jpg 600w, https:\/\/speyer24news.com\/wp-content\/uploads\/2021\/09\/Bischof-Wiesemann-283x300.jpg 283w\" sizes=\"(max-width: 600px) 100vw, 600px\" \/><\/figure><\/div>\n\n\n\n<p>Der Speyerer Bischof Dr. Karl-Heinz Wiesemann nimmt Anfang kommender Woche (30.08.21) seinen Dienst in Speyer wieder auf. In einem pers\u00f6nlichen Schreiben hat er sich an die Gl\u00e4ubigen und Mitarbeitenden im Bistum gewandt.<\/p>\n\n\n\n<p>Die Genesung habe mehr Zeit erfordert, als er sich \u201eam Anfang gedacht und innerlich zugestanden\u201c habe. Der Bischof hatte Anfang Februar einen l\u00e4ngeren Klinikaufenthalt angetreten, an den sich eine Zeit der Regeneration und geistlichen Besinnung mit weiteren therapeutischen Ma\u00dfnahmen angeschlossen hatte. \u201eEine Zeit, die f\u00fcr mich nicht einfach, aber notwendig war\u201c, schreibt der Bischof. W\u00e4hrend dieser Zeit seien ihm seine \u201eSchw\u00e4chen und Grenzen\u201c als auch seine \u201eSt\u00e4rken und Kraftquellen\u201c wieder deutlicher bewusst geworden. Er habe die Zeit nutzen k\u00f6nnen, um \u00fcber \u201enotwendige Ver\u00e4nderungen in meinem Leben wie auch in der Aus\u00fcbung meines bisch\u00f6flichen Dienstes\u201c nachzudenken. Dabei sei langsam eine \u201eneue Kraft gewachsen, mich den Herausforderungen des Amtes in unserer Zeit noch einmal mit der mir zur Verf\u00fcgung stehenden Einsatzbereitschaft und Leidenschaftlichkeit zu stellen\u201c.<\/p>\n\n\n\n<p>Der Bischof dankt in seinem Schreiben allen Menschen, die ihn in der Zeit der Krankheit ermutigt und seinen Weg menschlich und geistlich begleitet haben. Die Zeichen der Verbundenheit seien ihm zu einer \u201eQuelle der Kraft, der Hoffnung und des neuen Mutes\u201c geworden. Mit seinem Dank verbindet er die Bitte an die Gl\u00e4ubigen und Mitarbeitenden um ihr weiteres \u201eMitgehen und Mittragen\u201c in dieser \u201egesellschaftlich und kirchlich herausfordernden Zeit\u201c.<\/p>\n\n\n\n<p><em>Bistum Speyer<br>13.09.2021<\/em><\/p>\n\n\n\n<h2 class=\"wp-block-heading\">Feier von Professjubil\u00e4en im Institut St. Dominikus in Speyer<\/h2>\n\n\n\n<div class=\"wp-block-image\"><figure class=\"aligncenter size-large\"><img decoding=\"async\" loading=\"lazy\" width=\"800\" height=\"504\" src=\"https:\/\/speyer24news.com\/wp-content\/uploads\/2021\/09\/Professjubilaeen.jpg\" alt=\"\" class=\"wp-image-40405\" srcset=\"https:\/\/speyer24news.com\/wp-content\/uploads\/2021\/09\/Professjubilaeen.jpg 800w, https:\/\/speyer24news.com\/wp-content\/uploads\/2021\/09\/Professjubilaeen-300x189.jpg 300w, https:\/\/speyer24news.com\/wp-content\/uploads\/2021\/09\/Professjubilaeen-768x484.jpg 768w\" sizes=\"(max-width: 800px) 100vw, 800px\" \/><\/figure><\/div>\n\n\n\n<p>Am 22. August 2021 feierten 24 Schwestern im Institut St. Dominikus Speyer ihr 70-j\u00e4hriges, 65-j\u00e4hriges, 60-j\u00e4hriges und 50-j\u00e4hriges Professjubil\u00e4um im Kreise der Mitschwestern.<\/p>\n\n\n\n<p>Das Festhochamt fand um 9:30 Uhr statt. Zelebrant war Pater Johannes Zabel, Prior des Dominikanerkonventes von Worms. F\u00fcr die musikalische Gestaltung sorgte der Schwesternchor und Schwester Sebastiane an der Orgel. Leider konnten wegen der Pandemie keine G\u00e4ste am Gottesdienst teilnehmen.<\/p>\n\n\n\n<p>In seiner Festpredigt nahm Pater Johannes Bezug auf das Evangelium (Joh. 15,1-8) die Bildrede vom Weinstock. Wir feiern, so sagte er, dass aus der Liebe Gottes zu den Schwestern und ihrer Liebe zu Gott ein Weg \u00fcber so viele Jahre geworden ist. Jesus will Leben in F\u00fclle, das gibt es nur in der Gemeinschaft mit ihm und untereinander. So wie die Verbundenheit von Weinstock und Reben die Voraussetzung f\u00fcr reiche Frucht ist.<\/p>\n\n\n\n<p>Bei der Gratulationsrunde dankte Generalpriorin Schwester Gisela Bastian den Schwestern f\u00fcr ihren vielf\u00e4ltigen Einsatz, ob in der Di\u00f6zese Speyer oder auch in Afrika\/ Ghana. Selbstverst\u00e4ndlich geh\u00f6rten zu diesem Fest auch ein festliches Mittagessen und eine Kaffeetafel. Mit der feierlichen Vesper fand das Fest seinen Abschluss.<\/p>\n\n\n\n<h3 class=\"wp-block-heading\">Folgende Schwestern feierten Jubil\u00e4um:<\/h3>\n\n\n\n<h4 class=\"wp-block-heading\">70-j\u00e4hriges Jubil\u00e4um<\/h4>\n\n\n\n<ul><li>Sr. M. Bernardine Burkhart<\/li><li>Sr. M. Gudrun Stern<\/li><li>Sr. M. Ortrud Gutfreund<\/li><li>Sr. M.Salutaris Bechtold<\/li><\/ul>\n\n\n\n<h4 class=\"wp-block-heading\">65-j\u00e4hriges Jubil\u00e4um<\/h4>\n\n\n\n<ul><li>Sr. M. Berthilde Spiegel<\/li><li>Sr. M. Fidelia Nie\u00dfner<\/li><li>Sr. M. Lautica Metzger<\/li><li>Sr. M. Hiltrudis Jochim<\/li><li>Sr. M. Leodegard Vogel<\/li><li>Sr. M. Mechthild Fricke<\/li><li>Sr. M. Vigilata Gardinger<\/li><li>Sr. M. Willibalda Dotterweich<\/li><\/ul>\n\n\n\n<h4 class=\"wp-block-heading\">60-j\u00e4hriges Jubil\u00e4um<\/h4>\n\n\n\n<ul><li>Sr. M. Fabia Nowack<\/li><li>Sr. M. Edgitha Gorges<\/li><li>Sr. M. Annette Britz<\/li><li>Sr. M Engelgard Settelmeyer<\/li><li>Sr. M. Gabriele Kuhn<\/li><li>Sr. Lucia J\u00f6ckle<\/li><li>Sr. M. Mechtildis K\u00f6nigsstein<\/li><li>Sr. M. Renate Betsch<\/li><li>Sr. M. Wiltrud Vogel<\/li><\/ul>\n\n\n\n<h4 class=\"wp-block-heading\">50-j\u00e4hriges Jubil\u00e4um<\/h4>\n\n\n\n<ul><li>Sr. M. Elisabeth Schlo\u00df<\/li><li>Sr. M. Judith Nermerich<\/li><li>Sr. Maria Stefan Flucke<\/li><\/ul>\n\n\n\n<p><em>Bistum Speyer<br>13.09.2021<\/em><\/p>\n\n\n\n<h2 class=\"wp-block-heading\">Als Weggemeinschaft gemeinsam unterwegs<\/h2>\n\n\n\n<h3 class=\"wp-block-heading\">Hauptabteilung Seelsorge l\u00e4dt zu dritter Denkwerkstatt \u201eKirche f\u00fcr morgen\u201c ein<\/h3>\n\n\n\n<p>Zur dritten Denkwerkstatt \u201eKirche f\u00fcr morgen\u201c l\u00e4dt die Hauptabteilung Seelsorge am <strong>Dienstag, den 5. Oktober<\/strong>, ein. Die Teilnehmerinnen und Teilnehmer werden sich in Forst gemeinsam auf den Weg machen.<\/p>\n\n\n\n<p>Der Tag beginnt um 9 Uhr auf dem Friedhofsparkplatz in Forst. Einzelne Stationen auf der Strecke geben Anregungen zum Austausch, zur Begegnung und auch zum Schweigen. \u201eWir planen und gestalten den Tag in einer gro\u00dfen Freiheit f\u00fcr jede*n\u201c, erkl\u00e4ren Tanja Rieger, Felix Goldinger und Joachim Lauer von der Abteilung \u201eSeelsorge in Pfarrei und Lebensr\u00e4umen\u201c. Der Schwerpunkt liege in der pers\u00f6nlichen Begegnung und im Austausch untereinander. \u201eWir nehmen uns Zeit f\u00fcr Geschichten, die uns aktuell bewegen, seien es Geschichten voller Zweifel und Unsicherheit oder Geschichten von Wundern und Neubeginn.\u201c Die Wegl\u00e4nge betr\u00e4gt etwa sieben Kilometer. Festes Schuhwerk wird empfohlen. Der Ausgangspunkt wird sp\u00e4testens gegen 17 Uhr wieder erreicht.<\/p>\n\n\n\n<p>Der Tag gibt Raum zum Gespr\u00e4ch \u00fcber die Entwicklungen, die das Leben in den letzten 15 Monaten bereichert wie herausgefordert haben. \u201eNeues ist entstanden, anderes weggebrochen. Vieles ist im Umbruch und \u00fcber fast allem, was wir angehen, planen oder tun, steht ein gro\u00dfer Vorbehalt\u201c, hei\u00dft es in der Einladung. Die Denkwerkstatt soll Gelegenheit geben, sich von den Neuanf\u00e4ngen, Zweifeln und Unsicherheiten in dieser Zeit gegenseitig zu erz\u00e4hlen. \u201eWo stehen wir? Wo stehst Du? Was haben wir schon neu einge\u00fcbt? Und wovon tr\u00e4umen wir? Um diese Fragen wird es gehen\u201c, erl\u00e4utern Tanja Rieger, Felix Goldinger und Joachim Lauer.<\/p>\n\n\n\n<p><strong>Anmeldung (bitte bis 14. September):<\/strong><\/p>\n\n\n\n<p>E-Mail:&nbsp;<a href=\"mailto:missionarische-pastoral@bistum-speyer.de\" target=\"_blank\" rel=\"noreferrer noopener\">missionarische-pastoral@bistum-speyer.de<\/a><\/p>\n\n\n\n<p><em>Bistum Speyer<br>13.09.2021<\/em><\/p>\n","protected":false},"excerpt":{"rendered":"<div class=\"mh-excerpt\"><p>Ermutigung zum Vertrauen auf Gott Firmlinge aus dem gesamten Bistum waren zu Gast in Speyer \u2013 Talkrunde und Jugendgottesdienst mit Bischof Dr. Karl-Heinz Wiesemann Speyer &#8211; Zum Tag der Firmlinge unter dem Motto \u201eabout you! <a class=\"mh-excerpt-more\" href=\"https:\/\/speyer24news.com\/?p=40404\" title=\"Kirche\">[&#8230;]<\/a><\/p>\n<\/div>","protected":false},"author":3,"featured_media":26096,"comment_status":"open","ping_status":"open","sticky":false,"template":"","format":"standard","meta":{"_monsterinsights_skip_tracking":false,"_monsterinsights_sitenote_active":false,"_monsterinsights_sitenote_note":"","_monsterinsights_sitenote_category":0,"footnotes":""},"categories":[120],"tags":[1386,12861,12849,1409,174,12851,12850,9662,12862,12855,7117,187,2360,5132,12856,12848,12724,12859,12867,12847,12864,11960,10422,9693,121,12853,12854,12857,12865,59,12858,12860,12863,12868,6,12869,1221,2198,12852,12866,1603,6059],"aioseo_notices":[],"amp_enabled":true,"_links":{"self":[{"href":"https:\/\/speyer24news.com\/index.php?rest_route=\/wp\/v2\/posts\/40404"}],"collection":[{"href":"https:\/\/speyer24news.com\/index.php?rest_route=\/wp\/v2\/posts"}],"about":[{"href":"https:\/\/speyer24news.com\/index.php?rest_route=\/wp\/v2\/types\/post"}],"author":[{"embeddable":true,"href":"https:\/\/speyer24news.com\/index.php?rest_route=\/wp\/v2\/users\/3"}],"replies":[{"embeddable":true,"href":"https:\/\/speyer24news.com\/index.php?rest_route=%2Fwp%2Fv2%2Fcomments&post=40404"}],"version-history":[{"count":2,"href":"https:\/\/speyer24news.com\/index.php?rest_route=\/wp\/v2\/posts\/40404\/revisions"}],"predecessor-version":[{"id":40435,"href":"https:\/\/speyer24news.com\/index.php?rest_route=\/wp\/v2\/posts\/40404\/revisions\/40435"}],"wp:featuredmedia":[{"embeddable":true,"href":"https:\/\/speyer24news.com\/index.php?rest_route=\/wp\/v2\/media\/26096"}],"wp:attachment":[{"href":"https:\/\/speyer24news.com\/index.php?rest_route=%2Fwp%2Fv2%2Fmedia&parent=40404"}],"wp:term":[{"taxonomy":"category","embeddable":true,"href":"https:\/\/speyer24news.com\/index.php?rest_route=%2Fwp%2Fv2%2Fcategories&post=40404"},{"taxonomy":"post_tag","embeddable":true,"href":"https:\/\/speyer24news.com\/index.php?rest_route=%2Fwp%2Fv2%2Ftags&post=40404"}],"curies":[{"name":"wp","href":"https:\/\/api.w.org\/{rel}","templated":true}]}}