{"id":40436,"date":"2021-09-13T11:52:08","date_gmt":"2021-09-13T10:52:08","guid":{"rendered":"https:\/\/speyer24news.com\/?p=40436"},"modified":"2021-09-13T11:52:48","modified_gmt":"2021-09-13T10:52:48","slug":"polizei-669","status":"publish","type":"post","link":"https:\/\/speyer24news.com\/?p=40436","title":{"rendered":"Polizei"},"content":{"rendered":"<style type=\"text\/css\">\r\n\t.ads_top_disp{}\r\n\t.ads_top_corner_disp{ float:left; margin:0px 10px 10px 0px; }\r\n\t.ads_first_p_disp{}\r\n\t.ads_bottom_disp{}\r\n\t<\/style>\n<h2 class=\"wp-block-heading\">&#8222;Tag der Fahrradsicherheit\u201c des Polizeipr\u00e4sidiums Rheinpfalz am Montag, 20.09.2021 in Speyer<\/h2>\n\n\n\n<div class=\"wp-block-image\"><figure class=\"aligncenter size-large\"><img decoding=\"async\" loading=\"lazy\" width=\"800\" height=\"600\" src=\"https:\/\/speyer24news.com\/wp-content\/uploads\/2021\/09\/Fahrraeder-Fahrrad-Fahrradschloss-Fahrradsicherung.jpg\" alt=\"\" class=\"wp-image-40437\" srcset=\"https:\/\/speyer24news.com\/wp-content\/uploads\/2021\/09\/Fahrraeder-Fahrrad-Fahrradschloss-Fahrradsicherung.jpg 800w, https:\/\/speyer24news.com\/wp-content\/uploads\/2021\/09\/Fahrraeder-Fahrrad-Fahrradschloss-Fahrradsicherung-300x225.jpg 300w, https:\/\/speyer24news.com\/wp-content\/uploads\/2021\/09\/Fahrraeder-Fahrrad-Fahrradschloss-Fahrradsicherung-768x576.jpg 768w, https:\/\/speyer24news.com\/wp-content\/uploads\/2021\/09\/Fahrraeder-Fahrrad-Fahrradschloss-Fahrradsicherung-678x509.jpg 678w, https:\/\/speyer24news.com\/wp-content\/uploads\/2021\/09\/Fahrraeder-Fahrrad-Fahrradschloss-Fahrradsicherung-326x245.jpg 326w, https:\/\/speyer24news.com\/wp-content\/uploads\/2021\/09\/Fahrraeder-Fahrrad-Fahrradschloss-Fahrradsicherung-80x60.jpg 80w\" sizes=\"(max-width: 800px) 100vw, 800px\" \/><\/figure><\/div>\n\n\n\n<p>Am kommenden Montag, 20.09.2021, findet im gesamten Zust\u00e4ndigkeitsbereich des Polizeipr\u00e4sidiums Rheinpfalz ein Aktionstag \u201eFahrradsicherheit\u201c statt.<\/p>\n\n\n\n<p>Der Radverkehr stellt einen wichtigen und wachsenden Anteil am Verkehrsaufkommen in Deutschland dar. Viele Menschen nutzen ein Fahrrad oder Pedelec als Verkehrsmittel f\u00fcr den Weg zur Arbeit, die Freizeit, den Urlaub oder um t\u00e4gliche Besorgungen zu erledigen.<\/p>\n\n\n\n<p>Die Daten unserer Verkehrsunfallstatistik zeigen, dass es trotz umfassender Pr\u00e4ventionsarbeit und einer hohen Kontrolldichte weiter erforderlich ist, einen Schwerpunkt auf das Thema \u201eFahrradsicherheit\u201c zu legen.<\/p>\n\n\n\n<p><strong>Die Polizeiinspektion Speyer stellt am&nbsp;<u>Montag, 20.09.2021, um 15 Uhr, am Hauptbahnhof in Speyer<\/u>&nbsp;eine eigens entworfene Spr\u00fchschablone vor. Durch diese sollen Radfahrende dazu angehalten werden, ihr Fahrrad gegen Diebstahl zu sch\u00fctzen.<\/strong><\/p>\n\n\n\n<p>F\u00fcr das Engagement im Bereich der Fahrradverkehrssicherheit wurde die Polizeiinspektion Speyer am 26.11.2020 vom Verkehrssicherheitsforum Rheinland-Pfalz unter Federf\u00fchrung des Ministeriums f\u00fcr Wirtschaft, Verkehr, Weinbau und Landwirtschaft mit dem zweiten Platz des Verkehrssicherheitspreises 2019 ausgezeichnet.<\/p>\n\n\n\n<h4 class=\"wp-block-heading\"><u>Treffpunkt:<\/u><\/h4>\n\n\n\n<ul><li><strong>Montag, 20.09.2021<\/strong><\/li><li><strong>15:00 Uhr<\/strong><\/li><li><strong>Hauptbahnhof Speyer<\/strong><\/li><li><strong>Bahnhofstr. 43 in 67346 Speyer<\/strong><\/li><\/ul>\n\n\n\n<p><em>POLIZEIPR\u00c4SIDIUM RHEINPFALZ, Polizeiinspektion Speyer<br>13.09.2021<\/em><\/p>\n","protected":false},"excerpt":{"rendered":"<div class=\"mh-excerpt\"><p>&#8222;Tag der Fahrradsicherheit\u201c des Polizeipr\u00e4sidiums Rheinpfalz am Montag, 20.09.2021 in Speyer Am kommenden Montag, 20.09.2021, findet im gesamten Zust\u00e4ndigkeitsbereich des Polizeipr\u00e4sidiums Rheinpfalz ein Aktionstag \u201eFahrradsicherheit\u201c statt. Der Radverkehr stellt einen wichtigen und wachsenden Anteil am <a class=\"mh-excerpt-more\" href=\"https:\/\/speyer24news.com\/?p=40436\" title=\"Polizei\">[&#8230;]<\/a><\/p>\n<\/div>","protected":false},"author":3,"featured_media":0,"comment_status":"open","ping_status":"open","sticky":false,"template":"","format":"standard","meta":{"_monsterinsights_skip_tracking":false,"_monsterinsights_sitenote_active":false,"_monsterinsights_sitenote_note":"","_monsterinsights_sitenote_category":0,"footnotes":""},"categories":[12],"tags":[253,12641,12870,53,1548,8277],"aioseo_notices":[],"amp_enabled":true,"_links":{"self":[{"href":"https:\/\/speyer24news.com\/index.php?rest_route=\/wp\/v2\/posts\/40436"}],"collection":[{"href":"https:\/\/speyer24news.com\/index.php?rest_route=\/wp\/v2\/posts"}],"about":[{"href":"https:\/\/speyer24news.com\/index.php?rest_route=\/wp\/v2\/types\/post"}],"author":[{"embeddable":true,"href":"https:\/\/speyer24news.com\/index.php?rest_route=\/wp\/v2\/users\/3"}],"replies":[{"embeddable":true,"href":"https:\/\/speyer24news.com\/index.php?rest_route=%2Fwp%2Fv2%2Fcomments&post=40436"}],"version-history":[{"count":2,"href":"https:\/\/speyer24news.com\/index.php?rest_route=\/wp\/v2\/posts\/40436\/revisions"}],"predecessor-version":[{"id":40439,"href":"https:\/\/speyer24news.com\/index.php?rest_route=\/wp\/v2\/posts\/40436\/revisions\/40439"}],"wp:attachment":[{"href":"https:\/\/speyer24news.com\/index.php?rest_route=%2Fwp%2Fv2%2Fmedia&parent=40436"}],"wp:term":[{"taxonomy":"category","embeddable":true,"href":"https:\/\/speyer24news.com\/index.php?rest_route=%2Fwp%2Fv2%2Fcategories&post=40436"},{"taxonomy":"post_tag","embeddable":true,"href":"https:\/\/speyer24news.com\/index.php?rest_route=%2Fwp%2Fv2%2Ftags&post=40436"}],"curies":[{"name":"wp","href":"https:\/\/api.w.org\/{rel}","templated":true}]}}