{"id":40443,"date":"2021-09-13T12:22:36","date_gmt":"2021-09-13T11:22:36","guid":{"rendered":"https:\/\/speyer24news.com\/?p=40443"},"modified":"2021-09-13T12:22:38","modified_gmt":"2021-09-13T11:22:38","slug":"stadtnotiz-speyer-2","status":"publish","type":"post","link":"https:\/\/speyer24news.com\/?p=40443","title":{"rendered":"Stadtnotiz Speyer"},"content":{"rendered":"<style type=\"text\/css\">\r\n\t.ads_top_disp{}\r\n\t.ads_top_corner_disp{ float:left; margin:0px 10px 10px 0px; }\r\n\t.ads_first_p_disp{}\r\n\t.ads_bottom_disp{}\r\n\t<\/style>\n<div class=\"wp-block-image\"><figure class=\"aligncenter size-large\"><img decoding=\"async\" loading=\"lazy\" width=\"800\" height=\"600\" src=\"https:\/\/speyer24news.com\/wp-content\/uploads\/2020\/01\/Speyer-Stadtnachrichten-2.jpg\" alt=\"\" class=\"wp-image-23901\" srcset=\"https:\/\/speyer24news.com\/wp-content\/uploads\/2020\/01\/Speyer-Stadtnachrichten-2.jpg 800w, https:\/\/speyer24news.com\/wp-content\/uploads\/2020\/01\/Speyer-Stadtnachrichten-2-300x225.jpg 300w, https:\/\/speyer24news.com\/wp-content\/uploads\/2020\/01\/Speyer-Stadtnachrichten-2-768x576.jpg 768w, https:\/\/speyer24news.com\/wp-content\/uploads\/2020\/01\/Speyer-Stadtnachrichten-2-678x509.jpg 678w, https:\/\/speyer24news.com\/wp-content\/uploads\/2020\/01\/Speyer-Stadtnachrichten-2-326x245.jpg 326w, https:\/\/speyer24news.com\/wp-content\/uploads\/2020\/01\/Speyer-Stadtnachrichten-2-80x60.jpg 80w\" sizes=\"(max-width: 800px) 100vw, 800px\" \/><\/figure><\/div>\n\n\n\n<h2 class=\"wp-block-heading\">Stadtrat tagt wieder in Pr\u00e4senz \u2013 3G-Regel gilt<\/h2>\n\n\n\n<p>Der Speyerer Stadtrat wird am <strong>Donnerstag, 16. September 2021<\/strong>, 17 Uhr zum ersten Mal in diesem Jahr wieder vollst\u00e4ndig in Pr\u00e4senz tagen. Da in der Stadthalle nach wie vor das Impfzentrum in Betrieb ist, findet die Sitzung in der Aula der Deutschen Universit\u00e4t f\u00fcr Verwaltungswissenschaften statt.<\/p>\n\n\n\n<p>Aufgrund der beschr\u00e4nkten Platzkapazit\u00e4ten k\u00f6nnen zur Sitzung leider nach wie vor keine Besucher*innen zugelassen werden. Um die \u00d6ffentlichkeitswirkung herzustellen, wird der Offene Kanal die Sitzung in bekannter Weise \u00fcbertragen. Der Livestream ist am Donnerstag, 16. September 2021 ab 17 Uhr unter&nbsp;<a href=\"https:\/\/deref-web.de\/mail\/client\/BYvA72fRjKY\/dereferrer\/?redirectUrl=http%3A%2F%2Fwww.speyer.de%2Fgremienkanal\" target=\"_blank\" rel=\"noreferrer noopener\">www.speyer.de\/gremienkanal<\/a>&nbsp;abrufbar.<\/p>\n\n\n\n<p>Die Stadtverwaltung bittet um Beachtung, dass f\u00fcr alle Anwesenden die 3G-Regel gilt, das hei\u00dft an der Pr\u00e4senzsitzung kann nur teilnehmen, wer vollst\u00e4ndig geimpft, genesen oder tagesaktuell negativ getestet ist. Diese Regelung gilt ab sofort und f\u00fcr alle Gremiensitzungen, die in Pr\u00e4senz stattfinden.<\/p>\n\n\n\n<p><em>Stadtverwaltung Speyer<br>13.09.2021<\/em><\/p>\n","protected":false},"excerpt":{"rendered":"<div class=\"mh-excerpt\"><p>Stadtrat tagt wieder in Pr\u00e4senz \u2013 3G-Regel gilt Der Speyerer Stadtrat wird am Donnerstag, 16. September 2021, 17 Uhr zum ersten Mal in diesem Jahr wieder vollst\u00e4ndig in Pr\u00e4senz tagen. Da in der Stadthalle nach <a class=\"mh-excerpt-more\" href=\"https:\/\/speyer24news.com\/?p=40443\" title=\"Stadtnotiz Speyer\">[&#8230;]<\/a><\/p>\n<\/div>","protected":false},"author":3,"featured_media":23902,"comment_status":"open","ping_status":"open","sticky":false,"template":"","format":"standard","meta":{"_monsterinsights_skip_tracking":false,"_monsterinsights_sitenote_active":false,"_monsterinsights_sitenote_note":"","_monsterinsights_sitenote_category":0,"footnotes":""},"categories":[47],"tags":[6,657,1296,7,2199,12871],"aioseo_notices":[],"amp_enabled":true,"_links":{"self":[{"href":"https:\/\/speyer24news.com\/index.php?rest_route=\/wp\/v2\/posts\/40443"}],"collection":[{"href":"https:\/\/speyer24news.com\/index.php?rest_route=\/wp\/v2\/posts"}],"about":[{"href":"https:\/\/speyer24news.com\/index.php?rest_route=\/wp\/v2\/types\/post"}],"author":[{"embeddable":true,"href":"https:\/\/speyer24news.com\/index.php?rest_route=\/wp\/v2\/users\/3"}],"replies":[{"embeddable":true,"href":"https:\/\/speyer24news.com\/index.php?rest_route=%2Fwp%2Fv2%2Fcomments&post=40443"}],"version-history":[{"count":1,"href":"https:\/\/speyer24news.com\/index.php?rest_route=\/wp\/v2\/posts\/40443\/revisions"}],"predecessor-version":[{"id":40444,"href":"https:\/\/speyer24news.com\/index.php?rest_route=\/wp\/v2\/posts\/40443\/revisions\/40444"}],"wp:featuredmedia":[{"embeddable":true,"href":"https:\/\/speyer24news.com\/index.php?rest_route=\/wp\/v2\/media\/23902"}],"wp:attachment":[{"href":"https:\/\/speyer24news.com\/index.php?rest_route=%2Fwp%2Fv2%2Fmedia&parent=40443"}],"wp:term":[{"taxonomy":"category","embeddable":true,"href":"https:\/\/speyer24news.com\/index.php?rest_route=%2Fwp%2Fv2%2Fcategories&post=40443"},{"taxonomy":"post_tag","embeddable":true,"href":"https:\/\/speyer24news.com\/index.php?rest_route=%2Fwp%2Fv2%2Ftags&post=40443"}],"curies":[{"name":"wp","href":"https:\/\/api.w.org\/{rel}","templated":true}]}}