{"id":40466,"date":"2021-09-14T06:50:33","date_gmt":"2021-09-14T05:50:33","guid":{"rendered":"https:\/\/speyer24news.com\/?p=40466"},"modified":"2021-09-14T06:50:35","modified_gmt":"2021-09-14T05:50:35","slug":"speyer-110","status":"publish","type":"post","link":"https:\/\/speyer24news.com\/?p=40466","title":{"rendered":"Speyer"},"content":{"rendered":"<style type=\"text\/css\">\r\n\t.ads_top_disp{}\r\n\t.ads_top_corner_disp{ float:left; margin:0px 10px 10px 0px; }\r\n\t.ads_first_p_disp{}\r\n\t.ads_bottom_disp{}\r\n\t<\/style>\n<h2 class=\"wp-block-heading\">Hei\u00dfe Rennen bei Kettcar-Rallye auf der Maximilianstra\u00dfe<\/h2>\n\n\n\n<div class=\"wp-block-image\"><figure class=\"aligncenter size-large\"><img decoding=\"async\" loading=\"lazy\" width=\"800\" height=\"605\" src=\"https:\/\/speyer24news.com\/wp-content\/uploads\/2021\/09\/Kettcar_Rallye_Maxi_1.jpg\" alt=\"\" class=\"wp-image-40467\" srcset=\"https:\/\/speyer24news.com\/wp-content\/uploads\/2021\/09\/Kettcar_Rallye_Maxi_1.jpg 800w, https:\/\/speyer24news.com\/wp-content\/uploads\/2021\/09\/Kettcar_Rallye_Maxi_1-300x227.jpg 300w, https:\/\/speyer24news.com\/wp-content\/uploads\/2021\/09\/Kettcar_Rallye_Maxi_1-768x581.jpg 768w, https:\/\/speyer24news.com\/wp-content\/uploads\/2021\/09\/Kettcar_Rallye_Maxi_1-80x60.jpg 80w\" sizes=\"(max-width: 800px) 100vw, 800px\" \/><\/figure><\/div>\n\n\n\n<p>Die Kettcar-Rallye am vergangenen Samstag, 11. September 2021 war ein gro\u00dfer Erfolg. Zwar verlief wetterbedingt der ein oder andere Programmpunkt wie die Siegerehrung anders als geplant, dies tat der Stimmung aber keinen Abbruch.<\/p>\n\n\n\n<p>\u201eNach den bislang zahlreichen pandemiebedingten Einschr\u00e4nkungen und Entbehrungen, die insbesondere Kinder und Jugendliche schon verkraften mussten, war diese Aktion genau das Richtige\u201c, freute sich B\u00fcrgermeisterin Monika Kabs angesichts der ausgelassenen Stimmung, die an diesem Tag bei den Beteiligten vor Ort herrschte.<\/p>\n\n\n\n<div class=\"wp-block-image\"><figure class=\"aligncenter size-large\"><img decoding=\"async\" loading=\"lazy\" width=\"800\" height=\"613\" src=\"https:\/\/speyer24news.com\/wp-content\/uploads\/2021\/09\/Kettcar_Rallye_Maxi_2.jpg\" alt=\"\" class=\"wp-image-40468\" srcset=\"https:\/\/speyer24news.com\/wp-content\/uploads\/2021\/09\/Kettcar_Rallye_Maxi_2.jpg 800w, https:\/\/speyer24news.com\/wp-content\/uploads\/2021\/09\/Kettcar_Rallye_Maxi_2-300x230.jpg 300w, https:\/\/speyer24news.com\/wp-content\/uploads\/2021\/09\/Kettcar_Rallye_Maxi_2-768x588.jpg 768w, https:\/\/speyer24news.com\/wp-content\/uploads\/2021\/09\/Kettcar_Rallye_Maxi_2-80x60.jpg 80w\" sizes=\"(max-width: 800px) 100vw, 800px\" \/><\/figure><\/div>\n\n\n\n<p>70 Kinder und Jugendliche zwischen 6 und 15 Jahren haben an der Aktion teilgenommen, die von&nbsp;Polizei, Jugendfeuerwehr, ASB, Einzelhandel und der Jugendf\u00f6rderung und dem Baubetriebshof der Stadt Speyer mitgestaltet und unterst\u00fctzt wurde.<\/p>\n\n\n\n<p>\u201eIch m\u00f6chte mich bei allen Beteiligten bedanken, die diese gro\u00dfartige Aktion auf die Beine gestellt haben und unsere Stadt auf so vielf\u00e4ltige Weise lebendig machen\u201c, wandte sich Oberb\u00fcrgermeisterin Stefanie Seiler an die lokalen Unterst\u00fctzer*innen der Aktion.<\/p>\n\n\n\n<div class=\"wp-block-image\"><figure class=\"aligncenter size-large\"><img decoding=\"async\" loading=\"lazy\" width=\"800\" height=\"600\" src=\"https:\/\/speyer24news.com\/wp-content\/uploads\/2021\/09\/Kettcar_Rallye_Maxi_3.jpg\" alt=\"\" class=\"wp-image-40469\" srcset=\"https:\/\/speyer24news.com\/wp-content\/uploads\/2021\/09\/Kettcar_Rallye_Maxi_3.jpg 800w, https:\/\/speyer24news.com\/wp-content\/uploads\/2021\/09\/Kettcar_Rallye_Maxi_3-300x225.jpg 300w, https:\/\/speyer24news.com\/wp-content\/uploads\/2021\/09\/Kettcar_Rallye_Maxi_3-768x576.jpg 768w, https:\/\/speyer24news.com\/wp-content\/uploads\/2021\/09\/Kettcar_Rallye_Maxi_3-678x509.jpg 678w, https:\/\/speyer24news.com\/wp-content\/uploads\/2021\/09\/Kettcar_Rallye_Maxi_3-326x245.jpg 326w, https:\/\/speyer24news.com\/wp-content\/uploads\/2021\/09\/Kettcar_Rallye_Maxi_3-80x60.jpg 80w\" sizes=\"(max-width: 800px) 100vw, 800px\" \/><\/figure><\/div>\n\n\n\n<p>Im Anschluss an die Rennen wurde im Biergarten von Familie Zinnecker im Unteren Domgarten die Preisverleihung zelebriert: F\u00fcr jede*n Teilnehmer*in gab es eine prall gef\u00fcllte Tasche mit tollen Sachpreisen wie Sporttaschen, Gutscheinen oder einer Backstage Tour auf dem Flugplatz, die von folgenden Spender*innen gestiftet wurden:<\/p>\n\n\n\n<p>Eis am Rhein, Eiscaf\u00e9 Del Sole, Eiscaf\u00e9 Englert, Historisches Museum, Kletterpark, Buchhandlung Osiander, SEA LIFE, SWS, Technik Museum, Theaterhaus, De Vico Caf\u00e9 Roma, Pfalzgest\u00fct Ha\u00dfloch, Soccerpark Dirmstein, Kinder- und Jugendtheater, Alex Lemke, Patrick Barth, Freddy Zinnecker, Modehaus Kissel, Schuhhaus B\u00f6deker, Schmitt Mode f\u00fcr M\u00e4nner, Night Sports, Flugplatz Speyer.<\/p>\n\n\n\n<p><em>Stadtverwaltung Speyer<br>14.09.2021<\/em><\/p>\n","protected":false},"excerpt":{"rendered":"<div class=\"mh-excerpt\"><p>Hei\u00dfe Rennen bei Kettcar-Rallye auf der Maximilianstra\u00dfe Die Kettcar-Rallye am vergangenen Samstag, 11. September 2021 war ein gro\u00dfer Erfolg. Zwar verlief wetterbedingt der ein oder andere Programmpunkt wie die Siegerehrung anders als geplant, dies tat <a class=\"mh-excerpt-more\" href=\"https:\/\/speyer24news.com\/?p=40466\" title=\"Speyer\">[&#8230;]<\/a><\/p>\n<\/div>","protected":false},"author":3,"featured_media":23902,"comment_status":"open","ping_status":"open","sticky":false,"template":"","format":"standard","meta":{"_monsterinsights_skip_tracking":false,"_monsterinsights_sitenote_active":false,"_monsterinsights_sitenote_note":"","_monsterinsights_sitenote_category":0,"footnotes":""},"categories":[9],"tags":[9226,12880,1843,7491,12879,6848,7304,12680,7305,12681,699,1548,6],"aioseo_notices":[],"amp_enabled":true,"_links":{"self":[{"href":"https:\/\/speyer24news.com\/index.php?rest_route=\/wp\/v2\/posts\/40466"}],"collection":[{"href":"https:\/\/speyer24news.com\/index.php?rest_route=\/wp\/v2\/posts"}],"about":[{"href":"https:\/\/speyer24news.com\/index.php?rest_route=\/wp\/v2\/types\/post"}],"author":[{"embeddable":true,"href":"https:\/\/speyer24news.com\/index.php?rest_route=\/wp\/v2\/users\/3"}],"replies":[{"embeddable":true,"href":"https:\/\/speyer24news.com\/index.php?rest_route=%2Fwp%2Fv2%2Fcomments&post=40466"}],"version-history":[{"count":1,"href":"https:\/\/speyer24news.com\/index.php?rest_route=\/wp\/v2\/posts\/40466\/revisions"}],"predecessor-version":[{"id":40470,"href":"https:\/\/speyer24news.com\/index.php?rest_route=\/wp\/v2\/posts\/40466\/revisions\/40470"}],"wp:featuredmedia":[{"embeddable":true,"href":"https:\/\/speyer24news.com\/index.php?rest_route=\/wp\/v2\/media\/23902"}],"wp:attachment":[{"href":"https:\/\/speyer24news.com\/index.php?rest_route=%2Fwp%2Fv2%2Fmedia&parent=40466"}],"wp:term":[{"taxonomy":"category","embeddable":true,"href":"https:\/\/speyer24news.com\/index.php?rest_route=%2Fwp%2Fv2%2Fcategories&post=40466"},{"taxonomy":"post_tag","embeddable":true,"href":"https:\/\/speyer24news.com\/index.php?rest_route=%2Fwp%2Fv2%2Ftags&post=40466"}],"curies":[{"name":"wp","href":"https:\/\/api.w.org\/{rel}","templated":true}]}}