{"id":40481,"date":"2021-09-15T08:41:58","date_gmt":"2021-09-15T07:41:58","guid":{"rendered":"https:\/\/speyer24news.com\/?p=40481"},"modified":"2021-09-15T09:45:34","modified_gmt":"2021-09-15T08:45:34","slug":"polizei-671","status":"publish","type":"post","link":"https:\/\/speyer24news.com\/?p=40481","title":{"rendered":"Polizei"},"content":{"rendered":"<style type=\"text\/css\">\r\n\t.ads_top_disp{}\r\n\t.ads_top_corner_disp{ float:left; margin:0px 10px 10px 0px; }\r\n\t.ads_first_p_disp{}\r\n\t.ads_bottom_disp{}\r\n\t<\/style>\n<h2 class=\"wp-block-heading\">Polizeimeldungen vom Dienstag (14.09.2021)<\/h2>\n\n\n\n<div class=\"wp-block-image\"><figure class=\"aligncenter size-large\"><img decoding=\"async\" src=\"https:\/\/speyer24news.com\/wp-content\/uploads\/2019\/11\/Aktuelles-Polizeilogo.jpg\" alt=\"\" class=\"wp-image-21845\"\/><\/figure><\/div>\n\n\n\n<h2 class=\"wp-block-heading\">(Speyer \/ Hockenheim) &#8211; Schwerer Verkehrsunfall auf A 61; mehrere Fahrzeuge beteiligt; Richtungsfahrbahn gesperrt; Rettungshubschrauber im Einsatz<\/h2>\n\n\n\n<h3 class=\"has-text-align-center wp-block-heading\">Pressemitteilung Nr. 1<\/h3>\n\n\n\n<p>Wegen eines schweren Verkehrsunfalls, an dem mehrere Fahrzeuge, darunter auch ein Lkw beteiligt sein soll, ist die A 61 zwischen dem Autobahnkreuz Speyer und dem Dreieck Hockenheim derzeit in Richtung Hockenheim gesperrt. Der Verkehr wird \u00fcber einen Parkplatz an der Unfallstelle beteiligt. \u00dcber das Ausma\u00df liegen noch keine Informationen vor. Ein Rettungshubschrauber ist im Anflug.<\/p>\n\n\n\n<h2 class=\"wp-block-heading\">(Speyer \/ Hockenheim \/ A 61) &#8211; Unfall in Ri.Hockenheim mit sieben Fahrzeugen -vier Leichtverletzte-; eine Fahrspur mittlerweile frei; Gegenfahrbahn Unfall mit zwei Sattelz\u00fcgen &#8211; Vollsperrung<\/h2>\n\n\n\n<h3 class=\"has-text-align-center wp-block-heading\">Pressemitteilung Nr. 2<\/h3>\n\n\n\n<p>Am Dienstagvormittag, kurz vor 8.30 Uhr, kollidierten auf der A 61 in Richtung Hockenheim mehrere Fahrzeuge, darunter auch ein Sattelzug miteinander.<\/p>\n\n\n\n<p>Die bisherige Bilanz: Vier Leichtverletzte. Ein Rettungshubschrauber konnte wieder abdrehen. Nach anf\u00e4nglicher Vollsperrung wurde mittlerweile eine Spur wieder freigegeben.<\/p>\n\n\n\n<p>Um kurz nach 9 Uhr kollidierten in der Gegenrichtung zwei Sattelzuge miteinander. Derzeit ist die A 61 zwischen dem Dreieck Hockenheim und dem Autobahnkreuz Speyer voll gesperrt.<\/p>\n\n\n\n<p>Bei beiden Unf\u00e4llen sind Rettungskr\u00e4fte inklusive Feuerwehren aus der Umgebung im Einsatz.<\/p>\n\n\n\n<h2 class=\"wp-block-heading\">(Speyer \/ Hockenheim \/ A 61) &#8211; Verkehrsunf\u00e4lle in beide Fahrtrichtungen; Vollsperrungen aufgehoben; Bergungs- und Aufr\u00e4umarbeiten im Gange<\/h2>\n\n\n\n<h2 class=\"has-text-align-center wp-block-heading\">Pressemitteilung Nr. 3<\/h2>\n\n\n\n<p>Bei den Verkehrsunf\u00e4llen, die sich am Dienstagvormittag auf der A 61 in beiden Fahrtrichtungen ereigneten, finden derzeit die Bergungs- und Aufr\u00e4umarbeiten statt. Auf der Fahrbahn in Richtung Hockenheim sind bereits mehrere Abschlepper im Einsatz. Kurzfristig k\u00f6nnte deshalb die Fahrbahn wieder voll gesperrt werden.<\/p>\n\n\n\n<p>In Richtung Speyer, wo zwei Sattelzuge aufeinander fuhren, sind zwei Leichtverletzte zu beklagen. Ein Fahrstreifen ist wieder frei. Die Bergungsarbeiten werden sich allerdings noch l\u00e4nger hinziehen. Au\u00dferdem sind Betriebsstoffe ausgelaufen, die eine Reinigung durch eine Fachfirma notwendig machen werden. Wann hier mit einer Freigabe der Fahrbahn zu rechnen ist, l\u00e4sst sich noch nicht absch\u00e4tzen.<\/p>\n\n\n\n<h2 class=\"wp-block-heading\">(Speyer \/ Hockenheim \/ A 61) &#8211; Zwei Verkehrsunf\u00e4lle auf A 61; Sachstandsmitteilung<\/h2>\n\n\n\n<h3 class=\"has-text-align-center wp-block-heading\">Pressemitteilung Nr. 4<\/h3>\n\n\n\n<p>W\u00e4hrend die Unfallaufnahme des Verkehrsunfalls auf der A 61 in Richtung Hockenheim mit sechs Autos und einem Sattelzug mittlerweile beendet ist und alle Fahrzeuge abgeschleppt sind -die Richtungsfahrbahn ist seit 11.15 Uhr wieder frei- , dauern die Aufr\u00e4umarbeiten auf der Gegenspur in Richtung Speyer immer noch an. Wann diese abgeschlossen sein werden, steht noch nicht fest.<\/p>\n\n\n\n<h2 class=\"wp-block-heading\">(Speyer \/ Hockenheim \/ A 61) &#8211; Zwei Verkehrsunf\u00e4lle auf A 61; vorl\u00e4ufige Bilanz<\/h2>\n\n\n\n<h3 class=\"has-text-align-center wp-block-heading\">Pressemitteilung Nr. 5<\/h3>\n\n\n\n<h4 class=\"wp-block-heading\">Unfall 1:<\/h4>\n\n\n\n<p>Am Dienstagvormittag, kurz nach 8 Uhr, kollidierten auf der A 61, zwischen dem Autobahnkreuz Speyer und dem Dreieck Hockenheim insgesamt sieben Fahrzeuge, darunter auch ein Sattelzug. Vier Personen wurden leicht verletzt mit Rettungswagen in verschiedene Kliniken gebracht. Insgesamt wurden sechs Fahrzeuge auch der Sattelzug abgeschleppt. Der Gesamtschaden d\u00fcrfte bei weit \u00fcber 150.000.- Euro liegen. Nach den bisherigen Erkenntnissen des Autobahnpolizeireviers Walldorf \u00fcbersah ein Autofahrer auf dem linken Fahrstreifen einen R\u00fcckstau, wich nach rechts aus und kollidierte mit dem Sattelzug. Dessen Fahrer verlor daraufhin die Kontrolle \u00fcber sein Schwerfahrzeug, geriet auf die linke Spur und fuhr auf f\u00fcnf weitere Fahrzeuge auf. W\u00e4hrend der Unfallaufnahme sowie der Bergungs- und Aufr\u00e4umarbeiten, die mehr als drei Stunden andauerten, wurde die Autobahn in Richtung Hockenheim mehrmals, teilweise auch kurzfristig voll gesperrt. Ansonsten wurde der Verkehr \u00fcber eine Spur an der Unfallstelle vorbeigeleitet. Die Fahrbahn in Richtung Hockenheim war gegen 11.15 Uhr wieder frei befahrbar. Der R\u00fcckstau betrug in der Spitze ca. vier Kilometer. Die Polizeiautobahnstation Ruchheim war an der Unfallaufnahme beteiligt. Zur Bergung der Fahrzeuge war die Feuerwehr Speyer mit rund 20 Kr\u00e4ften im Einsatz.<\/p>\n\n\n\n<h4 class=\"wp-block-heading\">Unfall 2:<\/h4>\n\n\n\n<p>Kurz vor 11 Uhr fuhr ein 51-j\u00e4hriger Sattelzugfahrer -Auflieger leer- auf der A 61 in Richtung Speyer aus bislang unbekannter Ursache auf einem vorausfahrenden 60-j\u00e4hrigen Sattelzugfahrer -Auflieger mit Fahrzeugteilen beladen- auf. Beide Schwerfahrzeuge wurden dabei total besch\u00e4digt. Beide Fahrer wurden leicht verletzt in einer Klinik ambulant behandelt. Der Gesamtschaden d\u00fcrfte sich auf \u00fcber 200.000.- Euro belaufen. Derzeit (Stand: 14.30 Uhr) werden beide Fahrzeuge noch abgeschleppt und im Anschluss daran soll die Fahrbahn noch von einer Fachfirma gereinigt werden. Wie lange dies andauern wird, l\u00e4sst sich noch nicht absch\u00e4tzen. Ein Fahrstreifen ist frei. Es d\u00fcrfte jedoch im Feierabendverkehr zu erheblichen Behinderungen auf der A 61 in Richtung Speyer\/Koblenz kommen, die auch auf die A 6 zur\u00fcckreichen k\u00f6nnten.<\/p>\n\n\n\n<figure class=\"wp-block-embed is-type-video is-provider-youtube wp-block-embed-youtube wp-embed-aspect-16-9 wp-has-aspect-ratio\"><div class=\"wp-block-embed__wrapper\">\n<iframe loading=\"lazy\" title=\"Unfall A 61   Rettungsgasse B 9 -  Feuerwehrfahrzeug Speyer - 14 09 21\" width=\"500\" height=\"281\" src=\"https:\/\/www.youtube.com\/embed\/6qhDLPc7j-I?feature=oembed\" frameborder=\"0\" allow=\"accelerometer; autoplay; clipboard-write; encrypted-media; gyroscope; picture-in-picture\" allowfullscreen><\/iframe>\n<\/div><\/figure>\n\n\n\n<h2 class=\"wp-block-heading\">(Speyer) &#8211; Wahlplakat in Brand gesetzt \/ Zeugen gesucht<\/h2>\n\n\n\n<p>Bislang unbekannte T\u00e4ter setzten am Montagnacht gegen 23:15 Uhr in der Paul-Egell-Stra\u00dfe ein Wahlplakat in Brand, welches an einem Bauzaun angebracht war. Durch die Feuerwehr konnte der Brand gel\u00f6scht werden. Der am Zaun entstandene Schaden wird auf ca.100 Euro gesch\u00e4tzt. Von zwei vor Ort befindlichen Zeugen im Alter von 18 und 21 Jahren, die mit der Feuerwehr Kontakt hatten, konnten keine Personalien erhoben werden. Die beiden jungen M\u00e4nner sowie weitere Zeugen werden gebeten, sich umgehend unter der Tel. 06232\/137-0 oder per Email (<a href=\"mailto:pispeyer@polzei.rlp.de\">pispeyer@polzei.rlp.de<\/a>) bei der Polizei Speyer zu melden.<\/p>\n\n\n\n<h2 class=\"wp-block-heading\">(Speyer) &#8211; Kellnerportemonnaie gestohlen und gefl\u00fcchtet                                <\/h2>\n\n\n\n<p>Die Kellnerb\u00f6rse einer Mitarbeitern entwendet hat am Montag um 20:40 Uhr ein Unbekannter in einer Gastst\u00e4tte in der Korngasse. Der Dieb nutzte eine g\u00fcnstige Gelegenheit, nahm den Geldbeutel aus einer Schublade und floh zu Fu\u00df in Richtung Postplatz. Der Mann, der sich um ein paar hundert Euro bereichert hatte, wird wie folgt beschrieben:<\/p>\n\n\n\n<ul><li><strong>M\u00e4nnlich<\/strong><\/li><li><strong>20-35 Jahre alt<\/strong><\/li><li><strong>athletisch<\/strong><\/li><li><strong>ca. 180 cm gro\u00df<\/strong><\/li><li><strong>kurze blonde gelockte Haare<\/strong><\/li><li><strong>schmales Gesicht<\/strong><\/li><li><strong>bekleidet mit einer beigefarbenen Weste und einer dunklen Jacke<\/strong><\/li><\/ul>\n\n\n\n<p>Zeugen, die den T\u00e4ter im Bereich der Innenstadt, insbesondere in der Korngasse wahrgenommen haben, werden gebeten, sich unter der Tel. 06232\/137-0 oder per Email (<a href=\"mailto:pispeyer@polizei.rlp.de\">pispeyer@polizei.rlp.de<\/a>) bei der Polizei Speyer zu melden.<\/p>\n\n\n\n<h2 class=\"wp-block-heading\">(Speyer) &#8211; Zwei Leichtverletzte und 13.000 Sachschaden nach Verkehrsunfall<\/h2>\n\n\n\n<p>Auf einen stehenden PKW fuhr am Montag gegen 16:45 Uhr ein 30-j\u00e4hriger PKW-Fahrer aus Mutterstadt auf. Der Mann war auf der Landwehrstra\u00dfe unterwegs, als er den an der Einm\u00fcndung zur Brunckstra\u00dfe wartenden PKW einer 56-J\u00e4hrigen aus Schifferstadt \u00fcbersah. Durch die Kollision wurde der Skoda der 56-J\u00e4hrigen um 180 Grad gedreht und kam auf der Gegenfahrspur zum Stehen. Der 30-J\u00e4hrige kam von der Fahrbahn ab und fuhr auf einen Gr\u00fcnstreifen. Beide Unfallbeteiligten zogen sich ersten Erkenntnissen zufolge leichte Verletzungen zu und wurden zur weiteren Behandlung in ein Krankenhaus verbracht. Es entstand ein Sachschaden von sch\u00e4tzungsweise 13.000 Euro.<\/p>\n\n\n\n<h2 class=\"wp-block-heading\">(Bornheim) &#8211; Ladendiebin erwischt<\/h2>\n\n\n\n<p>Bei einem Ladendiebstahl wurde eine 57 &#8211; J\u00e4hrige am Montagabend in einem Markt in Bornheim ertappt. Die Diebin hatte Gegenst\u00e4nde im Wert von zirka 400 EUR eingesteckt ohne diese an der Kasse zu bezahlen. Bei der Anzeigenaufnahme ergaben sich Verdachtsmomente, dass die Frau bereits zweimal in den Vormonaten Waren entwendet hatte. Bei einer Nachschau in der Wohnung konnte kein Diebesgut aufgefunden werden. Ein Verfahren wegen Diebstahl wurde eingeleitet.<\/p>\n\n\n\n<h2 class=\"wp-block-heading\">(Landau) &#8211; Vandalismus an Grundschule \/ Zeugen gesucht<\/h2>\n\n\n\n<div class=\"wp-block-image\"><figure class=\"aligncenter size-large\"><img decoding=\"async\" loading=\"lazy\" width=\"801\" height=\"600\" src=\"https:\/\/speyer24news.com\/wp-content\/uploads\/2020\/05\/Zeugen-gesucht-Neutral.jpg\" alt=\"\" class=\"wp-image-26598\" srcset=\"https:\/\/speyer24news.com\/wp-content\/uploads\/2020\/05\/Zeugen-gesucht-Neutral.jpg 801w, https:\/\/speyer24news.com\/wp-content\/uploads\/2020\/05\/Zeugen-gesucht-Neutral-300x225.jpg 300w, https:\/\/speyer24news.com\/wp-content\/uploads\/2020\/05\/Zeugen-gesucht-Neutral-768x575.jpg 768w, https:\/\/speyer24news.com\/wp-content\/uploads\/2020\/05\/Zeugen-gesucht-Neutral-678x509.jpg 678w, https:\/\/speyer24news.com\/wp-content\/uploads\/2020\/05\/Zeugen-gesucht-Neutral-326x245.jpg 326w, https:\/\/speyer24news.com\/wp-content\/uploads\/2020\/05\/Zeugen-gesucht-Neutral-80x60.jpg 80w\" sizes=\"(max-width: 801px) 100vw, 801px\" \/><\/figure><\/div>\n\n\n\n<p>\u00dcber das Wochenende wurden mehrere Fensterscheiben an der Grundschule im Horstring besch\u00e4digt. Die Polizei wurde am Montagmorgen \u00fcber den Vorfall informiert. Am Freitagabend gegen 17 Uhr war noch alles Inordnung. Da es sich um mehrfach verglaste Sicherheitsscheiben handelte, muss entsprechendes Werkzeug zur Besch\u00e4digung eingesetzt worden sein. Der Sachschaden wird nach einer ersten Sch\u00e4tzung auf zirka 50.000 EUR beziffert. Die Polizei hat die Ermittlungen wegen Sachbesch\u00e4digung aufgenommen.<\/p>\n\n\n\n<p>Die Polizei sucht nun Zeugen, welche den Vorfall beobachtet haben. Hinweise werden telefonisch unter 06341\/2870 oder per Mail an&nbsp;<a href=\"mailto:pilandau@polizei.rlp.de\">pilandau@polizei.rlp.de<\/a>&nbsp;entgegengenommen.<\/p>\n\n\n\n<h2 class=\"wp-block-heading\">(Annweiler) &#8211; Zeugin nach Verkehrsunfallflucht gesucht<\/h2>\n\n\n\n<p>Nachdem am Montag, den 13.09.21 gegen 12:55 Uhr, ein \u00e4lterer Fahrzeugf\u00fchrer ein auf dem Wasgauparkplatz abgestelltes Fahrzeug besch\u00e4digt hatte und unverrichteter Dinge weggelaufen war, verst\u00e4ndigte eine beobachtende Zeugin die sp\u00e4ter am Unfallort eintreffende, gesch\u00e4digte Fahrzeughalterin, wodurch letztendlich eine Schadensregulierung betrieben werden konnte. Die Polizei Annweiler bittet nunmehr die helfende Zeugin, sich bei der Polizeiwache zu melden.<\/p>\n\n\n\n<h2 class=\"wp-block-heading\">(Edenkoben) &#8211; Motorradfahrer und Sozia verletzt<\/h2>\n\n\n\n<p>Vermutlich wegen einer kleinen \u00d6lspur geriet gestern Nachmittag ein 56 Jahre alter Motorradfahrer mit seiner 58-j\u00e4hrigen Mitfahrerin am Kreisel der K6 ins Schleudern, verlor die Kontrolle \u00fcber sein Zweirad und st\u00fcrzte. Hierbei verletzten sich beide am linken Bein und mussten in ein Krankenhaus. Am Motorrad entstand Sachschaden.<\/p>\n\n\n\n<h2 class=\"wp-block-heading\">(Maikammer) &#8211; 10 Jahre altes M\u00e4dchen von PKW erfasst<\/h2>\n\n\n\n<p>Ein 10 Jahre altes M\u00e4dchen ist Montagmittag (13.09.2021, 13.45 Uhr) in der Weinstra\u00dfe Nord von einem PKW erfasst worden, als es bei Aussteigen hinter dem Schulbus die Stra\u00dfe \u00fcberqueren wollte und das entgegenkommenden Auto einer 63 Jahren alten Fahrerin \u00fcbersah. W\u00e4hrend sich das M\u00e4dchen eine Fraktur am Fu\u00df zuzog, erlitt die Fahrzeugf\u00fchrerin einen Schock.<\/p>\n\n\n\n<h2 class=\"wp-block-heading\">(Ha\u00dfloch) &#8211; 150 l Diesel abgepumpt&#8230;<\/h2>\n\n\n\n<p>&#8230;haben am vergangenen Wochenende (10.-12. September) Unbekannte in der Fritz-Karl-Henkel-Stra\u00dfe. Aus einem dort abgestellte Mercedes Actros entwendeten sie den Kraftstoff und entkamen unerkannt. Die Polizeiinspektion Ha\u00dfloch nimmt Zeugenhinweise unter Tel. 06324 933-0 oder per E-Mail an&nbsp;<a href=\"mailto:pihassloch@polizei.rlp.de\">pihassloch@polizei.rlp.de<\/a>&nbsp;entgegen.<\/p>\n\n\n\n<h2 class=\"wp-block-heading\">(Meckenheim) &#8211; Vier Fahrr\u00e4der entwendet<\/h2>\n\n\n\n<p>Zu einer Veranstaltung auf dem Birkenhof am vergangenen Samstagabend (11. September) reisten viele Besucher mit Fahrrad an. Zwischen 19 und 0 Uhr entwendeten Unbekannte vier angeschlossene R\u00e4der. Der Gesamtschaden wurde auf 4.000,- Euro gesch\u00e4tzt. Zeugenhinweise bitte an die Polizei Ha\u00dfloch unter Tel. 06324 933-0 oder per E-Mail an&nbsp;<a href=\"mailto:pihassloch@polizei.rlp.de\">pihassloch@polizei.rlp.de<\/a><\/p>\n\n\n\n<h2 class=\"wp-block-heading\">(Deidesheim) &#8211; Polizei sucht Porschefahrer<\/h2>\n\n\n\n<p>Auf dem Marktplatz in Richtung Schlossstra\u00dfe war die Fahrerin eines Dacia Duster am Montagnachmittag (13. September, 16 Uhr) unterwegs, als sie von einem Porschefahrer geschnitten wurde und es zum Unfall kam. Der schwarze Porsche Cayenne mit D\u00dcW-Kennzeichen und fuhr in zu engem Bogen von der Bahnhofstra\u00dfe auf den Marktplatz. Die Dacia-Fahrerin wich dem SUV aus und stie\u00df gegen einen Blumenk\u00fcbel. Die Polizei sch\u00e4tze Schaden auf 1.500,- EUR. Fahrer des Porsche soll ein Mann gewesen sein. Er fl\u00fcchtete von der Unfallstelle. Zeugenhinweise bitte an die Polizei Ha\u00dfloch unter Tel. 06324 933-0 oder per E-Mail an&nbsp;<a href=\"mailto:pihassloch@polizei.rlp.de\">pihassloch@polizei.rlp.de<\/a><\/p>\n\n\n\n<h2 class=\"wp-block-heading\">(Bad D\u00fcrkheim) &#8211; Verkehrsbehinderungen auf B37 nach Verkehrsunfall<\/h2>\n\n\n\n<p>Derzeit (14.09.2021 \u2013 11:06) kommt es auf der B37 in Bad D\u00fcrkheim, im Bereich zwischen der Kreuzung B37\/Gutleutstra\u00dfe und der Kreuzung B37\/Bruchstra\u00dfe, aufgrund eines Unfalls zu erheblichen Verkehrsbehinderungen. Ortskundige werden gebeten, das Gebiet weitr\u00e4umig zu umfahren. Eine \u00f6rtliche Umleitung wird ausgeschildert.<\/p>\n\n\n\n<h2 class=\"wp-block-heading\">(Bad D\u00fcrkheim) &#8211; Verkehrsunfall mit Folgen<\/h2>\n\n\n\n<div class=\"wp-block-image\"><figure class=\"aligncenter size-large\"><img decoding=\"async\" loading=\"lazy\" width=\"800\" height=\"600\" src=\"https:\/\/speyer24news.com\/wp-content\/uploads\/2021\/09\/bearb.jpg\" alt=\"\" class=\"wp-image-40486\" srcset=\"https:\/\/speyer24news.com\/wp-content\/uploads\/2021\/09\/bearb.jpg 800w, https:\/\/speyer24news.com\/wp-content\/uploads\/2021\/09\/bearb-300x225.jpg 300w, https:\/\/speyer24news.com\/wp-content\/uploads\/2021\/09\/bearb-768x576.jpg 768w, https:\/\/speyer24news.com\/wp-content\/uploads\/2021\/09\/bearb-678x509.jpg 678w, https:\/\/speyer24news.com\/wp-content\/uploads\/2021\/09\/bearb-326x245.jpg 326w, https:\/\/speyer24news.com\/wp-content\/uploads\/2021\/09\/bearb-80x60.jpg 80w\" sizes=\"(max-width: 800px) 100vw, 800px\" \/><\/figure><\/div>\n\n\n\n<p>Am 14.09.2021 kam es gegen 10:00 Uhr auf der B37, kurz nach dem Kreuzungsbereich Altenbacher- \/ Kanalstra\u00dfe, zu einem Verkehrsunfall. Demnach befuhr ein 65-J\u00e4hriger aus Eisenberg mit seinem landwirtschaftlichen Gespann die B37 in Richtung BAB 650 und ber\u00fchrte dort, vermutlich aufgrund \u00fcberh\u00f6hter Geschwindigkeit, mit den Reifen des Anh\u00e4ngers eine Verkehrsinsel, woraufhin sich dieser aufschaukelte und nach links auf die Gegenfahrspur umkippte. Ein diese Fahrspur in Richtung Innenstadt befahrender 85-J\u00e4hriger Fahrzeugf\u00fchrer aus Ha\u00dfloch kollidierte daraufhin frontal mit dem umgekippten Anh\u00e4nger. Beide Fahrzeugf\u00fchrer konnten sich eigenst\u00e4ndig aus den Fahrzeugen befreien und wurden vor Ort durch das DRK erstversorgt. Beide zogen sich gl\u00fccklicherweise lediglich leichte Verletzungen zu.<\/p>\n\n\n\n<p>An beiden Fahrzeugen entstand Sachschaden in Gesamth\u00f6he von ca. 13.000EUR.<\/p>\n\n\n\n<p>Die B37 musste aufgrund auslaufender Betriebsstoffe sowie zur Bergung der Fahrzeuge und der transportierten Ladung f\u00fcr insgesamt vier Stunden voll gesperrt werden.<\/p>\n\n\n\n<h2 class=\"wp-block-heading\">(Neuleinigen) &#8211; Opel-Fahrerin unter Drogeneinfluss<\/h2>\n\n\n\n<p>Unter dem Einfluss von Drogen war am 13.09.2021, um 20.05 Uhr, eine 24-J\u00e4hrige mit ihrem Opel unterwegs. Der Wagen wurde von Beamten der Polizeiautobahnstation Ruchheim auf der A6 Gemarkung Neuleiningen einer Verkehrskontrolle unterzogen. Hierbei zeigte die Fahrerin deutliche Ausfallerscheinungen. Ein Drogenschnelltest best\u00e4tigte den Verdacht, die Frau stand unter dem Einfluss von THC. Bei der anschlie\u00dfenden Durchsuchung fanden die Beamten 0,8g Marihuana. Der 32-j\u00e4hrige Beifahrer der Frau r\u00e4umte ein, dass es sich dabei um seine Drogen handelt. Der 24-J\u00e4hrigen wurde eine Blutprobe entnommen. Gegen Sie wurde ein Ermittlungsverfahren wegen Trunkenheit im Stra\u00dfenverkehr eingeleitet. Wegen des Besitzes von Bet\u00e4ubungsmitteln muss sich der 32-J\u00e4hrige strafrechtlich verantworten.<\/p>\n\n\n\n<h2 class=\"wp-block-heading\">(Frankenthal) &#8211; Sachbesch\u00e4digung am Justizgeb\u00e4ude \/ Wer kann Hinweise geben?<\/h2>\n\n\n\n<p>Im Zeitraum Montag (13.09.2021), 19:00 Uhr, bis Dienstag (14.09.2021), 05:45 Uhr, wurden die Schl\u00f6sser an den Au\u00dfent\u00fcren und am Einfahrtstor zum Justizzentrum besch\u00e4digt. Weiter wurde an der Haupteingangst\u00fcr zum Landgericht ein elektronischer T\u00fcr\u00f6ffner abgerissen. Die Schadensh\u00f6he d\u00fcrfte voraussichtlich mehrere zehntausend Euro betragen, da die komplette Schlie\u00dfanlage ausgetauscht werden muss.<\/p>\n\n\n\n<p>Die Polizei sucht nun dringend Zeugen.<\/p>\n\n\n\n<p>Wer hat im Zeitraum Montagabend bis Dienstagmorgen rund um das Justizzentrum in der Bahnhofstra\u00dfe, im Neumayerring, der Welschgasse oder der Emil-Rosenberg-Stra\u00dfe etwas beobachtet?<\/p>\n\n\n\n<p>Wem sind Personen oder Fahrzeuge aufgefallen, die in Verbindung zur Tat stehen k\u00f6nnten?<\/p>\n\n\n\n<p>Sachdienliche Hinweise bitte an die Polizei Frankenthal unter der Telefonnummer 06233 313-0 oder per E-Mail&nbsp;<a href=\"mailto:pifrankenthal@polizei.rlp.de\">pifrankenthal@polizei.rlp.de<\/a>.<\/p>\n\n\n\n<h2 class=\"wp-block-heading\">(Frankenthal) &#8211; Verkehrsunfallflucht I<\/h2>\n\n\n\n<p>Der Gesch\u00e4digte parkte seinen Pkw Toyota Aygo am 13.09.2021, in der Zeit von 10.30 Uhr bis 12.00 Uhr, auf dem Parkplatz eines Einkaufszentrums in der Wormser Stra\u00dfe. Als er wieder zu seinem Fahrzeug kam, musste er feststellen, dass dieses durch einen bislang unbekannten Fahrzeugf\u00fchrer an der linken Fahrzeugseite besch\u00e4digt wurde. Der Schaden wird auf etwa 2000 Euro gesch\u00e4tzt.<\/p>\n\n\n\n<p>Zeugen werden gebeten sich an die Polizeiinspektion Frankenthal unter der Tel.-Nr.: 06233\/313-0 oder an die Polizeiwache Maxdorf unter der Tel.-Nr.: 06237\/934-1100 zu wenden. Gerne nehmen wir Ihre Hinweise auch per E-Mail unter&nbsp;<a href=\"mailto:pifrankenthal@polizei.rlp.de\">pifrankenthal@polizei.rlp.de<\/a>&nbsp;entgegen.<\/p>\n\n\n\n<h2 class=\"wp-block-heading\">(Frankenthal) &#8211; Verkehrsunfallflucht II<\/h2>\n\n\n\n<p>Der Gesch\u00e4digte parkte seinen Pkw BMW am 13.09.2021, in der Zeit von 21.00 Uhr bis 22.20 Uhr, in der Ackerstra\u00dfe, H\u00f6he Hausnummer 7. Als er wieder zu seinem Fahrzeug kam, musste er feststellen, dass dieses durch einen bislang unbekannten Fahrzeugf\u00fchrer im hinteren rechten Bereich besch\u00e4digt wurde. Der Schaden wird auf etwa 1000 Euro gesch\u00e4tzt.<\/p>\n\n\n\n<p>Zeugen werden gebeten sich an die Polizeiinspektion Frankenthal unter der Tel.-Nr.: 06233\/313-0 oder an die Polizeiwache Maxdorf unter der Tel.-Nr.: 06237\/934-1100 zu wenden. Gerne nehmen wir Ihre Hinweise auch per E-Mail unter&nbsp;<a href=\"mailto:pifrankenthal@polizei.rlp.de\">pifrankenthal@polizei.rlp.de<\/a>&nbsp;entgegen.<\/p>\n\n\n\n<p>Die Polizei weist darauf hin, dass Unerlaubtes Entfernen vom Unfallort kein Kavaliersdelikt ist! Der fl\u00fcchtige Fahrer muss mit einer Geld- oder Freiheitsstrafe bis zu 3 Jahren und evtl. mit einem F\u00fchrerscheinentzug rechnen. Au\u00dferdem kann der Fl\u00fcchtige den Kaskoschutz seiner Kfz-Versicherung verlieren und von seiner Versicherung an der Begleichung des Fremdschadens beteiligt werden. Die Polizei r\u00e4t deshalb jeden Unfall zu melden.<\/p>\n\n\n\n<p>Wir wollen, dass Sie sicher Leben &#8211; ihre Polizei Frankenthal.<\/p>\n\n\n\n<h2 class=\"wp-block-heading\">(Frankenthal) &#8211; Einbruch in Keller eines Kosmetikstudios<\/h2>\n\n\n\n<p>In der Zeit von 12.09.2021, 22.00 Uhr, bis 13.09.2021, 06.00 Uhr, \u00fcberkletterten bislang unbekannte T\u00e4ter im Foltzring die hintere Mauer zu einem dort ans\u00e4ssigen Kosmetikstudio und gelangten \u00fcber eine unverschlossene T\u00fcr in den dortigen Keller. Dieser wurde durch die T\u00e4ter durchw\u00fchlt, ob etwas entwendet wurde, kann derzeit noch nicht gesagt werden. Das Kosmetikstudio selbst wurde nicht betreten.<\/p>\n\n\n\n<p>Zeugen werden gebeten sich an die Polizeiinspektion Frankenthal unter der Tel.-Nr.: 06233\/313-0 oder an die Polizeiwache Maxdorf unter der Tel.-Nr.: 06237\/934-1100 zu wenden. Gerne nehmen wir Ihre Hinweise auch per E-Mail unter&nbsp;<a href=\"mailto:pifrankenthal@polizei.rlp.de\">pifrankenthal@polizei.rlp.de<\/a>&nbsp;entgegen.<\/p>\n\n\n\n<h2 class=\"wp-block-heading\">(Ludwigshafen) &#8211; Versuchter Diebstahl eines Katalysators<\/h2>\n\n\n\n<p>Am 13.09.2021, gegen 22:00 Uhr, meldete ein Anwohner, dass ein unbekannter Mann unter einem in der Goethestra\u00dfe parkenden Auto (Mitsubishi) liegen w\u00fcrde und daran herumschrauben w\u00fcrde. Zudem w\u00fcrde ein anderer unbekannter Mann offensichtlich Schmiere stehen. Als die Polizeibeamten vor Ort eintrafen, stellten sie einen bereits halb abmontierten Katalysator an dem besagten Auto fest. Der Zeuge erkl\u00e4rte, dass sich beide unbekannte M\u00e4nner vor kurzer Zeit entfernt h\u00e4tten. Eine Nachschau in der unmittelbaren Umgebung blieb erfolglos.<\/p>\n\n\n\n<h4 class=\"wp-block-heading\">Der unbekannte T\u00e4ter war:<\/h4>\n\n\n\n<ul><li><strong>etwa 30 Jahre alt <\/strong><\/li><li><strong>circa 1,60-1,70 m gro\u00df<\/strong><\/li><li><strong>Er hatte eine dicke Statur<\/strong><\/li><li><strong>eine Glatze <\/strong><\/li><li><strong>trug ein schwarzes T-Shirt<\/strong><\/li><\/ul>\n\n\n\n<ul><li><strong>Der vermutliche Mitt\u00e4ter war etwa 30 Jahre alt, circa 1,80 m gro\u00df und hatte mittellange braune Haare. Er trug eine Jeans und ein rotes T-Shirt.<\/strong><\/li><\/ul>\n\n\n\n<p>Sachdienliche Hinweise bitte an die Polizeiinspektion Ludwigshafen 2, Telefonnummer 0621 963-2222 oder per E-Mail&nbsp;<a href=\"mailto:piludwigshafen2@polizei.rlp.de\">piludwigshafen2@polizei.rlp.de<\/a>&nbsp;.<\/p>\n\n\n\n<h2 class=\"wp-block-heading\">(Ludwigshafen) &#8211; R\u00fccknahme der \u00d6ffentlichkeitsfahndung eines vermissten 16-J\u00e4hrigen<\/h2>\n\n\n\n<p>Der am Montag, 13.09.2021, in Ludwigshafen vermisst gemeldete 16-j\u00e4hrige Rafail hat sich selbstst\u00e4ndig zur\u00fcck zu seinem Elternhaus begeben und ist wohlauf. <\/p>\n\n\n\n<h2 class=\"wp-block-heading\">(Ludwigshafen) &#8211; Anruf von falscher Polizeibeamtin<\/h2>\n\n\n\n<p>Am 13.09.2021, gegen 17:30 Uhr, wurde eine 87-J\u00e4hrige aus Ludwigshafen von einer unbekannten Frau angerufen. Diese gab sich als Polizeibeamtin aus und erkl\u00e4rte, dass die Tochter der Seniorin einen schweren Verkehrsunfall gehabt habe. Als die 87-J\u00e4hrige nachfragte, von welchem Polizeirevier sie anrufe, legte die Anruferin auf. Ein paar Minuten sp\u00e4ter, rief die Unbekannte wieder an und teilte mit, dass die Enkelin der Seniorin einen Unfall gehabt habe. Daraufhin erkl\u00e4rte die Seniorin, dass ihre Enkelin gar keinen F\u00fchrerschein habe und legte vorbildlich auf.<\/p>\n\n\n\n<p>Bei solchen Schockanrufen handelt es sich um eine Abwandlung des sogenannten Enkeltricks. Die Polizei r\u00e4t bei solchen Anrufen: Seien Sie misstrauisch, gehen Sie nicht auf die Forderungen ein, die Polizei wird niemals um Geldbetr\u00e4ge bitten, lassen Sie sich nicht unter Druck setzen und \u00fcbergeben sie niemals Geld an ihnen nicht bekannte Personen.<\/p>\n\n\n\n<p>Wenden Sie sich unverz\u00fcglich an Ihre n\u00e4chste Polizeidienststelle oder w\u00e4hlen Sie die Notrufnummer 110.<\/p>\n\n\n\n<h2 class=\"wp-block-heading\">(Ludwigshafen) &#8211; Handtasche aus Auto gestohlen<\/h2>\n\n\n\n<p>Am Montag (13.09.2021) teilte eine aufmerksame B\u00fcrgerin gegen 15:20 Uhr der Polizei mit, dass soeben eine Handtasche aus einem unverschlossenem Auto in der Wredestra\u00dfe gestohlen wurde. Die Zeugin beobachtete sowohl die Tat, als auch teilweise die Flucht. Eine unmittelbar eingeleitete Fahndung nach dem T\u00e4ter verlief erfolglos. Die Tasche konnte in unmittelbarer N\u00e4he des Tatortes in einer M\u00fclltonne aufgefunden werden und konnte an die Eigent\u00fcmerin ausgeh\u00e4ndigt werden. Es wurde lediglich der Geldbeutel entwendet. Der T\u00e4ter war laut Zeugenaussage jung und hatte kurze schwarze Haare. Er trug ein wei\u00dfes T-Shirt mit Mustern, eine kurze schwarze Jeans und schwarze Schuhe.<\/p>\n\n\n\n<p>Sachdienliche Hinweise bitte an die Polizeiinspektion Ludwigshafen 1, Telefonnummer 0621 963-2122 oder per E-Mail&nbsp;<a href=\"mailto:piludwigshafen1@polizei.rlp.de\">piludwigshafen1@polizei.rlp.de<\/a>&nbsp;.<\/p>\n\n\n\n<h4 class=\"wp-block-heading\">Autodiebe haben es in der Regel auf im Auto befindliche Wertsachen (z.B. Bargeld oder Zahlungskarten) abgesehen.<\/h4>\n\n\n\n<ul><li><strong>Ziehen Sie den Z\u00fcndschl\u00fcssel immer ab &#8211; auch bei kurzer Abwesenheit (z.B. beim Tanken, Zeitungskauf).<\/strong><\/li><li><strong>Schlie\u00dfen Sie Fenster, T\u00fcren, Kofferraum, Schiebedach, Tankdeckel\/-klappe, auch wenn Sie sich nur kurz vom Fahrzeug  entfernen.<\/strong><\/li><li><strong>Achten Sie darauf, dass Ihr Fahrzeug das Verriegeln der T\u00fcren mit der Funkfernbedienung durch ein optisches Signal quittiert. Funkblocker k\u00f6nnen das Funksignal Ihrer Fernbedienung st\u00f6ren, so dass Ihr Fahrzeug dann nicht verschlossen ist.<\/strong><\/li><\/ul>\n\n\n\n<h2 class=\"wp-block-heading\">(Ludwigshafen) &#8211; Zerkratzte Autos in der Hoheneckenstra\u00dfe<\/h2>\n\n\n\n<p>In der Hoheneckenstra\u00dfe wurden im Zeitraum von Sonntag (12.09.2021), 21:30 Uhr, bis Montag (13.09.2021), 14:00 Uhr, zwei Autos durch unbekannte T\u00e4ter mit einem spitzen Gegenstand zerkratzt. Warum die Autos auf der Beifahrerseite und auf der Motorhaube zerkratzt wurden, ist bislang unklar. Die Schadensh\u00f6he bel\u00e4uft sich auf circa 2.000 Euro. Sachdienliche Hinweise bitte an die Polizeiinspektion Ludwigshafen 1, Telefonnummer 0621 963-2122 oder per E-Mail&nbsp;<a href=\"mailto:piludwigshafen1@polizei.rlp.de\">piludwigshafen1@polizei.rlp.de<\/a>&nbsp;.<\/p>\n\n\n\n<h2 class=\"wp-block-heading\">(Ludwigshafen) &#8211; Verkehrsunfall in der Berliner Stra\u00dfe<\/h2>\n\n\n\n<p>Am Montagmittag (13.09.2021) kam es gegen 13:30 Uhr im Kreuzungsbereich B\u00fcrgermeister-Hoffmann-Stra\u00dfe \/ Berliner Stra\u00dfe zu einem Verkehrsunfall zwischen einem 59-j\u00e4hriger Fahrradfahrer und einem 78-j\u00e4hrigen Autofahrer. Der Fahrradfahrer fuhr in den Kreuzungsbereich ein und kollidierte mit dem Auto des 78-J\u00e4hrigen. Der 59-J\u00e4hrige kam zu Fall und verletzte sich leicht. Es entstand ein Sachschaden von circa 1.500 Euro.<\/p>\n\n\n\n<h2 class=\"wp-block-heading\">(Ludwigshafen) &#8211; Fensterscheiben an Schule besch\u00e4digt<\/h2>\n\n\n\n<p>Im Zeitraum von Freitag (10.09.2021), 17:00 Uhr, bis Montag (13.09.2021), 10:15 Uhr, wurden durch unbekannte T\u00e4ter vier Glasscheiben an der Mozartgrundschule in der Hilgundstra\u00dfe eingeworfen. Ein Ermittlungsverfahren wegen Sachbesch\u00e4digung wurde eingeleitet. Sachdienliche Hinweise bitte an die Polizeiinspektion Ludwigshafen 1, Telefonnummer 0621 963-2122 oder per E-Mail&nbsp;<a href=\"mailto:piludwigshafen1@polizei.rlp.de\">piludwigshafen1@polizei.rlp.de<\/a>&nbsp;.<\/p>\n\n\n\n<h2 class=\"wp-block-heading\">(Ludwigshafen) &#8211; Unfall in der Rheinallee \/ Zeugen gesucht<\/h2>\n\n\n\n<p>Montagmorgen (13.09.2021), gegen 09:30 Uhr, fuhr eine 71-j\u00e4hrige Autofahrerin auf der Rheinallee in Richtung Yorckstra\u00dfe. Zur gleichen Zeit fuhr ein 17-j\u00e4hriger Motorradfahrer auf der Rheinallee in Richtung Lagerhausstra\u00dfe. Als die 71-J\u00e4hrige an der gr\u00fcnen Ampel nach links in die Pfalzgrafenstra\u00dfe abbiegen wollte, stie\u00df sie mit dem entgegenkommenden 17-J\u00e4hrigen zusammen. Hierbei st\u00fcrzte er, verletzte sich und wurde ins Krankenhaus gebracht. Die Autofahrerin wurde ebenfalls verletzt. Beide Fahrzeuge waren nicht mehr fahrbereit und wurden abgeschleppt. Der Schaden wird auf circa 12 000 Euro gesch\u00e4tzt. Zeugen, die den Unfall beobachtet haben, werden gebeten, sich bei der Polizeiinspektion Ludwigshafen 1, Telefonnummer 0621 963-2122 oder per E-Mail&nbsp;<a href=\"mailto:piludwigshafen1@polizei.rlp.de\">piludwigshafen1@polizei.rlp.de<\/a>&nbsp;zu melden.<\/p>\n\n\n\n<h2 class=\"wp-block-heading\">(Ludwigshafen) &#8211; Musikbox aus Auto gestohlen<\/h2>\n\n\n\n<p>In der Zeit zwischen dem 12.09.2021, gegen 13:00 Uhr und dem 13.09.2021, gegen 08:30 Uhr schlugen unbekannte T\u00e4ter die Scheibe auf der Beifahrerseite eines Transporters ein, der auf dem Lagerplatzweg geparkt war. Sie stahlen eine Musikbox aus dem Fahrzeug. Die Gesamtschadensh\u00f6he bel\u00e4uft sich auf etwa 1.000 Euro.<\/p>\n\n\n\n<p>Wer etwas gesehen hat, wird gebeten, sich an die Kriminalpolizei Ludwigshafen unter der Telefonnummer 0621\/963-2773 oder per E-Mail&nbsp;<a href=\"mailto:kiludwigshafen.k1.kdd@polizei.rlp.de\">kiludwigshafen.k1.kdd@polizei.rlp.de<\/a>&nbsp;zu wenden.<\/p>\n\n\n\n<h2 class=\"wp-block-heading\">(Ludwigshafen) &#8211; Gummiboden von Fu\u00dfball-\/Basketballplatz herausgerissen<\/h2>\n\n\n\n<p>In der Zeit zwischen dem 10.09.2021, gegen 17:00 Uhr und dem 13.09.2021, gegen 08:00 Uhr, rissen unbekannte T\u00e4ter Teile des Gummibodens auf dem Fu\u00dfball-\/Basketballplatz der Integrierten Gesamtschule Ernst Bloch in der Hermann-Hesse-Stra\u00dfe heraus. Der Schaden bel\u00e4uft sich auf etwa 1.000 Euro.<\/p>\n\n\n\n<p>Wer etwas gesehen hat, wird gebeten, sich an die an die Polizeiwache Oggersheim unter Tel. 0621 963 &#8211; 2403 oder per Mail&nbsp;<a href=\"mailto:pwoggersheim@polizei.rlp.de\">pwoggersheim@polizei.rlp.de<\/a>&nbsp;zu wenden.<\/p>\n\n\n\n<h2 class=\"wp-block-heading\">(Ludwigshafen) &#8211; Autoscheibe eingeschlagen<\/h2>\n\n\n\n<p>In der Zeit zwischen dem 12.09.2021, gegen 17:00 Uhr und dem 13.09.2021, gegen 07:00 Uhr, schlugen unbekannte T\u00e4ter die Scheibe auf der Fahrerseite eines BMW ein, der in der Fabrikstra\u00dfe geparkt war. Ob und was gestohlen wurde, steht derzeit noch nicht fest.<\/p>\n\n\n\n<p>Wer etwas gesehen hat, wird gebeten, sich an die Kriminalpolizei Ludwigshafen unter der Telefonnummer 0621\/963-2773 oder per E-Mail&nbsp;<a href=\"mailto:kiludwigshafen.k1.kdd@polizei.rlp.de\">kiludwigshafen.k1.kdd@polizei.rlp.de<\/a>&nbsp;zu wenden.<\/p>\n\n\n\n<h2 class=\"wp-block-heading\">(Ludwigshafen) &#8211; Geldbeutel aus Auto gestohlen<\/h2>\n\n\n\n<p>Zwischen dem 10.09.2021, gegen 18:30 Uhr und dem 12.09.2021, gegen 19:00 Uhr, stahlen unbekannte T\u00e4ter aus einem Auto, das in der Carl-Friedrich-Gau\u00df-Stra\u00dfe geparkt war, einen Geldbeutel, der in der Mittelkonsole lag.<\/p>\n\n\n\n<p>Sachdienliche Hinweise bitte an die Polizeiinspektion Ludwigshafen 2, Telefonnummer 0621 963-2222 oder per E-Mail&nbsp;<a href=\"mailto:piludwigshafen2@polizei.rlp.de\">piludwigshafen2@polizei.rlp.de<\/a>&nbsp;.<\/p>\n\n\n\n<h2 class=\"wp-block-heading\">(Mannheim-Innenstadt) &#8211; Radfahrerin bei Verkehrsunfall schwer verletzt<\/h2>\n\n\n\n<p>Im Bereich der F-Quadrate kam es am sp\u00e4ten Montagnachmittag um 17:35 Uhr zu einem Verkehrsunfall zwischen einer 53-J\u00e4hrigen Radfahrerin und einem 59-J\u00e4hrigen Opel-Fahrer. Dieser war bei der Parkplatzsuche zwischen den Quadraten F4\/F5 im einem Kreuzungsbereich unmittelbar nach dem Abbiegen nach rechts wieder ein St\u00fcck zur\u00fcckgesetzt und \u00fcbersah hierbei die Radfahrerin, welche in dieselbe Richtung fuhr. Der Opel-Fahrer erfasste die Radfahrerin, welche auf die Fahrbahn st\u00fcrzte. Am Fahrrad entstand Sachschaden, die Radfahrerin musste in eine Klinik eingeliefert werden, wo sie station\u00e4r aufgenommen wurde. An dem Opel entstand kein Schaden. Die Verkehrspolizei Mannheim hat die Ermittlungen aufgenommen.<\/p>\n\n\n\n<h2 class=\"wp-block-heading\">(Mannheim-Friedrichsfeld) &#8211; Zwei Fahrzeuginsassen bei Unfall leicht verletzt<\/h2>\n\n\n\n<p>Am Montag wollte um 09:55 Uhr ein Mercedes-Fahrer im Einm\u00fcndungsbereich Schwabenstra\u00dfe\/Saarburger Ring nach links abbiegen und \u00fcbersah dabei einen entgegenkommenden, vorfahrtsberechtigten Fiat-Fahrer. Im Einm\u00fcndungsbereich kam es zu einem Zusammensto\u00df der beiden Fahrzeuge. Der 29-J\u00e4hrige Fiat-Fahrer, sowie dessen 20-J\u00e4hriger Beifahrer erlitten hierbei Prellungen und wurden zur Vorsorge in ein umliegendes Krankenhaus gebracht. Der Mercedes-Fahrer blieb unverletzt. An beiden Fahrzeugen entstand Sachschaden in H\u00f6he von gesamt 10.000 Euro. Beide waren nicht mehr fahrbereit und mussten abgeschleppt werden. Das Polizeirevier Ladenburg war zur Unfallaufnahme vor Ort und \u00fcbernahm die Sachbearbeitung.<\/p>\n\n\n\n<h2 class=\"wp-block-heading\">(Heidelberg-Weststadt) &#8211; Hochwertige Baumaschinen entwendet \/ Polizei sucht Zeugen<\/h2>\n\n\n\n<p>Im Laufe des vergangenen Wochenendes wurde auf einer Baustelle am Czernyring eine noch unbekannte Anzahl hochwertiger Baumaschinen durch unbekannte T\u00e4ter entwendet. Die Baustelle war zuletzt am Samstag, 15:00 Uhr, besetzt. Am Montagmorgen wurde der Diebstahl der Polizei gemeldet. Die Baumaschinen befanden sich in einem Container, welcher aufgebrochen wurde. Aufgrund der Vielzahl entwendeter Ger\u00e4te und deren Gewicht, ist davon auszugehen, dass es sich um mehrere T\u00e4ter handelte, die die Maschinen mittels eines Fahrzeugs abtransportierten. Der Diebstahlschaden kann aktuell noch nicht n\u00e4her beziffert werden, d\u00fcrfte jedoch einige Tausend Euro betragen.<\/p>\n\n\n\n<p>Die Ermittlungen werden durch das Polizeirevier Heidelberg-Mitte gef\u00fchrt. Zeugen, die verd\u00e4chtige Personen und\/oder Fahrzeuge im Bereich der Baustelle bemerkten, werden gebeten, dies unter der Rufnummer 06221 99-1700 mitzuteilen.<\/p>\n\n\n\n<h2 class=\"wp-block-heading\">(Heidelberg-Kirchheim) &#8211; Fenster an Kindertagesst\u00e4tte eingeschlagen<\/h2>\n\n\n\n<p>An einer Kindertagesst\u00e4tte in der Hardtstra\u00dfe wurde im Zeitraum vom Freitag, 17:00 Uhr, bis Montag, 07:00 Uhr, durch einen unbekannten T\u00e4ter mittels unbekanntem Tatwerkzeug ein Fenster eingeschlagen. Hierdurch entstand ein Sachschaden in H\u00f6he von 1.500.- Euro. Zeugen werden gebeten, sich unter der Telefonnummer 06221 3418-0 beim Polizeirevier Heidelberg-S\u00fcd zu melden.<\/p>\n\n\n\n<h2 class=\"wp-block-heading\">(Plankstadt \/ Rhein-Neckar-Kreis) &#8211; Gegenst\u00e4nde aus geparktem BMW entwendet \/ Zeugen gesucht<\/h2>\n\n\n\n<p>Am Sonntag, 22:50 Uhr, entwendeten drei bisher unbekannte jugendliche T\u00e4ter aus einem in der Stefanienstra\u00dfe H\u00f6he Hausnr. 6 geparkten BMW mehrere Gegenst\u00e4nde. Dieser war aufgrund eines Defekts nicht verschlossen. Nach bisherigen Ermittlungen hatten die T\u00e4ter auch an anderen Fahrzeugen ihr Gl\u00fcck versucht. Einer der Jugendlichen soll mit einem Fahrrad unterwegs gewesen sein. Das Polizeirevier in Schwetzingen bittet Zeugen, welche zur Identifizierung der T\u00e4ter beitragen k\u00f6nnen, sich unter der Telefonnummer 06202 288-0 zu melden.<\/p>\n\n\n\n<h2 class=\"wp-block-heading\">(Hockenheim \/ Rhein-Neckar-Kreis) &#8211; T\u00f6dlicher Unfall auf Hockenheimring<\/h2>\n\n\n\n<div class=\"wp-block-image\"><figure class=\"aligncenter size-large\"><img decoding=\"async\" loading=\"lazy\" width=\"800\" height=\"533\" src=\"https:\/\/speyer24news.com\/wp-content\/uploads\/2021\/02\/candle-2038736_1920.jpg\" alt=\"\" class=\"wp-image-33582\" srcset=\"https:\/\/speyer24news.com\/wp-content\/uploads\/2021\/02\/candle-2038736_1920.jpg 800w, https:\/\/speyer24news.com\/wp-content\/uploads\/2021\/02\/candle-2038736_1920-300x200.jpg 300w, https:\/\/speyer24news.com\/wp-content\/uploads\/2021\/02\/candle-2038736_1920-768x512.jpg 768w\" sizes=\"(max-width: 800px) 100vw, 800px\" \/><\/figure><\/div>\n\n\n\n<p>Bei einer privaten Motorsportveranstaltung auf dem Hockenheimring kam es am Montagnachmittag, gegen 17:30 Uhr, zu einem Verkehrsunfall zwischen zwei Motorr\u00e4dern, der f\u00fcr einen der Beteiligten t\u00f6dlich endete. In H\u00f6he der Parabolikakurve fuhr ein 63-J\u00e4hriger Motorradfahrer aus unbekannten Gr\u00fcnden auf einen vorausfahrenden 32-J\u00e4hrigen Biker auf. Beide Fahrer verloren die Kontrolle \u00fcber ihre Motorr\u00e4der und st\u00fcrzten. Der 32-J\u00e4hrige wurde hierbei leicht verletzt, der 63-J\u00e4hrige dagegen erlitt so schwere Verletzungen, dass er trotz sofortiger Reanimationsma\u00dfnahmen noch am Unfallort verstarb.<\/p>\n\n\n\n<p>An den beiden Motorr\u00e4dern entstand ein Sachschaden in noch unbekannter H\u00f6he. Sie wurden sichergestellt.<\/p>\n\n\n\n<p>Der genaue Unfallhergang ist Gegenstand der Ermittlungen der Verkehrspolizei Mannheim.<\/p>\n\n\n\n<h2 class=\"wp-block-heading\">(Sinsheim \/ Rhein-Neckar-Kreis) &#8211; Mehrere Schockanrufe verunsichern Sinsheimer B\u00fcrger \/ Vorsicht vor Trickbetr\u00fcgern; Zeugen\/Gesch\u00e4digte bitte melden<\/h2>\n\n\n\n<p>F\u00fcr Aufregung sorgten im Laufe des Dienstages mehrere sogenannte &#8222;Schockanrufe&#8220;, von denen ausschlie\u00dflich \u00e4ltere Frauen im Alter von 67-83 Jahren betroffen waren.<\/p>\n\n\n\n<p>Zwischen 10 Uhr und 14.30 Uhr wurden acht Anrufe dem Polizeirevier Sinsheim gemeldet. Der oder die unbekannten Anrufer sprachen in akzentfreiem Deutsch und teilten mit, Arzt oder \u00c4rztin des Sinsheimer Krankenhauses zu sein, in dem ein naher Angeh\u00f6riger -Kind oder Enkel- l\u00e4ge, der schwer an Covid-19 erkrankt sei.<\/p>\n\n\n\n<p>Um die Kranken zu retten, m\u00fcsste ein Schweizer Medikament besorgt werden, das sehr teuer ist. Die Unbekannten verlangten bis zu 30.000.- Euro oder Schmuckst\u00fccke als Pfand.<\/p>\n\n\n\n<p>Alle Frauen erkannten ausnahmslos den Betrugsversuch, legten auf und informierten die Polizei.<\/p>\n\n\n\n<p>Allerdings ist es nicht ausgeschlossen, dass im Laufe des Dienstages weitere vornehmlich \u00e4ltere Personen in Sinsheim von denselben Betr\u00fcgern angerufen wurden oder noch werden.<\/p>\n\n\n\n<p>Dar\u00fcber hinaus ist zu erwarten, dass heute oder in den n\u00e4chsten Tagen vergleichbare Anrufe auch in der n\u00e4heren und weiteren Umgebung Sinsheims get\u00e4tigt werden. Folgende Tipps sollten deshalb beherzigt werden:<\/p>\n\n\n\n<ul><li><strong>Sollten Sie von solch einem Anruf betroffen sein, legen Sie einfach auf und rufen die Polizei!<\/strong><\/li><li><strong>Lassen Sie sich nicht unter Druck setzen.<\/strong><\/li><li><strong>Lassen Sie grunds\u00e4tzlich keine Unbekannten in Ihre Wohnung.<\/strong><\/li><li><strong>Rufen Sie beim geringsten Zweifel bei der Beh\u00f6rde\/Klinik an, von der die angebliche Amtsperson kommt. Suchen Sie dabei die Telefonnummer der Beh\u00f6rde\/Klinik selbst heraus oder lassen Sie sich diese durch die Telefonauskunft geben.<\/strong><\/li><li><strong>Lassen Sie den Besucher w\u00e4hrenddessen vor der abgesperrten T\u00fcr warten.<\/strong><\/li><li><strong>Geben Sie am Telefon keine Details zu Ihren finanziellen Verh\u00e4ltnissen preis.<\/strong><\/li><li><strong>\u00dcbergeben Sie niemals Geld an unbekannte Personen.<\/strong><\/li><\/ul>\n\n\n\n<p>Zeugen, bzw. Gesch\u00e4digte wenden sich bitte an das Polizeirevier Sinsheim, Tel.: 07261\/690-0.<\/p>\n\n\n\n<h2 class=\"wp-block-heading\">(Sinsheim \/ Rhein-Neckar-Kreis) &#8211; Schwerpunktkontrollen im Rahmen der Konzeption &#8222;Sicher in Sinsheim&#8220;<\/h2>\n\n\n\n<p>Rund 256 kontrollierte Fahrzeuge und 402 kontrollierte Personen, 57 Anzeigen wegen Verkehrsordnungswidrigkeiten, zehn M\u00e4ngelberichte und rund zehn Strafanzeigen, unter anderem wegen Versto\u00dfes gegen das Bet\u00e4ubungsmittelgesetz, sind die Bilanz der Schwerpunktkontrollen vom 30.08.2021 bis zum 10.09.2021 im Rahmen der Konzeption &#8222;Sicher in Sinsheim&#8220;.<\/p>\n\n\n\n<p>Um die Sicherheit im Stra\u00dfenverkehr und im \u00f6ffentlichen Raum weiter zu erh\u00f6hen, wurden in den vergangenen zwei Wochen verst\u00e4rkt Schwerpunktkontrollen im \u00f6ffentlichen Verkehrsraum und an neuralgischen Punkten im innerst\u00e4dtischen Bereich durchgef\u00fchrt. Neben uniformierten Kr\u00e4ften, waren aber auch zivilgekleidete Beamtinnen und Beamte und Polizeireiterinnen und -reiter in Sinsheim eingesetzt.<\/p>\n\n\n\n<p>An insgesamt acht Tagen kontrollierten rund 110 zus\u00e4tzliche Beamtinnen und Beamte des Polizeireviers Sinsheim und des Polizeipr\u00e4sidiums Einsatz unter ganzheitlichen Gesichtspunkten an unterschiedlichen \u00d6rtlichkeiten, unter anderem am Bahnhof, der Allee, an der Alla-Hopp-Anlage sowie am Schwimmbad-Parkplatz und der Parkplatz an der Burg Steinsberg.<\/p>\n\n\n\n<p>Neben Gurt-und Handyverst\u00f6\u00dfen sowie dem Nicht-Mitf\u00fchren des F\u00fchrerscheins, beanstandeten die Einsatzkr\u00e4fte vor allem Verst\u00f6\u00dfe wegen fehlender Hauptuntersuchung und abgefahrener Reifen. In f\u00fcnf F\u00e4llen gelangten Fahrzeugf\u00fchrer wegen Fahrens ohne Fahrerlaubnis und in zwei weiteren F\u00e4llen wegen Urkundenf\u00e4lschung zur Anzeige. Gegen eine weitere Person wird zudem wegen Widerstands und Beleidigung zum Nachteil von Polizeibeamten ermittelt. Eine weitere Person muss sich au\u00dferdem auf eine Strafanzeige wegen Versto\u00dfes gegen das Bet\u00e4ubungsmittelgesetz einstellen.<\/p>\n\n\n\n<p>&#8222;Die Kontrollen sprachen sich z\u00fcgig herum und verfehlten damit ihre Wirkung nicht&#8220;, so der Revierleiter des Polizeireviers Sinsheim, Adrian Harz. &#8222;Bereits bei der Verkehrskontrolle am Montag, den 06.09.2021, stellten wir schon deutlich weniger Verst\u00f6\u00dfe fest. Gleichzeitig zeigten sich die Verkehrsteilnehmer bis auf ganz wenige Ausnahmen verst\u00e4ndnisvoll, einsichtig und dankbar f\u00fcr die Kontrollaktion. Die positiven R\u00fcckmeldungen aus der Bev\u00f6lkerung sind uns nat\u00fcrlich besonders wichtig. Das zeigt uns, dass wir mit unseren Ma\u00dfnahmen richtigliegen&#8220;, so der Revierleiter weiter.<\/p>\n\n\n\n<p>Aber nicht nur die Verkehrsteilnehmer nehmen die Kontrollen positiv wahr. Durch die Aktion erh\u00f6hte sich auch das Hinweisaufkommen von Seiten der Sinsheimer Bev\u00f6lkerung. &#8222;Wir nehmen die Anliegen unserer B\u00fcrger und B\u00fcrgerinnen sehr ernst und justieren unsere Ma\u00dfnahmen stetig nach. Hier sind wir regelm\u00e4\u00dfig im engen Austausch mit der Stadt Sinsheim und den Kr\u00e4ften des Kommunalen Ordnungsdienstes. Unser gemeinsames Ziel ist es, dass sich Jeder in Sinsheim sicher f\u00fchlt und das dauerhaft&#8220;, erg\u00e4nzt der Leiter des Polizeireviers Sinsheim, Adrian Harz.<\/p>\n\n\n\n<p>Die Konzeption &#8222;Sicher in Sinsheim&#8220; wird auch zuk\u00fcnftig mit den bisherigen Partnerinnen und Partnern fortgesetzt. Gemeinsame Kontrollen und Schwerpunkteins\u00e4tze sind bereits in Planung.<\/p>\n\n\n\n<h2 class=\"wp-block-heading\">(Neidenstein \/ Rhein-Neckar-Kreis) &#8211; Unfallflucht; Zeugen gesucht<\/h2>\n\n\n\n<p>Bereits am Freitagvormittag, zwischen 08.30-10.30 Uhr, wurde ein schwarzer Skoda Kamiq von einem Unbekannten beim Vorbeifahren besch\u00e4digt.<\/p>\n\n\n\n<p>Das Auto, das in der Daibacher Stra\u00dfe, H\u00f6he Bushaltestelle &#8222;Altort&#8220; entgegengesetzt abgestellt war, wies auf der gesamten rechte Seite Kratzer und Eindellungen auf, weshalb auch das Fahrzeug des Verursachers deutliche Besch\u00e4digungen, aller Wahrscheinlichkeit nach auch auf der rechten Seite, ausweisen d\u00fcrfte.<\/p>\n\n\n\n<p>Der Sachschaden wird auf \u00fcber 2.000.- Euro gesch\u00e4tzt.<\/p>\n\n\n\n<p>Zeugen werden gebeten, sich beim Polizeiposten Waibstadt, Tel.: 07263\/5807 oder beim Polizeirevier Sinsheim, Tel.: 07261\/680-0 zu melden.<\/p>\n\n\n\n<h2 class=\"wp-block-heading\">(Mauer \/ Rhein-Neckar-Kreis) &#8211; Personenkontrolle f\u00fchrt zur Sicherstellung von Bet\u00e4ubungsmitteln<\/h2>\n\n\n\n<p>Ein Zeuge bemerkte am fr\u00fchen Montagabend eine Gruppe Jugendlicher, welche vor dem Rathaus Marihuana konsumierten. Beamte des Polizeireviers Neckargem\u00fcnd konnten die drei M\u00e4nner im Alter von 16 bis 18 Jahren anhand der \u00fcbermittelten Personenbeschreibung in der Heidelberger Stra\u00dfe einer Personenkontrolle unterziehen. Hierbei erh\u00e4rtete sich der Verdacht des Besitzes von Bet\u00e4ubungsmitteln. Zus\u00e4tzlich wurden bei einer Wohnungsdurchsuchung bei einem weiteren 18-J\u00e4hrigen 180 Gramm Haschisch sowie typische Dealer-Utensilien, wie f\u00fcnf sog. Crusher und eine Feinwaage, aufgefunden. Die Ermittlungen gegen die vier Verd\u00e4chtigen wegen des Versto\u00dfes gegen das Bet\u00e4ubungsmittelgesetz des Polizeireviers Neckargem\u00fcnd dauern an.<\/p>\n\n\n\n<h2 class=\"wp-block-heading\">(Neckargem\u00fcnd \/ Rhein-Neckar-Kreis) &#8211; Aufregung in der Innenstadt; zwei Personen bei Auseinandersetzung verletzt<\/h2>\n\n\n\n<p>Bereits am fr\u00fchen Sonntagabend sorgten zwei Auseinandersetzungen an verschiedenen Orten in der belebten Neckargem\u00fcnder Innenstadt f\u00fcr Aufregung. Dabei wurden zwei Personen verletzt und ein Auto besch\u00e4digt.<\/p>\n\n\n\n<p>Die Hintergr\u00fcnde d\u00fcrften im pers\u00f6nlichen und privaten Bereich liegen, so der derzeitige Ermittlungsstand des Polizeireviers Neckargem\u00fcnd.<\/p>\n\n\n\n<p>Zun\u00e4chst wurde der Opel einer junge Frau im Alter von 21 Jahren, die mit einem unbekannten Begleiter kurz nach 19 Uhr von der M\u00fchlgasse auf die Hauptstra\u00dfe abbiegen wollte, von einem Audi-Fahrer gestoppt, indem er sein Fahrzeug vor dem ihren quer stellte und so eine Weiterfahrt blockierte. Die Insassen des Audi stiegen aus und versuchten zun\u00e4chst die beiden Insassen des Kleinwagens aus dem Fahrzeug zu ziehen. Der jungen Frau gelang es jedoch, mit ihrem Fahrzeug zu fl\u00fcchten. Der Opel wurde dennoch durch einen Tritt in die Fahrerseite besch\u00e4digt.<\/p>\n\n\n\n<p>Kurze Zeit sp\u00e4ter kam traf die Gruppierung der Audi-Insassen um den 21-j\u00e4hrigen Hauptverd\u00e4chtigen vor einem Schnellimbiss in der Bahnhofstra\u00dfe wiederrum auf die 21-j\u00e4hrige Opel-Fahrerin und einem weiteren 21-J\u00e4hrigen, der nun in ihrer Begleitung war. Der Insasse in Ihrem Fahrzeug zuvor hatte sich zwischenzeitlich entfernt. Die anschlie\u00dfende, zun\u00e4chst verbale Auseinandersetzung verlagerte sich in einen kleinen Park an der Friedensbr\u00fccke, wo es schlie\u00dflich auch handfest zuging. Der 21-J\u00e4hrige Tatverd\u00e4chtige soll dabei auch mit einem noch unbekannten Gegenstand so sehr auf die junge Frau und ihren Begleiter eingeschlagen haben, dass beide mit Rettungswagen zur Behandlung in eine Klinik transportiert wurden.<\/p>\n\n\n\n<p>Der 21-j\u00e4hrige Tatverd\u00e4chtige, der aus Ludwigshafen stammt, sowie seine beiden namentlichen Begleiter fl\u00fcchteten anschlie\u00dfend.<\/p>\n\n\n\n<p>Gegen den Haupttatverd\u00e4chtigen sind die Ermittlungen wegen des Verdachts der gef\u00e4hrlichen K\u00f6rperverletzung, N\u00f6tigung und Bedrohung eingeleitet. Inwiefern seine Begleiter aus Ludwigshafen und dem Oberzehnt tatbeteiligt gewesen sind, ist u.a. noch Gegenstand weiterer Ermittlungen des Polizeireviers Neckargem\u00fcnd.<\/p>\n\n\n\n<h2 class=\"wp-block-heading\">(Eberbach \/ Rhein-Neckar-Kreis) &#8211; Unbekannter Fahrzeugf\u00fchrer besch\u00e4digt Gartenzaun<\/h2>\n\n\n\n<p>In der Zeit von Sonntag, 12.09.2021, 18:00 Uhr, bis Montag, 13.09.2021, 09:20 Uhr, wurde an einem Anwesen Im Hirschacker durch ein Fahrzeug, vermutlich beim Wenden oder R\u00fcckw\u00e4rtsfahren, der Gartenzaun besch\u00e4digt. Der Sachschaden betr\u00e4gt nach ersten Sch\u00e4tzungen mehrere hundert Euro. Das Polizeirevier Eberbach hat die Ermittlungen zum Verursacher aufgenommen und sucht nach Zeugen. Diese k\u00f6nnen sich unter der Rufnummer 06271 9210-0 melden.<\/p>\n","protected":false},"excerpt":{"rendered":"<div class=\"mh-excerpt\"><p>Polizeimeldungen vom Dienstag (14.09.2021) (Speyer \/ Hockenheim) &#8211; Schwerer Verkehrsunfall auf A 61; mehrere Fahrzeuge beteiligt; Richtungsfahrbahn gesperrt; Rettungshubschrauber im Einsatz Pressemitteilung Nr. 1 Wegen eines schweren Verkehrsunfalls, an dem mehrere Fahrzeuge, darunter auch ein <a class=\"mh-excerpt-more\" href=\"https:\/\/speyer24news.com\/?p=40481\" title=\"Polizei\">[&#8230;]<\/a><\/p>\n<\/div>","protected":false},"author":3,"featured_media":26162,"comment_status":"open","ping_status":"open","sticky":false,"template":"","format":"standard","meta":{"_monsterinsights_skip_tracking":false,"_monsterinsights_sitenote_active":false,"_monsterinsights_sitenote_note":"","_monsterinsights_sitenote_category":0,"footnotes":""},"categories":[12],"tags":[3614,702,61,2555,6955,6986,6263,63,105,11150,6987,53,4854,4683,1548,102,213,55,5261,103,106,2803,2423,427,2625,380,62,104,979,1565],"aioseo_notices":[],"amp_enabled":true,"_links":{"self":[{"href":"https:\/\/speyer24news.com\/index.php?rest_route=\/wp\/v2\/posts\/40481"}],"collection":[{"href":"https:\/\/speyer24news.com\/index.php?rest_route=\/wp\/v2\/posts"}],"about":[{"href":"https:\/\/speyer24news.com\/index.php?rest_route=\/wp\/v2\/types\/post"}],"author":[{"embeddable":true,"href":"https:\/\/speyer24news.com\/index.php?rest_route=\/wp\/v2\/users\/3"}],"replies":[{"embeddable":true,"href":"https:\/\/speyer24news.com\/index.php?rest_route=%2Fwp%2Fv2%2Fcomments&post=40481"}],"version-history":[{"count":5,"href":"https:\/\/speyer24news.com\/index.php?rest_route=\/wp\/v2\/posts\/40481\/revisions"}],"predecessor-version":[{"id":40493,"href":"https:\/\/speyer24news.com\/index.php?rest_route=\/wp\/v2\/posts\/40481\/revisions\/40493"}],"wp:featuredmedia":[{"embeddable":true,"href":"https:\/\/speyer24news.com\/index.php?rest_route=\/wp\/v2\/media\/26162"}],"wp:attachment":[{"href":"https:\/\/speyer24news.com\/index.php?rest_route=%2Fwp%2Fv2%2Fmedia&parent=40481"}],"wp:term":[{"taxonomy":"category","embeddable":true,"href":"https:\/\/speyer24news.com\/index.php?rest_route=%2Fwp%2Fv2%2Fcategories&post=40481"},{"taxonomy":"post_tag","embeddable":true,"href":"https:\/\/speyer24news.com\/index.php?rest_route=%2Fwp%2Fv2%2Ftags&post=40481"}],"curies":[{"name":"wp","href":"https:\/\/api.w.org\/{rel}","templated":true}]}}