{"id":40504,"date":"2021-09-15T11:29:39","date_gmt":"2021-09-15T10:29:39","guid":{"rendered":"https:\/\/speyer24news.com\/?p=40504"},"modified":"2021-09-15T11:31:15","modified_gmt":"2021-09-15T10:31:15","slug":"kultur-40","status":"publish","type":"post","link":"https:\/\/speyer24news.com\/?p=40504","title":{"rendered":"Kultur"},"content":{"rendered":"<style type=\"text\/css\">\r\n\t.ads_top_disp{}\r\n\t.ads_top_corner_disp{ float:left; margin:0px 10px 10px 0px; }\r\n\t.ads_first_p_disp{}\r\n\t.ads_bottom_disp{}\r\n\t<\/style>\n<h2 class=\"wp-block-heading\">SchUM-Kulturtage 2021 in Speyer vom 13. Oktober bis 14. November 2021<\/h2>\n\n\n\n<div class=\"wp-block-image\"><figure class=\"aligncenter size-large\"><img decoding=\"async\" loading=\"lazy\" width=\"500\" height=\"667\" src=\"https:\/\/speyer24news.com\/wp-content\/uploads\/2021\/09\/UNESCO-Weltkulturerbe-SchUM-Speyer-2.jpg\" alt=\"\" class=\"wp-image-40505\" srcset=\"https:\/\/speyer24news.com\/wp-content\/uploads\/2021\/09\/UNESCO-Weltkulturerbe-SchUM-Speyer-2.jpg 500w, https:\/\/speyer24news.com\/wp-content\/uploads\/2021\/09\/UNESCO-Weltkulturerbe-SchUM-Speyer-2-225x300.jpg 225w\" sizes=\"(max-width: 500px) 100vw, 500px\" \/><\/figure><\/div>\n\n\n\n<p>Das j\u00fcdische Leben und die j\u00fcdische Kultur sind divers, lebendig und vielf\u00e4ltig.&nbsp;Mit den SchUM-Kulturtagen vom 13. Oktober bis 14. November 2021 wird die reiche j\u00fcdische Kultur gew\u00fcrdigt \u2013 und mit&nbsp;der Anerkennung der SchUM-St\u00e4tten als UNESCO-Weltkulturerbe bieten die j\u00fcdischen Kulturtage nochmals einen besonderen Anlass, den Welterbe-Titel gemeinsam zu feiern.<\/p>\n\n\n\n<div class=\"wp-block-image\"><figure class=\"aligncenter size-large\"><img decoding=\"async\" loading=\"lazy\" width=\"800\" height=\"534\" src=\"https:\/\/speyer24news.com\/wp-content\/uploads\/2021\/09\/mi-13-okt-Schalom-Spira-\u00a9privat.png\" alt=\"\" class=\"wp-image-40506\" srcset=\"https:\/\/speyer24news.com\/wp-content\/uploads\/2021\/09\/mi-13-okt-Schalom-Spira-\u00a9privat.png 800w, https:\/\/speyer24news.com\/wp-content\/uploads\/2021\/09\/mi-13-okt-Schalom-Spira-\u00a9privat-300x200.png 300w, https:\/\/speyer24news.com\/wp-content\/uploads\/2021\/09\/mi-13-okt-Schalom-Spira-\u00a9privat-768x513.png 768w\" sizes=\"(max-width: 800px) 100vw, 800px\" \/><figcaption>Schalom Spira tritt am 13.10.21 auf.<br><em>Foto: privat<\/em><\/figcaption><\/figure><\/div>\n\n\n\n<p>Die SchUM-Kulturtage beginnen am<strong> Mittwoch, 13. Oktober 2021 um 17 Uhr <\/strong>mit&nbsp;<em><strong>Schalom Spira<\/strong><\/em>, einem kleinen Stationentheater zur j\u00fcdischen Geschichte der Stadt. Zwischen Domplatz und neuer Synagoge werden nicht nur historische Fakten unterhaltsam vermittelt, sondern auch zum Nachdenken angeregt, wie Vergangenheit wahrgenommen, gew\u00fcrdigt und weitergedacht werden kann.<\/p>\n\n\n\n<p>In verschiedenen musikalischen Veranstaltungen kommt die Vielfalt j\u00fcdischer Musik zum Tragen. Am <strong>Sonntag, 17. Oktober 2021 um 15 Uhr<\/strong> pr\u00e4sentiert das&nbsp;<em><strong>Duo NIHZ<\/strong><\/em>&nbsp;gemeinsam mit&nbsp;<em><strong>Kantor Baruch Chauskin<\/strong><\/em>&nbsp;eine Mischung aus Klezmer, jiddischen und hebr\u00e4ischen Liedern. Das&nbsp;<em><strong>Gropius Quartett<\/strong><\/em>&nbsp;spielt am <strong>Sonntag, 24. Oktober 2021 um 17 Uhr<\/strong> im Alten Stadtsaal Werke von Felix Mendelssohn Bartholdy, Ernest Bloch und Franz Schubert.<\/p>\n\n\n\n<div class=\"wp-block-image\"><figure class=\"aligncenter size-large\"><img decoding=\"async\" loading=\"lazy\" width=\"800\" height=\"564\" src=\"https:\/\/speyer24news.com\/wp-content\/uploads\/2021\/09\/so-24-okt-Gropius-Quartett-\u00a9Guido-Werner-.jpg\" alt=\"\" class=\"wp-image-40507\" srcset=\"https:\/\/speyer24news.com\/wp-content\/uploads\/2021\/09\/so-24-okt-Gropius-Quartett-\u00a9Guido-Werner-.jpg 800w, https:\/\/speyer24news.com\/wp-content\/uploads\/2021\/09\/so-24-okt-Gropius-Quartett-\u00a9Guido-Werner--300x212.jpg 300w, https:\/\/speyer24news.com\/wp-content\/uploads\/2021\/09\/so-24-okt-Gropius-Quartett-\u00a9Guido-Werner--768x541.jpg 768w\" sizes=\"(max-width: 800px) 100vw, 800px\" \/><figcaption>Das Gropius Quartett spielt am 24.10.21 <br><em>Foto: \u00a9Guido Werner<\/em><\/figcaption><\/figure><\/div>\n\n\n\n<p>Am <strong>Dienstag, 2. November 2021 um 18 Uh<\/strong>r interpretiert <strong>Kantor Rose<\/strong>, Kantor der Westendsynagoge Frankfurt am Main, die bekanntesten Melodien der kantoralen Musik. Die SchUM-Kulturtage enden schlie\u00dflich mit dem Konzert des <strong>Leipziger Synagogalchors<\/strong> unter der Leitung von Ludwig B\u00f6hme am <strong>Sonntag, 14. November 2021 um 16 Uhr<\/strong> im Dom zu Speyer.<\/p>\n\n\n\n<div class=\"wp-block-image\"><figure class=\"aligncenter size-large\"><img decoding=\"async\" loading=\"lazy\" width=\"800\" height=\"557\" src=\"https:\/\/speyer24news.com\/wp-content\/uploads\/2021\/09\/so-14-nov-Leipziger-Synagogalchor-\u00a9Anne-Hornemann.jpg\" alt=\"\" class=\"wp-image-40508\" srcset=\"https:\/\/speyer24news.com\/wp-content\/uploads\/2021\/09\/so-14-nov-Leipziger-Synagogalchor-\u00a9Anne-Hornemann.jpg 800w, https:\/\/speyer24news.com\/wp-content\/uploads\/2021\/09\/so-14-nov-Leipziger-Synagogalchor-\u00a9Anne-Hornemann-300x209.jpg 300w, https:\/\/speyer24news.com\/wp-content\/uploads\/2021\/09\/so-14-nov-Leipziger-Synagogalchor-\u00a9Anne-Hornemann-768x535.jpg 768w\" sizes=\"(max-width: 800px) 100vw, 800px\" \/><figcaption>Der Leipziger Synagogalchor beendet die Konzertreihe am 14.11.2021. <br><em>Foto: \u00a9Anne Hornemann<\/em><\/figcaption><\/figure><\/div>\n\n\n\n<p>Dar\u00fcber hinaus gibt es viele weitere interessante Formate wie die musikalische Lesung <strong>\u201e<em>Es bl\u00fcht hinter uns her\u201c<\/em><\/strong>&nbsp;am <strong>Donnerstag, 4. November um 19 Uhr<\/strong>, in deren Zentrum Hilde Domin und ihre lyrischen Weggef\u00e4hrten stehen. Der <strong>Journalist Igal Avidan<\/strong> zeichnet am <strong>Freitag, 5. November 2021 um 20 Uhr<\/strong> die Geschichte des arabischen Arztes&nbsp;<em>Mod Helmy<\/em>&nbsp;nach, der Berliner Juden w\u00e4hrend der Nazizeit half. F\u00fcr Jugendliche ab 15 Jahren pr\u00e4sentiert das <strong>Kinder- und Jugendtheater<\/strong> am <strong>8. November um 19 Uhr<\/strong> das St\u00fcck \u201e<em>Name: Sophie Scholl\u201c.<\/em><\/p>\n\n\n\n<div class=\"wp-block-image\"><figure class=\"aligncenter size-large\"><img decoding=\"async\" loading=\"lazy\" width=\"357\" height=\"500\" src=\"https:\/\/speyer24news.com\/wp-content\/uploads\/2020\/03\/Kinder-und-Jugendtheater-Speyer.jpg\" alt=\"\" class=\"wp-image-25664\" srcset=\"https:\/\/speyer24news.com\/wp-content\/uploads\/2020\/03\/Kinder-und-Jugendtheater-Speyer.jpg 357w, https:\/\/speyer24news.com\/wp-content\/uploads\/2020\/03\/Kinder-und-Jugendtheater-Speyer-214x300.jpg 214w\" sizes=\"(max-width: 357px) 100vw, 357px\" \/><\/figure><\/div>\n\n\n\n<p>Als gemeinsame Veranstaltung der St\u00e4dte Speyer, Worms und Mainz l\u00e4dt der SchUM-St\u00e4dte e.V. zur Diskussion in das Online-Lehrhaus am <strong>Mittwoch, 24. Oktober um 11 Uhr<\/strong> zum Thema <strong>\u201eJ\u00fcdische Perspektiven auf SchUM\u201c<\/strong> ein.<\/p>\n\n\n\n<p>Alle Details zu den Veranstaltungen der SchUM-Kulturtage sind unter&nbsp;<em><a href=\"http:\/\/www.speyer.de\/schum-kulturtage\">www.speyer.de\/schum-kulturtage<\/a><\/em>&nbsp;zu finden.&nbsp;Karten gibt es ab sofort in der Tourist-Information der Stadt Speyer, \u00fcber das Online-Ticket-Portal Reservix sowie bei allen Reservix-Vorverkaufsstellen.<\/p>\n\n\n\n<p>Alle Veranstaltungen unterliegen den aktuellen Corona-Verordnungen und werden gegebenenfalls angepasst. Im Sinne der Kulturtreibenden bittet die Stadt Speyer alle Besucher*innen, sich an die geltenden Bestimmungen zu halten.<\/p>\n\n\n\n<p><em>Text: Stadtverwaltung Speyer Foto: Siehe BUZ<br>15.09.2021<\/em><\/p>\n","protected":false},"excerpt":{"rendered":"<div class=\"mh-excerpt\"><p>SchUM-Kulturtage 2021 in Speyer vom 13. Oktober bis 14. November 2021 Das j\u00fcdische Leben und die j\u00fcdische Kultur sind divers, lebendig und vielf\u00e4ltig.&nbsp;Mit den SchUM-Kulturtagen vom 13. Oktober bis 14. November 2021 wird die reiche <a class=\"mh-excerpt-more\" href=\"https:\/\/speyer24news.com\/?p=40504\" title=\"Kultur\">[&#8230;]<\/a><\/p>\n<\/div>","protected":false},"author":3,"featured_media":0,"comment_status":"open","ping_status":"open","sticky":false,"template":"","format":"standard","meta":{"_monsterinsights_skip_tracking":false,"_monsterinsights_sitenote_active":false,"_monsterinsights_sitenote_note":"","_monsterinsights_sitenote_category":0,"footnotes":""},"categories":[14,13],"tags":[3361,12887,12888,12885,6,3364,5533],"aioseo_notices":[],"amp_enabled":true,"_links":{"self":[{"href":"https:\/\/speyer24news.com\/index.php?rest_route=\/wp\/v2\/posts\/40504"}],"collection":[{"href":"https:\/\/speyer24news.com\/index.php?rest_route=\/wp\/v2\/posts"}],"about":[{"href":"https:\/\/speyer24news.com\/index.php?rest_route=\/wp\/v2\/types\/post"}],"author":[{"embeddable":true,"href":"https:\/\/speyer24news.com\/index.php?rest_route=\/wp\/v2\/users\/3"}],"replies":[{"embeddable":true,"href":"https:\/\/speyer24news.com\/index.php?rest_route=%2Fwp%2Fv2%2Fcomments&post=40504"}],"version-history":[{"count":2,"href":"https:\/\/speyer24news.com\/index.php?rest_route=\/wp\/v2\/posts\/40504\/revisions"}],"predecessor-version":[{"id":40511,"href":"https:\/\/speyer24news.com\/index.php?rest_route=\/wp\/v2\/posts\/40504\/revisions\/40511"}],"wp:attachment":[{"href":"https:\/\/speyer24news.com\/index.php?rest_route=%2Fwp%2Fv2%2Fmedia&parent=40504"}],"wp:term":[{"taxonomy":"category","embeddable":true,"href":"https:\/\/speyer24news.com\/index.php?rest_route=%2Fwp%2Fv2%2Fcategories&post=40504"},{"taxonomy":"post_tag","embeddable":true,"href":"https:\/\/speyer24news.com\/index.php?rest_route=%2Fwp%2Fv2%2Ftags&post=40504"}],"curies":[{"name":"wp","href":"https:\/\/api.w.org\/{rel}","templated":true}]}}