{"id":40674,"date":"2021-09-22T11:43:27","date_gmt":"2021-09-22T10:43:27","guid":{"rendered":"https:\/\/speyer24news.com\/?p=40674"},"modified":"2021-09-22T11:43:28","modified_gmt":"2021-09-22T10:43:28","slug":"stadtnotizen-aus-speyer-6","status":"publish","type":"post","link":"https:\/\/speyer24news.com\/?p=40674","title":{"rendered":"Stadtnotizen aus Speyer"},"content":{"rendered":"<style type=\"text\/css\">\r\n\t.ads_top_disp{}\r\n\t.ads_top_corner_disp{ float:left; margin:0px 10px 10px 0px; }\r\n\t.ads_first_p_disp{}\r\n\t.ads_bottom_disp{}\r\n\t<\/style>\n<div class=\"wp-block-image\"><figure class=\"aligncenter size-large\"><img decoding=\"async\" loading=\"lazy\" width=\"800\" height=\"600\" src=\"https:\/\/speyer24news.com\/wp-content\/uploads\/2020\/01\/Speyer-Stadtnachrichten-2.jpg\" alt=\"\" class=\"wp-image-23901\" srcset=\"https:\/\/speyer24news.com\/wp-content\/uploads\/2020\/01\/Speyer-Stadtnachrichten-2.jpg 800w, https:\/\/speyer24news.com\/wp-content\/uploads\/2020\/01\/Speyer-Stadtnachrichten-2-300x225.jpg 300w, https:\/\/speyer24news.com\/wp-content\/uploads\/2020\/01\/Speyer-Stadtnachrichten-2-768x576.jpg 768w, https:\/\/speyer24news.com\/wp-content\/uploads\/2020\/01\/Speyer-Stadtnachrichten-2-678x509.jpg 678w, https:\/\/speyer24news.com\/wp-content\/uploads\/2020\/01\/Speyer-Stadtnachrichten-2-326x245.jpg 326w, https:\/\/speyer24news.com\/wp-content\/uploads\/2020\/01\/Speyer-Stadtnachrichten-2-80x60.jpg 80w\" sizes=\"(max-width: 800px) 100vw, 800px\" \/><\/figure><\/div>\n\n\n\n<h2 class=\"wp-block-heading\">Tourist-Information geschlossen<\/h2>\n\n\n\n<p>Die Stadtverwaltung Speyer informiert, dass die st\u00e4dtische Tourist-Information am <strong>Dienstag, 28. September 2021 zwischen 12 und 14 Uhr<\/strong> aus organisatorischen Gr\u00fcnden ausnahmsweise geschlossen bleibt. Von 14 bis 17 Uhr sind die Mitarbeiter*innen dann wieder wie gewohnt f\u00fcr G\u00e4ste und Kundschaft da.<\/p>\n\n\n\n<p><em>Stadtverwaltung Speyer<br>22.09.2021<\/em><\/p>\n\n\n\n<h2 class=\"wp-block-heading\">Speyer-Kalender 2022: Dritte Runde der Foto-Mitmachaktion startet<\/h2>\n\n\n\n<div class=\"wp-block-image\"><figure class=\"aligncenter size-large\"><img decoding=\"async\" loading=\"lazy\" width=\"500\" height=\"667\" src=\"https:\/\/speyer24news.com\/wp-content\/uploads\/2021\/09\/img-6308.jpg\" alt=\"\" class=\"wp-image-40677\" srcset=\"https:\/\/speyer24news.com\/wp-content\/uploads\/2021\/09\/img-6308.jpg 500w, https:\/\/speyer24news.com\/wp-content\/uploads\/2021\/09\/img-6308-225x300.jpg 225w\" sizes=\"(max-width: 500px) 100vw, 500px\" \/><\/figure><\/div>\n\n\n\n<p>Nach dem gro\u00dfen Erfolg der Foto-Beteiligungsaktionen der vergangenen beiden Jahre ruft das Stadtmarketing der Stadtverwaltung erneut alle Interessierten auf \u2013 egal ob Profi- oder Gelegenheitsfotograf*in \u2013 ihre sch\u00f6nsten und au\u00dfergew\u00f6hnlichsten Fotos f\u00fcr einen exklusiven Wandkalender einzureichen. Unter dem Motto \u201eSpeyer \u2013 viel zu erleben! Zeig uns Deine Lieblingsfotos\u201c sind der eigenen Kreativit\u00e4t keine Grenzen gesetzt.<\/p>\n\n\n\n<p>Aus allen Einsendungen trifft eine Jury \u2013 in diesem Jahr bestehend aus Mathias M\u00fcnzenberger, Sprecher der Ro\u00dfmarktstra\u00dfe am Altp\u00f6rtel und Vorstandmitglied im BdS R\u00f6merberg-Speyer, Stadtf\u00fchrerin Sabrina Albers und Fotograf Klaus Landry &#8211; eine Vorauswahl von 30 Bildern. Diese wiederrum werden im Anschluss \u00fcber die offizielle Facebook-Fanseite der Stadt Speyer der Community zur finalen Abstimmung bereitgestellt, um so die 12 sch\u00f6nsten Motive zu ermitteln, die es letztlich in den Kalender schaffen.<\/p>\n\n\n\n<p>Alle, die ihren ganz pers\u00f6nlichen Blick auf Speyer im Kalender wiederfinden m\u00f6chten, sind aufgerufen, ihre Fotos <strong>bis sp\u00e4testens Montag, 11. Oktober 2021<\/strong> per E-Mail unter dem Betreff \u201eFoto-Mitmach-Aktion\u201c an\u00a0<a href=\"mailto:kalender@stadt-speyer.de\" target=\"_blank\" rel=\"noreferrer noopener\">kalender@stadt-speyer.de<\/a>\u00a0zu schicken. Zu beachten ist, dass alle eingereichten Fotos von den Teilnehmer*innen selbst aufgenommen worden sein m\u00fcssen. Wichtig ist dar\u00fcber hinaus eine explizite Best\u00e4tigung, dass die Teilnehmer*innen als Urheber*innen des Fotos mit einer Ver\u00f6ffentlichung einverstanden sind. Um die Gewinner*innen zu benachrichtigen, werden au\u00dferdem Name und Kontaktdaten ben\u00f6tigt.<\/p>\n\n\n\n<p>Die Urheber*innen der 12 Gewinner-Fotos erhalten nach Abschluss der Aktion eine \u00dcberraschung \u2013 \u00fcberreicht von Oberb\u00fcrgermeisterin Stefanie Seiler. Der Kalender selbst wird f\u00fcr kleines Geld k\u00e4uflich zu erwerben sein. Der Verkaufserl\u00f6s wird vollumf\u00e4nglich dem Tierheim Speyer zugutekommen.<\/p>\n\n\n\n<p><em>Stadtverwaltung Speyer<br>22.09.2021<\/em><\/p>\n","protected":false},"excerpt":{"rendered":"<div class=\"mh-excerpt\"><p>Tourist-Information geschlossen Die Stadtverwaltung Speyer informiert, dass die st\u00e4dtische Tourist-Information am Dienstag, 28. September 2021 zwischen 12 und 14 Uhr aus organisatorischen Gr\u00fcnden ausnahmsweise geschlossen bleibt. Von 14 bis 17 Uhr sind die Mitarbeiter*innen dann <a class=\"mh-excerpt-more\" href=\"https:\/\/speyer24news.com\/?p=40674\" title=\"Stadtnotizen aus Speyer\">[&#8230;]<\/a><\/p>\n<\/div>","protected":false},"author":3,"featured_media":23902,"comment_status":"open","ping_status":"open","sticky":false,"template":"","format":"standard","meta":{"_monsterinsights_skip_tracking":false,"_monsterinsights_sitenote_active":false,"_monsterinsights_sitenote_note":"","_monsterinsights_sitenote_category":0,"footnotes":""},"categories":[47],"tags":[12918,12919,6,12916,12917,657,1296,6582],"aioseo_notices":[],"amp_enabled":true,"_links":{"self":[{"href":"https:\/\/speyer24news.com\/index.php?rest_route=\/wp\/v2\/posts\/40674"}],"collection":[{"href":"https:\/\/speyer24news.com\/index.php?rest_route=\/wp\/v2\/posts"}],"about":[{"href":"https:\/\/speyer24news.com\/index.php?rest_route=\/wp\/v2\/types\/post"}],"author":[{"embeddable":true,"href":"https:\/\/speyer24news.com\/index.php?rest_route=\/wp\/v2\/users\/3"}],"replies":[{"embeddable":true,"href":"https:\/\/speyer24news.com\/index.php?rest_route=%2Fwp%2Fv2%2Fcomments&post=40674"}],"version-history":[{"count":1,"href":"https:\/\/speyer24news.com\/index.php?rest_route=\/wp\/v2\/posts\/40674\/revisions"}],"predecessor-version":[{"id":40678,"href":"https:\/\/speyer24news.com\/index.php?rest_route=\/wp\/v2\/posts\/40674\/revisions\/40678"}],"wp:featuredmedia":[{"embeddable":true,"href":"https:\/\/speyer24news.com\/index.php?rest_route=\/wp\/v2\/media\/23902"}],"wp:attachment":[{"href":"https:\/\/speyer24news.com\/index.php?rest_route=%2Fwp%2Fv2%2Fmedia&parent=40674"}],"wp:term":[{"taxonomy":"category","embeddable":true,"href":"https:\/\/speyer24news.com\/index.php?rest_route=%2Fwp%2Fv2%2Fcategories&post=40674"},{"taxonomy":"post_tag","embeddable":true,"href":"https:\/\/speyer24news.com\/index.php?rest_route=%2Fwp%2Fv2%2Ftags&post=40674"}],"curies":[{"name":"wp","href":"https:\/\/api.w.org\/{rel}","templated":true}]}}