{"id":40712,"date":"2021-09-22T14:20:35","date_gmt":"2021-09-22T13:20:35","guid":{"rendered":"https:\/\/speyer24news.com\/?p=40712"},"modified":"2021-09-22T14:20:37","modified_gmt":"2021-09-22T13:20:37","slug":"schifferstadt-121","status":"publish","type":"post","link":"https:\/\/speyer24news.com\/?p=40712","title":{"rendered":"Schifferstadt"},"content":{"rendered":"<style type=\"text\/css\">\r\n\t.ads_top_disp{}\r\n\t.ads_top_corner_disp{ float:left; margin:0px 10px 10px 0px; }\r\n\t.ads_first_p_disp{}\r\n\t.ads_bottom_disp{}\r\n\t<\/style>\n<h2 class=\"wp-block-heading\">Aktionswoche \u201eSauberes Schifferstadt\u201c<\/h2>\n\n\n\n<h3 class=\"wp-block-heading\">Schwerpunkt Gew\u00e4sser \u00a0<\/h3>\n\n\n\n<div class=\"wp-block-image\"><figure class=\"aligncenter size-large\"><img decoding=\"async\" loading=\"lazy\" width=\"800\" height=\"600\" src=\"https:\/\/speyer24news.com\/wp-content\/uploads\/2021\/09\/Bio-der-Umwelt-zuliebe-Foto-E.C.-Driedger.jpg\" alt=\"\" class=\"wp-image-40719\" srcset=\"https:\/\/speyer24news.com\/wp-content\/uploads\/2021\/09\/Bio-der-Umwelt-zuliebe-Foto-E.C.-Driedger.jpg 800w, https:\/\/speyer24news.com\/wp-content\/uploads\/2021\/09\/Bio-der-Umwelt-zuliebe-Foto-E.C.-Driedger-300x225.jpg 300w, https:\/\/speyer24news.com\/wp-content\/uploads\/2021\/09\/Bio-der-Umwelt-zuliebe-Foto-E.C.-Driedger-768x576.jpg 768w, https:\/\/speyer24news.com\/wp-content\/uploads\/2021\/09\/Bio-der-Umwelt-zuliebe-Foto-E.C.-Driedger-678x509.jpg 678w, https:\/\/speyer24news.com\/wp-content\/uploads\/2021\/09\/Bio-der-Umwelt-zuliebe-Foto-E.C.-Driedger-326x245.jpg 326w, https:\/\/speyer24news.com\/wp-content\/uploads\/2021\/09\/Bio-der-Umwelt-zuliebe-Foto-E.C.-Driedger-80x60.jpg 80w\" sizes=\"(max-width: 800px) 100vw, 800px\" \/><figcaption><em>Foto: \u00a9 E.C. Driedger<\/em><\/figcaption><\/figure><\/div>\n\n\n\n<p><strong>Von Donnerstag, 30. September bis Samstag 2. Oktober<\/strong> m\u00f6chte die Stadtverwaltung zusammen mit B\u00fcrgerinnen und B\u00fcrgern, Kitas, Schulen und weiteren Institutionen bei den Aktionstagen \u201eSauberes Schifferstadt\u201c ein Zeichen f\u00fcr den achtsamen Umgang mit der Natur setzen. In diesem Jahr stehen die Gew\u00e4sser, speziell Rehbach, Ranschgraben und Qudgraben im Vordergrund.<\/p>\n\n\n\n<p>M\u00fclls\u00e4cke f\u00fcr die flei\u00dfigen Helferinnen und Helfer k\u00f6nnen kostenfrei an der Infotheke des Rathauses zu den \u00fcblichen \u00d6ffnungszeiten oder am 2. Oktober in der Waldfesthalle abgeholt werden.<\/p>\n\n\n\n<p>Gesammelt werden kann im ganzen Stadtgebiet, der Stadtservice sammelt die bereitgelegten blauen S\u00e4cke (bitte gut sichtbar am Stra\u00dfenrand bereitlegen!) ein.<\/p>\n\n\n\n<p>Alle Helferinnen und Helfer sind zum Abschluss der Aktionswoche am <strong>Samstag, 2. Oktober ab 12 Uhr<\/strong> recht herzlich zu einem gemeinsamen Imbiss in die Waldfesthalle eingeladen. Der MGV 1854 e.V. \u00fcbernimmt die Bewirtung.<\/p>\n\n\n\n<p>In der Waldfesthalle k\u00f6nnen auch die Werke von Kindergarten- und Sch\u00fclergruppen zum Thema \u201eSchifferstadter Gew\u00e4sser\u201c bestaunt werden. Die Gruppen haben sich in den letzten Wochen intensiv mit den B\u00e4chen und Weihern besch\u00e4ftigt und Poster, Fotos und Zeichnungen angefertigt.<\/p>\n\n\n\n<p>\u201eF\u00fcr unser st\u00e4dtisches Klima, aber auch f\u00fcr die Gesundheit unseres Waldes haben die Gew\u00e4sser eine gro\u00dfe Bedeutung\u201c, erkl\u00e4rt die Erste Beigeordnete Ulla Behrendt-Roden. Die Wurzeln der B\u00e4ume seien auf einen ordentlichen Grundwasserspiegel angewiesen, der durch die flie\u00dfenden Gew\u00e4sser stetigen Nachschub erh\u00e4lt. Daher sei gerade in trockenen und hei\u00dfen Sommern ein intaktes System von B\u00e4chen und Gr\u00e4ben unverzichtbar. \u201eMit der Aktion \u201eSauberes Schifferstadt\u201c wollen wir auf die Bedeutung der Biotope direkt vor der eigenen Haust\u00fcr aufmerksam zu machen. Dabei ist jeder einzelne Helfer wichtig und kann seinen Teil zu einer besseren Welt beitragen\u201c, sagt Behrendt-Roden.<\/p>\n\n\n\n<p>Sie m\u00f6chten beim Aktionstag \u201eSauberes Schifferstadt\u201c mit anpacken? Dann melden Sie sich gerne bei Christiane van Bemmelen im Rathaus unter Telefonnummer 06235\/44229 oder per E-Mail an <a href=\"mailto:christiane.vanbemmelen@schifferstadt.de\">christiane.vanbemmelen@schifferstadt.de<\/a>. Insbesondere zum gemeinsamen Abschlussimbiss ist eine Anmeldung aufgrund der Corona-Verordnung dringend n\u00f6tig.<\/p>\n\n\n\n<p><em>Text: Stadtverwaltung Schifferstadt <em>Foto: \u00a9 E.C. Driedger<\/em><br>22.09.2021<\/em><\/p>\n\n\n\n<h2 class=\"wp-block-heading\">Noch zugreifen: \u201eSchifferstadt Dudd\u201c<\/h2>\n\n\n\n<div class=\"wp-block-image\"><figure class=\"aligncenter size-large\"><img decoding=\"async\" loading=\"lazy\" width=\"500\" height=\"667\" src=\"https:\/\/speyer24news.com\/wp-content\/uploads\/2021\/09\/20210916_173257.jpg\" alt=\"\" class=\"wp-image-40717\" srcset=\"https:\/\/speyer24news.com\/wp-content\/uploads\/2021\/09\/20210916_173257.jpg 500w, https:\/\/speyer24news.com\/wp-content\/uploads\/2021\/09\/20210916_173257-225x300.jpg 225w\" sizes=\"(max-width: 500px) 100vw, 500px\" \/><\/figure><\/div>\n\n\n\n<p>Im Rathaus sind noch einige wenige Exemplare der beliebten \u201eSchifferstadt Dudd\u201c erh\u00e4ltlich. Sie enth\u00e4lt drei Liter Apfelsaft von heimischen Streuobstwiesen, eine Tafel fair gehandelte Schifferstadt Stadt-Schokolade aus dem Weltladen, eine Flasche mediterrane Tomatenso\u00dfe von Heike\u00b4s Hofl\u00e4del, ein Gl\u00e4schen Honig vom Schifferstadter BIOland-Imker Link und ein Hokkaido K\u00fcrbis von Schifferstadter Feldern. Verpackt ist alles in einem fairgehandelten Baumwollbeutel und kostet 15 Euro.<\/p>\n\n\n\n<div class=\"wp-block-image\"><figure class=\"aligncenter size-large\"><img decoding=\"async\" loading=\"lazy\" width=\"500\" height=\"667\" src=\"https:\/\/speyer24news.com\/wp-content\/uploads\/2021\/09\/20210916_173341.jpg\" alt=\"\" class=\"wp-image-40718\" srcset=\"https:\/\/speyer24news.com\/wp-content\/uploads\/2021\/09\/20210916_173341.jpg 500w, https:\/\/speyer24news.com\/wp-content\/uploads\/2021\/09\/20210916_173341-225x300.jpg 225w\" sizes=\"(max-width: 500px) 100vw, 500px\" \/><\/figure><\/div>\n\n\n\n<p>Mit der Schifferstadt Dudd soll die Aktion Heimat Shoppen unterst\u00fctzt werden. Sie enth\u00e4lt nur Produkte lokaler Anbieter und zeigt, dass der Einkauf vor Ort und die Wahl regionaler Produkte sehr attraktiv sein kann.<\/p>\n\n\n\n<p><em>Stadtverwaltung Schifferstadt<br>22.09.2021<\/em><\/p>\n\n\n\n<h2 class=\"wp-block-heading\">Friedhofsb\u00fcro vor\u00fcbergehend geschlossen<\/h2>\n\n\n\n<p>Das B\u00fcro am Waldfriedhof ist am <strong>Donnerstag, 23.09.2021 und Freitag 24.09.2021<\/strong> nicht besetzt. Vertretung in dringenden F\u00e4llen \u00fcbernimmt Frau Sabine Wegner Tel. 44-311. Die Verwaltung bittet um Verst\u00e4ndnis.<\/p>\n\n\n\n<p><em>Stadtverwaltung Schifferstadt<br>22.09.2021<\/em><\/p>\n\n\n\n<h2 class=\"wp-block-heading\">Kostenloses Fahrsicherheitstag f\u00fcr erfahrene Kraftfahrer\/innen<\/h2>\n\n\n\n<p>Die Sicherheitsberater f\u00fcr Senioren (SfS) der Stadt Schifferstadt veranstalten in Kooperation mit der Kreisverkehrswacht Bad D\u00fcrkheim S\u00fcd e.V. am <strong>Samstag den 25.09.2021<\/strong> einen Fahrsicherheitstag f\u00fcr erfahrene Kraftfahrer\/innen.<\/p>\n\n\n\n<p>Interessierte treffen sich um 8:45 Uhr in der Adlerstube, Kirchenstra\u00dfe 17 in Schifferstadt. Bis zur Mittagspause gibt es aus dem Programm des Deutschen Verkehrssicherheitsrates Informationen zu Auswirkungen des Alters auf die Verkehrsteilnahme und zu \u00c4nderungen in der Stra\u00dfenverkehrsordnung. Nach der Mittagspause findet auf dem Gel\u00e4nde der Heberger Bau, Bahnhofstrasse 118 in Schifferstadt ein Fahrtraining mit dem eigenen Auto statt. Die Veranstaltung endet gegen 16 Uhr.&nbsp; Eine Anmeldung ist unter folgender Mailadresse: <a href=\"mailto:die_seniorensicherheitsberater@gmx.de\">die_seniorensicherheitsberater@gmx.de<\/a> unter Angabe von Vornamen, Name, Telefonnummer und Mailadresse m\u00f6glich. Voraussetzung f\u00fcr die Teilnahme ist unter Beachtung der Corona Pandemie die 3 G-Regel: Geimpft, Genesen, Getestet. Es k\u00f6nnen maximal 15 Personen teilnehmen.<\/p>\n\n\n\n<p><em>Stadtverwaltung Schifferstadt<br>22.09.2021<\/em><\/p>\n\n\n\n<h2 class=\"wp-block-heading\">Chawwerusch Theater in Schifferstadt<\/h2>\n\n\n\n<div class=\"wp-block-image\"><figure class=\"aligncenter size-large\"><img decoding=\"async\" loading=\"lazy\" width=\"500\" height=\"702\" src=\"https:\/\/speyer24news.com\/wp-content\/uploads\/2021\/09\/Chawerrusch.png\" alt=\"\" class=\"wp-image-40716\" srcset=\"https:\/\/speyer24news.com\/wp-content\/uploads\/2021\/09\/Chawerrusch.png 500w, https:\/\/speyer24news.com\/wp-content\/uploads\/2021\/09\/Chawerrusch-214x300.png 214w\" sizes=\"(max-width: 500px) 100vw, 500px\" \/><\/figure><\/div>\n\n\n\n<p>Am <strong>Samstag, den 25. September um 17 Uhr<\/strong> pr\u00e4sentiert das Chawwerusch Theater im Pfarrheim eine musikalische Gartenlesung. Die Veranstaltung findet im Rahmen der Fairen Wochen statt. Fairtrade Stadt Schifferstadt, FAIReint Schifferstadt e.V. und der Weltladen Schifferstadt freuen sich auf viele Zuschauerinnen und Zuschauer. Die Karten daf\u00fcr k\u00f6nnen f\u00fcr 8 Euro im Rathaus und im Weltladen zu den \u00fcblichen \u00d6ffnungszeiten gekauft werde.<\/p>\n\n\n\n<p>\u201eWurzeln schlagen\u201c hei\u00dft das Programm, das Felix S. Felix mit dem Musiker Armin Sommer in G\u00e4rten und an anderen Freilichtschaupl\u00e4tzen zu Geh\u00f6r bringt. In diesem poetisch-musikalischen Programm sind bodenst\u00e4ndige Kartoffeln, himmlische \u00c4pfel oder auch bissige Zwiebeln zweifellos die Stars. In unterschiedlichen Prosatexten, Gedichten und Liedern wir erz\u00e4hlt, wie viele nahr- und schmackhafte Gew\u00e4chse, die in unserem Garten l\u00e4ngst heimisch sind, zu uns kamen.<\/p>\n\n\n\n<p>G\u00e4rten sind oft besungen worden und gingen als Pl\u00e4tze der Inspiration und Sch\u00f6nheit in die Literatur ein. W\u00e4hrend es ungez\u00e4hlte Blumengedichte gibt, wurden Nutzpflanzen, die doch eigentlich unsere Lebensgrundlage bilden, von den sch\u00f6nen K\u00fcnsten weitgehend au\u00dfer Acht gelassen. Aber es gibt auch Ausnahmen. \u201eDu hast die Blumen lieber und Erbs\u2018 und Gurken ich.\u201c Josef Weinheber betont in seinem \u201eBauerngarten\u201c, wie Rosen und Kohl die sch\u00f6nste Symbiose bilden. Wo die klassische und zeitgen\u00f6ssische Literatur L\u00fccken hat, haben Felix S. Felix und Walter Menzlaw auch eigene Texte verfasst, die von Tomaten, Zucchinis und Kartoffeln erz\u00e4hlen \u2013 mal s\u00fcffisant, mal nachdenklich, mal sp\u00f6ttisch.<\/p>\n\n\n\n<div class=\"wp-block-image\"><figure class=\"alignleft size-large\"><img decoding=\"async\" loading=\"lazy\" width=\"300\" height=\"300\" src=\"https:\/\/speyer24news.com\/wp-content\/uploads\/2021\/09\/Chawwerusch-Wurzeln-schlagen-sw_6547-150x150-1.jpg\" alt=\"\" class=\"wp-image-40715\" srcset=\"https:\/\/speyer24news.com\/wp-content\/uploads\/2021\/09\/Chawwerusch-Wurzeln-schlagen-sw_6547-150x150-1.jpg 300w, https:\/\/speyer24news.com\/wp-content\/uploads\/2021\/09\/Chawwerusch-Wurzeln-schlagen-sw_6547-150x150-1-150x150.jpg 150w\" sizes=\"(max-width: 300px) 100vw, 300px\" \/><\/figure><\/div>\n\n\n\n<p>Das Gartentagebuch, aus dem Felix S. Felix vortr\u00e4gt, enth\u00e4lt Geschichten, Lieder und Anekdoten. Da findet sich Klassisches von Ringelnatz und Rilke ebenso wie die ganz modernen Aspekte einer Zucchinischwemme von Lola Randl. Und dann verbergen sich im Gartentagebuch auch noch ein paar Aufgaben f\u00fcr die Besucher*innen der Lesung. Immer mal wieder d\u00fcrfen sie mitraten, wenn sich in R\u00e4tseln Pflanzen selbst pr\u00e4sentieren und dabei ihren Namen verschweigen. Mit Texten, Liedern und Erz\u00e4hlungen \u00fcber die lange Wanderschaft der Pflanzen, die heute so selbstverst\u00e4ndlich zu unserem Speiseplan geh\u00f6ren, verbringt das Publikum eine unterhaltsame und alle Sinne ber\u00fchrende Zeit im Garten.<\/p>\n\n\n\n<p>Sieglinde Eberhart hat als Dramaturgin alles zu einem Ganzen verwoben und unterst\u00fctzte Felix S. Felix als Sprechtrainerin. Walter Menzlaw f\u00fchrte Regie.<\/p>\n\n\n\n<p>Besucherinnen und Besucher werden gebeten, die aktuell g\u00fcltigen Corona-Regeln zu beachten: der Zutritt ist nur geimpften, genesenen oder getesteten Personen erlaubt. Kinder bis 14 Jahre sind von dieser Regelung ausgenommen. Zudem besteht Maskenpflicht (medizinische oder FFP2) und die Pflicht, Abstand zueinander zu halten. Vor Eintritt erfolgt eine Kontakterfassung schriftlich oder per luca App und die Zertifikate werden zusammen mit dem Personalausweis kontrolliert.<\/p>\n\n\n\n<p>Die Veranstalter freuen sich \u00fcber die finanzielle Unterst\u00fctzung durch Th\u00fcga Energienetze GmbH.<\/p>\n\n\n\n<p><em>Stadtverwaltung Schifferstadt<br>22.09.2021<\/em><\/p>\n\n\n\n<h2 class=\"wp-block-heading\">Endlich Minimalist \u2026 aber wohin mit meinen Sachen<\/h2>\n\n\n\n<div class=\"wp-block-image\"><figure class=\"aligncenter size-large\"><img decoding=\"async\" loading=\"lazy\" width=\"800\" height=\"534\" src=\"https:\/\/speyer24news.com\/wp-content\/uploads\/2021\/09\/Olaf-Bossi-Endlich-Minimalist-Pressefoto-2-c-Gero-Groeschel.jpg\" alt=\"\" class=\"wp-image-40713\" srcset=\"https:\/\/speyer24news.com\/wp-content\/uploads\/2021\/09\/Olaf-Bossi-Endlich-Minimalist-Pressefoto-2-c-Gero-Groeschel.jpg 800w, https:\/\/speyer24news.com\/wp-content\/uploads\/2021\/09\/Olaf-Bossi-Endlich-Minimalist-Pressefoto-2-c-Gero-Groeschel-300x200.jpg 300w, https:\/\/speyer24news.com\/wp-content\/uploads\/2021\/09\/Olaf-Bossi-Endlich-Minimalist-Pressefoto-2-c-Gero-Groeschel-768x513.jpg 768w\" sizes=\"(max-width: 800px) 100vw, 800px\" \/><figcaption><em>Foto: \u00a9 Gero Gr\u00f6schel<\/em><\/figcaption><\/figure><\/div>\n\n\n\n<p>Am Donnerstag, 28.10.2021, um 19.30 Uhr, l\u00e4dt Olaf Bossi zum \u201eLeben Ausmisten mit Humor\u201c in das Alte Rathaus Schifferstadt ein. Wie Olaf Bossi den Minimalismus f\u00fcr sich entdeckte. Ein humorvoll-aufger\u00e4umtes Kabarett- Programm durch den Weniger-ist-mehr-Dschungel.\u00a0\u00a0\u00a0\u00a0\u00a0\u00a0\u00a0\u00a0\u00a0\u00a0\u00a0\u00a0\u00a0\u00a0\u00a0\u00a0\u00a0\u00a0\u00a0\u00a0\u00a0\u00a0\u00a0\u00a0\u00a0\u00a0\u00a0\u00a0\u00a0\u00a0\u00a0\u00a0\u00a0\u00a0\u00a0\u00a0\u00a0\u00a0\u00a0\u00a0\u00a0\u00a0\u00a0\u00a0\u00a0\u00a0\u00a0\u00a0\u00a0\u00a0\u00a0\u00a0\u00a0\u00a0\u00a0\u00a0\u00a0\u00a0\u00a0\u00a0\u00a0\u00a0\u00a0\u00a0\u00a0\u00a0 <\/p>\n\n\n\n<p>Brauche ich das wirklich? Oder kann das weg? Diese Frage hat sich Olaf Bossi vor einigen Jahren gestellt. W\u00e4hrend sich in Wohnung, Kalender und Kopf Gegenst\u00e4nde, Termine und Gedanken t\u00fcrmten, war das Konto immer viel zu schnell leer und es fehlten Zeit, Freiheit und Zufriedenheit.<\/p>\n\n\n\n<p>Olaf Bossi war klar: Es war Zeit f\u00fcr einen Neuanfang. Doch wie? Als zweifacher Familienvater waren die Handlungsm\u00f6glichkeiten begrenzt. Die Weltreise mit Selbstfindungstrip war ausgeschlossen. Statt weiterhin zu versuchen sich gl\u00fccklich zu konsumieren, begann er bewusster zu leben. Doch diese \u201eDi\u00e4t der Dinge\u201c war leichter gesagt als getan.<\/p>\n\n\n\n<p>Welche Methoden des Aufr\u00e4umens und Ausmistens grandios funktionierten und welche floppten, das hat Olaf Bossi auf einer zweij\u00e4hrigen Abenteuerreise durch den Minimalismus Kosmos erkundet. Seine wichtigsten und humorvollsten Erkenntnisse auf dem Weg zum Minimalismus-Experten sowie selbst entwickelte Methoden pr\u00e4sentiert er in seinem Programm. Er zeigt, dass Aufr\u00e4umen richtig Spa\u00df machen kann und gibt Hilfestellungen f\u00fcr ein leichtes, schuldenfreies und medial entschlacktes Leben.<\/p>\n\n\n\n<p>Eintrittskarten k\u00f6nnen ab sofort in der Stadtb\u00fccherei, Rehbachstra\u00dfe 2, erworben werden. Beim Kauf vor Ort findet auch gleich die Kontaktdatenerfassung entsprechend der Corona-Bestimmungen statt. Wer seine Karte nicht pers\u00f6nlich abholen kann, erreicht das Stadtb\u00fccherei-Team unter 06235 \/ 925830 oder <a href=\"mailto:stadtbuecherei@schifferstadt.de\">stadtbuecherei@schifferstadt.de<\/a>. Eine Abendkasse gibt es nicht. Bei der Veranstaltung gelten die zum Zeitpunkt g\u00fcltigen Corona-Regeln.<\/p>\n\n\n\n<p><em>Text: Stadtverwaltung Schifferstadt Foto: \u00a9 Gero Gr\u00f6schel<br>22.09.2021<\/em><\/p>\n\n\n\n<h1 class=\"has-text-align-center wp-block-heading\">Verkehrsnotiz<\/h1>\n\n\n\n<div class=\"wp-block-image\"><figure class=\"aligncenter size-large\"><img decoding=\"async\" loading=\"lazy\" width=\"800\" height=\"565\" src=\"https:\/\/speyer24news.com\/wp-content\/uploads\/2020\/01\/Baustelle-2.jpg\" alt=\"\" class=\"wp-image-23900\" srcset=\"https:\/\/speyer24news.com\/wp-content\/uploads\/2020\/01\/Baustelle-2.jpg 800w, https:\/\/speyer24news.com\/wp-content\/uploads\/2020\/01\/Baustelle-2-300x212.jpg 300w, https:\/\/speyer24news.com\/wp-content\/uploads\/2020\/01\/Baustelle-2-768x542.jpg 768w\" sizes=\"(max-width: 800px) 100vw, 800px\" \/><\/figure><\/div>\n\n\n\n<h2 class=\"wp-block-heading\">Vollsperrung des Wohlfahrtweges<\/h2>\n\n\n\n<div class=\"wp-block-image\"><figure class=\"aligncenter size-large\"><img decoding=\"async\" loading=\"lazy\" width=\"800\" height=\"539\" src=\"https:\/\/speyer24news.com\/wp-content\/uploads\/2021\/09\/Sperrung-Wohlfahrtsweg.png\" alt=\"\" class=\"wp-image-40714\" srcset=\"https:\/\/speyer24news.com\/wp-content\/uploads\/2021\/09\/Sperrung-Wohlfahrtsweg.png 800w, https:\/\/speyer24news.com\/wp-content\/uploads\/2021\/09\/Sperrung-Wohlfahrtsweg-300x202.png 300w, https:\/\/speyer24news.com\/wp-content\/uploads\/2021\/09\/Sperrung-Wohlfahrtsweg-768x517.png 768w\" sizes=\"(max-width: 800px) 100vw, 800px\" \/><\/figure><\/div>\n\n\n\n<p>Seit Montag, 20.09.2021 ist der Wohlfahrtsweg im Teilbereich zwischen der ersten Einfahrt (Wirtschaftstor) des Waldfriedhofs bis zur zweiten Einfahrt des Waldfriedhofs voll gesperrt werden. Grund f\u00fcr die Sperrung ist die Anlieferung und Lagerung von Mutterboden f\u00fcr den Waldfriedhof. Die Stadtg\u00e4rtnerei ben\u00f6tigt diesen um Fl\u00e4chen auf dem Friedhof wieder aufzuf\u00fcllen. Die Vollsperrung wird <strong>voraussichtlich bis einschlie\u00dflich dem 01.10.2021<\/strong> eingerichtet sein. Die erste Einfahrt kann f\u00fcr alle Verkehrsteilnehmer*innen erreicht werden. Allerdings kann dies auf Grund der Ma\u00dfnahme mit Einschr\u00e4nkungen verbunden sein.<br>Fu\u00dfg\u00e4nger und Fahrradfahrer, welche aus dem hinteren Bereichs des Waldes kommen, k\u00f6nnen durch den zweiten Eingang zum Friedhof gelangen.<\/p>\n\n\n\n<p><em>Text: Stadtverwaltung Schifferstadt Grafik: Stadtverwaltung Schifferstadt \/ GoogleMaps<br>22.09.2021<\/em><\/p>\n\n\n\n<h1 class=\"has-text-align-center wp-block-heading\">Volkshochschule (VHS) Schifferstadt<\/h1>\n\n\n\n<div class=\"wp-block-image\"><figure class=\"aligncenter size-large\"><img decoding=\"async\" loading=\"lazy\" width=\"640\" height=\"295\" src=\"https:\/\/speyer24news.com\/wp-content\/uploads\/2020\/03\/VHS-1.png\" alt=\"\" class=\"wp-image-25692\" srcset=\"https:\/\/speyer24news.com\/wp-content\/uploads\/2020\/03\/VHS-1.png 640w, https:\/\/speyer24news.com\/wp-content\/uploads\/2020\/03\/VHS-1-300x138.png 300w\" sizes=\"(max-width: 640px) 100vw, 640px\" \/><\/figure><\/div>\n\n\n\n<h2 class=\"wp-block-heading\">Englisch B1.2\/1.3<\/h2>\n\n\n\n<p>Am <strong>Montag, 27.September 2021<\/strong> beginnt um 18:30 Uhr der Kurs \u201eEnglisch B1.2\/1.3\u201c im Gymnasium des Schifferstadter Paul-v.-Denis-Schulzentrum, Am Schulzentrum 1. Der Kurs umfasst 10 Termine, jeweils von 18:30 Uhr bis 20:00 Uhr. <\/p>\n\n\n\n<p>Anmeldungen sind online unter <a href=\"http:\/\/www.vhs-rpk.de\">www.vhs-rpk.de<\/a> m\u00f6glich. F\u00fcr weitere Informationen k\u00f6nnen sich Interessierte bei der Stadtverwaltung Schifferstadt vormittags unter der Telefonnummer 06235\/44302 oder 44305 melden.<\/p>\n\n\n\n<h2 class=\"wp-block-heading\">Airbrush-Grundkurs<\/h2>\n\n\n\n<p>Am <strong>Samstag, 25.September 2021<\/strong> und am <strong>Sonntag, 26. September 2021<\/strong> findet von 09:00 Uhr bis 16:00 Uhr der Kurs \u201eAirbrush-Grundkurs\u201c im Schifferstadter vhs-Bildungszentrum, Neust\u00fcckweg 2, statt.<\/p>\n\n\n\n<p>Airbrush ist das kreative Gestalten mit dem Luftpinsel, der &#8222;Spritzpistole&#8220;, einem faszinierenden Instrument, das zum Experimentieren anregt und Bilder von h\u00f6chster Pr\u00e4zision entstehen l\u00e4sst. Im Kurs lernen Sie die richtige Handhabung des Luftpinsels und verschiedene Grundtechniken wie Farbverl\u00e4ufe, Licht- und Schatteneffekte, Schablonen zeichnen und schneiden und Freihandbrushen als Basis f\u00fcr die eigene Arbeit. Verwendet werden ungiftige Acrylfarben auf Wasserbasis. Es werden drei Bilder angefertigt. Alle Materialien incl. Kompressor und Druckluftpistolen werden bereitgestellt.<\/p>\n\n\n\n<p>Anmeldungen sind online unter <a href=\"http:\/\/www.vhs-rpk.de\">www.vhs-rpk.de<\/a> m\u00f6glich. F\u00fcr weitere Informationen k\u00f6nnen sich Interessierte bei der Stadtverwaltung Schifferstadt vormittags unter der Telefonnummer 06235\/44302 oder 44305 melden.<\/p>\n\n\n\n<h2 class=\"wp-block-heading\">MS EXCEL Aufbaukurs<\/h2>\n\n\n\n<p>Am <strong>Samstag, 25. September 2021 findet von 09:00 Uhr bis 16:00 Uhr<\/strong> ein \u201eMS EXCEL Aufbaukurs\u201c im Schifferstadter vhs-Bildungszentrum, Neust\u00fcckweg 2, statt.<\/p>\n\n\n\n<p>Spezielle Funktionen einsetzen, professionelle Diagramme erstellen, komplexe Auswertungen mithilfe von Pivot-Tabellen und vieles mehr: In diesem Seminar erlernen und vertiefen Sie die professionellen Arbeitstechniken im Umgang mit Microsoft Excel und lernen, wie Sie Ihre Daten schnell und professionell analysieren und visualisieren k\u00f6nnen.<\/p>\n\n\n\n<p>Inhalte: Listenfunktion und Filter &#8211; Weiterf\u00fchrende Funktionen &#8211; Daten konsolidieren &#8211; Pivot-Tabellen &#8211; Datentabelle &#8211; Zielwertsuche &#8211; Szenarien erstellen &#8211; Spezielle Diagramme.<\/p>\n\n\n\n<p>Anmeldungen sind online unter <a href=\"http:\/\/www.vhs-rpk.de\">www.vhs-rpk.de<\/a> m\u00f6glich. F\u00fcr weitere Informationen k\u00f6nnen sich Interessierte bei der Stadtverwaltung Schifferstadt vormittags unter der Telefonnummer 06235\/44302 oder 44305 melden.<\/p>\n\n\n\n<h2 class=\"wp-block-heading\">Landschaftsfotografie in der Karlstalschlucht<\/h2>\n\n\n\n<p>Am <strong>Samstag, 25.September 2021<\/strong> beginnt um 10:00 Uhr der Kurs \u201eLandschaftsfotografie in der Karlstalschlucht\u201c. Der Kurs umfasst 2 Termine, jeweils von 10:00 Uhr bis 13:30 Uhr.<\/p>\n\n\n\n<p>Dieser Kurs richtet sich an Interessierte, die bereits einen Grundkurs Fotografie absolviert haben oder \u00fcber vergleichbare Vorkenntnisse verf\u00fcgen und im Umgang mit ihrer Kamera vertraut sind. Vermittelt werden die Kenntnisse f\u00fcr eine qualit\u00e4tvolle und kreative Landschaftsfotografie. Treffpunkt f\u00fcr den ersten Termin ist am Johanniskreuz, auf dem Parkplatz am \u201eHaus der Nachhaltigkeit\u201c. Der zweite Termin, der im vhs-Bildungszentrum Schifferstadt, Neust\u00fcckweg2, stattfindet, dient der Bildbesprechnung und wird in Absprache mit den Teilnehmenden festgelegt. Es werden maximal 6 Anmeldungen entgegengenommen. <\/p>\n\n\n\n<p>Anmeldungen sind online unter <a href=\"http:\/\/www.vhs-rpk.de\">www.vhs-rpk.de<\/a> m\u00f6glich. F\u00fcr weitere Informationen k\u00f6nnen sich Interessierte bei der Stadtverwaltung Schifferstadt vormittags unter der Telefonnummer 06235\/44302 oder 44305 melden.<\/p>\n\n\n\n<p><em>Stadtverwaltung Schifferstadt \/ Volkshochschule (VHS) Schifferstadt<br>22.09.2021<\/em><\/p>\n","protected":false},"excerpt":{"rendered":"<div class=\"mh-excerpt\"><p>Aktionswoche \u201eSauberes Schifferstadt\u201c Schwerpunkt Gew\u00e4sser \u00a0 Von Donnerstag, 30. September bis Samstag 2. Oktober m\u00f6chte die Stadtverwaltung zusammen mit B\u00fcrgerinnen und B\u00fcrgern, Kitas, Schulen und weiteren Institutionen bei den Aktionstagen \u201eSauberes Schifferstadt\u201c ein Zeichen f\u00fcr <a class=\"mh-excerpt-more\" href=\"https:\/\/speyer24news.com\/?p=40712\" title=\"Schifferstadt\">[&#8230;]<\/a><\/p>\n<\/div>","protected":false},"author":3,"featured_media":25696,"comment_status":"open","ping_status":"open","sticky":false,"template":"","format":"standard","meta":{"_monsterinsights_skip_tracking":false,"_monsterinsights_sitenote_active":false,"_monsterinsights_sitenote_note":"","_monsterinsights_sitenote_category":0,"footnotes":""},"categories":[126],"tags":[2735,12935,12934,4248,12936,12937,6321,127,8535,12938,458,1521,459,2582,12939],"aioseo_notices":[],"amp_enabled":true,"_links":{"self":[{"href":"https:\/\/speyer24news.com\/index.php?rest_route=\/wp\/v2\/posts\/40712"}],"collection":[{"href":"https:\/\/speyer24news.com\/index.php?rest_route=\/wp\/v2\/posts"}],"about":[{"href":"https:\/\/speyer24news.com\/index.php?rest_route=\/wp\/v2\/types\/post"}],"author":[{"embeddable":true,"href":"https:\/\/speyer24news.com\/index.php?rest_route=\/wp\/v2\/users\/3"}],"replies":[{"embeddable":true,"href":"https:\/\/speyer24news.com\/index.php?rest_route=%2Fwp%2Fv2%2Fcomments&post=40712"}],"version-history":[{"count":1,"href":"https:\/\/speyer24news.com\/index.php?rest_route=\/wp\/v2\/posts\/40712\/revisions"}],"predecessor-version":[{"id":40720,"href":"https:\/\/speyer24news.com\/index.php?rest_route=\/wp\/v2\/posts\/40712\/revisions\/40720"}],"wp:featuredmedia":[{"embeddable":true,"href":"https:\/\/speyer24news.com\/index.php?rest_route=\/wp\/v2\/media\/25696"}],"wp:attachment":[{"href":"https:\/\/speyer24news.com\/index.php?rest_route=%2Fwp%2Fv2%2Fmedia&parent=40712"}],"wp:term":[{"taxonomy":"category","embeddable":true,"href":"https:\/\/speyer24news.com\/index.php?rest_route=%2Fwp%2Fv2%2Fcategories&post=40712"},{"taxonomy":"post_tag","embeddable":true,"href":"https:\/\/speyer24news.com\/index.php?rest_route=%2Fwp%2Fv2%2Ftags&post=40712"}],"curies":[{"name":"wp","href":"https:\/\/api.w.org\/{rel}","templated":true}]}}