{"id":40732,"date":"2021-09-23T07:08:08","date_gmt":"2021-09-23T06:08:08","guid":{"rendered":"https:\/\/speyer24news.com\/?p=40732"},"modified":"2021-09-23T07:08:10","modified_gmt":"2021-09-23T06:08:10","slug":"coronavirus-speyer-8","status":"publish","type":"post","link":"https:\/\/speyer24news.com\/?p=40732","title":{"rendered":"Coronavirus Speyer"},"content":{"rendered":"<style type=\"text\/css\">\r\n\t.ads_top_disp{}\r\n\t.ads_top_corner_disp{ float:left; margin:0px 10px 10px 0px; }\r\n\t.ads_first_p_disp{}\r\n\t.ads_bottom_disp{}\r\n\t<\/style>\n<h2 class=\"wp-block-heading\">Tagesaktuelle Fallzahlen f\u00fcr die Stadt Speyer vom Mittwoch (22.09.2021)<\/h2>\n\n\n\n<h3 class=\"wp-block-heading\">Speyer in Warnstufe 1<\/h3>\n\n\n\n<div class=\"wp-block-image\"><figure class=\"aligncenter\"><img decoding=\"async\" loading=\"lazy\" width=\"800\" height=\"400\" src=\"https:\/\/speyer24news.com\/wp-content\/uploads\/2020\/05\/virus-1812092_1920.jpg\" alt=\"\" class=\"wp-image-26778\" srcset=\"https:\/\/speyer24news.com\/wp-content\/uploads\/2020\/05\/virus-1812092_1920.jpg 800w, https:\/\/speyer24news.com\/wp-content\/uploads\/2020\/05\/virus-1812092_1920-300x150.jpg 300w, https:\/\/speyer24news.com\/wp-content\/uploads\/2020\/05\/virus-1812092_1920-768x384.jpg 768w\" sizes=\"(max-width: 800px) 100vw, 800px\" \/><\/figure><\/div>\n\n\n\n<p>Anzahl best\u00e4tigter F\u00e4lle von Coronavirus (SARS-CoV-2)-Infektionen in der Stadt Speyer: 3.264 (\u00a0+ 13\u00a0)<br>Davon hospitalisiert: 71 ( unver\u00e4ndert )<br>Davon bereits genesen: 2.901<br>Todesf\u00e4lle: 87 ( unver\u00e4ndert )<br>Gemeldete F\u00e4lle der letzten sieben Tage pro 100.000 Einwohner*innen (Inzidenz gem\u00e4\u00df LUA): 108,4 ( \u2013 5,9 )<\/p>\n\n\n\n<p><em>Landesuntersuchungsamt (LUA) Rheinland-Pfalz<br>23.09.2021<\/em><\/p>\n\n\n\n<h2 class=\"wp-block-heading\">Leitindikatoren zur Berechnung der Warnstufe<\/h2>\n\n\n\n<div class=\"wp-block-image\"><figure class=\"aligncenter\"><img decoding=\"async\" loading=\"lazy\" width=\"600\" height=\"600\" src=\"https:\/\/speyer24news.com\/wp-content\/uploads\/2021\/09\/Warnstufensystem-2G-.png\" alt=\"\" class=\"wp-image-40457\" srcset=\"https:\/\/speyer24news.com\/wp-content\/uploads\/2021\/09\/Warnstufensystem-2G-.png 600w, https:\/\/speyer24news.com\/wp-content\/uploads\/2021\/09\/Warnstufensystem-2G--300x300.png 300w, https:\/\/speyer24news.com\/wp-content\/uploads\/2021\/09\/Warnstufensystem-2G--150x150.png 150w\" sizes=\"(max-width: 600px) 100vw, 600px\" \/><\/figure><\/div>\n\n\n\n<figure class=\"wp-block-table\"><table><tbody><tr><td>&nbsp;<\/td><td>Leitindikator \u201eSieben-Tage-Inzidenz\u201c<\/td><td>Leitindikator \u201eSieben-Tage-Hospitalisierungs-Inzidenz\u201c<\/td><td>Anteil COVID-19 an Intensivkapazit\u00e4t (%)<\/td><\/tr><tr><td>Mittwoch, 22.09.2021<\/td><td>108,4<\/td><td>1,6<\/td><td>3,97<\/td><\/tr><tr><td>Dienstag, 21.09.2021<\/td><td>114,3<\/td><td>1,8<\/td><td>4,34<\/td><\/tr><tr><td>Montag, 20.09.2021<\/td><td>124,1<\/td><td>1,7<\/td><td>4,52<\/td><\/tr><tr><td>Sonntag, 19.09.2021<\/td><td>100,5<\/td><td>1,7<\/td><td>5,01<\/td><\/tr><tr><td>Samstag, 18.09.2021<\/td><td>102,5<\/td><td>1,8<\/td><td>5,19<\/td><\/tr><tr><td>Freitag, 17.09.2021<\/td><td>102,5<\/td><td>2,1<\/td><td>4,95<\/td><\/tr><tr><td>Donnerstag, 16.09.2021<\/td><td>130,1<\/td><td>2,2<\/td><td>4,83<\/td><\/tr><\/tbody><\/table><\/figure>\n\n\n\n<p>Der&nbsp;<strong>Leitindikator \u201eSieben-Tage-Inzidenz\u201c<\/strong>&nbsp;gibt an, wie schnell sich das Virus verbreitet. Unter \u201eSieben-Tage-Inzidenz\u201c wird die Anzahl der Neuinfektionen mit dem Coronavirus SARS-CoV-2 je 100&nbsp;000 Einwohnerinnen und Einwohner innerhalb von sieben Tagen f\u00fcr jeden Landkreis und jede kreisfreie Stadt verstanden.<\/p>\n\n\n\n<p>Der&nbsp;<strong>Leitindikator \u201eSieben-Tage-Hospitalisierungs-Inzidenz\u201c&nbsp;<\/strong>zeigt an, wie viele Schwererkrankte innerhalb eines Zeitraums von sieben Tagen neu station\u00e4r aufgenommen wurden. Der Leitindikator \u201eSieben-Tage-Hospitalisierungs-Inzidenz\u201c misst die Anzahl der neu aufgenommenen Hospitalisierungsf\u00e4lle mit COVID-19-Erkrankung je 100 000 Einwohnerinnen und Einwohner im Durchschnitt der letzten sieben Tagen bezogen auf ein Versorgungsgebiet gem\u00e4\u00df Krankenhausplan des Landes Rheinland-Pfalz 2019 bis 2025.<\/p>\n\n\n\n<p>Der&nbsp;<strong>Leitindikator \u201eAnteil Intensivbetten\u201c<\/strong>&nbsp;misst die Belastung des Gesundheitswesens. Er bestimmt sich nach dem prozentualen Anteil der mit COVID-19-Erkrankten belegten Intensivbetten an der Intensivbettenkapazit\u00e4t innerhalb des Landes Rheinland-Pfalz.<\/p>\n\n\n\n<p>Es gilt das&nbsp;<strong>2G+ System<\/strong>: Dieses regelt, wie viele nicht-immunisierte Personen sich gemeinsam im \u00f6ffentlichen Raum aufhalten, auf Veranstaltungen gehen oder \u00f6ffentliche Einrichtungen wie Kinos oder Konzerth\u00e4user besuchen d\u00fcrfen.&nbsp;F\u00fcr immunisierte Personen wird der Zutritt hingegen nicht reduziert.<\/p>\n\n\n\n<p>Speyer befindet sich aktuell in&nbsp;<strong>Warnstufe 1<\/strong>.&nbsp;<\/p>\n\n\n\n<p><em>Robert-Koch-Institut (RKI)<br>23.09.2021<\/em><\/p>\n\n\n\n<h2 class=\"wp-block-heading\">Regelungen und Beschr\u00e4nkungen bei Warnstufe 1<\/h2>\n\n\n\n<div class=\"wp-block-image\"><figure class=\"aligncenter\"><img decoding=\"async\" loading=\"lazy\" width=\"835\" height=\"1024\" src=\"https:\/\/speyer24news.com\/wp-content\/uploads\/2021\/09\/Warnstufe-1-Regelungen-835x1024.jpg\" alt=\"\" class=\"wp-image-40458\" srcset=\"https:\/\/speyer24news.com\/wp-content\/uploads\/2021\/09\/Warnstufe-1-Regelungen-835x1024.jpg 835w, https:\/\/speyer24news.com\/wp-content\/uploads\/2021\/09\/Warnstufe-1-Regelungen-245x300.jpg 245w, https:\/\/speyer24news.com\/wp-content\/uploads\/2021\/09\/Warnstufe-1-Regelungen-768x942.jpg 768w, https:\/\/speyer24news.com\/wp-content\/uploads\/2021\/09\/Warnstufe-1-Regelungen.jpg 862w\" sizes=\"(max-width: 835px) 100vw, 835px\" \/><\/figure><\/div>\n\n\n\n<p><em>Staatskanzlei Rheinland-Pfalz<br>23.09.2021<\/em><\/p>\n\n\n\n<h2 class=\"wp-block-heading\">Impfaktion des DRK auf der Maximilianstra\u00dfe<\/h2>\n\n\n\n<div class=\"wp-block-image\"><figure class=\"aligncenter size-large\"><img decoding=\"async\" loading=\"lazy\" width=\"800\" height=\"492\" src=\"https:\/\/speyer24news.com\/wp-content\/uploads\/2020\/11\/vaccine-4948463_1920.jpg\" alt=\"\" class=\"wp-image-31277\" srcset=\"https:\/\/speyer24news.com\/wp-content\/uploads\/2020\/11\/vaccine-4948463_1920.jpg 800w, https:\/\/speyer24news.com\/wp-content\/uploads\/2020\/11\/vaccine-4948463_1920-300x185.jpg 300w, https:\/\/speyer24news.com\/wp-content\/uploads\/2020\/11\/vaccine-4948463_1920-768x472.jpg 768w\" sizes=\"(max-width: 800px) 100vw, 800px\" \/><\/figure><\/div>\n\n\n\n<p>Am<strong> Sonntag, 26. September 2021 von 11 bis 17 Uhr<\/strong> bietet der DRK Kreisverband Speyer eine Impfaktion auf dem Platz vor dem B\u00fcrgerb\u00fcro Maximilianstra\u00dfe (ehemalige Sparkasse) an. Geimpft wird mit Johnson &amp; Johnson und BioNTech.<\/p>\n\n\n\n<p>Personen, die \u00e4lter als 80 Jahre sind oder solche, die in Alten- und Pflegeeinrichtungen sowie Einrichtungen der Eingliederungshilfe t\u00e4tig sind und deren (Zweit-)Impfung schon mindestens sechs Monate zur\u00fcckliegt, k\u00f6nnen vom DRK auch ihre Auffrischungsimpfung\/Drittimpfung erhalten.<\/p>\n\n\n\n<p>Anmeldungen sind nicht erforderlich. Geimpft werden k\u00f6nnen Erwachsene und Jugendliche ab 12 Jahren. Impfwillige werden gebeten, ihren Personalausweis oder Reisepass und wenn m\u00f6glich, auch den Impfpass mitzubringen.<\/p>\n\n\n\n<p>Sie haben die Wahl \u2013 gehen Sie impfen!<\/p>\n\n\n\n<p><em>Stadtverwaltung Speyer<br>23.09.2021<\/em><\/p>\n","protected":false},"excerpt":{"rendered":"<div class=\"mh-excerpt\"><p>Tagesaktuelle Fallzahlen f\u00fcr die Stadt Speyer vom Mittwoch (22.09.2021) Speyer in Warnstufe 1 Anzahl best\u00e4tigter F\u00e4lle von Coronavirus (SARS-CoV-2)-Infektionen in der Stadt Speyer: 3.264 (\u00a0+ 13\u00a0)Davon hospitalisiert: 71 ( unver\u00e4ndert )Davon bereits genesen: 2.901Todesf\u00e4lle: 87 <a class=\"mh-excerpt-more\" href=\"https:\/\/speyer24news.com\/?p=40732\" title=\"Coronavirus Speyer\">[&#8230;]<\/a><\/p>\n<\/div>","protected":false},"author":3,"featured_media":25126,"comment_status":"open","ping_status":"open","sticky":false,"template":"","format":"standard","meta":{"_monsterinsights_skip_tracking":false,"_monsterinsights_sitenote_active":false,"_monsterinsights_sitenote_note":"","_monsterinsights_sitenote_category":0,"footnotes":""},"categories":[11613],"tags":[6401,8404,6367,9176,9247,6940,8725,6359,6370,5904,6358,7003,5801,6342,11269,11270,12874,12881,6],"aioseo_notices":[],"amp_enabled":true,"_links":{"self":[{"href":"https:\/\/speyer24news.com\/index.php?rest_route=\/wp\/v2\/posts\/40732"}],"collection":[{"href":"https:\/\/speyer24news.com\/index.php?rest_route=\/wp\/v2\/posts"}],"about":[{"href":"https:\/\/speyer24news.com\/index.php?rest_route=\/wp\/v2\/types\/post"}],"author":[{"embeddable":true,"href":"https:\/\/speyer24news.com\/index.php?rest_route=\/wp\/v2\/users\/3"}],"replies":[{"embeddable":true,"href":"https:\/\/speyer24news.com\/index.php?rest_route=%2Fwp%2Fv2%2Fcomments&post=40732"}],"version-history":[{"count":1,"href":"https:\/\/speyer24news.com\/index.php?rest_route=\/wp\/v2\/posts\/40732\/revisions"}],"predecessor-version":[{"id":40733,"href":"https:\/\/speyer24news.com\/index.php?rest_route=\/wp\/v2\/posts\/40732\/revisions\/40733"}],"wp:featuredmedia":[{"embeddable":true,"href":"https:\/\/speyer24news.com\/index.php?rest_route=\/wp\/v2\/media\/25126"}],"wp:attachment":[{"href":"https:\/\/speyer24news.com\/index.php?rest_route=%2Fwp%2Fv2%2Fmedia&parent=40732"}],"wp:term":[{"taxonomy":"category","embeddable":true,"href":"https:\/\/speyer24news.com\/index.php?rest_route=%2Fwp%2Fv2%2Fcategories&post=40732"},{"taxonomy":"post_tag","embeddable":true,"href":"https:\/\/speyer24news.com\/index.php?rest_route=%2Fwp%2Fv2%2Ftags&post=40732"}],"curies":[{"name":"wp","href":"https:\/\/api.w.org\/{rel}","templated":true}]}}