{"id":40742,"date":"2021-09-23T07:54:41","date_gmt":"2021-09-23T06:54:41","guid":{"rendered":"https:\/\/speyer24news.com\/?p=40742"},"modified":"2021-09-23T07:54:44","modified_gmt":"2021-09-23T06:54:44","slug":"speyer-115","status":"publish","type":"post","link":"https:\/\/speyer24news.com\/?p=40742","title":{"rendered":"Speyer"},"content":{"rendered":"<style type=\"text\/css\">\r\n\t.ads_top_disp{}\r\n\t.ads_top_corner_disp{ float:left; margin:0px 10px 10px 0px; }\r\n\t.ads_first_p_disp{}\r\n\t.ads_bottom_disp{}\r\n\t<\/style>\n<h2 class=\"wp-block-heading\">Vierter Speyerer Abendbummel: Postgalerie Spezial<\/h2>\n\n\n\n<div class=\"wp-block-image\"><figure class=\"aligncenter size-large\"><img decoding=\"async\" loading=\"lazy\" width=\"800\" height=\"600\" src=\"https:\/\/speyer24news.com\/wp-content\/uploads\/2021\/09\/Postplatz-am-Abend-Klaus-Landry.jpg\" alt=\"\" class=\"wp-image-40743\" srcset=\"https:\/\/speyer24news.com\/wp-content\/uploads\/2021\/09\/Postplatz-am-Abend-Klaus-Landry.jpg 800w, https:\/\/speyer24news.com\/wp-content\/uploads\/2021\/09\/Postplatz-am-Abend-Klaus-Landry-300x225.jpg 300w, https:\/\/speyer24news.com\/wp-content\/uploads\/2021\/09\/Postplatz-am-Abend-Klaus-Landry-768x576.jpg 768w, https:\/\/speyer24news.com\/wp-content\/uploads\/2021\/09\/Postplatz-am-Abend-Klaus-Landry-678x509.jpg 678w, https:\/\/speyer24news.com\/wp-content\/uploads\/2021\/09\/Postplatz-am-Abend-Klaus-Landry-326x245.jpg 326w, https:\/\/speyer24news.com\/wp-content\/uploads\/2021\/09\/Postplatz-am-Abend-Klaus-Landry-80x60.jpg 80w\" sizes=\"(max-width: 800px) 100vw, 800px\" \/><\/figure><\/div>\n\n\n\n<p>Nach dem sehr erfolgreichen dritten Speyerer Abendbummel am vergangenen Freitag legt die Abteilung Wirtschaftsf\u00f6rderung, Stadtmarketing und Veranstaltungen der Stadtverwaltung umgehend mit der vierten Auflage des noch neuen Veranstaltungsformats nach \u2013 dieses Mal mit einem \u201ePostgalerie Spezial\u201c. Am <strong>Donnerstag, 14. Oktober 2021<\/strong>, erhalten alle Interessierten die Gelegenheit, einen Blick hinter die Kulissen der denkmalgesch\u00fctzten Fassade der ehemaligen Oberpostdirektion zu werfen und einen informativen und unterhaltsamen Abend zu erleben.\u00a0Mehrere Gesch\u00e4fte, die in der Postgalerie angesiedelt sind, werden zeigen,\u00a0was sie zu bieten haben\u00a0&#8211;\u00a0spannende Hintergrundinfos garantiert!<\/p>\n\n\n\n<p>Oberb\u00fcrgermeisterin Stefanie Seiler wird die Teilnehmenden am 14. Oktober 2021 um 18 Uhr auf dem Postplatz begr\u00fc\u00dfen und anschlie\u00dfend mit ihnen die beteiligten, aktuell noch geheimen Gesch\u00e4fte besuchen.<\/p>\n\n\n\n<p>Wer sich \u00fcberraschen lassen m\u00f6chte, kann sich ab sofort verbindlich zur Teilnahme am vierten Speyerer Abendbummel anmelden. Interessierte werden gebeten, sich unter Angabe von Name, Anschrift und Telefonnummer, per E-Mail an&nbsp;<a href=\"mailto:heidi.jester@stadt-speyer.de\" target=\"_blank\" rel=\"noreferrer noopener\">heidi.jester@stadt-speyer.de<\/a>&nbsp;zu wenden. Die Eintrittskarten werden mit der Post versandt.<\/p>\n\n\n\n<p>Aufgrund der coronabedingt geltenden Einschr\u00e4nkungen k\u00f6nnen maximal 36 Teilnehmer*innen mit von der Partie sein.\u00a0Schnell sein lohnt sich also!<\/p>\n\n\n\n<p><em>Text: Stadtverwaltung Speyer Foto: \u00a9 Klaus Landry<br>23.09.2021<\/em><\/p>\n","protected":false},"excerpt":{"rendered":"<div class=\"mh-excerpt\"><p>Vierter Speyerer Abendbummel: Postgalerie Spezial Nach dem sehr erfolgreichen dritten Speyerer Abendbummel am vergangenen Freitag legt die Abteilung Wirtschaftsf\u00f6rderung, Stadtmarketing und Veranstaltungen der Stadtverwaltung umgehend mit der vierten Auflage des noch neuen Veranstaltungsformats nach \u2013 <a class=\"mh-excerpt-more\" href=\"https:\/\/speyer24news.com\/?p=40742\" title=\"Speyer\">[&#8230;]<\/a><\/p>\n<\/div>","protected":false},"author":3,"featured_media":23902,"comment_status":"open","ping_status":"open","sticky":false,"template":"","format":"standard","meta":{"_monsterinsights_skip_tracking":false,"_monsterinsights_sitenote_active":false,"_monsterinsights_sitenote_note":"","_monsterinsights_sitenote_category":0,"footnotes":""},"categories":[9],"tags":[3283,8519,12940,8717,6,8518],"aioseo_notices":[],"amp_enabled":true,"_links":{"self":[{"href":"https:\/\/speyer24news.com\/index.php?rest_route=\/wp\/v2\/posts\/40742"}],"collection":[{"href":"https:\/\/speyer24news.com\/index.php?rest_route=\/wp\/v2\/posts"}],"about":[{"href":"https:\/\/speyer24news.com\/index.php?rest_route=\/wp\/v2\/types\/post"}],"author":[{"embeddable":true,"href":"https:\/\/speyer24news.com\/index.php?rest_route=\/wp\/v2\/users\/3"}],"replies":[{"embeddable":true,"href":"https:\/\/speyer24news.com\/index.php?rest_route=%2Fwp%2Fv2%2Fcomments&post=40742"}],"version-history":[{"count":1,"href":"https:\/\/speyer24news.com\/index.php?rest_route=\/wp\/v2\/posts\/40742\/revisions"}],"predecessor-version":[{"id":40744,"href":"https:\/\/speyer24news.com\/index.php?rest_route=\/wp\/v2\/posts\/40742\/revisions\/40744"}],"wp:featuredmedia":[{"embeddable":true,"href":"https:\/\/speyer24news.com\/index.php?rest_route=\/wp\/v2\/media\/23902"}],"wp:attachment":[{"href":"https:\/\/speyer24news.com\/index.php?rest_route=%2Fwp%2Fv2%2Fmedia&parent=40742"}],"wp:term":[{"taxonomy":"category","embeddable":true,"href":"https:\/\/speyer24news.com\/index.php?rest_route=%2Fwp%2Fv2%2Fcategories&post=40742"},{"taxonomy":"post_tag","embeddable":true,"href":"https:\/\/speyer24news.com\/index.php?rest_route=%2Fwp%2Fv2%2Ftags&post=40742"}],"curies":[{"name":"wp","href":"https:\/\/api.w.org\/{rel}","templated":true}]}}