{"id":40763,"date":"2021-09-23T09:48:12","date_gmt":"2021-09-23T08:48:12","guid":{"rendered":"https:\/\/speyer24news.com\/?p=40763"},"modified":"2021-09-23T09:48:13","modified_gmt":"2021-09-23T08:48:13","slug":"veranstaltungen-35","status":"publish","type":"post","link":"https:\/\/speyer24news.com\/?p=40763","title":{"rendered":"Veranstaltungen"},"content":{"rendered":"<style type=\"text\/css\">\r\n\t.ads_top_disp{}\r\n\t.ads_top_corner_disp{ float:left; margin:0px 10px 10px 0px; }\r\n\t.ads_first_p_disp{}\r\n\t.ads_bottom_disp{}\r\n\t<\/style>\n<h2 class=\"wp-block-heading\">26. Festival &#8222;Kulturbeutel&#8220; in Speyer vom 24.09. &#8211; 10.10.2021<\/h2>\n\n\n\n<div class=\"wp-block-image\"><figure class=\"aligncenter size-large\"><img decoding=\"async\" loading=\"lazy\" width=\"500\" height=\"704\" src=\"https:\/\/speyer24news.com\/wp-content\/uploads\/2021\/09\/Programm-Vorderseite.jpg\" alt=\"\" class=\"wp-image-40765\" srcset=\"https:\/\/speyer24news.com\/wp-content\/uploads\/2021\/09\/Programm-Vorderseite.jpg 500w, https:\/\/speyer24news.com\/wp-content\/uploads\/2021\/09\/Programm-Vorderseite-213x300.jpg 213w\" sizes=\"(max-width: 500px) 100vw, 500px\" \/><\/figure><\/div>\n\n\n\n<p>Am <strong>Freitag, den 24.09.2021<\/strong>\u00a0startet in Speyer bereits um 26. Mal das beliebte Kleinkunst-Festival\u00a0<strong>KULTURBEUTEL<\/strong>. Bis zum 10.10.2021 versorgen wir Sie t\u00e4glich mit lustigen, spannenden und bewegenden Theaterst\u00fccken, Bands, klassischer Musik, Kabarettist*innen und vielem mehr.<\/p>\n\n\n\n<p>Das Programm richtet sich an alle Altersklassen, besuchen k\u00f6nnen Sie uns jeweils zu\u00a0<strong>11:00 Uhr, 15:00 Uhr oder 20:00 Uhr Vorstellungen<\/strong>, freitags und samstags bieten wir zus\u00e4tzliche\u00a0<strong>\u201eNachtcaf\u00e9s\u201c ab 22:30 Uhr<\/strong>\u00a0an. Der\u00a0<strong>VVK f\u00fcr alle \u00f6ffentlichen Vorstellungen<\/strong>\u00a0um 15:00 Uhr und 20:00 Uhr findet \u00fcber\u00a0<strong><a href=\"http:\/\/www.reservix.de\">www.reservix.de<\/a>\u00a0<\/strong>oder bei allen \u00f6ffentlichen Reservix-Vorverkaufsstellen statt; in Speyer ist dies beispielsweise die Tourist-Information in der Maximilianstra\u00dfe 3. Sofern eine Vorstellung nicht ausverkauft ist, wird es immer eine\u00a0<strong>zus\u00e4tzliche Tages- bzw. Abendkasse<\/strong>\u00a0geben, an welcher Sie Tickets erwerben k\u00f6nnen. Diese \u00f6ffnet jeweils eine Stunde vor Vorstellungsbeginn.<\/p>\n\n\n\n<p>Geschlossene Vorstellungen an den Vormittagen f\u00fcr Kitas und Schulen k\u00f6nnen \u00fcber das Theaterb\u00fcro unter 06232 2890750 oder per Mail an reservierung@theater-speyer.de gebucht werden.<\/p>\n\n\n\n<p>Unsere\u00a0<strong>Hygienema\u00dfnahmen<\/strong>\u00a0beziehen sich w\u00e4hrend des Kulturbeutels auf\u00a0<strong>2G+<\/strong>\u00a0sowie einer\u00a0<strong>Testpflicht f\u00fcr alle Besucher*innen ab 4 Jahren<\/strong>. Gratis Lolli-Tests k\u00f6nnen vor Ort durchgef\u00fchrt werden; bei Bedarf bitten wir Sie entsprechend Zeit einzuplanen.<\/p>\n\n\n\n<h3 class=\"wp-block-heading\">Lesen sie hier das ausf\u00fchrliche Programm als pdf:<\/h3>\n\n\n\n<div class=\"wp-block-file\"><a href=\"https:\/\/speyer24news.com\/wp-content\/uploads\/2021\/09\/Programm-Rueckseite.pdf\">Programm-Rueckseite<\/a><a href=\"https:\/\/speyer24news.com\/wp-content\/uploads\/2021\/09\/Programm-Rueckseite.pdf\" class=\"wp-block-file__button\" download>Herunterladen<\/a><\/div>\n\n\n\n<p><em>Kinder- und Jugendtheater Speyer e. V.<br>23.09.2021<\/em><\/p>\n","protected":false},"excerpt":{"rendered":"<div class=\"mh-excerpt\"><p>26. Festival &#8222;Kulturbeutel&#8220; in Speyer vom 24.09. &#8211; 10.10.2021 Am Freitag, den 24.09.2021\u00a0startet in Speyer bereits um 26. Mal das beliebte Kleinkunst-Festival\u00a0KULTURBEUTEL. Bis zum 10.10.2021 versorgen wir Sie t\u00e4glich mit lustigen, spannenden und bewegenden Theaterst\u00fccken, <a class=\"mh-excerpt-more\" href=\"https:\/\/speyer24news.com\/?p=40763\" title=\"Veranstaltungen\">[&#8230;]<\/a><\/p>\n<\/div>","protected":false},"author":3,"featured_media":25668,"comment_status":"open","ping_status":"open","sticky":false,"template":"","format":"standard","meta":{"_monsterinsights_skip_tracking":false,"_monsterinsights_sitenote_active":false,"_monsterinsights_sitenote_note":"","_monsterinsights_sitenote_category":0,"footnotes":""},"categories":[13],"tags":[12941,4018,421,12785,1993,11824],"aioseo_notices":[],"amp_enabled":true,"_links":{"self":[{"href":"https:\/\/speyer24news.com\/index.php?rest_route=\/wp\/v2\/posts\/40763"}],"collection":[{"href":"https:\/\/speyer24news.com\/index.php?rest_route=\/wp\/v2\/posts"}],"about":[{"href":"https:\/\/speyer24news.com\/index.php?rest_route=\/wp\/v2\/types\/post"}],"author":[{"embeddable":true,"href":"https:\/\/speyer24news.com\/index.php?rest_route=\/wp\/v2\/users\/3"}],"replies":[{"embeddable":true,"href":"https:\/\/speyer24news.com\/index.php?rest_route=%2Fwp%2Fv2%2Fcomments&post=40763"}],"version-history":[{"count":1,"href":"https:\/\/speyer24news.com\/index.php?rest_route=\/wp\/v2\/posts\/40763\/revisions"}],"predecessor-version":[{"id":40766,"href":"https:\/\/speyer24news.com\/index.php?rest_route=\/wp\/v2\/posts\/40763\/revisions\/40766"}],"wp:featuredmedia":[{"embeddable":true,"href":"https:\/\/speyer24news.com\/index.php?rest_route=\/wp\/v2\/media\/25668"}],"wp:attachment":[{"href":"https:\/\/speyer24news.com\/index.php?rest_route=%2Fwp%2Fv2%2Fmedia&parent=40763"}],"wp:term":[{"taxonomy":"category","embeddable":true,"href":"https:\/\/speyer24news.com\/index.php?rest_route=%2Fwp%2Fv2%2Fcategories&post=40763"},{"taxonomy":"post_tag","embeddable":true,"href":"https:\/\/speyer24news.com\/index.php?rest_route=%2Fwp%2Fv2%2Ftags&post=40763"}],"curies":[{"name":"wp","href":"https:\/\/api.w.org\/{rel}","templated":true}]}}