{"id":40787,"date":"2021-09-24T08:39:01","date_gmt":"2021-09-24T07:39:01","guid":{"rendered":"https:\/\/speyer24news.com\/?p=40787"},"modified":"2021-09-24T08:39:04","modified_gmt":"2021-09-24T07:39:04","slug":"polizei-678","status":"publish","type":"post","link":"https:\/\/speyer24news.com\/?p=40787","title":{"rendered":"Polizei"},"content":{"rendered":"<style type=\"text\/css\">\r\n\t.ads_top_disp{}\r\n\t.ads_top_corner_disp{ float:left; margin:0px 10px 10px 0px; }\r\n\t.ads_first_p_disp{}\r\n\t.ads_bottom_disp{}\r\n\t<\/style>\n<h2 class=\"wp-block-heading\">Polizeimeldungen vom Donnerstag (23.09.2021)<\/h2>\n\n\n\n<div class=\"wp-block-image\"><figure class=\"aligncenter size-large\"><img decoding=\"async\" src=\"https:\/\/speyer24news.com\/wp-content\/uploads\/2019\/11\/Aktuelles-Polizeilogo.jpg\" alt=\"\" class=\"wp-image-21845\"\/><\/figure><\/div>\n\n\n\n<h2 class=\"wp-block-heading\">(Speyer) &#8211; Mit falschem 20er und gefl\u00fcchtet<\/h2>\n\n\n\n<p>Mit einem falschen 20-Euro-Schein hat ein Mann gestern um 13:30 Uhr in einem Restaurant am Anger bezahlt. Die Mitarbeiterin bemerkte die F\u00e4lschung erst, als sich der T\u00e4ter bereits entfernt hatte und verst\u00e4ndigte daraufhin die Polizei. Der Geldschein wurde in der Folge sichergestellt.<\/p>\n\n\n\n<p>Von dem fl\u00fcchtigen Mann liegt folgende Personenbeschreibung vor: etwa 190 cm gro\u00df, normale Statur, kurze dunkle Haare, gro\u00dfe dunkle Augen<\/p>\n\n\n\n<p>Hinweise von Zeugen, die den Mann kennen oder ihn auf seiner Flucht gegen 13.30 Uhr gesehen haben, werden gebeten, sich unter der Telefonnummer 06232\/137-0 bei der Polizei Speyer zu melden.<\/p>\n\n\n\n<h4 class=\"wp-block-heading\">Die Polizei r\u00e4t:<\/h4>\n\n\n\n<ul><li><strong>Pr\u00fcfen Sie bei der Entgegennahme von Banknoten diese immer auf Echtheit. Tipps woran Sie Falschgeld erkennen k\u00f6nnen, finden Sie im Internet auf der Seite\u00a0<a target=\"_blank\" href=\"http:\/\/www.polizei-beratung.de\/\" rel=\"noreferrer noopener\">www.polizei-beratung.de<\/a><\/strong><\/li><li><strong>Geben Sie das Falschgeld keinesfalls an denjenigen zur\u00fcck, von dem Sie es bekommen haben, beziehungsweise an andere Personen weiter. Sie setzen sich damit dem Risiko aus, wegen Falschgeldverbreitung bestraft zu werden.<\/strong><\/li><li><strong>\u00dcbergeben Sie das Falschgeld der Polizei. -Stecken Sie die Scheine in einen Briefumschlag oder in eine Papiert\u00fcte. Das Falschgeld sollte von so wenigen Personen wie m\u00f6glich angefasst werden, damit die Fingerabdr\u00fccke des T\u00e4ters nicht vernichtet werden.<\/strong><\/li><\/ul>\n\n\n\n<h2 class=\"wp-block-heading\">(Speyer) &#8211; Geldb\u00f6rse im Supermarkt gestohlen<\/h2>\n\n\n\n<div class=\"wp-block-image\"><figure class=\"aligncenter size-large\"><img decoding=\"async\" loading=\"lazy\" width=\"640\" height=\"426\" src=\"https:\/\/speyer24news.com\/wp-content\/uploads\/2020\/12\/Taschendiebstahl.jpg\" alt=\"\" class=\"wp-image-31455\" srcset=\"https:\/\/speyer24news.com\/wp-content\/uploads\/2020\/12\/Taschendiebstahl.jpg 640w, https:\/\/speyer24news.com\/wp-content\/uploads\/2020\/12\/Taschendiebstahl-300x200.jpg 300w\" sizes=\"(max-width: 640px) 100vw, 640px\" \/><\/figure><\/div>\n\n\n\n<p>Opfer eines sogenannten Taschendiebstahls wurde bereits am Dienstag zwischen 11:45 Uhr und 12:15 Uhr eine 83-J\u00e4hrige, als sich diese in einem Supermarkt in der Iggelheimer Stra\u00dfe befand. Obwohl die Seniorin ihre Handtasche verschlossen direkt am K\u00f6rper trug, gelang es einem Unbekannten den Rei\u00dfverschluss zu \u00f6ffnen und die Geldb\u00f6rse an sich zu nehmen.<\/p>\n\n\n\n<h4 class=\"wp-block-heading\">Taschendiebe nutzen meist das Gedr\u00e4nge, um ihre Opfer anzurempeln und ihnen die Geldb\u00f6rse zu stehlen. Die Polizei r\u00e4t:<\/h4>\n\n\n\n<ul><li><strong>Tragen Sie Geld, Schecks, Kreditkarten und Papiere immer in verschiedenen verschlossenen Innentaschen der Kleidung m\u00f6glichst dicht am K\u00f6rper.<\/strong><\/li><li><strong>Tragen Sie Hand- und Umh\u00e4ngetaschen verschlossen auf der K\u00f6rpervorderseite oder klemmen Sie sie sich unter den Arm.<\/strong><\/li><li><strong>Benutzen Sie einen Brustbeutel, eine G\u00fcrtelinnentasche, einen Geldg\u00fcrtel oder eine am G\u00fcrtel angekettete Geldb\u00f6rse.<\/strong><\/li><li><strong>Legen Sie Geldb\u00f6rsen nicht oben in Einkaufstasche, Einkaufskorb oder Einkaufswagen, sondern tragen Sie sie m\u00f6glichst k\u00f6rpernah.<\/strong><\/li><\/ul>\n\n\n\n<p>Auf der Homepage&nbsp;<a target=\"_blank\" href=\"http:\/\/www.polizei-beartung.de\/\" rel=\"noreferrer noopener\">www.polizei-beartung.de<\/a>&nbsp;finden Sie weitere Tricks, die Taschendiebe h\u00e4ufig anwenden, um an das Geld ihrer Opfer zu gelangen.<\/p>\n\n\n\n<h2 class=\"wp-block-heading\">(Speyer) &#8211; Fahrraddieb gestellt<\/h2>\n\n\n\n<p>Nachdem ihr angeschlossenes Fahrrad am 10.09.2021 Hauptbahnhof entwendet worden war, entdeckte die 57-j\u00e4hrige Gesch\u00e4digte dieses zuf\u00e4llig wieder bei einem Online Verkaufsportal. Durch polizeiliche Ermittlungen konnte der 17-j\u00e4hrige Verk\u00e4ufer identifiziert werden, der auch f\u00fcr den Diebstahl am 10.09.2021 verantwortlich war. Das Fahrrad konnte im Anschluss an die Ermittlungen der rechtm\u00e4\u00dfigen Besitzerin zur\u00fcckgegeben werden. Gegen den jungen Mann aus Mutterstadt wurde ein Strafverfahren eingeleitet.<\/p>\n\n\n\n<h2 class=\"wp-block-heading\">(Schifferstadt) &#8211; Polizei warnt vor betr\u00fcgerischen Anrufen<\/h2>\n\n\n\n<p>Am Abend des 22.09.2021 erhielten B\u00fcrger aus Mutterstadt, Limburgerhof, B\u00f6hl-Iggelheim und Dannstadt-Schauernheim betr\u00fcgerische Anrufe von angeblichen Polizeibeamten. All diese Anrufe dienten nur dazu, um Informationen \u00fcber das Verm\u00f6gen und eventuell vorhandene Bargeldbest\u00e4nde oder Wertgegenst\u00e4nde, die die vermeintlichen Opfer zu Hause aufbewahren, in Erfahrung zu bringen. Durch die Anrufer wurde die Standardmasche genutzt, dass in der Nachbarschaft eingebrochen wurde und nun weitere Einbr\u00fcche angeblich bevorst\u00fcnden. Zum Schutz k\u00f6nnen die Angerufenen ihre Wertsachen in polizeiliche Verwahrung geben. Die Angerufenen durchschauten alle die Betrugsmasche und beendeten das Telefonat. <\/p>\n\n\n\n<h4 class=\"wp-block-heading\">Beachten Sie daher die Tipps Ihrer Polizei, um sich vor Betr\u00fcgern am Telefon zu sch\u00fctzen:<\/h4>\n\n\n\n<ul><li>Die Polizei wird Sie niemals um Geldbetr\u00e4ge bitten oder dazu auffordern, Geld oder Wertsachen herauszugeben.<\/li><li>Die Polizei ruft Sie niemals unter der Polizeinotruf-Nummer 110 an. Das machen nur Betr\u00fcger. Sind Sie sich unsicher, fragen Sie bei Ihrer Polizeidienststelle nach. Benutzen Sie hierf\u00fcr nie die R\u00fcckruffunktion Ihres Telefons, sondern w\u00e4hlen Sie die Nummer selbst.<\/li><\/ul>\n\n\n\n<h2 class=\"wp-block-heading\">(Limburgerhof) &#8211; Trunkenheitsfahrt mit anschlie\u00dfender Ingewahrsamnahme<\/h2>\n\n\n\n<p>Am 22.09.2021, gegen 10:30 Uhr, teilt ein Mitarbeiter einer Firma mit, dass ein Kollege alkoholisiert Auto gefahren ist. Aktuell w\u00fcrde sich dieser im Bereich des Rheing\u00f6nheimer Wegs aufhalten. Vor Ort konnte der 52-j\u00e4hrige Autofahrer aus dem Gro\u00dfraum K\u00f6ln neben seinem Fahrzeug festgestellt werden. Bei dem Mann konnte deutlicher Alkoholgeruch festgestellt werden. Ein freiwillig durchgef\u00fchrter Atemalkoholtest ergab einen Wert von 3,38 Promille. Der Fahrer musste die Beamten zwecks einer Blutentnahme auf die Dienststelle begleiten. Hiernach verlie\u00df der Mann die Dienststelle, der F\u00fchrerschein wurde sichergestellt. Der Fahrzeugschl\u00fcssel wurde einem Berechtigten \u00fcbergeben. Gegen 13:15 Uhr wird auf einem Supermarktparkplatz in der Waldseer Stra\u00dfe in Schifferstadt eine aggressive Person mitgeteilt. Vor Ort stie\u00dfen die Beamten auf den 52-J\u00e4hrigen, welcher am Morgen bereits wegen einer Trunkenheitsfahrt aufgefallen ist. Trotz Aufforderung wollte der Mann den Parkplatz nicht verlassen, sodass dieser zur Durchsetzung des Platzverweises in Gewahrsam genommen wurde.<\/p>\n\n\n\n<h2 class=\"wp-block-heading\">(Neuhofen) &#8211; Unfall mit verletztem 4-j\u00e4hrigen Kind<\/h2>\n\n\n\n<p>Am Mittwochabend, gegen 18:30 Uhr, ereignete sich in der Rehh\u00fctter Stra\u00dfe ein Verkehrsunfall, bei dem ein 4-j\u00e4hriges Kind verletzt wurde. Das Kind wollte nach dem Spielen die Stra\u00dfenseite wechseln und wurde hierbei von einem 25-j\u00e4hrigen Autofahrer erfasst und leicht am Kopf verletzt. Das Kind wurde zur medizinischen Behandlung in ein Krankenhaus gebracht.<\/p>\n\n\n\n<h2 class=\"wp-block-heading\">(R\u00f6merberg) &#8211; Jugendliche Fu\u00dfg\u00e4ngerin nach Unfall mit Radfahrerin gesucht<\/h2>\n\n\n\n<p>Zu einem Verkehrsunfall unter Beteiligung einer 18-j\u00e4hrigen Radfahrerin aus R\u00f6merberg kam es heute um 07:40 Uhr in der Germersheimer Stra\u00dfe. Die junge Frau war in Richtung Speyer unterwegs, als eine Fu\u00dfg\u00e4ngerin von rechts, aus einer kleineren Personengruppe heraus die Germersheimer Stra\u00dfe betrat, um diese zu queren. Hierdurch kam es zur Kollision in deren Folge beide Unfallbeteiligten st\u00fcrzten. Die 18-J\u00e4hrige erlitt dabei leicht Verletzungen. Die Personalien der Fu\u00dfg\u00e4ngerin sind bislang nicht bekannt, da sich diese vom Unfallort entfernte. Die Polizei bittet die gesuchte Fu\u00dfg\u00e4ngerin im Alter von sch\u00e4tzungsweise 13-14 Jahren, die heute Morgen einen Zopf und beigefarbene Hosen trug, sich unter der Tel. 06232\/137-0 oder per Email bei der Polizei Speyer zu melden. Zeugen, welche die jugendliche Fu\u00dfg\u00e4ngerin kennen, den Unfall beobachtet haben oder sachdienliche Hinweise geben k\u00f6nnen, werden ebenfalls gebeten, sich mit der Polizei Speyer in Verbindung zu setzen.<\/p>\n\n\n\n<h2 class=\"wp-block-heading\">(Germersheim) &#8211; Opferstock in Kirche aufgebrochen<\/h2>\n\n\n\n<p>Am Mittwoch hebelten bislang unbekannte T\u00e4ter im Zeitraum von 15-18 Uhr den Opferstock der St. Jakobus Kirche in Germersheim auf. Daraus erbeuteten die T\u00e4ter einen geringen Bargeldbetrag. Die genaue Schadensh\u00f6he ist noch nicht bekannt. Wer in diesem Zusammenhang sachdienliche Hinweise geben kann, wird gebeten, sich mit der Polizeiinspektion Germersheim unter der Telefonnummer 07274-9580 oder per Mail:\u00a0<a href=\"mailto:pigermersheim@polizei.rlp.de\">pigermersheim@polizei.rlp.de<\/a>\u00a0in Verbindung zu setzen.<\/p>\n\n\n\n<h2 class=\"wp-block-heading\">(Bellheim) &#8211; 60.000 Euro ergaunert<\/h2>\n\n\n\n<figure class=\"wp-block-image size-large\"><img decoding=\"async\" loading=\"lazy\" width=\"800\" height=\"452\" src=\"https:\/\/speyer24news.com\/wp-content\/uploads\/2020\/05\/Datenklau2.jpg\" alt=\"\" class=\"wp-image-27113\" srcset=\"https:\/\/speyer24news.com\/wp-content\/uploads\/2020\/05\/Datenklau2.jpg 800w, https:\/\/speyer24news.com\/wp-content\/uploads\/2020\/05\/Datenklau2-300x170.jpg 300w, https:\/\/speyer24news.com\/wp-content\/uploads\/2020\/05\/Datenklau2-768x434.jpg 768w\" sizes=\"(max-width: 800px) 100vw, 800px\" \/><\/figure>\n\n\n\n<p>Mittwochmorgen gelang es Betr\u00fcgern, 60.000 Euro von einem 53-j\u00e4hrigen Mann aus Bellheim zu ergaunern. \u00dcber eine gef\u00e4lschte Email gelangten die T\u00e4ter an die Bankdaten ihres Opfers und t\u00e4tigten insgesamt 13 \u00dcberweisungen in H\u00f6he von 60.000 Euro ins Ausland. Wir warnen erneut vor dieser besonders dreisten Art der Online-Gauner: Mit dem Versand von Spam- E-Mails erschleichen sie sich geheime Zugangsinformationen, um dann unberechtigt an das Geld ihrer Opfer zu gelangen. Die E-Mails enthalten falsche Links, die ahnungslose Nutzer nicht wie gedacht auf die Homepage ihrer Bank, sondern auf die t\u00e4uschend echt nachgebauten Internetseiten der Betr\u00fcger f\u00fchrt.<\/p>\n\n\n\n<h2 class=\"wp-block-heading\">(S\u00fcdpfalz) &#8211; Warnmeldung der Polizeidirektion Landau<\/h2>\n\n\n\n<p>Die Polizeidirektion Landau m\u00f6chte Sie darauf hinweisen, dass es aktuell im Bereich Bellheim, R\u00fclzheim und Bad Bergzabern, vermehrt zu Anrufen bei \u00e4lteren Menschen kommt, bei denen es sich um Betrugsversuche im Bereich &#8220; falscher Polizeibeamter\/ Schockanruf&#8220; handeln k\u00f6nnte.<\/p>\n\n\n\n<ul><li><strong>Geben Sie am Telefon keine Auskunft \u00fcber Ihre pers\u00f6nlichen und finanziellen Verh\u00e4ltnisse oder andere sensible Daten.<\/strong><\/li><li><strong>\u00d6ffnen Sie unbekannten Personen nicht die T\u00fcr. Ziehen Sie gegebenenfalls eine Vertrauensperson hinzu, z. B. Nachbarn oder nahe Verwandte.<\/strong><\/li><li><strong>\u00dcbergeben Sie unbekannten Personen kein Geld oder Wertsachen.<\/strong><\/li><\/ul>\n\n\n\n<p>Wenden Sie sich an das \u00f6rtliche Polizeirevier. Erz\u00e4hlen Sie der Polizei von den Anrufen. Die Polizeidirektion Landau ist f\u00fcr Sie da! Telefonnummer: 06341-287-0 oder 06341-287-2010.<\/p>\n\n\n\n<h2 class=\"wp-block-heading\">(A 65 \/ Rastst\u00e4tte Pf\u00e4lzer Weinstra\u00dfe West) &#8211; Warum man Ingwertee nicht aus der Gl\u00fchweinflasche trinken sollte<\/h2>\n\n\n\n<div class=\"wp-block-image\"><figure class=\"aligncenter size-large\"><img decoding=\"async\" loading=\"lazy\" width=\"370\" height=\"1024\" src=\"https:\/\/speyer24news.com\/wp-content\/uploads\/2021\/09\/transparent-1096185_1920-370x1024.png\" alt=\"\" class=\"wp-image-40788\" srcset=\"https:\/\/speyer24news.com\/wp-content\/uploads\/2021\/09\/transparent-1096185_1920-370x1024.png 370w, https:\/\/speyer24news.com\/wp-content\/uploads\/2021\/09\/transparent-1096185_1920-108x300.png 108w, https:\/\/speyer24news.com\/wp-content\/uploads\/2021\/09\/transparent-1096185_1920.png 500w\" sizes=\"(max-width: 370px) 100vw, 370px\" \/><\/figure><\/div>\n\n\n\n<p>Am 23.09.2021 erging gegen 18 Uhr Mitteilung \u00fcber eine Person, welche sich auf dem Parkplatz der Pf\u00e4lzer Weinstra\u00dfe West in einem PKW Audi befinden und auf dem Fahrersitz aus einer Flasche Korn trinken w\u00fcrde. Der 68 &#8211; j\u00e4hrige Audi-Fahrer konnte vor Ort angetroffen werden. Der Sachverhalt stellte sich jedoch anders dar als von der aufmerksamen Anruferin gemeldet: Hiernach kochte sich der 68 &#8211; j\u00e4hrige Audi-Fahrer zu Hause einen Ingwertee. Da er das Hei\u00dfgetr\u00e4nk verst\u00e4ndlicherweise nicht in eine Plastikflasche f\u00fcllen wollte, f\u00fcllte er den Ingwertee in eine leere Gl\u00fchweinflasche um und trank aus dieser auf der Rastst\u00e4tte. Die Angaben des Teeliebhabers konnten mittels eines vor Ort durchgef\u00fchrten Alco-Tests verifiziert werden. Der Audi-Fahrer durfte dann ohne Beanstandung seine Fahrt fortsetzen.<\/p>\n\n\n\n<h2 class=\"wp-block-heading\">(Rhodt) &#8211; Betrunken mit dem Fahrrad gest\u00fcrzt<\/h2>\n\n\n\n<p>Am 23.09.2021 befuhren gegen 19:20 Uhr die 56-j\u00e4hrige Fahrradfahrerin und der 64-j\u00e4hrige Fahrradfahrer aus K\u00f6ln die L512 von Rhodt in Richtung Edenkoben. Die 56-j\u00e4hrige wollte in einen Wirtschaftsweg abbiegen, hierbei kam es zur Kollision mit ihrem 64-j\u00e4hrigen Lebensgef\u00e4hrten, sodass dieser st\u00fcrzte. Einen Helm trug der Fahrradfahrer nicht. Unfallurs\u00e4chlich d\u00fcrfte hierbei auch die Alkoholisierung des Fahrradfahrers gewesen sein, ein vor Ort durchgef\u00fchrter Alco-Test ergab einen Wert von 1,15 Promille. Der Fahrradfahrer zog sich durch den Sturz neben Sch\u00fcrfwunden vermutlich eine Fraktur des Schl\u00fcsselbeins zu. Er wurde mit einem Rettungswagen zur weiteren Behandlung in ein umliegendes Krankenhaus verbracht. Dort wurde ihm auch eine Blutprobe entnommen. Er wird sich in einem Strafverfahren wegen Trunkenheit im Verkehr verantworten m\u00fcssen.<\/p>\n\n\n\n<h2 class=\"wp-block-heading\">(Edenkoben) &#8211; 15 Fahrer zu schnell<\/h2>\n\n\n\n<p>Am 23.09.2021 im Zeitraum von 16:25 Uhr &#8211; 17:25 Uhr eine Geschwindigkeitsmessung in der Weinstra\u00dfe in Edenkoben in H\u00f6he des dortigen Schulzentrums durchgef\u00fchrt. 15 Fahrer mussten beanstandet werden und wurden geb\u00fchrenpflichtig verwarnt. Der Spitzenreiter im negativen Sinne wurde mit 49 km\/h bei erlaubten 30 km\/h gemessen.<\/p>\n\n\n\n<h2 class=\"wp-block-heading\">(Edenkoben) &#8211; E-Scooter nicht versichert<\/h2>\n\n\n\n<p>Soeben konnte am 23.09.2021 um 16:10 Uhr in der Luitpoldstra\u00dfe in Edenkoben eine 17-j\u00e4hrige fahrend auf einem E-Scooter festgestellt werden. Eine erforderliche Haftpflichtversicherung f\u00fcr den E-Scooter bestand nicht. Ein Strafverfahren wegen Versto\u00dfes gegen das Pflichtversicherungsgesetz wurde eingeleitet. Der E-Scooter wurde sichergestellt und die 17-j\u00e4hrige wurde an ihre Wohnanschrift verbracht.<\/p>\n\n\n\n<p>Was viele nicht wissen: Es gilt die Verordnung der Elektrokleinstfahrzeuge (eKFV), die besagt, dass Elektro-Tretroller nicht schneller als 20 km\/h im \u00f6ffentlichen Stra\u00dfenverkehr fahren d\u00fcrfen. Elektro-Tretroller mit einer bauartbedingten H\u00f6chstgeschwindigkeit von mehr als 20 km\/h fallen nicht mehr unter die eKFV, mit der Folge, dass der Fahrer im Besitz einer entsprechenden Fahrerlaubnis sein muss. Zudem muss an dem Scooter ein Versicherungskennzeichen angebracht sein. Noch ein Hinweis der Polizei: Es gelten bei E-Scooter die gleichen Promillegrenzen wie f\u00fcr Autofahrer!<\/p>\n\n\n\n<h2 class=\"wp-block-heading\">(Edenkoben) &#8211; Polizei l\u00e4sst sich nicht t\u00e4uschen<\/h2>\n\n\n\n<p>Ein 40 Jahre alter Autofahrer wurde Mittwochabend (22.09.2021, 20.45 Uhr) in der Luitpoldstra\u00dfe kontrolliert und h\u00e4ndigte zun\u00e4chst die Fahrerlaubnis seines Mitfahrers aus. Wegen eines Versehens hatte er dann anschlie\u00dfend die Personalien seines Bruders angegeben und verwickelte sich dabei andauernd in mehrere Widerspr\u00fcche. Anhand seines Personalausweises wurde dann festgestellt, dass dem Fahrer bereits 2019 die Fahrerlaubnis entzogen wurde, weil der unter Drogeneinfluss am \u00f6ffentlichen Stra\u00dfenverkehr teilnahm. Jetzt kann sich der Mann aus dem Kreisgebiet erneut auf ein Strafverfahren einstellen.<\/p>\n\n\n\n<h2 class=\"wp-block-heading\">(Neustadt) &#8211; Verkehrsbeeintr\u00e4chtigung durch Demonstration am 24.09.21<\/h2>\n\n\n\n<p>Am 24.09.2021 wird es aufgrund eines Aufzugs im Zeitraum von etwa 14:00 Uhr bis 16:00 Uhr zu kurzzeitigen Sperrungen im Innenstadtbereich von Neustadt kommen. Insbesondere werden auch die B39 zwischen Hetzelstra\u00dfe und Exterstra\u00dfe und im weiteren Verlauf die Achse Exterstra\u00dfe\/Karl-Helfferich-Stra\u00dfe gesperrt werden m\u00fcssen. Die B38 (Anschlussstelle NW-Nord &#8211; Kaiserslautern) ist hingegen in beiden Fahrtrichtungen von der Demonstration nicht beeintr\u00e4chtigt. Zum Schutz der Versammlungsteilnehmenden und zur Minimierung der Verkehrsbeeintr\u00e4chtigungen werden sowohl Beschilderungen als auch Regelungen durch die Polizei eingesetzt. Die Polizei bittet um regelkonformes und verst\u00e4ndnisvolles Verhalten.<\/p>\n\n\n\n<h2 class=\"wp-block-heading\">(Ha\u00dfloch) &#8211; Fr\u00fch morgens mit 1,37 Promille unterwegs&#8230;<\/h2>\n\n\n\n<p>&#8230;war am Mittwoch um 7:10 Uhr der Fahrer eines Opels in der Hauptstra\u00dfe. Weil der Fahrer eine &#8222;Fahne&#8220; hatte, veranlassten Beamten einen Alkoholtest. Dem 41-J\u00e4hrigen aus dem Rhein-Pfalz-Kreis wurde eine Blutprobe entnommen. Er muss sich wegen Trunkenheit im Verkehr verantworten. Bereits vor vier Jahren war er betrunken mit einem Auto unterwegs, als er einen Unfall verursachte und fl\u00fcchtete. Die Fahrerlaubnis wurde ihm damals entzogen. Vor anderthalb Jahren erhielt er seinen F\u00fchrerschein zur\u00fcck, den die Polizei nun erneut kassierte.<\/p>\n\n\n\n<h2 class=\"wp-block-heading\">(Bad D\u00fcrkheim) &#8211; Ladendieb entwendet Parfum im Wert von \u00fcber 2.000 Euro<\/h2>\n\n\n\n<p>Am 22.09.21 um 14.30 Uhr teilte eine Mitarbeiterin eines Drogeriemarktes in Bad D\u00fcrkheim in der Weinstra\u00dfe S\u00fcd mit, dass sie soeben einen Mann beobachtet hatte, der mehrere Parfumflakons in eine Papiert\u00fcte gesteckt und das Gesch\u00e4ft ohne zu Zahlen verlassen hatte. Eine \u00dcberpr\u00fcfung des Warenbestandes ergab, dass die entwendeten Flakons einen Wert von \u00fcber 2.000 Euro haben. <\/p>\n\n\n\n<h4 class=\"wp-block-heading\">Der T\u00e4ter wurde wie folgt beschrieben: <\/h4>\n\n\n\n<ul><li><strong>ca. 170 cm gro\u00df<\/strong><\/li><li><strong>Anfang 20<\/strong><\/li><li><strong>kurze braune Haare<\/strong><\/li><li><strong>Er trug ein lang\u00e4rmeliges, helles Oberteil und eine dunkelblaue &#8222;Fischerm\u00fctze&#8220; ohne Aufdruck. <\/strong><\/li><\/ul>\n\n\n\n<ul><li><strong>Die Mitarbeiterin gab an, dass der T\u00e4ter in der Vergangenheit schon mehrmals in ihrem Markt Waren eingekauft und diese auch bezahlt habe. Es sei ihr deshalb bekannt, dass er an einem seiner Oberarme ein Tattoo habe. <\/strong><\/li><\/ul>\n\n\n\n<p>Wer kann Hinweise zum T\u00e4ter geben? Hinweise bitte an die Polizeiinspektion Bad D\u00fcrkheim unter der Telefonnummer 06322 &#8211; 9630 oder per E-Mail\u00a0<a href=\"mailto:pibadduerkheim@polizei.rlp.de\">pibadduerkheim@polizei.rlp.de<\/a>.<\/p>\n\n\n\n<h2 class=\"wp-block-heading\">(Gr\u00fcnstadt) &#8211; Unter Kokain-Einfluss auf Autobahn unterwegs<\/h2>\n\n\n\n<p>Einen unter Kokain-Einfluss stehenden Autofahrer hielten Polizeibeamte der Polizeiautobahnstation Ruchheim am 22.09.2021, um 17.25 Uhr, auf der A6, H\u00f6he Anschlussstelle Gr\u00fcnstadt an. Bei der Kontrolle des 41-j\u00e4hrigen Mercedes-Fahrers bemerkten die Beamten Anzeichen einer Drogenbeeinflussung. Der durchgef\u00fchrte Urintest, best\u00e4tigte den Verdacht, der Mann stand unter dem Einfluss von Kokain und THC.<\/p>\n\n\n\n<p>Dem Mann wurde eine Blutprobe entnommen und ein Ermittlungsverfahren wegen Versto\u00df gegen das Bet\u00e4ubungsmittelgesetz und Trunkenheit im Stra\u00dfenverkehr eingeleitet.<\/p>\n\n\n\n<h2 class=\"wp-block-heading\">(Frankenthal) &#8211; Sachbesch\u00e4digung an Pkw<\/h2>\n\n\n\n<p>Der Gesch\u00e4digte stellte seinen Pkw Skoda Superb am 22.09.2021 im Albrecht-D\u00fcrer-Ring, H\u00f6he Hausnummer 9, ab. Durch eine Zeugin wurde ihm zugetragen, dass sie gegen 21.15 Uhr gesehen h\u00e4tte, wie eine:<\/p>\n\n\n\n<ul><li><strong>m\u00e4nnliche Person<\/strong><\/li><li><strong>etwa 60 bis 70 Jahre alt<\/strong><\/li><li><strong>etwa 170 cm gro\u00df<\/strong><\/li><li><strong>Brille<\/strong><\/li><li><strong>kurze braune Haare<\/strong><\/li><li><strong>h\u00e4tte einen braunen Pullover getragen und braune Schuhe, <\/strong><\/li><\/ul>\n\n\n\n<p>seinen Pkw besch\u00e4digt h\u00e4tte. Bei der Anzeigenaufnahme konnten dann Kratzer auf der Fahrerseite festgestellt werden. Der Schaden wird auf etwa 600 Euro gesch\u00e4tzt.<\/p>\n\n\n\n<p>Zeugen werden gebeten sich an die Polizeiinspektion Frankenthal unter der Tel.-Nr.: 06233\/313-0 oder an die Polizeiwache Maxdorf unter der Tel.-Nr.: 06237\/934-1100 zu wenden. Gerne nehmen wir Ihre Hinweise auch per E-Mail unter\u00a0<a href=\"mailto:pifrankenthal@polizei.rlp.de\">pifrankenthal@polizei.rlp.de<\/a>\u00a0entgegen.<\/p>\n\n\n\n<h2 class=\"wp-block-heading\">(Ludwigshafen) &#8211; Parteib\u00fcro mit Farbbeuteln beschmiert \/ Zeugen gesucht<\/h2>\n\n\n\n<p>Am 22.09.2021, gegen 23:00 Uhr, verschmierten mehrere schwarz gekleidete und vermummte Personen das B\u00fcrgerb\u00fcro einer Partei in der Ludwigstra\u00dfe mit roter Lackfarbe. Anschlie\u00dfend zogen sich die unbekannten T\u00e4ter in dunkle Bereiche der Umgebung zur\u00fcck, zogen sich andere Kleidung an und fl\u00fcchteten dann in unterschiedliche Richtungen. Vor Ort stellten die von einem Zeugen informierten Polizeibeamten Reste von Farbbomben sicher. Der Schaden am B\u00fcrgerb\u00fcro wird auf etwa 1.000 Euro gesch\u00e4tzt. Zudem entstand durch die rote Lackfarbe ein erheblicher Schaden am B\u00fcrgersteig.<\/p>\n\n\n\n<p>Zeugen, die etwas gesehen haben und Hinweise auf die unbekannten T\u00e4ter geben k\u00f6nnen, werden gebeten, sich bei der Kriminalpolizei Ludwigshafen unter der Telefonnummer 0621\/963-2773 oder per E-Mail&nbsp;<a href=\"mailto:kiludwigshafen.k1.kdd@polizei.rlp.de\">kiludwigshafen.k1.kdd@polizei.rlp.de<\/a>&nbsp;zu melden.<\/p>\n\n\n\n<h2 class=\"wp-block-heading\">(Ludwigshafen) &#8211; Jugendliche mit Bet\u00e4ubungsmitteln<\/h2>\n\n\n\n<p>Am 22.09.2021, gegen 19:10 Uhr, wurden ein 16-J\u00e4hriger, ein 17-J\u00e4hriger sowie zwei 14-j\u00e4hrige M\u00e4dchen im Bereich unter der Hochstra\u00dfe Nord Richtung Kornspeicher einer Personenkontrolle unterzogen. W\u00e4hrend der Kontrolle warf der 16-J\u00e4hrige eine kleine T\u00fcte hinter sich. Als die Polizeibeamten sie aufhoben, stellten sie fest, das sich darin Bet\u00e4ubungsmittel befanden. Nachdem der 16-J\u00e4hrige trotz mehrfacher Aufforderung nicht die H\u00e4nde aus den Taschen nahm, in denen er etwas zu verstecken schien, fesselten die Polizeibeamte ihn aus Eigensicherungsgr\u00fcnden. Dagegen wehrte sich der 16-J\u00e4hrige und er versuchte, einen Polizeibeamten in den Schwitzkasten zu nehmen. Der 16-J\u00e4hrige wurde daraufhin mit zur Dienststelle genommen. Auch eines der 14-j\u00e4hrigen M\u00e4dchen wurde mit zur Dienststelle genommen, da sie w\u00e4hrend des Geschehens einen der eingesetzten Polizeibeamten beleidigte und sich respektlos gegen\u00fcber allen eingesetzten Polizeibeamten verhielt. Zudem wurde auch der 17-J\u00e4hrige mit zur Dienststelle genommen, da auch er Bet\u00e4ubungsmittel bei sich hatte. Nach Durchf\u00fchrung der erforderlichen Ma\u00dfnahmen wurden die drei Jugendlichen ihren Erziehungsberechtigten \u00fcbergeben. Durch die Widerstandshandlung des 16-J\u00e4hrigen wurde ein Polizeibeamter leicht verletzt.<\/p>\n\n\n\n<h2 class=\"wp-block-heading\">(Ludwigshafen) &#8211; 72-J\u00e4hrige f\u00e4llt nicht auf Enkeltrickbetrug per WhatsApp herein<\/h2>\n\n\n\n<p>Am 20.09.2021, gegen 17:45 Uhr, wurde eine 72-J\u00e4hrige aus Ludwigshafen von einer ihr nicht bekannten Rufnummer per WhatsApp angeschrieben. Dabei t\u00e4uschte der Schreiber oder die Schreiberin vor, die Tochter der Seniorin zu sein. Die vermeintliche Tochter teilte der 72-J\u00e4hrige mit, dass sie 1.500 Euro brauche, da sie ansonsten mit einem Inkassounternehmen Probleme bekomme. Die Seniorin nahm daraufhin vorbildlich Kontakt mit ihrer richtigen Tochter auf unter der ihr bekannten Telefonnummer. Nachdem diese ihr mitteilte, dass sie ihr keine WhatsApp mit einer Zahlungsbitte geschickt hatte, meldete die 72-J\u00e4hrige den Vorfall der Polizei.<\/p>\n\n\n\n<p>Die Polizei warnt ausdr\u00fccklich vor Enkeltrickbetr\u00fcgern &#8211; sowohl am Telefon als auch auf Social Media Plattformen.<\/p>\n\n\n\n<p>Seien Sie misstrauisch, wenn sich Personen als Ihre Verwandte ausgeben und nach Geld fragen. Vergewissern Sie sich, ob der Bittsteller wirklich ein Verwandter ist: Rufen Sie die jeweilige Person unter der bisher bekannten und benutzten Nummer an und lassen Sie sich den Sachverhalt best\u00e4tigen.<\/p>\n\n\n\n<p>Informieren Sie sofort die Polizei, wenn Ihnen etwas verd\u00e4chtig vorkommt. Obwohl schon viele B\u00fcrgerinnen und B\u00fcrger sensibilisiert sind, gelingt es den Betr\u00fcgern in Einzelf\u00e4llen immer wieder, Geld zu erlangen. Wir bitten deshalb die B\u00fcrgerinnen und B\u00fcrger: Sprechen Sie mit Ihren Eltern und Gro\u00dfeltern, mit Ihren Freunden und Bekannten und mit Ihren Nachbarn \u00fcber dieses Ph\u00e4nomen. Sind Sie bereits Opfer eines Betruges geworden, zeigen Sie die Tat unbedingt bei der Polizei an.<\/p>\n\n\n\n<h2 class=\"wp-block-heading\">(Mannheim-Neuostheim) &#8211; Scheibe von Auto eingeschlagen und Laptop entwendet<\/h2>\n\n\n\n<p>Am Mittwoch zwischen 18:30 Uhr und 20:30 Uhr schlug ein bislang unbekannter T\u00e4ter am Paul-Martin-Ufer die Scheibe eines dort geparkten Autos ein und entwendete einen Laptop, der sich in einer Tasche im Auto befand. Zeugen, die die Tat beobachtet haben oder Hinweise auf den T\u00e4ter geben k\u00f6nnen, werden gebeten, sich unter der Telefonnummer 0621-174-3310 beim Polizeirevier Mannheim-Oststadt zu melden.<\/p>\n\n\n\n<h2 class=\"wp-block-heading\">(Mannheim-Friesenheimer Insel) &#8211; Unbekannte Diebe stehlen Baumaschinen \/ Zeugen gesucht!<\/h2>\n\n\n\n<p>Im Zeitraum zwischen Dienstag, gegen 18 Uhr, und Mittwoch, gegen 06 Uhr, schlugen unbekannte T\u00e4ter bei zwei Baustellenfahrzeugen, welche in der Diffenestra\u00dfe abgestellt waren, die Heckscheiben ein und entwendeten mehrere Baumaschinen aus den Fahrzeugen. Sie erbeuteten folgende Maschinen:<\/p>\n\n\n\n<ul><li><strong>Akku-Nagelbolzenger\u00e4t der Marke HILTI<\/strong><\/li><li><strong>Zwei Akku-Schlagbohrer der Marke MAKITA<\/strong><\/li><li><strong>Akku-Trennschleifer der Marke MAKITA<\/strong><\/li><\/ul>\n\n\n\n<p>Der entstandene Schaden bel\u00e4uft sich auf mehrere Tausend Euro. Zeugen, die verd\u00e4chtige Wahrnehmungen gemacht haben, werden gebeten, sich unter der Telefonnummer 0621\/3301-0 beim Polizeirevier Mannheim-Neckarstadt zu melden.<\/p>\n\n\n\n<h2 class=\"wp-block-heading\">(Mannheim-K\u00e4fertal) &#8211; Unbekannte entwenden Auto mit Keyless-Go-System \/ Polizei sucht Zeugen<\/h2>\n\n\n\n<p>Unbekannte T\u00e4ter entwendeten in der Nacht von Dienstag auf Mittwoch im Stadtteil K\u00e4fertal ein mit Keyless-Go-System ausgestattetes Auto. Nach derzeitigem Erkenntnisstand wurde das Fahrzeug der Marke Toyota, Modell C-HR in der Zeit zwischen 0 Uhr und 8 Uhr durch unbekannte T\u00e4ter entwendet. Das Auto war vor dem Anwesen der Gesch\u00e4digten in der Saarbr\u00fccker Stra\u00dfe abgestellt. Nach deren Aussage hatten diese den Hauptschl\u00fcssel w\u00e4hrend des Tatzeitraums bei sich, der Ersatzschl\u00fcssel war abstrahlsicher im Haus gelagert.<\/p>\n\n\n\n<p>Der Wert des Fahrzeugs wird auf rund 15.000 Euro gesch\u00e4tzt.<\/p>\n\n\n\n<p>Zeugen, die im angegebenen Zeitraum verd\u00e4chtige Wahrnehmungen gemacht haben und sachdienliche Hinweise zu den T\u00e4tern geben k\u00f6nnen, werden gebeten, sich beim Kriminaldauerdienst der Kriminalpolizeidirektion Heidelberg, Tel.: 0621\/174-4444 zu melden.<\/p>\n\n\n\n<h2 class=\"wp-block-heading\">(Heidelberg) &#8211; Bergheimer Stra\u00dfe nach Verkehrsunfall gesperrt<\/h2>\n\n\n\n<h3 class=\"has-text-align-center wp-block-heading\">Pressemeldung Nr. 1<\/h3>\n\n\n\n<p>Nach einen Verkehrsunfall zwischen einem Pkw und einem Motorradfahrer ist die Bergheimer Stra\u00dfe in Heidelberg, Fahrtrichtung Czernyring, aktuell gesperrt. Einsatz- und Rettungskr\u00e4fte sind derzeit vor Ort. Auch der \u00d6PNV ist von den Ma\u00dfnahmen betroffen. Es wird nachberichtet.<\/p>\n\n\n\n<h2 class=\"wp-block-heading\">(Heidelberg) &#8211; Bergheimer Stra\u00dfe nach Verkehrsunfall wieder freigegeben<\/h2>\n\n\n\n<h3 class=\"has-text-align-center wp-block-heading\">Pressemeldung Nr. 2<\/h3>\n\n\n\n<p>Nach einem Verkehrsunfall zwischen einem Pkw und einem Motorradfahrer auf der Bergheimer Stra\u00dfe gegen 16.35 Uhr, wurde ein Motorradfahrer schwer verletzt. F\u00fcr die Dauer des Rettungseinsatzes war die Bergheimer Stra\u00dfe in H\u00f6he der Haltestelle &#8222;Altes Hallendbad&#8220; bis 17.24 Uhr einseitig gesperrt. Der Motorradfahrer wurde in ein nahegelegenes Krankenhaus eingeliefert. Weitere Informationen liegen aktuell noch nicht vor. Es wird nachberichtet.<\/p>\n\n\n\n<h2 class=\"wp-block-heading\">(Heidelberg) &#8211; Ein Verletzter bei Unfall zwischen Transporter und Stra\u00dfenbahn \/ 20.000.- Euro Schaden<\/h2>\n\n\n\n<p>Ein Verletzter und ein Sachschaden von rund 20.000.- Euro ist die Bilanz eines Verkehrsunfalls, der sich am Donnerstagvormittag in der Bergheimer Stra\u00dfe ereignete.<\/p>\n\n\n\n<p>Kurz nach 9 Uhr war der 55-j\u00e4hrige Fahrer eines Peugeot-Boxer in Richtung Bismarckplatz unterwegs, als in H\u00f6he der Kirchstra\u00dfe nach links abbiegen wollte. Dabei \u00fcbersah er beim Passieren des Gleisbereichs eine Stra\u00dfenbahn, die ebenfalls in Richtung Innenstadt fuhr. Durch den Zusammensto\u00df wurden sowohl das Fahrzeug des Verursachers, als auch die Stra\u00dfenbahn stark besch\u00e4digt.<\/p>\n\n\n\n<p>W\u00e4hrend die Bahn selbst\u00e4ndig ins Depot gefahren werden konnte, musste der Peugeot abgeschleppt werden. Der 55-J\u00e4hrige zog sich bei dem Zusammensto\u00df leichte Prellungen zu.<\/p>\n\n\n\n<p>Die Fahrbahn in Richtung Bismarckplatz war f\u00fcr rund eine Stunde bis kurz nach 10 Uhr gesperrt.<\/p>\n\n\n\n<h2 class=\"wp-block-heading\">(Schwetzingen \/ Rhein-Neckar-Kreis) &#8211; LKW auf Bahn\u00fcbergang festgefahren und Schranke besch\u00e4digt \/ Fahrzeug fl\u00fcchtig &#8211; Zeugen gesucht<\/h2>\n\n\n\n<p>Am Mittwochabend fuhr sich auf einem Bahn\u00fcbergang in Schwetzingen ein Lastwagen fest und besch\u00e4digte die dortigen Halbschranken. Nach derzeitigem Ermittlungsstand war der Lastwagen kurz vor 21 Uhr, trotz bestehender Durchfahrtsverbot f\u00fcr Lkw auf der Grenzh\u00f6fer Stra\u00dfe in Richtung Plankstadt unterwegs. Aufgrund der wegen einer Baustelle ge\u00e4nderten Verkehrsf\u00fchrung konnte der Lastwagen nach dem Bahn\u00fcbergang seine Fahrt nicht fortsetzen und blieb auf den Gleisen stehen. Die sich schlie\u00dfenden Halbschranken verkeilten sich daraufhin zwischen F\u00fchrerhaus und Anh\u00e4nger oder Auflieger. Ein Zeuge, der diesen Vorgang beobachtet hatte, verst\u00e4ndigte umgehend die Polizei.<\/p>\n\n\n\n<p>Durch die Bundespolizei wurde die Sperrung der Strecke f\u00fcr den Bahnverkehr veranlasst. Bis zum Eintreffen einer Streifenbesatzzung des Polizeireviers Schwetzingen hatte sich der Lastwagen bereits wieder von der \u00d6rtlichkeit entfernt. Offenbar war es dem Fahrer bei der n\u00e4chsten \u00d6ffnung der Schranke gelungen r\u00fcckw\u00e4rts von den Gleisen zu fahren, zu wenden und anschlie\u00dfend davonzufahren.<\/p>\n\n\n\n<p>Zur \u00dcberpr\u00fcfung der Funktionsf\u00e4higkeit des Bahn\u00fcbergangs kamen der Notfallmanager der Deutschen Bahn sowie ein Signaltechniker vor Ort. Nach Abschluss der \u00dcberpr\u00fcfung konnte gegen 21.30 Uhr die Strecke wieder freigegeben werden. Es war Sachschaden in H\u00f6he von rund 1.000 Euro entstanden.<\/p>\n\n\n\n<p>Zeugen, die sachdienliche zum verursachenden Lastwagen und dessen Fahrer geben k\u00f6nnen, werden gebeten, sich beim Polizeirevier Schwetzingen, Tel.: 06202\/288-0 zu melden.<\/p>\n\n\n\n<h2 class=\"wp-block-heading\">(A 5 \/ St. Leon-Rot \/ Rhein-Neckar-Kreis) &#8211; Schwerer Unfall am Stauende<\/h2>\n\n\n\n<p>Mehr als 17.000 Euro Sachschaden, ein Schwerverletzter und ein totalbesch\u00e4digter Klein-Lkw &#8211; so lautet die Bilanz eines Verkehrsunfalls auf der Autobahn 5 am Donnerstagmittag. Der 20-j\u00e4hrige Fahrer eines Renault Bus fuhr gegen 11.15 Uhr zwischen der Ausfahrt Kronau und dem Walldorfer Kreuz auf den Lkw eines 49-J\u00e4hrigen auf, der am Ende es eines Staus stand. Ein Ausweichman\u00f6ver des jungen Fahrers in letzter Sekunde konnte den Aufprall nicht mehr verhindern, so dass das F\u00fchrerhaus des Renault total zerst\u00f6rt wurde. Der 20-J\u00e4hrige konnte das Fahrzeug noch selbst verlassen, kam aber anschlie\u00dfend schwer verletzt in ein Krankenhaus. Der Lkw-Fahrer sowie seine Beifahrerin blieben unverletzt. W\u00e4hrend der Unfallaufnahme sowie der anschlie\u00dfenden Bergungs- und Reinigungsarbeiten war der rechte Fahrstreifeng gesperrt. Es bildete sich ein Stau von bis zu 7 Km L\u00e4nge.<\/p>\n\n\n\n<h2 class=\"wp-block-heading\">(Bammental \/ Rhein-Neckar-Kreis) &#8211; VW-Golf besch\u00e4digt und weitergefahren; Zeugen gesucht<\/h2>\n\n\n\n<p>Ein bislang unbekannter Autofahrer besch\u00e4digte einen VW-Golf, der zwischen Montag, 19.10 Uhr und Dienstag, 16.30 Uhr, an der Wiesenbacher Landstra\u00dfe, H\u00f6he Anwesen Nr. 19 geparkt war. Anschlie\u00dfend fuhr er weiter, ohne sich um den Schaden in H\u00f6he von rund 4.000.- Euro zu k\u00fcmmern.<\/p>\n\n\n\n<p>Aufgrund des Schadensbildes d\u00fcrfte das Fahrzeug des Verursachers ebenfalls erheblich besch\u00e4digt sein.<\/p>\n\n\n\n<p>Hinweise bitte an das Polizeirevier Neckargem\u00fcnd, Tel.: 06223\/9254-0.<\/p>\n\n\n\n<h2 class=\"wp-block-heading\">(Helmstadt-Bargen \/ Rhein-Neckar-Kreis) &#8211; Schwerer Verkehrsunfall auf B 292; Unfallhergang noch unklar; Sperrung in Richtung Aglasterhausen<\/h2>\n\n\n\n<h3 class=\"has-text-align-center wp-block-heading\">Pressemitteilung Nr. 1<\/h3>\n\n\n\n<p>Wegen eines schweren Verkehrsunfalls bei Helmstadt ist die B 292 derzeit in Richtung Aglasterhausen gesperrt. Der Verkehr in Richtung Sinsheim l\u00e4uft z\u00e4hfl\u00fcssig. Es kommt zu erheblichen Behinderungen im Fr\u00fchverkehr.<\/p>\n\n\n\n<p>Der Unfall ereignete sich kurz vor 7 Uhr an der Einm\u00fcndung Bahnhofstra\u00dfe (L 530).<\/p>\n\n\n\n<p>\u00dcber den Unfallhergang, die Anzahl der beteiligten Fahrzeuge und verletzter Personen, liegen noch keine Informationen. Die Rettungsdienste sind im Einsatz.<\/p>\n\n\n\n<h2 class=\"wp-block-heading\">(Helmstadt-Bargen \/ Rhein-Neckar-Kreis) &#8211; Schwerer Verkehrsunfall auf B 292; zwei Schwerverletzte<\/h2>\n\n\n\n<h3 class=\"has-text-align-center wp-block-heading\">Pressemitteilung Nr. 2<\/h3>\n\n\n\n<p>Nach den derzeitigen Erkenntnissen wurden bei dem Verkehrsunfall auf der B 292 bei Helmstadt zwei Personen schwer verletzt. Sie wurden nach ihren not\u00e4rztlichen Versorgungen bereits mit Rettungswagen in eine Klinik gebracht.<\/p>\n\n\n\n<p>Wie die ersten Ermittlungen ergaben, war ein Autofahrer aus Richtung Aglasterhausen, kurz vor 7 Uhr, von der B 292 nach links in die Bahnhofstra\u00dfe (L 530) abgebogen und hatte dabei ein entgegenkommendes Fahrzeug \u00fcbersehen.<\/p>\n\n\n\n<p>Die Unfallstelle ist derzeit blockiert. Polizeibeamte regeln den Verkehr, der abwechselnd in beide Fahrtrichtungen an der Unfallstelle vorbeigeleitet wird.<\/p>\n\n\n\n<p>Es kommt dennoch zu erheblichen Verkehrsbehinderungen und weitreichenden R\u00fcckstaus in beide Richtungen, sodass ein weitr\u00e4umiges Umfahren empfohlen wird. Die Behinderungen werden noch eine l\u00e4ngere Zeit andauern.<\/p>\n\n\n\n<h2 class=\"wp-block-heading\">(Helmstadt-Bargen \/ Rhein-Neckar-Kreis) &#8211; Schwerer Verkehrsunfall auf B 292; zwei Schwerverletzte<\/h2>\n\n\n\n<h3 class=\"has-text-align-center wp-block-heading\">Pressemitteilung Nr. 3<\/h3>\n\n\n\n<p>Die Teilsperrung der B 292 nach einem Verkehrsunfall, der sich am Donnerstagmorgen, kurz vor 7 Uhr, bei Helmstadt ereignete, ist seit 9.30 Uhr -nach Reinigung der Fahrbahn- wieder aufgehoben.<\/p>\n\n\n\n<p>Ein 35-j\u00e4hriger Mitsubishi-Fahrer war aus Richtung Aglasterhausen kommend nach links in die Bahnhofstra\u00dfe (L 530) abgebogen und hatte dabei einen entgegenkommenden 21-j\u00e4hrigen Opel-Fahrer \u00fcbersehen.<\/p>\n\n\n\n<p>Durch die Kollision wurden beide Autofahrer schwer verletzt. Sie wurden nach ihren not\u00e4rztlichen Behandlungen mit Rettungswagen in die Kliniken nach Mosbach und Sinsheim transportiert.<\/p>\n\n\n\n<p>Beide Fahrzeuge wurden total besch\u00e4digt und mussten abgeschleppt werden. Der Sachschaden betr\u00e4gt nach ersten Sch\u00e4tzungen rund 30.000.- Euro.<\/p>\n\n\n\n<h2 class=\"wp-block-heading\">(Sch\u00f6nau-Lindenbach \/ Rhein-Neckar-Kreis) &#8211; Schwerer Motorradunfall; Biker und Sozia schwer verletzt<\/h2>\n\n\n\n<p>Am Donnerstagnachmittag ereignete sich auf der L 535 zwischen Neckarsteinach und Sch\u00f6nau ein Verkehrsunfall, bei dem ein Motorradfahrer und seine Sozia schwer verletzt wurden.<\/p>\n\n\n\n<p>Kurz vor 13 Uhr war der 44-j\u00e4hrige Fahrer eines 3,5 Tonners auf der L 535 in Richtung Sch\u00f6nau unterwegs. Als er an der Einm\u00fcndung in Richtung des Ortsteils Lindenbach nach links abbiegen wollte, \u00fcbersah er den entgegenkommenden Motorradfahrer und stie\u00df mit ihm zusammen.<\/p>\n\n\n\n<p>Dabei wurden der 62-j\u00e4hrige Biker sowie seine 64-j\u00e4hrige Sozia schwer verletzt. Nach ihrer not\u00e4rztlichen Behandlung wurde bei mit Rettungswagen in eine Klinik gebracht.<\/p>\n\n\n\n<p>Das Motorrad wurde abgeschleppt. Der Sachschaden betr\u00e4gt mehrere tausend Euro.<\/p>\n\n\n\n<p>W\u00e4hrend der Unfallaufnahme war die L 535 bis gegen 14.30 Uhr halbseitig gesperrt. Der Verkehr wurde an der Unfallstelle vorbeigeleitet.<\/p>\n\n\n\n<h2 class=\"wp-block-heading\">(Weinheim \/ Rhein-Neckar-Kreis) &#8211; Zwei E-Bikes aus Tiefgarage gestohlen \/ Wer hat verd\u00e4chtige Beobachtungen gemacht?<\/h2>\n\n\n\n<p>Unbekannte T\u00e4ter stahlen in der Nach von Dienstag auf Mittwoch aus einer Tiefgarage in Weinheim zwei hochwertige E-Bikes. Der Besitzer stellte die beiden R\u00e4der gegen 20.30 Uhr auf seinem Stellplatz in der Tiefgarage in der Grundelbachstra\u00dfe ab und sicherte sie mit stabilen Faltschl\u00f6ssern. Zus\u00e4tzlich entfernte er an einem der R\u00e4der die Bedieneinheit. Als er am n\u00e4chsten Morgen, kurz nach 8 Uhr zu dem Stellplatz zur\u00fcckkehrte, waren die beiden E-Bikes verschwunden.<\/p>\n\n\n\n<h4 class=\"wp-block-heading\">Die R\u00e4der werden wie folgt beschrieben:<\/h4>\n\n\n\n<ul><li><strong>Mountainbike der Marke Lapierre, Modell HT700I, Yamaha-Motor, schwarzer Rahmen mit roten Pedalen und roten und wei\u00dfen Highlights am Rahmen, Wert rund 2.200 Euro<\/strong><\/li><li><strong>Hollandrad der Marke Velodeville, Modell AEB490, Bosch-Motor, mintgr\u00fcner Rahmen mit schwarzen Pedalen und Fahrradkorb, Wert ca. 3.000 Euro.<\/strong><\/li><\/ul>\n\n\n\n<p>Zeugen beobachteten gegen 23 Uhr einen jungen Mann und eine Frau, wie sie zun\u00e4chst ein Fahrrad in ein Auto luden und davon fuhren. Als diese wenige Minuten sp\u00e4ter zur\u00fcckkehrten und ein weiteres Fahrrad in das Auto luden, sprachen die Zeugen die zwei Personen an. Daraufhin verlie\u00dfen diese panikartig die \u00d6rtlichkeit. Nach Angaben der Zeugen war an dem Fahrzeug kein Kennzeichen angebracht.<\/p>\n\n\n\n<p>Weitere Zeugen, die ved\u00e4chtige Wahrnehmungen gemacht haben und sachdienliche Hinweise zu den T\u00e4tern geben k\u00f6nnen, werden gebeten, sich beim Polizeirevier Weinheim, Tel.: 06201\/1003-0 zu melden.<\/p>\n","protected":false},"excerpt":{"rendered":"<div class=\"mh-excerpt\"><p>Polizeimeldungen vom Donnerstag (23.09.2021) (Speyer) &#8211; Mit falschem 20er und gefl\u00fcchtet Mit einem falschen 20-Euro-Schein hat ein Mann gestern um 13:30 Uhr in einem Restaurant am Anger bezahlt. Die Mitarbeiterin bemerkte die F\u00e4lschung erst, als <a class=\"mh-excerpt-more\" href=\"https:\/\/speyer24news.com\/?p=40787\" title=\"Polizei\">[&#8230;]<\/a><\/p>\n<\/div>","protected":false},"author":3,"featured_media":26162,"comment_status":"open","ping_status":"open","sticky":false,"template":"","format":"standard","meta":{"_monsterinsights_skip_tracking":false,"_monsterinsights_sitenote_active":false,"_monsterinsights_sitenote_note":"","_monsterinsights_sitenote_category":0,"footnotes":""},"categories":[12],"tags":[3614,702,61,2555,6955,6986,6263,63,105,11150,6987,53,4854,4683,1548,4905,102,213,55,6368,5261,103,106,2803,2423,427,2625,380,62,104,979,1565],"aioseo_notices":[],"amp_enabled":true,"_links":{"self":[{"href":"https:\/\/speyer24news.com\/index.php?rest_route=\/wp\/v2\/posts\/40787"}],"collection":[{"href":"https:\/\/speyer24news.com\/index.php?rest_route=\/wp\/v2\/posts"}],"about":[{"href":"https:\/\/speyer24news.com\/index.php?rest_route=\/wp\/v2\/types\/post"}],"author":[{"embeddable":true,"href":"https:\/\/speyer24news.com\/index.php?rest_route=\/wp\/v2\/users\/3"}],"replies":[{"embeddable":true,"href":"https:\/\/speyer24news.com\/index.php?rest_route=%2Fwp%2Fv2%2Fcomments&post=40787"}],"version-history":[{"count":1,"href":"https:\/\/speyer24news.com\/index.php?rest_route=\/wp\/v2\/posts\/40787\/revisions"}],"predecessor-version":[{"id":40789,"href":"https:\/\/speyer24news.com\/index.php?rest_route=\/wp\/v2\/posts\/40787\/revisions\/40789"}],"wp:featuredmedia":[{"embeddable":true,"href":"https:\/\/speyer24news.com\/index.php?rest_route=\/wp\/v2\/media\/26162"}],"wp:attachment":[{"href":"https:\/\/speyer24news.com\/index.php?rest_route=%2Fwp%2Fv2%2Fmedia&parent=40787"}],"wp:term":[{"taxonomy":"category","embeddable":true,"href":"https:\/\/speyer24news.com\/index.php?rest_route=%2Fwp%2Fv2%2Fcategories&post=40787"},{"taxonomy":"post_tag","embeddable":true,"href":"https:\/\/speyer24news.com\/index.php?rest_route=%2Fwp%2Fv2%2Ftags&post=40787"}],"curies":[{"name":"wp","href":"https:\/\/api.w.org\/{rel}","templated":true}]}}