{"id":40879,"date":"2021-09-26T06:25:27","date_gmt":"2021-09-26T05:25:27","guid":{"rendered":"https:\/\/speyer24news.com\/?p=40879"},"modified":"2021-09-26T06:49:56","modified_gmt":"2021-09-26T05:49:56","slug":"polizei-680","status":"publish","type":"post","link":"https:\/\/speyer24news.com\/?p=40879","title":{"rendered":"Polizei"},"content":{"rendered":"<style type=\"text\/css\">\r\n\t.ads_top_disp{}\r\n\t.ads_top_corner_disp{ float:left; margin:0px 10px 10px 0px; }\r\n\t.ads_first_p_disp{}\r\n\t.ads_bottom_disp{}\r\n\t<\/style>\n<h2 class=\"wp-block-heading\">Polizeimeldungen vom Samstag (25.09.2021)<\/h2>\n\n\n\n<div class=\"wp-block-image\"><figure class=\"aligncenter size-large\"><img decoding=\"async\" src=\"https:\/\/speyer24news.com\/wp-content\/uploads\/2019\/11\/Aktuelles-Polizeilogo.jpg\" alt=\"\" class=\"wp-image-21845\"\/><\/figure><\/div>\n\n\n\n<h2 class=\"wp-block-heading\">(Speyer) &#8211; Trunkenheitsfahrt<\/h2>\n\n\n\n<p>Am Freitagabend gegen 22.00 Uhr wurde ein PKW Peugeot einer allgemeinen Verkehrskontrolle unterzogen. Im Rahmen der Kontrolle konnte Alkoholgeruch ausgehend von dem Fahrzeugf\u00fchrer wahrgenommen werden. Ein freiwilliger Atemalkoholtest ergab einen Wert von 0,73 Promille. Der 60-j\u00e4hrige Fahrzeugf\u00fchrer wurde zur Durchf\u00fchrung eines gerichtsverwertbaren Atemalkoholtests zur hiesigen Dienststelle verbracht. Gegen ihn wurde ein Ordnungswidrigkeitenverfahren eingeleitet. Die Weiterfahrt wurde ihm untersagt.<\/p>\n\n\n\n<h2 class=\"wp-block-heading\">(Speyer) &#8211; Trunkenheitsfahrt II<\/h2>\n\n\n\n<p>Am Freitagabend gegen 21.00 Uhr wurde ein PKW in der Industriestra\u00dfe einer Verkehrskontrolle unterzogen. Im Rahmen der Kontrolle konnten anhand motorischer Tests drogentypische Hinweise bei dem Fahrzeugf\u00fchrer festgestellt werden. Gegen den 37-J\u00e4hrigen wurde ein Ordnungswidrigkeitenverfahren eingeleitet. Ihm wurde eine Blutprobe entnommen. Die Weiterfahrt wurde untersagt.<\/p>\n\n\n\n<h2 class=\"wp-block-heading\">(Speyer) &#8211; Fahren ohne Versicherungsschutz<\/h2>\n\n\n\n<p>Am Freitagabend kurz nach 19.00 Uhr wurde die Streife auf einen E-Scooter aufmerksam, da dieser ohne Versicherungskennzeichen die Wormser Landstra\u00dfe entlang fuhr. F\u00fcr den E-Scooter bestand kein Versicherungsschutz. Dem 14-J\u00e4hrigen Fahrzeugf\u00fchrer wurde die Weiterfahrt untersagt. Ein Strafverfahren wegen des Versto\u00dfes gegen das Pflichtversicherungsgesetz wurde eingeleitet.<\/p>\n\n\n\n<h2 class=\"wp-block-heading\">(Speyer) &#8211; Verkehrsunfall mit leicht verletztem Kind<\/h2>\n\n\n\n<p>Zu einem Verkehrsunfall zwischen einem PKW und einem Fahrrad kam es am Freitagnachmittag gegen 16:20 Uhr. Ein 51-j\u00e4hriger PKW-Fahrer befuhr die Armbruststra\u00dfe in Speyer, als pl\u00f6tzlich ein Kind mit seinem Fahrrad von rechts die Fahrbahn \u00fcberquerte. Durch eine schnelle Reaktion seitens des PKW-Fahrers kam es lediglich zu einem leichten Zusammensto\u00df zwischen dem PKW und dem Fahrrad. Die 9-j\u00e4hrige Radfahrerin kam dennoch zu Fall und zog sich Sch\u00fcrfwunden zu. Sie wurde vorsorglich in ein Krankenhaus verbracht. An PKW und Fahrrad entstand zus\u00e4tzlich ein geringer Sachschaden in H\u00f6he von ca. 250 Euro.<\/p>\n\n\n\n<h2 class=\"wp-block-heading\">(Speyer) &#8211; Versto\u00df gegen das Bet\u00e4ubungsmittelgesetz<\/h2>\n\n\n\n<p>Mit einem Strafverfahren wegen eines Versto\u00dfes gegen das Bet\u00e4ubungsmittelgesetz muss ein 59-j\u00e4hriger Speyerer rechnen. Dieser wurde am Freitag gegen 15:30 Uhr in der Industriestra\u00dfe in Speyer einer Personenkontrolle unterzogen. Von diesem ausgehend war ein &#8222;auff\u00e4lliger&#8220; Geruch wahrnehmbar, der von ca. 50 Gramm Marihuana im Fahrradkorb ausging, welche beschlagnahmt wurden. Bei einer anschlie\u00dfenden Wohnungsdurchsuchung wurden weitere 5 Gramm Bet\u00e4ubungsmittel aufgefunden.<\/p>\n\n\n\n<h2 class=\"wp-block-heading\">(Speyer) &#8211; Seltener Fahrgast<\/h2>\n\n\n\n<div class=\"wp-block-image\"><figure class=\"aligncenter size-large\"><img decoding=\"async\" loading=\"lazy\" width=\"800\" height=\"533\" src=\"https:\/\/speyer24news.com\/wp-content\/uploads\/2021\/09\/pullet-4472880_1920.jpg\" alt=\"\" class=\"wp-image-40881\" srcset=\"https:\/\/speyer24news.com\/wp-content\/uploads\/2021\/09\/pullet-4472880_1920.jpg 800w, https:\/\/speyer24news.com\/wp-content\/uploads\/2021\/09\/pullet-4472880_1920-300x200.jpg 300w, https:\/\/speyer24news.com\/wp-content\/uploads\/2021\/09\/pullet-4472880_1920-768x512.jpg 768w\" sizes=\"(max-width: 800px) 100vw, 800px\" \/><\/figure><\/div>\n\n\n\n<p>Eine seltsame Entdeckung wurde hiesiger Polizeidienststelle am Freitagmittag gegen 14:30 Uhr mitgeteilt. Eine Frau sorgte sich in der Tullastra\u00dfe um ein in einem Fahrzeug befindliches Huhn, welches frei in diesem herumlief. Es wurde Kontakt zu dem Fahrzeughalter aufgenommen. Dieser konnte sich nicht erkl\u00e4ren, wie das fremde Huhn in sein Fahrzeug gekommen war. Das Huhn konnte zur\u00fcck zu seinen Artgenossen gebracht werden.<\/p>\n\n\n\n<h2 class=\"wp-block-heading\">(Speyer) &#8211; Verkehrsunfall mit Personenschaden und hohem Sachschaden<\/h2>\n\n\n\n<p>Zu einem Verkehrsunfall mit drei beteiligten PKW kam es am Freitag gegen 14.00 Uhr in der Auestra\u00dfe. Ein 32-j\u00e4hriger Fahrer eines BMW befuhr die Auestra\u00dfe in Fahrtrichtung Franz-Kirrmeier-Stra\u00dfe. Auf H\u00f6he der Einm\u00fcndung zur Hofweide wollte er nach links in diese abbiegen. Hierbei \u00fcbersah er den entgegenkommenden vorfahrtsberechtigten eines 59-j\u00e4hrigen Mercedes-Fahrers. Es kam zum Frontalzusammensto\u00df beider PKW, wodurch der 59-j\u00e4hrige verletzt wurde. Er wurde in ein nahegelegenes Krankenhaus verbracht. Der BMW schleuderte nach dem Zusammensto\u00df gegen einen weiteren bis dahin unbeteiligten Renault Twingo. Bei den Fahrzeugen der Hauptbeteiligten entstand erheblicher Sachschaden von insgesamt 35.000 Euro.<\/p>\n\n\n\n<p>Ein auf dem Beifahrersitz des Mercedes befindlicher Hund wurde durch den Aufprall in die Windschutzscheibe des PKW geschleudert, blieb aber unverletzt. Der BMW sowie der Mercedes waren nicht mehr fahrbereit und mussten abgeschleppt werden. Durch die Feuerwehr wurde die Fahrbahn aufgrund ausgelaufener Betriebsstoffe gereinigt.<\/p>\n\n\n\n<h2 class=\"wp-block-heading\">(Speyer) &#8211; Erl\u00f6schen der Betriebserlaubnis<\/h2>\n\n\n\n<p>Am Freitagmorgen gegen 11.00 Uhr sollte in der K\u00e4mmererstra\u00dfe ein PKW einer Verkehrskontrolle unterzogen werden, da der Fahrzeugf\u00fchrer verbotswidrig ein Mobiltelefon nutzte. Im Rahmen der Verkehrskontrolle stellte die Polizeistreife fest, dass \u00c4nderungen an den Felgen des BMW vorgenommen wurden, hierf\u00fcr aber keine g\u00fcltige \u00c4nderungsabnahme vorlag. Gegen den 21-j\u00e4hrigen Fahrzeugf\u00fchrer wurde ein Ordnungswidrigkeitenverfahren eingeleitet.<\/p>\n\n\n\n<h2 class=\"wp-block-heading\">(Speyer) &#8211; Fahrradkontrollen<\/h2>\n\n\n\n<p>Durch eine Streifenwagenbesatzung wurden am Freitagmorgen gegen 09.00 Uhr verst\u00e4rkte Verkehrskontrollen in der Wormser Landstra\u00dfe durchgef\u00fchrt. Das Hauptaugenmerk lag hierbei auf Fahrradfahrern. Es wurden 20 Radfahrer kontrolliert, wovon 5 den falschen Radweg benutzten. Diese wurden in einem verkehrserzieherischen Gespr\u00e4ch auf ihr Fehlverhalten und die damit verbundenen m\u00f6glichen Gefahren hingewiesen.<\/p>\n\n\n\n<h2 class=\"wp-block-heading\">(Speyer) &#8211; Einbruch in Firma<\/h2>\n\n\n\n<p>Zu einem Einbruch in eine Firma im Neudeck in Speyer kam es in der Nacht zum Freitag gegen 04.00 Uhr. Unbekannte T\u00e4ter verschafften sich hierbei \u00fcber ein Frontfenster gewaltsam Zutritt zu den B\u00fcror\u00e4umen. Hierdurch entstand Sachschaden in unbekannter H\u00f6he. Entwendet wurde nach erster \u00dcberpr\u00fcfung des Inhabers nichts. Hinweise zu verd\u00e4chtigen Personen oder Fahrzeugen bitte an die Polizei Speyer unter der Telefonnummer 06232\/137-0 oder per E-Mail unter&nbsp;<a href=\"mailto:pispeyer@polizei.rlp.de\">pispeyer@polizei.rlp.de<\/a>.<\/p>\n\n\n\n<h2 class=\"wp-block-heading\">(R\u00f6merberg) &#8211; Geldwechselfalle<\/h2>\n\n\n\n<p>Zum Opfer eines Betrugs wurde eine 58-j\u00e4hrige Frau aus R\u00f6merberg. Diese wurde am Freitag gegen 15.00 Uhr in der Dr.-Rieth-Stra\u00dfe durch einen ihr unbekannten Mann angesprochen. Dieser habe sich zun\u00e4chst nach einem Zigarettenautomat erkundigen wollen. Anschlie\u00dfend habe er die Frau darum gebeten, einen 20-Euro-Schein in zwei 10-Euro-Scheine zu wechseln. Dies habe die Frau guten Glaubens gemacht. Bei Begutachtung des nun erhaltenen 20-Euro-Scheines stellte die Dame Unstimmigkeiten fest, weswegen sie den Schein der Polizei vorlegte. Ihr Verdacht, dass es sich um Falschgeld handeln k\u00f6nnte, konnte best\u00e4tigt werden.<\/p>\n\n\n\n<p>Bei dem T\u00e4ter soll es sich um einen gr\u00f6\u00dferen Mann mit Bart und dunklem Haar, etwa im Alter von 25 Jahren gehandelt haben. Er sei in Begleitung einer weiteren m\u00e4nnlichen Person gewesen sein. M\u00f6glicherweise besteht ein Zusammenhang zwischen einem \u00e4hnlichen Fall, von welchem bereits am 23.09.2021 berichtet wurde.<\/p>\n\n\n\n<h2 class=\"wp-block-heading\">(W\u00f6rth) &#8211; Stark betrunkener Pkw-Fahrer verursacht zwei Verkehrsunf\u00e4lle<\/h2>\n\n\n\n<div class=\"wp-block-image\"><figure class=\"aligncenter size-large\"><img decoding=\"async\" loading=\"lazy\" width=\"800\" height=\"600\" src=\"https:\/\/speyer24news.com\/wp-content\/uploads\/2021\/09\/2.jpg\" alt=\"\" class=\"wp-image-40887\" srcset=\"https:\/\/speyer24news.com\/wp-content\/uploads\/2021\/09\/2.jpg 800w, https:\/\/speyer24news.com\/wp-content\/uploads\/2021\/09\/2-300x225.jpg 300w, https:\/\/speyer24news.com\/wp-content\/uploads\/2021\/09\/2-768x576.jpg 768w, https:\/\/speyer24news.com\/wp-content\/uploads\/2021\/09\/2-678x509.jpg 678w, https:\/\/speyer24news.com\/wp-content\/uploads\/2021\/09\/2-326x245.jpg 326w, https:\/\/speyer24news.com\/wp-content\/uploads\/2021\/09\/2-80x60.jpg 80w\" sizes=\"(max-width: 800px) 100vw, 800px\" \/><\/figure><\/div>\n\n\n\n<p>Am Samstagmittag gegen 15 Uhr fuhr ein Pkw-Fahrer in W\u00f6rth auf der Hanns-Martin-Schleyer-Stra\u00dfe auf ein vorausfahrendes Fahrzeug auf und fl\u00fcchtete anschlie\u00dfend vom Unfallort Richtung Langenberg. Die Fahrerin des gesch\u00e4digten Autos konnte dem Fl\u00fcchtigen nur bis zum Langenberg folgen. Dieser setzte seine Fahrt in auff\u00e4lliger Weise \u00fcber die K 15 Richtung Schaidt fort, wo er wiederrum durch seine Fahrweise auffiel und gemeldet wurde. Der Fahrer verursachte dann nochmals auf der L 546, H\u00f6he Kapsweyer einen Unfall, als er einem abbremsenden Pkw auffuhr. Der Unfallverursacher war stark alkoholisiert. Der Atemalkoholtest ergab einen Wert von 4,4 Promille. An den beteiligten Pkw entstand ein Sachschaden von ca. 20000.-EUR. Gl\u00fccklicherweise wurde niemand verletzt. Nach der Blutentnahme und der Einbehaltung des F\u00fchrerscheins konnte der Mann in einem Taxi den Nachhauseweg antreten. M\u00f6glicherweise wurden auf der Strecke weitere Fahrzeugf\u00fchrer gef\u00e4hrdet. Diese sollen sich bei der Polizeiinspektion W\u00f6rth melden.<\/p>\n\n\n\n<h2 class=\"wp-block-heading\">(Niederotterbach) &#8211; Zeugenaufruf nach Verkehrsunfallflucht<\/h2>\n\n\n\n<p>Am Freitag, den 24.09.2021 gegen 22:15 Uhr, befuhr der 61j\u00e4hrige Gesch\u00e4digte aus dem Kreis S\u00dcW die L545 von Bad Bergzabern nach Steinfeld. Kurz vor der Kreuzung nach Niederotterbach kam diesem auf seiner Fahrspur ein anderer Pkw entgegen. Hierbei wurde der linke Au\u00dfenspiegel sowie die Fahrert\u00fcr am Fahrzeug des Zeugen besch\u00e4digt. Der Fahrer des anderen Pkw entfernte sich von der Unfall\u00f6rtlichkeit, ohne sich um die Schadensregulierung zu k\u00fcmmern. Die Gesamtschadensh\u00f6he am Fahrzeug bel\u00e4uft sich auf 1500 EUR. Zeugenhinweise bitte an die Polizeiinspektion Bad Bergzabern, Tel. 06343-93340 oder per E-Mail an&nbsp;<a href=\"mailto:pibadbergzabern@polizei.rlp.de\">pibadbergzabern@polizei.rlp.de<\/a><\/p>\n\n\n\n<h2 class=\"wp-block-heading\">(Bad Bergzabern) &#8211; Zeugen nach Verkehrsunfallflucht gesucht<\/h2>\n\n\n\n<p>Am Freitag, den 24.09.2021, im Zeitraum von 08:00 Uhr bis 17:30 Uhr, hatte die 26j\u00e4hrige Gesch\u00e4digte aus Pirmasens ihren Pkw ordnungsgem\u00e4\u00df am Fahrbahnrand in der Petronellastra\u00dfe in Bad Bergzabern abgestellt. Im genannten Zeitraum streifte vermutlich ein anderer Pkw-Fahrer ihr Fahrzeug beim Befahren der Petronellastra\u00dfe und verursachte hierdurch einen Streifschaden an der hinteren rechten T\u00fcr, Kotfl\u00fcgel, Sto\u00dfstange sowie einem Au\u00dfenspiegel. Der Fahrer des Pkw entfernte sich von der Unfall\u00f6rtlichkeit, ohne sich um die Schadensregulierung zu k\u00fcmmern. Die Gesamtschadensh\u00f6he am Fahrzeug bel\u00e4uft sich auf 4500 EUR. Zeugenhinweise bitte an die Polizeiinspektion Bad Bergzabern, Tel. 06343-93340 oder per E-Mail an&nbsp;<a href=\"mailto:pibadbergzabern@polizei.rlp.de\">pibadbergzabern@polizei.rlp.de<\/a><\/p>\n\n\n\n<h2 class=\"wp-block-heading\">(Bornheim) &#8211; Zeugen nach Verkehrsunfallflucht gesucht<\/h2>\n\n\n\n<p>Am Freitagabend kam es gegen 21:25h auf der Hornbachstra\u00dfe zu einem Unfall im Begegnungsverkehr. Der Fahrer eines wei\u00dfen Kastenwagens (eventuell Ford, verlorener linker Au\u00dfenspiegel) entfernte sich in der Folge unerlaubt von der Unfallstelle. Wer Hinwiese geben kann, meldet sich bitte bei der Polizeiinspektion Landau.<\/p>\n\n\n\n<h2 class=\"wp-block-heading\">(Weyher) &#8211; &#8222;Oma, ich brauch Deine Hilfe&#8220;<\/h2>\n\n\n\n<p>Samstagmorgen (25.09.2021, zwischen 06:00 Uhr und 10:30 Uhr) versuchte mehrmals eine junge Frau und ein junger Mann mit Akzent bei der 73-j\u00e4hrigen Gesch\u00e4digten anzurufen. Am Telefon wurde ge\u00e4u\u00dfert: &#8222;Oma, Oma, Hilfe, Hilfe&#8220; und &#8222;Oma, Oma, Enkelin helfen&#8220;. Geistesgegenw\u00e4rtig wurden die Gespr\u00e4che durch die Angerufene sofort beendet. Ein Strafverfahren gegen Unbekannt wurde eingeleitet. Die Polizei warnt vor diesen Gaunern. Angeh\u00f6rige oder nahestehende Personen sollten mit \u00e4lteren Menschen \u00fcber die Methoden der Trickbetr\u00fcger sprechen. Die Kriminellen nutzen bewusst die Einsamkeit, die Hilflosigkeit und die Gutgl\u00e4ubigkeit \u00e4lterer Menschen aus. Sie t\u00e4uschen einen finanziellen Engpass vor und bitten um hohe Bargeldbetr\u00e4ge, weil sie das Geld aufgrund einer Notlage sofort ben\u00f6tigen. Meist durch mehrere Telefonanrufe in kurzer Zeit erh\u00f6hen die T\u00e4ter den psychischen Druck auf die Senioren, verbunden mit Appellen wie: &#8222;Hilf mir bitte!&#8220; Die Betr\u00fcger bitten meist um absolute Verschwiegenheit gegen\u00fcber Familie und Freunden.<\/p>\n\n\n\n<h2 class=\"wp-block-heading\">(Edesheim) &#8211; Traktor umgekippt<\/h2>\n\n\n\n<div class=\"wp-block-image\"><figure class=\"aligncenter size-large\"><img decoding=\"async\" loading=\"lazy\" width=\"800\" height=\"555\" src=\"https:\/\/speyer24news.com\/wp-content\/uploads\/2021\/09\/1-2.jpg\" alt=\"\" class=\"wp-image-40888\" srcset=\"https:\/\/speyer24news.com\/wp-content\/uploads\/2021\/09\/1-2.jpg 800w, https:\/\/speyer24news.com\/wp-content\/uploads\/2021\/09\/1-2-300x208.jpg 300w, https:\/\/speyer24news.com\/wp-content\/uploads\/2021\/09\/1-2-768x533.jpg 768w\" sizes=\"(max-width: 800px) 100vw, 800px\" \/><\/figure><\/div>\n\n\n\n<p>Am Samstag, 25.09.2021, befuhr der 59-j\u00e4hrige Traktorfahrer gegen 10:10 Uhr mit seinem Gespann die L 506 von Rhodt in Richtung Edesheim. In einer leichten Rechtskurve kam der Traktorfahrer aus Unachtsamkeit nach rechts von der Fahrbahn ab. Infolge dessen kippte der Traktor um und kam auf der Seite zum Liegen. Der Fahrer wurde gl\u00fccklicherweise nicht verletzt. <\/p>\n\n\n\n<div class=\"wp-block-image\"><figure class=\"aligncenter size-large\"><img decoding=\"async\" loading=\"lazy\" width=\"500\" height=\"667\" src=\"https:\/\/speyer24news.com\/wp-content\/uploads\/2021\/09\/2-1.jpg\" alt=\"\" class=\"wp-image-40889\" srcset=\"https:\/\/speyer24news.com\/wp-content\/uploads\/2021\/09\/2-1.jpg 500w, https:\/\/speyer24news.com\/wp-content\/uploads\/2021\/09\/2-1-225x300.jpg 225w\" sizes=\"(max-width: 500px) 100vw, 500px\" \/><\/figure><\/div>\n\n\n\n<p>Ein verst\u00e4ndigtes Abschleppunternehmen konnte den Traktor wieder aufstellen, sodass dieser seine Fahrt fortsetzen konnte. Am Traktor entstand Sachschaden in H\u00f6he von circa 1000 Euro. Der Traktorfahrer wurde f\u00fcr seine Unachtsamkeit verwarnt. Zu Verkehrsbeeintr\u00e4chtigungen kam es nicht.<\/p>\n\n\n\n<h2 class=\"wp-block-heading\">(Edenkoben) &#8211; H\u00e4tte er sich besser mal zur\u00fcckgehalten<\/h2>\n\n\n\n<p>Am 25.09.2021 befuhr der 46-j\u00e4hrige Fahrradfahrer gegen 16 Uhr die Bahnhofstra\u00dfe in Richtung Tanzstra\u00dfe in Edenkoben. An einer Engstelle kam ein 54-j\u00e4hriger Audi-Fahrer entgegen. Der Fahrradfahrer war wartepflichtig, der Autofahrer fuhr in die Engstelle ein. Der Fahrradfahrer sch\u00e4tzte wohl die Verkehrssituation falsch ein, war erbost \u00fcber den Autofahrer und schlug sodann mit der Faust gegen den linken Au\u00dfenspiegel des PKW Audi. Hierdurch entstand Sachschaden in H\u00f6he von circa 200 Euro. Der Grund f\u00fcr die falsche Einsch\u00e4tzung der Verkehrssituation konnte vor Ort schnell ermittelt werden: Der Fahrradfahrer war erheblich alkoholisiert. Ein durchgef\u00fchrter Alco-Test ergab einen Wert von 1,96 Promille. Auf der Dienststelle wurde dem Fahrradfahrer eine Blutprobe entnommen, sein Fahrrad wurde sichergestellt. Er wird sich nun in einem Strafverfahren wegen Sachbesch\u00e4digung und Trunkenheit im Verkehr verantworten m\u00fcssen. Die F\u00fchrerscheinstelle d\u00fcrfte an dem Vorfall ebenfalls interessiert sein.<\/p>\n\n\n\n<h2 class=\"wp-block-heading\">(Maikammer) &#8211; Fahrradfahrer verletzt<\/h2>\n\n\n\n<p>Am 26.09.2021 befuhr der 84-j\u00e4hrige Fahrradfahrer gegen 14:15 Uhr die Bahnhofstra\u00dfe in Maikammer. Der 19-j\u00e4hrige BMW-Fahrer musste seinerseits aufgrund einer Engstelle und Gegenverkehr hinter einem geparkten PKW warten. Der Fahrradfahrer wollte den PKW BMW \u00fcberholen, in diesem Moment wollte der 19-j\u00e4hrige BMW-Fahrer seinerseits an dem geparkten PKW vorbeifahren. Es kam zum Zusammensto\u00df zwischen dem Fahrradfahrer und dem PKW BMW, sodass der Fahrradfahrer st\u00fcrzte. Der Fahrradfahrer zog sich durch den Sturz diverse Sch\u00fcrfwunden zu. Einen Helm trug der Fahrradfahrer nicht. Am PKW BMW entstand Sachschaden in H\u00f6he von 500 Euro. Ein Strafverfahren wurde eingeleitet und die Ermittlungen zur Kl\u00e4rung des Unfallhergangs aufgenommen.<\/p>\n\n\n\n<h2 class=\"wp-block-heading\">(Gr\u00fcnstadt) &#8211; R\u00fccknahme der \u00d6ffentlichkeitsfahndung nach einem vermissten 19-j\u00e4hrigen Mann aus Gr\u00fcnstadt<\/h2>\n\n\n\n<p>Der seit Dienstag, 21.09.2021, in Gr\u00fcnstadt vermisste 19-J\u00e4hrige konnte wohlbehalten angetroffen werden.<\/p>\n\n\n\n<h2 class=\"wp-block-heading\">(Frankenthal-Studernheim) &#8211; BMW-Fahrer mit \u00fcber 5 Promille hinterm Steuer<\/h2>\n\n\n\n<div class=\"wp-block-image\"><figure class=\"aligncenter size-large\"><img decoding=\"async\" loading=\"lazy\" width=\"640\" height=\"480\" src=\"https:\/\/speyer24news.com\/wp-content\/uploads\/2021\/04\/Alkohol.jpg\" alt=\"\" class=\"wp-image-35158\" srcset=\"https:\/\/speyer24news.com\/wp-content\/uploads\/2021\/04\/Alkohol.jpg 640w, https:\/\/speyer24news.com\/wp-content\/uploads\/2021\/04\/Alkohol-300x225.jpg 300w, https:\/\/speyer24news.com\/wp-content\/uploads\/2021\/04\/Alkohol-326x245.jpg 326w, https:\/\/speyer24news.com\/wp-content\/uploads\/2021\/04\/Alkohol-80x60.jpg 80w\" sizes=\"(max-width: 640px) 100vw, 640px\" \/><\/figure><\/div>\n\n\n\n<p>Am Samstagmittag teilte ein aufmerksamer Autofahrer der Polizeiautobahnstation Ruchheim einen \u00e4u\u00dferst unsicher fahrenden BMW auf der B9 am Autobahndreieck Ludwigshafen in Richtung Frankenthal mit. Eine sofort entsandte Streife der PAST Ruchheim konnte den besagten BMW kurze Zeit sp\u00e4ter lokalisieren und schlie\u00dflich an der Anschlussstelle Studernheim einer Verkehrskontrolle unterziehen.<\/p>\n\n\n\n<p>Bei der Kontrolle konnten die Beamten beim Fahrer, einem 67j\u00e4hrigen Mann aus B\u00f6hl-Iggelheim, Alkoholgeruch feststellen. Bei dem anschlie\u00dfend freiwillig durchgef\u00fchrten Atemalkoholtest trauten die Beamten ihren Augen kaum, denn der Alkomat zeigte \u00fcber 5 Promille an. Um einen technischen Defekt des Ger\u00e4tes auszuschlie\u00dfen, wurde der Test mit einem zweiten Ger\u00e4t wiederholt. Hierbei best\u00e4tigte sich jedoch das ungew\u00f6hnlich Hohe Ergebnis.<\/p>\n\n\n\n<p>Dem 67j\u00e4hrigen wurde daraufhin durch einen Arzt eine Blutprobe entnommen. Sein F\u00fchrerschein wurde sichergestellt. Ab sofort darf er kein Kraftfahrzeug mehr f\u00fchren. Den Mann erwartet nun ein Strafverfahren wegen Trunkenheit im Verkehr.<\/p>\n\n\n\n<h2 class=\"wp-block-heading\">(Frankenthal) &#8211; Verkehrsunfall mit verletztem Radfahrer<\/h2>\n\n\n\n<p>Ein 27-j\u00e4hriger Pkw-Fahrer aus Lampertheim befuhr am 24.09.2021 gegen 11:00 Uhr die Willestra\u00dfe in Frankenthal in Richtung Wormser Stra\u00dfe. Drei Fahrradfahrer befuhren hintereinander die Wormser Stra\u00dfe. Um auf der Wormser Stra\u00dfe zu bleiben, \u00fcberquerten die Radfahrer die Einm\u00fcndung zur Willestra\u00dfe. Der Pkw-Fahrer, der sich langsam in den Einm\u00fcndungsbereich eintastete, \u00fcbersah den zweiten Radfahrer und kollidierte mit diesem. Der 16-j\u00e4hrige Fahrradfahrer st\u00fcrzte zu Boden und erlitt leichte Verletzungen in Form von Schmerzen und Hautabsch\u00fcrfungen. Er wurde zur weiteren Abkl\u00e4rung in ein Krankenhaus verbracht. An dem Pkw und dem Fahrrad entstanden lediglich leichte Besch\u00e4digungen.<\/p>\n\n\n\n<p>In den letzten Jahren waren ein Drittel aller verletzten Unfallbeteiligten in Frankenthal, Fahrradfahrer. Rund 80% der schweren Hirnverletzungen beim Radfahren k\u00f6nnten sich durch das Tragen eines Helms vermeiden lassen. Die Polizei empfiehlt daher immer mit Fahrradhelm zu fahren. Mehr Informationen zum Thema erhalten Sie unter&nbsp;<a target=\"_blank\" href=\"http:\/\/www.ich-trag-helm.de\/\" rel=\"noreferrer noopener\">www.ich-trag-helm.de<\/a>.<\/p>\n\n\n\n<p>Wir wollen, dass Sie sicher Leben &#8211; ihre Polizei Frankenthal.<\/p>\n\n\n\n<h2 class=\"wp-block-heading\">(Ludwigshafen-Oggersheim) &#8211; Hausbrand<\/h2>\n\n\n\n<p>Am 24.09.2021 kam es gegen 14:20h in der Speyerer Stra\u00dfe in Ludwigshafen-Oggersheim zu einem Hausbrand. Durch die Feuerwehr Ludwigshafen wurde das Feuer gel\u00f6scht. W\u00e4hrend der L\u00f6scharbeiten musste die Speyerer Stra\u00dfe gesperrt werden. Personen kamen nicht zu Schaden. Das Haus in der Ortsrandlage von Oggersheim ist derzeit nicht bewohnbar. Die Schadensh\u00f6he ist noch unklar. Die Kriminalpolizei hat die Ermittlungen zur Brandursache aufgenommen.<\/p>\n\n\n\n<h2 class=\"wp-block-heading\">(Ludwigshafen-Oppau und Pfingstweide) &#8211; Diebstahl von Katalysatoren<\/h2>\n\n\n\n<p>In der Nacht vom 23. auf den 24.09.2021 entwendeten bisher unbekannte T\u00e4ter die Katalysatoren an zwei geparkten PKW. Die T\u00e4ter hatten sich hierzu an einem Audi A 4 in der Rheinstra\u00dfe und an einem VW Golf im Br\u00fcsseler Ring zu schaffen gemacht. Die Ermittlungen wurden aufgenommen. Zeugen, die Hinweise zur Tat geben k\u00f6nnen, werden gebeten sich bei der Polizeiinspektion Ludwigshafen 2 zu melden unter Tel 0621 963-2222 oder per Mail an&nbsp;<a href=\"mailto:piludwigshafen2@polizei.rlp.de\">piludwigshafen2@polizei.rlp.de<\/a>.<\/p>\n\n\n\n<h2 class=\"wp-block-heading\">(Mannheim) &#8211; Junger Mann mit Messer verletzt; T\u00e4ter fl\u00fcchtig, Kripo ermittelt; Zeugen gesucht<\/h2>\n\n\n\n<p>Ein 18-j\u00e4hriger Mann wurde am sp\u00e4ten Samstagabend im Bereich der Heinrich-Zille-Stra\u00dfe, Ecke Waldhofstra\u00dfe von einem unbekannten T\u00e4ter mit einem Messer schwer verletzt.<\/p>\n\n\n\n<p>Der junge Mann hatte sich in einer ca. 20-k\u00f6pfigen Gruppe aufgehalten, als es aus bislang unbekannten Gr\u00fcnden zu einer Auseinandersetzung innerhalb der Gruppe kam. In der Folge wurde der 18-J\u00e4hrige mit einem Messer verletzt. Nach seiner not\u00e4rztlichen Behandlung wurde er mit einem Rettungswagen in eine Klinik gebracht. Nach derzeitigen Kenntnisstand besteht keine Lebensgefahr.<\/p>\n\n\n\n<p>Der gr\u00f6\u00dfte Teil der Gruppierung fl\u00fcchtete nach der Tat in Richtung Zeppelinpark. Eine Fahndung mit vierzehn Streifenwagenbesatzungen nach ihr verlief ohne Ergebnis. Es liegen bislang noch keine Hinweise zum T\u00e4ter vor.<\/p>\n\n\n\n<p>Das Kriminalkommissariat Mannheim hat die weiteren Ermittlungen \u00fcbernommen.<\/p>\n\n\n\n<p>Die Fahnder versprechen sich von den Personen, die sich zur Tatzeit im Bereich des Tatortes aufhielten, weitere Hinweise zur Kl\u00e4rung der Tat und zur Identifizierung des T\u00e4ters. Dabei k\u00f6nnen auch Videos und Fotos behilflich sein, die von der Tat und\/oder dem T\u00e4ter gefertigt wurden. Alle Zeugen, deren Aussagen die Ermittler bei der Aufkl\u00e4rung der Tat einen Schritt weiterbringen k\u00f6nnten, werden gebeten, sich mit dem Kriminaldauerdienst, Tel.: 0621\/174-4444 in Verbindung zu setzen.<\/p>\n\n\n\n<h2 class=\"wp-block-heading\">(Mannheim-Waldhof) &#8211; Sch\u00fcsse an Gastst\u00e4tte, mehrere Personen verletzt<\/h2>\n\n\n\n<div class=\"wp-block-image\"><figure class=\"aligncenter size-large\"><img decoding=\"async\" loading=\"lazy\" width=\"800\" height=\"533\" src=\"https:\/\/speyer24news.com\/wp-content\/uploads\/2021\/09\/REvolver-Patronen-Schuesse.jpg\" alt=\"\" class=\"wp-image-40886\" srcset=\"https:\/\/speyer24news.com\/wp-content\/uploads\/2021\/09\/REvolver-Patronen-Schuesse.jpg 800w, https:\/\/speyer24news.com\/wp-content\/uploads\/2021\/09\/REvolver-Patronen-Schuesse-300x200.jpg 300w, https:\/\/speyer24news.com\/wp-content\/uploads\/2021\/09\/REvolver-Patronen-Schuesse-768x512.jpg 768w\" sizes=\"(max-width: 800px) 100vw, 800px\" \/><\/figure><\/div>\n\n\n\n<p>Am 25.09.2021 gegen 00.00 Uhr fielen vor einer Gastst\u00e4tte in Mannheim-Waldhof Sch\u00fcsse. Hierbei wurden mehrere Personen verletzt, die in umliegende Kliniken eingeliefert wurden. Nach derzeitigem Kenntnisstand besteht bei keiner der Personen Lebensgefahr. Die Kriminalpolizei hat die Ermittlungen aufgenommen.<\/p>\n\n\n\n<h2 class=\"wp-block-heading\">(Mannheim-Waldhof) &#8211; Sch\u00fcsse vor Gastst\u00e4tte; sechs Personen verletzt; 20-k\u00f6pfige Ermittlungsgruppe &#8222;Jakob&#8220; eingerichtet; Zeugen gesucht<\/h2>\n\n\n\n<h3 class=\"has-text-align-center wp-block-heading\">Pressemitteilung Nr. 2<\/h3>\n\n\n\n<h4 class=\"wp-block-heading\">Gemeinsame Pressemitteilung der Staatsanwaltschaft Mannheim und des Polizeipr\u00e4sidiums Mannheim<\/h4>\n\n\n\n<div class=\"wp-block-image\"><figure class=\"aligncenter size-large\"><img decoding=\"async\" loading=\"lazy\" width=\"801\" height=\"600\" src=\"https:\/\/speyer24news.com\/wp-content\/uploads\/2020\/05\/Zeugen-gesucht-Neutral.jpg\" alt=\"\" class=\"wp-image-26598\" srcset=\"https:\/\/speyer24news.com\/wp-content\/uploads\/2020\/05\/Zeugen-gesucht-Neutral.jpg 801w, https:\/\/speyer24news.com\/wp-content\/uploads\/2020\/05\/Zeugen-gesucht-Neutral-300x225.jpg 300w, https:\/\/speyer24news.com\/wp-content\/uploads\/2020\/05\/Zeugen-gesucht-Neutral-768x575.jpg 768w, https:\/\/speyer24news.com\/wp-content\/uploads\/2020\/05\/Zeugen-gesucht-Neutral-678x509.jpg 678w, https:\/\/speyer24news.com\/wp-content\/uploads\/2020\/05\/Zeugen-gesucht-Neutral-326x245.jpg 326w, https:\/\/speyer24news.com\/wp-content\/uploads\/2020\/05\/Zeugen-gesucht-Neutral-80x60.jpg 80w\" sizes=\"(max-width: 801px) 100vw, 801px\" \/><\/figure><\/div>\n\n\n\n<p>Nach den Sch\u00fcssen in der Nacht zum Samstag im Stadtteil Waldhof hat die Kriminalpolizeidirektion Heidelberg eine 20-k\u00f6pfige Ermittlungsgruppe &#8222;Jakob&#8220; beim Kriminalkommissariat Mannheim eingerichtet.<\/p>\n\n\n\n<p>Kurz vor 24 Uhr kam es vor einer Gastst\u00e4tte in der Jakob-Faulhaber-Stra\u00dfe zun\u00e4chst zu einer verbalen Auseinandersetzung zwischen mehre-ren Personen, in deren Folge mehrere Sch\u00fcsse abgegeben wurden.<\/p>\n\n\n\n<p>Dabei wurden sechs Personen verletzt, die in verschiedene Kliniken eingeliefert wurden. Nach derzeitigem Kenntnisstand besteht bei keinem Lebensgefahr. Bei den Verletzten handelt es sich ausschlie\u00dflich um M\u00e4nner mit deutscher Staatsangeh\u00f6rigkeit im Alter von 35-45 Jahren.<\/p>\n\n\n\n<p>Nach der Tat fl\u00fcchtete ein dunkles Fahrzeug vom Tatort in unbekannte Richtung. Eine sofort eingeleitete Fahndung mit allen verf\u00fcgbaren Kr\u00e4ften verlief bislang ohne Ergebnis. Hinweise zu dem oder den T\u00e4tern liegen derzeit noch nicht vor.<\/p>\n\n\n\n<p>Die Zentrale Kriminaltechnik ist zur Spurensicherung und Spurenauswertung vor Ort im Einsatz. Dabei wird sie von Schusswaffensachverst\u00e4ndigen des Kriminaltechnischen Instituts beim Landeskriminalamt Baden-W\u00fcrttemberg unterst\u00fctzt.<\/p>\n\n\n\n<p>Die Hintergr\u00fcnde der Tat sind noch unbekannt. Ob die Tat einen Bezug zu einer Rockergruppierung aufweist, ist Gegenstand der weiteren Ermittlungen der Staatsanwaltschaft Mannheim und der Ermittlungsgruppe &#8222;Jakob&#8220;.<\/p>\n\n\n\n<p>Mit ersten Ermittlungsergebnissen ist nicht vor Montagnachmittag zu rechnen.<\/p>\n\n\n\n<p>Zeugen, die sachdienliche Hinweise zur Tat, dem oder den T\u00e4tern geben k\u00f6nnen, werden gebeten, sich mit dem Kriminaldauerdienst, Tel.: 0621\/174-4444 in Verbindung zu setzen.<\/p>\n\n\n\n<h2 class=\"wp-block-heading\">(Heidelberg \/ A 5 zw. AS Schwetzingen und Kreuz Walldorf) &#8211; Wohnwagen umgekippt<\/h2>\n\n\n\n<p>Am Samstag gegen 11.00 Uhr verlor der F\u00fchrer eines Ford Kuga mit Wohnwagengespann die Kontrolle \u00fcber seinen Anh\u00e4nger, so dass dieser sich aufschaukelte und auf H\u00f6he des Parkplatzes Hardtwald umkippte. Verletzt wurde zum Gl\u00fcck niemand. Bis zur Bergung des Anh\u00e4ngers mussten zwei Fahrspuren gesperrt werden, so dass sich bis zu 7 km R\u00fc\u00fcckstau bildete. Gegen 12.30 Uhr war die Unfallstelle ger\u00e4umt und die Fahrbahn konnte wieder freigegeben werden.<\/p>\n\n\n\n<h2 class=\"wp-block-heading\">(Schwetzingen \/ Rhein-Neckar-Kreis) &#8211; Rollerfahrer missachtet Anhaltezeichen und gef\u00e4hrdet auf seiner Flucht andere Menschen<\/h2>\n\n\n\n<p>Am 25.09.2021 wollte eine Streifenwagenbesatzung in Schwetzingen gegen 14:10 Uhr einen Rollerfahrer kontrollieren. Dieser entzog sich aber der Kontrolle und fl\u00fcchtete mit seinem Roller durch die Westendstra\u00dfe. Auf seiner Flucht mussten offenbar mehrere Personen dem Roller ausweichen um einen Zusammensto\u00df zu vermeiden. Letztendlich gelang es dem Rollerfahrer an einem engen Fu\u00dfweg die Streife abzusch\u00fctteln. Aufgrund von Ermittlungen war es aber m\u00f6glich kurz darauf den 28-j\u00e4hrigen Rollerfahrer an seiner Wohnanschrift festzustellen. Auf seinen Roller muss der Fahrer vorerst verzichten. Die strafrechtlichen Ermittlungen wurden vom Polizeirevier Schwetzingen aufgenommen. Die Polizei sucht nach Verkehrsteilnehmern, die von dem Mann auf seiner Flucht gef\u00e4hrdet wurden. Diese werden gebeten sich mit dem Polizeirevier Schwetzingen unter der Telefonnummer 06202-2880 in Verbindung zu setzen.<\/p>\n\n\n\n<h2 class=\"wp-block-heading\">(Wilhelmsfeld \/ K4122 \/ Rhein-Neckar-Kreis) &#8211; Verkehrsunfall mit schwer verletztem Motorradfahrer \/ Zeugen gesucht<\/h2>\n\n\n\n<p>Am Freitagmittag gegen 14.26 Uhr befuhr ein 65-j\u00e4hriger Motorradfahrer die K4122 aus Richtung Lampenhain in Fahrtrichtung Wilhelmsfeld. Zu diesem Zeitpunkt befuhr ein weiterer Motorradfahrer die Strecke in selber Richtung. Aus bislang unbekannter Ursache touchiert der 65-J\u00e4hrige die Seitenkoffer eines entgegenkommenden Motorrades in H\u00f6he Kohlhof. Hierdurch wurde er schwer am linken Bein verletzt und musste in einem nahegelegenen Krankenhaus notoperiert werden. Derzeit ist der genaue Unfallhergang noch unbekannt. Zeugen, welche sachdienliche Hinweise zum Unfallhergang geben k\u00f6nnen, werden gebeten sich bei der Verkehrspolizei Heidelberg unter 0621-174-4110 zu melden.<\/p>\n","protected":false},"excerpt":{"rendered":"<div class=\"mh-excerpt\"><p>Polizeimeldungen vom Samstag (25.09.2021) (Speyer) &#8211; Trunkenheitsfahrt Am Freitagabend gegen 22.00 Uhr wurde ein PKW Peugeot einer allgemeinen Verkehrskontrolle unterzogen. Im Rahmen der Kontrolle konnte Alkoholgeruch ausgehend von dem Fahrzeugf\u00fchrer wahrgenommen werden. Ein freiwilliger Atemalkoholtest <a class=\"mh-excerpt-more\" href=\"https:\/\/speyer24news.com\/?p=40879\" title=\"Polizei\">[&#8230;]<\/a><\/p>\n<\/div>","protected":false},"author":3,"featured_media":26162,"comment_status":"open","ping_status":"open","sticky":false,"template":"","format":"standard","meta":{"_monsterinsights_skip_tracking":false,"_monsterinsights_sitenote_active":false,"_monsterinsights_sitenote_note":"","_monsterinsights_sitenote_category":0,"footnotes":""},"categories":[12],"tags":[3614,702,61,2555,6955,6986,6263,63,105,11150,6987,53,4854,4683,1548,4905,102,213,55,6368,5261,103,106,2803,2423,427,2625,380,62,104,979,1565],"aioseo_notices":[],"amp_enabled":true,"_links":{"self":[{"href":"https:\/\/speyer24news.com\/index.php?rest_route=\/wp\/v2\/posts\/40879"}],"collection":[{"href":"https:\/\/speyer24news.com\/index.php?rest_route=\/wp\/v2\/posts"}],"about":[{"href":"https:\/\/speyer24news.com\/index.php?rest_route=\/wp\/v2\/types\/post"}],"author":[{"embeddable":true,"href":"https:\/\/speyer24news.com\/index.php?rest_route=\/wp\/v2\/users\/3"}],"replies":[{"embeddable":true,"href":"https:\/\/speyer24news.com\/index.php?rest_route=%2Fwp%2Fv2%2Fcomments&post=40879"}],"version-history":[{"count":5,"href":"https:\/\/speyer24news.com\/index.php?rest_route=\/wp\/v2\/posts\/40879\/revisions"}],"predecessor-version":[{"id":40894,"href":"https:\/\/speyer24news.com\/index.php?rest_route=\/wp\/v2\/posts\/40879\/revisions\/40894"}],"wp:featuredmedia":[{"embeddable":true,"href":"https:\/\/speyer24news.com\/index.php?rest_route=\/wp\/v2\/media\/26162"}],"wp:attachment":[{"href":"https:\/\/speyer24news.com\/index.php?rest_route=%2Fwp%2Fv2%2Fmedia&parent=40879"}],"wp:term":[{"taxonomy":"category","embeddable":true,"href":"https:\/\/speyer24news.com\/index.php?rest_route=%2Fwp%2Fv2%2Fcategories&post=40879"},{"taxonomy":"post_tag","embeddable":true,"href":"https:\/\/speyer24news.com\/index.php?rest_route=%2Fwp%2Fv2%2Ftags&post=40879"}],"curies":[{"name":"wp","href":"https:\/\/api.w.org\/{rel}","templated":true}]}}