{"id":41065,"date":"2021-09-28T07:59:07","date_gmt":"2021-09-28T06:59:07","guid":{"rendered":"https:\/\/speyer24news.com\/?p=41065"},"modified":"2021-09-28T07:59:09","modified_gmt":"2021-09-28T06:59:09","slug":"stadtnotiz-speyer-3","status":"publish","type":"post","link":"https:\/\/speyer24news.com\/?p=41065","title":{"rendered":"Stadtnotiz Speyer"},"content":{"rendered":"<style type=\"text\/css\">\r\n\t.ads_top_disp{}\r\n\t.ads_top_corner_disp{ float:left; margin:0px 10px 10px 0px; }\r\n\t.ads_first_p_disp{}\r\n\t.ads_bottom_disp{}\r\n\t<\/style>\n<div class=\"wp-block-image\"><figure class=\"aligncenter size-large\"><img decoding=\"async\" loading=\"lazy\" width=\"800\" height=\"600\" src=\"https:\/\/speyer24news.com\/wp-content\/uploads\/2020\/01\/Speyer-Stadtnachrichten-2.jpg\" alt=\"\" class=\"wp-image-23901\" srcset=\"https:\/\/speyer24news.com\/wp-content\/uploads\/2020\/01\/Speyer-Stadtnachrichten-2.jpg 800w, https:\/\/speyer24news.com\/wp-content\/uploads\/2020\/01\/Speyer-Stadtnachrichten-2-300x225.jpg 300w, https:\/\/speyer24news.com\/wp-content\/uploads\/2020\/01\/Speyer-Stadtnachrichten-2-768x576.jpg 768w, https:\/\/speyer24news.com\/wp-content\/uploads\/2020\/01\/Speyer-Stadtnachrichten-2-678x509.jpg 678w, https:\/\/speyer24news.com\/wp-content\/uploads\/2020\/01\/Speyer-Stadtnachrichten-2-326x245.jpg 326w, https:\/\/speyer24news.com\/wp-content\/uploads\/2020\/01\/Speyer-Stadtnachrichten-2-80x60.jpg 80w\" sizes=\"(max-width: 800px) 100vw, 800px\" \/><\/figure><\/div>\n\n\n\n<h2 class=\"wp-block-heading\">Kulturbeutel-Festival: Absage von drei Veranstaltungen<\/h2>\n\n\n\n<div class=\"wp-block-image\"><figure class=\"aligncenter size-large\"><img decoding=\"async\" loading=\"lazy\" width=\"500\" height=\"650\" src=\"https:\/\/speyer24news.com\/wp-content\/uploads\/2020\/11\/Absage-Veranstaltung.jpg\" alt=\"\" class=\"wp-image-31094\" srcset=\"https:\/\/speyer24news.com\/wp-content\/uploads\/2020\/11\/Absage-Veranstaltung.jpg 500w, https:\/\/speyer24news.com\/wp-content\/uploads\/2020\/11\/Absage-Veranstaltung-231x300.jpg 231w\" sizes=\"(max-width: 500px) 100vw, 500px\" \/><\/figure><\/div>\n\n\n\n<p>Mangels gekaufter Karten m\u00fcssen drei Veranstaltungen im Rahmen des Kleinkunstfestivals Kulturbeutel bedauerlicherweise abgesagt werden.<\/p>\n\n\n\n<h4 class=\"wp-block-heading\">Betroffen sind folgende Veranstaltungen:<\/h4>\n\n\n\n<ul><li><strong>Mittwoch, 29. September 2021, 20.00 Uhr: norway.today<\/strong><\/li><li><strong>Donnerstag, 30. September 2021, 20.00 Uhr: Der K\u00fcnstler muss sein Leben genau einteilen<\/strong><\/li><li><strong>Freitag, 1. Oktober, 20.00 Uhr: MGV Walhalla zum Seidelwirt<\/strong><\/li><\/ul>\n\n\n\n<p>Bereits gekaufte Karten werden selbstverst\u00e4ndlich erstattet und k\u00f6nnen an den jeweiligen Vorverkaufsstellen zur\u00fcckgegeben werden.<\/p>\n\n\n\n<p><em>Stadtverwaltung Speyer<br>28.09.2021<\/em><\/p>\n","protected":false},"excerpt":{"rendered":"<div class=\"mh-excerpt\"><p>Kulturbeutel-Festival: Absage von drei Veranstaltungen Mangels gekaufter Karten m\u00fcssen drei Veranstaltungen im Rahmen des Kleinkunstfestivals Kulturbeutel bedauerlicherweise abgesagt werden. Betroffen sind folgende Veranstaltungen: Mittwoch, 29. September 2021, 20.00 Uhr: norway.today Donnerstag, 30. September 2021, 20.00 <a class=\"mh-excerpt-more\" href=\"https:\/\/speyer24news.com\/?p=41065\" title=\"Stadtnotiz Speyer\">[&#8230;]<\/a><\/p>\n<\/div>","protected":false},"author":3,"featured_media":23902,"comment_status":"open","ping_status":"open","sticky":false,"template":"","format":"standard","meta":{"_monsterinsights_skip_tracking":false,"_monsterinsights_sitenote_active":false,"_monsterinsights_sitenote_note":"","_monsterinsights_sitenote_category":0,"footnotes":""},"categories":[47],"tags":[12786,577,2200,12983,12785,422,6],"aioseo_notices":[],"amp_enabled":true,"_links":{"self":[{"href":"https:\/\/speyer24news.com\/index.php?rest_route=\/wp\/v2\/posts\/41065"}],"collection":[{"href":"https:\/\/speyer24news.com\/index.php?rest_route=\/wp\/v2\/posts"}],"about":[{"href":"https:\/\/speyer24news.com\/index.php?rest_route=\/wp\/v2\/types\/post"}],"author":[{"embeddable":true,"href":"https:\/\/speyer24news.com\/index.php?rest_route=\/wp\/v2\/users\/3"}],"replies":[{"embeddable":true,"href":"https:\/\/speyer24news.com\/index.php?rest_route=%2Fwp%2Fv2%2Fcomments&post=41065"}],"version-history":[{"count":1,"href":"https:\/\/speyer24news.com\/index.php?rest_route=\/wp\/v2\/posts\/41065\/revisions"}],"predecessor-version":[{"id":41066,"href":"https:\/\/speyer24news.com\/index.php?rest_route=\/wp\/v2\/posts\/41065\/revisions\/41066"}],"wp:featuredmedia":[{"embeddable":true,"href":"https:\/\/speyer24news.com\/index.php?rest_route=\/wp\/v2\/media\/23902"}],"wp:attachment":[{"href":"https:\/\/speyer24news.com\/index.php?rest_route=%2Fwp%2Fv2%2Fmedia&parent=41065"}],"wp:term":[{"taxonomy":"category","embeddable":true,"href":"https:\/\/speyer24news.com\/index.php?rest_route=%2Fwp%2Fv2%2Fcategories&post=41065"},{"taxonomy":"post_tag","embeddable":true,"href":"https:\/\/speyer24news.com\/index.php?rest_route=%2Fwp%2Fv2%2Ftags&post=41065"}],"curies":[{"name":"wp","href":"https:\/\/api.w.org\/{rel}","templated":true}]}}