{"id":41070,"date":"2021-09-29T07:41:11","date_gmt":"2021-09-29T06:41:11","guid":{"rendered":"https:\/\/speyer24news.com\/?p=41070"},"modified":"2021-09-29T07:41:15","modified_gmt":"2021-09-29T06:41:15","slug":"polizei-682","status":"publish","type":"post","link":"https:\/\/speyer24news.com\/?p=41070","title":{"rendered":"Polizei"},"content":{"rendered":"<style type=\"text\/css\">\r\n\t.ads_top_disp{}\r\n\t.ads_top_corner_disp{ float:left; margin:0px 10px 10px 0px; }\r\n\t.ads_first_p_disp{}\r\n\t.ads_bottom_disp{}\r\n\t<\/style>\n<h2 class=\"wp-block-heading\">Polizeimeldungen vom Dienstag (28.09.2021)<\/h2>\n\n\n\n<div class=\"wp-block-image\"><figure class=\"aligncenter size-large\"><img decoding=\"async\" src=\"https:\/\/speyer24news.com\/wp-content\/uploads\/2019\/11\/Aktuelles-Polizeilogo.jpg\" alt=\"\" class=\"wp-image-21845\"\/><\/figure><\/div>\n\n\n\n<h2 class=\"wp-block-heading\">(Speyer \/ B 9) &#8211; Verkehrsunfall mit 2 Leichtverletzten und hohem Sachschaden<\/h2>\n\n\n\n<figure class=\"wp-block-image size-large\"><img decoding=\"async\" loading=\"lazy\" width=\"800\" height=\"600\" src=\"https:\/\/speyer24news.com\/wp-content\/uploads\/2021\/09\/B9.1.jpg\" alt=\"\" class=\"wp-image-41071\" srcset=\"https:\/\/speyer24news.com\/wp-content\/uploads\/2021\/09\/B9.1.jpg 800w, https:\/\/speyer24news.com\/wp-content\/uploads\/2021\/09\/B9.1-300x225.jpg 300w, https:\/\/speyer24news.com\/wp-content\/uploads\/2021\/09\/B9.1-768x576.jpg 768w, https:\/\/speyer24news.com\/wp-content\/uploads\/2021\/09\/B9.1-678x509.jpg 678w, https:\/\/speyer24news.com\/wp-content\/uploads\/2021\/09\/B9.1-326x245.jpg 326w, https:\/\/speyer24news.com\/wp-content\/uploads\/2021\/09\/B9.1-80x60.jpg 80w\" sizes=\"(max-width: 800px) 100vw, 800px\" \/><\/figure>\n\n\n\n<p>Am Montag, 27.09.21 gegen 18h kam es auf der B9 in Richtung Speyer an der Anschlussstelle Otterstadt zu einem Verkehrsunfall mit Personenschaden. Eine 42-j\u00e4hrige BMW-Fahrerin war offensichtlich kurze Zeit durch ihr im Fond sitzendes Kind abgelenkt. Der Einj\u00e4hrige sa\u00df ordnungsgem\u00e4\u00df gesichert im Kindersitz, schrie jedoch, weshalb sich die Mutter nach ihm umdrehte und ihn so beruhigen wollte. Hierdurch kam sie aber ungewollt nach rechts von der Fahrbahn ab. Eine bereits auf der Abbiegespur der Anschlussstelle Otterstadt befindliche 78-J\u00e4hrige aus Speyer wurde nun von der BMW-Fahrerin getroffen und von hinten aufgeschoben, schoss in Folge geradeaus durch die Gr\u00fcnfl\u00e4che der Anschlussstelle und kollidierte zus\u00e4tzlich mit der Verkehrsbeschilderung sowie mit der Schutzplanke. <\/p>\n\n\n\n<div class=\"wp-block-image\"><figure class=\"aligncenter size-large\"><img decoding=\"async\" loading=\"lazy\" width=\"800\" height=\"600\" src=\"https:\/\/speyer24news.com\/wp-content\/uploads\/2021\/09\/B9.2.jpg\" alt=\"\" class=\"wp-image-41072\" srcset=\"https:\/\/speyer24news.com\/wp-content\/uploads\/2021\/09\/B9.2.jpg 800w, https:\/\/speyer24news.com\/wp-content\/uploads\/2021\/09\/B9.2-300x225.jpg 300w, https:\/\/speyer24news.com\/wp-content\/uploads\/2021\/09\/B9.2-768x576.jpg 768w, https:\/\/speyer24news.com\/wp-content\/uploads\/2021\/09\/B9.2-678x509.jpg 678w, https:\/\/speyer24news.com\/wp-content\/uploads\/2021\/09\/B9.2-326x245.jpg 326w, https:\/\/speyer24news.com\/wp-content\/uploads\/2021\/09\/B9.2-80x60.jpg 80w\" sizes=\"(max-width: 800px) 100vw, 800px\" \/><\/figure><\/div>\n\n\n\n<p>Beide Fahrerinnen wurden durch die Wucht des Aufpralls leicht verletzt und kamen zur Untersuchung in nahegelegene Krankenh\u00e4user. Das Kleinkind wurde eigens von einem vor Ort erschienenen Kinder-Notarzt untersucht, blieb aber erfreulicherweise unverletzt. Neben der Feuerwehr Schifferstadt und Speyer waren 2 RTW. 2 Notarztwagen, die Polizei Speyer sowie die Autobahnpolizei Ruchheim im Einsatz. Die Anschlussstelle musste f\u00fcr ca. 1,5h komplett gesperrt werden. Der Sachschaden bel\u00e4uft sich auf ca. 90.000 EUR.<\/p>\n\n\n\n<h2 class=\"wp-block-heading\">(Dudenhofen) &#8211; Unfall verursacht und davongefahren<\/h2>\n\n\n\n<p>Zu einer Stra\u00dfenverkehrsgef\u00e4hrdung kam es am Montagmorgen um 05:50 Uhr auf der B39 in Richtung Baden-W\u00fcrttemberg. Nachdem ein 31-j\u00e4hriger Audi-Fahrer zwischen Ha\u00dfloch und Dudenhofen einen PKW \u00fcberholt hatte, setzte der Fahrer dieses PKW ebenfalls zum \u00dcberholen an. Da er jedoch zu fr\u00fch wieder nach einscherte, wurde der Audi nach rechts von der Fahrbahn abgedr\u00e4ngt und kollidierte hierbei mit einem Leitpfosten. An dem Audi entstand ein Sachschaden von sch\u00e4tzungsweise 500 Euro. Zu einer Ber\u00fchrung der beiden Fahrzeuge kam es nicht. Gegen den bislang unbekannten Unfallverursacher, der seine Fahrt im Anschluss fortgesetzt hatte, wurden Ermittlungen eingeleitet.<\/p>\n\n\n\n<h2 class=\"wp-block-heading\">(Lingenfeld) &#8211; Schulwegkontrolle<\/h2>\n\n\n\n<p>Montagmorgen wurden im Zeitraum von 07.30 &#8211; 08.00 Uhr vor der Grundschule in Lingenfeld Schulwegkontrollen durchgef\u00fchrt. Bei insgesamt acht Verkehrskontrollen stellten die Beamten sechs Verst\u00f6\u00dfe fest. Erfreulicherweise kam es zu keinen Beanstandungen bei der Kindersicherung.<\/p>\n\n\n\n<h2 class=\"wp-block-heading\">(Germersheim) &#8211; Verkehrskontrollen<\/h2>\n\n\n\n<p>Germersheimer Polizisten nahmen gestern im Rahmen eines sogenannten Kontrolltags die Verkehrsteilnehmer ins Visier. Am Ende des Tages blickte die Polizei auf ein bedenkliches Ergebnis. 14 Autofahrer waren ohne angelegten Sicherheitsgurt unterwegs, sieben weitere hatten w\u00e4hrend der Fahrt ihr Handy am Ohr. Dazu kamen 10 Fahrzeuge, an denen technische M\u00e4ngel festgestellt wurden. Um 10 Uhr ging den Beamten ein 22 -j\u00e4hriger Autofahrer ins Netz, der unter dem Einfluss von Bet\u00e4ubungsmitteln stand. Seine Autofahrt war somit beendet und ein Bu\u00dfgeld von mindestens 500 Euro werden die Folge sein.<\/p>\n\n\n\n<h2 class=\"wp-block-heading\">(Oberotterbach) &#8211; Verkehrsunfall mit verletztem Leichtkraftradfahrer<\/h2>\n\n\n\n<p>Am Montag, 27.09.2021, gegen 08.00 Uhr, befuhr ein 16j\u00e4hriger Leichtkraftradfahrer aus dem Kreis S\u00dcW, die B38 von Schweigen kommen in Richtung Oberotterbach. Aus ungekl\u00e4rter Ursache kam er nach rechts von der Fahrbahn ab, st\u00fcrzte und zog sich Verletzungen zu. Sein Krad war nicht mehr fahrbereit und der junge Fahrer musste durch den Rettungsdienst ins Krankenhaus gebracht werden. Es entstand Sachschaden in H\u00f6he von 3000 Euro.<\/p>\n\n\n\n<h2 class=\"wp-block-heading\">(Bad Bergzabern) &#8211; Verkehrsunfallflucht<\/h2>\n\n\n\n<p>Am Montag, 27.09.2021, in der Zeit von 08.00 bis 13.00 Uhr, parkte die Gesch\u00e4digte ihren PKW in der Neubergstra\u00dfe in Bad Bergzabern. Als sie zu ihrem Fahrzeug zur\u00fcck kam stellte sie fest, dass der PKW im Bereich des hinteren Fahrzeugeckes besch\u00e4digt wurde. Der Unfallverursacher hat sich unerlaubt von der Unfallstelle entfernt. Es entstand Sachschaden in H\u00f6he von ca. 4000 Euro. Zeugenhinweise bitte an die Polizeiinspektion Bad Bergzabern, Tel. 06343-93340 oder per E-Mail an\u00a0<a href=\"mailto:pibadbergzabern@polizei.rlp.de\">pibadbergzabern@polizei.rlp.de<\/a><\/p>\n\n\n\n<h2 class=\"wp-block-heading\">(G\u00f6cklingen) &#8211; Verkehrsunfall mit verletzten Personen<\/h2>\n\n\n\n<p>Am Montag, 27.09.21, gegen 15:15 Uhr, kam es an der Einm\u00fcndung der B48 zur L508 zu einem Verkehrsunfall mit 2 verletzten Personen.<\/p>\n\n\n\n<p>Ein 72-j\u00e4hriger Hyundai-Fahrer aus Landau bog an der Einm\u00fcndung aus Waldrohrbach kommend nach rechts in Richtung Klingenm\u00fcnster ein. Hierbei missachtete er die Vorfahrt einer 17-j\u00e4hrigen Mercedes-Fahrerin (begleitetes Fahren) aus dem Landkreis S\u00fcdwestpfalz, welche von links aus Richtung Landau in Richtung Klingenm\u00fcnster fuhr.<\/p>\n\n\n\n<p>Durch den Zusammensto\u00df wurde der Mercedes noch gegen einen auf der Abbiegespur in Richtung Waldrohrbach wartenden PKW Dacia geschleudert.<\/p>\n\n\n\n<p>Die 46-j\u00e4hrige Beifahrerin des Mercedes war kurzfristig im Fahrzeug eingeklemmt und musste durch die Feuerwehr befreit werden. Sie kam ebenso wie die Beifahrerin des Hyundai-Fahrers in ein Krankenhaus nach Landau.<\/p>\n\n\n\n<p>An den beteiligten Fahrzeugen entstand Sachschaden von insgesamt ca. 10000 Euro.<\/p>\n\n\n\n<p>Durch den Unfall kam es kurzfristig zu Verkehrsbehinderungen. Die Unfallaufnahme war gegen 16:30 Uhr beendet und die Stra\u00dfe wieder frei.<\/p>\n\n\n\n<h2 class=\"wp-block-heading\">(Landau) &#8211; Synagogenmahnmal beschmiert<\/h2>\n\n\n\n<p>Wegen Gemeinsch\u00e4dlicher Sachbesch\u00e4digung hat die Polizei Landau am Dienstag die Ermittlungen aufgenommen, da das Synagogenmahnmal in der Friedrich-Ebert-Stra\u00dfe mit schwarzer Farbe bespr\u00fcht wurde. Die Tat ereignete sich vermutlich in der Nacht von Samstag auf Sonntag. Derzeit liegen keine T\u00e4terhinweise vor. Eine Zeugin hatte den Schaden bereits am Sonntagmorgen gegen 9 Uhr festgestellt. Am Vorabend gegen 18 Uhr war noch alles Inordnung. Der Sachschaden wird auf zirka 200 EUR gesch\u00e4tzt.<\/p>\n\n\n\n<p>Zeugenhinweise nimmt die Polizeiinspektion Landau telefonisch unter 06341\/2870 entgegen.<\/p>\n\n\n\n<h2 class=\"wp-block-heading\">(Landau) &#8211; Bei Kontrolle Drogen und Schlagstock gefunden<\/h2>\n\n\n\n<p>Bei der Kontrolle eines 19 &#8211; J\u00e4hrigen am Montag gegen 11.25 Uhr am Heinrich &#8211; Heine &#8211; Platz fanden Polizisten eine geringe Menge Cannabis, die Drogen wurden sichergestellt. Die eingesetzten Polizeibeamten waren in Zivil unterwegs und konnten Marihuana Geruch wahrnehmen, daraufhin erfolgte die Personenkontrolle. Im Rucksack des Tatverd\u00e4chtigen befand sich zudem ein Teleskopschlagstock, welcher ebenfalls sichergestellt wurde. Ein Verfahren wegen Verst\u00f6\u00dfen gegen das Bet\u00e4ubungsmittelgesetz und Waffengesetz wurde eingeleitet.<\/p>\n\n\n\n<h2 class=\"wp-block-heading\">(Landau) &#8211; Betr\u00fcger im Stadtgebiet unterwegs<\/h2>\n\n\n\n<p>Wegen Betrug in mehreren F\u00e4llen ermittelt die Polizeiinspektion Landau derzeit gegen einen 61 &#8211; j\u00e4hrigen Mann aus Landau. Der Tatverd\u00e4chtige war am Montagmorgen zun\u00e4chst mit dem Taxi von Mannheim nach Landau gefahren ohne die Rechnung in H\u00f6he von 120 EUR zu bezahlen. Am Mittag speiste der 61 &#8211; J\u00e4hrige in einem Cafe, auch hier konnte er die Zeche in H\u00f6he von zirka 40 EUR nicht begleichen, die Kreditkarte war gesperrt. Zum Abschluss kehrte er noch auf einen &#8222;Absacker&#8220; in eine Kneipe in der Ostbahnstra\u00dfe ein, auch hier konnte die Rechnung in H\u00f6he von 35 EUR nicht bezahlt werden. Der Mann wurde letztlich in Gewahrsam genommen und musste die Nacht in einer Zelle verbringen. Der Landauer war in der Vergangenheit bereits mit gleichgelagerten Taten auff\u00e4llig geworden.<\/p>\n\n\n\n<h2 class=\"wp-block-heading\">(Offenbach) &#8211; Mit 3 Promille Unfall verursacht<\/h2>\n\n\n\n<p>Zu einem Auffahrunfall mit Sachschaden kam es am Montagabend gegen 19 Uhr in der Essinger Stra\u00dfe. Eine 33 &#8211; j\u00e4hrige Autofahrerin war alkoholisiert auf ein vorausfahrendes Fahrzeug aufgefahren, welches verkehrsbedingt abbremsen musste. Im Rahmen der Unfallaufnahme konnten die Polizeibeamten Atemalkoholgeruch bei der Fahrerin wahrnehmen, ein Vortest endete mit einem Ergebnis von 3 Promille. Der Frau wurde bei der Dienststelle eine Blutprobe genommen, der F\u00fchrerschein wurde einbehalten. Ein Ermittlungsverfahren wegen Gef\u00e4hrdung des Stra\u00dfenverkehrs wurde eingeleitet. Die Unfallbeteiligten blieben unverletzt. Der Sachschaden liegt im niedrigen dreistelligen Bereich.<\/p>\n\n\n\n<h2 class=\"wp-block-heading\">(Edenkoben) &#8211; Einbruch in Recyclingbetrieb<\/h2>\n\n\n\n<p>Ein Laptop entwendeten in der Nacht (27.09., 18 Uhr bis 28.09.2021, 04.45 Uhr) unbekannte T\u00e4ter aus einem Recyclingbetrieb in den Seewiesen. Zuvor schlugen die T\u00e4ter ein Fenster ein, stiegen in das Objekt und durchsuchten den gesamten B\u00fcrotrakt. Hinweise oder verd\u00e4chtige Wahrnehmungen nimmt die Polizei Edenkoben unter der Rufnummer 06323 9550 entgegen.<\/p>\n\n\n\n<h2 class=\"wp-block-heading\">(Edenkoben) &#8211; Einbruch in Firmengeb\u00e4ude<\/h2>\n\n\n\n<p>Unbekannte sind \u00fcber ein aufgebrochenes Fenster in der Nacht (27.09.,19 Uhr bis 28.09.2021, 4 Uhr) in der Staatstra\u00dfe in ein Firmengeb\u00e4ude eingestiegen und haben das gesamte Mobiliar nach Wertgegenst\u00e4nden abgesucht. Ersten Ermittlungen zufolge verlie\u00dfen die Einbrecher ohne Diebesgut das Geb\u00e4ude. Hinweise oder verd\u00e4chtige Wahrnehmungen nimmt die Polizei Edenkoben unter der Rufnummer 06323 9550 entgegen.<\/p>\n\n\n\n<h2 class=\"wp-block-heading\">(Neustadt) &#8211; Sachbesch\u00e4digung durch Graffiti-Schmiererei<\/h2>\n\n\n\n<div class=\"wp-block-image\"><figure class=\"aligncenter size-large\"><img decoding=\"async\" loading=\"lazy\" width=\"800\" height=\"600\" src=\"https:\/\/speyer24news.com\/wp-content\/uploads\/2021\/09\/Graffiti_Gimmeldingen.jpg\" alt=\"\" class=\"wp-image-41073\" srcset=\"https:\/\/speyer24news.com\/wp-content\/uploads\/2021\/09\/Graffiti_Gimmeldingen.jpg 800w, https:\/\/speyer24news.com\/wp-content\/uploads\/2021\/09\/Graffiti_Gimmeldingen-300x225.jpg 300w, https:\/\/speyer24news.com\/wp-content\/uploads\/2021\/09\/Graffiti_Gimmeldingen-768x576.jpg 768w, https:\/\/speyer24news.com\/wp-content\/uploads\/2021\/09\/Graffiti_Gimmeldingen-678x509.jpg 678w, https:\/\/speyer24news.com\/wp-content\/uploads\/2021\/09\/Graffiti_Gimmeldingen-326x245.jpg 326w, https:\/\/speyer24news.com\/wp-content\/uploads\/2021\/09\/Graffiti_Gimmeldingen-80x60.jpg 80w\" sizes=\"(max-width: 800px) 100vw, 800px\" \/><\/figure><\/div>\n\n\n\n<p>Sachschaden von mindestens 1000 Euro hat ein unbekannter T\u00e4ter verursacht, indem er in der Nacht von vergangenem Mittwoch auf Donnerstag eine Hauswand in Gimmeldingen bespr\u00fchte. Aufgrund des Schriftzuges &#8222;G-Town till I die&#8220; und der \u00d6rtlichkeit &#8211; ein schmaler Verbindungsweg zwischen der Haberackerstra\u00dfe und der Neubergstra\u00dfe, geht die Polizei davon aus, dass der T\u00e4ter in Gimmeldingen wohnt. Die Polizei Neustadt bitte um Zeugenhinweise unter 06321-8540 oder\u00a0<a href=\"mailto:pineustadt.jsg@polizei.rlp.de\">pineustadt.jsg@polizei.rlp.de<\/a><\/p>\n\n\n\n<h2 class=\"wp-block-heading\">(Neustadt) &#8211; Motorradfahrer untersch\u00e4tzt Kurve<\/h2>\n\n\n\n<p>Am 27.09.2021 gegen 19:30 Uhr befuhr ein 18-j\u00e4hriger Fahrer eines Motorrades die G\u00e4ustra\u00dfe in Richtung B39. Vermutlich wegen unangepasster Geschwindigkeit kam der 18-J\u00e4hrige nach rechts von der Fahrbahn ab und \u00fcberschlug sich auf der Gr\u00fcnfl\u00e4che. Mit R\u00fcckenschmerzen wurde der Mann ins Krankenhaus gebracht. An dem Motorrad entstand wirtschaftlicher Totalschaden.<\/p>\n\n\n\n<h2 class=\"wp-block-heading\">(Elmstein \/ L 499) &#8211; Motorradfahrer leicht verletzt<\/h2>\n\n\n\n<p>Ein 43-j\u00e4hriger Motorradfahrer verungl\u00fcckte am 27.09.2021 gegen 15:00 Uhr auf der L499 bei Elmstein. Aus bislang ungekl\u00e4rter Ursache kam der 43-J\u00e4hrige in einer Linkskurve nach rechts von der Fahrbahn ab und st\u00fcrzte zwei Meter eine B\u00f6schung hinunter. Gl\u00fccklicherweise blieb er augenscheinlich unverletzt, wurde jedoch vorsorglich im Krankenhaus untersucht. An dem Motorrad entstand wirtschaftlicher Totalschaden.<\/p>\n\n\n\n<h2 class=\"wp-block-heading\">(Bad D\u00fcrkheim) &#8211; St\u00fchle und B\u00e4nke mutwillig besch\u00e4digt<\/h2>\n\n\n\n<p>Am 28.09.2021 gegen 00:15 Uhr wurden in Bad D\u00fcrkheim, in der Seebacher Stra\u00dfe vor einer Wirtschaft St\u00fchle und B\u00e4nke besch\u00e4digt. Eine Anwohnerin konnte L\u00e4rm auf der Stra\u00dfe wahrnehmen, jedoch beim Blick aus dem Fenster keine Personen mehr feststellen. Insgesamt wurden durch die bislang unbekannten T\u00e4ter 2 St\u00fchle und 2 B\u00e4nke besch\u00e4digt. Es entstand ein Schaden von 150 Euro. Bei der Spurensuche konnte auf einer der besch\u00e4digten B\u00e4nke, eine Blutspur festgestellt und gesichert werden. Eine sofort eingeleitete Fahndung verlief negativ. Falls weitere Anwohner Opfer einer Sachbesch\u00e4digung geworden sind oder Hinweise auf den\/die T\u00e4ter vorliegen, dann wenden sie sich bitte an die Polizei Bad D\u00fcrkheim unter 06322 963 0 oder per E-Mail an\u00a0<a href=\"mailto:pibadduerkheim@polizei.rlp.de\">pibadduerkheim@polizei.rlp.de<\/a>.<\/p>\n\n\n\n<h2 class=\"wp-block-heading\">(Bad D\u00fcrkheim) &#8211; Verk\u00e4uferin abgelenkt und in Kasse gegriffen<\/h2>\n\n\n\n<p>Am 27.09.2021 gegen 12:30 Uhr kam es zu einem Trickdiebstahl in einem Modegesch\u00e4ft in der Weinstra\u00dfe S\u00fcd in Bad D\u00fcrkheim. Zwei bislang unbekannte T\u00e4ter betraten ein Modegesch\u00e4ft und verwickelten eine Mitarbeiterin geschickt in ein Verkaufsgespr\u00e4ch. Diese war dadurch so abgelenkt, dass eine dritte unbekannte Person hinter ihrem R\u00fccken den Laden betreten und unbemerkt mehrere Hundert Euro Bargeld aus der Kasse entwenden konnte. Bis die Verk\u00e4uferin den Diebstahl bemerkte, hatten auch die beiden Komplizen den Laden verlassen. <\/p>\n\n\n\n<h4 class=\"wp-block-heading\">Der m\u00e4nnliche T\u00e4ter war:<\/h4>\n\n\n\n<ul><li><strong>1,90m gro\u00df<\/strong><\/li><li><strong>kr\u00e4ftig<\/strong><\/li><li><strong>s\u00fcdlicher Teint<\/strong><\/li><li><strong>hatte braune Haare und <\/strong><\/li><li><strong>sprach mit italienischem Akzent<\/strong><\/li><li><strong>Er trug eine schwarze Jeans, G\u00fcrtel und einen blau\/braunen Strickpulli. <\/strong><\/li><\/ul>\n\n\n\n<ul><li><strong>Seine Begleiterin war 1,55m gro\u00df, zierlich, s\u00fcdlicher Teint, sprach ebenfalls mit italienischem Akzent und hatte teils schwarz, teils blonde Haare. Sie trug einen wei\u00dfen Strickpulli und schwarze Jeans. <\/strong><\/li><li><strong>Zur dritten Person liegen keine Hinweise vor. <\/strong><\/li><\/ul>\n\n\n\n<p>Die Polizei Bad D\u00fcrkheim hat die Ermittlungen aufgenommen und bittet um Hinweise unter 06322 963 0 oder per E-Mail an\u00a0<a href=\"mailto:pibadduerkheim@polizei.rlp.de\">pibadduerkheim@polizei.rlp.de<\/a><\/p>\n\n\n\n<h2 class=\"wp-block-heading\">(Weisenheim a.S.) &#8211; Gestohlenes Fahrrad wieder aufgefunden<\/h2>\n\n\n\n<p>Im Zeitraum von 27.09.2021 12:00 Uhr bis 18:00 wurde ein im Lindweg in Weisenheim am Sand abgestelltes Mountainbike entwendet. Die bislang unbekannten T\u00e4ter entwendeten das unverschlossen vor dem Wohnhaus abgestellte Fahrrad. Der 24-j\u00e4hrige Eigent\u00fcmer konnte sein Mountainbike der Marke Rockrider schlie\u00dflich im Naherholungsgebiet unweit der Tat\u00f6rtlichkeit auffinden. Sein Fahrrad lag dort neben dem Weg auf einer Wiese. Die Polizei weist darauf hin, Fahrr\u00e4der auch bei kurzer Abwesenheit immer ordnungsgem\u00e4\u00df verschlossen abzustellen. Bieten sie den T\u00e4tern keine Tatm\u00f6glichkeit. Die Polizei Bad D\u00fcrkheim bittet um Hinweise unter 06322 963 0 oder per E-Mail an\u00a0<a href=\"mailto:pibadduerkheim@polizei.rlp.de\">pibadduerkheim@polizei.rlp.de<\/a><\/p>\n\n\n\n<h2 class=\"wp-block-heading\">(Gr\u00fcnstadt) &#8211; Mehrere Kraftfahrzeugdiebst\u00e4hle<\/h2>\n\n\n\n<p>Insgesamt sieben Kraftfahrzeuge wurden in Gr\u00fcnstadt in dem Zeitraum 25.09.2021 bis 27.09.2021 gestohlen: Zun\u00e4chst wurde der Polizeiinspektion Gr\u00fcnstadt gestern der Einbruch in eine Kfz.-Werkstatt in der Obers\u00fclzer Stra\u00dfe gemeldet. Die unbekannte T\u00e4terschaft verschaffte sich durch Einwerfen einer Scheibe Zutritt zu der Werkstatt, aus der sechs Kraftr\u00e4der entwendet wurden. Der Tatzeitraum ist hier Sa., 25.09.2021 bis Mo., 27.09.2021. T\u00e4terhinweise nimmt die Polizeiinspektion Gr\u00fcnstadt in diesem, wie in dem Fall eines weiteren Kraftfahrzeugdiebstahls entgegen, der ebenfalls gestern gemeldet wurde. Zwischen So., 26.09.2021 und Mo., 27.09.2021 wurde von einem Parkplatz am Verladeplatz in Gr\u00fcnstadt ein Quad entwendet. Die Vermutung liegt nahe, dass dieses auf ein entsprechendes Fahrzeug verladen und so abtransportiert wurde.<\/p>\n\n\n\n<h2 class=\"wp-block-heading\">(Maxdorf) &#8211; Diebstahl von Bargeld nach missgl\u00fcckten Wechseltrick<\/h2>\n\n\n\n<p>Am Montag, den 27.09.2021 gegen 16:30 Uhr betrat eine m\u00e4nnliche Person ein Blumengesch\u00e4ft in der Hauptstra\u00dfe in Maxdorf und gab zun\u00e4chst vor eine Grabkerze kaufen zu wollen. Nach dem Kauf verwickelte der T\u00e4ter die Verk\u00e4uferin in ein Gespr\u00e4ch und gab an, dass er aus Kanada komme und f\u00fcr eine private Sammlung in Deutschland gepr\u00e4gte 50EUR-Scheine suche. Die Kassiererin fiel zun\u00e4chst auf den Trick herein und suchte in der Kasse nach 50EUR-Scheinen mit dieser Nummer. Allerdings legte die Kassiererin sie nicht in direkte Reichweite des T\u00e4ters, so dass er keinen Zugriff auf die Scheine erhielt. Daraufhin lenkte er die Verk\u00e4uferin erneut ab, griff sich das Geld und rannte aus dem Gesch\u00e4ft. Nach Angaben der Kassiererin d\u00fcrften ca. 200 &#8211; 300 EUR entwendet worden sein. Nach Verlassen des Gesch\u00e4ftes rannte der T\u00e4ter die Hauptstra\u00dfe in Richtung Sparkasse entlang.<\/p>\n\n\n\n<h4 class=\"wp-block-heading\">Der T\u00e4ter soll:<\/h4>\n\n\n\n<ul><li><strong>zwischen 30 und 40 Jahre alt und <\/strong><\/li><li><strong>ca. 185 &#8211; 190 gro\u00df gewesen sein. <\/strong><\/li><li><strong>Er wirkte sehr gepflegt, <\/strong><\/li><li><strong>hatte schwarze Haare und <\/strong><\/li><li><strong>trug einem karierten Anzug.<\/strong><\/li><\/ul>\n\n\n\n<p>Wer sachdienliche Hinweise zu dem genannten Fall geben kann, wird gebeten sich mit der Polizeiwache Maxdorf unter der Rufnummer 06237 \/ 934-1100 oder der Polizeiinspektion Frankenthal unter der Rufnummer 06233 \/ 313-0 in Verbindung zu setzen. Hinweise k\u00f6nnen auch per E-Mail unter\u00a0<a href=\"mailto:pwmaxdorf@polizei.rlp.de\">pwmaxdorf@polizei.rlp.de<\/a>\u00a0\u00fcbermittelt werden.<\/p>\n\n\n\n<h2 class=\"wp-block-heading\">(Birkenheide) &#8211; Abgelaufene Hauptuntersuchung f\u00fchrt zu Anzeige wegen Besitz von Bet\u00e4ubungsmitteln<\/h2>\n\n\n\n<p>Am Montag, den 27.09.2021 gegen 16:30 Uhr fiel einer Streife der Polizeiwache Maxdorf ein PKW auf, welcher bereits im April zur Hauptuntersuchung vorgef\u00fchrt werden sollte. Im Rahmen der daraus resultierenden Verkehrskontrolle konnten bei dem 31-J\u00e4hrigen Fahrer deutliche Anzeichen auf Bet\u00e4ubungsmittelkonsum festgestellt werden. Da der Fahrer die Abgabe einer Urinprobe ablehnte, wurde die Entnahme einer Blutprobe angeordnet. Bei der Durchsuchung der Person zum Zwecke des Transportes zur Dienststelle wurde eine geringe Menge Cannabis aufgefunden.<\/p>\n\n\n\n<p>Ermittlungen bei hiesiger Dienststelle ergaben, dass der Fahrer bereits mehrfach wegen Fahren unter Einfluss von Bet\u00e4ubungsmittel beanzeigt wurde. Ihn erwartet nun eine Geldbu\u00dfe von mindestens 1500 EUR ein Fahrverbot von drei Monaten und zwei Punkte in Flensburg. Au\u00dferdem wurde eine Strafanzeige wegen Besitz von Bet\u00e4ubungsmittel erstattet.<\/p>\n\n\n\n<h2 class=\"wp-block-heading\">(Frankenthal) &#8211; Verkehrsunfallflucht<\/h2>\n\n\n\n<p>Am 28.09.2021, gegen 19.40 Uhr, meldete ein Zeuge, dass er gerade zun\u00e4chst einen Knall geh\u00f6rt habe und dann in der He\u00dfheimer Stra\u00dfe, H\u00f6he Hausnummer 48, einen besch\u00e4digten Renault Megane festgestellt habe. Durch die eingesetzte Streife konnte festgestellt werden, dass der Pkw durch einen bislang unbekannten Fahrzeugf\u00fchrer an der vorderen linken Seite besch\u00e4digt wurde. Der Schaden wird auf etwa 1500 Euro gesch\u00e4tzt.<\/p>\n\n\n\n<p>Zeugen werden gebeten sich an die Polizeiinspektion Frankenthal unter der Tel.-Nr.: 06233\/313-0 oder an die Polizeiwache Maxdorf unter der Tel.-Nr.: 06237\/934-1100 zu wenden. Gerne nehmen wir Ihre Hinweise auch per E-Mail unter&nbsp;<a href=\"mailto:pifrankenthal@polizei.rlp.de\">pifrankenthal@polizei.rlp.de<\/a>&nbsp;entgegen.<\/p>\n\n\n\n<h2 class=\"wp-block-heading\">(Frankenthal) &#8211; Sachbesch\u00e4digung an Pkw<\/h2>\n\n\n\n<p>In der Zeit von 26.09.2021, 13.00 Uhr, bis 28.09.2021, 17.20 Uhr, besch\u00e4digten bislang unbekannte T\u00e4ter einen Mercedes-Benz C200, welcher auf dem Gel\u00e4nde eines Autohauses in der Industriestra\u00dfe abgestellt war, indem sie die Seiten- und Heckscheibe einschlugen. Der Schaden wird auf etwa 1000 Euro gesch\u00e4tzt.<\/p>\n\n\n\n<p>Zeugen werden gebeten sich an die Polizeiinspektion Frankenthal unter der Tel.-Nr.: 06233\/313-0 oder an die Polizeiwache Maxdorf unter der Tel.-Nr.: 06237\/934-1100 zu wenden. Gerne nehmen wir Ihre Hinweise auch per E-Mail unter\u00a0<a href=\"mailto:pifrankenthal@polizei.rlp.de\">pifrankenthal@polizei.rlp.de<\/a>\u00a0entgegen.<\/p>\n\n\n\n<h2 class=\"wp-block-heading\">(Frankenthal) &#8211; 73-J\u00e4hrige wird Opfer von Trickdieben<\/h2>\n\n\n\n<p>Am 27.09.2021 wurde eine 73-J\u00e4hrige aus Frankenthal von einer Frau angerufen, die sich als ihre Freundin ausgab. Sie erkl\u00e4rte, dass sie beim Notar sei, dringend Geld (\u00fcber 50.000 Euro) ben\u00f6tige f\u00fcr einen Wohnungskauf und wenn sie direkt bezahlen w\u00fcrde, k\u00f6nne sie mehrere tausend Euro sparen. Deshalb fragte die vermeintliche Freundin die 73-J\u00e4hrige, wie viel Geld sie schnell auftreiben k\u00f6nne. Da die Seniorin fest davon \u00fcberzeugt war, dass ihre richtige Freundin am Telefon war, teilte sie ihr mit, dass sie einen gr\u00f6\u00dferen f\u00fcnfstelligen Geldbetrag habe, mit dem sie ihr aushelfen k\u00f6nne. Daraufhin erkl\u00e4rte die Anruferin, sie k\u00f6nne jedoch nicht selbst vorbeikommen, sondern w\u00fcrde einen Angestellten des Notars vorbeischicken, um das Geld abzuholen. Dieser vermeintliche Angestellte erschien kurze Zeit sp\u00e4ter und nahm das Geld entgegen. <\/p>\n\n\n\n<h4 class=\"wp-block-heading\">Er war:<\/h4>\n\n\n\n<ul><li><strong>etwa 25 bis 30 Jahre alt<\/strong><\/li><li><strong>circa 1,70 m gro\u00df und <\/strong><\/li><li><strong>schlank. <\/strong><\/li><li><strong>Er hatte kurze dunkle Haare und <\/strong><\/li><li><strong>dunkle Augen und <\/strong><\/li><li><strong>trug eine graue Basecap, eine helle Hose sowie ein dunkles Oberteil. <\/strong><\/li><li><strong>Zudem hatte er eine braune Umh\u00e4ngetasche dabei.<\/strong><\/li><\/ul>\n\n\n\n<p>Ein sp\u00e4terer R\u00fcckruf seitens der Seniorin bei ihrer richtigen Freundin ergab, dass diese nicht bei ihr angerufen hatte und auch kein Geld von ihr ben\u00f6tigte. Daraufhin meldete die 73-J\u00e4hrige den Vorfall der Polizei. Bei einer sofort eingeleiteten Nahbereichsfahndung konnte der angebliche Notariats Angestellte nicht mehr ausfindig gemacht werden.<\/p>\n\n\n\n<ul><li><strong>Die Polizei warnt ausdr\u00fccklich vor Enkeltrickbetr\u00fcgern.<\/strong><\/li><li><strong>Seien Sie misstrauisch, wenn sich Personen als Ihre Verwandte oder Freunde ausgeben und nach Geld fragen.<\/strong><\/li><li><strong>Vergewissern Sie sich, ob der Bittsteller wirklich ein Verwandter oder aus dem Freundeskreis ist: Rufen Sie die jeweilige Person direkt unter der bisher bekannten und benutzten Nummer an und lassen Sie sich den Sachverhalt best\u00e4tigen.<\/strong><\/li><li><strong>Informieren Sie sofort die Polizei, wenn Ihnen etwas verd\u00e4chtig vorkommt.<\/strong><\/li><li><strong>Obwohl schon viele B\u00fcrgerinnen und B\u00fcrger sensibilisiert sind, gelingt es den Betr\u00fcgern in Einzelf\u00e4llen immer wieder, Geld zu erlangen. Wir bitten deshalb die B\u00fcrgerinnen und B\u00fcrger: Sprechen Sie mit Ihren Eltern und Gro\u00dfeltern, mit Ihren Freunden und Bekannten und mit Ihren Nachbarn \u00fcber dieses Ph\u00e4nomen.<\/strong><\/li><li><strong>Sind Sie bereits Opfer eines Betruges geworden, zeigen Sie die Tat unbedingt bei der Polizei an.<\/strong><\/li><\/ul>\n\n\n\n<h2 class=\"wp-block-heading\">(Frankenthal) &#8211; Sachbesch\u00e4digung an Pkw<\/h2>\n\n\n\n<p>Der Gesch\u00e4digte stellte seinen Pkw Mercedes-Benz SLK in der Zeit von 25.09.2021, 14.00 Uhr, bis 27.09.2021, 14.00 Uhr, in der Kirchenstra\u00dfe, H\u00f6he Hausnummer 8, ab. Als er wieder zu seinem Pkw kam, musste er feststellen, dass dieser durch einen bislang unbekannten T\u00e4ter an der linken Seite zerkratzt wurde. Der Schaden wird auf etwa 1000 Euro gesch\u00e4tzt.<\/p>\n\n\n\n<p>Zeugen werden gebeten sich an die Polizeiinspektion Frankenthal unter der Tel.-Nr.: 06233\/313-0 oder an die Polizeiwache Maxdorf unter der Tel.-Nr.: 06237\/934-1100 zu wenden. Gerne nehmen wir Ihre Hinweise auch per E-Mail unter\u00a0<a href=\"mailto:pifrankenthal@polizei.rlp.de\">pifrankenthal@polizei.rlp.de<\/a>\u00a0entgegen.<\/p>\n\n\n\n<h2 class=\"wp-block-heading\">(Ludwigshafen) &#8211; Unfall in der Hochfeldstra\u00dfe<\/h2>\n\n\n\n<p>Am 27.09.2021, gegen 20:30 Uhr, fuhr ein 30-J\u00e4hriger mit seinem Auto auf der Hochfeldstra\u00dfe in Richtung Maudacher Stra\u00dfe. Zur gleichen Zeit fuhr ein 31-J\u00e4hriger auf der Hochfeldstra\u00dfe in Richtung Raschigstra\u00dfe. Als der 30-J\u00e4hrige vor dem 31-J\u00e4hrigen nach links in die Eichstra\u00dfe abbog, kam es zu einem frontalen Zusammensto\u00df. Sowohl der 31-J\u00e4hrige als auch der 30-J\u00e4hrige und dessen Sohn, der auf der R\u00fcckbank sa\u00df, wurden verletzt und kamen ins Krankenhaus. Beide Autos waren nicht mehr fahrbereit und wurden abgeschleppt.<\/p>\n\n\n\n<p>Die Berufsfeuerwehr Ludwigshafen beseitigte die auslaufenden Betriebsstoffe. W\u00e4hrend der Unfallaufnahme musste die Hochfeldstra\u00dfe zwischen dem Hermann-L\u00f6ns-Weg und der K\u00f6nigsbacher Stra\u00dfe gesperrt werden.<\/p>\n\n\n\n<h2 class=\"wp-block-heading\">(Ludwigshafen) &#8211; Frau bittet Polizei um Hilfe \/ Polizei setzt DEIG gegen 38-J\u00e4hrigen ein<\/h2>\n\n\n\n<div class=\"wp-block-image\"><figure class=\"aligncenter size-large\"><img decoding=\"async\" loading=\"lazy\" width=\"800\" height=\"425\" src=\"https:\/\/speyer24news.com\/wp-content\/uploads\/2020\/12\/Taser-PI-LU.jpg\" alt=\"\" class=\"wp-image-31596\" srcset=\"https:\/\/speyer24news.com\/wp-content\/uploads\/2020\/12\/Taser-PI-LU.jpg 800w, https:\/\/speyer24news.com\/wp-content\/uploads\/2020\/12\/Taser-PI-LU-300x159.jpg 300w, https:\/\/speyer24news.com\/wp-content\/uploads\/2020\/12\/Taser-PI-LU-768x408.jpg 768w\" sizes=\"(max-width: 800px) 100vw, 800px\" \/><\/figure><\/div>\n\n\n\n<p>Am 27.09.2021, gegen 17:00 Uhr, lief zun\u00e4chst ein 38-J\u00e4hriger an Polizeibeamten in der Prinzregentenstra\u00dfe vorbei und etwas hinter ihm eine 30-J\u00e4hrige, die den Polizeibeamten zurief, dass sie den 38-J\u00e4hrigen festhalten sollten. Als die Polizeibeamten ihn daraufhin ansprachen, reagierte er zun\u00e4chst nicht, sondern warf ein bei sich gef\u00fchrtes Tierabwehrspray in einen M\u00fclleimer sowie ein Taschenmesser in ein Geb\u00fcsch. Danach blieb er stehen und verhielt sich \u00e4u\u00dferst aggressiv den Beamten gegen\u00fcber. Als er sich dann pl\u00f6tzlich in den hinteren Hosenbund griff, um etwas herauszuholen, setzten die Polizeibeamten nach vorheriger Ank\u00fcndigung das Distanz-Elektro-Impuls-Ger\u00e4t (DEIG) ein und fanden daraufhin in seiner Kleidung einen Totschl\u00e4ger. Der 38-J\u00e4hrige wurde mit zur Dienststelle genommen und kam in Gewahrsam. Ein Atemalkoholtest ergab 1,73 Promille.<\/p>\n\n\n\n<p>Bei der Befragung der 30-J\u00e4hrigen erkl\u00e4rte diese, dass es sich bei dem 38-J\u00e4hrigen um ihren ehemaligen Lebensgef\u00e4hrten handelte. Er habe sie gerade mit einem Messer bedroht und sie geschlagen. Aufgrund des h\u00f6her werdenden Passantenaufkommens sei er dann weggelaufen in die Richtung, in der sich auch die Polizeibeamten befanden. Die 30-J\u00e4hrige erkl\u00e4rte weiterhin, dass es bereits in der Vergangenheit zu physischer Gewalt gekommen sei und er oft alkoholisiert gewesen sei.<\/p>\n\n\n\n<p>Der Polizei kommt im Umgang mit h\u00e4uslicher Gewalt als st\u00e4ndig erreichbare und schnell verf\u00fcgbare Organisation eine entscheidende Rolle zu. Pr\u00e4vention, konsequente Strafverfolgung sowie weitreichender Opferschutz und Opferhilfe sollen Opfern von h\u00e4uslicher Gewalt effektiven Schutz gew\u00e4hren.<\/p>\n\n\n\n<p>Wenn auch Sie von h\u00e4uslicher Gewalt betroffen sind, nehmen Sie Kontakt mit uns auf. Bei allen Polizeidienststellen stehen Ihnen speziell geschulte Ansprechpartner zur Verf\u00fcgung.<\/p>\n\n\n\n<p>In akuten Bedrohungssituationen w\u00e4hlen Sie die Notrufnummer 110.<\/p>\n\n\n\n<h2 class=\"wp-block-heading\">(Ludwigshafen) &#8211; Bei Durchsuchung 46 Fahrr\u00e4der sichergestellt \/ Eigent\u00fcmer gesucht<\/h2>\n\n\n\n<h3 class=\"wp-block-heading\">KORREKTUR zur Pressemeldung&nbsp;<a target=\"_blank\" href=\"https:\/\/s.rlp.de\/VbanX\" rel=\"noreferrer noopener\">https:\/\/s.rlp.de\/VbanX<\/a>&nbsp;Der Fundort der Fahrr\u00e4der wurde von Wimpelstra\u00dfe in Weiherstra\u00dfe ge\u00e4ndert.<\/h3>\n\n\n\n<p>Bei einer Durchsuchung am 23.09.2021 konnten Beamte der Polizei Ludwigshafen 46 offenbar gestohlene Fahrr\u00e4der in einer Garage in der Weiherstra\u00dfe sicherstellen. Die Garage wurde durchsucht, nachdem ein Passant sein gestohlenes Fahrrad dort entdeckt hatte. Durch \u00dcberpr\u00fcfungen der Polizei konnten bislang nur vier Fahrr\u00e4der ihren Eigent\u00fcmern zugeordnet werden.<\/p>\n\n\n\n<p>Die Polizei Ludwigshafen sucht nun nach den Eigent\u00fcmerinnen und Eigent\u00fcmern der restlichen Fahrr\u00e4der. Lichtbilder der Fahrr\u00e4der sind unter&nbsp;<a target=\"_blank\" href=\"https:\/\/s.rlp.de\/zhqZF\" rel=\"noreferrer noopener\">https:\/\/s.rlp.de\/zhqZF<\/a>&nbsp;ver\u00f6ffentlicht.<\/p>\n\n\n\n<p>Die Fahrr\u00e4der k\u00f6nnen nur bei Vorlage eines Eigentumsnachweises (z.B. Rechnung) ausgeh\u00e4ndigt werden.<\/p>\n\n\n\n<p>Die Ermittlungen zu dem oder den T\u00e4tern dauern noch an.<\/p>\n\n\n\n<p>Sachdienliche Hinweise bitte an die Polizeiinspektion Ludwigshafen 2, Telefonnummer 0621 963-2222 oder per E-Mail\u00a0<a href=\"mailto:piludwigshafen2@polizei.rlp.de\">piludwigshafen2@polizei.rlp.de<\/a>\u00a0.<\/p>\n\n\n\n<h2 class=\"wp-block-heading\">(Mannheim) &#8211; Drei Tatverd\u00e4chtige wegen des Verdachts des Bet\u00e4ubungsmittelhandels in nicht geringer Menge in Haft \/ Sicherstellung von 3,6 Kilogramm Marihuana<\/h2>\n\n\n\n<h3 class=\"wp-block-heading\">Gemeinsame Presseerkl\u00e4rung der Staatsanwaltschaft Mannheim und des Polizeipr\u00e4sidiums Mannheim:<\/h3>\n\n\n\n<p>Auf Antrag der Staatsanwaltschaft Mannheim wurde durch das Amtsgericht Mannheim Haftbefehl gegen drei M\u00e4nner im Alter zwischen 20 und 26 Jahren erlassen. Sie stehen im dringenden Verdacht, einen schwunghaften Handel mit Bet\u00e4ubungsmitteln in Mannheim betrieben zu haben.<\/p>\n\n\n\n<p>Zwei der Tatverd\u00e4chtigen im Alter von 20 und 25 Jahren sollen seit sp\u00e4testens September 2021 im Stadtgebiet von Mannheim Marihuana, auch in gr\u00f6\u00dferen Mengen, an eine Vielzahl von Abnehmern verkauft haben. F\u00fcr den 26.09.2021 war der Verkauf von mindestens 600 Gramm Marihuana an einen 26-j\u00e4hrigen Tatverd\u00e4chtigen vereinbart, welches dieser wiederum gewinnbringend an weitere Abnehmer weiterzuverkaufen beabsichtigte. Zur \u00dcbergabe des Rauschgifts kam es jedoch nicht mehr, da die drei M\u00e4nner zuvor vorl\u00e4ufig festgenommen werden konnten. Bei der Durchsuchung eines von ihnen angemieteten Zimmers in einem Hotel in der Mannheimer Innenstadt wurden insgesamt 3,6 Kilogramm Marihuana aufgefunden und sichergestellt. Bei dem 26-J\u00e4hrigen wurden zudem 2.600 Euro Bargeld sichergestellt, welches f\u00fcr den Kauf des Rauschgifts vorgesehen war.<\/p>\n\n\n\n<p>Durch die Staatsanwaltschaft Mannheim wurden beim Amtsgericht Mannheim Haftbefehle gegen die Tatverd\u00e4chtigen erwirkt. Sie wurden am Montag, 27.09.2021, dem Haft- und Ermittlungsrichter beim Amtsgericht Mannheim vorgef\u00fchrt. Nach der Er\u00f6ffnung der Haftbefehle wegen Flucht- und Verdunkelungsgefahr wurden alle drei in Justizvollzugsanstalten eingeliefert.<\/p>\n\n\n\n<p>Die Ermittlungen der Staatsanwaltschaft Mannheim und der Ermittlungsgruppe Rauschgift dauern an.<\/p>\n\n\n\n<h2 class=\"wp-block-heading\">(Mannheim-Innenstadt) &#8211; Mit Stra\u00dfenbahn zusammengesto\u00dfen<\/h2>\n\n\n\n<p>Als ein 28-J\u00e4hriger am Montagmorgen von E 6 in Richtung D 6 fuhr, \u00fcbersah er dabei eine, an der Haltestelle Rathaus, anfahrende Stra\u00dfenbahn und kollidierte mit dieser. Gl\u00fccklicherweise wurde weder der Autofahrer noch die Mitfahrenden in der Bahn verletzt. Es entstand ein Sachschaden von mehr mindestens 8.000 Euro, wobei der Fiat des Unfallverursachers abgeschleppt werden musste. Die Stra\u00dfenbahn hingegen konnte trotz leicht besch\u00e4digter Seitent\u00fcre ihre Fahrt nach Ludwigshafen fortsetzen. W\u00e4hrend der Unfallaufnahme kam es im Linienverkehr zu geringen St\u00f6rungen.<\/p>\n\n\n\n<h2 class=\"wp-block-heading\">(Mannheim-K\u00e4fertal) &#8211; Dixi-Toilette in Brand gesetzt \/ Wer kann Hinweise geben?<\/h2>\n\n\n\n<p>Ein Autofahrer wurde in Nacht von Montag auf Dienstag auf ein Feuer in einer Baustelle aufmerksam und alarmierte Polizei und Feuerwehr. Ein oder mehrere Unbekannte hatten ein aufgestelltes Dixi-Klo in Brand gesetzt, dass trotz der schnellen L\u00f6scharbeiten vollkommen zerst\u00f6rt wurde. Gl\u00fccklicherweise griff das Feuer nicht auf andere Gegenst\u00e4nde \u00fcber. Das Polizeirevier Mannheim-K\u00e4fertal ermittelt wegen Sachbesch\u00e4digung durch Brandlegung und sucht in diesem Zusammenhang nach Zeugen. Hinweisgeber, die gegen 23.30 Uhr oder kurz zuvor Verd\u00e4chtiges beobachtet haben, werden gebeten, sich unter 0621 718490 zu melden.<\/p>\n\n\n\n<h2 class=\"wp-block-heading\">(Heidelberg) &#8211; 16-j\u00e4hrige Jugendliche vermisst \/ \u00d6ffentlichkeitsfahndung der Polizei<\/h2>\n\n\n\n<div class=\"wp-block-image\"><figure class=\"aligncenter size-large\"><img decoding=\"async\" loading=\"lazy\" width=\"500\" height=\"599\" src=\"https:\/\/speyer24news.com\/wp-content\/uploads\/2021\/09\/britney_m.jpg\" alt=\"\" class=\"wp-image-41074\" srcset=\"https:\/\/speyer24news.com\/wp-content\/uploads\/2021\/09\/britney_m.jpg 500w, https:\/\/speyer24news.com\/wp-content\/uploads\/2021\/09\/britney_m-250x300.jpg 250w\" sizes=\"(max-width: 500px) 100vw, 500px\" \/><\/figure><\/div>\n\n\n\n<p>Seit 24.09.2021 sucht die Polizei nach der 16-j\u00e4hrigen Britney M. Britney wurde zuletzt in einer Aufnahmegruppe f\u00fcr Jugendliche in Heidelberg gesehen. Danach verlie\u00df sie die Gruppe, ohne andere Personen \u00fcber ihren weiteren Aufenthaltsort in Kenntnis zu setzen.<\/p>\n\n\n\n<p>M\u00f6gliche Hinwendungspunkte f\u00fcr Britney befinden sich in Heidelberg, Mannheim und Mosbach. Bisherige \u00dcberpr\u00fcfungen f\u00fchrten jedoch noch nicht zum Auffinden der Jugendlichen.<\/p>\n\n\n\n<div class=\"wp-block-image\"><figure class=\"aligncenter size-large\"><img decoding=\"async\" loading=\"lazy\" width=\"500\" height=\"699\" src=\"https:\/\/speyer24news.com\/wp-content\/uploads\/2021\/09\/britney_m_2_.jpg\" alt=\"\" class=\"wp-image-41075\" srcset=\"https:\/\/speyer24news.com\/wp-content\/uploads\/2021\/09\/britney_m_2_.jpg 500w, https:\/\/speyer24news.com\/wp-content\/uploads\/2021\/09\/britney_m_2_-215x300.jpg 215w\" sizes=\"(max-width: 500px) 100vw, 500px\" \/><\/figure><\/div>\n\n\n\n<h4 class=\"wp-block-heading\">Die 16-J\u00e4hrige wird wie folgt beschrieben: <\/h4>\n\n\n\n<ul><li><strong>ungef\u00e4hr 170 cm gro\u00df<\/strong><\/li><li><strong>ca. 65 kg<\/strong><\/li><li><strong>glatte, braune und schulterlange Haare.<\/strong><\/li><\/ul>\n\n\n\n<p>Zeugen, welche die Vermisste gesehen haben oder Hinweise zum Aufenthaltsort der Person geben k\u00f6nnen, werden gebeten, sich unter 0621 174-4444 an die Kriminalpolizei oder unter 110 an den Polizei-Notruf zu wenden. Au\u00dferdem nimmt auch jede andere Polizeidienststelle Hinweise entgegen.<\/p>\n\n\n\n<h2 class=\"wp-block-heading\">(Heidelberg-Bergheim) &#8211; 50-J\u00e4hriger unter Drogeneinfluss und mit gestohlenem Fahrrad unterwegs<\/h2>\n\n\n\n<p>Am Montagabend gegen 19:00 Uhr fielen den Kr\u00e4ften des Einsatzzugs Heidelberg zwei Radfahrer auf, welche die Bergheimer Stra\u00dfe in Richtung R\u00f6merstra\u00dfe befuhren. Einer der Beiden geriet durch seine unsichere Fahrweise in das Visier, weshalb die beiden kontrolliert werden sollten. Noch bevor die Fahrradfahrer zum Anhalten aufgefordert werden konnten, st\u00fcrzte der unsichere Fahrer auf die Stra\u00dfe. Gl\u00fccklicherweise blieb er hierbei unverletzt. Bei einer anschlie\u00dfenden Kontrolle fiel der gest\u00fcrzte 50-J\u00e4hrige dann weiter durch eine verwaschene Aussprache und einen schwankenden Gang auf. Der zun\u00e4chst angenommene Verdacht einer vorliegenden Trunkenheit best\u00e4tigte sich nach Durchf\u00fchrung eines Atemalkoholtests nicht. Da allerdings auch der Verdacht bestand, dass der 50-J\u00e4hrige unter dem Einfluss von Bet\u00e4ubungsmitteln stand, wurde er zusammen mit seinem Fahrrad zur weiteren Abkl\u00e4rung mit auf das Polizeirevier genommen. Sein Begleiter konnte nach Feststellung der Personalien wiederum den Heimweg antreten. Auf dem Polizeirevier wurde dem 50-J\u00e4hrigen schlie\u00dflich eine Blutprobe entnommen. Bei einer \u00dcberpr\u00fcfung der Fahrradrahmennummer stellte sich dann noch heraus, dass das Rad bei einer Polizeidienststelle in Kehl als gestohlen gemeldet wurde. Das Fahrrad wurde sichergestellt. Der 50-J\u00e4hrige, der angab, das Gef\u00e4hrt von einem Freund zu haben, konnte nach Beendigung der polizeilichen Ma\u00dfnahmen den Nachhauseweg antreten.<\/p>\n\n\n\n<p>Gegen ihn wird nun wegen des Verdachts des Fahrens unter Drogeneinfluss ermittelt. Dar\u00fcber hinaus hat das Polizeirevier Heidelberg-Mitte die weiteren Ermittlungen zu dem Fahrraddiebstahl<\/p>\n\n\n\n<h2 class=\"wp-block-heading\">(Heidelberg-Kirchheim) &#8211; 42-J\u00e4hriger nach versuchtem Diebstahl festgenommen<\/h2>\n\n\n\n<p>In der Nacht zum Dienstag, gegen 00:30 Uhr suchte ein 42-J\u00e4hriger einen Hotelparkplatz im Heuauer Weg auf und machte sich an Fahrr\u00e4dern zu schaffen, die auf einem Fahrradtr\u00e4ger eines geparkten Autos standen. Offenbar war der Mann auf der Suche nach Wertgegenst\u00e4nden, als er die Satteltaschen der R\u00e4der durchsuchte. Ein aufmerksamer Zeuge, der den versuchten Diebstahl bemerkte, verst\u00e4ndigte sofort die Polizei. Der 42-J\u00e4hrige ergriff daraufhin die Flucht und entfernte sich noch vorm Eintreffen der Polizeibeamten in Richtung Friedhof. Im Rahmen der Fahndung konnte der 42-J\u00e4hrige, von dem eine detaillierte Personenbeschreibung vorlag, an der Haltestelle Kirchheim Friedhof angetroffen und vorl\u00e4ufig festgenommen werden. Der sichtlich alkoholisierte Mann hatte allerdings wenig Verst\u00e4ndnis f\u00fcr die polizeilichen Ma\u00dfnahmen und verhielt sich gegen\u00fcber den Beamten unkooperativ. Der 42-J\u00e4hrige, der sich nicht ausweisen wollte, wurde schlie\u00dflich mit auf das Polizeirevier genommen. Bei einer anschlie\u00dfenden Durchsuchung der Sachen des 42-J\u00e4hrigen fanden die Polizisten kein Diebesgut. Nachdem die Personalien des Mannes feststanden, verblieb er noch bis zur Erlangung der N\u00fcchternheit im polizeilichen Gewahrsam.<\/p>\n\n\n\n<p>Gegen ihn wird nun wegen des Verdachts des versuchten Diebstahls ermittelt.<\/p>\n\n\n\n<h2 class=\"wp-block-heading\">(Heidelberg-Neuenheim) &#8211; Fahrzeugbrand<\/h2>\n\n\n\n<h3 class=\"has-text-align-center wp-block-heading\">Pressemitteilung Nr. 2<\/h3>\n\n\n\n<p>Am Montagnachmittag gegen 16:00 Uhr geriet ein PKW in der Lutherstra\u00dfe\/Ecke Uferstra\u00dfe aus bislang unbekannter Ursache in Brand. Als die Feuerwehr an der Brand\u00f6rtlichkeit eintraf, stand der PKW bereits in Vollbrand. Gl\u00fccklicherweise wurde niemand verletzt. Der Sachschaden wird derzeit auf rund 5000 Euro gesch\u00e4tzt.<\/p>\n\n\n\n<p>Die Ermittlungen zur Brandursache dauern an.<\/p>\n\n\n\n<h2 class=\"wp-block-heading\">(Heidelberg-Ziegelhausen) &#8211; Autofahrerin \u00fcberholt Radfahrerin r\u00fccksichtlos und fl\u00fcchtet<\/h2>\n\n\n\n<p>Wegen Gef\u00e4hrdung des Stra\u00dfenverkehrs ermittelt das Polizeirevier Heidelberg-Nord derzeit gegen eine 72-J\u00e4hrige. Diese hatte am Montagmittag trotz der engen Fahrbahn in der Reinhard-Hoppe-Stra\u00dfe eine 45-j\u00e4hrige Radfahrerin \u00fcberholt und dabei nicht nur den Sicherheitsabstand unterschritten, sondern die Zweiradfahrerin am Lenker und K\u00f6rper gestreift. Gl\u00fccklicherweise kam die 45-J\u00e4hrige nicht zu Fall und wurde nicht verletzt &#8211; die Autofahrerin setzte ihren Weg ungehindert fort und blieb zun\u00e4chst unbekannt. Mit Hilfe der Angaben der 45-J\u00e4hrigen sowie einer Zeugin, die den Vorfall beobachtet hatte, wurde die 72-J\u00e4hrige noch am selben Tag von den Beamten des Polizeireviers Heidelberg-Nord ermittelt.<\/p>\n\n\n\n<p>Achtung: Fahrer von Kraftfahrzeugen m\u00fcssen beim \u00dcberholen von Fu\u00dfg\u00e4ngern, Radfahrern oder E-Scooter-Fahrern innerorts mindestens 1,5 Meter und au\u00dferorts mindestens 2 Meter Seitenabstand einhalten. Wenn aufgrund der Verkehrssituation kein ausreichender Sicherheitsabstand eingehalten werden kann, muss das \u00dcberholen unterbleiben!<\/p>\n\n\n\n<h2 class=\"wp-block-heading\">(Plankstadt &#8211; B 535 \/ Rhein-Neckar-Kreis) &#8211; Schwerer Unfall \/ Fahrbahn in Richtung HD derzeit komplett gesperrt<\/h2>\n\n\n\n<h3 class=\"has-text-align-center wp-block-heading\">Pressemitteilung Nr. 1<\/h3>\n\n\n\n<p>Wegen eines schweren Verkehrsunfalls mit drei Fahrzeugen ist die Bundesstra\u00dfe 535 in Fahrtrichtung Heidelberg derzeit (28.09.2021 \u2013 07:42) komplett gesperrt. Neben den Beamten des Polizeireviers Schwetzingen sind auch die Feuerwehr und der Rettungsdienst im Einsatz.<\/p>\n\n\n\n<h2 class=\"wp-block-heading\">(Plankstadt &#8211; B 535 \/ Rhein-Neckar-Kreis) &#8211; Schwerer Unfall \/ Fahrbahn in Richtung HD wieder freigegeben<\/h2>\n\n\n\n<h3 class=\"has-text-align-center wp-block-heading\">Pressemitteilung Nr. 2<\/h3>\n\n\n\n<p>Wegen eines schweren Verkehrsunfalls mit drei Fahrzeugen ist die Bundesstra\u00dfe 535 in Fahrtrichtung Heidelberg wieder freigegeben. Die besch\u00e4digten Fahrzeuge wurden abgeschleppt, die Betriebsstoffe von der Fahrbahn entfernt.<\/p>\n\n\n\n<p>\u00dcber die Unfallursache sowie die Unfallbeteiligten berichten wir nach.<\/p>\n\n\n\n<h2 class=\"wp-block-heading\">(Plankstadt &#8211; B 535 \/ Rhein-Neckar-Kreis) &#8211; Schwerer Unfall auf B535<\/h2>\n\n\n\n<h3 class=\"has-text-align-center wp-block-heading\">Pressemitteilung Nr. 3<\/h3>\n\n\n\n<p>Um 7:10 Uhr am Dienstagmorgen kam es zu einem schweren Unfall auf der B535 in Fahrtrichtung Heidelberg. Ein 29-J\u00e4hriger fuhr von der L630 kommend auf die Bundesstra\u00dfe auf, wobei er die Vorfahrt eines 47-J\u00e4hrigen missachtete, der in dieselbe Richtung fuhr. Nach der seitlichen Kollision beider Fahrzeuge, kamen beide Fahrer von der Fahrbahn ab und stie\u00dfen in die Leitplanke. Der 29-j\u00e4hrige Unfallverursacher und sein Beifahrer wurden bei dem Unfall nicht verletzt, der 47-J\u00e4hrige kam zur weiteren Untersuchung in ein Krankenhaus. Die beiden Autos wurden teilweise total besch\u00e4digt und mussten abgeschleppt werden. Der entstandene Sachschaden kann bislang nicht beziffert werden.<\/p>\n\n\n\n<p>W\u00e4hrend der Unfallaufnahme durch die Beamten des Polizeireviers Schwetzingen, sowie der anschlie\u00dfenden Bergungs- und Reinigungsarbeiten durch die Freiwilligen Feuerwehren Plankstadt und Eppelheim, war die Bundesstra\u00dfe f\u00fcr eine Stunde voll- und anschlie\u00dfend teilweise gesperrt. Der Streckenabschnitt konnte um 9.10 Uhr wieder freigegeben werden.<\/p>\n\n\n\n<p>Entgegen der Erstmeldung waren lediglich zwei Fahrzeuge in den Unfall involviert.<\/p>\n\n\n\n<h2 class=\"wp-block-heading\">(Hockenheim \/ A 6 \/ Rhein-Neckar-Kreis) &#8211;  Schwerpunktkontrollen zur Bek\u00e4mpfung der Hauptunfallursache Alkohol und Drogen im Stra\u00dfenverkehr<\/h2>\n\n\n\n<div class=\"wp-block-image\"><figure class=\"aligncenter size-large\"><img decoding=\"async\" loading=\"lazy\" width=\"800\" height=\"600\" src=\"https:\/\/speyer24news.com\/wp-content\/uploads\/2021\/04\/Kontrolle.jpg\" alt=\"\" class=\"wp-image-34702\" srcset=\"https:\/\/speyer24news.com\/wp-content\/uploads\/2021\/04\/Kontrolle.jpg 800w, https:\/\/speyer24news.com\/wp-content\/uploads\/2021\/04\/Kontrolle-300x225.jpg 300w, https:\/\/speyer24news.com\/wp-content\/uploads\/2021\/04\/Kontrolle-768x576.jpg 768w, https:\/\/speyer24news.com\/wp-content\/uploads\/2021\/04\/Kontrolle-678x509.jpg 678w, https:\/\/speyer24news.com\/wp-content\/uploads\/2021\/04\/Kontrolle-326x245.jpg 326w, https:\/\/speyer24news.com\/wp-content\/uploads\/2021\/04\/Kontrolle-80x60.jpg 80w\" sizes=\"(max-width: 800px) 100vw, 800px\" \/><\/figure><\/div>\n\n\n\n<p>Die Autobahnpolizei Walldorf des Polizeipr\u00e4sidiums Mannheim f\u00fchrte am Montag, den 27.09.2021 zwischen 09.30 Uhr und 16:00 Uhr in Zusammenarbeit mit dem Kompetenzteam &#8222;Drogen im Stra\u00dfenverkehr&#8220; (KoDiS) auf der Tank- und Rastanlage &#8222;Hockenheim&#8220; an der A 6 in Fahrtrichtung Heilbronn eine Schwerpunktkontrollaktion mit der Zielrichtung Bek\u00e4mpfung der Hauptunfallursache Drogen und Alkohol im Stra\u00dfenverkehr durch.<\/p>\n\n\n\n<p>Dabei wurden bei der Kontrolle insgesamt 74 Fahrzeuge und 143 Personen kontrolliert. Insgesamt wurden 4 Fahrer, die unter Drogeneinfluss am Stra\u00dfenverkehr teilnahmen sowie ein Verkehrsteilnehmer, der unter Alkoholeinfluss stand, festgestellt. Ihnen wurden an der Kontrollstelle durch einen Arzt Blutproben entnommen. Sechs Autofahrer m\u00fcssen sich zudem wegen Drogenbesitzes verantworten. Zwei Autofahrer waren ohne die erforderliche Fahrerlaubnis unterwegs. Dar\u00fcber hinaus wurden ein Versto\u00df gegen das Waffengesetz sowie ein Versto\u00df gegen das Asylverfahrensgesetz festgestellt<\/p>\n\n\n\n<h4 class=\"wp-block-heading\">Weiterhin konnten nachfolgende Feststellungen getroffen werden:<\/h4>\n\n\n\n<ul><li><strong>Ein Autofahrer hatte sein Fahrzeug durch Abkleben der R\u00fcck- und Frontleuchten so ver\u00e4ndert, dass die Betriebserlaubnis erlosch.<\/strong><\/li><li><strong>An einem Fahrzeug war das Profil der Hinterreifen vollst\u00e4ndig abgefahren<\/strong><\/li><li><strong>F\u00fcr zwei Fahrzeuge konnten die jeweiligen Halter keinen Versicherungsschutz vorweisen. Sie gelangen nun wegen Versto\u00dfes gegen das Pflichtversicherungsgesetz zur Anzeige.<\/strong><\/li><\/ul>\n\n\n\n<p>An der Kontrollstelle waren insgesamt 17 Beamte der Polizeireviere und Verkehrspolizei sowie das Kompetenzteam des Polizeipr\u00e4sidiums Mannheim eingesetzt. Zudem unterst\u00fctzte ein Einsatzzug der Bereitschaftspolizei Bruchsal die Kontrollma\u00dfnahmen.<\/p>\n\n\n\n<p>Die intensive Fortbildung aller Verkehrspolizisten und immer mehr Beamten\/-innen der Streifendienste der Polizeireviere, die Zentralisierung der Qualit\u00e4tskontrolle sowie die \u00dcbernahme der Fachaufsicht durch eine Expertengruppe KoDiS &#8222;Drogen im Stra\u00dfenverkehr&#8220; hat in den letzten Jahren zu einer deutlichen Qualit\u00e4tssteigerung und Intensivierung bei der Bek\u00e4mpfung der Hauptunfallursache Drogen im Stra\u00dfenverkehr gef\u00fchrt. Verkehrsteilnehmer, die sich unter Drogeneinfluss ans Steuer setzen, m\u00fcssen k\u00fcnftig zu jeder Zeit an jeder beliebigen Stelle damit rechnen, in eine Drogenkontrolle zu geraten. Die Schulungen und Kontrollen werden intensiv fortgesetzt.<\/p>\n\n\n\n<h2 class=\"wp-block-heading\">(Wiesloch \/ Rhein-Neckar-Kreis) &#8211; Schwerer Unfall auf L723<\/h2>\n\n\n\n<p>Am Montagvormittag kam es auf der L723 in Fahrtrichtung Walldorf zu einem schweren Verkehrsunfall bei dem ein Sachschaden von 25.000 Euro entstand. Auf H\u00f6he der Kreuzung zur B3 wurde eine 39-j\u00e4hrige VW-Fahrerin zu sp\u00e4t auf den vor ihr stehenden Verkehr aufmerksam und fuhr deshalb um 9.50 Uhr auf einen vor ihr bremsenden Ford auf. Durch die Wucht des Aufpralls wurde dieser wiederum auf einen an der roten Ampel stehenden Ford Fiesta gesto\u00dfen. Die Unfallverursacherin erlitt eine Fraktur an der Hand und kam zu weiteren Behandlung in Krankenhaus. Auch der Beifahrer des Ford-Fiesta Fahrers wurde leicht verletzt. Der VW wurde derart besch\u00e4digt, dass dieser abgeschleppt werden musste.<\/p>\n","protected":false},"excerpt":{"rendered":"<div class=\"mh-excerpt\"><p>Polizeimeldungen vom Dienstag (28.09.2021) (Speyer \/ B 9) &#8211; Verkehrsunfall mit 2 Leichtverletzten und hohem Sachschaden Am Montag, 27.09.21 gegen 18h kam es auf der B9 in Richtung Speyer an der Anschlussstelle Otterstadt zu einem <a class=\"mh-excerpt-more\" href=\"https:\/\/speyer24news.com\/?p=41070\" title=\"Polizei\">[&#8230;]<\/a><\/p>\n<\/div>","protected":false},"author":3,"featured_media":26162,"comment_status":"open","ping_status":"open","sticky":false,"template":"","format":"standard","meta":{"_monsterinsights_skip_tracking":false,"_monsterinsights_sitenote_active":false,"_monsterinsights_sitenote_note":"","_monsterinsights_sitenote_category":0,"footnotes":""},"categories":[12],"tags":[702,61,2555,6955,6986,6263,63,105,11150,6987,53,4854,4683,1548,4905,102,213,55,6368,5261,103,106,2803,2423,427,2625,380,62,104,979,1565],"aioseo_notices":[],"amp_enabled":true,"_links":{"self":[{"href":"https:\/\/speyer24news.com\/index.php?rest_route=\/wp\/v2\/posts\/41070"}],"collection":[{"href":"https:\/\/speyer24news.com\/index.php?rest_route=\/wp\/v2\/posts"}],"about":[{"href":"https:\/\/speyer24news.com\/index.php?rest_route=\/wp\/v2\/types\/post"}],"author":[{"embeddable":true,"href":"https:\/\/speyer24news.com\/index.php?rest_route=\/wp\/v2\/users\/3"}],"replies":[{"embeddable":true,"href":"https:\/\/speyer24news.com\/index.php?rest_route=%2Fwp%2Fv2%2Fcomments&post=41070"}],"version-history":[{"count":1,"href":"https:\/\/speyer24news.com\/index.php?rest_route=\/wp\/v2\/posts\/41070\/revisions"}],"predecessor-version":[{"id":41076,"href":"https:\/\/speyer24news.com\/index.php?rest_route=\/wp\/v2\/posts\/41070\/revisions\/41076"}],"wp:featuredmedia":[{"embeddable":true,"href":"https:\/\/speyer24news.com\/index.php?rest_route=\/wp\/v2\/media\/26162"}],"wp:attachment":[{"href":"https:\/\/speyer24news.com\/index.php?rest_route=%2Fwp%2Fv2%2Fmedia&parent=41070"}],"wp:term":[{"taxonomy":"category","embeddable":true,"href":"https:\/\/speyer24news.com\/index.php?rest_route=%2Fwp%2Fv2%2Fcategories&post=41070"},{"taxonomy":"post_tag","embeddable":true,"href":"https:\/\/speyer24news.com\/index.php?rest_route=%2Fwp%2Fv2%2Ftags&post=41070"}],"curies":[{"name":"wp","href":"https:\/\/api.w.org\/{rel}","templated":true}]}}