{"id":41103,"date":"2021-09-30T06:41:32","date_gmt":"2021-09-30T05:41:32","guid":{"rendered":"https:\/\/speyer24news.com\/?p=41103"},"modified":"2021-09-30T06:41:33","modified_gmt":"2021-09-30T05:41:33","slug":"stadtnotiz-verkehrsnotiz-aus-speyer-2","status":"publish","type":"post","link":"https:\/\/speyer24news.com\/?p=41103","title":{"rendered":"Stadtnotiz &#038; Verkehrsnotiz aus Speyer"},"content":{"rendered":"<style type=\"text\/css\">\r\n\t.ads_top_disp{}\r\n\t.ads_top_corner_disp{ float:left; margin:0px 10px 10px 0px; }\r\n\t.ads_first_p_disp{}\r\n\t.ads_bottom_disp{}\r\n\t<\/style>\n<h1 class=\"has-text-align-center wp-block-heading\">Stadtnotiz<\/h1>\n\n\n\n<div class=\"wp-block-image\"><figure class=\"aligncenter size-large\"><img decoding=\"async\" loading=\"lazy\" width=\"800\" height=\"600\" src=\"https:\/\/speyer24news.com\/wp-content\/uploads\/2020\/01\/Speyer-Stadtnachrichten-2.jpg\" alt=\"\" class=\"wp-image-23901\" srcset=\"https:\/\/speyer24news.com\/wp-content\/uploads\/2020\/01\/Speyer-Stadtnachrichten-2.jpg 800w, https:\/\/speyer24news.com\/wp-content\/uploads\/2020\/01\/Speyer-Stadtnachrichten-2-300x225.jpg 300w, https:\/\/speyer24news.com\/wp-content\/uploads\/2020\/01\/Speyer-Stadtnachrichten-2-768x576.jpg 768w, https:\/\/speyer24news.com\/wp-content\/uploads\/2020\/01\/Speyer-Stadtnachrichten-2-678x509.jpg 678w, https:\/\/speyer24news.com\/wp-content\/uploads\/2020\/01\/Speyer-Stadtnachrichten-2-326x245.jpg 326w, https:\/\/speyer24news.com\/wp-content\/uploads\/2020\/01\/Speyer-Stadtnachrichten-2-80x60.jpg 80w\" sizes=\"(max-width: 800px) 100vw, 800px\" \/><\/figure><\/div>\n\n\n\n<h2 class=\"wp-block-heading\">Speyerer Autorengruppen in der Stadtbibliothek<\/h2>\n\n\n\n<h3 class=\"wp-block-heading\">Gleich drei Autorengruppen pr\u00e4sentieren im Oktober ihre Texte in der Villa Ecarius.<\/h3>\n\n\n\n<div class=\"wp-block-image\"><figure class=\"aligncenter size-large\"><img decoding=\"async\" loading=\"lazy\" width=\"667\" height=\"500\" src=\"https:\/\/speyer24news.com\/wp-content\/uploads\/2019\/10\/Villa-Ecarius.jpg\" alt=\"\" class=\"wp-image-20878\" srcset=\"https:\/\/speyer24news.com\/wp-content\/uploads\/2019\/10\/Villa-Ecarius.jpg 667w, https:\/\/speyer24news.com\/wp-content\/uploads\/2019\/10\/Villa-Ecarius-300x225.jpg 300w, https:\/\/speyer24news.com\/wp-content\/uploads\/2019\/10\/Villa-Ecarius-326x245.jpg 326w, https:\/\/speyer24news.com\/wp-content\/uploads\/2019\/10\/Villa-Ecarius-80x60.jpg 80w\" sizes=\"(max-width: 667px) 100vw, 667px\" \/><\/figure><\/div>\n\n\n\n<p>Den Anfang macht am <strong>Freitag, 8. Oktober 2021, der \u201eClub der lebenden Autoren\u201c mit \u201eEine Villa voller Worte\u201c<\/strong>. Die Kurzgeschichten und Gedichte sind exklusiv zum hundertj\u00e4hrigen Jubil\u00e4um der Stadtbibliothek entstanden. Mal geheimnisvoll, mal voller Poesie, handeln sie vom Lesen und Schreiben und erz\u00e4hlen vom Zauber, wie er nur in B\u00fcchern zu finden ist. Die frisch ver\u00f6ffentlichte Anthologie, die neben den Texten auch Bilder und Informationen zur Geschichte der Stadtbibliothek enth\u00e4lt, kann an dem Abend erworben werden.<\/p>\n\n\n\n<p>Der <strong>Literarische Verein Pfalz, Sektion Spira<\/strong>, ist am <strong>Mittwoch, 13. Oktober 2021<\/strong>, mit dem Programm <strong>\u201eNicht aufzuhalten\u201c<\/strong> in der Villa. Es handelt sich um Texte der Spira-Autor*innen Ulrich Bunjes, Eva Constanze Gr\u00f6ger, Ulrike Gr\u00f6mling, Susanna Hedrich, Marie-Christiane Kornmann, Sne\u017eana Lazi\u0107, Tamara Oestreicher, Rosi Schmitt und Sonja Viola Senghaus. Entstanden sind die Texte w\u00e4hrend des Lockdowns. Sie erz\u00e4hlen vom kreativen Warten, der Suche nach neuen Wegen und der unaufhaltsamen Phantasie. Musikalisch begleitet werden die Vortr\u00e4ge von David Pallmann am Klavier.<\/p>\n\n\n\n<p>Den Abschluss der Veranstaltungsreihe \u00fcbernehmen die <strong>Phantastik Autoren<\/strong> unter der Leitung von Jutta Ehmke mit einer Halloweenlesung am <strong>Freitag, 29. Oktober 2021.<\/strong> Unter dem Titel <strong>\u201eS\u00fc\u00dfes oder Saures\u201c<\/strong> erwarten die Zuh\u00f6rer*innen (Erwachsene und Jugendliche ab 12 Jahren) schaurig-sch\u00f6ne Geschichten.<\/p>\n\n\n\n<p>Alle Lesungen beginnen um 19.30 Uhr im Vortragssaal der Villa Ecarius. Der Eintritt betr\u00e4gt jeweils 5,- Euro. Anmeldung und Vorverkauf finden \u00fcber die Stadtbibliothek statt (Tel. 06232-141380, E-Mail\u00a0<a href=\"mailto:stadtbibliothek@stadt-speyer.de\" target=\"_blank\" rel=\"noreferrer noopener\">stadtbibliothek@stadt-speyer.de<\/a>). Von allen Besucher*innen werden die Kontaktdaten erfasst und es gilt die 2G+-Regel.<\/p>\n\n\n\n<p><em>Stadtverwaltung Speyer \/ Stadtbibliothek<br>30.09.2021<\/em><\/p>\n\n\n\n<h1 class=\"has-text-align-center wp-block-heading\">Verkehrsnotiz<\/h1>\n\n\n\n<div class=\"wp-block-image\"><figure class=\"aligncenter size-large\"><img decoding=\"async\" loading=\"lazy\" width=\"800\" height=\"565\" src=\"https:\/\/speyer24news.com\/wp-content\/uploads\/2020\/01\/Baustelle-2.jpg\" alt=\"\" class=\"wp-image-23900\" srcset=\"https:\/\/speyer24news.com\/wp-content\/uploads\/2020\/01\/Baustelle-2.jpg 800w, https:\/\/speyer24news.com\/wp-content\/uploads\/2020\/01\/Baustelle-2-300x212.jpg 300w, https:\/\/speyer24news.com\/wp-content\/uploads\/2020\/01\/Baustelle-2-768x542.jpg 768w\" sizes=\"(max-width: 800px) 100vw, 800px\" \/><\/figure><\/div>\n\n\n\n<h2 class=\"wp-block-heading\">Im G\u00e4rtel gesperrt<\/h2>\n\n\n\n<p>Aufgrund von Leitungsarbeiten im Auftrag der Stadtwerke Speyer, wird die Stra\u00dfe Im G\u00e4rtel auf H\u00f6he der Hausnummer 8 <strong>ab Dienstag,\u00a05. Oktober 2021\u00a0bis voraussichtlich 4. November\u00a02021<\/strong> f\u00fcr den Durchgangsverkehr gesperrt.<\/p>\n\n\n\n<p>F\u00fcr die Dauer der Ma\u00dfnahme wird die Stra\u00dfe Im G\u00e4rtel beidseitig als Sackgasse ausgewiesen und die Einbahnstra\u00dfenregelung aufgehoben.<\/p>\n\n\n\n<p>F\u00fcr R\u00fcckfragen steht die Stra\u00dfenverkehrsbeh\u00f6rde unter der Rufnummer 14-2938 zur Verf\u00fcgung<\/p>\n\n\n\n<p><em>Stadtverwaltung Speyer<br>30.09.2021<\/em><\/p>\n","protected":false},"excerpt":{"rendered":"<div class=\"mh-excerpt\"><p>Stadtnotiz Speyerer Autorengruppen in der Stadtbibliothek Gleich drei Autorengruppen pr\u00e4sentieren im Oktober ihre Texte in der Villa Ecarius. Den Anfang macht am Freitag, 8. Oktober 2021, der \u201eClub der lebenden Autoren\u201c mit \u201eEine Villa voller <a class=\"mh-excerpt-more\" href=\"https:\/\/speyer24news.com\/?p=41103\" title=\"Stadtnotiz &#038; Verkehrsnotiz aus Speyer\">[&#8230;]<\/a><\/p>\n<\/div>","protected":false},"author":3,"featured_media":23902,"comment_status":"open","ping_status":"open","sticky":false,"template":"","format":"standard","meta":{"_monsterinsights_skip_tracking":false,"_monsterinsights_sitenote_active":false,"_monsterinsights_sitenote_note":"","_monsterinsights_sitenote_category":0,"footnotes":""},"categories":[47],"tags":[12988,6,1434,657,1296,658,1114,8268],"aioseo_notices":[],"amp_enabled":true,"_links":{"self":[{"href":"https:\/\/speyer24news.com\/index.php?rest_route=\/wp\/v2\/posts\/41103"}],"collection":[{"href":"https:\/\/speyer24news.com\/index.php?rest_route=\/wp\/v2\/posts"}],"about":[{"href":"https:\/\/speyer24news.com\/index.php?rest_route=\/wp\/v2\/types\/post"}],"author":[{"embeddable":true,"href":"https:\/\/speyer24news.com\/index.php?rest_route=\/wp\/v2\/users\/3"}],"replies":[{"embeddable":true,"href":"https:\/\/speyer24news.com\/index.php?rest_route=%2Fwp%2Fv2%2Fcomments&post=41103"}],"version-history":[{"count":1,"href":"https:\/\/speyer24news.com\/index.php?rest_route=\/wp\/v2\/posts\/41103\/revisions"}],"predecessor-version":[{"id":41104,"href":"https:\/\/speyer24news.com\/index.php?rest_route=\/wp\/v2\/posts\/41103\/revisions\/41104"}],"wp:featuredmedia":[{"embeddable":true,"href":"https:\/\/speyer24news.com\/index.php?rest_route=\/wp\/v2\/media\/23902"}],"wp:attachment":[{"href":"https:\/\/speyer24news.com\/index.php?rest_route=%2Fwp%2Fv2%2Fmedia&parent=41103"}],"wp:term":[{"taxonomy":"category","embeddable":true,"href":"https:\/\/speyer24news.com\/index.php?rest_route=%2Fwp%2Fv2%2Fcategories&post=41103"},{"taxonomy":"post_tag","embeddable":true,"href":"https:\/\/speyer24news.com\/index.php?rest_route=%2Fwp%2Fv2%2Ftags&post=41103"}],"curies":[{"name":"wp","href":"https:\/\/api.w.org\/{rel}","templated":true}]}}