{"id":41147,"date":"2021-09-30T12:45:54","date_gmt":"2021-09-30T11:45:54","guid":{"rendered":"https:\/\/speyer24news.com\/?p=41147"},"modified":"2021-09-30T12:45:56","modified_gmt":"2021-09-30T11:45:56","slug":"gesundheit-29","status":"publish","type":"post","link":"https:\/\/speyer24news.com\/?p=41147","title":{"rendered":"Gesundheit"},"content":{"rendered":"<style type=\"text\/css\">\r\n\t.ads_top_disp{}\r\n\t.ads_top_corner_disp{ float:left; margin:0px 10px 10px 0px; }\r\n\t.ads_first_p_disp{}\r\n\t.ads_bottom_disp{}\r\n\t<\/style>\n<h1 class=\"has-text-align-center wp-block-heading\">Diakonissen Speyer<\/h1>\n\n\n\n<div class=\"wp-block-image\"><figure class=\"aligncenter size-large\"><img decoding=\"async\" loading=\"lazy\" width=\"330\" height=\"229\" src=\"https:\/\/speyer24news.com\/wp-content\/uploads\/2020\/03\/Diakonissen-Logo.png\" alt=\"\" class=\"wp-image-25899\" srcset=\"https:\/\/speyer24news.com\/wp-content\/uploads\/2020\/03\/Diakonissen-Logo.png 330w, https:\/\/speyer24news.com\/wp-content\/uploads\/2020\/03\/Diakonissen-Logo-300x208.png 300w\" sizes=\"(max-width: 330px) 100vw, 330px\" \/><\/figure><\/div>\n\n\n\n<h2 class=\"wp-block-heading\">Neues Schmerz- und Palliativzentrum der Diakonissen Speyer in der Rulandstra\u00dfe 3<\/h2>\n\n\n\n<div class=\"wp-block-image\"><figure class=\"aligncenter size-large\"><img decoding=\"async\" loading=\"lazy\" width=\"800\" height=\"534\" src=\"https:\/\/speyer24news.com\/wp-content\/uploads\/2021\/09\/GS_R0254-3129Kopie.jpg\" alt=\"\" class=\"wp-image-41150\" srcset=\"https:\/\/speyer24news.com\/wp-content\/uploads\/2021\/09\/GS_R0254-3129Kopie.jpg 800w, https:\/\/speyer24news.com\/wp-content\/uploads\/2021\/09\/GS_R0254-3129Kopie-300x200.jpg 300w, https:\/\/speyer24news.com\/wp-content\/uploads\/2021\/09\/GS_R0254-3129Kopie-768x513.jpg 768w\" sizes=\"(max-width: 800px) 100vw, 800px\" \/><\/figure><\/div>\n\n\n\n<p>Die Diakonissen Speyer haben ein neues Schmerz- und Palliativzentrum: Die Schmerztagesklinik des Diakonissen Stiftungs-Krankenhauses Speyer, die schmerztherapeutische Praxis des Medizini-schen Versorgungszentrums (MVZ) Rhein-Haardt und die Spezialisierte Ambulante Palliativversor-gung (SAPV) des Palliativnetzes S\u00fcd- und Vorderpfalz haben in der Rulandstra\u00dfe 3 in direkter Nach-barschaft zueinander gro\u00dfz\u00fcgige helle R\u00e4ume im historischen Geb\u00e4ude bezogen, das bis Herbst 2019 die Kinder- und Jugendhilfe der Diakonissen Speyer genutzt hat. Der diakonische Tr\u00e4ger hat die Sanierung des denkmalgesch\u00fctzten Klinkerbaus in nur 16 Monaten umgesetzt.<\/p>\n\n\n\n<p>\u201eWir f\u00fchren im Schmerz- und Palliativzentrum der Diakonissen Speyer drei Einrichtungen an einem Standort zusammen. Kurze Wege und ein enger Austausch verbessern die Versorgung von Schmerz- und Palliativpatienten\u201c, sagt die Vorstandsvorsitzende der Diakonissen Speyer, Schwester Isabelle Wien.<\/p>\n\n\n\n<p>\u201eWir freuen uns, dass wir Schmerzpatienten die interdisziplin\u00e4re teilstation\u00e4re Versorgung unserer Schmerztagesklinik jetzt nahe unser Klinik bieten k\u00f6nnen\u201c, sagt Wolfgang Walter, Gesch\u00e4ftsf\u00fchrer des Diakonissen-Stiftungs-Krankenhauses. \u201eDer neue Standort b\u00fcndelt unsere schmerzmedizini-schen Angebote an einem Ort mit besonderem Flair\u201c, erg\u00e4nzt MVZ-Gesch\u00e4ftsf\u00fchrer Jonas Sewing.&nbsp;<\/p>\n\n\n\n<p>\u201eDer neue Standort st\u00e4rkt die Vernetzung mit dem Krankenhaus, aber auch mit dem benachbarten Hospiz im Wilhelminenstift. Von den neuen R\u00e4umen in der Rulandstra\u00dfe 3 werden wir die palliative Versorgung von Patienten in Speyer und der Region weiter verbessern k\u00f6nnen\u201c, zeigt sich Dr. Diet-mar Kauderer, im Vorstand der Diakonissen Speyer unter anderem f\u00fcr die ambulante und station\u00e4re Hospiz- und Palliativversorgung zust\u00e4ndig, von der Lage auf dem Campus der Diakonissen Speyer \u00fcberzeugt. Zuvor waren die drei voneinander unabh\u00e4ngigen Einrichtungen in R\u00e4umen im ehemali-gen Stiftungskrankenhaus der Diakonissen Speyer in der Speyerer Spitalgasse untergebracht.<\/p>\n\n\n\n<p>Das neue Domizil im historischen Geb\u00e4ude in der Rulandstra\u00dfe 3 hat inklusive Untergeschoss vier Etagen: Im Erdgeschoss hat Ende Mai das MVZ seine 295 Quadratmeter gro\u00dfe Praxis bezogen. Die Schmerztagesklinik nutzt 455 Quadratmeter im ersten Obergeschoss, der SAPV-St\u00fctzpunkt 393 Quadratmeter im dar\u00fcber liegenden Dachgeschoss.<\/p>\n\n\n\n<p>Die alte Kinder- und Jugendhilfe, die im Oktober 2019 in einen Neubau in der Diakonissenstra\u00dfe 3 gezogen ist, wurde zun\u00e4chst \u00fcberwiegend entkernt und anschlie\u00dfend mit R\u00fccksicht auf sch\u00fctzenswerte Bausubstanzen saniert. So sind die neuen Fenster historisch gestaltet. Auch dekorative Bodenfliesen blieben erhalten. Au\u00dferdem wurden sanit\u00e4re Einrichtungen, die Elektroversorgung, der Brandschutz und die L\u00fcftungstechnik auf den neuesten Stand gebracht.<\/p>\n\n\n\n<p>In die urspr\u00fcngliche Geb\u00e4udestruktur wurden ein Aufzug \u00fcber alle Etagen und ein zus\u00e4tzliches Trep-penhaus eingebaut. Der Zugang zu s\u00e4mtlichen Ebenen ist barrierefrei m\u00f6glich.&nbsp;<\/p>\n\n\n\n<h4 class=\"wp-block-heading\">Zur Schmerztagesklinik des Diakonissen-Stiftungs-Krankenhauses Speyer:<\/h4>\n\n\n\n<p>In der Schmerztagesklinik behandelt ein interdisziplin\u00e4res Team aus schmerztherapeutisch spezia-lisierten \u00c4rzten, Krankenschwestern (Pain Nurses), Psychologen, Physiotherapeuten, einer Ergo-therapeutin, einem Musiktherapeuten und einer Aromatherapeutin Patienten mit chronischen Schmerzen. Ziel ist es, die Beweglichkeit zu erhalten, die Mobilit\u00e4t zu steigern und die Schmerzsitu-ation zu kontrollieren und optimieren.<\/p>\n\n\n\n<h4 class=\"wp-block-heading\">Zum MVZ Rhein-Haardt am Standort Speyer:<\/h4>\n\n\n\n<p>Erg\u00e4nzend zur Versorgung durch niedergelassene Praxen in der Region bietet das MVZ am Stand-ort Speyer ambulante schmerzmedizinische Leistungen durch ausgewiesene Fach\u00e4rzte. Am MVZ- Standort Bad D\u00fcrkheim werden neurochirurgische und neurologische Patienten in direkter Nachbar-schaft zum Evangelischen Krankenhaus ambulant versorgt.&nbsp;<\/p>\n\n\n\n<h4 class=\"wp-block-heading\">Zur SAPV des Palliativnetzes S\u00fcd- und Vorderpfalz:<\/h4>\n\n\n\n<p>Das Palliativnetz S\u00fcd- und Vorderpfalz \u2013 SAPV der Diakonissen Speyer ist mit vier St\u00fctzpunkten in Speyer, Landau, Bad D\u00fcrkheim und Ha\u00dfloch f\u00fcr schwerstkranke Menschen da. Ihre Lebensqualit\u00e4t und Selbstbestimmung zu erhalten, zu f\u00f6rdern und zu verbessern und ihnen in h\u00e4uslicher Umgebung ein menschenw\u00fcrdiges Leben bis zum Tod zu erm\u00f6glichen, steht dabei im Mittelpunkt. Der SAPV-St\u00fctzpunkt Speyer versorgt ein Gebiet, das von Speyer \u00fcber Germersheim bis s\u00fcdlich von W\u00f6rth am Rhein reicht.<\/p>\n\n\n\n<p><em>Text: Diakonissen Speyer Foto: \u00a9 Gerald Schilling<br>30.09.2021<\/em><\/p>\n\n\n\n<h2 class=\"wp-block-heading\">Neue App \u201eElternschule Speyer\u201c begleitet werdende und frischgebackene Eltern<\/h2>\n\n\n\n<p><strong>Die Elternschule Speyer des Diakonissen-Stiftungs-Krankenhauses informiert ab sofort auch mit einer App \u00fcber ihr Kursprogramm, die Geburtshilfe des Krankenhauses, Unterst\u00fctzungsangebote in Speyer und vieles mehr.<\/strong><\/p>\n\n\n\n<div class=\"wp-block-image\"><figure class=\"aligncenter size-large\"><img decoding=\"async\" loading=\"lazy\" width=\"800\" height=\"474\" src=\"https:\/\/speyer24news.com\/wp-content\/uploads\/2021\/09\/2021-09-15_App-Elternschule-Speyer.jpg\" alt=\"\" class=\"wp-image-41149\" srcset=\"https:\/\/speyer24news.com\/wp-content\/uploads\/2021\/09\/2021-09-15_App-Elternschule-Speyer.jpg 800w, https:\/\/speyer24news.com\/wp-content\/uploads\/2021\/09\/2021-09-15_App-Elternschule-Speyer-300x178.jpg 300w, https:\/\/speyer24news.com\/wp-content\/uploads\/2021\/09\/2021-09-15_App-Elternschule-Speyer-768x455.jpg 768w\" sizes=\"(max-width: 800px) 100vw, 800px\" \/><\/figure><\/div>\n\n\n\n<p>\u201eBereits seit 2011 bieten wir in unserer Elternschule ein vielf\u00e4ltiges Kursprogramm sowie Hilfs- und Informationsangebote f\u00fcr Schwangerschaft, Geburt und die Zeit bis ins Kleinkindalter an. Die neue App ist eine zeitgem\u00e4\u00dfe Erweiterung, mit der wir Eltern unterst\u00fctzen wollen\u201c, betont Wolfgang Walter, Gesch\u00e4ftsf\u00fchrer des Diakonissen-Stiftungs-Krankenhauses Speyer.<\/p>\n\n\n\n<p>Die App bietet eine \u00dcbersicht \u00fcber das Kursangebot der Elternschule, von Geburtsvorbereitung \u00fcber R\u00fcckbildung bis zum Schlaf-Seminar f\u00fcr Kleinkinder. Mit einer praktischen Merkliste k\u00f6nnen direkt in der App Kursfavoriten gespeichert und Updates abonniert werden. Die App gibt au\u00dferdem einen Einblick in die Geburtshilfe am Diakonissen-Stiftungs-Krankenhaus Speyer. Mit Videos, 360-Grad-Rundg\u00e4ngen durch die Krei\u00dfs\u00e4le und vielen weiteren Informationen k\u00f6nnen sich die werdenden Eltern ein Bild von der Betreuung vor, w\u00e4hrend und nach der Geburt machen.<\/p>\n\n\n\n<p>Im Bereich Tipps und Unterst\u00fctzung finden Nutzerinnen und Nutzer viele hilfreiche Anlaufstellen und Adressen f\u00fcr das Leben mit Baby in der Region Speyer \u2013 von Still- und Wickelpunkten bis zur Spezialambulanz f\u00fcr Kinder mit Schrei-, Schlaf- oder Essst\u00f6rungen. Auch die Babygalerie der \u201eNeuzug\u00e4nge\u201c aus dem Diakonissen-Stiftungs-Krankenhaus darf in der App nat\u00fcrlich nicht fehlen.<\/p>\n\n\n\n<p>\u201eIn der Zeit rund um die Geburt eines Kindes herrscht bei Eltern gro\u00dfe Vorfreude, es besch\u00e4ftigen sie aber auch viele Fragen\u201c, erkl\u00e4rt Christiane Warta, Hebamme und Koordinatorin der Elternschule. \u201eWir freuen uns darauf, M\u00fctter und V\u00e4ter nun auch per App in dieser besonderen Zeit zu begleiten und ihnen auch auf digitalem Weg viele Informationen und Tipps mit auf den Weg zu geben.\u201c<\/p>\n\n\n\n<p>Die App \u201eElternschule Speyer\u201c ist kostenlos in den App Stores von&nbsp;<a href=\"https:\/\/deref-web.de\/mail\/client\/sZdnVEoaVr4\/dereferrer\/?redirectUrl=https%3A%2F%2Fapps.apple.com%2Fus%2Fapp%2Felternschule-speyer%2Fid1571255906%3Fitsct%3Dapps_box_link%26itscg%3D30200\" target=\"_blank\" rel=\"noreferrer noopener\">Apple<\/a>&nbsp;und&nbsp;<a href=\"https:\/\/deref-web.de\/mail\/client\/4F_eb8fIdMg\/dereferrer\/?redirectUrl=https%3A%2F%2Fplay.google.com%2Fstore%2Fapps%2Fdetails%3Fid%3Dde.amedicksommer.ElternschuleSpeyer\" target=\"_blank\" rel=\"noreferrer noopener\">Google<\/a>&nbsp;erh\u00e4ltlich.<\/p>\n\n\n\n<p><em>Diakonissen Speyer<br>30.09.2021<\/em><\/p>\n\n\n\n<h2 class=\"wp-block-heading\">Von sprechenden \u00c4pfeln und mutigen Hamstern: Das Internationale Erz\u00e4hlfest macht Station bei den Diakonissen Speyer<\/h2>\n\n\n\n<p><strong>Am 14. September gastierte das neunte Internationale Erz\u00e4hlfest in der Metropolregion Rhein-Neckar bei der Diakonissen Fachschule f\u00fcr Sozialwesen in Speyer. Die Geschichtenerz\u00e4hler Thomas Hoffmeister-H\u00f6fener und Susanne Tiggemann nahmen dabei kleine und gro\u00dfe Zuh\u00f6rer mit auf eine Reise voller Fantasie.<\/strong><\/p>\n\n\n\n<div class=\"wp-block-image\"><figure class=\"aligncenter size-large\"><img decoding=\"async\" loading=\"lazy\" width=\"800\" height=\"600\" src=\"https:\/\/speyer24news.com\/wp-content\/uploads\/2021\/09\/20210914_Fachschule-fuer-Sozialwesen_Internationales-Erzaehlfest.jpg\" alt=\"\" class=\"wp-image-41148\" srcset=\"https:\/\/speyer24news.com\/wp-content\/uploads\/2021\/09\/20210914_Fachschule-fuer-Sozialwesen_Internationales-Erzaehlfest.jpg 800w, https:\/\/speyer24news.com\/wp-content\/uploads\/2021\/09\/20210914_Fachschule-fuer-Sozialwesen_Internationales-Erzaehlfest-300x225.jpg 300w, https:\/\/speyer24news.com\/wp-content\/uploads\/2021\/09\/20210914_Fachschule-fuer-Sozialwesen_Internationales-Erzaehlfest-768x576.jpg 768w, https:\/\/speyer24news.com\/wp-content\/uploads\/2021\/09\/20210914_Fachschule-fuer-Sozialwesen_Internationales-Erzaehlfest-678x509.jpg 678w, https:\/\/speyer24news.com\/wp-content\/uploads\/2021\/09\/20210914_Fachschule-fuer-Sozialwesen_Internationales-Erzaehlfest-326x245.jpg 326w, https:\/\/speyer24news.com\/wp-content\/uploads\/2021\/09\/20210914_Fachschule-fuer-Sozialwesen_Internationales-Erzaehlfest-80x60.jpg 80w\" sizes=\"(max-width: 800px) 100vw, 800px\" \/><figcaption>Geschichtenerz\u00e4hlerin Susanne Tiggemann begeistert ihr junges Publikum. <br><em>Foto: \u00a9Diakonissen Speyer<\/em><\/figcaption><\/figure><\/div>\n\n\n\n<p>Das rote Erz\u00e4hlzelt im Park der Diakonissen Speyer war schon von Weitem zu sehen und lud unter dem Motto \u201eGeschichten nat\u00fcrlich bunt\u201c zum Zuh\u00f6ren ein. \u201eUnsere Fachschule f\u00fcr Sozialwesen ist auch in diesem Jahr wieder Kooperationspartner des Internationalen Erz\u00e4hlfestes, das vom Heinrich Pesch Haus Ludwigshafen veranstaltet wird\u201c, erl\u00e4utert Schulleiter Pfarrer Matthias Kreiter den Anlass der Veranstaltung. Neben den Auszubildenden zum Erzieher waren Kinder verschiedener Speyerer Kindertagesst\u00e4tten zu Gast, um den beiden Geschichtenerz\u00e4hlern zuzuh\u00f6ren und mitzumachen.<\/p>\n\n\n\n<p>So lauschten die kleinen und gro\u00dfen G\u00e4ste fasziniert dem M\u00e4rchen von der Prinzessin, die sich sprechende \u00c4pfel und lachende Weintrauben von ihrem Vater dem K\u00f6nig w\u00fcnschte \u2013 mit viel Herz und Humor erz\u00e4hlt von Susanne Tiggemann, K\u00fcnstlerische Leitung des Erz\u00e4hlfestes. Diplom-Theologe Thomas Hoffmeister-H\u00f6fener fesselte seine Zuh\u00f6rer anschlie\u00dfend mit der Geschichte vom R\u00e4uberhamster Billy mit der Wasserpistole, der das b\u00f6se Gucken erst noch \u00fcben musste.<\/p>\n\n\n\n<p>\u201eWie fr\u00fchkindliche Bildung in Kitas und Grundschulen gef\u00f6rdert wird, ist ein wichtiger Bestandteil der Ausbildung zum Sozialassistenten bzw. zum Erzieher. Das Erz\u00e4hlfest zeigt, in welch kreativer und unterhaltsamer Form fr\u00fchkindliche Bildung umgesetzt werden kann\u201c, so Kreiter. Die Auszubildenden nutzten nach der Veranstaltung daher noch die Gelegenheit und lie\u00dfen sich praktische Tipps zum kindgerechten Erz\u00e4hlen von den professionellen Geschichtenerz\u00e4hlern geben.<\/p>\n\n\n\n<h4 class=\"wp-block-heading\">\u00dcber das Internationale Erz\u00e4hlfest:<\/h4>\n\n\n\n<p>Das neunte Internationale Erz\u00e4hlfest in der Metropolregion Rhein-Neckar findet vom 12. bis 16. September an verschiedenen Orten der Metropolregion statt und m\u00f6chte mit Geschichten aus Nah und Fern die fr\u00fchkindliche Bildung in Kitas und Grundschulen f\u00f6rdern. Es wird veranstaltet vom Heinrich Pesch Haus Ludwigshafen und finanziell unterst\u00fctzt von der BASF SE.<\/p>\n\n\n\n<p><em>Diakonissen Speyer<br>30.09.2021<\/em><\/p>\n","protected":false},"excerpt":{"rendered":"<div class=\"mh-excerpt\"><p>Diakonissen Speyer Neues Schmerz- und Palliativzentrum der Diakonissen Speyer in der Rulandstra\u00dfe 3 Die Diakonissen Speyer haben ein neues Schmerz- und Palliativzentrum: Die Schmerztagesklinik des Diakonissen Stiftungs-Krankenhauses Speyer, die schmerztherapeutische Praxis des Medizini-schen Versorgungszentrums (MVZ) <a class=\"mh-excerpt-more\" href=\"https:\/\/speyer24news.com\/?p=41147\" title=\"Gesundheit\">[&#8230;]<\/a><\/p>\n<\/div>","protected":false},"author":3,"featured_media":26330,"comment_status":"open","ping_status":"open","sticky":false,"template":"","format":"standard","meta":{"_monsterinsights_skip_tracking":false,"_monsterinsights_sitenote_active":false,"_monsterinsights_sitenote_note":"","_monsterinsights_sitenote_category":0,"footnotes":""},"categories":[5462],"tags":[1189,1064,13021,5100,5657,13022,13020,13019],"aioseo_notices":[],"amp_enabled":true,"_links":{"self":[{"href":"https:\/\/speyer24news.com\/index.php?rest_route=\/wp\/v2\/posts\/41147"}],"collection":[{"href":"https:\/\/speyer24news.com\/index.php?rest_route=\/wp\/v2\/posts"}],"about":[{"href":"https:\/\/speyer24news.com\/index.php?rest_route=\/wp\/v2\/types\/post"}],"author":[{"embeddable":true,"href":"https:\/\/speyer24news.com\/index.php?rest_route=\/wp\/v2\/users\/3"}],"replies":[{"embeddable":true,"href":"https:\/\/speyer24news.com\/index.php?rest_route=%2Fwp%2Fv2%2Fcomments&post=41147"}],"version-history":[{"count":1,"href":"https:\/\/speyer24news.com\/index.php?rest_route=\/wp\/v2\/posts\/41147\/revisions"}],"predecessor-version":[{"id":41151,"href":"https:\/\/speyer24news.com\/index.php?rest_route=\/wp\/v2\/posts\/41147\/revisions\/41151"}],"wp:featuredmedia":[{"embeddable":true,"href":"https:\/\/speyer24news.com\/index.php?rest_route=\/wp\/v2\/media\/26330"}],"wp:attachment":[{"href":"https:\/\/speyer24news.com\/index.php?rest_route=%2Fwp%2Fv2%2Fmedia&parent=41147"}],"wp:term":[{"taxonomy":"category","embeddable":true,"href":"https:\/\/speyer24news.com\/index.php?rest_route=%2Fwp%2Fv2%2Fcategories&post=41147"},{"taxonomy":"post_tag","embeddable":true,"href":"https:\/\/speyer24news.com\/index.php?rest_route=%2Fwp%2Fv2%2Ftags&post=41147"}],"curies":[{"name":"wp","href":"https:\/\/api.w.org\/{rel}","templated":true}]}}