{"id":41179,"date":"2021-10-01T07:38:42","date_gmt":"2021-10-01T06:38:42","guid":{"rendered":"https:\/\/speyer24news.com\/?p=41179"},"modified":"2021-10-01T07:38:44","modified_gmt":"2021-10-01T06:38:44","slug":"coronavirus-speyer-12","status":"publish","type":"post","link":"https:\/\/speyer24news.com\/?p=41179","title":{"rendered":"Coronavirus Speyer"},"content":{"rendered":"<style type=\"text\/css\">\r\n\t.ads_top_disp{}\r\n\t.ads_top_corner_disp{ float:left; margin:0px 10px 10px 0px; }\r\n\t.ads_first_p_disp{}\r\n\t.ads_bottom_disp{}\r\n\t<\/style>\n<h2 class=\"wp-block-heading\">Tagesaktuelle Fallzahlen f\u00fcr die Stadt Speyer vom Donnerstag (30.09.2021)<\/h2>\n\n\n\n<h3 class=\"wp-block-heading\">Speyer in Warnstufe 1 \/ Inzidenz weiter unter 100<\/h3>\n\n\n\n<div class=\"wp-block-image\"><figure class=\"aligncenter\"><img decoding=\"async\" loading=\"lazy\" width=\"800\" height=\"400\" src=\"https:\/\/speyer24news.com\/wp-content\/uploads\/2020\/05\/virus-1812092_1920.jpg\" alt=\"\" class=\"wp-image-26778\" srcset=\"https:\/\/speyer24news.com\/wp-content\/uploads\/2020\/05\/virus-1812092_1920.jpg 800w, https:\/\/speyer24news.com\/wp-content\/uploads\/2020\/05\/virus-1812092_1920-300x150.jpg 300w, https:\/\/speyer24news.com\/wp-content\/uploads\/2020\/05\/virus-1812092_1920-768x384.jpg 768w\" sizes=\"(max-width: 800px) 100vw, 800px\" \/><\/figure><\/div>\n\n\n\n<p>Anzahl best\u00e4tigter F\u00e4lle von Coronavirus (SARS-CoV-2)-Infektionen in der Stadt Speyer: 3.320 (\u00a0+ 8\u00a0)<br>Davon hospitalisiert: 90 (\u00a0+ 1 \u00a0)<br>Davon bereits genesen: 2.927<br>Todesf\u00e4lle: 89 (\u00a0unver\u00e4ndert\u00a0)<br>Gemeldete F\u00e4lle der letzten sieben Tage pro 100.000 Einwohner*innen (Inzidenz gem\u00e4\u00df LUA): 82,8 (\u00a0unver\u00e4ndert )<\/p>\n\n\n\n<p><em>Landesuntersuchungsamt (LUA) Rheinland-Pfalz<br>01.10.2021<\/em><\/p>\n\n\n\n<h2 class=\"wp-block-heading\">Leitindikatoren zur Berechnung der Warnstufe<\/h2>\n\n\n\n<div class=\"wp-block-image\"><figure class=\"aligncenter\"><img decoding=\"async\" loading=\"lazy\" width=\"600\" height=\"600\" src=\"https:\/\/speyer24news.com\/wp-content\/uploads\/2021\/09\/Warnstufensystem-2G-.png\" alt=\"\" class=\"wp-image-40457\" srcset=\"https:\/\/speyer24news.com\/wp-content\/uploads\/2021\/09\/Warnstufensystem-2G-.png 600w, https:\/\/speyer24news.com\/wp-content\/uploads\/2021\/09\/Warnstufensystem-2G--300x300.png 300w, https:\/\/speyer24news.com\/wp-content\/uploads\/2021\/09\/Warnstufensystem-2G--150x150.png 150w\" sizes=\"(max-width: 600px) 100vw, 600px\" \/><\/figure><\/div>\n\n\n\n<figure class=\"wp-block-table\"><table><tbody><tr><td>&nbsp;<\/td><td>Leitindikator \u201eSieben-Tage-Inzidenz\u201c<\/td><td>Leitindikator \u201eSieben-Tage-Hospitalisierungs-Inzidenz\u201c<\/td><td>Anteil COVID-19 an Intensivkapazit\u00e4t (%)<\/td><\/tr><tr><td>Donnerstag, 30.09.2021<\/td><td>82,8<\/td><td>0,8<\/td><td>4,22<\/td><\/tr><tr><td>Mittwoch,<br>29.09.2021<\/td><td>82,8<\/td><td>0,3<\/td><td>4,28<\/td><\/tr><tr><td>Dienstag,<br>28.09.2021<\/td><td>82,8<\/td><td>1,2<\/td><td>3,97<\/td><\/tr><tr><td>Montag, 27.09.2021<\/td><td>92,6<\/td><td>1,2<\/td><td>4,03<\/td><\/tr><tr><td>Sonntag,<br>26.09.2021<\/td><td>98,5<\/td><td>1,7<\/td><td>3,91<\/td><\/tr><tr><td>Samstag, 25.09.2021<\/td><td>90,6<\/td><td>1,8<\/td><td>4,15<\/td><\/tr><tr><td>Freitag, 24.09.2021<\/td><td>92,6<\/td><td>1,8<\/td><td>4,28<\/td><\/tr><\/tbody><\/table><\/figure>\n\n\n\n<p>Der&nbsp;<strong>Leitindikator \u201eSieben-Tage-Inzidenz\u201c<\/strong>&nbsp;gibt an, wie schnell sich das Virus verbreitet. Unter \u201eSieben-Tage-Inzidenz\u201c wird die Anzahl der Neuinfektionen mit dem Coronavirus SARS-CoV-2 je 100&nbsp;000 Einwohnerinnen und Einwohner innerhalb von sieben Tagen f\u00fcr jeden Landkreis und jede kreisfreie Stadt verstanden.<\/p>\n\n\n\n<p>Der&nbsp;<strong>Leitindikator \u201eSieben-Tage-Hospitalisierungs-Inzidenz\u201c&nbsp;<\/strong>zeigt an, wie viele Schwererkrankte innerhalb eines Zeitraums von sieben Tagen neu station\u00e4r aufgenommen wurden. Der Leitindikator \u201eSieben-Tage-Hospitalisierungs-Inzidenz\u201c misst die Anzahl der neu aufgenommenen Hospitalisierungsf\u00e4lle mit COVID-19-Erkrankung je 100 000 Einwohnerinnen und Einwohner im Durchschnitt der letzten sieben Tagen bezogen auf ein Versorgungsgebiet gem\u00e4\u00df Krankenhausplan des Landes Rheinland-Pfalz 2019 bis 2025.<\/p>\n\n\n\n<p>Der&nbsp;<strong>Leitindikator \u201eAnteil Intensivbetten\u201c<\/strong>&nbsp;misst die Belastung des Gesundheitswesens. Er bestimmt sich nach dem prozentualen Anteil der mit COVID-19-Erkrankten belegten Intensivbetten an der Intensivbettenkapazit\u00e4t innerhalb des Landes Rheinland-Pfalz.<\/p>\n\n\n\n<p>Es gilt das&nbsp;<strong>2G+ System<\/strong>: Dieses regelt, wie viele nicht-immunisierte Personen sich gemeinsam im \u00f6ffentlichen Raum aufhalten, auf Veranstaltungen gehen oder \u00f6ffentliche Einrichtungen wie Kinos oder Konzerth\u00e4user besuchen d\u00fcrfen.&nbsp;F\u00fcr immunisierte Personen wird der Zutritt hingegen nicht reduziert.<\/p>\n\n\n\n<p>Speyer befindet sich aktuell in&nbsp;<strong>Warnstufe 1<\/strong>.&nbsp;<\/p>\n\n\n\n<p><em>Robert-Koch-Institut (RKI)<br>01.10.2021<\/em><\/p>\n\n\n\n<h2 class=\"wp-block-heading\">Regelungen und Beschr\u00e4nkungen bei Warnstufe 1<\/h2>\n\n\n\n<div class=\"wp-block-image\"><figure class=\"aligncenter\"><img decoding=\"async\" loading=\"lazy\" width=\"835\" height=\"1024\" src=\"https:\/\/speyer24news.com\/wp-content\/uploads\/2021\/09\/Warnstufe-1-Regelungen-835x1024.jpg\" alt=\"\" class=\"wp-image-40458\" srcset=\"https:\/\/speyer24news.com\/wp-content\/uploads\/2021\/09\/Warnstufe-1-Regelungen-835x1024.jpg 835w, https:\/\/speyer24news.com\/wp-content\/uploads\/2021\/09\/Warnstufe-1-Regelungen-245x300.jpg 245w, https:\/\/speyer24news.com\/wp-content\/uploads\/2021\/09\/Warnstufe-1-Regelungen-768x942.jpg 768w, https:\/\/speyer24news.com\/wp-content\/uploads\/2021\/09\/Warnstufe-1-Regelungen.jpg 862w\" sizes=\"(max-width: 835px) 100vw, 835px\" \/><\/figure><\/div>\n\n\n\n<p><em>Staatskanzlei Rheinland-Pfalz<br>01.10.2021<\/em><\/p>\n\n\n\n<h2 class=\"wp-block-heading\">Neuer COVID-19-Wochenbericht: Mehrheit der Intensivpatienten nicht vollst\u00e4ndig geimpft<\/h2>\n\n\n\n<div class=\"wp-block-image\"><figure class=\"aligncenter size-large\"><img decoding=\"async\" loading=\"lazy\" width=\"800\" height=\"562\" src=\"https:\/\/speyer24news.com\/wp-content\/uploads\/2021\/10\/Beatmung-Intensivbett-Krankenhaus-Reanimation.jpg\" alt=\"\" class=\"wp-image-41180\" srcset=\"https:\/\/speyer24news.com\/wp-content\/uploads\/2021\/10\/Beatmung-Intensivbett-Krankenhaus-Reanimation.jpg 800w, https:\/\/speyer24news.com\/wp-content\/uploads\/2021\/10\/Beatmung-Intensivbett-Krankenhaus-Reanimation-300x211.jpg 300w, https:\/\/speyer24news.com\/wp-content\/uploads\/2021\/10\/Beatmung-Intensivbett-Krankenhaus-Reanimation-768x540.jpg 768w\" sizes=\"(max-width: 800px) 100vw, 800px\" \/><\/figure><\/div>\n\n\n\n<p>Die Mehrheit der rheinland-pf\u00e4lzischen Corona-Patienten in Krankenh\u00e4usern und auf Intensivstationen ist \u00fcber 60 Jahre alt und nicht vollst\u00e4ndig geimpft; Kinder unter 12 Jahren m\u00fcssen dagegen nur selten wegen einer Corona-Infektion im Krankenhaus behandelt werden. Das geht aus dem COVID-19-Wochenbericht des Landesuntersuchungsamtes (LUA) hervor, der heute zum ersten Mal und k\u00fcnftig immer donnerstags erscheint. Das neue Angebot umfasst Daten zur j\u00fcngsten Entwicklung der Pandemie in den Landkreisen und kreisfreien St\u00e4dten in Rheinland-Pfalz ebenso wie Zahlen seit Beginn der Pandemie.<\/p>\n\n\n\n<p>Der Bericht soll dazu beitragen, die Corona-Lage in Rheinland-Pfalz differenziert bewerten zu k\u00f6nnen. Dazu schl\u00fcsselt er die von den rheinland-pf\u00e4lzischen Gesundheits\u00e4mtern erfassten und \u00fcbermittelten Corona-F\u00e4lle beispielsweise nach Altersgruppen und Impfstatus auf; au\u00dferdem unterscheidet er die F\u00e4lle danach, ob Personen \u201emit\u201c oder \u201eaufgrund von\u201c Corona ins Krankenhaus eingeliefert wurden, auf der Intensivstation behandelt wurden oder verstorben sind. Er gibt zudem Aufschluss dar\u00fcber, wie alt die Menschen sind, die an einer Corona-Erkrankung litten, und wie schwer ihre Erkrankung war.<\/p>\n\n\n\n<p>Ein wesentlicher Bestandteil des neuen Wochenberichts ist die Absch\u00e4tzung der Impfeffektivit\u00e4t. Dazu betrachten die Epidemiologen des LUA die Corona-F\u00e4lle des gesamten Jahres sowie der zur\u00fcckliegenden acht Wochen dahingehend, ob Personen vollst\u00e4ndig geimpft waren oder nicht. Ausgewertet werden diejenigen F\u00e4lle, bei denen Angaben zu Symptomen vorliegen, die hospitalisiert wurden, auf einer Intensivstation behandelt wurden oder verstorben sind. F\u00fcr den gesamten Verlauf des Jahres 2021 zeigt sich, dass 97 Prozent der Menschen, die wegen einer COVID-19-Erkrankung auf einer Intensivstation behandelt werden mussten, nicht vollst\u00e4ndig geimpft waren. Ebenso waren 95 Prozent der urs\u00e4chlich an Corona Verstorbenen in Rheinland-Pfalz nicht vollst\u00e4ndig geimpft.<\/p>\n\n\n\n<div class=\"wp-block-image\"><figure class=\"aligncenter size-large\"><img decoding=\"async\" loading=\"lazy\" width=\"800\" height=\"533\" src=\"https:\/\/speyer24news.com\/wp-content\/uploads\/2021\/10\/Krankenhausbett-Intensivbett-Kind-im-Krankenhaus.jpg\" alt=\"\" class=\"wp-image-41181\" srcset=\"https:\/\/speyer24news.com\/wp-content\/uploads\/2021\/10\/Krankenhausbett-Intensivbett-Kind-im-Krankenhaus.jpg 800w, https:\/\/speyer24news.com\/wp-content\/uploads\/2021\/10\/Krankenhausbett-Intensivbett-Kind-im-Krankenhaus-300x200.jpg 300w, https:\/\/speyer24news.com\/wp-content\/uploads\/2021\/10\/Krankenhausbett-Intensivbett-Kind-im-Krankenhaus-768x512.jpg 768w\" sizes=\"(max-width: 800px) 100vw, 800px\" \/><\/figure><\/div>\n\n\n\n<p>Allerdings geht aus dem Wochenbericht auch hervor: Der Anteil der vollst\u00e4ndig Geimpften an Intensivpatienten und Verstorbenen hat in den vergangenen acht Wochen zugenommen. In diesem Zeitraum waren 11 Prozent der Menschen mit einer COVID-19-Erkrankung auf einer Intensivstation vollst\u00e4ndig geimpft (89 nicht vollst\u00e4ndig geimpft) und 29 Prozent der urs\u00e4chlich an Corona Verstorbenen vollst\u00e4ndig geimpft (71 Prozent nicht vollst\u00e4ndig geimpft). Diese vermehrten sogenannten Impfdurchbr\u00fcche werden insbesondere bei Personen im Alter von 70 Jahren und \u00e4lter beobachtet.<\/p>\n\n\n\n<p>Ein Grund f\u00fcr diese Entwicklung ist wahrscheinlich die Tatsache, dass das Immunsystem im Alter nicht mehr so leistungsf\u00e4hig ist und weniger gut auf Impfungen anspricht. Das entspricht auch den Daten, die die Impfstoffhersteller bei den Zulassungsverfahren ihrer Wirkstoffe publiziert haben. Nicht zuletzt deshalb werden derzeit Auffrischimpfungen f\u00fcr \u00e4ltere Personen diskutiert.<\/p>\n\n\n\n<p>Zum Schutz vulnerabler Gruppen wie den Hochbetagten sollten Regeln wie Abstand, H\u00e4ndehygiene, Maske und L\u00fcften deshalb weiter beherzigt werden &#8211; auch trotz der fortschreitenden Impfkampagne.<\/p>\n\n\n\n<p>Beim Wochenbericht f\u00fcr die 39. Kalenderwoche 2021 handelt es sich um die erste Ausgabe dieses Formats. Alle weiteren Wochenberichte im PDF-Format finden Sie k\u00fcnftig\u00a0<strong><a href=\"https:\/\/deref-web.de\/mail\/client\/Pmx_XaPsk74\/dereferrer\/?redirectUrl=https%3A%2F%2Flua.rlp.de%2Fde%2Funsere-themen%2Finfektionsschutz%2Fmeldedaten-coronavirus%2Fcovid-19-wochenberichte%2F\" target=\"_blank\" rel=\"noreferrer noopener\">hier auf der Homepage des LUA<\/a><\/strong>. Dort gibt es auch die\u00a0zugeh\u00f6rigen Daten im Excelformat.<\/p>\n\n\n\n<p><em>Landesuntersuchungsamt (LUA) Rheinland-Pfalz<br>01.10.2021<\/em><\/p>\n","protected":false},"excerpt":{"rendered":"<div class=\"mh-excerpt\"><p>Tagesaktuelle Fallzahlen f\u00fcr die Stadt Speyer vom Donnerstag (30.09.2021) Speyer in Warnstufe 1 \/ Inzidenz weiter unter 100 Anzahl best\u00e4tigter F\u00e4lle von Coronavirus (SARS-CoV-2)-Infektionen in der Stadt Speyer: 3.320 (\u00a0+ 8\u00a0)Davon hospitalisiert: 90 (\u00a0+ 1 <a class=\"mh-excerpt-more\" href=\"https:\/\/speyer24news.com\/?p=41179\" title=\"Coronavirus Speyer\">[&#8230;]<\/a><\/p>\n<\/div>","protected":false},"author":3,"featured_media":25126,"comment_status":"open","ping_status":"open","sticky":false,"template":"","format":"standard","meta":{"_monsterinsights_skip_tracking":false,"_monsterinsights_sitenote_active":false,"_monsterinsights_sitenote_note":"","_monsterinsights_sitenote_category":0,"footnotes":""},"categories":[11613],"tags":[13036,6401,8404,6367,6940,12873,8725,6359,6370,5904,6358,7003,5801,6342,13037,11269,11270,13038,13039,12874,12881,6],"aioseo_notices":[],"amp_enabled":true,"_links":{"self":[{"href":"https:\/\/speyer24news.com\/index.php?rest_route=\/wp\/v2\/posts\/41179"}],"collection":[{"href":"https:\/\/speyer24news.com\/index.php?rest_route=\/wp\/v2\/posts"}],"about":[{"href":"https:\/\/speyer24news.com\/index.php?rest_route=\/wp\/v2\/types\/post"}],"author":[{"embeddable":true,"href":"https:\/\/speyer24news.com\/index.php?rest_route=\/wp\/v2\/users\/3"}],"replies":[{"embeddable":true,"href":"https:\/\/speyer24news.com\/index.php?rest_route=%2Fwp%2Fv2%2Fcomments&post=41179"}],"version-history":[{"count":1,"href":"https:\/\/speyer24news.com\/index.php?rest_route=\/wp\/v2\/posts\/41179\/revisions"}],"predecessor-version":[{"id":41182,"href":"https:\/\/speyer24news.com\/index.php?rest_route=\/wp\/v2\/posts\/41179\/revisions\/41182"}],"wp:featuredmedia":[{"embeddable":true,"href":"https:\/\/speyer24news.com\/index.php?rest_route=\/wp\/v2\/media\/25126"}],"wp:attachment":[{"href":"https:\/\/speyer24news.com\/index.php?rest_route=%2Fwp%2Fv2%2Fmedia&parent=41179"}],"wp:term":[{"taxonomy":"category","embeddable":true,"href":"https:\/\/speyer24news.com\/index.php?rest_route=%2Fwp%2Fv2%2Fcategories&post=41179"},{"taxonomy":"post_tag","embeddable":true,"href":"https:\/\/speyer24news.com\/index.php?rest_route=%2Fwp%2Fv2%2Ftags&post=41179"}],"curies":[{"name":"wp","href":"https:\/\/api.w.org\/{rel}","templated":true}]}}