{"id":41222,"date":"2021-10-05T06:18:27","date_gmt":"2021-10-05T05:18:27","guid":{"rendered":"https:\/\/speyer24news.com\/?p=41222"},"modified":"2021-10-05T06:18:32","modified_gmt":"2021-10-05T05:18:32","slug":"polizei-688","status":"publish","type":"post","link":"https:\/\/speyer24news.com\/?p=41222","title":{"rendered":"Polizei"},"content":{"rendered":"<style type=\"text\/css\">\r\n\t.ads_top_disp{}\r\n\t.ads_top_corner_disp{ float:left; margin:0px 10px 10px 0px; }\r\n\t.ads_first_p_disp{}\r\n\t.ads_bottom_disp{}\r\n\t<\/style>\n<h2 class=\"wp-block-heading\">Polizeimeldungen vom Montag (04.10.2021)<\/h2>\n\n\n\n<div class=\"wp-block-image\"><figure class=\"aligncenter size-large\"><img decoding=\"async\" src=\"https:\/\/speyer24news.com\/wp-content\/uploads\/2019\/11\/Aktuelles-Polizeilogo.jpg\" alt=\"\" class=\"wp-image-21845\"\/><\/figure><\/div>\n\n\n\n<h2 class=\"wp-block-heading\">(Speyer) &#8211; Alkoholisierter PKW-Fahrer ger\u00e4t in Kontrollstelle<\/h2>\n\n\n\n<p>Unter dem Einfluss von Alkohol stand am Sonntag gegen 23:20 Uhr ein 53-j\u00e4hriger PKW-Fahrer, der in der Wormser Landstra\u00dfe in eine Kontrollstelle geriet. Da der Mann aus Speyer einen Alkoholwert von \u00fcber 2 Promille aufwies, wurde ihm die Weiterfahrt untersagt und eine Blutprobe entnommen. Ihn erwartet nun ein Strafverfahren.<\/p>\n\n\n\n<h2 class=\"wp-block-heading\">(Speyer) &#8211; R\u00e4uber stiehlt Geldb\u00f6rse und fl\u00fcchtet \/ Zeugenaufruf<\/h2>\n\n\n\n<div class=\"wp-block-image\"><figure class=\"aligncenter size-large\"><img decoding=\"async\" loading=\"lazy\" width=\"801\" height=\"600\" src=\"https:\/\/speyer24news.com\/wp-content\/uploads\/2020\/05\/Zeugen-gesucht-Neutral.jpg\" alt=\"\" class=\"wp-image-26598\" srcset=\"https:\/\/speyer24news.com\/wp-content\/uploads\/2020\/05\/Zeugen-gesucht-Neutral.jpg 801w, https:\/\/speyer24news.com\/wp-content\/uploads\/2020\/05\/Zeugen-gesucht-Neutral-300x225.jpg 300w, https:\/\/speyer24news.com\/wp-content\/uploads\/2020\/05\/Zeugen-gesucht-Neutral-768x575.jpg 768w, https:\/\/speyer24news.com\/wp-content\/uploads\/2020\/05\/Zeugen-gesucht-Neutral-678x509.jpg 678w, https:\/\/speyer24news.com\/wp-content\/uploads\/2020\/05\/Zeugen-gesucht-Neutral-326x245.jpg 326w, https:\/\/speyer24news.com\/wp-content\/uploads\/2020\/05\/Zeugen-gesucht-Neutral-80x60.jpg 80w\" sizes=\"(max-width: 801px) 100vw, 801px\" \/><\/figure><\/div>\n\n\n\n<p>Am Sonntag, den 04.10.2021 gegen 15:25 Uhr wurde ein 58- J\u00e4hriger aus Sulzfeld von einem unbekannten T\u00e4ter k\u00f6rperlich angegangen, als er an der Kreuzung Landauer Stra\u00dfe\/Paulstra\u00dfe stand. Der R\u00e4uber entwendete die Geldb\u00f6rse des Mannes, der gl\u00fccklicherweise unverletzt blieb und fl\u00fcchtete in Richtung Ged\u00e4chtniskirche.<\/p>\n\n\n\n<h4 class=\"wp-block-heading\">Der T\u00e4ter wird wie folgt beschrieben:<\/h4>\n\n\n\n<ul><li><strong>Ca. 30 Jahre alt<\/strong><\/li><li><strong>ca. 170-175cm<\/strong><\/li><li><strong>normale Statur<\/strong><\/li><li><strong>dunkle kurze Haare<\/strong><\/li><li><strong>Vollbart<\/strong><\/li><li><strong>schwarze Mund-Nasen-Bedeckung<\/strong><\/li><li><strong>schwarze Lederjacke, hellblaue Jeans, schwarze Schuhe<\/strong><\/li><\/ul>\n\n\n\n<p>Die Polizei sucht dringend Zeugen.<\/p>\n\n\n\n<p>Wer hat am Sonntagmittag Beobachtungen im Umfeld der Paulstra\u00dfe (Schwerdstra\u00dfe, Landauer Stra\u00dfe, Gilgenstra\u00dfe) gemacht? Sachdienliche Hinweise nimmt die Polizei Speyer unter der Telefonnummer 06232\/137-0 oder per E-Mail&nbsp;<a href=\"mailto:pispeyer@polizei.rlp.de\">pispeyer@polizei.rlp.de<\/a>&nbsp;entgegen.<\/p>\n\n\n\n<h2 class=\"wp-block-heading\">(Schifferstadt) &#8211; Verkehrsunfallflucht<\/h2>\n\n\n\n<p>Am 02.10.2021, zwischen 20:00 Uhr und 23:00 Uhr, besch\u00e4digte ein bislang unbekannter Fahrzeugf\u00fchrer in der Hasengasse beim Vorbeifahren einen am Fahrbahnrand geparkten roten VW. Zeugen, die Angaben zum Unfallgeschehen oder dem fl\u00fcchtenden PKW machen k\u00f6nnen, werden gebeten, sich mit der Polizeiinspektion Schifferstadt unter 06235 495-0 oder\u00a0<a href=\"mailto:pischifferstadt@polizei.rlp.de\">pischifferstadt@polizei.rlp.de<\/a>\u00a0in Verbindung zu setzen.<\/p>\n\n\n\n<h2 class=\"wp-block-heading\">(Altrip) &#8211; Rollerfahrt unter Drogeneinfluss<\/h2>\n\n\n\n<p>Am 03.10.2021, gegen 19 Uhr, sind Beamte der Polizeiinspektion Schifferstadt in der Rheinstra\u00dfe auf einen Rollerfahrer aufmerksam geworden. Der 41-j\u00e4hrige Fahrer stellte kurz darauf seinen Roller ab und wurde einer Verkehrskontrolle unterzogen. Im Rahmen der Kontrolle stellten die Beamten bei dem Mann drogentypische Auffallerscheinungen fest. Ein freiwillig durchgef\u00fchrter Drogenschnelltest verlief positiv, sodass dem Fahrer auf der Dienststelle durch einen Arzt Blut entnommen wurde. Dem Mann wurde die Weiterfahrt untersagt und der F\u00fchrerschein pr\u00e4ventiv sichergestellt. Gegen den 41-J\u00e4hrigen wurde ein Ordnungswidrigkeitenverfahren nach \u00a724 a StVG eingeleitet.<\/p>\n\n\n\n<h2 class=\"wp-block-heading\">(Germersheim) &#8211; Zu eilig&#8230;<\/h2>\n\n\n\n<p>Zu eilig hatte es am Montag, den 4. Oktober 2021, eine 38-j\u00e4hrige Germersheimerin.<\/p>\n\n\n\n<p>Nachdem sie mit einem voll bepackten Einkaufswagen mit unbezahlter Ware im Wert von ca. 200 Euro einen Einkaufsmarkt in Germersheim verlassen wollte, wurde sie durch Mitarbeiter gestoppt.<\/p>\n\n\n\n<p>Vermutlich nur noch durch Fluchtgedanken getrieben, lie\u00df die Germersheimerin alles stehen und liegen und rannte davon. Offensichtlich nicht bedacht hatte sie, dass sie am Einkaufswagen auch ihre Tasche mitsamt Ausweisdokumenten zur\u00fccklie\u00df.<\/p>\n\n\n\n<p>Nachdem sie sich dessen bewusst wurde, kehrte sie zum Einkaufsmarkt zur\u00fcck und es kam zu Streitigkeiten mit den Mitarbeitern.<\/p>\n\n\n\n<p>Durch die Polizeiinspektion Germersheim wurde eine entsprechende Anzeige aufgenommen.<\/p>\n\n\n\n<h2 class=\"wp-block-heading\">(Germersheim \/ Bellheim) &#8211; Geschwindigkeitsmessungen<\/h2>\n\n\n\n<p>Am Samstagmorgen f\u00fchrten Germersheimer Polizisten insgesamt drei Lasermessungen durch. Bei starkem Verkehrsaufkommen kam es in der Hauptstra\u00dfe in Bellheim zu insgesamt acht Geschwindigkeitsverst\u00f6\u00dfen. Einer davon hatte zudem sein Handy am Ohr. Danach wurde der Verkehr in der Ludwig-Erhard-Stra\u00dfe in Germersheim \u00fcberwacht. Hier hielten sich erfreulicherweise alle Verkehrsteilnehmer an die erlaubte Geschwindigkeit von 30 km\/h. Zuletzt wurde die Kontrolle in der Stra\u00dfe &#8222;Am Unkenfunk&#8220; in Germersheim fortgesetzt. Hier waren insgesamt neun Autofahrer zu schnell. Weiter wurden ein nicht ordnungsgem\u00e4\u00df gesichertes Kind und ein Autofahrer ohne angelegten Sicherheitsgurt festgestellt.<\/p>\n\n\n\n<h2 class=\"wp-block-heading\">(Neuburg) &#8211; Br\u00e4nde in Neuburg<\/h2>\n\n\n\n<p>Am Sonntag, 03.10.2021 geriet gegen 16:40 Uhr in der Dammstra\u00dfe in Neuburg ein Werkstattraum innerhalb einer Scheune aus bislang ungekl\u00e4rter Ursache in Brand. Bis zum Eintreffen der Feuerwehr versuchten zun\u00e4chst Bewohner vergeblich das Feuer zu l\u00f6schen. Der Feuerwehr gelang es schlie\u00dflich, das Feuer zu l\u00f6schen und ein \u00dcbergreifen der Flammen auf den Rest der Scheune und das angrenzende Wohnhaus zu verhindern. Der Sachschaden wird derzeit auf etwa 30.000 Euro gesch\u00e4tzt. Die Kriminalpolizei Landau hat Ermittlungen zur Brandursache aufgenommen und untersucht den Brandort gemeinsam mit einem von der Staatsanwaltschaft Landau beauftragten Brandsachverst\u00e4ndigen. W\u00e4hrend der L\u00f6scharbeiten ging eine Meldung zu einem weiteren Feuer in der selben Stra\u00dfe ein. Hier konnte eine Person festgestellt werden, die einen Sessel im Hof eines Mehrfamilienhauses angez\u00fcndet hatte. Dieses Feuer konnte rasch gel\u00f6scht werden, sodass es zu keinem Personen- oder Geb\u00e4udeschaden kam. Ob ein Zusammenhang zwischen beiden Br\u00e4nden besteht, wird gepr\u00fcft.<\/p>\n\n\n\n<h2 class=\"wp-block-heading\">(Landau) &#8211; Mit 3,77 Promille im Stadtgebiet gestoppt<\/h2>\n\n\n\n<p>Mit 3,77 Promille wurde ein 53 &#8211; j\u00e4hriger Autofahrer am Sonntagabend um 17 Uhr in der Wei\u00dfquartierstra\u00dfe gestoppt. Der Fahrer hatte zuvor das Anhaltesignal sowie das Blaulicht des Streifenwagens nicht wahrgenommen. Bei der Kontrolle stellten die Polizeibeamten Atemalkoholgeruch bei dem 53 &#8211; J\u00e4hrigen fest, auf Nachfrage stritt er den Konsum alkoholischer Getr\u00e4nke ab. Der angebotene Atemalkoholtest zeigte jedoch ein eindeutiges Ergebnis. Dem Mann wurde bei der Dienststelle eine Blutprobe genommen, der F\u00fchrerschein wurde einbehalten. Ein Ermittlungsverfahren wegen Trunkenheit im Stra\u00dfenverkehr wurde eingeleitet.<\/p>\n\n\n\n<h2 class=\"wp-block-heading\">(Neustadt) &#8211; Motorradfahrer bei Alleinunfall verletzt<\/h2>\n\n\n\n<p>Am Sonntag den 03.10.2021, st\u00fcrzte ein Motorradfahrer gegen 09:40 Uhr auf der B39 nach der Kreiselumfahrung. Er wollte in den Flie\u00dfverkehr einfahren und kam ins Schleudern. Hierbei kam er auf die Gegenfahrbahn und wurde unter die Leitplanke geschleudert, das Motorrad kollidierte mit einem entgegenkommenden Fahrzeug. Der 78-j\u00e4hrige Motorradfahrer wurde mit zahlreichen Prellungen ins Krankenhaus gebracht. Das Motorrad erlitt Totalschaden.<\/p>\n\n\n\n<h2 class=\"wp-block-heading\">(Frankeneck) &#8211; Brand in einer ehemaligen Pension<\/h2>\n\n\n\n<h3 class=\"has-text-align-center wp-block-heading\">Nachtrag zur Pressemeldung vom 01.10.2021<\/h3>\n\n\n\n<div class=\"wp-block-image\"><figure class=\"aligncenter size-large\"><img decoding=\"async\" loading=\"lazy\" width=\"800\" height=\"533\" src=\"https:\/\/speyer24news.com\/wp-content\/uploads\/2021\/10\/BrandFrankeneck3.jpg\" alt=\"\" class=\"wp-image-41223\" srcset=\"https:\/\/speyer24news.com\/wp-content\/uploads\/2021\/10\/BrandFrankeneck3.jpg 800w, https:\/\/speyer24news.com\/wp-content\/uploads\/2021\/10\/BrandFrankeneck3-300x200.jpg 300w, https:\/\/speyer24news.com\/wp-content\/uploads\/2021\/10\/BrandFrankeneck3-768x512.jpg 768w\" sizes=\"(max-width: 800px) 100vw, 800px\" \/><\/figure><\/div>\n\n\n\n<p>Am Vormittag des 04.10.2021 wurde der Brandort durch Brandermittler und speziell beauftragten Brandsachverst\u00e4ndigen erneut untersucht. Als brandurs\u00e4chlich muss ein technischer Defekt angesehen werden. Brandstiftung, gleich, ob fahrl\u00e4ssig oder bewusst und gewollt, kann ausgeschlossen werden.<\/p>\n\n\n\n<h2 class=\"wp-block-heading\">(Ha\u00dfloch) &#8211; Tatverd\u00e4chtiger in Haft<\/h2>\n\n\n\n<h3 class=\"has-text-align-center wp-block-heading\">1. Nachtrag zu versuchtes T\u00f6tungsdelikt<\/h3>\n\n\n\n<h3 class=\"wp-block-heading\">Gemeinsame Pressemeldung der Staatsanwaltschaft Frankenthal und des Polizeipr\u00e4sidiums Rheinpfalz<\/h3>\n\n\n\n<div class=\"wp-block-image\"><figure class=\"aligncenter size-large\"><img decoding=\"async\" loading=\"lazy\" width=\"800\" height=\"533\" src=\"https:\/\/speyer24news.com\/wp-content\/uploads\/2020\/06\/Zelle.jpg\" alt=\"\" class=\"wp-image-28203\" srcset=\"https:\/\/speyer24news.com\/wp-content\/uploads\/2020\/06\/Zelle.jpg 800w, https:\/\/speyer24news.com\/wp-content\/uploads\/2020\/06\/Zelle-300x200.jpg 300w, https:\/\/speyer24news.com\/wp-content\/uploads\/2020\/06\/Zelle-768x512.jpg 768w\" sizes=\"(max-width: 800px) 100vw, 800px\" \/><\/figure><\/div>\n\n\n\n<p>Durch umfangreiche und intensive Ermittlungen der Staatsanwaltschaft Frankenthal und der Kriminalpolizei Ludwigshafen konnte ein 26-j\u00e4hriger Tatverd\u00e4chtiger ermittelt werden.<\/p>\n\n\n\n<p>Der Beschuldigte wurde am Samstag (02.10.2021) dem Haftrichter des Amtsgerichts Frankenthal vorgef\u00fchrt. Dieser erlie\u00df auf Antrag der Staatsanwaltschaft Frankenthal Untersuchungshaftbefehl wegen des dringenden Verdachts des versuchten Totschlags. Der Beschuldigte kam in eine Justizvollzugsanstalt.<\/p>\n\n\n\n<p>Der Gesch\u00e4digte befindet sich weiterhin in einem Krankenhaus. Lebensgefahr besteht nicht.<\/p>\n\n\n\n<p>Die Ermittlungen der Staatsanwaltschaft Frankenthal und der Kriminalpolizei Ludwigshafen dauern weiter an.<\/p>\n\n\n\n<h2 class=\"wp-block-heading\">(Bad D\u00fcrkheim) &#8211; Bei Kontrolle Rauschgift aufgefunden<\/h2>\n\n\n\n<p>Am 04.10.2021 gegen 01:00 Uhr konnte in der Bruchstra\u00dfe in Bad D\u00fcrkheim, bei einer Personenkontrolle, Bet\u00e4ubungsmittel aufgefunden werden. Bei der Personenkontrolle und der anschlie\u00dfenden Durchsuchung eines 32-J\u00e4hrigen, konnten ein Joint, ein Grinder mit Cannabisresten sowie in der Zigarettenschachtel mit Cannabisbl\u00fcten aufgefunden und sichergestellt werden. Zuvor war er einer Streifenbesatzung aufgefallen, als er mit seinem Fahrrad ohne Licht die Bruchstra\u00dfe befuhr. Gegen ihn wird nun wegen dem Versto\u00df gegen das Bet\u00e4ubungsmittelgesetz ermittelt.<\/p>\n\n\n\n<h2 class=\"wp-block-heading\">(Bad D\u00fcrkheim) &#8211; Verkehrsschild entwendet<\/h2>\n\n\n\n<p>Im Zeitraum von 02.10.2021 19:00 Uhr bis 03.10.2021, 11:00 Uhr wurde in den Langwiesen in Bad D\u00fcrkheim ein Verkehrsschild entwendet. Ein Anwohner bemerkte, das bislang unbekannte T\u00e4ter das Verkehrsschild, das den Verkehrsberuhigten Bereich anzeigt, abmontiert und entwendet hatten. Es entstand Sachschaden in H\u00f6he von 50 Euro. Die Polizei Bad D\u00fcrkheim hat die Ermittlungen aufgenommen und bittet um Hinweise unter 06322 963 0 oder per E-Mail an\u00a0<a href=\"mailto:pibadduerkheim@polizei.rlp.de\">pibadduerkheim@polizei.rlp.de<\/a><\/p>\n\n\n\n<h2 class=\"wp-block-heading\">(Friedelsheim) &#8211; Verkehrsunfall mit verletzter Person<\/h2>\n\n\n\n<p>Am 03.10.2021 gegen 17:00 Uhr wurde ein 56-J\u00e4hriger bei einem Verkehrsunfall in der Schulstra\u00dfe in Friedelsheim leicht verletzt. Der 56-J\u00e4hrige befuhr mit seinem Audi A4 die Bahnhofstra\u00dfe in Friedelsheim aus Richtung A650 kommend in Fahrtrichtung Niederkirchen. In der Schulstra\u00dfe, welche an die Bahnhofstra\u00dfe anschlie\u00dft, platzte pl\u00f6tzlich sein linker vorderer Reifen. Trotz Gegenlenken kam sein Fahrzeug, erst nach dem Zusammensto\u00df mit zwei am linken Fahrbahnrand geparkten Fahrzeugen, zum Stehen. Gl\u00fccklicherweise wurde der Fahrer nur leicht an seiner Hand verletzt. An allen drei Fahrzeugen entstand wirtschaftlicher Totalschaden in einer Gesamtschadensh\u00f6he von 17000 Euro. Die Fahrzeuge waren nicht mehr fahrbereit und mussten abgeschleppt werden.<\/p>\n\n\n\n<h2 class=\"wp-block-heading\">(Carlsberg) &#8211; Weitere Schmierereien in Carlsberg \/ Zeugen gesucht<\/h2>\n\n\n\n<p>Am 02.10.2021 wurden in Carlsberg weitere Schmierereien festgestellt (s.a. Meldung gestern: &#8222;Kirchenmauer bespr\u00fcht&#8220; vom 02.10.2021). Auf einem Spielplatz im Ginsterweg wurden B\u00e4nke und Ger\u00e4te, sowie im Fliederweg eine Mauer mit gr\u00fcner, gelber und schwarzer Spr\u00fchfarbe beschmiert. Die Polizei bittet um Hinweise aus der Bev\u00f6lkerung: 06359 93120.<\/p>\n\n\n\n<h2 class=\"wp-block-heading\">(Carlsberg) &#8211; Unfall mit entwendeten bzw. unbefugt benutzten PKW<\/h2>\n\n\n\n<p>Die PI Gr\u00fcnstadt wurde von der 21-j\u00e4hrigen Gesch\u00e4digten von einem Lokal in Carlsberg aus zun\u00e4chst informiert, dass man ihren PKW samt Autoschl\u00fcssel entwendet habe. Am Sonntag gegen 01:00 Uhr bemerkte sie das Fehlen ihres Autoschl\u00fcssels. Das Auto und zwei junge M\u00e4nner, mit denen sie unterwegs war, waren auch weg. Sp\u00e4ter erhielt die Gesch\u00e4digte einen Anruf, wonach ihr PKW in Gr\u00fcnstadt auf dem Luitpoldplatz stehen w\u00fcrde. Am PKW wurde ein frischer Unfallschaden festgestellt. Ein Verdacht besteht gegen einen 30- und einen 31-J\u00e4hrigen. Die Ermittlungen wurden aufgenommen.<\/p>\n\n\n\n<h2 class=\"wp-block-heading\">(Kirchheim \/ B 271) &#8211; Motorradunfall \/ Fahrer leicht verletzt<\/h2>\n\n\n\n<p>Zur Unfallzeit (03.10.2021, 10:40 Uhr) fuhren ein PKW- und ein Motorradfahrer auf der B 271 (neu) in Richtung Dackenheim. In einem Kurvenbereich \u00fcberholte ein 57-j\u00e4hriger Motorradfahrer einen vorausfahrenden PKW-Fahrer. Nach den Ermittlungen kam der Motorradfahrer beim Wiedereinscheren (es kam Gegenverkehr!) zu weit nach rechts und von der Fahrbahn ab. Dabei streifte er die Leitplanke und st\u00fcrzte. Das Motorrad wurde zur\u00fcck auf die Fahrbahn geschleudert und kollidierte mit dem \u00fcberholten PKW. Der Motorradfahrer wurde leicht verletzt in ein Krankenhaus gebracht. Das Motorrad musste abgeschleppt werden. Der Sachschaden betr\u00e4gt ca. 8000EUR.<\/p>\n\n\n\n<h2 class=\"wp-block-heading\">(Gro\u00dfkarlbach) &#8211; Betrunkener baut Unfall \/ hoher Sachschaden<\/h2>\n\n\n\n<p>Zur Unfallzeit (01.10.2021, 21:10 Uhr) fuhr ein 38-J\u00e4hriger aus Erpolzheim auf der Bissersheimer Stra\u00dfe in Gro\u00dfkarlbach, als er auf einen am Fahrbahnrand geparkten PKW ungebremst auffuhr. Der 38-J\u00e4hrige war dabei alkoholisiert (Test ca. 1,6 Promille). Er blieb unverletzt. Der Sachschaden betr\u00e4gt ca. 10.000EUR.<\/p>\n\n\n\n<h2 class=\"wp-block-heading\">(Frankenthal) &#8211; Diebstahl von Verkehrsschild<\/h2>\n\n\n\n<p>Am 03.10.2021, gegen 21.15 Uhr, wurde durch einen Zeugen gemeldet, dass sich in der Freinsheimer Stra\u00dfe zwei bislang unbekannte T\u00e4ter an einem Verkehrsschild zu schaffen machen. Durch die eingesetzte Streife konnte vor Ort festgestellt werden, dass das Ortseingangsschild Frankenthal-Flomersheim aus Richtung Frankenthal kommend entwendet wurde. Der Schaden wird auf etwa 100 Euro gesch\u00e4tzt.<\/p>\n\n\n\n<p>Zeugen werden gebeten sich an die Polizeiinspektion Frankenthal unter der Tel.-Nr.: 06233\/313-0 oder an die Polizeiwache Maxdorf unter der Tel.-Nr.: 06237\/934-1100 zu wenden. Gerne nehmen wir Ihre Hinweise auch per E-Mail unter\u00a0<a href=\"mailto:pifrankenthal@polizei.rlp.de\">pifrankenthal@polizei.rlp.de<\/a>\u00a0entgegen.<\/p>\n\n\n\n<h2 class=\"wp-block-heading\">(Pr\u00e4sidialbereich Rheinpfalz) &#8211; Radarkontrollen des Polizeipr\u00e4sidiums Rheinpfalz im Oktober 2021<\/h2>\n\n\n\n<div class=\"wp-block-image\"><figure class=\"aligncenter size-large\"><img decoding=\"async\" loading=\"lazy\" width=\"800\" height=\"450\" src=\"https:\/\/speyer24news.com\/wp-content\/uploads\/2020\/12\/Blitzer-Logo.jpg\" alt=\"\" class=\"wp-image-31938\" srcset=\"https:\/\/speyer24news.com\/wp-content\/uploads\/2020\/12\/Blitzer-Logo.jpg 800w, https:\/\/speyer24news.com\/wp-content\/uploads\/2020\/12\/Blitzer-Logo-300x169.jpg 300w, https:\/\/speyer24news.com\/wp-content\/uploads\/2020\/12\/Blitzer-Logo-768x432.jpg 768w, https:\/\/speyer24news.com\/wp-content\/uploads\/2020\/12\/Blitzer-Logo-678x381.jpg 678w\" sizes=\"(max-width: 800px) 100vw, 800px\" \/><\/figure><\/div>\n\n\n\n<p>Im Bereich der <strong>Polizeidirektion Ludwigshafen<\/strong> finden wie folgt Kontrollen statt: <\/p>\n\n\n\n<ul><li><strong>Mittwoch (13.10.2021) im Bereich Altrip <\/strong><\/li><li><strong>Dienstag (19.10.2021) im Bereich Birkenheide <\/strong><\/li><li><strong>Freitag (29.10.2021) im Bereich Ludwigshafen<\/strong><\/li><\/ul>\n\n\n\n<p>Im Bereich der <strong>Polizeidirektion Landau<\/strong> finden wie folgt Kontrollen statt: <\/p>\n\n\n\n<ul><li><strong>Dienstag (05.10.2021) im Bereich Bad Bergzabern <\/strong><\/li><li><strong>Freitag (15.10.2021) im Bereich Altdorf <\/strong><\/li><li><strong>Montag (18.10.2021) im Bereich Billigheim-Ingenheim <\/strong><\/li><li><strong>Mittwoch (27.10.2021) im Bereich Berg<\/strong><\/li><\/ul>\n\n\n\n<p>Im Bereich der <strong>Polizeidirektion Neustadt <\/strong>finden wie folgt Kontrollen statt: <\/p>\n\n\n\n<ul><li><strong>Donnerstag (07.10.2021) im Bereich Wachenheim <\/strong><\/li><li><strong>Montag (11.10.2021) im Bereich Ha\u00dfloch <\/strong><\/li><li><strong>Donnerstag (21.10.2021) im Bereich Neustadt-Geinsheim <\/strong><\/li><li><strong>Dienstag (26.10.2021) im Bereich Kirchheim<\/strong><\/li><\/ul>\n\n\n\n<p>Die Polizei weist ausdr\u00fccklich darauf hin, dass Kontrollen auch au\u00dferhalb der genannten Zeiten und \u00d6rtlichkeiten stattfinden.<\/p>\n\n\n\n<h2 class=\"wp-block-heading\">(Ludwigshafen) &#8211; Fu\u00dfg\u00e4nger bei Unfall verletzt \/ Zeuginnen und Zeugen gesucht<\/h2>\n\n\n\n<p>In der Nacht auf Montag (04.10.2021), gegen 00:50 Uhr, wurde ein 31-j\u00e4hriger Fu\u00dfg\u00e4nger bei einem Unfall in der B\u00fcrgermeister-Gr\u00fcnzweig-Stra\u00dfe leicht verletzt. Der Fu\u00dfg\u00e4nger soll bei Rot zeigender Ampel die Fahrbahn \u00fcberquert haben und wurde von einem Auto erfasst. Der 31-J\u00e4hrige war bei der Unfallaufnahme deutlich alkoholisiert. Ein Atemalkoholtest ergab einen Wert von 2,84 Promille. Der Fu\u00dfg\u00e4nger wurde zur weiteren Behandlung vom Rettungsdienst in ein Krankenhaus gebracht.<\/p>\n\n\n\n<p>Wer hat den Unfall beobachtet?<\/p>\n\n\n\n<p>Zeuginnen und Zeugen werden gebeten sich bei der Polizeiinspektion Ludwigshafen 2, Telefonnummer 0621 963-2222 oder per E-Mail\u00a0<a href=\"mailto:piludwigshafen2@polizei.rlp.de\">piludwigshafen2@polizei.rlp.de<\/a>\u00a0zu melden.<\/p>\n\n\n\n<h2 class=\"wp-block-heading\">(Ludwigshafen) &#8211; Radfahrer bei Verkehrsunfall verletzt<\/h2>\n\n\n\n<p>Am Sonntagabend (03.10.2021), gegen 21:30 Uhr, verletzte sich eine 21-j\u00e4hrige Fahrradfahrerin leicht bei einem Verkehrsunfall in der Maudacher Stra\u00dfe. Die Radfahrerin streifte eine Laterne und st\u00fcrzte dadurch. Sie wurde zur Untersuchung vom Rettungsdienst in ein Krankenhaus gebracht.<\/p>\n\n\n\n<h2 class=\"wp-block-heading\">(Ludwigshafen) &#8211; Diebst\u00e4hle aus drei Autos \/ Wer kann Hinweise geben?<\/h2>\n\n\n\n<p>Am vergangenen Wochenende wurden aus drei Autos in Ludwigshafen verschiedene Gegenst\u00e4nde gestohlen.<\/p>\n\n\n\n<p>In der Zeit vom 02.10., 18:00 Uhr bis zum 03.10.2021, 08:15 Uhr brachen Unbekannte einen VW Caddy in der Benckiser Stra\u00dfe auf und stahlen Werkzeug aus dem Auto.<\/p>\n\n\n\n<p>In der Zeit vom 02.10., 18:00 Uhr bis zum 03.10.2021, 08:30 Uhr wurde aus einem unverschlossenen Mercedes Vito in der Bgm.-Kutterer-Stra\u00dfe ein Navigationsger\u00e4t und ein Geldbeutel gestohlen.<\/p>\n\n\n\n<p>In der Ferdinand-Freiligrath-Stra\u00dfe stahlen Unbekannte in der Zeit vom 01.10., 19:30 Uhr bis zum 03.10.2021, 08:00 Uhr einen Geldbeutel aus einem geparkten Audi S8. An dem Audi S8 konnten keine Aufbruchspuren festgestellt werden. Wie der\/die unbekannten T\u00e4ter in das Auto gelangen konnten und ob es einen Zusammenhang zwischen den Taten gibt, ist Bestandteil der noch laufenden Ermittlungen.<\/p>\n\n\n\n<p>Durch die Taten entstand ein Gesamtschaden in H\u00f6he von ca. 1000,- Euro.<\/p>\n\n\n\n<p>Sachdienliche Hinweise bitte an die Polizeiinspektion Ludwigshafen 1, Telefonnummer 0621 963-2122 oder per E-Mail&nbsp;<a href=\"mailto:piludwigshafen1@polizei.rlp.de\">piludwigshafen1@polizei.rlp.de<\/a>&nbsp;.<\/p>\n\n\n\n<h2 class=\"wp-block-heading\">(Ludwigshafen) &#8211; Betrunkener Radfahrer auf A65 unterwegs<\/h2>\n\n\n\n<p>Ein Autofahrer meldete am Samstagmorgen (02.10.2021), um 03.55 Uhr einen Radfahrer auf der A65 (Autobahndreieck Ludwigshafen). Bis zum Eintreffen der Polizeistreife, sicherte dieser den Radfahrer, der mit einem unbeleuchteten Fahrrad auf dem Seitenstreifen unterwegs war, ab. Bei der Kontrolle durch Beamte der Polizeiautobahnstation Ruchheim erkl\u00e4rte der 17-J\u00e4hrige, dass er auf einer Party in Frankenthal war. Da er den Nachhauseweg \u00fcber die Feldwege nicht kenne, sei er \u00fcber die B9 und A65 gefahren. Der junge Mann zeigte deutliche Anzeichen auf Alkoholkonsum. Ein Akotest ergab eine Atemluftalkoholkonzentration von 3,3 Promille.<\/p>\n\n\n\n<p>Dem 17-J\u00e4hrigen wurde eine Blutprobe entnommen und ein Ermittlungsverfahren wegen Trunkenheit im Stra\u00dfenverkehr eingeleitet. Im Anschluss an die polizeilichen Ma\u00dfnahmen wurde er zu seinen Erziehungsberechtigten gebracht.<\/p>\n\n\n\n<p>Die Polizeiautobahnstation Ruchheim dankt dem Autofahrer f\u00fcr sein besonnenes Verhalten.<\/p>\n\n\n\n<h2 class=\"wp-block-heading\">(Mannheim-Innenstadt) &#8211; Exhibitionist in Parkanlage \/ Polizei sucht Zeugen<\/h2>\n\n\n\n<div class=\"wp-block-image\"><figure class=\"aligncenter size-large\"><img decoding=\"async\" loading=\"lazy\" width=\"801\" height=\"600\" src=\"https:\/\/speyer24news.com\/wp-content\/uploads\/2020\/05\/Zeugen-gesucht-Neutral.jpg\" alt=\"\" class=\"wp-image-26598\" srcset=\"https:\/\/speyer24news.com\/wp-content\/uploads\/2020\/05\/Zeugen-gesucht-Neutral.jpg 801w, https:\/\/speyer24news.com\/wp-content\/uploads\/2020\/05\/Zeugen-gesucht-Neutral-300x225.jpg 300w, https:\/\/speyer24news.com\/wp-content\/uploads\/2020\/05\/Zeugen-gesucht-Neutral-768x575.jpg 768w, https:\/\/speyer24news.com\/wp-content\/uploads\/2020\/05\/Zeugen-gesucht-Neutral-678x509.jpg 678w, https:\/\/speyer24news.com\/wp-content\/uploads\/2020\/05\/Zeugen-gesucht-Neutral-326x245.jpg 326w, https:\/\/speyer24news.com\/wp-content\/uploads\/2020\/05\/Zeugen-gesucht-Neutral-80x60.jpg 80w\" sizes=\"(max-width: 801px) 100vw, 801px\" \/><\/figure><\/div>\n\n\n\n<p>Zwei jungen Frauen fiel am Sonntagnachmittag gegen 15:40 in der Parkanlage &#8222;Lauersche G\u00e4rten&#8220; in M6 zwischen den Str\u00e4uchern ein Mann auf, der an seinem entbl\u00f6\u00dften Geschlechtsteil manipulierte und hierbei den Blickkontakt zu ihnen suchte. Sie verst\u00e4ndigten die Polizei. Bis zum Eintreffen der Beamten hatte sich der Unbekannte jedoch bereits mit seinem Fahrrad entfernt.<\/p>\n\n\n\n<h4 class=\"wp-block-heading\">Der Unbekannte wurde wie folgt beschrieben: <\/h4>\n\n\n\n<ul><li><strong>Ca. 45 -55 Jahre alt<\/strong><\/li><li><strong>ca. 170 bis 180 cm gro\u00df<\/strong><\/li><li><strong>graue Haare &#8211; an den Seiten etwas l\u00e4nger<\/strong><\/li><li><strong>r\u00f6tliche Haut\/ Wangen<\/strong><\/li><li><strong>Er trug eine dunkle Hose, eine schwarze Jacke und ein helles Oberteil. <\/strong><\/li><li><strong>Er f\u00fchrte ein schwarz gl\u00e4nzend Herrenfahrrad mit silbernem Lenker und schwarzen Griffen mit sich.<\/strong><\/li><\/ul>\n\n\n\n<p>Das Kriminalkommissariat Mannheim hat die Ermittlungen aufgenommen und bittet Zeugen, die sachdienliche Hinweise zu dem Unbekannten geben k\u00f6nnen oder m\u00f6glicherweise selbst von dessen unsittlichem Verhalten betroffen waren, sich beim Kriminaldauerdienst, Tel. 0621\/174-4444, zu melden.<\/p>\n\n\n\n<h2 class=\"wp-block-heading\">(Mannheim-Neckarstadt) &#8211; Fahrzeug w\u00e4hrend Footballspiel besch\u00e4digt \/ Unfallverursacher und Zeugen gesucht<\/h2>\n\n\n\n<p>Ein 44-j\u00e4hriger Mann parkte am Samstag zwischen 16 und 17 Uhr seinen Tesla in der Stra\u00dfe &#8222;Im Pfeiffersw\u00f6rth&#8220; und begab sich zum dortigen Footballspiel. Als der Mann um 17 Uhr zu seinem Fahrzeug zur\u00fcckkehrte, stellte er eine Besch\u00e4digung an seinem Fahrzeug fest. Der Unfallverursacher ist bisher unbekannt. Der Sachschaden liegt bei 3.000 Euro. Die Polizei hat die Ermittlungen wegen unerlaubten Entfernens vom Unfallort aufgenommen. Zeugen, welche den Unfallhergang beobachtet haben oder sachdienliche Hinweise zum Verursacher geben k\u00f6nnen, werden gebeten, das Polizeirevier Mannheim-Neckarstadt (Tel.: 0621\/3301-0) zu kontaktieren.<\/p>\n\n\n\n<h2 class=\"wp-block-heading\">(Mannheim-Neckarstadt-West) &#8211; Wohnungseinbruch \/ Zeugen gesucht<\/h2>\n\n\n\n<p>Zwischen dem 25.09.2021 und dem 02.10.2021 verschafften sich bisher unbekannte T\u00e4ter Zugang zu einem Privathaushalt in der Erlenstra\u00dfe in Mannheim. Die Unbekannten gelangten vermutlich durch Aufhebeln einer T\u00fcr im Erdgeschoss in das Wohnhaus und durchsuchten dort mehrere Zimmer und Schr\u00e4nke. Die genaue Schadensh\u00f6he sowie das entwendete Diebesgut sind derzeit noch Gegenstand der Ermittlungen. Diese werden nun durch die Ermittlungsgruppe Eigentum unter Beteiligung der zentralen Kriminaltechnik der Kriminalpolizeidirektion Heidelberg gef\u00fchrt. Zeugen, welche etwas Verd\u00e4chtiges in diesem Zusammenhang wahrgenommen haben, werden gebeten, sich mit der Kriminalpolizei (Tel.: 0621\/174-4444) in Verbindung zu setzen.<\/p>\n\n\n\n<h2 class=\"wp-block-heading\">(Mannheim-Gartenstadt \/ Waldhof \/ K\u00e4fertal) &#8211; Unbekannte verursachen erheblichen Schaden an Stra\u00dfenbahnhaltestellen \/ Polizei sucht Zeugen<\/h2>\n\n\n\n<div class=\"wp-block-image\"><figure class=\"aligncenter size-large\"><img decoding=\"async\" loading=\"lazy\" width=\"801\" height=\"600\" src=\"https:\/\/speyer24news.com\/wp-content\/uploads\/2020\/05\/Zeugen-gesucht-Neutral.jpg\" alt=\"\" class=\"wp-image-26598\" srcset=\"https:\/\/speyer24news.com\/wp-content\/uploads\/2020\/05\/Zeugen-gesucht-Neutral.jpg 801w, https:\/\/speyer24news.com\/wp-content\/uploads\/2020\/05\/Zeugen-gesucht-Neutral-300x225.jpg 300w, https:\/\/speyer24news.com\/wp-content\/uploads\/2020\/05\/Zeugen-gesucht-Neutral-768x575.jpg 768w, https:\/\/speyer24news.com\/wp-content\/uploads\/2020\/05\/Zeugen-gesucht-Neutral-678x509.jpg 678w, https:\/\/speyer24news.com\/wp-content\/uploads\/2020\/05\/Zeugen-gesucht-Neutral-326x245.jpg 326w, https:\/\/speyer24news.com\/wp-content\/uploads\/2020\/05\/Zeugen-gesucht-Neutral-80x60.jpg 80w\" sizes=\"(max-width: 801px) 100vw, 801px\" \/><\/figure><\/div>\n\n\n\n<p>Die Polizei ermittelt wegen Sachbesch\u00e4digung an mehreren Stra\u00dfenbahnhaltestellen in der Waldstra\u00dfe und in der Hessischen Stra\u00dfe und bittet die Bev\u00f6lkerung um Mithilfe.<\/p>\n\n\n\n<p>Ein oder mehrere Unbekannte besch\u00e4digten am Montagmorgen im Zeitraum zwischen 03.10 Uhr 03.30 Uhr die Scheiben der rnv-Haltestelle &#8222;Erl\u00f6serkirche&#8220; in der Waldstra\u00dfe. Auf bislang unbekannte Weise zerschlugen sie fast 30 Glasscheiben der Abtrennungen zwischen beiden Bahnsteigen und der Stra\u00dfe. Die Fahrbahnen der Waldstra\u00dfe waren in beiden Fahrtrichtungen gro\u00dffl\u00e4chig mit Glasscherben verschmutzt und mussten gereinigt werden. Der Sachschaden l\u00e4sst sich derzeit noch nicht beziffern. <\/p>\n\n\n\n<p>Die Polizei pr\u00fcft derzeit, ob ein Zusammenhang mit einer Sachbesch\u00e4digung an der Haltestelle &#8222;Hermann-Gutzmann-Schule&#8220; in der Hessischen Stra\u00dfe am Sonntagabend besteht. Hier hatten ein oder mehrere Unbekannte vermutlich in der Zeit zwischen 22.10 Uhr und 22:40 Uhr ein Glaselement mit einem Werbetr\u00e4ger des Unterstands der Haltestelle auf Gleis B auf unbekannte Weise besch\u00e4digt. Der Sachschaden wird auf ca. 750 EUR gesch\u00e4tzt. <\/p>\n\n\n\n<p>Wer sachdienliche Hinweise zu den unbekannten T\u00e4tern oder zum Tathergang machen kann, meldet sich beim Polizeirevier Sandhofen, Tel.: 0621\/777690.<\/p>\n\n\n\n<h2 class=\"wp-block-heading\">(Mannheim-Neuhermsheim) &#8211; Sauna in Brand geraten<\/h2>\n\n\n\n<h3 class=\"has-text-align-center wp-block-heading\">Pressemitteilung Nr.1<\/h3>\n\n\n\n<p>Am Montagnachmittag gegen 15:30 Uhr geriet in der Hermsheimer Stra\u00dfe aus bislang ungekl\u00e4rter Ursache eine Sauna im Keller eines Einfamilienhauses in Brand. Die alarmierte Feuerwehr konnte den Brand schnell unter Kontrolle bringen. Dennoch ist das Haus nicht mehr bewohnbar. Durch den Rauch des Brandes wurde eine Person verletzt und musste mit einem Rettungswagen in ein nahegelegenes Krankenhaus gebracht werden. \u00dcber die H\u00f6he des entstandenen Sachschadens ist noch nichts bekannt.<\/p>\n\n\n\n<h2 class=\"wp-block-heading\">(Heidelberg \/ Mannheim \/ Rhein-Neckar-Kreis) &#8211; Themenwoche E-Scooter, Kontrollergebnis Schwerpunktkontrolle &#8222;E-Scooter&#8220; in Heidelberg<\/h2>\n\n\n\n<div class=\"wp-block-image\"><figure class=\"aligncenter size-large\"><img decoding=\"async\" loading=\"lazy\" width=\"800\" height=\"599\" src=\"https:\/\/speyer24news.com\/wp-content\/uploads\/2020\/09\/E-Scooter.jpg\" alt=\"\" class=\"wp-image-30384\" srcset=\"https:\/\/speyer24news.com\/wp-content\/uploads\/2020\/09\/E-Scooter.jpg 800w, https:\/\/speyer24news.com\/wp-content\/uploads\/2020\/09\/E-Scooter-300x225.jpg 300w, https:\/\/speyer24news.com\/wp-content\/uploads\/2020\/09\/E-Scooter-768x575.jpg 768w, https:\/\/speyer24news.com\/wp-content\/uploads\/2020\/09\/E-Scooter-678x509.jpg 678w, https:\/\/speyer24news.com\/wp-content\/uploads\/2020\/09\/E-Scooter-326x245.jpg 326w, https:\/\/speyer24news.com\/wp-content\/uploads\/2020\/09\/E-Scooter-80x60.jpg 80w\" sizes=\"(max-width: 800px) 100vw, 800px\" \/><figcaption>Leider oft etwas zu beanstanden, E-Scooter und ihrer Fahrer\/innen<\/figcaption><\/figure><\/div>\n\n\n\n<p>E-Scooter erfreuen sich weiterhin gro\u00dfer Beliebtheit. Gerade in Innenst\u00e4dten sind die Scooter mittlerweile an fast jeder Stra\u00dfenecke vorzufinden. Unkompliziert und schnell ist der E-Scooter via Smartphone-App entsperrt und bietet flexibel die M\u00f6glichkeit von &#8222;A nach B&#8220; zu fahren. W\u00e4hrend E-Scooter auf der einen Seite unser allt\u00e4gliches Leben in vielerlei Hinsicht erleichtern, stellen sie uns auf der anderen Seite vor einige Probleme und bergen neue Gefahrensituationen im \u00f6ffentlichen Stra\u00dfenverkehr.<\/p>\n\n\n\n<p>Bis August 2021 ereigneten sich in Heidelberg, Mannheim und dem Rhein-Neckar-Kreis insgesamt 43 Verkehrsunf\u00e4lle, bei denen solche &#8222;Elektrokleinstfahrzeuge&#8220; beteiligt waren. Dabei wurden 5 Personen schwer und 21 Personen leicht verletzt. Aufgrund st\u00e4ndiger Verf\u00fcgbarkeit und weiterwachsenden Angeboten ist davon auszugehen, dass die Anzahl an Verkehrsunf\u00e4llen unter Beteiligung eines E-Scooter-Fahrers k\u00fcnftig zunehmen. Besonders auff\u00e4llig ist, dass E-Scooter immer wieder unter dem Einfluss von Alkohol und Drogen genutzt werden. Insbesondere nach Partys und anderen Feiern werden die Fahrzeuge gerne zur Heimreise herangezogen. Das belegen auch die Zahlen aus den Verkehrskontrollen aus dem ersten Halbjahr 2021 des Polizeipr\u00e4sidiums Mannheim. Gerade an Wochenenden zwischen 20 und 4 Uhr ist die Anzahl an Alkohol- und Drogenfahrten mit E-Scootern besonders hoch. Da der E-Scooter als Kraftfahrzeug gilt, wird in der Konsequenz regelm\u00e4\u00dfig die Fahrerlaubnis entzogen.<\/p>\n\n\n\n<p>Eine am vergangenen Freitag in Heidelberg durchgef\u00fchrte E-Scooter Schwerpunktkontrolle best\u00e4tigt diese Erkenntnisse. Hierbei wurden insgesamt 34 Trunkenheitsfahrten bei E-Scooter-Fahrern festgestellt. In vier F\u00e4llen wurde der F\u00fchrerschein vorl\u00e4ufig entzogen. Insgesamt wurden im Verlauf der Kontrolle 42 Strafverfahren er\u00f6ffnet, davon 21 Verkehrsstraftaten, 17 Verst\u00f6\u00dfe gegen das Bet\u00e4ubungsmittelgesetz, 2 Verst\u00f6\u00dfe gegen das Waffengesetz und 2 Urkundenf\u00e4lschungen. Im Zuge einer Durchsuchung wurden 6,5 Gramm Marihuana sichergestellt. Losgel\u00f6st von den E-Scooter-Fahrern stellten die Beamtinnen und Beamten bei drei Verkehrsteilnehmern fest, dass diese ohne entsprechende Fahrerlaubnis mit ihrem Kraftfahrzeug am Stra\u00dfenverkehr teilnahmen. Zwei Radfahrer mussten eine Blutprobe abgeben und werden ebenfalls wegen Trunkenheit im Verkehr angezeigt.<\/p>\n\n\n\n<p>In der darauffolgenden Nacht von Samstag auf Sonntag stellten Polizeibeamtinnen und Polizeibeamte im Stadtgebiet Heidelberg weitere 9 Trunkenheitsfahrten bei E-Scooter-Fahrern fest. Gegen sechs Fahrer wurde ein Ordnungswidrigkeitenverfahren eingeleitet. Drei Fahrer waren erheblich alkoholisiert und erwarten ein Strafverfahren. Sie mussten nach einer Blutprobe ihren F\u00fchrerschein abgeben. Unter Ihnen war ein 32-j\u00e4hriger Mann besonders auff\u00e4llig. Er wurde mit deutlichen Ausfallerscheinungen in der Br\u00fcckenstra\u00dfe kontrolliert und hatte einen Alkoholwert von fast 2 Promille. In Mannheim nahmen in der gleichen Nacht drei berauschte E-Scooter-Fahrer am Stra\u00dfenverkehr teil. Bei einem unter Drogeneinfluss stehenden E-Scooter-Fahrer wurden mehrere Kleinmengen Marihuana sichergestellt. Gegen ihn wurde ein Strafverfahren wegen Verdachts des Drogenhandels eingeleitet.<\/p>\n\n\n\n<p>Im Rahmen der Themenwoche &#8222;E-Scooter&#8220; kl\u00e4rt die Polizei Mannheim auf den Social Media Kan\u00e4len Facebook und Twitter \u00fcber verschiedenste Fragestellungen rund um das Thema &#8222;Elektrokleinstfahrzeuge&#8220; auf, sodass es gar nicht erst zum Unfall oder F\u00fchrerscheinentzug kommt. Unter\u00a0<a target=\"_blank\" href=\"http:\/\/www.facebook.com\/PolizeiMannheim\" rel=\"noreferrer noopener\">www.facebook.com\/PolizeiMannheim<\/a>\u00a0und\u00a0<a target=\"_blank\" href=\"http:\/\/www.twitter.com\/PolizeiMannheim\" rel=\"noreferrer noopener\">www.twitter.com\/PolizeiMannheim<\/a>\u00a0wird in dieser Woche t\u00e4glich ein neuer Beitrag mit Informationen und Hinweisen zum Thema ver\u00f6ffentlicht.<\/p>\n\n\n\n<h2 class=\"wp-block-heading\">(Heidelberg-Mitte) &#8211; Fahrradtour unter Alkoholeinfluss endet im Polizeirevier<\/h2>\n\n\n\n<p>Ein 61-j\u00e4hriger Fahrradfahrer fiel den Beamten des Polizeireviers Heidelberg-Mitte in der Nacht von Sonntag auf Montag in der Rohrbacher Stra\u00dfe auf. Der Radfahrer fuhr deutliche Schlangenlinien und ben\u00f6tigte die gesamte linke Fahrspur. Bei der Verkehrskontrolle stellten die Beamten einen Atemalkoholwert von \u00fcber 2 Promille fest. In der Folge wurde der Mann auf das Polizeirevier verbracht. Dort wurde ihm eine Blutprobe entnommen. Die Weiterfahrt mit dem Fahrrad wurde ihm untersagt. Ihn erwartet nun eine Strafanzeige wegen Trunkenheit im Stra\u00dfenverkehr.<\/p>\n\n\n\n<h2 class=\"wp-block-heading\">(Heidelberg-Handschuhsheim) &#8211; PKW auf Klinikparkplatz besch\u00e4digt und weggefahren \/ Zeugen gesucht<\/h2>\n\n\n\n<p>Am Freitagmorgen gegen 05:30 Uhr parkte eine 23-j\u00e4hrige Fahrzeugf\u00fchrerin ihren VW auf dem Parkplatz vor einer Klinik im Neuenheimer Feld. Als die Frau gegen 14:30 Uhr zu ihrem Fahrzeug zur\u00fcckkehrte, stellte sie eine starke Besch\u00e4digung auf der linken Fahrzeugseite fest. Der Unfallverursacher ist bisher nicht bekannt und hat sich nach dem Unfall unerlaubt vom Parkplatz entfernt. Ersten Ermittlungen zu Folge k\u00f6nnte das unfallverursachende Fahrzeug ein LKW gewesen sein. Der Schaden am VW betr\u00e4gt mindestens 2.000 Euro. Zeugen, welche den Unfall beobachtet haben oder Hinweise zum Verursacher geben k\u00f6nnen, werden gebeten, sich mit dem Polizeirevier Heidelberg-S\u00fcd (Tel.: 06221\/3418-0) telefonisch in Verbindung zu setzen.<\/p>\n\n\n\n<h2 class=\"wp-block-heading\">(Heidelberg-Emmertsgrund) &#8211; Unbekannte stehlen H\u00e4cksler von Gartengrundst\u00fcck \/ Polizei sucht Zeugen<\/h2>\n\n\n\n<p>Im Zeitraum zwischen Freitag, 16:00 Uhr und Samstag, 11:30 Uhr verschafften sich ein oder mehrere unbekannte T\u00e4ter unbefugt Zutritt zu einem Gartengrundst\u00fcck in der Jaspersstra\u00dfe, indem sie ein am Gartentor angebrachtes Vorh\u00e4ngeschloss aufbrachen. Sie entwendeten einen Laubh\u00e4cksler der Marke GardenCat im Wert von ca. 800 EUR, der im hinteren Bereich des Gartens unter einer Plane aufbewahrt worden war. Das \u00fcber 100 Kilogramm schwere Gartenger\u00e4t war au\u00dferdem mit einer Stahlkette an einem gro\u00dfen Stein befestigt. Die Stahlkette war augenscheinlich durchtrennt worden. Wer die unbekannten Einbrecher sind und wie ihnen der Abtransport des schweren Ger\u00e4tes gelang, ist Gegenstand der Ermittlungen der Polizei. Zeugen, die sachdienlichen Hinweise zu dem oder den unbekannten Einbrechern geben k\u00f6nnen, melden sich bitte beim Polizeirevier Heidelberg-S\u00fcd, Tel.: 06221 34180.<\/p>\n\n\n\n<h2 class=\"wp-block-heading\">(Br\u00fchl \/ Rhein-Neckar-Kreis) &#8211; Brand in Wohnheim<\/h2>\n\n\n\n<h3 class=\"has-text-align-center wp-block-heading\">Pressemitteilung Nr.1<\/h3>\n\n\n\n<p>Aus bislang noch ungekl\u00e4rter Ursache geriet am Montagmittag gegen 13:10 Uhr eine K\u00fcche in einer Wohnung eines betreuten Wohnheims in der Ahornstra\u00dfe in Brand. Mehrere Wohnungen des Geb\u00e4udekomplexes mussten aufgrund des Feuers evakuiert werden. F\u00fcr die etwa 30 evakuierten Personen wurde vor\u00fcbergehend ein Bus der RNV zur Verf\u00fcgung gestellt, in welchem diese betreut und versorgt wurden. F\u00fcr die weiteren Einsatzma\u00dfnahmen musste die Rheinauer Stra\u00dfe ab dem dortigen Supermarkt voll gesperrt werden. Derzeit befinden sich die Rettungskr\u00e4fte noch im Einsatz. Die Bewohner d\u00fcrfen mittlerweile wieder in ihre Wohnungen zur\u00fcckkehren. Die Brandwohnung ist jedoch unbewohnbar. Verletzt wurde bei dem Brand niemand. Die weiteren Ermittlungen hat das Polizeirevier Mannheim-Neckaraus aufgenommen.<\/p>\n\n\n\n<h2 class=\"wp-block-heading\">(Plankstadt \/ Rhein-Neckar-Kreis) &#8211; Unfall mit zwei Verletzten<\/h2>\n\n\n\n<p>Am Montagmorgen gegen 09:30 Uhr kollidierte im Kreuzungsbereich Oftersheimer Landstra\u00dfe \/ B535 ein 32-j\u00e4hriger Chrysler-Fahrer mit einem 53-j\u00e4hrigen Mercedes-Fahrer, wodurch beide Unfallbeteiligten verletzt wurden. Der 32-J\u00e4hrige fuhr auf der Oftersheimer Landstra\u00dfe in Richtung Oftersheim und wollte links auf die B535 auffahren, als er mit dem entgegenkommenden 53-J\u00e4hrigen kollidierte. Hierdurch verletzten sich beide Fahrer leicht. Es entststand ein Sachschaden von mehreren Tausend Euro. Der Verkehr wird an der Kreuzung durch eine Ampelanlage geregelt. Da derzeit noch unklar ist, ob einer der Beteiligten bei rot \u00fcber die Ampel fuhr, suchen die ermittelnden Beamten Zeugen, die den Unfall beobachtet haben. Diese werden gebeten, sich unter der Telefonnummer 06202\/288-0 beim Polizeirevier Schwetzingen zu melden.<\/p>\n\n\n\n<h2 class=\"wp-block-heading\">(Schwetzingen \/ Rhein-Neckar-Kreis) &#8211; Fahrzeugt\u00fcr ge\u00f6ffnet und Radfahrerin leicht verletzt<\/h2>\n\n\n\n<p>Eine 24-j\u00e4hrige Opel-Fahrerin parkte am Samstag gegen 13 Uhr am rechten Fahrbahnrand in der Hebelstra\u00dfe. Beim Aussteigen aus ihrem Fahrzeug \u00fcbersah die Frau eine herannahende 65-j\u00e4hrige Radfahrerin, welche mit der \u00f6ffnenden Fahrzeugt\u00fcr zusammenstie\u00df. Die Radfahrerin wurde leicht verletzt und vor Ort durch den Rettungsdienst untersucht. Eine Aufnahme im Krankenhaus war gl\u00fccklicherweise nicht erforderlich. Insgesamt entstand ein Sachschaden von 300 Euro.<\/p>\n\n\n\n<h2 class=\"wp-block-heading\">(Leimen \/ Rhein-Neckar-Kreis) &#8211; Unbekannte entrei\u00dfen Geldbeutel und fl\u00fcchten \/ Zeugen gesucht<\/h2>\n\n\n\n<p>Ein 45-j\u00e4hriger Mann befand sich am Sonntag kurz vor 18 Uhr in der St. Ilgener Stra\u00dfe, als er zun\u00e4chst von zwei jungen m\u00e4nnlichen Personen angesprochen wurde. Im Verlauf des Gespr\u00e4chs entriss einer der beiden M\u00e4nner den Geldbeutel des 45-J\u00e4hrigen und fl\u00fcchtete mit seinem Komplizen in Richtung eines nahegelegenen Supermarktes. Der 45-J\u00e4hrige nahm zun\u00e4chst selbst die Verfolgung der T\u00e4ter auf, konnte diese jedoch nicht mehr einholen. Einer der T\u00e4ter wird wie folgt beschrieben: 22 Jahre, s\u00fcdl\u00e4ndische Erscheinung, d\u00fcnn, bekleidet mit schwarzer Jogginghose und schwarzer Jacke. Durch die Tathandlung erlitt der 45-j\u00e4hrige leichte Verletzungen im Gesichtsbereich. Die weiteren Ermittlungen werden durch das Fachdezernat f\u00fcr Raubdelikte der Kriminalpolizeidirektion Heidelberg gef\u00fchrt. Zeugen, welche das Tatgeschehen beobachtet haben oder Hinweise auf die T\u00e4ter geben k\u00f6nnen, werden gebeten, sich unter Tel.: 0621\/174-4444 bei der Kriminalpolizei zu melden.<\/p>\n\n\n\n<h2 class=\"wp-block-heading\">(Wiesloch \/ Rhein-Neckar-Kreis) &#8211; Patient aus forensischer Klinik entwichen \/ Polizei fahndet nach 42-j\u00e4hrigem Mann<\/h2>\n\n\n\n<p>Der 42-j\u00e4hrige Hartmut H. wird seit Montagmittag vermisst. Der Mann ist seit 2011 in der forensischen Klinik im Psychiatrischen Zentrum Nordbaden in Wiesloch, auf einer geschlossenen Rehabilitationsstation, untergebracht und nutzte einen begleiteten Aufenthalt auf dem forensisch-psychiatrischen Bauernhof am 04.10.2021, gegen 13.30 Uhr zur Flucht. Eine Fremdgef\u00e4hrdung ist nach Auskunft der behandelnden \u00c4rzte derzeit nicht auszuschlie\u00dfen.<\/p>\n\n\n\n<h4 class=\"wp-block-heading\">Von ihm liegt folgende aktuelle Beschreibung vor:<\/h4>\n\n\n\n<ul><li><strong>169 cm gro\u00df<\/strong><\/li><li><strong>88 kg schwer<\/strong><\/li><li><strong>Graue\/dunkelbraune Haare<\/strong><\/li><li><strong>Barttr\u00e4ger<\/strong><\/li><li><strong>Hat ein Muttermal an der rechten Wange<\/strong><\/li><li><strong>Bekleidet mit dunkelblauer Regenjacke, tr\u00e4gt dunkelblaue Jeans und graue Turnschuhe der Marke Nike.<\/strong><\/li><\/ul>\n\n\n\n<p>Hinweise auf m\u00f6gliche Hinwendungsorte sind derzeit noch nicht bekannt. Die Polizei fahndet derzeit mit starken Kr\u00e4ften nach dem Entwichenen.<\/p>\n\n\n\n<p>Zeugen, denen der Mann aufgefallen ist oder die Hinweise zu seinem Aufenthaltsort geben k\u00f6nnen, werden gebeten, sich mit dem Kriminaldauerdienst der Kriminalpolizeidirektion Heidelberg, Tel.: 0621\/174-4444 in Verbindung zu setzen.<\/p>\n\n\n\n<h2 class=\"wp-block-heading\">(Wiesloch \/ Rhein-Neckar-Kreis) &#8211; Patient aus forensischer Klinik entwichen \/ Gesuchter w\u00e4hrend Fahndung festgenommen<\/h2>\n\n\n\n<h3 class=\"has-text-align-center wp-block-heading\">Pressemeldung Nr. 2<\/h3>\n\n\n\n<div class=\"wp-block-image\"><figure class=\"aligncenter size-large\"><img decoding=\"async\" loading=\"lazy\" width=\"800\" height=\"533\" src=\"https:\/\/speyer24news.com\/wp-content\/uploads\/2021\/10\/Festnahme-Handschellen.jpg\" alt=\"\" class=\"wp-image-41224\" srcset=\"https:\/\/speyer24news.com\/wp-content\/uploads\/2021\/10\/Festnahme-Handschellen.jpg 800w, https:\/\/speyer24news.com\/wp-content\/uploads\/2021\/10\/Festnahme-Handschellen-300x200.jpg 300w, https:\/\/speyer24news.com\/wp-content\/uploads\/2021\/10\/Festnahme-Handschellen-768x512.jpg 768w\" sizes=\"(max-width: 800px) 100vw, 800px\" \/><\/figure><\/div>\n\n\n\n<p>Der seit den Mittagsstunden aus der forensischen Klinik im Psychiatrischen Zentrum Nordbaden in Wiesloch entwichene 42-j\u00e4hrige Hartmut H. konnte im Zuge umfangreicher und intensiver Fahndungsma\u00dfnahmen aufgrund eines Zeugenhinweises durch Polizeibeamte in Wiesloch festgestellt und festgenommen werden. Er wird nun in die Obhut der behandelnden \u00c4rzte des Psychiatrischen Zentrums Nordbaden zur\u00fcckgegeben.<\/p>\n\n\n\n<p>Zur Fahndung waren neben starken Einsatzkr\u00e4ften von Schutz- und Kriminalpolizei auch ein Mantrailer-Hund sowie ein Polizeihubschrauber eingesetzt. Die Fahndungsma\u00dfnahmen wurden zwischenzeitlich zur\u00fcckgenommen.<\/p>\n\n\n\n<h2 class=\"wp-block-heading\">(A 5 \/ St. Leon-Rot \/ Rhein-Neckar-Kreis) &#8211; Unfall am Stauende<\/h2>\n\n\n\n<p>Am Montagvormittag kam es auf der Autobahn 5 in Fahrtrichtung Frankfurt zu einem schweren Verkehrsunfall bei dem drei Lkw beteiligt waren. Ein 29-Fahrer bemerkte kurz nach 7 Uhr zu sp\u00e4t, dass die vor ihm fahrenden Lkw aufgrund eines Stauendes auf H\u00f6he St. Leon-Rot bremsten und fuhr dem vor ihm fahrenden 42-J\u00e4hrigen auf. Dieser wurde durch die Wucht des Aufpralls wiederum auf einen 53-j\u00e4hrigen Lkw-Lenker aufgeschoben. Gl\u00fccklicherweise wurde keiner der Beteiligten bei dem Unfallgeschehen verletzt. Allerdings waren zwei der drei Lkw nicht mehr fahrbereit und mussten abgeschleppt werden. Es entstand ein Sachschaden von mindestens 100.000 Euro. W\u00e4hrend der Unfallaufnahme sowie der anschlie\u00dfenden Bergungs- und Rettungsarbeiten waren der rechte und der Standstreifen f\u00fcr knapp zwei Stunden gesperrt.<\/p>\n\n\n\n<h2 class=\"wp-block-heading\">(Sinsheim \/ Rhein-Neckar-Kreis) &#8211; W\u00e4schetrockner in Keller in Brand geraten<\/h2>\n\n\n\n<p>Am Montagmittage gegen 15:30 Uhr geriet in der Lindenstra\u00dfe im Keller eines dortigen Wohnhauses aus bislang unbekannter Ursacher ein W\u00e4schetrockner in Brand. Aufgrund der Hitze sind die Wasserzuleitungen der daneben befindlichen Waschmaschine geschmolzen, wodurch eine gro\u00dfe Menge Wasser ausstr\u00f6men konnte und das Feuer fast vollst\u00e4ndig gel\u00f6scht wurde. Durch den Brand und das ausgetretene Wasser entstand ein Sachschaden von mehr als 15.000 Euro. Verletzt wurde durch den Brand niemand. Die beiden Wohnungen des Hauses sind weiterhin bewohnbar. Die Brandermittler des Polizeireviers Sinsheim nehmen sich den Ermittlungen bez\u00fcglich der Brandursache an.<\/p>\n\n\n\n<h2 class=\"wp-block-heading\">(Neckarbischofsheim \/ Rhein-Neckar-Kreis) &#8211; Brennender Gabelstapler auf Firmengel\u00e4nde<\/h2>\n\n\n\n<p>Am Samstag gegen 17 Uhr geriet in der Uhlandstra\u00dfe auf einem Firmengel\u00e4nde ein Gabelstapler in Brand. Das Elektrofahrzeug war von Mitarbeitern gegen 11 Uhr im Freien auf dem umz\u00e4unten Firmengel\u00e4nde abgestellt und nicht mehr bewegt worden. Ein 50-j\u00e4hriger Mann aus der Nachbarschaft bemerkte den Brand und l\u00f6schte diesen gemeinsam mit einem anderen Anwohner. Durch die eingesetzte Feuerwehr waren lediglich geringe Nachl\u00f6scharbeiten erforderlich. Eine Gefahr f\u00fcr Personen oder Geb\u00e4ude entstand nicht. Ersten Ermittlungen zu Folge d\u00fcrfte der Brand aufgrund eines technischen Defekts am Fahrzeug entstanden sein. Der Sachschaden d\u00fcrfte im hohen vierstelligen Bereich liegen.<\/p>\n\n\n\n<h2 class=\"wp-block-heading\">(Wiesenbach \/ Rhein-Neckar-Kreis) &#8211; Wohnungsbrand \/ eine verletzte Person &#8211; Ortsdurchfahrt wegen Feuerwehreinsatz\/Rettungseinsatz gesperrt<\/h2>\n\n\n\n<h3 class=\"has-text-align-center wp-block-heading\">Pressemeldung Nr. 1<\/h3>\n\n\n\n<p>Aufgrund eines Wohnungsbrandes ist die Ortsdurchfahrt Wiesenbach wegen des andauernden Rettungseinsatzes von Feuerwehr und Rettungsdienst aktuell (04.10.2021 \u2013 19:00) gesperrt. Ein Person wird vom Rettungsdienst versorgt. Weitere Informationen liegen derzeit noch nicht vor. Es wird nachberichtet.<\/p>\n\n\n\n<h2 class=\"wp-block-heading\">(Wiesenbach \/ Rhein-Neckar-Kreis) &#8211; Wohnungsbrand \/ eine verletzte Person &#8211; Ortsdurchfahrt wieder freigegeben<\/h2>\n\n\n\n<h3 class=\"has-text-align-center wp-block-heading\">Pressemeldung Nr. 2<\/h3>\n\n\n\n<p>Wie bereits berichtet, kam es am Montagabend, gg. 18.27 Uhr, zu einem Wohnungsbrand im Bereich der Hauptstra\u00dfe in Wiesenbach, bei dem eine 88-j\u00e4hrige Anwohnerin durch Rauchgas verletzt wurde. F\u00fcr die Dauer des Feuerwehr- und Rettungseinsatzes war die Hauptstra\u00dfe im Bereich der Brand\u00f6rtlichkeit von 18.45 &#8211; 20.30 Uhr f\u00fcr den Durchgangsverkehr gesperrt. Der Verkehr wurde innerorts umgeleitet. Die Dame wurde anschlie\u00dfend durch den Rettungsdienst in ein Krankenhaus eingeliefert. Die Kriminalpolizei Heidelberg hat die Ermittlungen zur Brandursache aufgenommen. Die H\u00f6he des entstandenen Sachschadens ist noch nicht bekannt.<\/p>\n\n\n\n<h2 class=\"wp-block-heading\">(Dossenheim \/ Rhein-Neckar-Kreis) &#8211; Angebliche Sparkassenmitarbeiter ergaunern 4000,- Euro und 10 Goldm\u00fcnzen \/ Polizei ermittelt wegen Betruges und Verdacht des Raubes &#8211; Zeugen und weitere Gesch\u00e4digte gesucht<\/h2>\n\n\n\n<div class=\"wp-block-image\"><figure class=\"aligncenter size-large\"><img decoding=\"async\" loading=\"lazy\" width=\"801\" height=\"600\" src=\"https:\/\/speyer24news.com\/wp-content\/uploads\/2020\/05\/Zeugen-gesucht-Neutral.jpg\" alt=\"\" class=\"wp-image-26598\" srcset=\"https:\/\/speyer24news.com\/wp-content\/uploads\/2020\/05\/Zeugen-gesucht-Neutral.jpg 801w, https:\/\/speyer24news.com\/wp-content\/uploads\/2020\/05\/Zeugen-gesucht-Neutral-300x225.jpg 300w, https:\/\/speyer24news.com\/wp-content\/uploads\/2020\/05\/Zeugen-gesucht-Neutral-768x575.jpg 768w, https:\/\/speyer24news.com\/wp-content\/uploads\/2020\/05\/Zeugen-gesucht-Neutral-678x509.jpg 678w, https:\/\/speyer24news.com\/wp-content\/uploads\/2020\/05\/Zeugen-gesucht-Neutral-326x245.jpg 326w, https:\/\/speyer24news.com\/wp-content\/uploads\/2020\/05\/Zeugen-gesucht-Neutral-80x60.jpg 80w\" sizes=\"(max-width: 801px) 100vw, 801px\" \/><\/figure><\/div>\n\n\n\n<p>Am Samstag, gegen 14 Uhr kontaktierte ein angeblicher Mitarbeiter eines Geldinstituts in Heidelberg telefonisch einen \u00e4lteren Herrn aus Dossenheim und informierte ihn dar\u00fcber, dass sein Konto angeblich Abbuchungen in H\u00f6he einer f\u00fcnfstelligen Summe aufweise und deshalb eine Zeit lang &#8222;eingefroren&#8220; werden m\u00fcsse. Unter Einbindung einer weiteren Person, eines angeblichen Polizeibeamten, \u00fcberzeugten die Anrufer den Mann durch ihre geschickte Gespr\u00e4chsf\u00fchrung, dass sein Eigentum in Gefahr sei und boten ihre Hilfe an. Der Aufforderung, er solle sich mit seinem Zuhause befindlichen Bargeld und seinen Goldm\u00fcnzen vor sein Anwesen im Frauenpfad begeben, damit der angebliche Polizeibeamte die Wertgegenst\u00e4nde fotografieren k\u00f6nne, kam der Senior nach. Kurz darauf erschien eine m\u00e4nnliche Person und nahm Kontakt zu ihm auf. Nach einem kurzen Wortwechsel entriss der Unbekannte dem \u00e4lteren Herrn den Beutel, in dem sich die Wertgegenst\u00e4nde befanden und stie\u00df ihn zu Boden. Anschlie\u00dfend rannte der Unbekannte zu einem in der N\u00e4he abgestellten Pkw, wo ein augenscheinlicher Komplize wartete. Beide fl\u00fcchteten.<\/p>\n\n\n\n<p>Zeugen beobachteten den Vorfall und kamen dem \u00e4lteren Herrn, der sich bei dem \u00dcbergriff am Knie und an der Hand verletzte, zu Hilfe und verst\u00e4ndigten die Polizei. Eine sofort eingeleitete Fahndung nach den unbekannten T\u00e4tern, die wie folgt beschrieben wurden, und dem Fluchtfahrzeug blieb ohne Erfolg:<\/p>\n\n\n\n<h4 class=\"wp-block-heading\">T\u00e4ter 1 (Abholer):<\/h4>\n\n\n\n<ul><li><strong>M\u00e4nnlich<\/strong><\/li><li><strong>ca. 40 Jahre alt<\/strong><\/li><li><strong>170 &#8211; 175 cm gro\u00df<\/strong><\/li><li><strong>osteurop\u00e4ischer Ph\u00e4notyp<\/strong><\/li><li><strong>Er trug einen dunklen Kinnbart und war mit einer kurzen, wei\u00dfen Hose und einem dunklen Oberteil bekleidet. <\/strong><\/li><li><strong>Er sprach mit osteurop\u00e4ischem Akzent.<\/strong><\/li><\/ul>\n\n\n\n<h4 class=\"wp-block-heading\">T\u00e4ter 2 (Fahrer):<\/h4>\n\n\n\n<ul><li><strong>M\u00e4nnlich<\/strong><\/li><li><strong>ca. 30 &#8211; 35 Jahre alt<\/strong><\/li><li><strong>ca. 170 &#8211; 175 cm gro\u00df<\/strong><\/li><li><strong>kr\u00e4ftige Statur<\/strong><\/li><li><strong>kurze dunkle Haare<\/strong><\/li><li><strong>leicht gebr\u00e4unter Teint<\/strong><\/li><li><strong>s\u00fcdeurop\u00e4ischer Ph\u00e4notyp<\/strong><\/li><li><strong>Er war mit einer beigen kurzen Hose und einem dunkelbraunen Pullover bekleidet. <\/strong><\/li><li><strong>Er sprach akzentfreies Deutsch.<\/strong><\/li><\/ul>\n\n\n\n<h4 class=\"wp-block-heading\">Bei dem Fluchtfahrzeug soll es sich um einen grauen oder wei\u00dfen Skoda SUV gehandelt haben<\/h4>\n\n\n\n<p>Das Fachdezernat der Kriminalpolizeidirektion Heidelberg hat die Ermittlungen aufgenommen und bittet Zeugen, die sachdienliche Hinweise zu den unbekannten Betr\u00fcgern geben k\u00f6nnen oder m\u00f6glicherweise selbst Opfer deren Tricks wurden, sich mit dem Kriminaldauerdienst, Tel.: 0621\/174-4444, in Verbindung zu setzen.<\/p>\n\n\n\n<h2 class=\"wp-block-heading\">(Weinheim \/ Rhein-Neckar-Kreis) &#8211; Unbekannter Fahrzeugf\u00fchrer besch\u00e4digt Pkw und fl\u00fcchtet \/ Polizei sucht Zeugen<\/h2>\n\n\n\n<p>Am Freitagabend besch\u00e4digte ein unbekannter Verkehrsteilnehmer im Stadtteil Hohensachsen einen schwarzen Ford Fiesta und verlie\u00df die Unfallstelle ohne den Schaden anzuzeigen. Die Besitzerin hatte ihr Fahrzeug in der Zeit zwischen 18:00 Uhr und 18:30 Uhr im Holzweg vor dem Anwesen mit der Hausnummer 62 abgestellt. Als sie zu ihrem Pkw zur\u00fcckkehrte, stellte sie ca. 80 cm lange Kratzer an der linken hinteren Sto\u00dfstange fest. Der entstandene Schaden wird auf ca. 1.500 Euro gesch\u00e4tzt. Sachdienliche Hinweise auf den Unfallhergang bzw. den unbekannten Verkehrsteilnehmer nimmt das Polizeirevier Weinheim, Telefon: 06201 1003-0, entgegen.<\/p>\n","protected":false},"excerpt":{"rendered":"<div class=\"mh-excerpt\"><p>Polizeimeldungen vom Montag (04.10.2021) (Speyer) &#8211; Alkoholisierter PKW-Fahrer ger\u00e4t in Kontrollstelle Unter dem Einfluss von Alkohol stand am Sonntag gegen 23:20 Uhr ein 53-j\u00e4hriger PKW-Fahrer, der in der Wormser Landstra\u00dfe in eine Kontrollstelle geriet. Da <a class=\"mh-excerpt-more\" href=\"https:\/\/speyer24news.com\/?p=41222\" title=\"Polizei\">[&#8230;]<\/a><\/p>\n<\/div>","protected":false},"author":3,"featured_media":26162,"comment_status":"open","ping_status":"open","sticky":false,"template":"","format":"standard","meta":{"_monsterinsights_skip_tracking":false,"_monsterinsights_sitenote_active":false,"_monsterinsights_sitenote_note":"","_monsterinsights_sitenote_category":0,"footnotes":""},"categories":[12],"tags":[3614,702,61,2555,6955,6986,6263,63,105,11150,6987,53,4854,4683,1548,4905,102,213,55,6368,5261,103,106,2803,2423,427,2625,380,62,104,979,1565],"aioseo_notices":[],"amp_enabled":true,"_links":{"self":[{"href":"https:\/\/speyer24news.com\/index.php?rest_route=\/wp\/v2\/posts\/41222"}],"collection":[{"href":"https:\/\/speyer24news.com\/index.php?rest_route=\/wp\/v2\/posts"}],"about":[{"href":"https:\/\/speyer24news.com\/index.php?rest_route=\/wp\/v2\/types\/post"}],"author":[{"embeddable":true,"href":"https:\/\/speyer24news.com\/index.php?rest_route=\/wp\/v2\/users\/3"}],"replies":[{"embeddable":true,"href":"https:\/\/speyer24news.com\/index.php?rest_route=%2Fwp%2Fv2%2Fcomments&post=41222"}],"version-history":[{"count":1,"href":"https:\/\/speyer24news.com\/index.php?rest_route=\/wp\/v2\/posts\/41222\/revisions"}],"predecessor-version":[{"id":41225,"href":"https:\/\/speyer24news.com\/index.php?rest_route=\/wp\/v2\/posts\/41222\/revisions\/41225"}],"wp:featuredmedia":[{"embeddable":true,"href":"https:\/\/speyer24news.com\/index.php?rest_route=\/wp\/v2\/media\/26162"}],"wp:attachment":[{"href":"https:\/\/speyer24news.com\/index.php?rest_route=%2Fwp%2Fv2%2Fmedia&parent=41222"}],"wp:term":[{"taxonomy":"category","embeddable":true,"href":"https:\/\/speyer24news.com\/index.php?rest_route=%2Fwp%2Fv2%2Fcategories&post=41222"},{"taxonomy":"post_tag","embeddable":true,"href":"https:\/\/speyer24news.com\/index.php?rest_route=%2Fwp%2Fv2%2Ftags&post=41222"}],"curies":[{"name":"wp","href":"https:\/\/api.w.org\/{rel}","templated":true}]}}