{"id":41231,"date":"2021-10-05T06:51:36","date_gmt":"2021-10-05T05:51:36","guid":{"rendered":"https:\/\/speyer24news.com\/?p=41231"},"modified":"2021-10-05T06:51:39","modified_gmt":"2021-10-05T05:51:39","slug":"stadtnotizen-verkehrsnotizen-speyer-10","status":"publish","type":"post","link":"https:\/\/speyer24news.com\/?p=41231","title":{"rendered":"Stadtnotizen &#038; Verkehrsnotizen Speyer"},"content":{"rendered":"<style type=\"text\/css\">\r\n\t.ads_top_disp{}\r\n\t.ads_top_corner_disp{ float:left; margin:0px 10px 10px 0px; }\r\n\t.ads_first_p_disp{}\r\n\t.ads_bottom_disp{}\r\n\t<\/style>\n<h1 class=\"has-text-align-center wp-block-heading\">Stadtnotizen<\/h1>\n\n\n\n<div class=\"wp-block-image\"><figure class=\"aligncenter size-large\"><img decoding=\"async\" loading=\"lazy\" width=\"800\" height=\"600\" src=\"https:\/\/speyer24news.com\/wp-content\/uploads\/2020\/01\/Speyer-Stadtnachrichten-2.jpg\" alt=\"\" class=\"wp-image-23901\" srcset=\"https:\/\/speyer24news.com\/wp-content\/uploads\/2020\/01\/Speyer-Stadtnachrichten-2.jpg 800w, https:\/\/speyer24news.com\/wp-content\/uploads\/2020\/01\/Speyer-Stadtnachrichten-2-300x225.jpg 300w, https:\/\/speyer24news.com\/wp-content\/uploads\/2020\/01\/Speyer-Stadtnachrichten-2-768x576.jpg 768w, https:\/\/speyer24news.com\/wp-content\/uploads\/2020\/01\/Speyer-Stadtnachrichten-2-678x509.jpg 678w, https:\/\/speyer24news.com\/wp-content\/uploads\/2020\/01\/Speyer-Stadtnachrichten-2-326x245.jpg 326w, https:\/\/speyer24news.com\/wp-content\/uploads\/2020\/01\/Speyer-Stadtnachrichten-2-80x60.jpg 80w\" sizes=\"(max-width: 800px) 100vw, 800px\" \/><\/figure><\/div>\n\n\n\n<h2 class=\"wp-block-heading\">\u201eVon O(ktober) bis O(stern)\u201c: Von der Stadtbibliothek direkt ins Wohnzimmer<\/h2>\n\n\n\n<div class=\"wp-block-image\"><figure class=\"aligncenter size-large\"><img decoding=\"async\" loading=\"lazy\" width=\"667\" height=\"500\" src=\"https:\/\/speyer24news.com\/wp-content\/uploads\/2019\/10\/Villa-Ecarius.jpg\" alt=\"\" class=\"wp-image-20878\" srcset=\"https:\/\/speyer24news.com\/wp-content\/uploads\/2019\/10\/Villa-Ecarius.jpg 667w, https:\/\/speyer24news.com\/wp-content\/uploads\/2019\/10\/Villa-Ecarius-300x225.jpg 300w, https:\/\/speyer24news.com\/wp-content\/uploads\/2019\/10\/Villa-Ecarius-326x245.jpg 326w, https:\/\/speyer24news.com\/wp-content\/uploads\/2019\/10\/Villa-Ecarius-80x60.jpg 80w\" sizes=\"(max-width: 667px) 100vw, 667px\" \/><\/figure><\/div>\n\n\n\n<p>Die beliebte Vorlesezeit der Stadtbibliothek Speyer \u201eVon O(ktober) bis O(stern)\u201c wird auch in diesem Jahr wieder zum digitalen Vorlesespa\u00df f\u00fcr Gro\u00df und Klein. In Kooperation mit dem F\u00f6rderverein \u201eFreunde der Stadtbibliothek e.V.\u201c wird von Oktober bis einschlie\u00dflich April an jedem ersten Samstag im Monat ab 11:00 Uhr ein Kinderm\u00e4rchen vorgelesen. <\/p>\n\n\n\n<p>Verfolgt werden k\u00f6nnen die spannenden Geschichten direkt \u00fcber den YouTube-Kanal der Stadt Speyer (<a href=\"https:\/\/deref-web.de\/mail\/client\/qSALcs3DG2A\/dereferrer\/?redirectUrl=http%3A%2F%2Fwww.youtube.com%2FStadtSpeyer\" target=\"_blank\" rel=\"noreferrer noopener\">www.youtube.com\/StadtSpeyer<\/a>) oder jeden ersten Donnerstag im Monat um 18:00 Uhr im Offenen Kanal.<\/p>\n\n\n\n<p><em>Stadtverwaltung Speyer \/ Stadtbibliothek Speyer<br>05.10.2021<\/em><\/p>\n\n\n\n<h1 class=\"has-text-align-center wp-block-heading\">Verkehrsnotizen<\/h1>\n\n\n\n<div class=\"wp-block-image\"><figure class=\"aligncenter size-large\"><img decoding=\"async\" loading=\"lazy\" width=\"800\" height=\"565\" src=\"https:\/\/speyer24news.com\/wp-content\/uploads\/2020\/01\/Baustelle-2.jpg\" alt=\"\" class=\"wp-image-23900\" srcset=\"https:\/\/speyer24news.com\/wp-content\/uploads\/2020\/01\/Baustelle-2.jpg 800w, https:\/\/speyer24news.com\/wp-content\/uploads\/2020\/01\/Baustelle-2-300x212.jpg 300w, https:\/\/speyer24news.com\/wp-content\/uploads\/2020\/01\/Baustelle-2-768x542.jpg 768w\" sizes=\"(max-width: 800px) 100vw, 800px\" \/><\/figure><\/div>\n\n\n\n<h2 class=\"wp-block-heading\">Kardinal-Wendel-Stra\u00dfe gesperrt<\/h2>\n\n\n\n<p>Aufgrund von Kranarbeiten wird die Kardinal-Wendel-Stra\u00dfe auf H\u00f6he der Hausnummer 9 am <strong>12. Oktober 2021 zwischen 7 und 17 Uhr<\/strong> f\u00fcr den Durchgangsverkehr gesperrt.<\/p>\n\n\n\n<p>F\u00fcr die Dauer der Ma\u00dfnahme wird die Kardinal-Wendel-Stra\u00dfe beidseitig als Sackgasse ausgewiesen. Eine Umleitung wird eingerichtet.<\/p>\n\n\n\n<p>F\u00fcr R\u00fcckfragen steht die Stra\u00dfenverkehrsbeh\u00f6rde unter der Rufnummer 14-2938 zur Verf\u00fcgung.<\/p>\n\n\n\n<p><em>Stadtverwaltung Speyer<br>05.10.2021<\/em><\/p>\n\n\n\n<h2 class=\"wp-block-heading\">Schustergasse gesperrt<\/h2>\n\n\n\n<p>Aufgrund von Dacharbeiten wird die Schustergasse auf H\u00f6he der Hausnummer 8-10 <strong>ab dem 5. Oktober bis voraussichtlich 6. Oktober 2021<\/strong> f\u00fcr den Durchgangsverkehr gesperrt. F\u00fcr die Dauer der Ma\u00dfnahme wird die Schustergasse beidseitig als Sackgasse ausgewiesen und die Einbahnstra\u00dfenregelung aufgehoben.<\/p>\n\n\n\n<p>F\u00fcr R\u00fcckfragen steht die Stra\u00dfenverkehrsbeh\u00f6rde unter der Rufnummer 14-2938 zur Verf\u00fcgung.<\/p>\n\n\n\n<p><em>Stadtverwaltung Speyer<br>05.10.2021<\/em><\/p>\n\n\n\n<h2 class=\"wp-block-heading\">Sanierung der Fahrbahndecke in der Hafenstra\u00dfe<\/h2>\n\n\n\n<p>Zu Stunde werden die Stra\u00dfensanierungsarbeiten in der Stra\u00dfe Am Heringsee abgeschlossen. Am Montag, 4. Oktober 2021 wandert die Baut\u00e4tigkeit dann in den Bereich der Hafenstra\u00dfen 3 bis 37. Neben der Erneuerung der Fahrbahndecke werden die Stadtwerke Speyer im Zuge der Ma\u00dfnahme au\u00dferdem neue Versorgungsleitungen verlegen.<\/p>\n\n\n\n<p>W\u00e4hrend der<strong> zweiw\u00f6chigen Bauzeit ist eine Vollsperrung<\/strong> der Hafenstra\u00dfe erforderlich. F\u00fcr den Verkehr wird eine Umleitung \u00fcber die Nonnenbachstra\u00dfe und die Stra\u00dfe Am Heringsee eingerichtet.\u00a0<\/p>\n\n\n\n<p>Fragen zur Bauma\u00dfnahmen beantwortet die st\u00e4dtische Tiefbauabteilung unter\u00a0<a href=\"mailto:tiefbau@stadt-speyer.de\" target=\"_blank\" rel=\"noreferrer noopener\">tiefbau@stadt-speyer.de<\/a>.<\/p>\n\n\n\n<p><em>Stadtverwaltung Speyer<br>05.10.2021<\/em><\/p>\n","protected":false},"excerpt":{"rendered":"<div class=\"mh-excerpt\"><p>Stadtnotizen \u201eVon O(ktober) bis O(stern)\u201c: Von der Stadtbibliothek direkt ins Wohnzimmer Die beliebte Vorlesezeit der Stadtbibliothek Speyer \u201eVon O(ktober) bis O(stern)\u201c wird auch in diesem Jahr wieder zum digitalen Vorlesespa\u00df f\u00fcr Gro\u00df und Klein. In <a class=\"mh-excerpt-more\" href=\"https:\/\/speyer24news.com\/?p=41231\" title=\"Stadtnotizen &#038; Verkehrsnotizen Speyer\">[&#8230;]<\/a><\/p>\n<\/div>","protected":false},"author":3,"featured_media":23902,"comment_status":"open","ping_status":"open","sticky":false,"template":"","format":"standard","meta":{"_monsterinsights_skip_tracking":false,"_monsterinsights_sitenote_active":false,"_monsterinsights_sitenote_note":"","_monsterinsights_sitenote_category":0,"footnotes":""},"categories":[47],"tags":[11476,8608,13041,6,1434,657,1296,658,1114,13040],"aioseo_notices":[],"amp_enabled":true,"_links":{"self":[{"href":"https:\/\/speyer24news.com\/index.php?rest_route=\/wp\/v2\/posts\/41231"}],"collection":[{"href":"https:\/\/speyer24news.com\/index.php?rest_route=\/wp\/v2\/posts"}],"about":[{"href":"https:\/\/speyer24news.com\/index.php?rest_route=\/wp\/v2\/types\/post"}],"author":[{"embeddable":true,"href":"https:\/\/speyer24news.com\/index.php?rest_route=\/wp\/v2\/users\/3"}],"replies":[{"embeddable":true,"href":"https:\/\/speyer24news.com\/index.php?rest_route=%2Fwp%2Fv2%2Fcomments&post=41231"}],"version-history":[{"count":1,"href":"https:\/\/speyer24news.com\/index.php?rest_route=\/wp\/v2\/posts\/41231\/revisions"}],"predecessor-version":[{"id":41232,"href":"https:\/\/speyer24news.com\/index.php?rest_route=\/wp\/v2\/posts\/41231\/revisions\/41232"}],"wp:featuredmedia":[{"embeddable":true,"href":"https:\/\/speyer24news.com\/index.php?rest_route=\/wp\/v2\/media\/23902"}],"wp:attachment":[{"href":"https:\/\/speyer24news.com\/index.php?rest_route=%2Fwp%2Fv2%2Fmedia&parent=41231"}],"wp:term":[{"taxonomy":"category","embeddable":true,"href":"https:\/\/speyer24news.com\/index.php?rest_route=%2Fwp%2Fv2%2Fcategories&post=41231"},{"taxonomy":"post_tag","embeddable":true,"href":"https:\/\/speyer24news.com\/index.php?rest_route=%2Fwp%2Fv2%2Ftags&post=41231"}],"curies":[{"name":"wp","href":"https:\/\/api.w.org\/{rel}","templated":true}]}}