{"id":41236,"date":"2021-10-05T07:03:09","date_gmt":"2021-10-05T06:03:09","guid":{"rendered":"https:\/\/speyer24news.com\/?p=41236"},"modified":"2021-10-05T07:03:41","modified_gmt":"2021-10-05T06:03:41","slug":"stadtradeln-speyer","status":"publish","type":"post","link":"https:\/\/speyer24news.com\/?p=41236","title":{"rendered":"Stadtradeln Speyer"},"content":{"rendered":"<style type=\"text\/css\">\r\n\t.ads_top_disp{}\r\n\t.ads_top_corner_disp{ float:left; margin:0px 10px 10px 0px; }\r\n\t.ads_first_p_disp{}\r\n\t.ads_bottom_disp{}\r\n\t<\/style>\n<h2 class=\"wp-block-heading\">STADTRADELN endet mit Rekordergebnis<\/h2>\n\n\n\n<div class=\"wp-block-image\"><figure class=\"aligncenter size-large\"><img decoding=\"async\" loading=\"lazy\" width=\"800\" height=\"562\" src=\"https:\/\/speyer24news.com\/wp-content\/uploads\/2021\/10\/100921Stadtradeln33.jpg\" alt=\"\" class=\"wp-image-41237\" srcset=\"https:\/\/speyer24news.com\/wp-content\/uploads\/2021\/10\/100921Stadtradeln33.jpg 800w, https:\/\/speyer24news.com\/wp-content\/uploads\/2021\/10\/100921Stadtradeln33-300x211.jpg 300w, https:\/\/speyer24news.com\/wp-content\/uploads\/2021\/10\/100921Stadtradeln33-768x540.jpg 768w\" sizes=\"(max-width: 800px) 100vw, 800px\" \/><figcaption>OB Seiler, gemeinsam mit Beigeordneter Irmgard M\u00fcnch-Weinmann und Nachhaltigkeitsmanagerin Gehrlein am &#8222;radeln&#8220;.<br><em>Foto: \u00a9 Klaus Venus<\/em><\/figcaption><\/figure><\/div>\n\n\n\n<p>Am 30. September 2021 endete der rund dreiw\u00f6chige Aktionszeitraum des diesj\u00e4hrigen STADTRADELNs. 1.663 Aktive haben ein Rekordergebnis von, Stand heute, 289.301 gefahrenen Kilometern und 43 Tonnen CO\u00b2-Einsparung erradelt.<\/p>\n\n\n\n<p>In den kommenden sieben Tagen k\u00f6nnen zwar noch Radkilometer nachgetragen werden, Grund zur Freude besteht aber schon jetzt, denn aktuell befindet sich Speyer im landesweiten Ranking der geradelten Kilometer auf Platz eins unter den Kommunen mit 50.000 bis 99.999 Einwohner*innen.<\/p>\n\n\n\n<p>\u201eLandesweit Platz eins als vermutlich eine der kleinen Kommunen unserer Kategorie \u2013 das ist ein wirklich gro\u00dfartiges Ergebnis, das sich sehen lassen kann und auf das unsere Aktiven mit guten Grund stolz sein k\u00f6nnen\u201c, freut sich Oberb\u00fcrgermeisterin Stefanie Seiler. \u201eNicht nur im Vergleich mit anderen Kommunen, sondern auch im Vergleich zu unseren eigenen Ergebnissen der Vorjahre konnten wir nochmals eine deutliche Steigerung verbuchen. Das ist ein gutes und deutliches Zeichen daf\u00fcr, dass das Thema klimafreundliche Mobilit\u00e4t im Bewusstsein der Menschen angekommen ist\u201c, betont Umweltdezernentin Irmgard M\u00fcnch-Weinmann.<\/p>\n\n\n\n<p>Die Pr\u00e4mierung der Gewinner*innen (Einzelradelnde und Teams) fand am Freitag, 29. Oktober 2021 im Kulturhof statt. Zum Rahmenprogramm geh\u00f6rten auch die Fundradversteigerung des B\u00fcrgerb\u00fcros und eine weitere Fahrradcodier-Aktion des ADFC. Beim Auftakt wurden bereits 33 R\u00e4der und E-Akkus codiert. Dies dient dem Diebstalschutz und der Diebstahlpr\u00e4vention, da die Codierungen sofort zeigen, wer Eigent\u00fcmer*in eines gestohlenen Fahrrads ist, was den Weiterverkauf erheblich erschwert.\u00a0<\/p>\n\n\n\n<p>Zus\u00e4tzlich soll es, wie schon im letzten Jahr, wieder die Sattelfest-Tombola geben.<\/p>\n\n\n\n<p>Die Stadt Speyer hat sich 2021 bereits zum 9. Mal an der Kampagne STADTRADELN, beteiligt. STADTRADELN-Star Linnea Brand vom Jugendstadtrat hat in einem Blog \u00fcber ihre Erfahrungen im Aktionszeitraum berichtet:\u00a0<a href=\"https:\/\/deref-web.de\/mail\/client\/eqpB9IHb6I0\/dereferrer\/?redirectUrl=https%3A%2F%2Flogin.stadtradeln.de%2Fspecials%2Fblog%3FL%3D0%26sr_city_id%3D2205\" target=\"_blank\" rel=\"noreferrer noopener\">https:\/\/login.stadtradeln.de\/specials\/blog?L=0&amp;sr_city_id=2205<\/a>.<\/p>\n\n\n\n<p><em>Text: Stadtverwaltung Speyer Foto: \u00a9 Klaus Venus<br>05.10.2021<\/em><\/p>\n","protected":false},"excerpt":{"rendered":"<div class=\"mh-excerpt\"><p>STADTRADELN endet mit Rekordergebnis Am 30. September 2021 endete der rund dreiw\u00f6chige Aktionszeitraum des diesj\u00e4hrigen STADTRADELNs. 1.663 Aktive haben ein Rekordergebnis von, Stand heute, 289.301 gefahrenen Kilometern und 43 Tonnen CO\u00b2-Einsparung erradelt. In den kommenden <a class=\"mh-excerpt-more\" href=\"https:\/\/speyer24news.com\/?p=41236\" title=\"Stadtradeln Speyer\">[&#8230;]<\/a><\/p>\n<\/div>","protected":false},"author":3,"featured_media":28496,"comment_status":"open","ping_status":"open","sticky":false,"template":"","format":"standard","meta":{"_monsterinsights_skip_tracking":false,"_monsterinsights_sitenote_active":false,"_monsterinsights_sitenote_note":"","_monsterinsights_sitenote_category":0,"footnotes":""},"categories":[9],"tags":[2420,182,10322,6,1221,2198],"aioseo_notices":[],"amp_enabled":true,"_links":{"self":[{"href":"https:\/\/speyer24news.com\/index.php?rest_route=\/wp\/v2\/posts\/41236"}],"collection":[{"href":"https:\/\/speyer24news.com\/index.php?rest_route=\/wp\/v2\/posts"}],"about":[{"href":"https:\/\/speyer24news.com\/index.php?rest_route=\/wp\/v2\/types\/post"}],"author":[{"embeddable":true,"href":"https:\/\/speyer24news.com\/index.php?rest_route=\/wp\/v2\/users\/3"}],"replies":[{"embeddable":true,"href":"https:\/\/speyer24news.com\/index.php?rest_route=%2Fwp%2Fv2%2Fcomments&post=41236"}],"version-history":[{"count":1,"href":"https:\/\/speyer24news.com\/index.php?rest_route=\/wp\/v2\/posts\/41236\/revisions"}],"predecessor-version":[{"id":41238,"href":"https:\/\/speyer24news.com\/index.php?rest_route=\/wp\/v2\/posts\/41236\/revisions\/41238"}],"wp:featuredmedia":[{"embeddable":true,"href":"https:\/\/speyer24news.com\/index.php?rest_route=\/wp\/v2\/media\/28496"}],"wp:attachment":[{"href":"https:\/\/speyer24news.com\/index.php?rest_route=%2Fwp%2Fv2%2Fmedia&parent=41236"}],"wp:term":[{"taxonomy":"category","embeddable":true,"href":"https:\/\/speyer24news.com\/index.php?rest_route=%2Fwp%2Fv2%2Fcategories&post=41236"},{"taxonomy":"post_tag","embeddable":true,"href":"https:\/\/speyer24news.com\/index.php?rest_route=%2Fwp%2Fv2%2Ftags&post=41236"}],"curies":[{"name":"wp","href":"https:\/\/api.w.org\/{rel}","templated":true}]}}