{"id":41277,"date":"2021-10-07T12:24:48","date_gmt":"2021-10-07T11:24:48","guid":{"rendered":"https:\/\/speyer24news.com\/?p=41277"},"modified":"2021-10-07T12:24:52","modified_gmt":"2021-10-07T11:24:52","slug":"speyer-119","status":"publish","type":"post","link":"https:\/\/speyer24news.com\/?p=41277","title":{"rendered":"Speyer"},"content":{"rendered":"<style type=\"text\/css\">\r\n\t.ads_top_disp{}\r\n\t.ads_top_corner_disp{ float:left; margin:0px 10px 10px 0px; }\r\n\t.ads_first_p_disp{}\r\n\t.ads_bottom_disp{}\r\n\t<\/style>\n<h2 class=\"wp-block-heading\">Stadtwald erlangt FSC-Zertifizierung zur\u00fcck<\/h2>\n\n\n\n<div class=\"wp-block-image\"><figure class=\"aligncenter size-large\"><img decoding=\"async\" loading=\"lazy\" width=\"800\" height=\"600\" src=\"https:\/\/speyer24news.com\/wp-content\/uploads\/2020\/09\/Pf\u00e4lzerwald.jpg\" alt=\"\" class=\"wp-image-30278\" srcset=\"https:\/\/speyer24news.com\/wp-content\/uploads\/2020\/09\/Pf\u00e4lzerwald.jpg 800w, https:\/\/speyer24news.com\/wp-content\/uploads\/2020\/09\/Pf\u00e4lzerwald-300x225.jpg 300w, https:\/\/speyer24news.com\/wp-content\/uploads\/2020\/09\/Pf\u00e4lzerwald-768x576.jpg 768w, https:\/\/speyer24news.com\/wp-content\/uploads\/2020\/09\/Pf\u00e4lzerwald-678x509.jpg 678w, https:\/\/speyer24news.com\/wp-content\/uploads\/2020\/09\/Pf\u00e4lzerwald-326x245.jpg 326w, https:\/\/speyer24news.com\/wp-content\/uploads\/2020\/09\/Pf\u00e4lzerwald-80x60.jpg 80w\" sizes=\"(max-width: 800px) 100vw, 800px\" \/><\/figure><\/div>\n\n\n\n<p>Der Speyerer Stadtwald hat nach umfassender \u00dcberpr\u00fcfung im Rahmen eines Dokumenten-Audits seine FSC-Zertifizierung wiedererlangt.&nbsp;&nbsp;&nbsp;&nbsp;&nbsp;&nbsp;&nbsp;&nbsp;<br>Nach einem seit Januar 2021 andauernden Verfahren, in dem gepr\u00fcft wurde, ob seitens der Stadt ein Versto\u00df gegen eine nachhaltige Waldbewirtschaftung vorliegt, kam der FSC-Zertifizierer zu dem Schluss, dass keinerlei Abweichung von den Anforderungen des FSC-Standards erkennbar sei.<\/p>\n\n\n\n<p>\u201eIch bin froh, dass unser Stadtwald das FSC-Siegel zu Recht zur\u00fcckerhalten hat. Leider wurden bis Anfang des Jahres wiederholt und massiv Anschuldigungen vorgetragen, die nicht den Tatsachen entsprachen und doch zu einer vor\u00fcbergehenden Suspendierung des G\u00fctesiegels f\u00fchrten\u201c, bedauert Oberb\u00fcrgermeisterin Stefanie Seiler.<\/p>\n\n\n\n<p>Die Hiebsma\u00dfnahmen im Stadtwald betreffend, kam es am 16. Januar 2021 zu einer vor\u00fcbergehenden Suspendierung des FSC-Siegels, worauf mehrere Treffen zwischen Landesforsten und der Stadt als Waldbesitzer folgten und die Kommunikation zwischen den Akteuren und der Politik in Form der Gremien intensiviert wurde.<\/p>\n\n\n\n<p>Am 12. September 2021 wurde daraufhin die Hauptabweichung hinsichtlich der Hiebsma\u00dfnahmen geschlossen, sodass die Stadt ihr FSC-Siegel wiedererlangte und sich somit fristgerecht auf den Erhalt der Bundeswaldpr\u00e4mie bewerben konnte.<\/p>\n\n\n\n<p>\u201eWir vertrauen weiterhin auf die fachliche Kompetenz und die langj\u00e4hrige Erfahrung des zust\u00e4ndigen Revierleiters, der nach den betrieblichen und waldbaulichen Grunds\u00e4tzen der Stadt unseren Wald bewirtschaftet\u201c, bekr\u00e4ftigt die Stadtchefin.<\/p>\n\n\n\n<p>Noch in 1980-Jahren bestand der Stadtwald in Speyer-West, der Forlenwald, nahezu ausschlie\u00dflich aus Kiefer-Monokulturen, sodass in regelm\u00e4\u00dfigen Abst\u00e4nden Sturm, Schnee und Insekten Sch\u00e4den an diesen labilen Best\u00e4nden verursachten.<\/p>\n\n\n\n<p>Daher wurde vor 35 Jahren im Speyerer Stadtwald damit begonnen, die vorhandenen instabilen Kiefer-Monokulturen zu stabilisieren. Durch gezielte waldbauliche Ma\u00dfnahmen, insbesondere Durchforstungen, sowie einer Anpassung der Wildbest\u00e4nde gelang zunehmend der Umbau in strukturierte Mischbest\u00e4nde und damit auf gro\u00dfer Fl\u00e4che klimaresiliente Best\u00e4nde.<\/p>\n\n\n\n<p>Durch diese vorbeugenden Ma\u00dfnahmen kann der Stadtwald laut Einsch\u00e4tzung des Forstamtes auch in der aktuellen Klimakrise bestehen.<\/p>\n\n\n\n<p>Eine fortw\u00e4hrende Optimierung und Anpassung des Waldes an die jeweiligen Auswirkungen des Klimawandels werden aber auch k\u00fcnftig notwendig und von gro\u00dfer Bedeutung sein.<\/p>\n\n\n\n<p>\u201eWir werden die transparente und kompetente Arbeitsweise des Forstamtes beibehalten\u201c, so Beigeordnete Irmgard M\u00fcnch-Weinmann. \u201eUnser Ziel ist es, im kommenden Jahr das neu zu erarbeitende Forsteinrichtungswerk im Dialog mit dem Forst, dem Naturschutzbeirat und der B\u00fcrgerschaft auf den Weg zu bringen. Die Zusammenarbeit mit Landesforsten werden wir intensivieren\u201c, so die Umweltdezernentin weiter.<\/p>\n\n\n\n<p><em>Stadtverwaltung Speyer<br>07.10.2021<\/em><\/p>\n","protected":false},"excerpt":{"rendered":"<div class=\"mh-excerpt\"><p>Stadtwald erlangt FSC-Zertifizierung zur\u00fcck Der Speyerer Stadtwald hat nach umfassender \u00dcberpr\u00fcfung im Rahmen eines Dokumenten-Audits seine FSC-Zertifizierung wiedererlangt.&nbsp;&nbsp;&nbsp;&nbsp;&nbsp;&nbsp;&nbsp;&nbsp;Nach einem seit Januar 2021 andauernden Verfahren, in dem gepr\u00fcft wurde, ob seitens der Stadt ein Versto\u00df gegen <a class=\"mh-excerpt-more\" href=\"https:\/\/speyer24news.com\/?p=41277\" title=\"Speyer\">[&#8230;]<\/a><\/p>\n<\/div>","protected":false},"author":3,"featured_media":23902,"comment_status":"open","ping_status":"open","sticky":false,"template":"","format":"standard","meta":{"_monsterinsights_skip_tracking":false,"_monsterinsights_sitenote_active":false,"_monsterinsights_sitenote_note":"","_monsterinsights_sitenote_category":0,"footnotes":""},"categories":[9],"tags":[13052,10122,6,10071,1534],"aioseo_notices":[],"amp_enabled":true,"_links":{"self":[{"href":"https:\/\/speyer24news.com\/index.php?rest_route=\/wp\/v2\/posts\/41277"}],"collection":[{"href":"https:\/\/speyer24news.com\/index.php?rest_route=\/wp\/v2\/posts"}],"about":[{"href":"https:\/\/speyer24news.com\/index.php?rest_route=\/wp\/v2\/types\/post"}],"author":[{"embeddable":true,"href":"https:\/\/speyer24news.com\/index.php?rest_route=\/wp\/v2\/users\/3"}],"replies":[{"embeddable":true,"href":"https:\/\/speyer24news.com\/index.php?rest_route=%2Fwp%2Fv2%2Fcomments&post=41277"}],"version-history":[{"count":1,"href":"https:\/\/speyer24news.com\/index.php?rest_route=\/wp\/v2\/posts\/41277\/revisions"}],"predecessor-version":[{"id":41278,"href":"https:\/\/speyer24news.com\/index.php?rest_route=\/wp\/v2\/posts\/41277\/revisions\/41278"}],"wp:featuredmedia":[{"embeddable":true,"href":"https:\/\/speyer24news.com\/index.php?rest_route=\/wp\/v2\/media\/23902"}],"wp:attachment":[{"href":"https:\/\/speyer24news.com\/index.php?rest_route=%2Fwp%2Fv2%2Fmedia&parent=41277"}],"wp:term":[{"taxonomy":"category","embeddable":true,"href":"https:\/\/speyer24news.com\/index.php?rest_route=%2Fwp%2Fv2%2Fcategories&post=41277"},{"taxonomy":"post_tag","embeddable":true,"href":"https:\/\/speyer24news.com\/index.php?rest_route=%2Fwp%2Fv2%2Ftags&post=41277"}],"curies":[{"name":"wp","href":"https:\/\/api.w.org\/{rel}","templated":true}]}}