{"id":41509,"date":"2021-10-12T15:03:22","date_gmt":"2021-10-12T14:03:22","guid":{"rendered":"https:\/\/speyer24news.com\/?p=41509"},"modified":"2021-10-12T15:05:33","modified_gmt":"2021-10-12T14:05:33","slug":"speyer-121","status":"publish","type":"post","link":"https:\/\/speyer24news.com\/?p=41509","title":{"rendered":"Speyer"},"content":{"rendered":"<style type=\"text\/css\">\r\n\t.ads_top_disp{}\r\n\t.ads_top_corner_disp{ float:left; margin:0px 10px 10px 0px; }\r\n\t.ads_first_p_disp{}\r\n\t.ads_bottom_disp{}\r\n\t<\/style>\n<h2 class=\"wp-block-heading\"><strong>Platz der Stadt Ravenna: Umgestaltung fertiggestellt<\/strong><\/h2>\n\n\n\n<h3 class=\"wp-block-heading\">Offizielle Einweihung am Samstag, 16. Oktober 2021 um 15 Uhr<\/h3>\n\n\n\n<div class=\"wp-block-image\"><figure class=\"aligncenter size-large\"><img decoding=\"async\" loading=\"lazy\" width=\"800\" height=\"533\" src=\"https:\/\/speyer24news.com\/wp-content\/uploads\/2021\/10\/Ravenna1.jpg\" alt=\"\" class=\"wp-image-41510\" srcset=\"https:\/\/speyer24news.com\/wp-content\/uploads\/2021\/10\/Ravenna1.jpg 800w, https:\/\/speyer24news.com\/wp-content\/uploads\/2021\/10\/Ravenna1-300x200.jpg 300w, https:\/\/speyer24news.com\/wp-content\/uploads\/2021\/10\/Ravenna1-768x512.jpg 768w\" sizes=\"(max-width: 800px) 100vw, 800px\" \/><figcaption>Blick auf den neugestalteten Platz der Stadt Ravenna Foto: Blick auf den neugestalteten Platz der Stadt Ravenna<br><em>Foto: Klaus Venus<\/em><\/figcaption><\/figure><\/div>\n\n\n\n<p>Lange haben die Bewohnerinnen und Bewohner im Vogelgesang darauf gewartet, jetzt ist es soweit: Der neue Platz der Stadt Ravenna ist fertiggestellt. Der Umbau, der insgesamt rund 965.000 Euro gekostet hat, wurde mit Mitteln aus dem Programm \u201eSoziale Stadt\u201c gef\u00f6rdert.<\/p>\n\n\n\n<p>\u201eDer Umbau hat sich sichtlich gelohnt. Der Platz der Stadt Ravenna hat sein Gesicht komplett gewandelt und l\u00e4dt nun alle Generationen zum Verweilen ein. Dar\u00fcber hinaus wurden zahlreiche wichtige Ma\u00dfnahmen getroffen, die gut f\u00fcr das Klima sind und dazu beitragen, die sp\u00fcrbaren Auswirkungen des Klimawandels in unserer Stadt abzumildern\u201c, f\u00fchrt Oberb\u00fcrgermeisterin Stefanie Seiler aus.<\/p>\n\n\n\n<div class=\"wp-block-image\"><figure class=\"aligncenter size-large\"><img decoding=\"async\" loading=\"lazy\" width=\"800\" height=\"573\" src=\"https:\/\/speyer24news.com\/wp-content\/uploads\/2021\/10\/Ravenna2.jpg\" alt=\"\" class=\"wp-image-41511\" srcset=\"https:\/\/speyer24news.com\/wp-content\/uploads\/2021\/10\/Ravenna2.jpg 800w, https:\/\/speyer24news.com\/wp-content\/uploads\/2021\/10\/Ravenna2-300x215.jpg 300w, https:\/\/speyer24news.com\/wp-content\/uploads\/2021\/10\/Ravenna2-768x550.jpg 768w\" sizes=\"(max-width: 800px) 100vw, 800px\" \/><figcaption>Neue WC Anlage auf dem Platz der Stadt Ravenna<br><em>Foto: Klaus Venus<\/em><\/figcaption><\/figure><\/div>\n\n\n\n<p>Die WC-Anlage und die Neuaufteilung der Fl\u00e4che erm\u00f6glichen eine Platznutzung beispielsweise f\u00fcr Quartiersfeste und eventuell ein kleines Nahversorgungangebot, etwa mit Marktst\u00e4nden. Daf\u00fcr wurde auch die Infrastruktur mit Wasser und Strom ert\u00fcchtigt. Die WC-Anlage bildet mit der Trafostation durch die Holzfassade eine gestalterische Einheit.<\/p>\n\n\n\n<p>Die Pflasterfl\u00e4che ist als wasserdurchl\u00e4ssiges Pflastersystem ausgebildet, um Bodenversiegelung zu reduzieren. Durch die Zusammenlegung ist eine besser nutzbare Fl\u00e4che entstanden, die insgesamt nur zehn Quadratmeter gr\u00f6\u00dfer ist, als die vorher gepflasterte Fl\u00e4che.<\/p>\n\n\n\n<div class=\"wp-block-image\"><figure class=\"aligncenter size-large\"><img decoding=\"async\" loading=\"lazy\" width=\"800\" height=\"506\" src=\"https:\/\/speyer24news.com\/wp-content\/uploads\/2021\/10\/Ravenna3.jpg\" alt=\"\" class=\"wp-image-41512\" srcset=\"https:\/\/speyer24news.com\/wp-content\/uploads\/2021\/10\/Ravenna3.jpg 800w, https:\/\/speyer24news.com\/wp-content\/uploads\/2021\/10\/Ravenna3-300x190.jpg 300w, https:\/\/speyer24news.com\/wp-content\/uploads\/2021\/10\/Ravenna3-768x486.jpg 768w\" sizes=\"(max-width: 800px) 100vw, 800px\" \/><figcaption>Neue Spielger\u00e4te<br><em>Foto: Klaus Venu<\/em>s<\/figcaption><\/figure><\/div>\n\n\n\n<p>Der Brunnen ist der neue Blickfang, der gleichzeitig als Spiel- und Treffpunkt dient und mit den Holzrosten zu einem angenehmen Aufenthaltsbereich wird. Mit der neuen Beregnung der Vegetationsfl\u00e4chen wird f\u00fcr Verdunstung und damit f\u00fcr eine Abk\u00fchlung auf dem Platz gesorgt, sodass sich die Vegetationsfl\u00e4chen, die mit einer Staudenmischpflanzung die Biodiversit\u00e4t unterst\u00fctzen, \u00fcppiger entwickeln k\u00f6nnen. Die vorhandenen Kastanienb\u00e4ume haben eine Bel\u00fcftung des Wurzelbereiches erfahren, wodurch auf ein besseres Wachstum erm\u00f6glicht werden soll. Sie stehen nun in einer wassergebundenen Wegedecke, welche begehbar ist und die etwas ungepflegt wirkenden, ehemaligen Trampelpfade verschwinden l\u00e4sst. Auch diese Fl\u00e4chen nehmen Regenwasser auf und geben es \u00fcber Verdunstung wieder ab, soweit es nicht von den B\u00e4umen gebraucht wird. Heckenpflanzungen grenzen den Verkehr ein wenig ab und sorgen f\u00fcr mehr Gr\u00fcnsubstanz.<\/p>\n\n\n\n<div class=\"wp-block-image\"><figure class=\"aligncenter size-large\"><img decoding=\"async\" loading=\"lazy\" width=\"800\" height=\"533\" src=\"https:\/\/speyer24news.com\/wp-content\/uploads\/2021\/10\/Ravenna4.jpg\" alt=\"\" class=\"wp-image-41513\" srcset=\"https:\/\/speyer24news.com\/wp-content\/uploads\/2021\/10\/Ravenna4.jpg 800w, https:\/\/speyer24news.com\/wp-content\/uploads\/2021\/10\/Ravenna4-300x200.jpg 300w, https:\/\/speyer24news.com\/wp-content\/uploads\/2021\/10\/Ravenna4-768x512.jpg 768w\" sizes=\"(max-width: 800px) 100vw, 800px\" \/><\/figure><\/div>\n\n\n\n<p>Der neue \u00dcbergang am Alois-Gruber-Weg erlaubt die bessere Querung der Windthorststra\u00dfe f\u00fcr Schulkinder. Die Bepflanzung in den \u201eOhren\u201c vertr\u00e4gt im Bedarfsfall die Notfall\u00fcberfahrt der Feuerwehr \u2013 deswegen und auch f\u00fcr die Sichtbeziehung konnten keine gr\u00f6\u00dferen Pflanzen eingesetzt werden.<\/p>\n\n\n\n<p>Auch der Spielbereich wurde erneuert. Die Vogelnestschaukel ist ein \u201ealter Bekannter\u201c auf dem Platz der Stadt Ravenna-Platz, welcher erhalten wurde. Die anderen Ger\u00e4te sind auf andere Pl\u00e4tze in Speyer \u201eumgezogen\u201c. Neu sind der Ravenna-L\u00f6we und das integrative Spielger\u00e4t in der gro\u00dfz\u00fcgigen Sandfl\u00e4che.<\/p>\n\n\n\n<div class=\"wp-block-image\"><figure class=\"aligncenter size-large\"><img decoding=\"async\" loading=\"lazy\" width=\"800\" height=\"593\" src=\"https:\/\/speyer24news.com\/wp-content\/uploads\/2021\/10\/Loewe-Speyer_BAL.jpg\" alt=\"\" class=\"wp-image-41514\" srcset=\"https:\/\/speyer24news.com\/wp-content\/uploads\/2021\/10\/Loewe-Speyer_BAL.jpg 800w, https:\/\/speyer24news.com\/wp-content\/uploads\/2021\/10\/Loewe-Speyer_BAL-300x222.jpg 300w, https:\/\/speyer24news.com\/wp-content\/uploads\/2021\/10\/Loewe-Speyer_BAL-768x569.jpg 768w, https:\/\/speyer24news.com\/wp-content\/uploads\/2021\/10\/Loewe-Speyer_BAL-80x60.jpg 80w\" sizes=\"(max-width: 800px) 100vw, 800px\" \/><figcaption>Der Ravenna-L\u00f6we <br><em>Foto: \u00a9&nbsp;Bierbaum.Aichele.landschaftsarchitekten<\/em><\/figcaption><\/figure><\/div>\n\n\n\n<p>In der Windthorststra\u00dfe haben die Stadtwerke eine Lades\u00e4ule f\u00fcr zwei Elektroautos installiert, um auch bei dieser Platzumgestaltung die Gelegenheit zu nutzen, alternative Fahrantriebe zu unterst\u00fctzen.<\/p>\n\n\n\n<p>Der B\u00fccherschrank, ein Verf\u00fcgungsfondsprojekt des Stadtteilvereins, rundet das Angebot ab und wird vom Stadtteilverein durch Vorleseangeboten mit Leben gef\u00fcllt.<\/p>\n\n\n\n<p>Erg\u00e4nzend ist noch die Anbringung eines Informationsschilds zur namensgebenden italienischen Partnerstadt Ravenna geplant, das zeitnah erfolgen soll.<\/p>\n\n\n\n<p>Am&nbsp;<strong>Samstag, 16. Oktober 2021, 15 Uhr<\/strong>, wird Oberb\u00fcrgermeisterin Stefanie Seiler den Platz offiziell einweihen und freigeben.&nbsp;F\u00fcr die kleinen G\u00e4ste sorgt das Fahrrad-Spielmobil \u201eSpiel und Spa\u00df f\u00fcr S\u00fcd-Kids\u201c des Stadtteilvereins f\u00fcr Abwechslung.<\/p>\n\n\n\n<p><em>Text: Stadtverwaltung Speyer Foto: &#8222;Ravenna-L\u00f6we&#8220; Bierbaum.Aichele.landschaftsarchitekten, &#8222;Rest&#8220; Klaus Venus<br>12.10.2021<\/em><\/p>\n","protected":false},"excerpt":{"rendered":"<div class=\"mh-excerpt\"><p>Platz der Stadt Ravenna: Umgestaltung fertiggestellt Offizielle Einweihung am Samstag, 16. Oktober 2021 um 15 Uhr Lange haben die Bewohnerinnen und Bewohner im Vogelgesang darauf gewartet, jetzt ist es soweit: Der neue Platz der Stadt <a class=\"mh-excerpt-more\" href=\"https:\/\/speyer24news.com\/?p=41509\" title=\"Speyer\">[&#8230;]<\/a><\/p>\n<\/div>","protected":false},"author":3,"featured_media":23902,"comment_status":"open","ping_status":"open","sticky":false,"template":"","format":"standard","meta":{"_monsterinsights_skip_tracking":false,"_monsterinsights_sitenote_active":false,"_monsterinsights_sitenote_note":"","_monsterinsights_sitenote_category":0,"footnotes":""},"categories":[9],"tags":[13068,6051,2321,1371,6],"aioseo_notices":[],"amp_enabled":true,"_links":{"self":[{"href":"https:\/\/speyer24news.com\/index.php?rest_route=\/wp\/v2\/posts\/41509"}],"collection":[{"href":"https:\/\/speyer24news.com\/index.php?rest_route=\/wp\/v2\/posts"}],"about":[{"href":"https:\/\/speyer24news.com\/index.php?rest_route=\/wp\/v2\/types\/post"}],"author":[{"embeddable":true,"href":"https:\/\/speyer24news.com\/index.php?rest_route=\/wp\/v2\/users\/3"}],"replies":[{"embeddable":true,"href":"https:\/\/speyer24news.com\/index.php?rest_route=%2Fwp%2Fv2%2Fcomments&post=41509"}],"version-history":[{"count":2,"href":"https:\/\/speyer24news.com\/index.php?rest_route=\/wp\/v2\/posts\/41509\/revisions"}],"predecessor-version":[{"id":41516,"href":"https:\/\/speyer24news.com\/index.php?rest_route=\/wp\/v2\/posts\/41509\/revisions\/41516"}],"wp:featuredmedia":[{"embeddable":true,"href":"https:\/\/speyer24news.com\/index.php?rest_route=\/wp\/v2\/media\/23902"}],"wp:attachment":[{"href":"https:\/\/speyer24news.com\/index.php?rest_route=%2Fwp%2Fv2%2Fmedia&parent=41509"}],"wp:term":[{"taxonomy":"category","embeddable":true,"href":"https:\/\/speyer24news.com\/index.php?rest_route=%2Fwp%2Fv2%2Fcategories&post=41509"},{"taxonomy":"post_tag","embeddable":true,"href":"https:\/\/speyer24news.com\/index.php?rest_route=%2Fwp%2Fv2%2Ftags&post=41509"}],"curies":[{"name":"wp","href":"https:\/\/api.w.org\/{rel}","templated":true}]}}