{"id":41580,"date":"2021-10-14T14:31:27","date_gmt":"2021-10-14T13:31:27","guid":{"rendered":"https:\/\/speyer24news.com\/?p=41580"},"modified":"2021-10-14T14:31:28","modified_gmt":"2021-10-14T13:31:28","slug":"technik-museen-sinsheim-speyer","status":"publish","type":"post","link":"https:\/\/speyer24news.com\/?p=41580","title":{"rendered":"Technik Museen Sinsheim Speyer"},"content":{"rendered":"<style type=\"text\/css\">\r\n\t.ads_top_disp{}\r\n\t.ads_top_corner_disp{ float:left; margin:0px 10px 10px 0px; }\r\n\t.ads_first_p_disp{}\r\n\t.ads_bottom_disp{}\r\n\t<\/style>\n<h2 class=\"wp-block-heading\">CNES Astronaut\u00a0Jean-Jaques Favier\u00a0besucht Europas gr\u00f6\u00dfte Raumfahrtausstellung<\/h2>\n\n\n\n<h3 class=\"wp-block-heading\">Vortrag des Astronauten am 6. November 2021 im Technik Museum Speyer<\/h3>\n\n\n\n<div class=\"wp-block-image\"><figure class=\"aligncenter size-large\"><img decoding=\"async\" loading=\"lazy\" width=\"500\" height=\"632\" src=\"https:\/\/speyer24news.com\/wp-content\/uploads\/2021\/10\/NASA-Portrait-JJ-Favier-1996.jpg\" alt=\"\" class=\"wp-image-41589\" srcset=\"https:\/\/speyer24news.com\/wp-content\/uploads\/2021\/10\/NASA-Portrait-JJ-Favier-1996.jpg 500w, https:\/\/speyer24news.com\/wp-content\/uploads\/2021\/10\/NASA-Portrait-JJ-Favier-1996-237x300.jpg 237w\" sizes=\"(max-width: 500px) 100vw, 500px\" \/><\/figure><\/div>\n\n\n\n<p><strong>Speyer &#8211;<\/strong> Am Samstag, 6. November 2021 besucht der CNES Astronaut\u00a0<a>Jean-Jaques Favier\u00a0<\/a>die Raumfahrtausstellung \u201eApollo and Beyond\u201c im Technik Museum Speyer. Er wird einen Vortrag \u00fcber seine Raumfahrtmission STS-78 halten. Der Franzose flog 1996 an Bord der Raumf\u00e4hre Columbia ins Weltall und war als Nutzlastspezialist unter anderem im europ\u00e4ische Spacelab Modul im Einsatz. Sein Vortrag findet von 14.00 Uhr bis 15.00 Uhr im FORUM Kino des Museums statt und wird in englischer Sprache gehalten. Die Pr\u00e4sentation ist im regul\u00e4ren Eintrittspreis des Technik Museum Speyer enthalten. Besucher, die nur zum Vortrag m\u00f6chten, erhalten Tickets zum Preis von \u20ac 5,00 an der Museumskasse (begrenzte Sitzpl\u00e4tze). Weitere Informationen zum Besuch des Astronauten gibt es unter\u00a0<a href=\"https:\/\/deref-web.de\/mail\/client\/jD3j27BKOkc\/dereferrer\/?redirectUrl=https%3A%2F%2Fu14164442.ct.sendgrid.net%2Fls%2Fclick%3Fupn%3DpsfSyrcYyJjyv2M1NAPIUHSS5hyResOop97owBYND8OPavx4Eev4ONaWgFVZN1kfUF4R_Hl-2BwoPNiiE5y-2BW9ZLRGh-2BuGHMyD7GGNSR50vkH5Gix4eOxojjaWn-2Fd1rTi9N-2F7J4i0MQ2wTqcX4xyHGAcAlj6KPct7XGOLrgAPkNToSYjcAJBIHgY3xdW7TgGUnGfWYhlXFpAXlzvXBIZoBDr5ClDxqAq6XFhgimibscAzMCY9qvci42txUxajlg-2BKVlendZRZ8Kcg2efHz77Yd6pPjMFg-3D-3D\" target=\"_blank\" rel=\"noreferrer noopener\">www.technik-museum.de\/favier<\/a>.<\/p>\n\n\n\n<div class=\"wp-block-image\"><figure class=\"aligncenter size-large\"><img decoding=\"async\" loading=\"lazy\" width=\"800\" height=\"627\" src=\"https:\/\/speyer24news.com\/wp-content\/uploads\/2021\/10\/STS-78_launch.jpg\" alt=\"\" class=\"wp-image-41590\" srcset=\"https:\/\/speyer24news.com\/wp-content\/uploads\/2021\/10\/STS-78_launch.jpg 800w, https:\/\/speyer24news.com\/wp-content\/uploads\/2021\/10\/STS-78_launch-300x235.jpg 300w, https:\/\/speyer24news.com\/wp-content\/uploads\/2021\/10\/STS-78_launch-768x602.jpg 768w\" sizes=\"(max-width: 800px) 100vw, 800px\" \/><\/figure><\/div>\n\n\n\n<p>Jean-Jaques Favier wurde am 13. April 1949 in Kehl in Deutschland geboren und ist franz\u00f6sischer Astronaut. Von 61 europ\u00e4ischen Kandidaten bei der ESA-Auswahl von 1991 war er einer von sechs franz\u00f6sischen Bewerbern. Doch durch die Begrenzung auf f\u00fcnf Personen je ESA-Mitgliedsland schaffte er es nicht zur ESA. Sein Traum ins All zu fliegen war jedoch noch nicht zu Ende, denn Favier wurde bei der franz\u00f6sischen Raumfahrtagentur CNES angenommen und trainierte dort f\u00fcr zwei Missionen. 1992 geh\u00f6rte er zur Ersatzmannschaft der Space-Shuttle-Mission STS-65 und am 20. Juni 1996 startete er als Nutzlastspezialist mit der Raumf\u00e4hre Columbia zur Mission STS-78 ins All. Der Flug war bis dahin der l\u00e4ngste eines Space Shuttles und dauerte knapp 17 Tage.Die Aufgabe der Mission STS-78 waren Schwerelosigkeits-Experimente im Life and Microgravity Spacelab (LMS), die als Grundlage f\u00fcr zuk\u00fcnftige Experimente auf der Internationalen Raumstation (ISS) ben\u00f6tigt wurden. Die Astronauten untersuchten beispielsweise die Auswirkungen eines Langzeitraumflugs auf den menschlichen K\u00f6rper, um sich auf die ISS-Langzeitexpeditionen vorzubereiten. W\u00e4hrend der Mission wurden 41 wissenschaftliche Experimente durchgef\u00fchrt.<\/p>\n\n\n\n<div class=\"wp-block-image\"><figure class=\"aligncenter size-large\"><img decoding=\"async\" loading=\"lazy\" width=\"800\" height=\"620\" src=\"https:\/\/speyer24news.com\/wp-content\/uploads\/2021\/10\/STS-78_Crew.jpg\" alt=\"\" class=\"wp-image-41591\" srcset=\"https:\/\/speyer24news.com\/wp-content\/uploads\/2021\/10\/STS-78_Crew.jpg 800w, https:\/\/speyer24news.com\/wp-content\/uploads\/2021\/10\/STS-78_Crew-300x233.jpg 300w, https:\/\/speyer24news.com\/wp-content\/uploads\/2021\/10\/STS-78_Crew-768x595.jpg 768w\" sizes=\"(max-width: 800px) 100vw, 800px\" \/><\/figure><\/div>\n\n\n\n<p>F\u00fcr diese Experimente wurde nicht nur das\u00a0Labor des Moduls genutzt, sondern auch die F\u00e4cher im Mitteldeck der Raumf\u00e4hre Columbia. Dreizehn der Experimente waren der Untersuchung der Auswirkungen der Mikrogravitation auf den menschlichen K\u00f6rper gewidmet, w\u00e4hrend sechs weitere das Verhalten von Fl\u00fcssigkeiten und Metallen in der schwerelosen Umgebung, sowie die Herstellung von Metalllegierungen und Proteinkristallen untersuchten. Die Besatzung f\u00fchrte auch die erste umfassende Studie \u00fcber das Schlafverhalten in der Schwerelosigkeit durch sowie die Erforschung des Knochen- und Muskelabbaus im Weltraum. Im September 1999 wurde Favier stellvertretender Direktor f\u00fcr Raumfahrttechnologie der CNES.\u00a0Alle Informationen zum Vortrag von CNES Astronaut Jean-Jaques Favier am 6. November 2021 im FORUM Kino des Technik Museum Speyer gibt es unter\u00a0<a href=\"https:\/\/deref-web.de\/mail\/client\/uUWaBlS9v6E\/dereferrer\/?redirectUrl=https%3A%2F%2Fu14164442.ct.sendgrid.net%2Fls%2Fclick%3Fupn%3DpsfSyrcYyJjyv2M1NAPIUHSS5hyResOop97owBYND8OPavx4Eev4ONaWgFVZN1kfzre6_Hl-2BwoPNiiE5y-2BW9ZLRGh-2BuGHMyD7GGNSR50vkH5Gix4eOxojjaWn-2Fd1rTi9N-2F7J4AJ5d2a-2BhQKOwKQw0sAaNbGQDgpH5QADM63GRHB0epTlDR0-2FPZ5hAzS5e3V15U7Xv0IJ83aw5pesASJDFKiNN5AYIX3angxA6wf4SoqW3zII9TBE6lpeaCGb257wjebUQ1a0R6ne-2FjcCNeJiS-2BnPxgA-3D-3D\" target=\"_blank\" rel=\"noreferrer noopener\">www.technik-museum.de\/favier<\/a>.<\/p>\n\n\n\n<p><em>Technik Museum Speyer<br>14.10.2021<\/em><\/p>\n\n\n\n<h2 class=\"wp-block-heading\">Benzingespr\u00e4ch beim Fr\u00fchschoppen im Technik Museum Speyer<\/h2>\n\n\n\n<h3 class=\"wp-block-heading\">Letzter Termin f\u00fcr die Saison 2021 findet am 7. November statt \u2013 neue Termine 2022<\/h3>\n\n\n\n<div class=\"wp-block-image\"><figure class=\"aligncenter size-large\"><img decoding=\"async\" loading=\"lazy\" width=\"800\" height=\"600\" src=\"https:\/\/speyer24news.com\/wp-content\/uploads\/2021\/10\/Benzingespraeche-im-Technik-Museum-Speyer-2019.jpg\" alt=\"\" class=\"wp-image-41587\" srcset=\"https:\/\/speyer24news.com\/wp-content\/uploads\/2021\/10\/Benzingespraeche-im-Technik-Museum-Speyer-2019.jpg 800w, https:\/\/speyer24news.com\/wp-content\/uploads\/2021\/10\/Benzingespraeche-im-Technik-Museum-Speyer-2019-300x225.jpg 300w, https:\/\/speyer24news.com\/wp-content\/uploads\/2021\/10\/Benzingespraeche-im-Technik-Museum-Speyer-2019-768x576.jpg 768w, https:\/\/speyer24news.com\/wp-content\/uploads\/2021\/10\/Benzingespraeche-im-Technik-Museum-Speyer-2019-678x509.jpg 678w, https:\/\/speyer24news.com\/wp-content\/uploads\/2021\/10\/Benzingespraeche-im-Technik-Museum-Speyer-2019-326x245.jpg 326w, https:\/\/speyer24news.com\/wp-content\/uploads\/2021\/10\/Benzingespraeche-im-Technik-Museum-Speyer-2019-80x60.jpg 80w\" sizes=\"(max-width: 800px) 100vw, 800px\" \/><\/figure><\/div>\n\n\n\n<p><strong>Speyer &#8211; <\/strong>Benzingespr\u00e4ch beim Fr\u00fchschoppen &#8211; das ist der Speyerer Treff f\u00fcr Besitzer von Old- und Youngtimern, Motorr\u00e4dern, besonderen Fahrzeugen oder Spezialumbauten. Seit 2012 bietet das Technik Museum Speyer Freunden und Besitzern von mobilen Rarit\u00e4ten die M\u00f6glichkeit zum zwanglosen Treff f\u00fcr Benzingespr\u00e4che in lockerer Atmosph\u00e4re.\u00a0Die Saison 2021 neigt sich langsam dem Ende entgegen. Trotz verschiedener Einschr\u00e4nkungen konnte das Museumsteam dennoch drei Treffen anbieten, zu denen viele Teilnehmer mit ihren Old- oder Youngtimern kamen. Das letzte Benzingespr\u00e4ch des Technik Museums f\u00fcr 2021 findet am <strong>7. November<\/strong> statt. Dabei verwandelt sich das Veranstaltungsgel\u00e4nde von 9.00 Uhr bis 14.00 Uhr regelrecht in einen Showroom f\u00fcr Zwei- und Vierr\u00e4der, die nicht nur Teilnehmer zum Staunen bringt. <\/p>\n\n\n\n<div class=\"wp-block-image\"><figure class=\"aligncenter size-large\"><img decoding=\"async\" loading=\"lazy\" width=\"800\" height=\"600\" src=\"https:\/\/speyer24news.com\/wp-content\/uploads\/2021\/10\/Oldtimerfans-im-Technik-Museum-Speyer-2020.jpg\" alt=\"\" class=\"wp-image-41588\" srcset=\"https:\/\/speyer24news.com\/wp-content\/uploads\/2021\/10\/Oldtimerfans-im-Technik-Museum-Speyer-2020.jpg 800w, https:\/\/speyer24news.com\/wp-content\/uploads\/2021\/10\/Oldtimerfans-im-Technik-Museum-Speyer-2020-300x225.jpg 300w, https:\/\/speyer24news.com\/wp-content\/uploads\/2021\/10\/Oldtimerfans-im-Technik-Museum-Speyer-2020-768x576.jpg 768w, https:\/\/speyer24news.com\/wp-content\/uploads\/2021\/10\/Oldtimerfans-im-Technik-Museum-Speyer-2020-678x509.jpg 678w, https:\/\/speyer24news.com\/wp-content\/uploads\/2021\/10\/Oldtimerfans-im-Technik-Museum-Speyer-2020-326x245.jpg 326w, https:\/\/speyer24news.com\/wp-content\/uploads\/2021\/10\/Oldtimerfans-im-Technik-Museum-Speyer-2020-80x60.jpg 80w\" sizes=\"(max-width: 800px) 100vw, 800px\" \/><\/figure><\/div>\n\n\n\n<p>Egal ob bei Regen oder Sonnenschein, eingefleischte Fans der Benzingespr\u00e4che sind bei jedem Treffen mit dabei und f\u00fcllen mit ihren \u201eSch\u00e4tzen\u201c den Platz. Von Alfa Romeo bis VW, von NSU Quickly bis Indian Motorrad, von Messerschmitt Kabinenroller bis LANZ Bulldog, es ist jeder willkommen, der Spa\u00df an seinem Fahrzeug hat und sich mit Gleichgesinnten austauschen m\u00f6chte. Die Teilnahme und das Parken sind kostenlos. Durch die gro\u00dfe Beliebtheit der Treffen geht die Veranstaltungsreihe 2022 in die n\u00e4chste Runde.\u00a0 Alle Informationen rund um die Benzingespr\u00e4che sowie die Teilnahmebedingungen gibt es unter\u00a0<a href=\"https:\/\/deref-web.de\/mail\/client\/RGOyeQSY4K0\/dereferrer\/?redirectUrl=https%3A%2F%2Fu14164442.ct.sendgrid.net%2Fls%2Fclick%3Fupn%3DpsfSyrcYyJjyv2M1NAPIUHSS5hyResOop97owBYND8N-2FTcaI0FgVbIaKCdJmJC387-2FKk0wwZlxd92ceivtzJBA-3D-3DGgQs_Hl-2BwoPNiiE5y-2BW9ZLRGh-2BuGHMyD7GGNSR50vkH5Gix4bsnG0Q9U4JIRjkBkA5yi-2B0ljFs8aixyVPIoanob8nQVPO0XYsZM1DwrK3H1k43LR2vs69NNUsZiVCngGElY8bAmLdCKp2CBPBpJyFr6QoDj8iPNViRSNLriFW3GE-2BSVhPuvAQkvEslEPvPhAech85Ir-2FMtMCx2Osx-2FBsDUnE4RQ-3D-3D\" target=\"_blank\" rel=\"noreferrer noopener\">www.technik-museum.de\/benzingespraech<\/a>.<\/p>\n\n\n\n<h4 class=\"wp-block-heading\">Benzingespr\u00e4ch beim Fr\u00fchschoppen 2022<\/h4>\n\n\n\n<ul><li><strong>Sonntag, 6. M\u00e4rz von 9.00 bis 14.00 Uhr<\/strong><\/li><li><strong>Sonntag, 3. April von 9.00 bis 14.00 Uhr<\/strong><\/li><li><strong>Sonntag, 5. Juni von 9.00 bis 14.00 Uhr<\/strong><\/li><li><strong>Sonntag, 3. Juli von 9.00 bis 14.00 Uhr<\/strong><\/li><li><strong>Sonntag, 7. August von 9.00 bis 14.00 Uhr<\/strong><\/li><li><strong>Sonntag, 4. September von 9.00 bis 14.00 Uhr<\/strong><\/li><li><strong>Sonntag, 2. Oktober von 9.00 bis 14.00 Uhr<\/strong><\/li><li><strong>Sonntag, 6. November von 9.00 bis 14.00 Uhr<\/strong><\/li><\/ul>\n\n\n\n<p><em>Technik Museum Speyer<br>14.10.2021<\/em><\/p>\n\n\n\n<h2 class=\"wp-block-heading\">Greenpeace pr\u00e4sentiert: Die Welt im Wandel &#8211; Eine Perspektive von Naturfotograf und Umweltaktivist Markus Mauthe<\/h2>\n\n\n\n<div class=\"wp-block-image\"><figure class=\"aligncenter size-large\"><img decoding=\"async\" loading=\"lazy\" width=\"800\" height=\"533\" src=\"https:\/\/speyer24news.com\/wp-content\/uploads\/2021\/10\/57-Markus-Mauthe.jpg\" alt=\"\" class=\"wp-image-41584\" srcset=\"https:\/\/speyer24news.com\/wp-content\/uploads\/2021\/10\/57-Markus-Mauthe.jpg 800w, https:\/\/speyer24news.com\/wp-content\/uploads\/2021\/10\/57-Markus-Mauthe-300x200.jpg 300w, https:\/\/speyer24news.com\/wp-content\/uploads\/2021\/10\/57-Markus-Mauthe-768x512.jpg 768w\" sizes=\"(max-width: 800px) 100vw, 800px\" \/><figcaption>Afrika, Tansania, Rift Valley, Lake Natron, Oldoinyo Lengai<\/figcaption><\/figure><\/div>\n\n\n\n<p>Die Welt im Wandel hei\u00dft die neue live Multivisionsshow von Markus Mauthe. Am <strong>Mittwoch, 17.11.21<\/strong> zeigt er diese im Forum Kino im Technik Museum in Speyer. Beginn ist\u00a019.30 Uhr, Ende gegen 21,30 Uhr. Der Eintritt ist frei!\u00a0<\/p>\n\n\n\n<p>Greenpeace International besteht in diesem Jahr 50 Jahre, ein Grund zu reflektieren, Erfolge sichtbar zu machen und weitere L\u00f6sungen f\u00fcr die Zukunft zu suchen. Der Fotograf und Umweltaktivist Markus Mauthe, der seit vielen Jahren f\u00fcr Greenpeace die Welt in Fotos dokumentiert und sein Wissen in faszinierenden Live-Fotoshows an begeisterte Zuschauer:innen weiter gibt,\u00a0wird aus seiner Sicht die Entwicklungen der letzten Jahre in Bezug auf wichtige Umweltthemen auf die Leinwand bringen.\u00a0<\/p>\n\n\n\n<div class=\"wp-block-image\"><figure class=\"aligncenter size-large\"><img decoding=\"async\" loading=\"lazy\" width=\"800\" height=\"533\" src=\"https:\/\/speyer24news.com\/wp-content\/uploads\/2021\/10\/Eisbaer.jpg\" alt=\"\" class=\"wp-image-41585\" srcset=\"https:\/\/speyer24news.com\/wp-content\/uploads\/2021\/10\/Eisbaer.jpg 800w, https:\/\/speyer24news.com\/wp-content\/uploads\/2021\/10\/Eisbaer-300x200.jpg 300w, https:\/\/speyer24news.com\/wp-content\/uploads\/2021\/10\/Eisbaer-768x512.jpg 768w\" sizes=\"(max-width: 800px) 100vw, 800px\" \/><figcaption>Polar bear in the Arctic, Spitzbergen, Norway.\r\nEisbaer in der Arktis. Polarmeer, Spitzbergen, Norwegen.<\/figcaption><\/figure><\/div>\n\n\n\n<p>Welche \u00f6kologischen Hot-Spots gibt es? Welche Ver\u00e4nderungen sind bereits jetzt zu sehen? Was k\u00f6nnen wir alle tun? Basis der Show sind erstklassige Fotos und faszinierende bewegte Bilder! Dazu erz\u00e4hlt Markus Mauthe live von seinen Erlebnissen vor Ort; er warnt, informiert und gibt Tipps. Die Show ist mit einzigartiger Musik von\u00a0dem Komponisten Kai Arend untermalt.<\/p>\n\n\n\n<h4 class=\"wp-block-heading\">Weitere Informationen zu der Show, sowie alle Termine in der \u00dcbersicht findet ihr hier:\u00a0<a href=\"https:\/\/deref-web.de\/mail\/client\/apJBwE-MsJw\/dereferrer\/?redirectUrl=https%3A%2F%2Fu14164442.ct.sendgrid.net%2Fls%2Fclick%3Fupn%3DpsfSyrcYyJjyv2M1NAPIUFTEk9hMVU2qE1SqXD7i9-2BQyJJEhs7ikg14vg-2BltX9HtzARoLE62Fd371npl8XtOVw-3D-3Dp9Lz_Hl-2BwoPNiiE5y-2BW9ZLRGh-2BuGHMyD7GGNSR50vkH5Gix6I1WpO2ALxwcXL8TfT0c41VdkfqBjYHdP1onKrfOcsKiD0qMWRkF5sneORBjhlpt3oIjVrBljJaIYLKZVPw27qJZuRrdYDg5jqknVv-2F8TbBQrRDuDIGTlb0ItCqLhlKBRv3KrdhYNIW3HKHWFtD-2BS91ehEIvj4ZnikKCt3sYAOrw-3D-3D\" target=\"_blank\" rel=\"noreferrer noopener\">greenpeace.de\/die-welt-im-wandel<\/a><\/h4>\n\n\n\n<div class=\"wp-block-image\"><figure class=\"aligncenter size-large\"><img decoding=\"async\" loading=\"lazy\" width=\"800\" height=\"636\" src=\"https:\/\/speyer24news.com\/wp-content\/uploads\/2021\/10\/die-welt-im-wandel-collage-4.jpg\" alt=\"\" class=\"wp-image-41586\" srcset=\"https:\/\/speyer24news.com\/wp-content\/uploads\/2021\/10\/die-welt-im-wandel-collage-4.jpg 800w, https:\/\/speyer24news.com\/wp-content\/uploads\/2021\/10\/die-welt-im-wandel-collage-4-300x239.jpg 300w, https:\/\/speyer24news.com\/wp-content\/uploads\/2021\/10\/die-welt-im-wandel-collage-4-768x611.jpg 768w\" sizes=\"(max-width: 800px) 100vw, 800px\" \/><\/figure><\/div>\n\n\n\n<p><em>Technik Museum Speyer<br>14.10.2021<\/em><\/p>\n\n\n\n<h2 class=\"wp-block-heading\">Herbstferien in den Technik Museen Sinsheim Speyer<\/h2>\n\n\n\n<p><strong>Sinsheim\/Speyer &#8211;<\/strong> Nach den Ferien ist vor den Ferien und in wenigen Wochen geht es los: Ab Mitte\/Ende Oktober schlie\u00dfen die Klassenzimmer in Rheinland-Pfalz und Baden-W\u00fcrttemberg. F\u00fcr die Eltern und Gro\u00dfeltern stellt sich erneut die Frage: Was kann mit dem Nachwuchs unternommen werden? Die Technik Museen Sinsheim Speyer bieten auch in den Herbstferien t\u00e4glich ab 9 Uhr Spannung, Spa\u00df und Unterhaltung. \u00a0<\/p>\n\n\n\n<div class=\"wp-block-image\"><figure class=\"aligncenter size-large\"><img decoding=\"async\" loading=\"lazy\" width=\"800\" height=\"534\" src=\"https:\/\/speyer24news.com\/wp-content\/uploads\/2021\/10\/Die-Giganten-der-Luefte-sind-in-Speyer-voll-begehbar.jpg\" alt=\"\" class=\"wp-image-41582\" srcset=\"https:\/\/speyer24news.com\/wp-content\/uploads\/2021\/10\/Die-Giganten-der-Luefte-sind-in-Speyer-voll-begehbar.jpg 800w, https:\/\/speyer24news.com\/wp-content\/uploads\/2021\/10\/Die-Giganten-der-Luefte-sind-in-Speyer-voll-begehbar-300x200.jpg 300w, https:\/\/speyer24news.com\/wp-content\/uploads\/2021\/10\/Die-Giganten-der-Luefte-sind-in-Speyer-voll-begehbar-768x513.jpg 768w\" sizes=\"(max-width: 800px) 100vw, 800px\" \/><\/figure><\/div>\n\n\n\n<p>Auf der Tragfl\u00e4che des Jumbo-Jets ein Selfie machen, den Maschinenraum eines U-Bootes inspizieren und anschlie\u00dfend in die Weltmeere abtauchen. In den Technik Museen Sinsheim Speyer jagt eine Sensation die n\u00e4chste.\u00a0Durch die kinderfreundliche Gestaltung und die Vielfalt der gezeigten Ausstellungsst\u00fccke ist der Museumsbesuch sowohl f\u00fcr Technik-Fans interessant als auch ein Erlebnis f\u00fcr die ganze Familie: W\u00e4hrend die Eltern in Erinnerungen schwelgen, ist der Nachwuchs f\u00fcr ein paar Stunden Pilot, Lokf\u00fchrer oder Astronaut.\u00a0Restaurants mit gro\u00dfen Terrassen laden zum Verweilen ein und auf den in Sichtweite befindlichen Spielpl\u00e4tzen k\u00f6nnen sich Kinder nach Herzenslust austoben.<\/p>\n\n\n\n<p>Schon von weitem begr\u00fc\u00dfen die beiden voll begehbaren \u00dcberschall-Jets, Concorde und Tupolev Tu-144, die Besucher in Sinsheim; in Speyer hei\u00dfen das gigantische Space Shuttle Buran und eine Boeing 747 die G\u00e4ste willkommen. Die riesigen Museumshallen beherbergen hunderte wundersch\u00f6ne Oldtimer, rassige Sportwagen, PS-starke Motorr\u00e4der, Formel-1-Legenden, majest\u00e4tische Flugzeuge, gewaltige Loks und vieles mehr. In der Halle 3 in Sinsheim dreht sich alles um die \u201eRed Bull World of Racing\u201c. Ob nun Motorcross oder Formel-1, in der W\u00fcste oder im Schnee, zu Land oder in der Luft \u2013 die aktuelle Sonderausstellung gibt\u00a0spannende Einblicke in die actiongeladene Welt des Red Bull-Motorsports. Seit September freuen sich die Museumsmacher \u00fcber einen ganz besonderen Neuzugang: der\u00a0Red Bull RB3 mit der \u201eFaces For Charity\u201c-Sonderlackierung. Darauf sind 30.000 Fotos von Menschen abgebildet, die f\u00fcr die \u201eWings for Life\u201c Stiftung spendeten und somit der R\u00fcckenmarkforschung 1 Million Euro zugute kam. Kein geringerer als David Coulthard fuhr diesen Boliden in Silverstone 2007 beim Grand Prix von Gro\u00dfbritannien. Neben dem Exponat in Halle 3 des Technik Museum ist eine Spendenbox aufgestellt. So k\u00f6nnen die Besucher die Organisation mit einer Spende unterst\u00fctzen.<\/p>\n\n\n\n<div class=\"wp-block-image\"><figure class=\"aligncenter size-large\"><img decoding=\"async\" loading=\"lazy\" width=\"800\" height=\"534\" src=\"https:\/\/speyer24news.com\/wp-content\/uploads\/2021\/10\/Der-Neuzugang-in-der-Sonderausstellung-RED-BULL-WORLD-OF-RACING-RB3-mit-der-_Faces-For-Charity_.jpg\" alt=\"\" class=\"wp-image-41583\" srcset=\"https:\/\/speyer24news.com\/wp-content\/uploads\/2021\/10\/Der-Neuzugang-in-der-Sonderausstellung-RED-BULL-WORLD-OF-RACING-RB3-mit-der-_Faces-For-Charity_.jpg 800w, https:\/\/speyer24news.com\/wp-content\/uploads\/2021\/10\/Der-Neuzugang-in-der-Sonderausstellung-RED-BULL-WORLD-OF-RACING-RB3-mit-der-_Faces-For-Charity_-300x200.jpg 300w, https:\/\/speyer24news.com\/wp-content\/uploads\/2021\/10\/Der-Neuzugang-in-der-Sonderausstellung-RED-BULL-WORLD-OF-RACING-RB3-mit-der-_Faces-For-Charity_-768x513.jpg 768w\" sizes=\"(max-width: 800px) 100vw, 800px\" \/><\/figure><\/div>\n\n\n\n<p>Ein weiteres Highlight in den Museen sind die beiden gro\u00dfformatige Kinos:&nbsp;Ein unvergessliches Erlebnis f\u00fcr alle Sinne garantiert das IMAX 3D Kino in Sinsheim \u2013 das sch\u00e4rfste Kino der Welt. Dabei werden kristallklare&nbsp;Bilder viermal sch\u00e4rfer als full HD auf eine 22 x 27 Meter hohe Leinwand projiziert. Hier fliegen die Zuschauer ins Weltall, tauchen ab in die Weltmeere oder wandern durch die Nationalparks Amerikas. Unterst\u00fctzt durch einen gleichm\u00e4\u00dfig verteilten Raumklang wird die Handlung der spannenden IMAX-Dokumentationen und den neuesten Hollywood-Blockbuster sogar k\u00f6rperlich sp\u00fcrbar.<\/p>\n\n\n\n<p>Im IMAX DOME Kino in Speyer, das Kino der Superlative, gibt es exklusive Dokumentationen auf einer gigantischen Kuppel-Leinwand. Denn als einziges Kino dieser Bauart in Deutschland wird der Film auf eine riesige gew\u00f6lbte Leinwand projiziert. Hier steigen die Kinog\u00e4nger mit Neil Armstrong auf dem Mond ab, schwimmen mit gewaltigen Mantarochen um die Wette und spazieren durch die Altstadt Jerusalems. Optimal auf diese Technik abgestimmt, garantieren die Dokumentationen ein atemberaubendes Filmerlebnis.<\/p>\n\n\n\n<p>Beide Museen sind mit dem PKW oder mit den \u00f6ffentlichen Verkehrsmitteln leicht zu erreichen. Besonders empfehlenswert ist der Tages-Pass: Dieser beinhaltet den Museumseintritt sowie eine IMAX-Dokumentation. Ist ein l\u00e4ngerer Aufenthalt im Museum geplant, kann dieser mit einer Hotel\u00fcbernachtung im 4* Hotel Sinsheim oder im Hotel Speyer inkl. Fr\u00fchst\u00fcck verbunden werden. Dar\u00fcber hinaus stellen beide Museen ihren G\u00e4sten Caravan-Stellpl\u00e4tze zur Verf\u00fcgung. Das Technik Museum Speyer besitzt einen eigens angelegten Caravanpark auf dem Museumsgel\u00e4nde, welcher den Besuchern moderne Sanit\u00e4ranlagen mit Duschen, Strom, Wasseranschluss und Entsorgungsstation bietet. Alle Informationen und die Corona-Ma\u00dfnahmen sind unter&nbsp;<a href=\"https:\/\/deref-web.de\/mail\/client\/kKoANfF9yY0\/dereferrer\/?redirectUrl=http%3A%2F%2Fwww.technik-museum.de\" target=\"_blank\" rel=\"noreferrer noopener\">www.technik-museum.de<\/a>&nbsp;zu finden.<\/p>\n\n\n\n<p><em>Technik Museum Sinsheim<br>14.10.2021<\/em><\/p>\n\n\n\n<h2 class=\"wp-block-heading\">Museumsgr\u00fcnder, Erfinder und Vorzeigeunternehmer<\/h2>\n\n\n\n<h3 class=\"wp-block-heading\">Am 8. September 2021 w\u00e4re Eberhard Layher 100 Jahre alt geworden<\/h3>\n\n\n\n<div class=\"wp-block-image\"><figure class=\"aligncenter size-large\"><img decoding=\"async\" loading=\"lazy\" width=\"800\" height=\"651\" src=\"https:\/\/speyer24news.com\/wp-content\/uploads\/2021\/10\/E_-Layher-TM-SNH-2021_1.jpg\" alt=\"\" class=\"wp-image-41581\" srcset=\"https:\/\/speyer24news.com\/wp-content\/uploads\/2021\/10\/E_-Layher-TM-SNH-2021_1.jpg 800w, https:\/\/speyer24news.com\/wp-content\/uploads\/2021\/10\/E_-Layher-TM-SNH-2021_1-300x244.jpg 300w, https:\/\/speyer24news.com\/wp-content\/uploads\/2021\/10\/E_-Layher-TM-SNH-2021_1-768x625.jpg 768w\" sizes=\"(max-width: 800px) 100vw, 800px\" \/><\/figure><\/div>\n\n\n\n<p><strong>Sinsheim \/ Speyer &#8211;<\/strong> In Stuttgart geboren und aufgewachsen, trat Eberhard Layher fr\u00fch in das Berufsleben ein. Die Wirtschaftskrise und politische Unruhen pr\u00e4gten ihn genauso wie seine Erlebnisse im Krieg. Mit 18 Jahren eingezogen, wurde er in Russland schwer verwundet und kehrte nach Kriegsende in die Heimat zur\u00fcck.\u00a0Die Stuttgarter Wohnung war zerst\u00f6rt und so fand sich die Familie in Eibensbach wieder zusammen, wo noch 1945 der Familienbetrieb Wilhelm Layher entstand. <\/p>\n\n\n\n<p>1952 heiratete er Margot Korn, mit der er zeitlebens eine gl\u00fcckliche Ehe f\u00fchrte, bis Margot Layher 2009 verstarb. Zusammen hatten sie vier Kinder, Luise, Helga, Susanne und Hermann. Im Jahr 1965 gelang der Ger\u00fcstbaufirma ihr Durchbruch mit dem Layher-Blitzger\u00fcst. Bereits 1974 kam das bahnbrechende Allroundger\u00fcst auf den Markt. Zusammen mit zahlreichen weiteren Patenten war dies die Grundlage einer au\u00dfergew\u00f6hnlichen, wirtschaftlichen Erfolgsgeschichte.\u00a0<\/p>\n\n\n\n<p>Mit 66 Jahren zog sich Layher aus dem Ger\u00fcstunternehmen zur\u00fcck und widmete sich seinem Hobby als Sammler von Fahrzeugen und technischen Ger\u00e4ten. Auf seine Initiative hin, er\u00f6ffnete 1981 das Technik Museum Sinsheim, welches er auch als Pr\u00e4sident \u00fcber viele Jahre entscheidend pr\u00e4gte.1991 folgte die Er\u00f6ffnung des Technik Museums Speyer. <\/p>\n\n\n\n<p>Die beiden H\u00e4user erlangten weltweite Bekanntheit und bilden zusammen das gr\u00f6\u00dfte Technikmuseum Europas. Heute z\u00e4hlt der gemeinn\u00fctzige F\u00f6rderverein,\u00a0Auto + Technik Museum Sinsheim e. V.,\u00a0der Technik Museen Sinsheim Speyer weltweit \u00fcber 3.500 Mitglieder &#8211; Tendenz steigend.\u00a0Zeit seines Lebens wurde Eberhard Layher mit zahlreichen Ehrungen bedacht. Unter anderem erhielt er das Bundesverdienstkreuz, den Ehrenring der Stadt G\u00fcglingen, die Karl-Wilhelmi-Ehrenm\u00fcnze der Stadt Sinsheim und die Verdienstmedaille der Domstadt Speyer. Er galt als leidenschaftlicher, weltoffener Unternehmer, der stets heimatverbunden blieb. Dar\u00fcber hinaus war er passionierter J\u00e4ger und Waldbesitzer, der gerne viel Zeit in der Natur verbrachte. Eberhard Layher verstarb 2012 im Alter von 91 Jahren in seinem Heimatort G\u00fcglingen-Eibensbach.<\/p>\n\n\n\n<p><em>Technik Museum Sinsheim<br>14.10.2021<\/em><\/p>\n","protected":false},"excerpt":{"rendered":"<div class=\"mh-excerpt\"><p>CNES Astronaut\u00a0Jean-Jaques Favier\u00a0besucht Europas gr\u00f6\u00dfte Raumfahrtausstellung Vortrag des Astronauten am 6. November 2021 im Technik Museum Speyer Speyer &#8211; Am Samstag, 6. November 2021 besucht der CNES Astronaut\u00a0Jean-Jaques Favier\u00a0die Raumfahrtausstellung \u201eApollo and Beyond\u201c im Technik <a class=\"mh-excerpt-more\" href=\"https:\/\/speyer24news.com\/?p=41580\" title=\"Technik Museen Sinsheim Speyer\">[&#8230;]<\/a><\/p>\n<\/div>","protected":false},"author":3,"featured_media":33809,"comment_status":"open","ping_status":"open","sticky":false,"template":"","format":"standard","meta":{"_monsterinsights_skip_tracking":false,"_monsterinsights_sitenote_active":false,"_monsterinsights_sitenote_note":"","_monsterinsights_sitenote_category":0,"footnotes":""},"categories":[14],"tags":[2269,13111,571,10082,13112,13117,4611,2742,13116,13115,13114,2944,6,992,133,13113],"aioseo_notices":[],"amp_enabled":true,"_links":{"self":[{"href":"https:\/\/speyer24news.com\/index.php?rest_route=\/wp\/v2\/posts\/41580"}],"collection":[{"href":"https:\/\/speyer24news.com\/index.php?rest_route=\/wp\/v2\/posts"}],"about":[{"href":"https:\/\/speyer24news.com\/index.php?rest_route=\/wp\/v2\/types\/post"}],"author":[{"embeddable":true,"href":"https:\/\/speyer24news.com\/index.php?rest_route=\/wp\/v2\/users\/3"}],"replies":[{"embeddable":true,"href":"https:\/\/speyer24news.com\/index.php?rest_route=%2Fwp%2Fv2%2Fcomments&post=41580"}],"version-history":[{"count":1,"href":"https:\/\/speyer24news.com\/index.php?rest_route=\/wp\/v2\/posts\/41580\/revisions"}],"predecessor-version":[{"id":41592,"href":"https:\/\/speyer24news.com\/index.php?rest_route=\/wp\/v2\/posts\/41580\/revisions\/41592"}],"wp:featuredmedia":[{"embeddable":true,"href":"https:\/\/speyer24news.com\/index.php?rest_route=\/wp\/v2\/media\/33809"}],"wp:attachment":[{"href":"https:\/\/speyer24news.com\/index.php?rest_route=%2Fwp%2Fv2%2Fmedia&parent=41580"}],"wp:term":[{"taxonomy":"category","embeddable":true,"href":"https:\/\/speyer24news.com\/index.php?rest_route=%2Fwp%2Fv2%2Fcategories&post=41580"},{"taxonomy":"post_tag","embeddable":true,"href":"https:\/\/speyer24news.com\/index.php?rest_route=%2Fwp%2Fv2%2Ftags&post=41580"}],"curies":[{"name":"wp","href":"https:\/\/api.w.org\/{rel}","templated":true}]}}