{"id":41603,"date":"2021-10-14T18:23:37","date_gmt":"2021-10-14T17:23:37","guid":{"rendered":"https:\/\/speyer24news.com\/?p=41603"},"modified":"2022-05-29T07:15:52","modified_gmt":"2022-05-29T06:15:52","slug":"speyer-123","status":"publish","type":"post","link":"https:\/\/speyer24news.com\/?p=41603","title":{"rendered":"Speyer"},"content":{"rendered":"<style type=\"text\/css\">\r\n\t.ads_top_disp{}\r\n\t.ads_top_corner_disp{ float:left; margin:0px 10px 10px 0px; }\r\n\t.ads_first_p_disp{}\r\n\t.ads_bottom_disp{}\r\n\t<\/style>\n<h2 class=\"wp-block-heading\">\u00d6ffnung der Salierbr\u00fccke am 24. November<\/h2>\n\n\n\n<div class=\"wp-block-image\"><figure class=\"aligncenter size-large\"><img decoding=\"async\" loading=\"lazy\" width=\"1024\" height=\"768\" src=\"https:\/\/speyer24news.com\/wp-content\/uploads\/2019\/02\/Die-Salierbr\u00fccke-1024x768.jpg\" alt=\"\" class=\"wp-image-7299\" srcset=\"https:\/\/speyer24news.com\/wp-content\/uploads\/2019\/02\/Die-Salierbr\u00fccke-1024x768.jpg 1024w, https:\/\/speyer24news.com\/wp-content\/uploads\/2019\/02\/Die-Salierbr\u00fccke-300x225.jpg 300w, https:\/\/speyer24news.com\/wp-content\/uploads\/2019\/02\/Die-Salierbr\u00fccke-768x576.jpg 768w, https:\/\/speyer24news.com\/wp-content\/uploads\/2019\/02\/Die-Salierbr\u00fccke-678x509.jpg 678w, https:\/\/speyer24news.com\/wp-content\/uploads\/2019\/02\/Die-Salierbr\u00fccke-326x245.jpg 326w, https:\/\/speyer24news.com\/wp-content\/uploads\/2019\/02\/Die-Salierbr\u00fccke-80x60.jpg 80w, https:\/\/speyer24news.com\/wp-content\/uploads\/2019\/02\/Die-Salierbr\u00fccke.jpg 1600w\" sizes=\"(max-width: 1024px) 100vw, 1024px\" \/><\/figure><\/div>\n\n\n\n<p>Am heutigen Donnerstag, 14. Oktober 2021 wurde die Stadtverwaltung vom Regierungspr\u00e4sidium Karlsruhe in Kenntnis gesetzt, dass die Rheinbr\u00fccke Speyer (Salierbr\u00fccke) am 24. November 2021 f\u00fcr den Verkehr wieder freigegeben wird.<\/p>\n\n\n\n<p>\u201eWir sind froh, dass die Br\u00fccke noch in diesem Jahr ge\u00f6ffnet werden kann. Nach der langen Bauphase ist diese eine gro\u00dfe Erleichterung insbesondere f\u00fcr die Pendlerinnen und Pendler, die in den letzten Jahren einen gro\u00dfen Umweg in Kauf nehmen mussten. Aber auch f\u00fcr unseren Einzelhandel und Gastronomie sowie alle, die von diesem fehlenden Verbindungsst\u00fcck beider Rheinseiten betroffen waren, bedeutet der Abschluss der Sanierung einen enormen Zugewinn\u201c, betont Oberb\u00fcrgermeisterin Stefanie Seiler. \u201eNun wird in den n\u00e4chsten Tagen abgestimmt, wie die lang ersehnte Wiederer\u00f6ffnung der Salierbr\u00fccke gestaltet werden k\u00f6nnte.\u201c<\/p>\n\n\n\n<div class=\"wp-block-image\"><figure class=\"aligncenter size-large\"><img decoding=\"async\" loading=\"lazy\" width=\"800\" height=\"600\" src=\"https:\/\/speyer24news.com\/wp-content\/uploads\/2021\/10\/20190216_121858.jpg\" alt=\"\" class=\"wp-image-41604\" srcset=\"https:\/\/speyer24news.com\/wp-content\/uploads\/2021\/10\/20190216_121858.jpg 800w, https:\/\/speyer24news.com\/wp-content\/uploads\/2021\/10\/20190216_121858-300x225.jpg 300w, https:\/\/speyer24news.com\/wp-content\/uploads\/2021\/10\/20190216_121858-768x576.jpg 768w, https:\/\/speyer24news.com\/wp-content\/uploads\/2021\/10\/20190216_121858-678x509.jpg 678w, https:\/\/speyer24news.com\/wp-content\/uploads\/2021\/10\/20190216_121858-326x245.jpg 326w, https:\/\/speyer24news.com\/wp-content\/uploads\/2021\/10\/20190216_121858-80x60.jpg 80w\" sizes=\"(max-width: 800px) 100vw, 800px\" \/><\/figure><\/div>\n\n\n\n<p>Seit Januar 2019 werden durch das Regierungspr\u00e4sidium Karlsruhe umfangreiche Sanierungs- und Ert\u00fcchtigungsarbeiten auf&nbsp;der Rheinbr\u00fccke der Bundesstra\u00dfe\u200539 bei Speyer&nbsp;durchgef\u00fchrt. Aufgrund dessen musste die Br\u00fccke f\u00fcr den \u00f6ffentlichen Kraftfahrzeugverkehr gesperrt und das Bauende verschoben werden. Durch Optimierungsma\u00dfnahmen kann die Br\u00fccke nun aber doch fr\u00fcher, als zwischenzeitlich angenommen, freigegeben werden.<\/p>\n\n\n\n<p>Weitere Informationen zu den Ma\u00dfnahmen sind auf der Internetseite des Regierungspr\u00e4sidiums unter folgendem Link zu finden:\u00a0<a href=\"https:\/\/deref-web.de\/mail\/client\/aQzh255KNSw\/dereferrer\/?redirectUrl=https%3A%2F%2Frp.baden-wuerttemberg.de%2Frpk%2Fabt4%2Fref471%2Fseiten%2Fb39-rb-speyer\" target=\"_blank\" rel=\"noreferrer noopener\">https:\/\/rp.baden-wuerttemberg.de\/rpk\/abt4\/ref471\/seiten\/b39-rb-speyer<\/a><\/p>\n\n\n\n<p><em>Text: Stadtverwaltung Speyer Foto: Speyer 24\/7 News<br>14.10.2021<\/em><\/p>\n","protected":false},"excerpt":{"rendered":"<div class=\"mh-excerpt\"><p>\u00d6ffnung der Salierbr\u00fccke am 24. November Am heutigen Donnerstag, 14. Oktober 2021 wurde die Stadtverwaltung vom Regierungspr\u00e4sidium Karlsruhe in Kenntnis gesetzt, dass die Rheinbr\u00fccke Speyer (Salierbr\u00fccke) am 24. November 2021 f\u00fcr den Verkehr wieder freigegeben <a class=\"mh-excerpt-more\" href=\"https:\/\/speyer24news.com\/?p=41603\" title=\"Speyer\">[&#8230;]<\/a><\/p>\n<\/div>","protected":false},"author":3,"featured_media":23902,"comment_status":"open","ping_status":"open","sticky":false,"template":"","format":"standard","meta":{"_monsterinsights_skip_tracking":false,"_monsterinsights_sitenote_active":false,"_monsterinsights_sitenote_note":"","_monsterinsights_sitenote_category":0,"footnotes":""},"categories":[9],"tags":[2006,4668,13122,7917,4667,4710,4670,6],"aioseo_notices":[],"amp_enabled":true,"_links":{"self":[{"href":"https:\/\/speyer24news.com\/index.php?rest_route=\/wp\/v2\/posts\/41603"}],"collection":[{"href":"https:\/\/speyer24news.com\/index.php?rest_route=\/wp\/v2\/posts"}],"about":[{"href":"https:\/\/speyer24news.com\/index.php?rest_route=\/wp\/v2\/types\/post"}],"author":[{"embeddable":true,"href":"https:\/\/speyer24news.com\/index.php?rest_route=\/wp\/v2\/users\/3"}],"replies":[{"embeddable":true,"href":"https:\/\/speyer24news.com\/index.php?rest_route=%2Fwp%2Fv2%2Fcomments&post=41603"}],"version-history":[{"count":1,"href":"https:\/\/speyer24news.com\/index.php?rest_route=\/wp\/v2\/posts\/41603\/revisions"}],"predecessor-version":[{"id":41605,"href":"https:\/\/speyer24news.com\/index.php?rest_route=\/wp\/v2\/posts\/41603\/revisions\/41605"}],"wp:featuredmedia":[{"embeddable":true,"href":"https:\/\/speyer24news.com\/index.php?rest_route=\/wp\/v2\/media\/23902"}],"wp:attachment":[{"href":"https:\/\/speyer24news.com\/index.php?rest_route=%2Fwp%2Fv2%2Fmedia&parent=41603"}],"wp:term":[{"taxonomy":"category","embeddable":true,"href":"https:\/\/speyer24news.com\/index.php?rest_route=%2Fwp%2Fv2%2Fcategories&post=41603"},{"taxonomy":"post_tag","embeddable":true,"href":"https:\/\/speyer24news.com\/index.php?rest_route=%2Fwp%2Fv2%2Ftags&post=41603"}],"curies":[{"name":"wp","href":"https:\/\/api.w.org\/{rel}","templated":true}]}}