{"id":41619,"date":"2021-10-15T04:31:31","date_gmt":"2021-10-15T03:31:31","guid":{"rendered":"https:\/\/speyer24news.com\/?p=41619"},"modified":"2021-10-15T04:31:33","modified_gmt":"2021-10-15T03:31:33","slug":"geschwindigkeitsmessung-blitzer-fuer-kw-42-18-10-24-10-21","status":"publish","type":"post","link":"https:\/\/speyer24news.com\/?p=41619","title":{"rendered":"Geschwindigkeitsmessung \/ Blitzer f\u00fcr KW 42 (18.10. \u2013 24.10.21)"},"content":{"rendered":"<style type=\"text\/css\">\r\n\t.ads_top_disp{}\r\n\t.ads_top_corner_disp{ float:left; margin:0px 10px 10px 0px; }\r\n\t.ads_first_p_disp{}\r\n\t.ads_bottom_disp{}\r\n\t<\/style>\n<h2 class=\"wp-block-heading\">Radarkontrollen f\u00fcr die Woche vom 18. Oktober bis 24. Oktober 2021<\/h2>\n\n\n\n<div class=\"wp-block-image\"><figure class=\"aligncenter\"><img decoding=\"async\" loading=\"lazy\" width=\"800\" height=\"600\" src=\"https:\/\/speyer24news.com\/wp-content\/uploads\/2020\/03\/Blitzer-1.jpg\" alt=\"\" class=\"wp-image-25724\" srcset=\"https:\/\/speyer24news.com\/wp-content\/uploads\/2020\/03\/Blitzer-1.jpg 800w, https:\/\/speyer24news.com\/wp-content\/uploads\/2020\/03\/Blitzer-1-300x225.jpg 300w, https:\/\/speyer24news.com\/wp-content\/uploads\/2020\/03\/Blitzer-1-768x576.jpg 768w, https:\/\/speyer24news.com\/wp-content\/uploads\/2020\/03\/Blitzer-1-678x509.jpg 678w, https:\/\/speyer24news.com\/wp-content\/uploads\/2020\/03\/Blitzer-1-326x245.jpg 326w, https:\/\/speyer24news.com\/wp-content\/uploads\/2020\/03\/Blitzer-1-80x60.jpg 80w\" sizes=\"(max-width: 800px) 100vw, 800px\" \/><\/figure><\/div>\n\n\n\n<p><strong>(Ludwigshafen) \u2013\u00a0<\/strong>Die Stadt Ludwigshafen nimmt in folgenden Stadtteilen Radarkontrollen vor.<\/p>\n\n\n\n<ul><li><strong>Montag, 18. Oktober: Gartenstadt, Edigheim und Friesenheim<\/strong><\/li><li><strong>Dienstag, 19. Oktober:; Maudach, Mitte und Mundenheim<\/strong><\/li><li><strong>Mittwoch, 20. Oktober: Nord, Oppau und Oggersheim<\/strong><\/li><li><strong>Donnerstag, 21. Oktober: Pfingstweide, Rheing\u00f6nheim und S\u00fcd<\/strong><\/li><li><strong>Freitag, 22. Oktober: Ruchheim, West und Edigheim<\/strong><\/li><li><strong>Samstag, 23. Oktober: Friesenheim, Gartenstadt und Maudach<\/strong><\/li><\/ul>\n\n\n\n<p>Kurzfristige \u00c4nderungen beh\u00e4lt sich der Bereich Stra\u00dfenverkehr vor. Kontrollen k\u00f6nnen auch kurzfristig an anderen Stellen stattfinden.<\/p>\n\n\n\n<p><em>Stadt Ludwigshafen<br>15.10.2021<\/em><\/p>\n\n\n\n<h2 class=\"wp-block-heading\">Geschwindigkeitskontrollen f\u00fcr die Woche vom 18.10. bis 22.10.2021<\/h2>\n\n\n\n<div class=\"wp-block-image\"><figure class=\"aligncenter\"><img decoding=\"async\" loading=\"lazy\" width=\"640\" height=\"497\" src=\"https:\/\/speyer24news.com\/wp-content\/uploads\/2020\/12\/Blitzer-2.jpg\" alt=\"\" class=\"wp-image-31937\" srcset=\"https:\/\/speyer24news.com\/wp-content\/uploads\/2020\/12\/Blitzer-2.jpg 640w, https:\/\/speyer24news.com\/wp-content\/uploads\/2020\/12\/Blitzer-2-300x233.jpg 300w\" sizes=\"(max-width: 640px) 100vw, 640px\" \/><\/figure><\/div>\n\n\n\n<p><strong>(Mannheim) \u2013\u00a0<\/strong>Die Stadt Mannheim f\u00fchrt vom 18. bis 22. Oktober\u00a0in folgenden Stra\u00dfen mobile Geschwindigkeitskontrollen durch:<\/p>\n\n\n\n<ul><li><strong>Am Aubuckel<\/strong><\/li><li><strong>Feldstra\u00dfe<\/strong><\/li><li><strong>Gl\u00fccksteinallee<\/strong><\/li><li><strong>Gontardstra\u00dfe<\/strong><\/li><li><strong>Kasseler Stra\u00dfe<\/strong><\/li><li><strong>Meerfeldstra\u00dfe (Diesterwegschule)<\/strong><\/li><li><strong>Oppauer Stra\u00dfe (Waldhofschule)<\/strong><\/li><li><strong>Otto-Beck-Stra\u00dfe (Pestalozzischule)<\/strong><\/li><li><strong>Seckenheimer Stra\u00dfe<\/strong><\/li><li><strong>Speckweg<\/strong><\/li><li><strong>Spessartstra\u00dfe (Br\u00fcder-Grimm-Schule)<\/strong><\/li><li><strong>Tullastra\u00dfe<\/strong><\/li><li><strong>Waldpforte (Alfred-Delp-Schule)<\/strong><\/li><li><strong>Werderplatz (Oststadtschule)<\/strong><\/li><li><strong>Wingertsbuckel<\/strong><\/li><li><strong>Wiesbadener Stra\u00dfe (Friedrich-Ebert-Schule)<\/strong><\/li><\/ul>\n\n\n\n<p>Kurzfristige \u00c4nderungen oder zus\u00e4tzliche Messstellen sind aus aktuellem Anlass m\u00f6glich.<\/p>\n\n\n\n<p><em>Stadt Mannheim<br>15.10.2021<\/em><\/p>\n\n\n\n<h2 class=\"wp-block-heading\">(Pr\u00e4sidialbereich Rheinpfalz) \u2013 Radarkontrollen des Polizeipr\u00e4sidiums Rheinpfalz im Oktober 2021<\/h2>\n\n\n\n<div class=\"wp-block-image\"><figure class=\"aligncenter\"><img decoding=\"async\" loading=\"lazy\" width=\"800\" height=\"450\" src=\"https:\/\/speyer24news.com\/wp-content\/uploads\/2020\/12\/Blitzer-Logo.jpg\" alt=\"\" class=\"wp-image-31938\" srcset=\"https:\/\/speyer24news.com\/wp-content\/uploads\/2020\/12\/Blitzer-Logo.jpg 800w, https:\/\/speyer24news.com\/wp-content\/uploads\/2020\/12\/Blitzer-Logo-300x169.jpg 300w, https:\/\/speyer24news.com\/wp-content\/uploads\/2020\/12\/Blitzer-Logo-768x432.jpg 768w, https:\/\/speyer24news.com\/wp-content\/uploads\/2020\/12\/Blitzer-Logo-678x381.jpg 678w\" sizes=\"(max-width: 800px) 100vw, 800px\" \/><\/figure><\/div>\n\n\n\n<h4 class=\"wp-block-heading\">Im Bereich der&nbsp;<strong>Polizeidirektion Ludwigshafen<\/strong>&nbsp;finden wie folgt Kontrollen statt:<\/h4>\n\n\n\n<ul><li><strong>Dienstag (19.10.2021) im Bereich Birkenheide<\/strong><\/li><li><strong>Freitag (29.10.2021) im Bereich Ludwigshafen<\/strong><\/li><\/ul>\n\n\n\n<h4 class=\"wp-block-heading\">Im Bereich der&nbsp;<strong>Polizeidirektion Landau<\/strong>&nbsp;finden wie folgt Kontrollen statt:<\/h4>\n\n\n\n<ul><li><strong>Freitag (15.10.2021) im Bereich Altdorf<\/strong><\/li><li><strong>Montag (18.10.2021) im Bereich Billigheim-Ingenheim<\/strong><\/li><li><strong>Mittwoch (27.10.2021) im Bereich Berg<\/strong><\/li><\/ul>\n\n\n\n<h4 class=\"wp-block-heading\">Im Bereich der&nbsp;<strong>Polizeidirektion Neustadt&nbsp;<\/strong>finden wie folgt Kontrollen statt:<\/h4>\n\n\n\n<ul><li><strong>Donnerstag (21.10.2021) im Bereich Neustadt-Geinsheim<\/strong><\/li><li><strong>Dienstag (26.10.2021) im Bereich Kirchheim<\/strong><\/li><\/ul>\n\n\n\n<p>Die Polizei weist ausdr\u00fccklich darauf hin, dass Kontrollen auch au\u00dferhalb der genannten Zeiten und \u00d6rtlichkeiten stattfinden.<\/p>\n\n\n\n<p><em>Polizeipr\u00e4sidium Rheinpfalz<br>05.10.2021<\/em><\/p>\n","protected":false},"excerpt":{"rendered":"<div class=\"mh-excerpt\"><p>Radarkontrollen f\u00fcr die Woche vom 18. Oktober bis 24. Oktober 2021 (Ludwigshafen) \u2013\u00a0Die Stadt Ludwigshafen nimmt in folgenden Stadtteilen Radarkontrollen vor. Montag, 18. Oktober: Gartenstadt, Edigheim und Friesenheim Dienstag, 19. Oktober:; Maudach, Mitte und Mundenheim <a class=\"mh-excerpt-more\" href=\"https:\/\/speyer24news.com\/?p=41619\" title=\"Geschwindigkeitsmessung \/ Blitzer f\u00fcr KW 42 (18.10. \u2013 24.10.21)\">[&#8230;]<\/a><\/p>\n<\/div>","protected":false},"author":3,"featured_media":33649,"comment_status":"open","ping_status":"open","sticky":false,"template":"","format":"standard","meta":{"_monsterinsights_skip_tracking":false,"_monsterinsights_sitenote_active":false,"_monsterinsights_sitenote_note":"","_monsterinsights_sitenote_category":0,"footnotes":""},"categories":[64],"tags":[18,7702,4819,4814,7703,19,4822,4817,4228,947,4820,4815,779,5152,4821,4816,5153,227,17,7699,7068,7004,7700,949,5150,4818,4813,5151,1310,948,10894,10893],"aioseo_notices":[],"amp_enabled":true,"_links":{"self":[{"href":"https:\/\/speyer24news.com\/index.php?rest_route=\/wp\/v2\/posts\/41619"}],"collection":[{"href":"https:\/\/speyer24news.com\/index.php?rest_route=\/wp\/v2\/posts"}],"about":[{"href":"https:\/\/speyer24news.com\/index.php?rest_route=\/wp\/v2\/types\/post"}],"author":[{"embeddable":true,"href":"https:\/\/speyer24news.com\/index.php?rest_route=\/wp\/v2\/users\/3"}],"replies":[{"embeddable":true,"href":"https:\/\/speyer24news.com\/index.php?rest_route=%2Fwp%2Fv2%2Fcomments&post=41619"}],"version-history":[{"count":2,"href":"https:\/\/speyer24news.com\/index.php?rest_route=\/wp\/v2\/posts\/41619\/revisions"}],"predecessor-version":[{"id":41744,"href":"https:\/\/speyer24news.com\/index.php?rest_route=\/wp\/v2\/posts\/41619\/revisions\/41744"}],"wp:featuredmedia":[{"embeddable":true,"href":"https:\/\/speyer24news.com\/index.php?rest_route=\/wp\/v2\/media\/33649"}],"wp:attachment":[{"href":"https:\/\/speyer24news.com\/index.php?rest_route=%2Fwp%2Fv2%2Fmedia&parent=41619"}],"wp:term":[{"taxonomy":"category","embeddable":true,"href":"https:\/\/speyer24news.com\/index.php?rest_route=%2Fwp%2Fv2%2Fcategories&post=41619"},{"taxonomy":"post_tag","embeddable":true,"href":"https:\/\/speyer24news.com\/index.php?rest_route=%2Fwp%2Fv2%2Ftags&post=41619"}],"curies":[{"name":"wp","href":"https:\/\/api.w.org\/{rel}","templated":true}]}}