{"id":41623,"date":"2021-10-15T04:43:21","date_gmt":"2021-10-15T03:43:21","guid":{"rendered":"https:\/\/speyer24news.com\/?p=41623"},"modified":"2021-10-15T04:43:23","modified_gmt":"2021-10-15T03:43:23","slug":"stadtnotiz-verkehrsnotiz-speyer-3","status":"publish","type":"post","link":"https:\/\/speyer24news.com\/?p=41623","title":{"rendered":"Stadtnotiz &#038; Verkehrsnotiz Speyer"},"content":{"rendered":"<style type=\"text\/css\">\r\n\t.ads_top_disp{}\r\n\t.ads_top_corner_disp{ float:left; margin:0px 10px 10px 0px; }\r\n\t.ads_first_p_disp{}\r\n\t.ads_bottom_disp{}\r\n\t<\/style>\n<h1 class=\"has-text-align-center wp-block-heading\">Stadtnotiz<\/h1>\n\n\n\n<div class=\"wp-block-image\"><figure class=\"aligncenter size-large\"><img decoding=\"async\" loading=\"lazy\" width=\"800\" height=\"600\" src=\"https:\/\/speyer24news.com\/wp-content\/uploads\/2020\/01\/Speyer-Stadtnachrichten-2.jpg\" alt=\"\" class=\"wp-image-23901\" srcset=\"https:\/\/speyer24news.com\/wp-content\/uploads\/2020\/01\/Speyer-Stadtnachrichten-2.jpg 800w, https:\/\/speyer24news.com\/wp-content\/uploads\/2020\/01\/Speyer-Stadtnachrichten-2-300x225.jpg 300w, https:\/\/speyer24news.com\/wp-content\/uploads\/2020\/01\/Speyer-Stadtnachrichten-2-768x576.jpg 768w, https:\/\/speyer24news.com\/wp-content\/uploads\/2020\/01\/Speyer-Stadtnachrichten-2-678x509.jpg 678w, https:\/\/speyer24news.com\/wp-content\/uploads\/2020\/01\/Speyer-Stadtnachrichten-2-326x245.jpg 326w, https:\/\/speyer24news.com\/wp-content\/uploads\/2020\/01\/Speyer-Stadtnachrichten-2-80x60.jpg 80w\" sizes=\"(max-width: 800px) 100vw, 800px\" \/><\/figure><\/div>\n\n\n\n<h2 class=\"wp-block-heading\">Stadtratsbeschluss zum Neubau der Kita Regenbogen hat weiter Bestand<\/h2>\n\n\n\n<p>Nach einem weiteren Gespr\u00e4chstermin der Verwaltung mit dem Elternausschuss der Kita Regenbogen und Vertreter*innen der Stadtratsfraktionen steht fest, dass seitens der Fraktionen, die an dem Termin teilgenommen hatten, kein \u00c4nderungs- oder Aufhebungsantrag zu dem weiterhin g\u00fcltigen Stadtratsbeschluss zum Neubau der Kita Regenbogen gestellt wird.<\/p>\n\n\n\n<p>Oberb\u00fcrgermeisterin Stefanie Seiler wird \u00fcber die Umsetzung des Ratsbeschlusses in der kommenden Stadtratssitzung berichten.<\/p>\n\n\n\n<p>Die B\u00fcrgerinitiative \u201eF\u00fcr unsere Kinder \u2013 F\u00fcr unsere Umwelt \u2013 F\u00fcr politische Transparenz\u201c wurde \u00fcber den Fortbestand des g\u00fcltigen Stadtratsbeschlusses in Kenntnis gesetzt.<\/p>\n\n\n\n<p><em>Stadtverwaltung Speyer<br>15.10.2021<\/em><\/p>\n\n\n\n<h1 class=\"has-text-align-center wp-block-heading\">Verkehrsnotiz<\/h1>\n\n\n\n<div class=\"wp-block-image\"><figure class=\"aligncenter size-large\"><img decoding=\"async\" loading=\"lazy\" width=\"800\" height=\"565\" src=\"https:\/\/speyer24news.com\/wp-content\/uploads\/2020\/01\/Baustelle-2.jpg\" alt=\"\" class=\"wp-image-23900\" srcset=\"https:\/\/speyer24news.com\/wp-content\/uploads\/2020\/01\/Baustelle-2.jpg 800w, https:\/\/speyer24news.com\/wp-content\/uploads\/2020\/01\/Baustelle-2-300x212.jpg 300w, https:\/\/speyer24news.com\/wp-content\/uploads\/2020\/01\/Baustelle-2-768x542.jpg 768w\" sizes=\"(max-width: 800px) 100vw, 800px\" \/><\/figure><\/div>\n\n\n\n<h2 class=\"wp-block-heading\">Erneuerung von Fahrbahnoberfl\u00e4chen verschoben<\/h2>\n\n\n\n<p>Die Erneuerung der Fahrbahnoberfl\u00e4chen verschiedener Stra\u00dfenz\u00fcge, die am 14. Oktober 2021 beginnen sollte, muss witterungsbedingt verschoben werden. Die aktuelle Wetterlage l\u00e4sst eine Fahrbahnsanierung mittels Kalteinbauverfahren nicht zu. Da f\u00fcr die n\u00e4chsten Wochen keine Besserung der Verh\u00e4ltnisse zu erwarten ist, m\u00fcssen die Sanierungsarbeiten in den Sommer 2022 verlegt werden.<\/p>\n\n\n\n<p>Die Anwohner*innen sind \u00fcber die aktuelle Entwicklung informiert.<\/p>\n\n\n\n<p>F\u00fcr R\u00fcckfragen steht Ihnen die Tiefbauabteilung unter\u00a0<a href=\"mailto:tiefbau@stadt-speyer.de\" target=\"_blank\" rel=\"noreferrer noopener\">tiefbau@stadt-speyer.de<\/a>\u00a0zur Verf\u00fcgung.<\/p>\n\n\n\n<p><em>Stadtverwaltung Speyer<br>15.10.2021<\/em><\/p>\n","protected":false},"excerpt":{"rendered":"<div class=\"mh-excerpt\"><p>Stadtnotiz Stadtratsbeschluss zum Neubau der Kita Regenbogen hat weiter Bestand Nach einem weiteren Gespr\u00e4chstermin der Verwaltung mit dem Elternausschuss der Kita Regenbogen und Vertreter*innen der Stadtratsfraktionen steht fest, dass seitens der Fraktionen, die an dem <a class=\"mh-excerpt-more\" href=\"https:\/\/speyer24news.com\/?p=41623\" title=\"Stadtnotiz &#038; Verkehrsnotiz Speyer\">[&#8230;]<\/a><\/p>\n<\/div>","protected":false},"author":3,"featured_media":23902,"comment_status":"open","ping_status":"open","sticky":false,"template":"","format":"standard","meta":{"_monsterinsights_skip_tracking":false,"_monsterinsights_sitenote_active":false,"_monsterinsights_sitenote_note":"","_monsterinsights_sitenote_category":0,"footnotes":""},"categories":[47],"tags":[9445,13125,9446,12373,7262,13124,9636,658],"aioseo_notices":[],"amp_enabled":true,"_links":{"self":[{"href":"https:\/\/speyer24news.com\/index.php?rest_route=\/wp\/v2\/posts\/41623"}],"collection":[{"href":"https:\/\/speyer24news.com\/index.php?rest_route=\/wp\/v2\/posts"}],"about":[{"href":"https:\/\/speyer24news.com\/index.php?rest_route=\/wp\/v2\/types\/post"}],"author":[{"embeddable":true,"href":"https:\/\/speyer24news.com\/index.php?rest_route=\/wp\/v2\/users\/3"}],"replies":[{"embeddable":true,"href":"https:\/\/speyer24news.com\/index.php?rest_route=%2Fwp%2Fv2%2Fcomments&post=41623"}],"version-history":[{"count":1,"href":"https:\/\/speyer24news.com\/index.php?rest_route=\/wp\/v2\/posts\/41623\/revisions"}],"predecessor-version":[{"id":41624,"href":"https:\/\/speyer24news.com\/index.php?rest_route=\/wp\/v2\/posts\/41623\/revisions\/41624"}],"wp:featuredmedia":[{"embeddable":true,"href":"https:\/\/speyer24news.com\/index.php?rest_route=\/wp\/v2\/media\/23902"}],"wp:attachment":[{"href":"https:\/\/speyer24news.com\/index.php?rest_route=%2Fwp%2Fv2%2Fmedia&parent=41623"}],"wp:term":[{"taxonomy":"category","embeddable":true,"href":"https:\/\/speyer24news.com\/index.php?rest_route=%2Fwp%2Fv2%2Fcategories&post=41623"},{"taxonomy":"post_tag","embeddable":true,"href":"https:\/\/speyer24news.com\/index.php?rest_route=%2Fwp%2Fv2%2Ftags&post=41623"}],"curies":[{"name":"wp","href":"https:\/\/api.w.org\/{rel}","templated":true}]}}