{"id":41648,"date":"2021-10-17T07:50:40","date_gmt":"2021-10-17T06:50:40","guid":{"rendered":"https:\/\/speyer24news.com\/?p=41648"},"modified":"2021-10-17T07:50:43","modified_gmt":"2021-10-17T06:50:43","slug":"speyer-landesgartenschau-2027","status":"publish","type":"post","link":"https:\/\/speyer24news.com\/?p=41648","title":{"rendered":"Speyer \/ Landesgartenschau 2027"},"content":{"rendered":"<style type=\"text\/css\">\r\n\t.ads_top_disp{}\r\n\t.ads_top_corner_disp{ float:left; margin:0px 10px 10px 0px; }\r\n\t.ads_first_p_disp{}\r\n\t.ads_bottom_disp{}\r\n\t<\/style>\n<h2 class=\"wp-block-heading\">Landesgartenschau 2027: Bewerbung eingereicht<\/h2>\n\n\n\n<div class=\"wp-block-image\"><figure class=\"aligncenter size-large\"><img decoding=\"async\" loading=\"lazy\" width=\"500\" height=\"667\" src=\"https:\/\/speyer24news.com\/wp-content\/uploads\/2021\/10\/LGS_1.jpg\" alt=\"\" class=\"wp-image-41650\" srcset=\"https:\/\/speyer24news.com\/wp-content\/uploads\/2021\/10\/LGS_1.jpg 500w, https:\/\/speyer24news.com\/wp-content\/uploads\/2021\/10\/LGS_1-225x300.jpg 225w\" sizes=\"(max-width: 500px) 100vw, 500px\" \/><\/figure><\/div>\n\n\n\n<p>Die Bewerbung f\u00fcr die Landesgartenschau 2027 in Speyer wurde am Freitag, 15. Oktober 2021 durch das st\u00e4dtische Projektteam\u00a0bei der rheinland-pf\u00e4lzischen Landesregierung\u00a0eingereicht.<\/p>\n\n\n\n<p>\u201eMit der Abgabe der Bewerbungsunterlagen wurde der entscheidende Schritt der Bewerbungsphase zur Landesgartenschau 2027 vollzogen\u201c, freut sich Oberb\u00fcrgermeisterin Stefanie Seiler.<\/p>\n\n\n\n<p>\u201eUnsere Bewerbung zeigt eindr\u00fccklich, wie die Landesgartenschau eine Initialz\u00fcndung f\u00fcr eine nachhaltige Stadtentwicklung darstellen kann. Denn klar ist: 2000 Jahre sind definitiv erst der Anfang\u201c, so die Stadtchefin begeistert.<\/p>\n\n\n\n<p>Nachdem sich der Stadtrat am 16. September 2021 auf Grundlage der Machbarkeitsstudie mehrheitlich f\u00fcr das eingereichte Konzept ausgesprochen hatte, wurde eine umfassende Bewerbungsbrosch\u00fcre\u00a0durch das st\u00e4dtische Projektteam\u00a0sowie\u00a0Vertreter*innen des\u00a0Planungsb\u00fcros RMP Stephan Lenzen\u00a0Landschaftsarchitekten und der Werbeagentur Runze &amp; Casper\u00a0erstellt. Diese ist auf der st\u00e4dtischen Homepage unter\u00a0<a href=\"https:\/\/deref-web.de\/mail\/client\/l-AxdBGLW9g\/dereferrer\/?redirectUrl=http%3A%2F%2Fwww.speyer.de%2Flandesgartenschau2027\" target=\"_blank\" rel=\"noreferrer noopener\">www.speyer.de\/landesgartenschau2027<\/a>\u00a0einzusehen.<\/p>\n\n\n\n<div class=\"wp-block-image\"><figure class=\"aligncenter size-large\"><img decoding=\"async\" loading=\"lazy\" width=\"500\" height=\"667\" src=\"https:\/\/speyer24news.com\/wp-content\/uploads\/2021\/10\/LGS_2.jpg\" alt=\"\" class=\"wp-image-41651\" srcset=\"https:\/\/speyer24news.com\/wp-content\/uploads\/2021\/10\/LGS_2.jpg 500w, https:\/\/speyer24news.com\/wp-content\/uploads\/2021\/10\/LGS_2-225x300.jpg 225w\" sizes=\"(max-width: 500px) 100vw, 500px\" \/><\/figure><\/div>\n\n\n\n<p>Bevor die Entscheidung, welche Stadt den Zuschlag f\u00fcr die Landesgartenschau erh\u00e4lt, im M\u00e4rz n\u00e4chsten Jahres fallen soll, wird im November 2021 die Kommission zum Ortstermin erwartet.<\/p>\n\n\n\n<p>Sollte sich Speyer gegen die anderen Bewerberst\u00e4dte durchsetzen k\u00f6nnen, wird auch wieder die B\u00fcrgerschaft aufgerufen sein, sich in verschiedenen Veranstaltungen zur B\u00fcrgerbeteiligung einzubringen und den weiteren Prozess bis zum Beginn der Bauma\u00dfnahmen zu begleiten.<\/p>\n\n\n\n<p>\u201eNur im Austausch mit den B\u00fcrgerinnen und B\u00fcrgern und unter Einbezug der vielen wertvollen Anregungen und W\u00fcnsche konnten wir alle relevanten Bereiche in unserem Konzept ber\u00fccksichtigen und entwickeln. Die Beitr\u00e4ge aus der B\u00fcrgerschaft haben ebenso wie\u00a0der nach wie vor g\u00fcltige Stadtratsbeschluss\u00a0den Weg f\u00fcr die heutige Abgabe der Bewerbung geebnet\u201c, unterstreicht Stefanie Seiler.<\/p>\n\n\n\n<p><em>Stadtverwaltung Speyer<br>17.10.2021<\/em><\/p>\n\n\n\n<h2 class=\"wp-block-heading\">B\u00fcrgerbegehren gegen die geplante Landesgartenschau 2027 in Speyer<\/h2>\n\n\n\n<div class=\"wp-block-image\"><figure class=\"aligncenter size-large\"><img decoding=\"async\" loading=\"lazy\" width=\"800\" height=\"600\" src=\"https:\/\/speyer24news.com\/wp-content\/uploads\/2021\/10\/Keine-Landesgartenschau-Gruppenfoto-SR-16.09.21.jpg\" alt=\"\" class=\"wp-image-41653\" srcset=\"https:\/\/speyer24news.com\/wp-content\/uploads\/2021\/10\/Keine-Landesgartenschau-Gruppenfoto-SR-16.09.21.jpg 800w, https:\/\/speyer24news.com\/wp-content\/uploads\/2021\/10\/Keine-Landesgartenschau-Gruppenfoto-SR-16.09.21-300x225.jpg 300w, https:\/\/speyer24news.com\/wp-content\/uploads\/2021\/10\/Keine-Landesgartenschau-Gruppenfoto-SR-16.09.21-768x576.jpg 768w, https:\/\/speyer24news.com\/wp-content\/uploads\/2021\/10\/Keine-Landesgartenschau-Gruppenfoto-SR-16.09.21-678x509.jpg 678w, https:\/\/speyer24news.com\/wp-content\/uploads\/2021\/10\/Keine-Landesgartenschau-Gruppenfoto-SR-16.09.21-326x245.jpg 326w, https:\/\/speyer24news.com\/wp-content\/uploads\/2021\/10\/Keine-Landesgartenschau-Gruppenfoto-SR-16.09.21-80x60.jpg 80w\" sizes=\"(max-width: 800px) 100vw, 800px\" \/><\/figure><\/div>\n\n\n\n<p>Durch Beschluss des Stadtrates vom 16.09.21 f\u00fcr eine Bewerbung um die Ausrichtung der Landesgartenschau wird sich die Stadt Speyer im Wettbewerb beteiligen. Wir sind weiterhin \u00fcberzeugt, dass die Ausrichtung einer Landesgartenschau massive finanzielle, \u00f6kologische und soziale Folgen hat, mit denen die Stadt jahrelang zu k\u00e4mpfen h\u00e4tte. Daher starten wir ein B\u00fcrgerbegehren um die Gartenschau noch zu verhindern.<\/p>\n\n\n\n<p>Die Unterschriftenlisten haben wir durch den Verein \u201eMehr Demokratie e.V.\u201c auf die formale Richtigkeit \u00fcberpr\u00fcfen lassen. Start der Unterschriftenaktion f\u00fcr ein B\u00fcrgerbegehren ist der 11.10.21. Es besteht nun ein Zeitfenster bis Jahresende die erforderlichen Unterschriften einzuholen. Die B\u00fcrgerinitiative \u201eKeine Landesgartenschau 2027 in Speyer\u201c plant etwa 3.500 Unterschriften (einschlie\u00dflich einer entsprechenden Reserve) zu sammeln. Damit soll die gesamte B\u00fcrgerschaft der Stadt Speyer entscheiden, ob eine solche Gartenschau in Speyer stattfinden soll. Unterschriftsberechtigt sind alle B\u00fcrger*innen der Stadt mit dem Hauptwohnsitz in Speyer. Wir planen eine entsprechende Reserve ein, um die H\u00fcrde auch dann zu nehmen, wenn die Stadt einige der eingereichten Listen aus formalen Gr\u00fcnden ablehnen sollte. Die Listen k\u00f6nnen auf der Homepage\u00a0<a href=\"http:\/\/www.keine-lgs-speyer.de\/\" target=\"_blank\" rel=\"noreferrer noopener\">www.keine-lgs-speyer.de<\/a>\u00a0heruntergeladen werden.<\/p>\n\n\n\n<div class=\"wp-block-image\"><figure class=\"aligncenter size-large\"><img decoding=\"async\" loading=\"lazy\" width=\"800\" height=\"566\" src=\"https:\/\/speyer24news.com\/wp-content\/uploads\/2021\/10\/BI_keineLGS_UListe.jpg\" alt=\"\" class=\"wp-image-41649\" srcset=\"https:\/\/speyer24news.com\/wp-content\/uploads\/2021\/10\/BI_keineLGS_UListe.jpg 800w, https:\/\/speyer24news.com\/wp-content\/uploads\/2021\/10\/BI_keineLGS_UListe-300x212.jpg 300w, https:\/\/speyer24news.com\/wp-content\/uploads\/2021\/10\/BI_keineLGS_UListe-768x543.jpg 768w\" sizes=\"(max-width: 800px) 100vw, 800px\" \/><\/figure><\/div>\n\n\n\n<p>Oberb\u00fcrgermeisterin Steffi Seiler wird \u00fcber den Sammelbeginn informiert und aufgefordert bis zum Ende der Sammelfrist die Bewerbung noch nicht einzureichen und keine Vertr\u00e4ge zu unterzeichnen, um finanziellen Schaden von der Stadt Speyer abzuwenden.<\/p>\n\n\n\n<p>Mit unserem Begehren m\u00f6chten wir die Stadt vor einem finanziellen Abenteuer sch\u00fctzen, einen Verkehrsinfarkt w\u00e4hrend der Gartenschau verhindern, die Zerst\u00f6rung nat\u00fcrlicher Ressourcen bremsen und im Hinblick auf die Folgen des Klimawandels unsere Stadt auf Klimaextreme besser vorbereiten. Dazu geh\u00f6rt die Offenhaltung der verbliebenen Frischluftschneisen, die Vermeidung weiterer Versiegelungen und ein neues Verkehrskonzept. Einzelne Aspekte der Planungen, wie die Entsiegelung einzelner Fl\u00e4chen und die Schaffung von Infrastrukturen k\u00f6nnen deutlich g\u00fcnstiger in Einzelprojekten realisiert werden.<\/p>\n\n\n\n<p>Wir bitten die B\u00fcrgerInnen von Speyer uns mit Ihrer Unterschrift zu unterst\u00fctzen.<\/p>\n\n\n\n<p><em>B\u00fcrgerinitiative Contra Landesgartenschau Speyer<br>17.10.2021<\/em><\/p>\n","protected":false},"excerpt":{"rendered":"<div class=\"mh-excerpt\"><p>Landesgartenschau 2027: Bewerbung eingereicht Die Bewerbung f\u00fcr die Landesgartenschau 2027 in Speyer wurde am Freitag, 15. Oktober 2021 durch das st\u00e4dtische Projektteam\u00a0bei der rheinland-pf\u00e4lzischen Landesregierung\u00a0eingereicht. \u201eMit der Abgabe der Bewerbungsunterlagen wurde der entscheidende Schritt der <a class=\"mh-excerpt-more\" href=\"https:\/\/speyer24news.com\/?p=41648\" title=\"Speyer \/ Landesgartenschau 2027\">[&#8230;]<\/a><\/p>\n<\/div>","protected":false},"author":3,"featured_media":41652,"comment_status":"open","ping_status":"open","sticky":false,"template":"","format":"standard","meta":{"_monsterinsights_skip_tracking":false,"_monsterinsights_sitenote_active":false,"_monsterinsights_sitenote_note":"","_monsterinsights_sitenote_category":0,"footnotes":""},"categories":[9],"tags":[13135,13134,9444,13136,6294,9506,8185,13132,13133,6295,11263],"aioseo_notices":[],"amp_enabled":true,"_links":{"self":[{"href":"https:\/\/speyer24news.com\/index.php?rest_route=\/wp\/v2\/posts\/41648"}],"collection":[{"href":"https:\/\/speyer24news.com\/index.php?rest_route=\/wp\/v2\/posts"}],"about":[{"href":"https:\/\/speyer24news.com\/index.php?rest_route=\/wp\/v2\/types\/post"}],"author":[{"embeddable":true,"href":"https:\/\/speyer24news.com\/index.php?rest_route=\/wp\/v2\/users\/3"}],"replies":[{"embeddable":true,"href":"https:\/\/speyer24news.com\/index.php?rest_route=%2Fwp%2Fv2%2Fcomments&post=41648"}],"version-history":[{"count":1,"href":"https:\/\/speyer24news.com\/index.php?rest_route=\/wp\/v2\/posts\/41648\/revisions"}],"predecessor-version":[{"id":41654,"href":"https:\/\/speyer24news.com\/index.php?rest_route=\/wp\/v2\/posts\/41648\/revisions\/41654"}],"wp:featuredmedia":[{"embeddable":true,"href":"https:\/\/speyer24news.com\/index.php?rest_route=\/wp\/v2\/media\/41652"}],"wp:attachment":[{"href":"https:\/\/speyer24news.com\/index.php?rest_route=%2Fwp%2Fv2%2Fmedia&parent=41648"}],"wp:term":[{"taxonomy":"category","embeddable":true,"href":"https:\/\/speyer24news.com\/index.php?rest_route=%2Fwp%2Fv2%2Fcategories&post=41648"},{"taxonomy":"post_tag","embeddable":true,"href":"https:\/\/speyer24news.com\/index.php?rest_route=%2Fwp%2Fv2%2Ftags&post=41648"}],"curies":[{"name":"wp","href":"https:\/\/api.w.org\/{rel}","templated":true}]}}