{"id":41680,"date":"2021-10-21T06:07:36","date_gmt":"2021-10-21T05:07:36","guid":{"rendered":"https:\/\/speyer24news.com\/?p=41680"},"modified":"2021-10-21T06:07:37","modified_gmt":"2021-10-21T05:07:37","slug":"speyer-stadtradeln-2","status":"publish","type":"post","link":"https:\/\/speyer24news.com\/?p=41680","title":{"rendered":"Speyer \/ Stadtradeln"},"content":{"rendered":"<style type=\"text\/css\">\r\n\t.ads_top_disp{}\r\n\t.ads_top_corner_disp{ float:left; margin:0px 10px 10px 0px; }\r\n\t.ads_first_p_disp{}\r\n\t.ads_bottom_disp{}\r\n\t<\/style>\n<h2 class=\"wp-block-heading\">STADTRADELN-Pr\u00e4mierung mit Fundrad-Versteigerung und Fahrrad-Codierung<\/h2>\n\n\n\n<div class=\"wp-block-image\"><figure class=\"aligncenter size-large\"><img decoding=\"async\" loading=\"lazy\" width=\"800\" height=\"593\" src=\"https:\/\/speyer24news.com\/wp-content\/uploads\/2021\/10\/100921Stadtradeln27.jpg\" alt=\"\" class=\"wp-image-41682\" srcset=\"https:\/\/speyer24news.com\/wp-content\/uploads\/2021\/10\/100921Stadtradeln27.jpg 800w, https:\/\/speyer24news.com\/wp-content\/uploads\/2021\/10\/100921Stadtradeln27-300x222.jpg 300w, https:\/\/speyer24news.com\/wp-content\/uploads\/2021\/10\/100921Stadtradeln27-768x569.jpg 768w, https:\/\/speyer24news.com\/wp-content\/uploads\/2021\/10\/100921Stadtradeln27-80x60.jpg 80w\" sizes=\"(max-width: 800px) 100vw, 800px\" \/><figcaption>Foto: \u00a9 Klaus Venus<\/figcaption><\/figure><\/div>\n\n\n\n<p>Am <strong>Freitag, 29. Oktober 2021<\/strong> findet ab 15.00 Uhr die Pr\u00e4mierung der diesj\u00e4hrigen Gewinner*innen der Aktion STADTRADELN vor dem B\u00fcrgerb\u00fcro Maximilianstra\u00dfe 94 statt.Oberb\u00fcrgermeisterin Stefanie Seiler und Umweltdezernentin Irmgard M\u00fcnch-Weinmann zeichnen dort die aktivsten Radler*innen und Teams aus. \u00a0\u00a0\u00a0\u00a0\u00a0\u00a0\u00a0\u00a0<br>Speyer ist in diesem Jahr in Rheinland-Pfalz sogar auf Platz 1 unter den Kommunen ab 50.000 Einwohner*innen gelandet.<\/p>\n\n\n\n<p>\u201eDas ist ein fantastisches Ergebnis, das zeigt: Speyer ist mit dem Rad aktiv f\u00fcr Klimaschutz und Nachhaltigkeit\u201c, freut sich Oberb\u00fcrgermeisterin Seiler. \u201eWir danken jeder und jedem Einzelnen, die und der zu diesem Erfolg beigetragen hat!\u201c Die Gewinner*innen erhalten tolle Preise, die durch die diesj\u00e4hrigen Sponsoren zur Verf\u00fcgung gestellt werden.<\/p>\n\n\n\n<p>Das Ergebnis 2021 liegt mit 350.125 Kilometern \u00fcber allen Ergebnissen der Vorjahre. Damit vermieden die Radler*innen \u00fcber 52 Tonnen Kohlendioxid.<br>\u201eDadurch wird deutlich, dass das Fahrrad ein wichtiges Mittel f\u00fcr die Umsetzung unserer Klimaschutzziele ist\u201c, so Beigeordnete und Umweltdezernentin Irmgard M\u00fcnch-Weinmann und ruft dazu auf, auch nach dem STADTRADELN-Zeitraum das Fahrrad im Alltag mehr zu nutzen.<\/p>\n\n\n\n<div class=\"wp-block-image\"><figure class=\"aligncenter size-large\"><img decoding=\"async\" loading=\"lazy\" width=\"800\" height=\"566\" src=\"https:\/\/speyer24news.com\/wp-content\/uploads\/2021\/10\/100921Stadtradeln18.jpg\" alt=\"\" class=\"wp-image-41683\" srcset=\"https:\/\/speyer24news.com\/wp-content\/uploads\/2021\/10\/100921Stadtradeln18.jpg 800w, https:\/\/speyer24news.com\/wp-content\/uploads\/2021\/10\/100921Stadtradeln18-300x212.jpg 300w, https:\/\/speyer24news.com\/wp-content\/uploads\/2021\/10\/100921Stadtradeln18-768x543.jpg 768w\" sizes=\"(max-width: 800px) 100vw, 800px\" \/><figcaption>Die Fahrradcodieraktion des ADFC findet guten Zuspruch.<br><em>Foto: \u00a9 Klaus Venus<\/em><\/figcaption><\/figure><\/div>\n\n\n\n<p>Als besondere Aktion werden am Tag der Siegerehrung Fundr\u00e4der durch das B\u00fcrgerb\u00fcro versteigert. Die R\u00e4der k\u00f6nnen am 29. Oktober ab 14.30 Uhr besichtigt werden.<\/p>\n\n\n\n<p>An einem weiteren Stand bietet der ADFC Mannheim erneut die gefragten Fahrrad-Codierungen an, die zum Diebstahlschutz dienen. Die Codierung wird von der PSD Bank finanziell unterst\u00fctzt und ist daher f\u00fcr diese Aktion kostenfrei. Falls vorhanden, sollten Interessierte den Kaufbeleg des Fahrrads mitbringen. Auch die Akkus von E-Bikes k\u00f6nnen f\u00fcr 5,00 Euro codiert werden.<\/p>\n\n\n\n<p>Bei der Veranstaltung gelten die 3G-Regel, Maskenpflicht sowie die g\u00fcltigen Hygienevorgaben.<\/p>\n\n\n\n<p>Weitere Informationen zur deutschlandweiten Aktion STADTRADELN gibt es auf der st\u00e4dtischen Homepage unter\u00a0<a href=\"https:\/\/deref-web.de\/mail\/client\/oFTR4P0eyFY\/dereferrer\/?redirectUrl=http%3A%2F%2Fwww.speyer.de%2Fumwelt%2Fnachhaltigkeit%2Fstadtradeln-2021\" target=\"_blank\" rel=\"noreferrer noopener\">www.speyer.de\/umwelt\/nachhaltigkeit\/stadtradeln-2021<\/a>\u00a0und unter\u00a0<a href=\"https:\/\/deref-web.de\/mail\/client\/7XfXyU4hnL8\/dereferrer\/?redirectUrl=http%3A%2F%2Fwww.stadtradeln.de%2Fspeyer\" target=\"_blank\" rel=\"noreferrer noopener\">www.stadtradeln.de\/speyer<\/a>.<\/p>\n\n\n\n<p><em>Text: Stadtverwaltung Speyer Foto: \u00a9 Klaus Venus<br>21.10.2021<\/em><\/p>\n","protected":false},"excerpt":{"rendered":"<div class=\"mh-excerpt\"><p>STADTRADELN-Pr\u00e4mierung mit Fundrad-Versteigerung und Fahrrad-Codierung Am Freitag, 29. Oktober 2021 findet ab 15.00 Uhr die Pr\u00e4mierung der diesj\u00e4hrigen Gewinner*innen der Aktion STADTRADELN vor dem B\u00fcrgerb\u00fcro Maximilianstra\u00dfe 94 statt.Oberb\u00fcrgermeisterin Stefanie Seiler und Umweltdezernentin Irmgard M\u00fcnch-Weinmann zeichnen <a class=\"mh-excerpt-more\" href=\"https:\/\/speyer24news.com\/?p=41680\" title=\"Speyer \/ Stadtradeln\">[&#8230;]<\/a><\/p>\n<\/div>","protected":false},"author":3,"featured_media":28496,"comment_status":"open","ping_status":"open","sticky":false,"template":"","format":"standard","meta":{"_monsterinsights_skip_tracking":false,"_monsterinsights_sitenote_active":false,"_monsterinsights_sitenote_note":"","_monsterinsights_sitenote_category":0,"footnotes":""},"categories":[9],"tags":[4144,13141,13140,13142,9018,6,1296,1221],"aioseo_notices":[],"amp_enabled":true,"_links":{"self":[{"href":"https:\/\/speyer24news.com\/index.php?rest_route=\/wp\/v2\/posts\/41680"}],"collection":[{"href":"https:\/\/speyer24news.com\/index.php?rest_route=\/wp\/v2\/posts"}],"about":[{"href":"https:\/\/speyer24news.com\/index.php?rest_route=\/wp\/v2\/types\/post"}],"author":[{"embeddable":true,"href":"https:\/\/speyer24news.com\/index.php?rest_route=\/wp\/v2\/users\/3"}],"replies":[{"embeddable":true,"href":"https:\/\/speyer24news.com\/index.php?rest_route=%2Fwp%2Fv2%2Fcomments&post=41680"}],"version-history":[{"count":2,"href":"https:\/\/speyer24news.com\/index.php?rest_route=\/wp\/v2\/posts\/41680\/revisions"}],"predecessor-version":[{"id":41684,"href":"https:\/\/speyer24news.com\/index.php?rest_route=\/wp\/v2\/posts\/41680\/revisions\/41684"}],"wp:featuredmedia":[{"embeddable":true,"href":"https:\/\/speyer24news.com\/index.php?rest_route=\/wp\/v2\/media\/28496"}],"wp:attachment":[{"href":"https:\/\/speyer24news.com\/index.php?rest_route=%2Fwp%2Fv2%2Fmedia&parent=41680"}],"wp:term":[{"taxonomy":"category","embeddable":true,"href":"https:\/\/speyer24news.com\/index.php?rest_route=%2Fwp%2Fv2%2Fcategories&post=41680"},{"taxonomy":"post_tag","embeddable":true,"href":"https:\/\/speyer24news.com\/index.php?rest_route=%2Fwp%2Fv2%2Ftags&post=41680"}],"curies":[{"name":"wp","href":"https:\/\/api.w.org\/{rel}","templated":true}]}}