{"id":41687,"date":"2021-10-21T06:17:27","date_gmt":"2021-10-21T05:17:27","guid":{"rendered":"https:\/\/speyer24news.com\/?p=41687"},"modified":"2021-10-21T06:17:29","modified_gmt":"2021-10-21T05:17:29","slug":"speyer-124","status":"publish","type":"post","link":"https:\/\/speyer24news.com\/?p=41687","title":{"rendered":"Speyer"},"content":{"rendered":"<style type=\"text\/css\">\r\n\t.ads_top_disp{}\r\n\t.ads_top_corner_disp{ float:left; margin:0px 10px 10px 0px; }\r\n\t.ads_first_p_disp{}\r\n\t.ads_bottom_disp{}\r\n\t<\/style>\n<h2 class=\"wp-block-heading\">Abfallvermeidungswoche 2021: Projekt-Anmeldung bis 3. November m\u00f6glich<\/h2>\n\n\n\n<figure class=\"wp-block-image size-large\"><img decoding=\"async\" loading=\"lazy\" width=\"800\" height=\"600\" src=\"https:\/\/speyer24news.com\/wp-content\/uploads\/2020\/03\/Gelber-Sack-M\u00fcll-2.jpg\" alt=\"\" class=\"wp-image-25977\" srcset=\"https:\/\/speyer24news.com\/wp-content\/uploads\/2020\/03\/Gelber-Sack-M\u00fcll-2.jpg 800w, https:\/\/speyer24news.com\/wp-content\/uploads\/2020\/03\/Gelber-Sack-M\u00fcll-2-300x225.jpg 300w, https:\/\/speyer24news.com\/wp-content\/uploads\/2020\/03\/Gelber-Sack-M\u00fcll-2-768x576.jpg 768w, https:\/\/speyer24news.com\/wp-content\/uploads\/2020\/03\/Gelber-Sack-M\u00fcll-2-678x509.jpg 678w, https:\/\/speyer24news.com\/wp-content\/uploads\/2020\/03\/Gelber-Sack-M\u00fcll-2-326x245.jpg 326w, https:\/\/speyer24news.com\/wp-content\/uploads\/2020\/03\/Gelber-Sack-M\u00fcll-2-80x60.jpg 80w\" sizes=\"(max-width: 800px) 100vw, 800px\" \/><\/figure>\n\n\n\n<p>Vom 20. bis 28. November 2021 findet die diesj\u00e4hrige Europ\u00e4ische Woche zur Abfallvermeidung statt. \u00a0<br>Die Stadt Speyer ist mit dem Umweltamt und den Entsorgungsbetrieben auch in diesem Jahr wieder mit lokalen Kooperationspartnern dabei. \u00a0\u00a0\u00a0\u00a0\u00a0\u00a0\u00a0\u00a0\u00a0<br><strong><em>Anmeldungen von Abfallvermeidungsprojekten sind noch bis Mittwoch, 3. November 2021 m\u00f6glich.<\/em><\/strong><\/p>\n\n\n\n<p>\u201eWir gemeinsam f\u00fcr weniger Abfall!\u201c\u2013 Das diesj\u00e4hrige Motto der Abfallvermeidungswoche stellt Gemeinschaftsprojekte in den Vordergrund, die sich f\u00fcr Nachhaltigkeit und Abfallvermeidung einsetzen. Jede*r kann etwas beitragen: Vereine und AGs, Familien, der Freundeskreise, Arbeitskolleg*innen oder sogar die Nachbarschaft.<\/p>\n\n\n\n<div class=\"wp-block-image\"><figure class=\"alignleft size-large is-resized\"><img decoding=\"async\" loading=\"lazy\" src=\"https:\/\/speyer24news.com\/wp-content\/uploads\/2019\/11\/Europ\u00e4ische-Woche-der-Abfallvermeidung.png\" alt=\"\" class=\"wp-image-21564\" width=\"280\" height=\"378\" srcset=\"https:\/\/speyer24news.com\/wp-content\/uploads\/2019\/11\/Europ\u00e4ische-Woche-der-Abfallvermeidung.png 500w, https:\/\/speyer24news.com\/wp-content\/uploads\/2019\/11\/Europ\u00e4ische-Woche-der-Abfallvermeidung-223x300.png 223w\" sizes=\"(max-width: 280px) 100vw, 280px\" \/><\/figure><\/div>\n\n\n\n<p>Verteilt \u00fcber die Woche werden im Rahmen der EWAV verschiedene Aktionen und Projekte angeboten, die sich f\u00fcr Abfallvermeidung und Ressourcenschutz einsetzen, indem beispielsweise Dinge repariert und weiter- oder wiederverwendet werden.<\/p>\n\n\n\n<p>In Speyer mit dabei sind unter anderem das Repair Caf\u00e9, die Stadtbibliothek Speyer und die Schulmanufaktur der Burgfeldschule.<\/p>\n\n\n\n<p>Gruppen, die ein eigenes Projekt zur Abfallvermeidungswoche anmelden m\u00f6chten, k\u00f6nnen sich selbst auf der Homepage\u00a0<a href=\"https:\/\/deref-web.de\/mail\/client\/wAJTHOBjbBs\/dereferrer\/?redirectUrl=http%3A%2F%2Fwww.wochederabfallvermeidung.de\" target=\"_blank\" rel=\"noreferrer noopener\">www.wochederabfallvermeidung.de<\/a>\u00a0eintragen oder\u00a0bis zum 3. November eine E-Mail mit Kontaktdaten (Name, E-Mail, Adresse) und kurzer Projektbeschreibung (zwei bis drei S\u00e4tze, Datum und Ort) an <a href=\"mailto:abfall.vermeiden@stadt-speyer.de\">abfall.vermeiden@stadt-speyer.de<\/a>\u00a0einsenden. \u00a0\u00a0\u00a0<\/p>\n\n\n\n<p>Als gr\u00f6\u00dfte europ\u00e4ische Kommunikationskampagne f\u00fcr Abfallvermeidung und Wiederverwendung b\u00fcndelt die EWAV zahlreiche Aktionen f\u00fcr eine ressourcenschonendere Zukunft und zeigt Alternativen zur Wegwerfgesellschaft auf.<br>Allein in Deutschland wurden anl\u00e4sslich der EWAV 2020 \u00fcber 1.000 Aktionen von engagierten Abfallvermeider*innen durchgef\u00fchrt.<\/p>\n\n\n\n<p><em>Text: Stadtverwaltung Speyer Foto: Speyer 24\/7 News<br>21.10.2021<\/em><\/p>\n","protected":false},"excerpt":{"rendered":"<div class=\"mh-excerpt\"><p>Abfallvermeidungswoche 2021: Projekt-Anmeldung bis 3. November m\u00f6glich Vom 20. bis 28. November 2021 findet die diesj\u00e4hrige Europ\u00e4ische Woche zur Abfallvermeidung statt. \u00a0Die Stadt Speyer ist mit dem Umweltamt und den Entsorgungsbetrieben auch in diesem Jahr <a class=\"mh-excerpt-more\" href=\"https:\/\/speyer24news.com\/?p=41687\" title=\"Speyer\">[&#8230;]<\/a><\/p>\n<\/div>","protected":false},"author":3,"featured_media":31317,"comment_status":"open","ping_status":"open","sticky":false,"template":"","format":"standard","meta":{"_monsterinsights_skip_tracking":false,"_monsterinsights_sitenote_active":false,"_monsterinsights_sitenote_note":"","_monsterinsights_sitenote_category":0,"footnotes":""},"categories":[9],"tags":[11354,12224,4276,8856,4275,13143,13144,13145,6],"aioseo_notices":[],"amp_enabled":true,"_links":{"self":[{"href":"https:\/\/speyer24news.com\/index.php?rest_route=\/wp\/v2\/posts\/41687"}],"collection":[{"href":"https:\/\/speyer24news.com\/index.php?rest_route=\/wp\/v2\/posts"}],"about":[{"href":"https:\/\/speyer24news.com\/index.php?rest_route=\/wp\/v2\/types\/post"}],"author":[{"embeddable":true,"href":"https:\/\/speyer24news.com\/index.php?rest_route=\/wp\/v2\/users\/3"}],"replies":[{"embeddable":true,"href":"https:\/\/speyer24news.com\/index.php?rest_route=%2Fwp%2Fv2%2Fcomments&post=41687"}],"version-history":[{"count":1,"href":"https:\/\/speyer24news.com\/index.php?rest_route=\/wp\/v2\/posts\/41687\/revisions"}],"predecessor-version":[{"id":41688,"href":"https:\/\/speyer24news.com\/index.php?rest_route=\/wp\/v2\/posts\/41687\/revisions\/41688"}],"wp:featuredmedia":[{"embeddable":true,"href":"https:\/\/speyer24news.com\/index.php?rest_route=\/wp\/v2\/media\/31317"}],"wp:attachment":[{"href":"https:\/\/speyer24news.com\/index.php?rest_route=%2Fwp%2Fv2%2Fmedia&parent=41687"}],"wp:term":[{"taxonomy":"category","embeddable":true,"href":"https:\/\/speyer24news.com\/index.php?rest_route=%2Fwp%2Fv2%2Fcategories&post=41687"},{"taxonomy":"post_tag","embeddable":true,"href":"https:\/\/speyer24news.com\/index.php?rest_route=%2Fwp%2Fv2%2Ftags&post=41687"}],"curies":[{"name":"wp","href":"https:\/\/api.w.org\/{rel}","templated":true}]}}